{"id":9980,"date":"2023-09-20T16:41:32","date_gmt":"2023-09-20T08:41:32","guid":{"rendered":"https:\/\/flowerslib.com\/?p=9980"},"modified":"2023-09-20T16:41:32","modified_gmt":"2023-09-20T08:41:32","slug":"prunus-blireana-meiren","status":"publish","type":"post","link":"https:\/\/flowerslib.com\/pt\/prunus-blireana-meiren\/","title":{"rendered":"Cultivo de Prunus Blireana 'Meiren': Guia do Jardineiro"},"content":{"rendered":"<p class=\"wp-block-paragraph\">A Prunus blireana \"Meiren\", tamb\u00e9m conhecida como \"Beauty Plum\", \u00e9 uma variedade famosa de ameixa em flor. Trata-se de um h\u00edbrido hort\u00edcola que foi cultivado atrav\u00e9s do cruzamento da ameixa rosa de p\u00e9tala dupla com a ameixa cereja de folha vermelha, e que foi importado de Fran\u00e7a. <\/p>\n\n\n\n<p class=\"wp-block-paragraph\">Sendo uma variedade h\u00edbrida, floresce f\u00e1cil e abundantemente, com longos caules de flores. O c\u00e1lice \u00e9 tipicamente vermelho escuro, enquanto as p\u00e9talas s\u00e3o cor-de-rosa. Gra\u00e7as \u00e0 infus\u00e3o de genes de cerejeira, \u00e9 muito resistente ao frio e tem um per\u00edodo de flora\u00e7\u00e3o tardio. <\/p>\n\n\n\n<p class=\"wp-block-paragraph\">As suas flores vibrantes e densas, quando observadas de perto, assemelham-se a borboletas a esvoa\u00e7ar. O per\u00edodo de flora\u00e7\u00e3o varia geralmente entre o final de mar\u00e7o e o in\u00edcio de abril, o que a torna uma das variedades de flora\u00e7\u00e3o mais tardia entre as ameixeiras em flor.<\/p>\n\n\n\n<h2 class=\"wp-block-heading\">I. Crescimento e distribui\u00e7\u00e3o<\/h2>\n\n\n\n<p class=\"wp-block-paragraph\"><\/p>\n\n\n<div class=\"wp-block-image\">\n<figure class=\"aligncenter size-full\"><img loading=\"lazy\" decoding=\"async\" width=\"1200\" height=\"800\" src=\"https:\/\/flowerslib.com\/wp-content\/uploads\/2023\/09\/3-163.jpg\" alt=\"Prunus blireana &#039;Meiren\" class=\"wp-image-12589\" srcset=\"https:\/\/flowerslib.com\/wp-content\/uploads\/2023\/09\/3-163.jpg 1200w, https:\/\/flowerslib.com\/wp-content\/uploads\/2023\/09\/3-163-600x400.jpg 600w, https:\/\/flowerslib.com\/wp-content\/uploads\/2023\/09\/3-163-768x512.jpg 768w, https:\/\/flowerslib.com\/wp-content\/uploads\/2023\/09\/3-163-240x160.jpg 240w\" sizes=\"auto, (max-width: 1200px) 100vw, 1200px\" \/><\/figure>\n<\/div>\n\n\n<p class=\"wp-block-paragraph\"><\/p>\n\n\n\n<p class=\"wp-block-paragraph\">Em termos de crescimento e distribui\u00e7\u00e3o, a<a class=\"wpil_keyword_link\" href=\"https:\/\/flowerslib.com\/pt\/ameixa-de-beleza\/\"   title=\"Ameixa de beleza\" data-wpil-keyword-link=\"linked\">Ameixa de beleza<\/a>' \u00e9 um tipo de flor de ameixa. Trata-se de uma esp\u00e9cie de \u00e1rvore ornamental colorida, importada dos Estados Unidos pelo Professor Chen Junyu, especialista em flores de ameixoeira. <\/p>\n\n\n\n<p class=\"wp-block-paragraph\">Variedade rara entre as ameixas, a \"Beauty Plum\" \u00e9 apreciada n\u00e3o s\u00f3 pela sua bela cor, forma floral e per\u00edodo de flora\u00e7\u00e3o, mas tamb\u00e9m pelos seus ramos e folhas. <\/p>\n\n\n\n<p class=\"wp-block-paragraph\">Durante todo o ano, os seus ramos vermelhos, as suas folhas vermelhas brilhantes e os seus belos ramos d\u00e3o um toque vibrante \u00e0s esta\u00e7\u00f5es menos floridas. <\/p>\n\n\n\n<p class=\"wp-block-paragraph\">As folhas e os ramos permanecem com uma cor vermelho-p\u00farpura brilhante durante todo o ano e podem resistir a temperaturas t\u00e3o baixas como -30 graus Celsius. <\/p>\n\n\n\n<p class=\"wp-block-paragraph\">A 'Beauty Plum' pode ser propagada utilizando p\u00eassego e alperce como porta-enxertos, com uma taxa de sobreviv\u00eancia superior a 95%.<\/p>\n\n\n\n<h2 class=\"wp-block-heading\">II. Morfologia e carater\u00edsticas<\/h2>\n\n\n\n<p class=\"wp-block-paragraph\"><\/p>\n\n\n<div class=\"wp-block-image\">\n<figure class=\"aligncenter size-full\"><img loading=\"lazy\" decoding=\"async\" width=\"1200\" height=\"800\" src=\"https:\/\/flowerslib.com\/wp-content\/uploads\/2023\/09\/1-260.jpg\" alt=\"Prunus blireana &#039;Meiren\" class=\"wp-image-12590\" srcset=\"https:\/\/flowerslib.com\/wp-content\/uploads\/2023\/09\/1-260.jpg 1200w, https:\/\/flowerslib.com\/wp-content\/uploads\/2023\/09\/1-260-600x400.jpg 600w, https:\/\/flowerslib.com\/wp-content\/uploads\/2023\/09\/1-260-768x512.jpg 768w, https:\/\/flowerslib.com\/wp-content\/uploads\/2023\/09\/1-260-240x160.jpg 240w\" sizes=\"auto, (max-width: 1200px) 100vw, 1200px\" \/><\/figure>\n<\/div>\n\n\n<p class=\"wp-block-paragraph\"><\/p>\n\n\n\n<p class=\"wp-block-paragraph\">O h\u00edbrido hort\u00edcola, um arbusto de folha caduca, \u00e9 um cruzamento entre a ameixa rosa de p\u00e9tala dupla e a ameixa de folha vermelha. A folha \u00e9 ovada, com 5-9 cm de comprimento, vermelho-p\u00farpura, de forma ovado-el\u00edptica. <\/p>\n\n\n\n<p class=\"wp-block-paragraph\">As flores s\u00e3o cor-de-rosa, densamente floridas, uma a duas crescendo em ramos longos, m\u00e9dios e curtos. Floresce antes da folhagem, floresce na primavera, com flores e folhas a aparecerem simultaneamente. <\/p>\n\n\n\n<p class=\"wp-block-paragraph\">A cor da flor \u00e9 p\u00farpura claro, uma flor de ameixa de flor dupla que floresce antes da folhagem. O tubo do c\u00e1lice \u00e9 largo, em forma de sino, com 5 l\u00f3bulos do c\u00e1lice, quase redondos a redondos achatados, 15-17 p\u00e9talas, 5-6 p\u00e9talas pequenas, um ped\u00fanculo de 1,5 cm e numerosos estames. <\/p>\n\n\n\n<p class=\"wp-block-paragraph\">O per\u00edodo de flora\u00e7\u00e3o natural come\u00e7a a 18 de mar\u00e7o, desenvolvendo-se gradualmente de cima para baixo at\u00e9 meados de abril.<\/p>\n\n\n\n<p class=\"wp-block-paragraph\">A forma da flor \u00e9 quase como uma borboleta, com camadas de p\u00e9talas soltas. As bordas das p\u00e9talas ondulam e esvoa\u00e7am, com o centro da flor muitas vezes contendo p\u00e9talas fragmentadas, exibindo uma multiplicidade de formas em redemoinho. <\/p>\n\n\n\n<p class=\"wp-block-paragraph\">A cor da flor varia entre o p\u00farpura muito claro e o p\u00farpura p\u00e1lido, com um reverso ligeiramente mais escuro e uma cor mais profunda no cora\u00e7\u00e3o da flor. <\/p>\n\n\n\n<p class=\"wp-block-paragraph\">H\u00e1 19-28 p\u00e9talas, mais 0-1 p\u00e9talas viradas para o estame; 5 l\u00f3bulos do c\u00e1lice, ligeiramente achatados e redondos, verde claro com um ligeiro rubor vermelho-p\u00farpura, bordos com um ligeiro rubor vermelho-p\u00farpura, finamente dentados, curvados a fortemente recurvados. <\/p>\n\n\n\n<p class=\"wp-block-paragraph\">A flor tem um ped\u00fanculo comprido de cor p\u00farpura, muitas vezes com um aspeto filiforme; estames radiantes, muito mais curtos do que o comprimento das p\u00e9talas, filamentos vermelho-p\u00farpura claro, anteras pequenas, de cor vari\u00e1vel entre o amarelo-argiloso e o vermelho-salm\u00e3o. <\/p>\n\n\n\n<p class=\"wp-block-paragraph\">O pistilo \u00e9 um s\u00f3, geralmente corado de p\u00farpura, e a parte inferior do estilete \u00e9 peluda, desenvolvida ou ainda em desenvolvimento. As flores t\u00eam um aroma, mas n\u00e3o o aroma t\u00edpico da ameixa.<\/p>\n\n\n\n<p class=\"wp-block-paragraph\">Por vezes d\u00e1 frutos. A casca do fruto \u00e9 vermelha-p\u00farpura fresca e a polpa da ameixa pode ser consumida fresca.<\/p>\n\n\n\n<h2 class=\"wp-block-heading\">III. Habitat e h\u00e1bitos<\/h2>\n\n\n\n<p class=\"wp-block-paragraph\">A Flor de Ameixoeira demonstra uma forte resist\u00eancia ao frio. Sendo uma esp\u00e9cie que adora o sol, desenvolve-se bem em zonas com muita luz solar, produzindo flores abundantes. A sua resist\u00eancia \u00e0 seca \u00e9 tamb\u00e9m bastante not\u00e1vel. <\/p>\n\n\n\n<p class=\"wp-block-paragraph\">A \u00e1rvore prefere uma humidade elevada, mas n\u00e3o tolera o encharcamento. N\u00e3o \u00e9 particularmente exigente quanto ao solo, mas \u00e9 prefer\u00edvel uma argila ligeiramente \u00e1cida (com um pH de cerca de 6). <\/p>\n\n\n\n<p class=\"wp-block-paragraph\">\u00c9 sens\u00edvel \u00e0 polui\u00e7\u00e3o atmosf\u00e9rica, reagindo aos fluoretos, ao di\u00f3xido de enxofre e aos gases de escape dos autom\u00f3veis. Apresenta tamb\u00e9m uma sensibilidade extrema a pesticidas como o Le Fruit.<\/p>\n\n\n\n<p class=\"wp-block-paragraph\"><strong>Resist\u00eancia ao frio<\/strong><\/p>\n\n\n\n<p class=\"wp-block-paragraph\">Na cidade de Shijiazhuang, a flor de ameixoeira pode hibernar ao ar livre sem qualquer prote\u00e7\u00e3o, a n\u00e3o ser a rega para evitar o congelamento. Floresce em meados de mar\u00e7o e os bot\u00f5es das folhas abrem em meados de abril.<\/p>\n\n\n\n<p class=\"wp-block-paragraph\"><strong>Adaptabilidade<\/strong><\/p>\n\n\n\n<p class=\"wp-block-paragraph\">A Flor de Ameixoeira n\u00e3o \u00e9 rigorosa quanto \u00e0 textura do solo. Adapta-se \u00e0s montanhas, aos campos abertos, aos solos ligeiramente \u00e1cidos ou ligeiramente alcalinos, e suporta solos finos. No entanto, um solo solto e uma fertiliza\u00e7\u00e3o regular favorecem o seu crescimento. Prefere crescer em locais bem drenados e detesta encharcamentos. N\u00e3o foram observadas pragas ou doen\u00e7as significativas no cultivo.<\/p>\n\n\n\n<p class=\"wp-block-paragraph\"><strong>Toler\u00e2ncia \u00e0 seca e ao calor<\/strong><\/p>\n\n\n\n<p class=\"wp-block-paragraph\">A seca excessiva, o encharcamento e a m\u00e1 drenagem do solo podem causar a queda fisiol\u00f3gica das folhas. Em temperaturas estivais elevadas de 37-39 graus Celsius, a \u00e1rvore cresce normalmente.<\/p>\n\n\n\n<p class=\"wp-block-paragraph\"><strong>Florescimento abundante, bonito e precoce<\/strong><\/p>\n\n\n\n<p class=\"wp-block-paragraph\">Uma Plum Blossom corretamente podada pode produzir at\u00e9 450 flores por planta. As flores s\u00e3o de uma cor p\u00farpura clara, intensas mas n\u00e3o chamativas, frescas mas n\u00e3o p\u00e1lidas. O per\u00edodo de flora\u00e7\u00e3o \u00e9 no in\u00edcio da primavera, quando poucas outras flores est\u00e3o a florir. Se for cultivada em vaso, o per\u00edodo de flora\u00e7\u00e3o pode ser controlado artificialmente para coincidir com o feriado do \"Dia do Trabalhador\".<\/p>\n\n\n\n<p class=\"wp-block-paragraph\"><strong>Elevado valor ornamental, vasta utiliza\u00e7\u00e3o<\/strong><\/p>\n\n\n\n<p class=\"wp-block-paragraph\">As folhas vermelhas brilhantes e os ramos vermelho-p\u00farpura da flor de ameixa s\u00e3o invulgares entre as outras variedades de flor de ameixa, tornando-a um espet\u00e1culo durante todo o ano. <\/p>\n\n\n\n<p class=\"wp-block-paragraph\">A sua versatilidade presta-se a uma grande variedade de utiliza\u00e7\u00f5es: pode ser plantada em p\u00e1tios, utilizada para criar jardins exclusivos ou cultivada em grandes ameixeiras e riachos de ameixeiras. <\/p>\n\n\n\n<p class=\"wp-block-paragraph\">Tamb\u00e9m pode ser envasada ou moldada em bonsai para ser exposta em hot\u00e9is e restaurantes, utilizada em arranjos florais festivos ou mesmo como flores cortadas para outros fins decorativos.<\/p>\n\n\n\n<h2 class=\"wp-block-heading\">IV. M\u00e9todos de cultivo<\/h2>\n\n\n\n<h3 class=\"wp-block-heading\">Gest\u00e3o de enxertos<\/h3>\n\n\n\n<p class=\"wp-block-paragraph\">A pe\u00f3nia gosta de um ambiente h\u00famido, mas despreza o encharcamento. Deve ser regada no in\u00edcio da primavera e no inverno para favorecer o crescimento verde e evitar o congelamento. A menos que o tempo esteja excessivamente seco, n\u00e3o necessita de ser regada durante o seu per\u00edodo de crescimento. <\/p>\n\n\n\n<p class=\"wp-block-paragraph\">Em condi\u00e7\u00f5es de ver\u00e3o quentes e secas, com pouca chuva, \u00e9 necess\u00e1ria uma rega adequada. Ap\u00f3s chuvas fortes ou tempo nublado cont\u00ednuo, o excesso de \u00e1gua deve ser drenado para evitar o apodrecimento das ra\u00edzes, que pode levar \u00e0 morte da planta. <\/p>\n\n\n\n<p class=\"wp-block-paragraph\">\u00c9 de notar que as pl\u00e2ntulas recentemente transplantadas podem ser regadas mais vezes: imediatamente ap\u00f3s a planta\u00e7\u00e3o, em 3 a 4 dias, e depois 4 a 5 dias mais tarde. Depois disso, a rega deve ser ajustada de acordo com as condi\u00e7\u00f5es climat\u00e9ricas. <\/p>\n\n\n\n<p class=\"wp-block-paragraph\">Durante os dias ventosos de primavera no norte, onde a evapora\u00e7\u00e3o \u00e9 elevada, para al\u00e9m da rega, \u00e9 ben\u00e9fico pulverizar \u00e1gua sobre as folhas de manh\u00e3 e \u00e0 noite para reduzir eficazmente a evapora\u00e7\u00e3o das folhas e ajudar \u00e0 sobreviv\u00eancia das plantas.<\/p>\n\n\n\n<p class=\"wp-block-paragraph\">A pe\u00f3nia tamb\u00e9m aprecia os adubos. Aquando da planta\u00e7\u00e3o, recomenda-se a utiliza\u00e7\u00e3o de estrume fermentado decomposto como fertilizante de base, bem como de estrume de galinha, de pato ou de pombo. <\/p>\n\n\n\n<p class=\"wp-block-paragraph\">No entanto, estes devem ser bem misturados com o solo. Um fertilizante composto contendo azoto, f\u00f3sforo e pot\u00e1ssio pode ser aplicado durante o per\u00edodo de diferencia\u00e7\u00e3o dos rebentos, ap\u00f3s o qual n\u00e3o \u00e9 necess\u00e1rio mais fertilizante.<\/p>\n\n\n\n<h3 class=\"wp-block-heading\">Condi\u00e7\u00f5es de planta\u00e7\u00e3o<\/h3>\n\n\n\n<p class=\"wp-block-paragraph\">A pe\u00f3nia n\u00e3o \u00e9 exigente quanto ao solo e pode crescer normalmente em argila ligeira, barro e barro arenoso, sendo o barro o melhor meio de crescimento. \u00c9 um h\u00edbrido de ameixa de folhas roxas e ameixa rosa-pal\u00e1cio e, como tal, tem as vantagens de ambas, incluindo um certo grau de resist\u00eancia ao sal e aos \u00e1lcalis. <\/p>\n\n\n\n<p class=\"wp-block-paragraph\">Uma vez plantei a pe\u00f3nia num solo com um pH de 8,7 e um teor de sal de 0,2%, e n\u00e3o observei reac\u00e7\u00f5es adversas. A pe\u00f3nia n\u00e3o gosta de encharcamento e deve ser plantada num local alto e seco, n\u00e3o em zonas baixas ou perto de lagos. <\/p>\n\n\n\n<p class=\"wp-block-paragraph\">Quando plantada em relvados, o terreno deve ser ligeiramente elevado. A pe\u00f3nia adora a luz e n\u00e3o tolera a sombra, e crescer\u00e1 mal se for plantada debaixo de grandes \u00e1rvores ou de zonas sombrias.<\/p>\n\n\n\n<p class=\"wp-block-paragraph\">A pe\u00f3nia tem uma certa resist\u00eancia ao frio, mas mesmo assim deve ser plantada num local protegido do vento e virado para o sol. As mudas plantadas na primavera atual devem ter seus troncos e galhos principais totalmente clareados, al\u00e9m de serem regadas para evitar o congelamento. <\/p>\n\n\n\n<p class=\"wp-block-paragraph\">As mudas plantadas no outono tamb\u00e9m devem adotar medidas como envolver o corpo da \u00e1rvore com corda de palha e cobrir a cova da \u00e1rvore com filme pl\u00e1stico. Uma vez que a muda tenha sobrevivido por um ano, ela pode ser manejada normalmente, e o inverno requer apenas o clareamento do tronco.<\/p>\n\n\n\n<h3 class=\"wp-block-heading\">Poda e modela\u00e7\u00e3o<\/h3>\n\n\n\n<p class=\"wp-block-paragraph\">A pe\u00f3nia tolera bem a poda e toma geralmente uma forma de cora\u00e7\u00e3o naturalmente aberto. Deixar 3 ramos principais, cada um com 3 a 4 ramos laterais. <\/p>\n\n\n\n<p class=\"wp-block-paragraph\">A poda divide-se em poda de inverno e poda p\u00f3s-flora\u00e7\u00e3o: a primeira consiste essencialmente em modelar a planta, cortando os ramos grandes in\u00fateis, os ramos doentes, os ramos cruzados, os ramos demasiado longos, etc. <\/p>\n\n\n\n<p class=\"wp-block-paragraph\">As pl\u00e2ntulas fracas devem ser fortemente podadas no inverno, com o desbaste de alguns ramos e o encurtamento dos ramos longos. Esta \u00faltima poda serve para cultivar novos ramos flor\u00edferos, encurtando os ramos velhos ap\u00f3s a flora\u00e7\u00e3o, deixando 3 a 4 gomos na base para a forma\u00e7\u00e3o de ramos. <\/p>\n\n\n\n<p class=\"wp-block-paragraph\">Quando os ramos atingem 40 cent\u00edmetros, podar as pontas para favorecer a plenitude dos gomos axilares. Para aumentar a taxa de sobreviv\u00eancia da transplanta\u00e7\u00e3o, a poda deve combinar o corte curto e o desbaste dos ramos. <\/p>\n\n\n\n<p class=\"wp-block-paragraph\">Isto pode reduzir o consumo de nutrientes e a evapora\u00e7\u00e3o da \u00e1gua da \u00e1rvore, mas os grandes cortes devem ser tratados com cal.<\/p>\n\n\n\n<h3 class=\"wp-block-heading\">Controlo de pragas<\/h3>\n\n\n\n<p class=\"wp-block-paragraph\">As pragas mais comuns incluem pulg\u00f5es, espinhos, aranhas vermelhas e escaravelhos longic\u00f3rnios, que podem ser evitados com insecticidas de largo espetro como o DDVP. <\/p>\n\n\n\n<p class=\"wp-block-paragraph\">No entanto, n\u00e3o se recomenda a utiliza\u00e7\u00e3o de pesticidas como o parati\u00e3o, que pode facilmente causar les\u00f5es. Para as pragas persistentes, como o escaravelho, pode ser adoptada a inje\u00e7\u00e3o de uma solu\u00e7\u00e3o n\u00e3o dilu\u00edda no tronco.<\/p>\n\n\n\n<p class=\"wp-block-paragraph\">As doen\u00e7as mais comuns incluem a mancha foliar, a doen\u00e7a dos buracos nas folhas e a gomose. Al\u00e9m de refor\u00e7ar a gest\u00e3o da \u00e1gua e dos fertilizantes, \u00e9 necess\u00e1ria uma preven\u00e7\u00e3o proactiva. Pulverizar fungicidas de largo espetro como o Carbendazim 2 a 3 vezes no in\u00edcio do ver\u00e3o e no outono. <\/p>\n\n\n\n<p class=\"wp-block-paragraph\">Se ocorrerem doen\u00e7as, escolha fungicidas de largo espetro para preven\u00e7\u00e3o e tratamento, alternando a utiliza\u00e7\u00e3o para obter melhores resultados. Ap\u00f3s a poda de inverno, recolher e incinerar os ramos doentes cortados e os ramos mortos, e limpar as folhas ca\u00eddas. Manter o fosso da \u00e1rvore limpo durante a manuten\u00e7\u00e3o di\u00e1ria e n\u00e3o deixar crescer ervas daninhas.<\/p>\n\n\n\n<h2 class=\"wp-block-heading\">V. M\u00e9todos de propaga\u00e7\u00e3o<\/h2>\n\n\n\n<p class=\"wp-block-paragraph\">A propaga\u00e7\u00e3o pode ser efectuada por estacas e estratifica\u00e7\u00e3o.<\/p>\n\n\n\n<h3 class=\"wp-block-heading\">Camadas<\/h3>\n\n\n\n<p class=\"wp-block-paragraph\">Por volta de meados a finais de outubro, as estacas tendem a enraizar-se mais facilmente. Os ramos saud\u00e1veis s\u00e3o geralmente selecionados da parte superior ou exterior da \u00e1rvore. Ap\u00f3s a planta\u00e7\u00e3o, \u00e9 necess\u00e1rio tomar precau\u00e7\u00f5es contra o frio e o vento.<\/p>\n\n\n\n<h3 class=\"wp-block-heading\">Enxertia<\/h3>\n\n\n\n<p class=\"wp-block-paragraph\">A enxertia \u00e9 efectuada ap\u00f3s a queda das folhas no final do outono ou antes do aparecimento dos bot\u00f5es no in\u00edcio da primavera. Os pessegueiros, os alperces e as pl\u00e2ntulas de ameixa podem ser utilizados como porta-enxertos. Os ramos fortes e sem doen\u00e7as das ameixeiras de 1 a 2 anos s\u00e3o ideais para a enxertia, devendo ser cortados curtos para ter 3 a 5 bot\u00f5es cheios.<\/p>\n\n\n\n<h3 class=\"wp-block-heading\">Enxerto de v\u00e9nula lateral:<\/h3>\n\n\n\n<p class=\"wp-block-paragraph\">As plantas saud\u00e1veis, com um ano de idade, s\u00e3o escolhidas como porta-enxertos e cortadas a cerca de 5 cm do solo. Num dos lados do corte, faz-se uma fenda vertical. Os ramos fortes e isentos de doen\u00e7as das ameixeiras de 1 a 2 anos s\u00e3o cortados curtos, de modo a terem 3 a 5 gomos cheios, e a extremidade inferior \u00e9 cortada em forma de cunha para caber na fenda do porta-enxerto. <\/p>\n\n\n\n<p class=\"wp-block-paragraph\">As camadas de c\u00e2mbio do porta-enxerto e do enxerto s\u00e3o alinhadas e, em seguida, firmemente ligadas com tiras de filme.<\/p>\n\n\n\n<h3 class=\"wp-block-heading\">Enxertia de rebentos:<\/h3>\n\n\n\n<p class=\"wp-block-paragraph\">Isto \u00e9 geralmente feito durante a esta\u00e7\u00e3o de crescimento, com pl\u00e2ntulas de 1-2 anos de idade a servir de porta-enxertos. A casca do porta-enxerto \u00e9 cortada em forma de \"T\", e a casca \u00e9 descascada ao longo dos cortes. <\/p>\n\n\n\n<p class=\"wp-block-paragraph\">O enxerto \u00e9 geralmente um rebento do meio de um ramo forte do ano em curso. Ap\u00f3s um corte de 1-2 mm na parte lenhosa acima do gomo, o gomo \u00e9 cortado do enxerto para formar um peda\u00e7o de gomo em forma de escudo. Esta pe\u00e7a de gema \u00e9 inserida na fenda do porta-enxerto, alinhada com a camada de c\u00e2mbio, e firmemente amarrada com tiras de filme.<\/p>\n\n\n\n<p class=\"wp-block-paragraph\">Durante o processo de enxertia, os cortes devem ser efectuados de forma limpa e uniforme para obter uma superf\u00edcie lisa. As ac\u00e7\u00f5es de enxertia devem ser r\u00e1pidas. Ap\u00f3s a enxertia, se a parte enxertada estiver perto do solo, pode ser coberta com terra para evitar a perda de humidade. <\/p>\n\n\n\n<p class=\"wp-block-paragraph\">Uma vez que o enxerto ou o gomo tenha sobrevivido, a pel\u00edcula e o solo de cobertura devem ser prontamente removidos para facilitar a cicatriza\u00e7\u00e3o da camada de c\u00e2mbio e o crescimento de novos gomos. No caso do porta-enxerto, a poda e a desponta devem ser efectuadas atempadamente, a fim de concentrar os nutrientes para o crescimento do enxerto.<\/p>\n\n\n\n<h2 class=\"wp-block-heading\">VI. Valor e outras utiliza\u00e7\u00f5es<\/h2>\n\n\n\n<p class=\"wp-block-paragraph\">Com um elevado valor ornamental e uma vasta gama de utiliza\u00e7\u00f5es, a ameixeira destaca-se pelas suas folhas vermelhas brilhantes e ramos vermelho-p\u00farpura, raros entre as outras variedades de ameixeiras. Pode ser admirada nas quatro esta\u00e7\u00f5es do ano. <\/p>\n\n\n\n<p class=\"wp-block-paragraph\">A sua versatilidade permite-lhe ser utilizada em p\u00e1tios paisag\u00edsticos, na cria\u00e7\u00e3o de jardins especiais e na planta\u00e7\u00e3o em grande escala em jardins de ameixas e riachos. <\/p>\n\n\n\n<p class=\"wp-block-paragraph\">Tamb\u00e9m pode ser envasada, transformada em bonsai para exposi\u00e7\u00e3o em hot\u00e9is e restaurantes, utilizada como decora\u00e7\u00e3o de festas, flores de corte e outros fins decorativos.<\/p>\n\n\n\n<p class=\"wp-block-paragraph\">A ameixeira \u00e9 uma esp\u00e9cie importante para a observa\u00e7\u00e3o de flores e folhas no jardim. No in\u00edcio da primavera, as suas flores escarlates desabrocham antes das folhas, cobrindo toda a \u00e1rvore num espet\u00e1culo de beleza deslumbrante. Pode ser plantada sozinha, em grupos ou em conjunto com plantas de folhagem verde em p\u00e1tios ou ao longo de caminhos de jardim.<\/p>","protected":false},"excerpt":{"rendered":"<p>The Prunus blireana &#8216;Meiren&#8217;, also known as the &#8216;Beauty Plum&#8217;, is a famous variety of plum blossom. It&#8217;s a horticultural hybrid that was cultivated by cross-breeding the double-petal pink plum blossom with the red-leafed cherry plum, and was imported from France. As a hybrid variety, it blooms easily and profusely, with long flower stalks. The [&hellip;]<\/p>\n","protected":false},"author":1,"featured_media":12588,"comment_status":"open","ping_status":"open","sticky":false,"template":"","format":"standard","meta":{"_breakdance_hide_in_design_set":false,"_breakdance_tags":"","footnotes":""},"categories":[20],"tags":[],"class_list":["post-9980","post","type-post","status-publish","format-standard","has-post-thumbnail","hentry","category-species-and-types"],"_links":{"self":[{"href":"https:\/\/flowerslib.com\/pt\/wp-json\/wp\/v2\/posts\/9980","targetHints":{"allow":["GET"]}}],"collection":[{"href":"https:\/\/flowerslib.com\/pt\/wp-json\/wp\/v2\/posts"}],"about":[{"href":"https:\/\/flowerslib.com\/pt\/wp-json\/wp\/v2\/types\/post"}],"author":[{"embeddable":true,"href":"https:\/\/flowerslib.com\/pt\/wp-json\/wp\/v2\/users\/1"}],"replies":[{"embeddable":true,"href":"https:\/\/flowerslib.com\/pt\/wp-json\/wp\/v2\/comments?post=9980"}],"version-history":[{"count":0,"href":"https:\/\/flowerslib.com\/pt\/wp-json\/wp\/v2\/posts\/9980\/revisions"}],"wp:featuredmedia":[{"embeddable":true,"href":"https:\/\/flowerslib.com\/pt\/wp-json\/wp\/v2\/media\/12588"}],"wp:attachment":[{"href":"https:\/\/flowerslib.com\/pt\/wp-json\/wp\/v2\/media?parent=9980"}],"wp:term":[{"taxonomy":"category","embeddable":true,"href":"https:\/\/flowerslib.com\/pt\/wp-json\/wp\/v2\/categories?post=9980"},{"taxonomy":"post_tag","embeddable":true,"href":"https:\/\/flowerslib.com\/pt\/wp-json\/wp\/v2\/tags?post=9980"}],"curies":[{"name":"wp","href":"https:\/\/api.w.org\/{rel}","templated":true}]}}