{"id":9930,"date":"2023-09-20T17:01:34","date_gmt":"2023-09-20T09:01:34","guid":{"rendered":"https:\/\/flowerslib.com\/?p=9930"},"modified":"2023-09-20T17:01:37","modified_gmt":"2023-09-20T09:01:37","slug":"gardenia-sootepensis-hutchins","status":"publish","type":"post","link":"https:\/\/flowerslib.com\/pt\/gardenia-sootepensis-hutchins\/","title":{"rendered":"Cuidados com a Gardenia sootepensis Hutchins: Uma del\u00edcia de horticultura"},"content":{"rendered":"<p class=\"wp-block-paragraph\">A Gardenia sootepensis Hutchins, um membro da fam\u00edlia Rubiaceae, cresce na Tail\u00e2ndia, Laos e China, prosperando em encostas, perto de aldeias ou riachos em florestas a altitudes de 700-1600 metros. <\/p>\n\n\n\n<p class=\"wp-block-paragraph\">As suas folhas s\u00e3o de papel ou cori\u00e1ceas, ovadas, ovado-el\u00edpticas, amplamente el\u00edpticas ou oblongas, com 7-29 cm de comprimento e 3-16 cm de largura. As flores s\u00e3o grandes, com cerca de 7 cm de di\u00e2metro, perfumadas, e crescem isoladamente nas pontas dos ramos. <\/p>\n\n\n\n<p class=\"wp-block-paragraph\">O caule da flor tem 1-1,5 cm de comprimento, \u00e9 robusto, ligeiramente pegajoso e coberto de p\u00ealos macios. A corola \u00e9 amarela ou branca, em forma de prato de p\u00e9 alto, com 5 segmentos ovais largos, com 4-5 cm de comprimento. <\/p>\n\n\n\n<p class=\"wp-block-paragraph\">Os frutos s\u00e3o verdes, el\u00edpticos ou oblongos, florescem de abril a agosto e frutificam de junho a abril seguinte.<\/p>\n\n\n\n<h2 class=\"wp-block-heading\">I. Crescimento e distribui\u00e7\u00e3o<\/h2>\n\n\n\n<p class=\"wp-block-paragraph\">Esta planta \u00e9 encontrada na Tail\u00e2ndia, Laos e China. Cresce em encostas, perto de aldeias ou riachos em florestas a altitudes de 700-1600 metros. <\/p>\n\n\n\n<p class=\"wp-block-paragraph\">Pode crescer normalmente em \u00e1reas com temperaturas elevadas de 42,5\u00b0C e em vales fluviais secos e quentes com pouca chuva acima de 2300 metros acima do n\u00edvel do mar. Requer uma temperatura m\u00e9dia anual superior a 9\u00b0C e uma precipita\u00e7\u00e3o anual superior a 500 mm. <\/p>\n\n\n\n<p class=\"wp-block-paragraph\"><\/p>\n\n\n<div class=\"wp-block-image\">\n<figure class=\"aligncenter size-full\"><img loading=\"lazy\" decoding=\"async\" width=\"1200\" height=\"800\" src=\"https:\/\/flowerslib.com\/wp-content\/uploads\/2023\/09\/2-274.jpg\" alt=\"Gardenia sootepensis hutchins\" class=\"wp-image-12704\" srcset=\"https:\/\/flowerslib.com\/wp-content\/uploads\/2023\/09\/2-274.jpg 1200w, https:\/\/flowerslib.com\/wp-content\/uploads\/2023\/09\/2-274-600x400.jpg 600w, https:\/\/flowerslib.com\/wp-content\/uploads\/2023\/09\/2-274-768x512.jpg 768w, https:\/\/flowerslib.com\/wp-content\/uploads\/2023\/09\/2-274-240x160.jpg 240w\" sizes=\"auto, (max-width: 1200px) 100vw, 1200px\" \/><\/figure>\n<\/div>\n\n\n<p class=\"wp-block-paragraph\"><\/p>\n\n\n\n<p class=\"wp-block-paragraph\">N\u00e3o \u00e9 exigente quanto ao solo e tem uma forte adaptabilidade, adequada para terrenos baldios, encostas, terrenos planos e vales de rios. Pode crescer em solo amarelo, solo vermelho, solo roxo, solo argiloso e solo arenoso, com um pH do solo de 5-7,5.<\/p>\n\n\n\n<h2 class=\"wp-block-heading\">II. Morfologia e carater\u00edsticas<\/h2>\n\n\n\n<p class=\"wp-block-paragraph\">Esta planta \u00e9 uma \u00e1rvore de 7-10 metros de altura, muitas vezes com secre\u00e7\u00f5es gomosas; os seus ramos t\u00eam frequentemente n\u00f3s evidentes, com entren\u00f3s densos, com menos de 1 cm de comprimento, cobertos de p\u00ealos curtos e macios, que caem gradualmente. <\/p>\n\n\n\n<p class=\"wp-block-paragraph\">As folhas s\u00e3o de papel ou de couro e t\u00eam uma forma ovada, ovado-el\u00edptica, amplamente el\u00edptica ou oblonga, com 7-29 cm de comprimento e 3-16 cm de largura. As flores grandes, com cerca de 7 cm de di\u00e2metro, s\u00e3o perfumadas e crescem isoladamente nas pontas dos ramos. <\/p>\n\n\n\n<p class=\"wp-block-paragraph\">O caule da flor tem 1-1,5 cm de comprimento, \u00e9 robusto, ligeiramente pegajoso e coberto de p\u00ealos macios. A corola \u00e9 amarela ou branca, em forma de prato de p\u00e9 alto, com 5 segmentos ovais largos, com 4-5 cm de comprimento e cerca de 3 cm de largura, com nervuras, sem p\u00ealos, o tubo da coroa \u00e9 cil\u00edndrico, com 5-7 cm de comprimento e 3-5 mm de di\u00e2metro. <\/p>\n\n\n\n<p class=\"wp-block-paragraph\">O fruto \u00e9 verde, el\u00edptico ou oblongo, coberto de p\u00ealos macios, frequentemente com 5-6 nervuras longitudinais, com 2,5-5,5 cm de comprimento, 1,5-3,5 cm de di\u00e2metro, com uma casca dura, cori\u00e1cea, com cerca de 2 mm de espessura; as sementes s\u00e3o numerosas, quase redondas, planas, com 3-4 mm de di\u00e2metro, com um pequeno orif\u00edcio em forma de favo de mel. <\/p>\n\n\n\n<p class=\"wp-block-paragraph\">O per\u00edodo de flora\u00e7\u00e3o vai de abril a agosto e o per\u00edodo de frutifica\u00e7\u00e3o vai de junho a abril seguinte.<\/p>\n\n\n\n<h2 class=\"wp-block-heading\">III. M\u00e9todo de cultivo<\/h2>\n\n\n\n<h3 class=\"wp-block-heading\">Sele\u00e7\u00e3o do local e prepara\u00e7\u00e3o do terreno<\/h3>\n\n\n\n<p class=\"wp-block-paragraph\">A sele\u00e7\u00e3o de um local de planta\u00e7\u00e3o para o grande jasmim-de-cabo amarelo deve basear-se nas suas carater\u00edsticas biol\u00f3gicas e ecol\u00f3gicas. <\/p>\n\n\n\n<p class=\"wp-block-paragraph\">Os locais ideais s\u00e3o aqueles com transportes convenientes, altitudes entre 850-1300 metros, uma exposi\u00e7\u00e3o m\u00e9dia anual \u00e0 luz solar de cerca de 2.000 horas e um per\u00edodo sem geadas de 250-280 dias. <\/p>\n\n\n\n<p class=\"wp-block-paragraph\">O solo deve ser de m\u00e9dia ou baixa montanha, semi-sombreado, vermelho ou avermelhado e de espessura m\u00e9dia.<\/p>\n\n\n\n<p class=\"wp-block-paragraph\">Para a prepara\u00e7\u00e3o do terreno, limpar e cortar os arbustos diversos no terreno florestal e empilh\u00e1-los para refinar a montanha. Durante o processo de limpeza, tentar reter as esp\u00e9cies de \u00e1rvores de agulha e de folha larga dispersas e os arbustos com valor de cultivo. <\/p>\n\n\n\n<p class=\"wp-block-paragraph\">Deve-se ter em aten\u00e7\u00e3o a preserva\u00e7\u00e3o da vegeta\u00e7\u00e3o original e das plantas herb\u00e1ceas na cumeada, na meia encosta e no barranco para melhorar a conserva\u00e7\u00e3o do solo e da \u00e1gua. O terreno deve ser preparado em forma de blocos, com dimens\u00f5es de 40cm x 40cm x 30cm, geralmente feito em setembro.<\/p>\n\n\n\n<h3 class=\"wp-block-heading\">M\u00e9todo de planta\u00e7\u00e3o<\/h3>\n\n\n\n<p class=\"wp-block-paragraph\"><strong>Densidade de planta\u00e7\u00e3o: <\/strong>Com base nas condi\u00e7\u00f5es locais do s\u00edtio, nas carater\u00edsticas das esp\u00e9cies florestais, na experi\u00eancia local de floresta\u00e7\u00e3o e nos h\u00e1bitos locais, determinar a densidade de planta\u00e7\u00e3o. <\/p>\n\n\n\n<p class=\"wp-block-paragraph\">Normalmente, o jasmim do cabo amarelo grande \u00e9 plantado a uma densidade de 300-370 plantas por acre; com um espa\u00e7amento entre linhas de plantas de 1m x 2m ou 1,5m x 1,2m.<\/p>\n\n\n\n<p class=\"wp-block-paragraph\"><strong>\u00c9poca de planta\u00e7\u00e3o:<\/strong> A taxa de sobreviv\u00eancia da planta\u00e7\u00e3o \u00e9 mais elevada na primavera (abril-maio) ou no outono (setembro-outubro). Tamb\u00e9m \u00e9 adequado plantar na esta\u00e7\u00e3o das chuvas de junho-julho em Jinggu.<\/p>\n\n\n\n<p class=\"wp-block-paragraph\"><strong>M\u00e9todo de planta\u00e7\u00e3o: <\/strong>Antes de plantar, cavar buracos de acordo com um espa\u00e7amento entre linhas de 1,5m x 1,2m (370 plantas\/acre), com cada buraco tendo um di\u00e2metro e profundidade de 50cm. Aplicar 5kg de esterco decomposto ou composto em cada cova, misturar com terra de fundo, cobrir com 10cm de terra fina, e plantar uma muda por cova. <\/p>\n\n\n\n<p class=\"wp-block-paragraph\">Colocar o solo em camadas e compact\u00e1-lo para permitir a propaga\u00e7\u00e3o das ra\u00edzes. Ap\u00f3s a planta\u00e7\u00e3o, regar uma vez para estabelecer as ra\u00edzes e cobrir o solo ligeiramente acima do solo para conservar a humidade e garantir a sobreviv\u00eancia.<\/p>\n\n\n\n<h3 class=\"wp-block-heading\">Cuidados e gest\u00e3o<\/h3>\n\n\n\n<p class=\"wp-block-paragraph\"><strong>Monda e lavoura:<\/strong> Ap\u00f3s a planta\u00e7\u00e3o, mondar e lavrar tr\u00eas vezes por ano, na primavera, no ver\u00e3o e no inverno. Na primavera e no ver\u00e3o, o solo deve ser ligeiramente solto e todas as ervas daninhas devem ser removidas; no inverno, a lavoura deve ser ligeiramente mais profunda para limpar os arbustos e as ervas daninhas.<\/p>\n\n\n\n<p class=\"wp-block-paragraph\"><strong>Medidas de conserva\u00e7\u00e3o das flores e dos frutos:<\/strong> O fen\u00f3meno da queda de flores e frutos no jasmim do cabo amarelo grande cultivado \u00e9 grave. <\/p>\n\n\n\n<p class=\"wp-block-paragraph\">De acordo com um inqu\u00e9rito preliminar efectuado pela sucursal de Qing Shan Xiang Shan no condado de Dongzhi, prov\u00edncia de Anhui, a taxa de queda de frutos pode atingir 20-40% e, em casos graves, pode exceder 50%. <\/p>\n\n\n\n<p class=\"wp-block-paragraph\"><strong>As principais causas da queda de flores e frutos s\u00e3o:<\/strong> falta de nutri\u00e7\u00e3o; desequil\u00edbrio entre o crescimento nutricional e o crescimento reprodutivo; fornecimento insuficiente de nutrientes durante a diferencia\u00e7\u00e3o dos bot\u00f5es florais; poliniza\u00e7\u00e3o incompleta durante a flora\u00e7\u00e3o; e pragas e doen\u00e7as. <\/p>\n\n\n\n<p class=\"wp-block-paragraph\">Por conseguinte, deve ser adoptada na produ\u00e7\u00e3o uma s\u00e9rie de medidas abrangentes para evitar a queda das flores e dos frutos, centradas no refor\u00e7o da gest\u00e3o dos fertilizantes e da \u00e1gua.<\/p>\n\n\n\n<p class=\"wp-block-paragraph\"><strong>Fertiliza\u00e7\u00e3o cient\u00edfica:<\/strong> Na fase inicial de crescimento do grande jasmim do cabo amarelo, o fertilizante azotado deve ser aplicado principalmente para refor\u00e7ar o crescimento nutricional, aumentar a fotoss\u00edntese e acumular mais mat\u00e9ria org\u00e2nica. <\/p>\n\n\n\n<p class=\"wp-block-paragraph\">Ao entrar na fase de crescimento reprodutivo, o fertilizante de azoto deve ser controlado e o fertilizante de f\u00f3sforo e pot\u00e1ssio deve ser aumentado para promover mais flora\u00e7\u00e3o e frutifica\u00e7\u00e3o. <\/p>\n\n\n\n<p class=\"wp-block-paragraph\">Por exemplo, ap\u00f3s a germina\u00e7\u00e3o na primavera, aplicar 3-4 kg de ureia por acre para promover a germina\u00e7\u00e3o e o crescimento; ap\u00f3s a flora\u00e7\u00e3o, aplicar 4-5 kg de bicarbonato de am\u00f3nio por acre para facilitar a frutifica\u00e7\u00e3o; e aplicar fortemente fertilizantes ap\u00f3s o in\u00edcio do outono.<\/p>\n\n\n\n<p class=\"wp-block-paragraph\"><strong>Interplanta\u00e7\u00e3o e culturas de cobertura: <\/strong>Nos primeiros 1-3 anos do grande jasmim do cabo amarelo, as fileiras da horta est\u00e3o vazias, pelo que se pode interplantar amendoins, soja, adubo verde e outras culturas de caule curto para melhorar o solo, alimentar o longo com o curto e aumentar os benef\u00edcios econ\u00f3micos.<\/p>\n\n\n\n<p class=\"wp-block-paragraph\"><strong>Torneamento profundo no inverno: <\/strong>Esta \u00e9 uma das medidas importantes para obter um rendimento elevado, evitar pragas e doen\u00e7as, prevenir o envelhecimento das ra\u00edzes e impedir o crescimento das mesmas. Todos os Invernos, a cerca de 15 cm de dist\u00e2ncia da \u00e1rvore, revolver em profundidade cerca de 30 cm.<\/p>\n\n\n\n<p class=\"wp-block-paragraph\"><strong>Prote\u00e7\u00e3o contra o frio no inverno: <\/strong>Nos tr\u00eas primeiros anos, a parte a\u00e9rea deve ser envolvida com palha no inverno e a parte radicular deve ser coberta com terra para proteger a planta durante o inverno. Ap\u00f3s alguns anos de planta\u00e7\u00e3o, a planta pode geralmente passar o inverno.<\/p>\n\n\n\n<p class=\"wp-block-paragraph\"><strong>Poda: <\/strong>Ap\u00f3s a planta\u00e7\u00e3o, remover regularmente os rebentos da parte inferior do caule principal e moldar o grande jasmim-do-cabo amarelo numa forma natural de cora\u00e7\u00e3o com uma coroa que se espalha. <\/p>\n\n\n\n<p class=\"wp-block-paragraph\">No primeiro ano ap\u00f3s o plantio, cortar os rebentos a 20 cm do solo no caule principal como altura fixa do caule. Quando os rebentos de ver\u00e3o atingirem 18-20 cm, selecionar 3-4 ramos robustos com diferentes direc\u00e7\u00f5es de crescimento para cultivar como ramos principais. <\/p>\n\n\n\n<p class=\"wp-block-paragraph\">No segundo ver\u00e3o, selecionar 3-4 ramos fortes das axilas dos tr\u00eas ramos principais para crescerem como ramos principais secund\u00e1rios em diferentes direc\u00e7\u00f5es, e depois estender os rebentos superiores. Em seguida, deixar crescer os ramos laterais sobre os ramos principais secund\u00e1rios. <\/p>\n\n\n\n<p class=\"wp-block-paragraph\">No terceiro ano, a \u00e1rvore come\u00e7ar\u00e1 a dar frutos. Atrav\u00e9s de uma modela\u00e7\u00e3o e poda razo\u00e1veis, a copa \u00e9 redonda e vazia por dentro, os ramos s\u00e3o esparsos, ventilados e transparentes, regulando o equil\u00edbrio entre crescimento, ramifica\u00e7\u00e3o, flora\u00e7\u00e3o e frutifica\u00e7\u00e3o, reduzindo o consumo desnecess\u00e1rio de nutrientes e aumentando a \u00e1rea de frutifica\u00e7\u00e3o. <\/p>\n\n\n\n<p class=\"wp-block-paragraph\">Al\u00e9m disso, podar todos os anos os ramos mortos, os ramos fracos, os ramos densos, os ramos sobrepostos, os ramos alongados e os ramos infectados por pragas. <\/p>\n\n\n\n<p class=\"wp-block-paragraph\">Al\u00e9m disso, limpar regularmente os rebentos e os bot\u00f5es desnecess\u00e1rios no tronco principal e nos ramos principais. Ap\u00f3s cada poda, aplique uma vez um adubo org\u00e2nico para ajudar a recuperar o vigor da \u00e1rvore.<\/p>\n\n\n\n<h3 class=\"wp-block-heading\">Colheita e transforma\u00e7\u00e3o<\/h3>\n\n\n\n<p class=\"wp-block-paragraph\"><strong>Colheita:<\/strong> O grande jasmim do cabo amarelo come\u00e7a a produzir 2-3 anos ap\u00f3s a planta\u00e7\u00e3o. Colheita em novembro-dezembro, quando a casca do fruto fica vermelha e amarela num dia de sol. <\/p>\n\n\n\n<p class=\"wp-block-paragraph\">A colheita demasiado precoce, quando a casca do fruto est\u00e1 verde e imatura, resulta num baixo rendimento e numa m\u00e1 qualidade; a colheita demasiado tardia dificulta a secagem e o produto transformado \u00e9 suscet\u00edvel de mofo.<\/p>\n\n\n\n<p class=\"wp-block-paragraph\"><strong>Processamento:<\/strong> Ap\u00f3s a colheita, secar ao sol ou secar num kang (cama aquecida) rapidamente e n\u00e3o amontoar para evitar a fermenta\u00e7\u00e3o e o bolor. <\/p>\n\n\n\n<p class=\"wp-block-paragraph\">Ao secar em um kang, primeiro seque a 55-60 \u2103 por 2 dias, depois espalhe para suar (re-hidratar) por 7 dias, depois seque novamente a 45-50 \u2103 por 1 dia, retire, espalhe para esfriar e ele se tornar\u00e1 uma mercadoria.<\/p>\n\n\n\n<h2 class=\"wp-block-heading\">IV. M\u00e9todos de reprodu\u00e7\u00e3o<\/h2>\n\n\n\n<h3 class=\"wp-block-heading\">Semeadura<\/h3>\n\n\n\n<p class=\"wp-block-paragraph\">Sele\u00e7\u00e3o e prepara\u00e7\u00e3o do viveiro: Escolher um terreno franco-arenoso com uma camada de solo profunda, f\u00e9rtil, solto e com boa drenagem. Deve haver uma fonte de \u00e1gua nas proximidades. <\/p>\n\n\n\n<p class=\"wp-block-paragraph\">Lavrar a terra no inverno do ano anterior, aplicar uma quantidade suficiente de fertilizante de base, nivelar e gradar finamente, e abrir sulcos altos de 1,3 metros de largura para semear ou cortar as pl\u00e2ntulas. Para a planta\u00e7\u00e3o, utilizar montanhas de res\u00edduos e zonas montanhosas para a planta\u00e7\u00e3o em grande escala. <\/p>\n\n\n\n<p class=\"wp-block-paragraph\">No inverno do primeiro ano, proceder \u00e0 recupera\u00e7\u00e3o total, remover arbustos, ervas daninhas e pedras, e disp\u00f4-las em terra\u00e7os ou covas de escama de peixe com mais de 1 metro de largura para reter a \u00e1gua e o solo. <\/p>\n\n\n\n<p class=\"wp-block-paragraph\">Tamb\u00e9m pode ser cultivada esporadicamente nos cantos da frente e de tr\u00e1s do p\u00e1tio. Ap\u00f3s a prepara\u00e7\u00e3o do terreno, cavar grandes buracos e aplicar adubo de base para a planta\u00e7\u00e3o.<\/p>\n\n\n\n<p class=\"wp-block-paragraph\"><strong>Recolha de sementes:<\/strong> Selecionar uma planta-m\u00e3e robusta com frutos grandes e espessos, de cor amarelo-alaranjada e sem doen\u00e7as provocadas por pragas. Entre o final de outubro e o in\u00edcio de novembro, colher os frutos maduros com as sementes cheias, secar ao sol com a casca do fruto at\u00e9 ficarem semi-secos para armazenamento. <\/p>\n\n\n\n<p class=\"wp-block-paragraph\">Antes da sementeira, descascar a casca do fruto, retirar as sementes, passar por \u00e1gua limpa para remover as impurezas, retirar as sementes desinfladas que flutuam na \u00e1gua, retirar as sementes cheias no fundo da \u00e1gua, secar ligeiramente e semear imediatamente. <\/p>\n\n\n\n<p class=\"wp-block-paragraph\">As sementes selecionadas podem tamb\u00e9m ser armazenadas em areia para germina\u00e7\u00e3o. Quando a maioria das sementes se divide e fica branca, s\u00e3o semeadas, e as pl\u00e2ntulas emergem mais uniformemente ap\u00f3s a sementeira.<\/p>\n\n\n\n<p class=\"wp-block-paragraph\"><strong>M\u00e9todo de sementeira:<\/strong> Sementeira de primavera ou de outono. Na primavera, \u00e9 prefer\u00edvel semear entre o final de mar\u00e7o e o in\u00edcio de abril. <\/p>\n\n\n\n<p class=\"wp-block-paragraph\">Na superf\u00edcie da cumeeira preparada, abrir sulcos transversalmente a um espa\u00e7amento entre linhas de 25 cm, o sulco tem 5-7 cm de profundidade, a largura da sementeira \u00e9 de 7-10 cm, primeiro regar e aplicar estrume dilu\u00eddo para humedecer o fundo do sulco, depois polvilhar as sementes misturadas com terra de cinzas ou germinadas uniformemente no sulco, cobrir com terra f\u00e9rtil fina com cerca de 1 cm de espessura e depois cobrir com ervas daninhas para manter o calor e a humidade para a emerg\u00eancia das pl\u00e2ntulas. <\/p>\n\n\n\n<p class=\"wp-block-paragraph\">Cada hectare utiliza 2-3 kg de sementes. Ap\u00f3s a sementeira, manter o solo do canteiro h\u00famido. As pl\u00e2ntulas podem emergir em cerca de 20 dias. Ap\u00f3s a emerg\u00eancia das pl\u00e2ntulas, remover a cobertura, efetuar o intercultivo, remover as ervas daninhas, desbastar as pl\u00e2ntulas, aplicar a cobertura e outras medidas de gest\u00e3o da cama de sementes. <\/p>\n\n\n\n<p class=\"wp-block-paragraph\">O primeiro ano de remo\u00e7\u00e3o de ervas daninhas entre as lavouras 2-3 vezes; o segundo ano na primavera, ver\u00e3o e outono de ervas daninhas entre as lavouras 3-4 vezes; combinado com a adi\u00e7\u00e3o de fertilizante ap\u00f3s o meio da remo\u00e7\u00e3o. <\/p>\n\n\n\n<p class=\"wp-block-paragraph\">Cultivar at\u00e9 ao outono e inverno, quando as pl\u00e2ntulas tiverem mais de 30 cm de altura, podem ser transplantadas para fora do viveiro. Geralmente, um acre de viveiro pode obter 30-40.000 mudas.<\/p>\n\n\n\n<h3 class=\"wp-block-heading\">Estacas<\/h3>\n\n\n\n<p class=\"wp-block-paragraph\">Os ramos da gard\u00e9nia de viveiro s\u00e3o f\u00e1ceis de enraizar. Os ramos tenros podem criar ra\u00edzes quando cortados e colocados em \u00e1gua limpa num copo. As estacas podem ser feitas na primavera, no ver\u00e3o e no outono. <\/p>\n\n\n\n<p class=\"wp-block-paragraph\">O corte em mar\u00e7o-abril, na primavera, tem uma taxa de sobreviv\u00eancia mais elevada. Ao cortar, cortar ramos tenros, bem desenvolvidos, com 1 a 2 anos de idade, de uma planta-m\u00e3e robusta com frutos grandes e espessos e sem doen\u00e7as provocadas por pragas. <\/p>\n\n\n\n<p class=\"wp-block-paragraph\">Corte em estacas de 20 cm de comprimento, cada sec\u00e7\u00e3o deve ter 3 ou mais n\u00f3s, corte as folhas na extremidade inferior e deixe apenas 2-3 folhas na extremidade superior. <\/p>\n\n\n\n<p class=\"wp-block-paragraph\">Em seguida, mergulhar rapidamente o corte inferior numa solu\u00e7\u00e3o de p\u00f3 de enraizamento (ABT) 500\u00d710-6 durante 15 segundos, retir\u00e1-lo e secar ligeiramente o l\u00edquido medicamentoso antes de o inserir imediatamente. <\/p>\n\n\n\n<p class=\"wp-block-paragraph\">Ao inserir, na cama de viveiro preparada, desenhar linhas e marcar pontos a uma linha e espa\u00e7amento entre plantas de 10 cm x 7 cm, usar um pequeno pau de madeira para fazer um buraco guia no ponto, inserir o corte no buraco, a profundidade do solo \u00e9 1\/2-2\/3 do corte, depois pressionar o solo circundante firmemente, \u00e1gua para humedecer, e montar um galp\u00e3o baixo para sombreamento. <\/p>\n\n\n\n<p class=\"wp-block-paragraph\">Ap\u00f3s a brota\u00e7\u00e3o e o enraizamento, efetuar a sacha, a cobertura, a rega e outras medidas de gest\u00e3o do campo, cultivar durante um ano, quando as pl\u00e2ntulas tiverem cerca de 50 cm de altura, podem ser transplantadas para fora do viveiro. A taxa de sobreviv\u00eancia das estacas pode atingir mais de 90%.<\/p>\n\n\n\n<h2 class=\"wp-block-heading\">V. Preven\u00e7\u00e3o e controlo das doen\u00e7as<\/h2>\n\n\n\n<h3 class=\"wp-block-heading\">Doen\u00e7as<\/h3>\n\n\n\n<p class=\"wp-block-paragraph\">Doen\u00e7a da mancha da folha: Esta doen\u00e7a afecta as folhas. Nas fases iniciais, aparecem manchas amarelo-acastanhadas em ambos os lados das folhas, que s\u00e3o redondas com bordos castanhos e pequenos pontos pretos. Em casos graves, provoca o murchamento e a morte das folhas. <\/p>\n\n\n\n<p class=\"wp-block-paragraph\"><strong>M\u00e9todos de preven\u00e7\u00e3o:<\/strong> <\/p>\n\n\n\n<p class=\"wp-block-paragraph\">\u2460 Recolha e queime ou enterre profundamente os ramos e folhas doentes ap\u00f3s cada poda para reduzir as doen\u00e7as que passam o inverno; <\/p>\n\n\n\n<p class=\"wp-block-paragraph\">\u2461 Aplicar mais fertilizantes de f\u00f3sforo e pot\u00e1ssio, ou pulverizar dihidrogenofosfato de pot\u00e1ssio nas folhas quando pulverizar pesticidas para aumentar a resist\u00eancia a doen\u00e7as; <\/p>\n\n\n\n<p class=\"wp-block-paragraph\">\u2462 Nos est\u00e1gios iniciais da doen\u00e7a, pulverizar uma solu\u00e7\u00e3o de carbendazim 50% dilu\u00eddo 800-1000 vezes ou propiconazol 50% dilu\u00eddo 1000-1500 vezes 1:1:100 mistura Bordeaux.<\/p>\n\n\n\n<p class=\"wp-block-paragraph\">Doen\u00e7a do amarelecimento da gard\u00e9nia: Esta doen\u00e7a afecta as folhas. Quando os ramos est\u00e3o doentes, as folhas na ponta dos ramos ficam descoloridas, mas as nervuras permanecem verdes. Quando a doen\u00e7a \u00e9 grave, os tecidos das folhas tornam-se branco-amarelados, mas as nervuras permanecem verdes. <\/p>\n\n\n\n<p class=\"wp-block-paragraph\">Em casos extremos, os tecidos das folhas tornam-se branco-amarelados, os bordos das folhas ficam queimados e as folhas ficam descoloridas ou amareladas. Eventualmente, as folhas secam, a \u00e1rvore abranda o seu crescimento e a flora\u00e7\u00e3o e a frutifica\u00e7\u00e3o diminuem. <\/p>\n\n\n\n<p class=\"wp-block-paragraph\"><strong>M\u00e9todos de preven\u00e7\u00e3o: <\/strong><\/p>\n\n\n\n<p class=\"wp-block-paragraph\">\u2460 Aplique mais fertilizantes org\u00e2nicos para melhorar as condi\u00e7\u00f5es do solo, aumentar a aera\u00e7\u00e3o, promover o desenvolvimento das ra\u00edzes e melhorar a absor\u00e7\u00e3o de ferro; <\/p>\n\n\n\n<p class=\"wp-block-paragraph\">\u2461 Aplique mais sulfato ferroso (vitr\u00edolo verde), b\u00f3rax, sulfato de zinco, etc., ou pulverize solu\u00e7\u00e3o de sulfato ferroso 0,2-0,3% nas folhas uma vez por semana durante 3-4 semanas.<\/p>\n\n\n\n<h3 class=\"wp-block-heading\">Pragas<\/h3>\n\n\n\n<p class=\"wp-block-paragraph\">Tra\u00e7a do caf\u00e9: As larvas alimentam-se de folhas, rebentos jovens e bot\u00f5es de flores. M\u00e9todos de preven\u00e7\u00e3o: Pulverizar uma solu\u00e7\u00e3o de triclorf\u00e3o 90% 1000 vezes dilu\u00eddo, num total de 4 vezes, cada uma durante a fase de rebenta\u00e7\u00e3o, in\u00edcio da flora\u00e7\u00e3o, fase de fruto jovem e fase de fruto maduro.<\/p>\n\n\n\n<p class=\"wp-block-paragraph\">Escama de cera de tartaruga: Uma gera\u00e7\u00e3o por ano, com a f\u00eamea adulta a hibernar nas \u00e1rvores de gard\u00e9nia. <\/p>\n\n\n\n<p class=\"wp-block-paragraph\"><strong>M\u00e9todos de preven\u00e7\u00e3o: <\/strong><\/p>\n\n\n\n<p class=\"wp-block-paragraph\">Ap\u00f3s a lavoura no inverno, pulverizar com uma solu\u00e7\u00e3o de emuls\u00e3o de querosene 15 vezes dilu\u00edda ou composto de resina de pinheiro 10 vezes dilu\u00eddo. No in\u00edcio de julho, use uma solu\u00e7\u00e3o de 15 vezes o composto de resina de pinheiro dilu\u00eddo, ou uma mistura de 40% dichlorvos oil e 50% dimethoate emulsion 1:1:1000 vezes dilu\u00eddo.<\/p>\n\n\n\n<p class=\"wp-block-paragraph\">Tra\u00e7a das tr\u00eas linhas da gard\u00e9nia: Quatro gera\u00e7\u00f5es por ano. As larvas alimentam-se de tecidos foliares jovens e podem prender as folhas novas em bot\u00f5es. Come\u00e7a a causar danos em meados de maio, com os danos mais graves a ocorrerem de julho a setembro. <\/p>\n\n\n\n<p class=\"wp-block-paragraph\">Depois de danificada, afecta significativamente o crescimento dos rebentos de ver\u00e3o e de outono e a forma\u00e7\u00e3o de bot\u00f5es florais, levando a uma diminui\u00e7\u00e3o do rendimento no ano seguinte. <\/p>\n\n\n\n<p class=\"wp-block-paragraph\"><strong>M\u00e9todos de preven\u00e7\u00e3o: <\/strong><\/p>\n\n\n\n<p class=\"wp-block-paragraph\">No final de maio, utilizar uma solu\u00e7\u00e3o de triclorf\u00e3o 90% em p\u00f3 1000 vezes dilu\u00eddo, ou 50% dimetoato em \u00f3leo 1:1:1000 vezes dilu\u00eddo, ou uma mistura de 50% dimetoato e 40% diclorvos em \u00f3leo 1:1:1000 vezes dilu\u00eddo.<\/p>\n\n\n\n<h2 class=\"wp-block-heading\">VI. Valor e outras utiliza\u00e7\u00f5es<\/h2>\n\n\n\n<p class=\"wp-block-paragraph\"><strong>Comest\u00edvel:<\/strong> De acordo com os registos de campo, o fruto pode ser consumido quando maduro. As mulheres da etnia Dai utilizam-no tamb\u00e9m para lavar o cabelo.<\/p>\n\n\n\n<p class=\"wp-block-paragraph\"><strong>Econ\u00f3mico e Medicinal:<\/strong> A planta est\u00e1 cheia de folhas, <a class=\"wpil_keyword_link\" href=\"https:\/\/flowerslib.com\/pt\/as-mais-belas-flores-brancas\/\"   title=\"flores brancas\" data-wpil-keyword-link=\"linked\">flores brancas<\/a>e um aroma perfumado adequado para a infus\u00e3o de ch\u00e1 e a extra\u00e7\u00e3o de ess\u00eancias comest\u00edveis. O fruto tem a forma de um tambor, com estrias, e torna-se amarelo ou ligeiramente vermelho quando maduro. <\/p>\n\n\n\n<p class=\"wp-block-paragraph\">\u00c9 uma aplica\u00e7\u00e3o comum indispens\u00e1vel nas doen\u00e7as humanas e animais, uma mat\u00e9ria-prima de qualidade para a extra\u00e7\u00e3o de pigmentos amarelos e azuis comest\u00edveis. <\/p>\n\n\n\n<p class=\"wp-block-paragraph\">O pigmento natural extra\u00eddo do fruto da gard\u00e9nia \u00e9 utilizado como aditivo (corante) nas ind\u00fastrias alimentar e farmac\u00eautica, servindo de alternativa aos corantes qu\u00edmicos sintetizados artificialmente.<\/p>\n\n\n\n<p class=\"wp-block-paragraph\"><strong>Ecol\u00f3gico:<\/strong> Devido ao seu crescimento rude, resist\u00eancia ao frio e \u00e0 seca, e forte adaptabilidade, \u00e9 adequada para a planta\u00e7\u00e3o em colinas e encostas est\u00e9reis. <\/p>\n\n\n\n<p class=\"wp-block-paragraph\">N\u00e3o compete com os cereais e o algod\u00e3o pela terra, o que a torna uma cultura econ\u00f3mica de baixo investimento e de rendimento r\u00e1pido e uma cultura ornamental para embelezar e tornar mais verde o ambiente. Desempenha um papel importante, nomeadamente na conserva\u00e7\u00e3o dos solos e da \u00e1gua.<\/p>","protected":false},"excerpt":{"rendered":"<p>The Gardenia sootepensis Hutchins, a member of the Rubiaceae family, grows in Thailand, Laos, and China, thriving on hillsides, near villages or streams in forests at altitudes of 700-1600 meters. Its leaves are papery or leathery, ovate, ovate-elliptic, broadly elliptic or oblong, 7-29 cm long and 3-16 cm wide. The flowers are large, about 7 [&hellip;]<\/p>\n","protected":false},"author":1,"featured_media":12703,"comment_status":"open","ping_status":"open","sticky":false,"template":"","format":"standard","meta":{"_breakdance_hide_in_design_set":false,"_breakdance_tags":"","footnotes":""},"categories":[20],"tags":[],"class_list":["post-9930","post","type-post","status-publish","format-standard","has-post-thumbnail","hentry","category-species-and-types"],"_links":{"self":[{"href":"https:\/\/flowerslib.com\/pt\/wp-json\/wp\/v2\/posts\/9930","targetHints":{"allow":["GET"]}}],"collection":[{"href":"https:\/\/flowerslib.com\/pt\/wp-json\/wp\/v2\/posts"}],"about":[{"href":"https:\/\/flowerslib.com\/pt\/wp-json\/wp\/v2\/types\/post"}],"author":[{"embeddable":true,"href":"https:\/\/flowerslib.com\/pt\/wp-json\/wp\/v2\/users\/1"}],"replies":[{"embeddable":true,"href":"https:\/\/flowerslib.com\/pt\/wp-json\/wp\/v2\/comments?post=9930"}],"version-history":[{"count":0,"href":"https:\/\/flowerslib.com\/pt\/wp-json\/wp\/v2\/posts\/9930\/revisions"}],"wp:featuredmedia":[{"embeddable":true,"href":"https:\/\/flowerslib.com\/pt\/wp-json\/wp\/v2\/media\/12703"}],"wp:attachment":[{"href":"https:\/\/flowerslib.com\/pt\/wp-json\/wp\/v2\/media?parent=9930"}],"wp:term":[{"taxonomy":"category","embeddable":true,"href":"https:\/\/flowerslib.com\/pt\/wp-json\/wp\/v2\/categories?post=9930"},{"taxonomy":"post_tag","embeddable":true,"href":"https:\/\/flowerslib.com\/pt\/wp-json\/wp\/v2\/tags?post=9930"}],"curies":[{"name":"wp","href":"https:\/\/api.w.org\/{rel}","templated":true}]}}