{"id":9912,"date":"2023-09-20T17:08:16","date_gmt":"2023-09-20T09:08:16","guid":{"rendered":"https:\/\/flowerslib.com\/?p=9912"},"modified":"2023-09-20T17:08:19","modified_gmt":"2023-09-20T09:08:19","slug":"gardenia-da-montanha","status":"publish","type":"post","link":"https:\/\/flowerslib.com\/pt\/mountain-gardenia\/","title":{"rendered":"Gard\u00e9nia da montanha: Descobrindo a beleza selvagem da gard\u00e9nia amarela"},"content":{"rendered":"<p class=\"wp-block-paragraph\">A gard\u00e9nia da montanha, tamb\u00e9m conhecida como gard\u00e9nia selvagem, gard\u00e9nia amarela, flor do ramo amarelo, ramo amarelo da montanha, gard\u00e9nia da montanha e flor da gard\u00e9nia, \u00e9 uma variedade selvagem da flor da gard\u00e9nia. <\/p>\n\n\n\n<p class=\"wp-block-paragraph\">Encontra-se em regi\u00f5es tropicais e subtropicais como a China, o Jap\u00e3o e o Vietname, e \u00e9 frequentemente plantada como um arbusto de jardim. Esta variedade tem folhas mais pequenas em compara\u00e7\u00e3o com a gard\u00e9nia de folhas grandes, com flores de p\u00e9tala \u00fanica, cada uma composta por seis p\u00e9talas. <\/p>\n\n\n\n<p class=\"wp-block-paragraph\">A sua fragr\u00e2ncia \u00e9 inebriante e, quando seca, pode ser utilizada como ch\u00e1 ou especiaria. Por isso, \u00e9 bastante popular no mundo da horticultura.<\/p>\n\n\n\n<h2 class=\"wp-block-heading\">I. Crescimento e distribui\u00e7\u00e3o<\/h2>\n\n\n\n<p class=\"wp-block-paragraph\">A Gard\u00eania Amarela, resistente \u00e0 seca, prospera em temperaturas entre 22-28 \u2103. \u00c9 adequado para ambientes quentes e \u00famidos, com luz solar abundante e boa drenagem. O solo ideal \u00e9 argiloso com uma ligeira viscosidade.<\/p>\n\n\n\n<h2 class=\"wp-block-heading\">II. Morfologia e carater\u00edsticas<\/h2>\n\n\n\n<p class=\"wp-block-paragraph\"><\/p>\n\n\n<div class=\"wp-block-image\">\n<figure class=\"aligncenter size-full\"><img loading=\"lazy\" decoding=\"async\" width=\"1200\" height=\"800\" src=\"https:\/\/flowerslib.com\/wp-content\/uploads\/2023\/09\/3-182.jpg\" alt=\"Gard\u00e9nia da montanha\" class=\"wp-image-12717\" srcset=\"https:\/\/flowerslib.com\/wp-content\/uploads\/2023\/09\/3-182.jpg 1200w, https:\/\/flowerslib.com\/wp-content\/uploads\/2023\/09\/3-182-600x400.jpg 600w, https:\/\/flowerslib.com\/wp-content\/uploads\/2023\/09\/3-182-768x512.jpg 768w, https:\/\/flowerslib.com\/wp-content\/uploads\/2023\/09\/3-182-240x160.jpg 240w\" sizes=\"auto, (max-width: 1200px) 100vw, 1200px\" \/><\/figure>\n<\/div>\n\n\n<p class=\"wp-block-paragraph\"><\/p>\n\n\n\n<p class=\"wp-block-paragraph\">A gard\u00e9nia da montanha \u00e9 um arbusto de 0,3 a 3 metros de altura. Os seus ramos jovens s\u00e3o frequentemente de pelo curto e cil\u00edndricos, de cor cinzenta. <\/p>\n\n\n\n<p class=\"wp-block-paragraph\">As folhas s\u00e3o opostas, cori\u00e1ceas, raramente papeleiras, ocasionalmente com tr\u00eas folhas espiraladas. A forma da folha varia, sendo geralmente oblonga lanceolada, ovada oblonga, ovada ou el\u00edptica, com 3-25 cm de comprimento e 1,5-8 cm de largura. <\/p>\n\n\n\n<p class=\"wp-block-paragraph\">A parte superior \u00e9 afunilada, abruptamente afunilada ou romboidal, a base \u00e9 em forma de cunha ou romboidal, ambas as superf\u00edcies s\u00e3o geralmente desprovidas de p\u00ealos, a superf\u00edcie superior \u00e9 verde brilhante, a superf\u00edcie inferior \u00e9 mais escura. <\/p>\n\n\n\n<p class=\"wp-block-paragraph\">As nervuras laterais s\u00e3o 8-15 pares, salientes em baixo e planas em cima; o pec\u00edolo tem 0,2-1 cm de comprimento; as est\u00edpulas s\u00e3o membranosas. <\/p>\n\n\n\n<p class=\"wp-block-paragraph\">As flores s\u00e3o perfumadas, geralmente \u00fanicas na ponta do ramo, o ped\u00edculo tem 3-5 mm de comprimento; o tubo do c\u00e1lice \u00e9 c\u00f3nico invertido ou ovado, 8-25 mm de comprimento, com nervuras longitudinais, o limbo do c\u00e1lice \u00e9 tubular, insuflado, o topo tem 5-8 l\u00f3bulos, geralmente 6 l\u00f3bulos, os l\u00f3bulos s\u00e3o lanceolados ou linear-lanceolados, 10-30 mm de comprimento, 1-4 mm de largura, aumentando nos frutos, persistentes.<\/p>\n\n\n\n<p class=\"wp-block-paragraph\"><\/p>\n\n\n<div class=\"wp-block-image\">\n<figure class=\"aligncenter size-full\"><img loading=\"lazy\" decoding=\"async\" width=\"1200\" height=\"800\" src=\"https:\/\/flowerslib.com\/wp-content\/uploads\/2023\/09\/2-277.jpg\" alt=\"Gard\u00e9nia da montanha\" class=\"wp-image-12719\" srcset=\"https:\/\/flowerslib.com\/wp-content\/uploads\/2023\/09\/2-277.jpg 1200w, https:\/\/flowerslib.com\/wp-content\/uploads\/2023\/09\/2-277-600x400.jpg 600w, https:\/\/flowerslib.com\/wp-content\/uploads\/2023\/09\/2-277-768x512.jpg 768w, https:\/\/flowerslib.com\/wp-content\/uploads\/2023\/09\/2-277-240x160.jpg 240w\" sizes=\"auto, (max-width: 1200px) 100vw, 1200px\" \/><\/figure>\n<\/div>\n\n\n<p class=\"wp-block-paragraph\"><\/p>\n\n\n\n<p class=\"wp-block-paragraph\">A corola \u00e9 branca ou amarela leitosa, de pedicelo alto, a garganta \u00e9 esparsamente macia, o tubo da coroa \u00e9 cil\u00edndrico estreito, com 3-5 cm de comprimento, 4-6 mm de largura, a parte superior tem 5 a 8 l\u00f3bulos, geralmente 6 l\u00f3bulos, os l\u00f3bulos s\u00e3o espalhados, ovados ou ovado-oblongos, com 1,5-4 cm de comprimento, 0,6-2,8 cm de largura.<\/p>\n\n\n\n<p class=\"wp-block-paragraph\">Os filamentos s\u00e3o muito curtos, as anteras s\u00e3o lineares, com 1,5-2,2 cm de comprimento, salientes; o estilete \u00e9 espesso, com cerca de 4,5 cm de comprimento, o estigma \u00e9 fusiforme, saliente, com 1-1,5 cm de comprimento, 3-7 mm de largura, o ov\u00e1rio tem cerca de 3 mm de di\u00e2metro, amarelo, liso. <\/p>\n\n\n\n<p class=\"wp-block-paragraph\">O fruto \u00e9 ovalado, quase esf\u00e9rico, el\u00edptico ou oblongo, amarelo ou vermelho-alaranjado, com 1,5-7 cm de comprimento e 1,2-2 cm de di\u00e2metro, com 5-9 nervuras longitudinais aladas, as s\u00e9palas persistentes no topo t\u00eam at\u00e9 4 cm de comprimento e at\u00e9 6 mm de largura.<\/p>\n\n\n\n<p class=\"wp-block-paragraph\">As sementes s\u00e3o numerosas, planas, quase redondas e ligeiramente angulosas, com cerca de 3,5 mm de comprimento e cerca de 3 mm de largura. <\/p>\n\n\n\n<p class=\"wp-block-paragraph\">O per\u00edodo de flora\u00e7\u00e3o vai de mar\u00e7o a julho e o per\u00edodo de frutifica\u00e7\u00e3o vai de maio a fevereiro do ano seguinte.<\/p>\n\n\n\n<h2 class=\"wp-block-heading\">III. M\u00e9todos de reprodu\u00e7\u00e3o<\/h2>\n\n\n\n<p class=\"wp-block-paragraph\">A robusta e resistente gard\u00e9nia (Gardenia jasminoides), tamb\u00e9m conhecida como gard\u00e9nia amarela, tem fortes capacidades de enraizamento. O principal m\u00e9todo de propaga\u00e7\u00e3o \u00e9 por estaca, mas tamb\u00e9m pode ser propagada por sementeira e estratifica\u00e7\u00e3o. <\/p>\n\n\n\n<p class=\"wp-block-paragraph\">As estacas devem ser colhidas na primavera, nos meses de mar\u00e7o e abril, ou no in\u00edcio do outono, no m\u00eas de setembro. Escolha um ramo com cerca de 20 cm de comprimento e um di\u00e2metro de cerca de 1 cm, e introduza-o no canteiro em \u00e2ngulo, protegendo-o convenientemente. <\/p>\n\n\n\n<p class=\"wp-block-paragraph\">No prazo de um m\u00eas, as ra\u00edzes devem formar-se. Uma vez estabelecidas, as estacas podem ser transplantadas no ano seguinte. A sementeira \u00e9 normalmente feita em setembro ou outubro. <\/p>\n\n\n\n<p class=\"wp-block-paragraph\">Embora este m\u00e9todo possa produzir um maior n\u00famero de descendentes, requer 2-3 anos antes de as plantas florescerem, pelo que \u00e9 utilizado principalmente para reprodu\u00e7\u00e3o e recolha de sementes. A estratifica\u00e7\u00e3o \u00e9 melhor efectuada na primavera para uma maior taxa de sobreviv\u00eancia. <\/p>\n\n\n\n<p class=\"wp-block-paragraph\">Ap\u00f3s 1-2 anos, as plantas produzir\u00e3o flores exuberantes e graciosas. Ap\u00f3s o per\u00edodo de flora\u00e7\u00e3o, podar os ramos demasiado cheios ou murchos, aplicar fertilizantes e mudar o solo durante o outono e o inverno para promover um crescimento exuberante no ano seguinte.<\/p>\n\n\n\n<h2 class=\"wp-block-heading\">IV. Valor e outras informa\u00e7\u00f5es<\/h2>\n\n\n\n<p class=\"wp-block-paragraph\">A gard\u00e9nia amarela \u00e9 um arbusto perene ou uma pequena \u00e1rvore pertencente \u00e0 fam\u00edlia Rubiaceae e ao g\u00e9nero Gardenia. \u00c9 tamb\u00e9m conhecida por v\u00e1rios nomes, como Jasmim do Cabo, Gard\u00e9nia Dourada e Jasmim Amarelo, entre outros, com quase uma centena de esp\u00e9cies. <\/p>\n\n\n\n<p class=\"wp-block-paragraph\">A gard\u00e9nia amarela atinge normalmente uma altura de 2 a 4 metros e encontra-se no sul da China, na pen\u00ednsula da Indochina, no Jap\u00e3o e em Taiwan. <\/p>\n\n\n\n<p class=\"wp-block-paragraph\">Desenvolve-se em encostas soalheiras e florestas de folhas largas a baixas altitudes, e pode ser vista frequentemente em parques, jardins e campus onde foram plantadas por pessoas. \u00c9 adequada para a cultura em vaso, bonsai, sebes e cultivo ao ar livre em jardins.<\/p>\n\n\n\n<p class=\"wp-block-paragraph\">As folhas da gard\u00e9nia amarela s\u00e3o opostas, de forma el\u00edptica ou el\u00edptica longa, com pontas afiadas, superf\u00edcies lisas e quase sem caule. As est\u00edpulas s\u00e3o fundidas na base para formar uma bainha. <\/p>\n\n\n\n<p class=\"wp-block-paragraph\">A planta floresce de meados da primavera at\u00e9 ao in\u00edcio do ver\u00e3o, de mar\u00e7o a junho. As flores s\u00e3o umbeladas, monop\u00e9talas, brancas, nascem de pequenos ramos, axilares ou terminais, com seis p\u00e9talas. <\/p>\n\n\n\n<p class=\"wp-block-paragraph\">A fragr\u00e2ncia \u00e9 forte e agrad\u00e1vel, e as flores podem ser secas e utilizadas como ch\u00e1 ou perfume, o que as torna populares no mundo da horticultura. \u00c0 medida que as flores se desvanecem, tornam-se amarelas leitosas, o que faz dela uma das plantas perfumadas t\u00edpicas da China. <\/p>\n\n\n\n<p class=\"wp-block-paragraph\">No outono e no inverno, produz bagas longas e el\u00edpticas com cinco cantos. Quando maduros, a casca torna-se amarelo-alaranjada e atrai frequentemente aves como as sibias de orelhas brancas, os chapins de dorso verde, os olhos brancos japoneses e os shamas de coroa branca. <\/p>\n\n\n\n<p class=\"wp-block-paragraph\">O fruto cont\u00e9m um pigmento amarelo chamado crocina, que pode ser utilizado como corante amarelo, da\u00ed o nome \"gard\u00e9nia amarela\". Tamb\u00e9m pode ser transformado em corante alimentar e utilizado como erva medicinal. <\/p>\n\n\n\n<p class=\"wp-block-paragraph\">A fragr\u00e2ncia da Gard\u00e9nia Amarela prov\u00e9m de \u00f3leos essenciais como o acetato de benzilo, o acetato de linalol e o antranilmetil\u00e9ster. <\/p>\n\n\n\n<p class=\"wp-block-paragraph\">Recentemente, a utiliza\u00e7\u00e3o de flores perfumadas para fazer ch\u00e1 e \u00e1gua floral para beber como um rem\u00e9dio natural tornou-se popular, e a gard\u00e9nia amarela \u00e9 uma das escolhas favoritas para este fim.<\/p>","protected":false},"excerpt":{"rendered":"<p>The Mountain Gardenia, also known as the Wild Gardenia, Yellow Gardenia, Yellow Branch Flower, Mountain Yellow Branch, Mountain Gardenia, and Gardenia Flower, is a wild variety of the Gardenia flower. It is found in tropical and subtropical regions such as China, Japan, and Vietnam, and is often planted as a garden shrub. This variety has [&hellip;]<\/p>\n","protected":false},"author":1,"featured_media":12716,"comment_status":"open","ping_status":"open","sticky":false,"template":"","format":"standard","meta":{"_breakdance_hide_in_design_set":false,"_breakdance_tags":"","footnotes":""},"categories":[20],"tags":[],"class_list":["post-9912","post","type-post","status-publish","format-standard","has-post-thumbnail","hentry","category-species-and-types"],"_links":{"self":[{"href":"https:\/\/flowerslib.com\/pt\/wp-json\/wp\/v2\/posts\/9912","targetHints":{"allow":["GET"]}}],"collection":[{"href":"https:\/\/flowerslib.com\/pt\/wp-json\/wp\/v2\/posts"}],"about":[{"href":"https:\/\/flowerslib.com\/pt\/wp-json\/wp\/v2\/types\/post"}],"author":[{"embeddable":true,"href":"https:\/\/flowerslib.com\/pt\/wp-json\/wp\/v2\/users\/1"}],"replies":[{"embeddable":true,"href":"https:\/\/flowerslib.com\/pt\/wp-json\/wp\/v2\/comments?post=9912"}],"version-history":[{"count":0,"href":"https:\/\/flowerslib.com\/pt\/wp-json\/wp\/v2\/posts\/9912\/revisions"}],"wp:featuredmedia":[{"embeddable":true,"href":"https:\/\/flowerslib.com\/pt\/wp-json\/wp\/v2\/media\/12716"}],"wp:attachment":[{"href":"https:\/\/flowerslib.com\/pt\/wp-json\/wp\/v2\/media?parent=9912"}],"wp:term":[{"taxonomy":"category","embeddable":true,"href":"https:\/\/flowerslib.com\/pt\/wp-json\/wp\/v2\/categories?post=9912"},{"taxonomy":"post_tag","embeddable":true,"href":"https:\/\/flowerslib.com\/pt\/wp-json\/wp\/v2\/tags?post=9912"}],"curies":[{"name":"wp","href":"https:\/\/api.w.org\/{rel}","templated":true}]}}