{"id":9485,"date":"2023-08-31T14:27:02","date_gmt":"2023-08-31T06:27:02","guid":{"rendered":"https:\/\/flowerslib.com\/?p=9485"},"modified":"2023-08-31T14:27:03","modified_gmt":"2023-08-31T06:27:03","slug":"iris-nigricans","status":"publish","type":"post","link":"https:\/\/flowerslib.com\/pt\/iris-nigricans\/","title":{"rendered":"M\u00edstica da \u00cdris Negra de Jordan: Beleza, crescimento e raridade end\u00e9mica"},"content":{"rendered":"<p class=\"wp-block-paragraph\">A Iris nigricans, uma planta herb\u00e1cea perene, cresce a altitudes entre 700-900 metros, necessitando de mais de 8 horas de luz solar por dia, e n\u00e3o suporta temperaturas baixas, humidade e geadas, que podem afetar o seu crescimento. <\/p>\n\n\n\n<p class=\"wp-block-paragraph\">Encontra-se apenas na Jord\u00e2nia, o que faz dela uma esp\u00e9cie end\u00e9mica e a flor nacional da Jord\u00e2nia. A planta atinge 35 cent\u00edmetros de altura, com rizomas robustos de cerca de 1 cent\u00edmetro de di\u00e2metro e ra\u00edzes finas e curtas. <\/p>\n\n\n\n<p class=\"wp-block-paragraph\">As folhas s\u00e3o basais, amarelo-esverdeadas e t\u00eam cerca de 7-9 cent\u00edmetros de largura. A flor, semelhante a um <a href=\"https:\/\/flowerslib.com\/pt\/orquidea\/\">orqu\u00eddea<\/a> tem uma cor p\u00farpura profunda, pr\u00f3xima do preto, e tem 12-15 cent\u00edmetros de di\u00e2metro. <\/p>\n\n\n\n<p class=\"wp-block-paragraph\">Tem seis p\u00e9talas, tr\u00eas das quais ca\u00eddas exteriormente e tr\u00eas erguidas interiormente, todas brilhantes e exibindo o preto mais profundo com manchas escuras e aveludadas, cintilando ao vento do deserto.<\/p>\n\n\n\n<h2 class=\"wp-block-heading\">I. Crescimento e distribui\u00e7\u00e3o<\/h2>\n\n\n\n<p class=\"wp-block-paragraph\"><\/p>\n\n\n<div class=\"wp-block-image\">\n<figure class=\"aligncenter size-full\"><img loading=\"lazy\" decoding=\"async\" width=\"1200\" height=\"800\" src=\"https:\/\/flowerslib.com\/wp-content\/uploads\/2023\/08\/11-33.jpg\" alt=\"Iris nigricans\" class=\"wp-image-9505\" srcset=\"https:\/\/flowerslib.com\/wp-content\/uploads\/2023\/08\/11-33.jpg 1200w, https:\/\/flowerslib.com\/wp-content\/uploads\/2023\/08\/11-33-300x200.jpg 300w, https:\/\/flowerslib.com\/wp-content\/uploads\/2023\/08\/11-33-150x100.jpg 150w, https:\/\/flowerslib.com\/wp-content\/uploads\/2023\/08\/11-33-768x512.jpg 768w\" sizes=\"auto, (max-width: 1200px) 100vw, 1200px\" \/><\/figure>\n<\/div>\n\n\n<p class=\"wp-block-paragraph\"><\/p>\n\n\n\n<p class=\"wp-block-paragraph\">A Jord\u00e2nia tem oito esp\u00e9cies raras de \u00edris, tr\u00eas das quais t\u00eam cores de violeta profundo a chocolate que podem ser facilmente confundidas com a Iris nigricans:<\/p>\n\n\n\n<h3 class=\"wp-block-heading\">\u00cdris dourada<\/h3>\n\n\n\n<p class=\"wp-block-paragraph\">Nome cient\u00edfico: Iris atrofusca<br>Esta esp\u00e9cie tem uma estrutura semelhante \u00e0 da Iris nigricans, com uma cor chocolate profunda. Cresce nas montanhas de Pella.<\/p>\n\n\n\n<h3 class=\"wp-block-heading\">\u00cdris p\u00farpura<\/h3>\n\n\n\n<p class=\"wp-block-paragraph\">Nome cient\u00edfico: Iris atropurpurea<br>A sua cor \u00e9 p\u00farpura profunda.<\/p>\n\n\n\n<h3 class=\"wp-block-heading\">Petra Iris<\/h3>\n\n\n\n<p class=\"wp-block-paragraph\">Nome cient\u00edfico: Iris petrana<br>A sua cor \u00e9 vermelho-preto profundo.<\/p>\n\n\n\n<p class=\"wp-block-paragraph\">A \u00cdris Negra cresce a altitudes entre os 700 e os 900 metros. A Jord\u00e2nia \u00e9 um dos dez pa\u00edses que sofrem de grave escassez de \u00e1gua a n\u00edvel mundial. <\/p>\n\n\n\n<p class=\"wp-block-paragraph\">A precipita\u00e7\u00e3o anual nas montanhas ocidentais e no vale do rio Jord\u00e3o varia entre 380 e 630 mil\u00edmetros, enquanto a regi\u00e3o des\u00e9rtica oriental tem climas rigorosos, diferen\u00e7as significativas de temperatura entre o dia e a noite e ventos fortes que transportam muita areia, com uma precipita\u00e7\u00e3o anual inferior a 50 mil\u00edmetros. <\/p>\n\n\n\n<p class=\"wp-block-paragraph\"><\/p>\n\n\n<div class=\"wp-block-image\">\n<figure class=\"aligncenter size-full\"><img loading=\"lazy\" decoding=\"async\" width=\"1200\" height=\"800\" src=\"https:\/\/flowerslib.com\/wp-content\/uploads\/2023\/08\/2-188.jpg\" alt=\"Iris nigricans\" class=\"wp-image-9506\" srcset=\"https:\/\/flowerslib.com\/wp-content\/uploads\/2023\/08\/2-188.jpg 1200w, https:\/\/flowerslib.com\/wp-content\/uploads\/2023\/08\/2-188-300x200.jpg 300w, https:\/\/flowerslib.com\/wp-content\/uploads\/2023\/08\/2-188-150x100.jpg 150w, https:\/\/flowerslib.com\/wp-content\/uploads\/2023\/08\/2-188-768x512.jpg 768w\" sizes=\"auto, (max-width: 1200px) 100vw, 1200px\" \/><\/figure>\n<\/div>\n\n\n<p class=\"wp-block-paragraph\"><\/p>\n\n\n\n<p class=\"wp-block-paragraph\">A \u00cdris Negra requer um solo arenoso bem drenado, mais de 8 horas de luz solar di\u00e1ria e n\u00e3o suporta temperaturas baixas, humidade e geada. Os seus bolbos n\u00e3o necessitam de \u00e1gua durante o longo ver\u00e3o, permanecendo dormentes no solo, e come\u00e7am a germinar ap\u00f3s a esta\u00e7\u00e3o das chuvas, no in\u00edcio da primavera. <\/p>\n\n\n\n<p class=\"wp-block-paragraph\">Dada a exposi\u00e7\u00e3o direta ao sol e o solo arenoso da Jord\u00e2nia, que permite uma drenagem r\u00e1pida, esta esp\u00e9cie adaptou-se ao ambiente local agreste. Encontra-se apenas na Jord\u00e2nia, o que a torna uma esp\u00e9cie end\u00e9mica da Jord\u00e2nia.<\/p>\n\n\n\n<h2 class=\"wp-block-heading\">II. Morfologia e carater\u00edsticas<\/h2>\n\n\n\n<p class=\"wp-block-paragraph\">A \u00cdris Negra \u00e9 uma planta herb\u00e1cea perene, com cerca de 35 cm de altura. A base da planta est\u00e1 rodeada pela bainha membranosa da folha e pelas fibras das folhas velhas. Os rizomas s\u00e3o robustos, bifurcados, com um di\u00e2metro de cerca de 1 cm, estendendo-se na diagonal. <\/p>\n\n\n\n<p class=\"wp-block-paragraph\">As rad\u00edculas s\u00e3o mais finas e mais curtas. As folhas s\u00e3o basais, de cor verde-amarelada, ligeiramente curvadas, mais largas a meio, em forma de espada e com cerca de 7-9 cm de largura. O \u00e1pice da folha \u00e9 afunilado ou ligeiramente afunilado, a base \u00e9 revestida, com v\u00e1rias veias longitudinais discretas. <\/p>\n\n\n\n<p class=\"wp-block-paragraph\">A haste floral \u00e9 lisa, com 2-3 br\u00e1cteas verdes, herb\u00e1ceas, com margens membranosas e p\u00e1lidas, de forma lanceolada ou oval alongada, contendo cada uma 1-2 flores. <\/p>\n\n\n\n<p class=\"wp-block-paragraph\"><\/p>\n\n\n<div class=\"wp-block-image\">\n<figure class=\"aligncenter size-full\"><img loading=\"lazy\" decoding=\"async\" width=\"1200\" height=\"800\" src=\"https:\/\/flowerslib.com\/wp-content\/uploads\/2023\/08\/4-119.jpg\" alt=\"Iris nigricans\" class=\"wp-image-9507\" srcset=\"https:\/\/flowerslib.com\/wp-content\/uploads\/2023\/08\/4-119.jpg 1200w, https:\/\/flowerslib.com\/wp-content\/uploads\/2023\/08\/4-119-300x200.jpg 300w, https:\/\/flowerslib.com\/wp-content\/uploads\/2023\/08\/4-119-150x100.jpg 150w, https:\/\/flowerslib.com\/wp-content\/uploads\/2023\/08\/4-119-768x512.jpg 768w\" sizes=\"auto, (max-width: 1200px) 100vw, 1200px\" \/><\/figure>\n<\/div>\n\n\n<p class=\"wp-block-paragraph\"><\/p>\n\n\n\n<p class=\"wp-block-paragraph\">As flores assemelham-se a orqu\u00eddeas, de cor p\u00farpura profunda, quase preta, com um di\u00e2metro de 12-15 cm. Os pedicelos s\u00e3o muito curtos; o tubo do perianto \u00e9 delgado, com cerca de 3 cm de comprimento, e tem a forma de um sino na parte superior. <\/p>\n\n\n\n<p class=\"wp-block-paragraph\">Os segmentos exteriores do perianto s\u00e3o redondos ou ovais largos, com 5-6 cm de comprimento e cerca de 4 cm de largura, ligeiramente c\u00f4ncavos na parte superior e em forma de garra na base; a nervura central tem ap\u00eandices irregulares em forma de pente, formando fendas com franjas irregulares. <\/p>\n\n\n\n<p class=\"wp-block-paragraph\">Os segmentos internos do perianto s\u00e3o ovais, com 4,5-5 cm de comprimento e cerca de 3 cm de largura, espalhando-se de forma plana quando a flor desabrocha, estreitando-se subitamente na garra. <\/p>\n\n\n\n<p class=\"wp-block-paragraph\">Tem 6 p\u00e9talas, 3 no exterior e 3 no interior, erguidas na vertical. S\u00e3o brilhantes, cada p\u00e9tala exibindo o preto mais profundo, com manchas de veludo escuro, cintilando ao vento do deserto. As p\u00e9talas t\u00eam textura, linhas claras e delicadas texturas transparentes.<\/p>\n\n\n\n<h2 class=\"wp-block-heading\">III. M\u00e9todos de propaga\u00e7\u00e3o<\/h2>\n\n\n\n<p class=\"wp-block-paragraph\"><\/p>\n\n\n<div class=\"wp-block-image\">\n<figure class=\"aligncenter size-full\"><img loading=\"lazy\" decoding=\"async\" width=\"1200\" height=\"800\" src=\"https:\/\/flowerslib.com\/wp-content\/uploads\/2023\/08\/5-108.jpg\" alt=\"Iris nigricans\" class=\"wp-image-9508\" srcset=\"https:\/\/flowerslib.com\/wp-content\/uploads\/2023\/08\/5-108.jpg 1200w, https:\/\/flowerslib.com\/wp-content\/uploads\/2023\/08\/5-108-300x200.jpg 300w, https:\/\/flowerslib.com\/wp-content\/uploads\/2023\/08\/5-108-150x100.jpg 150w, https:\/\/flowerslib.com\/wp-content\/uploads\/2023\/08\/5-108-768x512.jpg 768w\" sizes=\"auto, (max-width: 1200px) 100vw, 1200px\" \/><\/figure>\n<\/div>\n\n\n<p class=\"wp-block-paragraph\"><\/p>\n\n\n\n<p class=\"wp-block-paragraph\">A propaga\u00e7\u00e3o pode ser efectuada por divis\u00e3o ou sementeira.<\/p>\n\n\n\n<p class=\"wp-block-paragraph\">A divis\u00e3o pode ser efectuada ap\u00f3s <a href=\"https:\/\/flowerslib.com\/pt\/as-flores-desabrocham-na-primavera\/\">flora\u00e7\u00e3o na primavera<\/a> ou no outono, geralmente ap\u00f3s 2-4 anos de planta\u00e7\u00e3o. Ao dividir os rizomas, certifique-se de que cada peda\u00e7o tem 2-3 bot\u00f5es advent\u00edcios.<\/p>\n\n\n\n<p class=\"wp-block-paragraph\">As sementes devem ser semeadas imediatamente ap\u00f3s a matura\u00e7\u00e3o, e as pl\u00e2ntulas precisam de 2-3 anos para florescer. As dist\u00e2ncias de planta\u00e7\u00e3o devem ser de 45-60 cm, e a profundidade de planta\u00e7\u00e3o deve ser de cerca de 7-8 cm. O cultivo for\u00e7ado tamb\u00e9m pode ser efectuado.<\/p>\n\n\n\n<h2 class=\"wp-block-heading\">IV. O valor e os outros<\/h2>\n\n\n\n<p class=\"wp-block-paragraph\">A \u00edris negra tem um imenso valor ornamental. Todos os anos, no final da esta\u00e7\u00e3o das chuvas, em mar\u00e7o ou abril, as \u00edris de cor p\u00farpura profunda, quase negra, florescem por toda a Jord\u00e2nia, tornando-se uma atra\u00e7\u00e3o para turistas de todos os pa\u00edses.<\/p>","protected":false},"excerpt":{"rendered":"<p>Iris nigricans, a perennial herbaceous plant, grows at altitudes between 700-900 meters, needing over 8 hours of sunlight daily, and cannot withstand low temperatures, dampness, and frost, which can affect its growth. It is only found in Jordan, making it an endemic species and the national flower of Jordan. The plant stands at 35 centimeters [&hellip;]<\/p>\n","protected":false},"author":1,"featured_media":9504,"comment_status":"open","ping_status":"open","sticky":false,"template":"","format":"standard","meta":{"_breakdance_hide_in_design_set":false,"_breakdance_tags":"","footnotes":""},"categories":[20],"tags":[],"class_list":["post-9485","post","type-post","status-publish","format-standard","has-post-thumbnail","hentry","category-species-and-types"],"_links":{"self":[{"href":"https:\/\/flowerslib.com\/pt\/wp-json\/wp\/v2\/posts\/9485","targetHints":{"allow":["GET"]}}],"collection":[{"href":"https:\/\/flowerslib.com\/pt\/wp-json\/wp\/v2\/posts"}],"about":[{"href":"https:\/\/flowerslib.com\/pt\/wp-json\/wp\/v2\/types\/post"}],"author":[{"embeddable":true,"href":"https:\/\/flowerslib.com\/pt\/wp-json\/wp\/v2\/users\/1"}],"replies":[{"embeddable":true,"href":"https:\/\/flowerslib.com\/pt\/wp-json\/wp\/v2\/comments?post=9485"}],"version-history":[{"count":0,"href":"https:\/\/flowerslib.com\/pt\/wp-json\/wp\/v2\/posts\/9485\/revisions"}],"wp:featuredmedia":[{"embeddable":true,"href":"https:\/\/flowerslib.com\/pt\/wp-json\/wp\/v2\/media\/9504"}],"wp:attachment":[{"href":"https:\/\/flowerslib.com\/pt\/wp-json\/wp\/v2\/media?parent=9485"}],"wp:term":[{"taxonomy":"category","embeddable":true,"href":"https:\/\/flowerslib.com\/pt\/wp-json\/wp\/v2\/categories?post=9485"},{"taxonomy":"post_tag","embeddable":true,"href":"https:\/\/flowerslib.com\/pt\/wp-json\/wp\/v2\/tags?post=9485"}],"curies":[{"name":"wp","href":"https:\/\/api.w.org\/{rel}","templated":true}]}}