{"id":8924,"date":"2023-08-27T00:03:14","date_gmt":"2023-08-26T16:03:14","guid":{"rendered":"https:\/\/flowerslib.com\/?p=8924"},"modified":"2023-08-27T22:58:48","modified_gmt":"2023-08-27T14:58:48","slug":"rotheca-myricoides","status":"publish","type":"post","link":"https:\/\/flowerslib.com\/pt\/rotheca-myricoides\/","title":{"rendered":"Rotheca myricoides: Um guia para o cultivo da flor borboleta azul"},"content":{"rendered":"<p class=\"wp-block-paragraph\">A borboleta azul, tamb\u00e9m conhecida como Rotheca myricoides, \u00e9 uma esp\u00e9cie de planta da fam\u00edlia Verbenaceae e do g\u00e9nero Rotheca. Est\u00e1 amplamente distribu\u00edda no Uganda, em \u00c1frica. A flor, que se assemelha a uma borboleta, apresenta-se em tons de azul claro a roxo. <\/p>\n\n\n\n<p class=\"wp-block-paragraph\">As p\u00e9talas distribuem-se simetricamente pelos dois lados da corola, que \u00e9 branca, enquanto o labelo \u00e9 azul-p\u00farpura, e os estames s\u00e3o delgados. <\/p>\n\n\n\n<p class=\"wp-block-paragraph\">Baptizada de borboleta azul devido \u00e0 sua semelhan\u00e7a com um grupo de borboletas em plena flora\u00e7\u00e3o, apresenta-se leve e bela, com uma cor refinada, o que a torna um excelente arbusto ornamental. <\/p>\n\n\n\n<p class=\"wp-block-paragraph\">A borboleta azul desenvolve-se em temperaturas elevadas, de prefer\u00eancia entre 23 e 32 graus Celsius, e reproduz-se por propaga\u00e7\u00e3o por estacas, de prefer\u00eancia na primavera e no outono.<\/p>\n\n\n\n<h2 class=\"wp-block-heading\">I. Crescimento e distribui\u00e7\u00e3o<\/h2>\n\n\n\n<p class=\"wp-block-paragraph\"><\/p>\n\n\n\n<figure class=\"wp-block-image size-full\"><img loading=\"lazy\" decoding=\"async\" width=\"1200\" height=\"800\" src=\"https:\/\/flowerslib.com\/wp-content\/uploads\/2023\/08\/3-127.jpg\" alt=\"Rotheca myricoides\" class=\"wp-image-8964\" srcset=\"https:\/\/flowerslib.com\/wp-content\/uploads\/2023\/08\/3-127.jpg 1200w, https:\/\/flowerslib.com\/wp-content\/uploads\/2023\/08\/3-127-300x200.jpg 300w, https:\/\/flowerslib.com\/wp-content\/uploads\/2023\/08\/3-127-150x100.jpg 150w, https:\/\/flowerslib.com\/wp-content\/uploads\/2023\/08\/3-127-768x512.jpg 768w\" sizes=\"auto, (max-width: 1200px) 100vw, 1200px\" \/><\/figure>\n\n\n\n<p class=\"wp-block-paragraph\"><\/p>\n\n\n\n<p class=\"wp-block-paragraph\">A planta prefere solos franco-argilosos ou franco-arenosos com boa drenagem. Desenvolve-se em temperaturas elevadas, idealmente entre 23 e 32 graus Celsius, e encontra-se principalmente no Uganda, em \u00c1frica.<\/p>\n\n\n\n<h2 class=\"wp-block-heading\">II. Morfologia e carater\u00edsticas<\/h2>\n\n\n\n<p class=\"wp-block-paragraph\">Os ramos jovens s\u00e3o quadrados e castanho-p\u00farpura. A altura varia de 60 cm a 1 metro. As folhas s\u00e3o opostas, ovadas a lanceoladas, com uma ponta pontiaguda ou romba. A metade superior da margem da folha apresenta serrilhas pouco profundas, enquanto a metade inferior \u00e9 inteira. <\/p>\n\n\n\n<p class=\"wp-block-paragraph\">As flores, em forma de borboleta, v\u00e3o do azul claro ao roxo. A corola \u00e9 branca e o labelo \u00e9 azul-p\u00farpura, com estames delgados. A infloresc\u00eancia \u00e9 terminal e c\u00f3nica. <\/p>\n\n\n\n<p class=\"wp-block-paragraph\">O c\u00e1lice \u00e9 em forma de ta\u00e7a com 5 segmentos, e os segmentos s\u00e3o redondos, verdes com uma tonalidade p\u00farpura. O fruto \u00e9 el\u00edptico, esf\u00e9rico, com cerca de 0,5 a 0,8 cm de di\u00e2metro. A superf\u00edcie tem um padr\u00e3o pontilhado. O arbusto de folha persistente tem 60-120 cm de altura. As folhas s\u00e3o opostas, ovadas a lanceoladas.<\/p>\n\n\n\n<h2 class=\"wp-block-heading\">III. M\u00e9todo de cultivo<\/h2>\n\n\n\n<p class=\"wp-block-paragraph\"><\/p>\n\n\n<div class=\"wp-block-image\">\n<figure class=\"aligncenter size-full\"><img loading=\"lazy\" decoding=\"async\" width=\"1200\" height=\"800\" src=\"https:\/\/flowerslib.com\/wp-content\/uploads\/2023\/08\/8-58.jpg\" alt=\"Rotheca myricoides\" class=\"wp-image-8960\" srcset=\"https:\/\/flowerslib.com\/wp-content\/uploads\/2023\/08\/8-58.jpg 1200w, https:\/\/flowerslib.com\/wp-content\/uploads\/2023\/08\/8-58-300x200.jpg 300w, https:\/\/flowerslib.com\/wp-content\/uploads\/2023\/08\/8-58-150x100.jpg 150w, https:\/\/flowerslib.com\/wp-content\/uploads\/2023\/08\/8-58-768x512.jpg 768w\" sizes=\"auto, (max-width: 1200px) 100vw, 1200px\" \/><\/figure>\n<\/div>\n\n\n<p class=\"wp-block-paragraph\"><\/p>\n\n\n\n<p class=\"wp-block-paragraph\">Fertilizar 2 a 3 vezes durante a esta\u00e7\u00e3o de crescimento, na primavera e no ver\u00e3o. Podar os ramos depois de <a href=\"https:\/\/flowerslib.com\/pt\/as-flores-desabrocham-na-primavera\/\">flora\u00e7\u00e3o ou no in\u00edcio da primavera<\/a>Se a planta estiver a envelhecer, aplique uma poda pesada ou forte. <\/p>\n\n\n\n<p class=\"wp-block-paragraph\">A planta prefere solos franco-argilosos ou franco-arenosos com boa drenagem, e desenvolve-se bem em temperaturas elevadas, de prefer\u00eancia entre 23 e 32 graus Celsius. Deve ser mantida quente e ao abrigo do vento durante o inverno. <\/p>\n\n\n\n<p class=\"wp-block-paragraph\">Adapta-se bem \u00e0 luz solar de meio dia a dia inteiro. Um sol intenso pode provocar um ligeiro amarelecimento das folhas, mas n\u00e3o afecta o crescimento e a flora\u00e7\u00e3o. <\/p>\n\n\n\n<p class=\"wp-block-paragraph\">No inverno, o frio pode provocar a queda de algumas folhas. Floresce na primavera e no ver\u00e3o, com um per\u00edodo de flora\u00e7\u00e3o longo, pois as flores desabrocham sequencialmente a partir das pontas dos ramos. Ap\u00f3s a flora\u00e7\u00e3o, a planta pode ser podada para evitar que fique demasiado alta e esparsa. <\/p>\n\n\n\n<p class=\"wp-block-paragraph\">Aplicar um adubo de liberta\u00e7\u00e3o lenta no final do inverno ou no in\u00edcio da primavera, e completar mais uma vez ap\u00f3s a flora\u00e7\u00e3o.<\/p>\n\n\n\n<p class=\"wp-block-paragraph\"><\/p>\n\n\n\n<figure class=\"wp-block-image size-full\"><img loading=\"lazy\" decoding=\"async\" width=\"1200\" height=\"800\" src=\"https:\/\/flowerslib.com\/wp-content\/uploads\/2023\/08\/5-92.jpg\" alt=\"Rotheca myricoides\" class=\"wp-image-8966\" srcset=\"https:\/\/flowerslib.com\/wp-content\/uploads\/2023\/08\/5-92.jpg 1200w, https:\/\/flowerslib.com\/wp-content\/uploads\/2023\/08\/5-92-300x200.jpg 300w, https:\/\/flowerslib.com\/wp-content\/uploads\/2023\/08\/5-92-150x100.jpg 150w, https:\/\/flowerslib.com\/wp-content\/uploads\/2023\/08\/5-92-768x512.jpg 768w\" sizes=\"auto, (max-width: 1200px) 100vw, 1200px\" \/><\/figure>\n\n\n\n<p class=\"wp-block-paragraph\"><\/p>\n\n\n\n<p class=\"wp-block-paragraph\">A gest\u00e3o da propaga\u00e7\u00e3o e do cultivo pode ser efectuada por divis\u00e3o, estacas de raiz ou propaga\u00e7\u00e3o por sementes. Para a divis\u00e3o, desenterrar e separar os rebentos do solo ap\u00f3s a queda das folhas no outono e no inverno, e antes do aparecimento de novos rebentos na primavera. <\/p>\n\n\n\n<p class=\"wp-block-paragraph\">Para as estacas de raiz, cortar as ra\u00edzes laterais durante a esta\u00e7\u00e3o das chuvas e plant\u00e1-las em solo arenoso. As ra\u00edzes crescer\u00e3o em 1-2 semanas. Para a propaga\u00e7\u00e3o de sementes, colher as sementes em setembro e outubro, armazenar na areia durante o inverno e semear na primavera seguinte. <\/p>\n\n\n\n<p class=\"wp-block-paragraph\">A germina\u00e7\u00e3o ocorre 2-3 semanas ap\u00f3s a sementeira. Controlar a expans\u00e3o das ra\u00edzes durante a esta\u00e7\u00e3o de crescimento. Manter o solo h\u00famido e fertilizar uma vez em maio ou junho, podando regularmente os rebentos excessivos. No inverno, remover as partes secas acima do solo para reduzir o risco de pragas e doen\u00e7as.<\/p>\n\n\n\n<h2 class=\"wp-block-heading\">IV. M\u00e9todo de propaga\u00e7\u00e3o<\/h2>\n\n\n\n<p class=\"wp-block-paragraph\"><\/p>\n\n\n<div class=\"wp-block-image\">\n<figure class=\"aligncenter size-full\"><img loading=\"lazy\" decoding=\"async\" width=\"1200\" height=\"800\" src=\"https:\/\/flowerslib.com\/wp-content\/uploads\/2023\/08\/4-96.jpg\" alt=\"Rotheca myricoides\" class=\"wp-image-8962\" srcset=\"https:\/\/flowerslib.com\/wp-content\/uploads\/2023\/08\/4-96.jpg 1200w, https:\/\/flowerslib.com\/wp-content\/uploads\/2023\/08\/4-96-300x200.jpg 300w, https:\/\/flowerslib.com\/wp-content\/uploads\/2023\/08\/4-96-150x100.jpg 150w, https:\/\/flowerslib.com\/wp-content\/uploads\/2023\/08\/4-96-768x512.jpg 768w\" sizes=\"auto, (max-width: 1200px) 100vw, 1200px\" \/><\/figure>\n<\/div>\n\n\n<p class=\"wp-block-paragraph\"><\/p>\n\n\n\n<p class=\"wp-block-paragraph\">A propaga\u00e7\u00e3o \u00e9 feita por estacas, de prefer\u00eancia na primavera e no outono.<\/p>\n\n\n\n<h2 class=\"wp-block-heading\">V. Valor e outras utiliza\u00e7\u00f5es<\/h2>\n\n\n\n<p class=\"wp-block-paragraph\">Com a sua cor refinada, a Borboleta Azul \u00e9 um excelente arbusto ornamental. Pode ser usado como decora\u00e7\u00e3o em varandas, telhados, quartos e salas de estar, ou normalmente plantado em grupos ou manchas em parques, p\u00e1tios e comunidades para observa\u00e7\u00e3o.<\/p>\n\n\n\n<p class=\"wp-block-paragraph\"><\/p>\n\n\n<div class=\"wp-block-image\">\n<figure class=\"aligncenter size-full\"><img loading=\"lazy\" decoding=\"async\" width=\"1200\" height=\"800\" src=\"https:\/\/flowerslib.com\/wp-content\/uploads\/2023\/08\/7-60.jpg\" alt=\"Rotheca myricoides\" class=\"wp-image-8968\" srcset=\"https:\/\/flowerslib.com\/wp-content\/uploads\/2023\/08\/7-60.jpg 1200w, https:\/\/flowerslib.com\/wp-content\/uploads\/2023\/08\/7-60-300x200.jpg 300w, https:\/\/flowerslib.com\/wp-content\/uploads\/2023\/08\/7-60-150x100.jpg 150w, https:\/\/flowerslib.com\/wp-content\/uploads\/2023\/08\/7-60-768x512.jpg 768w\" sizes=\"auto, (max-width: 1200px) 100vw, 1200px\" \/><\/figure>\n<\/div>\n\n\n<p class=\"wp-block-paragraph\"><\/p>","protected":false},"excerpt":{"rendered":"<p>The Blue Butterfly, also known as Rotheca myricoides, is a plant species from the Verbenaceae family and the Rotheca genus. It is widely distributed in Uganda, Africa. The flower, resembling a butterfly, comes in shades of light blue to purple. The petals symmetrically spread on both sides of the corolla, which is white, while the [&hellip;]<\/p>\n","protected":false},"author":1,"featured_media":8958,"comment_status":"open","ping_status":"open","sticky":false,"template":"","format":"standard","meta":{"_breakdance_hide_in_design_set":false,"_breakdance_tags":"","footnotes":""},"categories":[20],"tags":[],"class_list":["post-8924","post","type-post","status-publish","format-standard","has-post-thumbnail","hentry","category-species-and-types"],"_links":{"self":[{"href":"https:\/\/flowerslib.com\/pt\/wp-json\/wp\/v2\/posts\/8924","targetHints":{"allow":["GET"]}}],"collection":[{"href":"https:\/\/flowerslib.com\/pt\/wp-json\/wp\/v2\/posts"}],"about":[{"href":"https:\/\/flowerslib.com\/pt\/wp-json\/wp\/v2\/types\/post"}],"author":[{"embeddable":true,"href":"https:\/\/flowerslib.com\/pt\/wp-json\/wp\/v2\/users\/1"}],"replies":[{"embeddable":true,"href":"https:\/\/flowerslib.com\/pt\/wp-json\/wp\/v2\/comments?post=8924"}],"version-history":[{"count":0,"href":"https:\/\/flowerslib.com\/pt\/wp-json\/wp\/v2\/posts\/8924\/revisions"}],"wp:featuredmedia":[{"embeddable":true,"href":"https:\/\/flowerslib.com\/pt\/wp-json\/wp\/v2\/media\/8958"}],"wp:attachment":[{"href":"https:\/\/flowerslib.com\/pt\/wp-json\/wp\/v2\/media?parent=8924"}],"wp:term":[{"taxonomy":"category","embeddable":true,"href":"https:\/\/flowerslib.com\/pt\/wp-json\/wp\/v2\/categories?post=8924"},{"taxonomy":"post_tag","embeddable":true,"href":"https:\/\/flowerslib.com\/pt\/wp-json\/wp\/v2\/tags?post=8924"}],"curies":[{"name":"wp","href":"https:\/\/api.w.org\/{rel}","templated":true}]}}