{"id":8556,"date":"2023-08-24T20:03:54","date_gmt":"2023-08-24T12:03:54","guid":{"rendered":"https:\/\/flowerslib.com\/?p=8556"},"modified":"2023-12-11T16:11:53","modified_gmt":"2023-12-11T08:11:53","slug":"inula-japonica","status":"publish","type":"post","link":"https:\/\/flowerslib.com\/pt\/inula-japonica\/","title":{"rendered":"Inula Japonica: Explorando o crescimento, os usos e os benef\u00edcios medicinais"},"content":{"rendered":"<p class=\"wp-block-paragraph\">A Inula japonica, uma erva perene da fam\u00edlia das Asteraceae, tem um rizoma curto que corre horizontalmente ou sobe na diagonal, com ra\u00edzes fibrosas algo robustas. <\/p>\n\n\n\n<p class=\"wp-block-paragraph\">Os caules isolados crescem por vezes em grupos de 2-3, com infloresc\u00eancias em forma de cabe\u00e7a com 3-4 cm de di\u00e2metro, dispostas livremente em forma de umbelas. O aqu\u00e9nio, ou fruto seco, tem 1-1,2 mm de comprimento e forma cil\u00edndrica. <\/p>\n\n\n\n<p class=\"wp-block-paragraph\"><a href=\"https:\/\/flowerslib.com\/pt\/as-flores-desabrocham-em-junho\/\">A flora\u00e7\u00e3o ocorre a partir de junho<\/a> a outubro, enquanto a frutifica\u00e7\u00e3o ocorre de setembro a novembro. A Inula japonica \u00e9 utilizada principalmente para tratar a tosse fria, a acumula\u00e7\u00e3o de catarro, a plenitude do peito, a asma, o catarro excessivo, os v\u00f3mitos, os arrotos e a distens\u00e3o epig\u00e1strica dura. <\/p>\n\n\n\n<p class=\"wp-block-paragraph\"><\/p>\n\n\n<div class=\"wp-block-image\">\n<figure class=\"aligncenter size-full\"><img loading=\"lazy\" decoding=\"async\" width=\"1200\" height=\"800\" src=\"https:\/\/flowerslib.com\/wp-content\/uploads\/2023\/12\/3-106.jpg\" alt=\"Inula japonica\" class=\"wp-image-15560\" srcset=\"https:\/\/flowerslib.com\/wp-content\/uploads\/2023\/12\/3-106.jpg 1200w, https:\/\/flowerslib.com\/wp-content\/uploads\/2023\/12\/3-106-600x400.jpg 600w, https:\/\/flowerslib.com\/wp-content\/uploads\/2023\/12\/3-106-768x512.jpg 768w, https:\/\/flowerslib.com\/wp-content\/uploads\/2023\/12\/3-106-240x160.jpg 240w\" sizes=\"auto, (max-width: 1200px) 100vw, 1200px\" \/><\/figure>\n<\/div>\n\n\n<p class=\"wp-block-paragraph\"><\/p>\n\n\n\n<p class=\"wp-block-paragraph\">A dosagem padr\u00e3o \u00e9 normalmente de 3-9 gramas. A planta \u00e9 quente e dispersiva, pelo que n\u00e3o \u00e9 adequada para quem sofre de tosse por defici\u00eancia de yin ou tosse seca por les\u00e3o de fluidos. <\/p>\n\n\n\n<p class=\"wp-block-paragraph\">Al\u00e9m disso, devido \u00e0 sua textura felpuda, pode facilmente irritar a garganta, provocando comich\u00e3o, tosse e v\u00f3mitos, pelo que deve ser decocto num saco.<\/p>\n\n\n\n<h2 class=\"wp-block-heading\">I. Crescimento e distribui\u00e7\u00e3o<\/h2>\n\n\n\n<h3 class=\"wp-block-heading\">Ambiente de crescimento<\/h3>\n\n\n\n<p class=\"wp-block-paragraph\">A Inula japonica prospera em climas quentes e h\u00famidos e cresce melhor em solos franco-arenosos profundos, soltos, f\u00e9rteis e ricos em h\u00famus. N\u00e3o \u00e9 adequada para solos argilosos pesados ou demasiado secos e n\u00e3o deve ser cultivada continuamente. <\/p>\n\n\n\n<p class=\"wp-block-paragraph\"><\/p>\n\n\n<div class=\"wp-block-image\">\n<figure class=\"aligncenter size-full\"><img loading=\"lazy\" decoding=\"async\" width=\"1200\" height=\"800\" src=\"https:\/\/flowerslib.com\/wp-content\/uploads\/2023\/12\/4-76.jpg\" alt=\"Inula japonica\" class=\"wp-image-15561\" srcset=\"https:\/\/flowerslib.com\/wp-content\/uploads\/2023\/12\/4-76.jpg 1200w, https:\/\/flowerslib.com\/wp-content\/uploads\/2023\/12\/4-76-600x400.jpg 600w, https:\/\/flowerslib.com\/wp-content\/uploads\/2023\/12\/4-76-768x512.jpg 768w, https:\/\/flowerslib.com\/wp-content\/uploads\/2023\/12\/4-76-240x160.jpg 240w\" sizes=\"auto, (max-width: 1200px) 100vw, 1200px\" \/><\/figure>\n<\/div>\n\n\n<p class=\"wp-block-paragraph\"><\/p>\n\n\n\n<p class=\"wp-block-paragraph\">Possui uma forte adaptabilidade, resist\u00eancia ao calor e ao frio, e uma taxa de crescimento r\u00e1pida. \u00c9 capaz de se auto-propagar e tolera solos empobrecidos. Pode ser encontrada em encostas, bermas de estradas, prados h\u00famidos, margens de rios e cumes de campos a altitudes de 150-2400 metros.<\/p>\n\n\n\n<h3 class=\"wp-block-heading\">Gama de distribui\u00e7\u00e3o<\/h3>\n\n\n\n<p class=\"wp-block-paragraph\">\u00c9 distribu\u00edda na Mong\u00f3lia, Coreia do Norte, Sib\u00e9ria Ocidental na R\u00fassia e Jap\u00e3o.<\/p>\n\n\n\n<h2 class=\"wp-block-heading\">II. Morfologia e carater\u00edsticas<\/h2>\n\n\n\n<p class=\"wp-block-paragraph\"><\/p>\n\n\n<div class=\"wp-block-image\">\n<figure class=\"aligncenter size-full\"><img loading=\"lazy\" decoding=\"async\" width=\"1200\" height=\"800\" src=\"https:\/\/flowerslib.com\/wp-content\/uploads\/2023\/12\/6-55.jpg\" alt=\"Inula japonica\" class=\"wp-image-15562\" srcset=\"https:\/\/flowerslib.com\/wp-content\/uploads\/2023\/12\/6-55.jpg 1200w, https:\/\/flowerslib.com\/wp-content\/uploads\/2023\/12\/6-55-600x400.jpg 600w, https:\/\/flowerslib.com\/wp-content\/uploads\/2023\/12\/6-55-768x512.jpg 768w, https:\/\/flowerslib.com\/wp-content\/uploads\/2023\/12\/6-55-240x160.jpg 240w\" sizes=\"auto, (max-width: 1200px) 100vw, 1200px\" \/><\/figure>\n<\/div>\n\n\n<p class=\"wp-block-paragraph\"><\/p>\n\n\n\n<p class=\"wp-block-paragraph\">A Inula japonica \u00e9 uma erva perene com um rizoma curto, horizontal ou ascendente, com ra\u00edzes fibrosas algo robustas. <\/p>\n\n\n\n<p class=\"wp-block-paragraph\">Os caules simples, por vezes em grupos de 2-3, s\u00e3o erectos, com 30-70 cm de altura, por vezes com ra\u00edzes advent\u00edcias na base, com 3-10 mm de di\u00e2metro, estriados, cobertos de p\u00ealos compridos e apressados, ou por vezes glabros na parte inferior. A parte superior tem ramos ascendentes ou espalhados, todos com folhas; os entren\u00f3s t\u00eam 2-4 cm de comprimento. <\/p>\n\n\n\n<p class=\"wp-block-paragraph\">As folhas basais s\u00e3o frequentemente mais pequenas e murcham durante a flora\u00e7\u00e3o; as folhas centrais s\u00e3o oblongas, oblongo-lanceoladas ou lanceoladas, com 4-13 cm de comprimento, 1,5-3.5, raramente 4 cm de largura, com uma base algo estreita, frequentemente com pequenas orelhas redondas e semi-aprisionadas, s\u00e9sseis, \u00e1pice ligeiramente agudo ou gradualmente agudo, margem com pequenos dentes esparsos pontiagudos ou inteira, superf\u00edcie superior com p\u00ealos esparsos ou quase glabra, superf\u00edcie inferior com p\u00ealos esparsos e pontos glandulares; nervura mediana e nervuras laterais com p\u00ealos longos mais densos; folhas superiores gradualmente mais pequenas, linear-lanceoladas.<\/p>\n\n\n\n<p class=\"wp-block-paragraph\"><\/p>\n\n\n<div class=\"wp-block-image\">\n<figure class=\"aligncenter size-full\"><img loading=\"lazy\" decoding=\"async\" width=\"1200\" height=\"800\" src=\"https:\/\/flowerslib.com\/wp-content\/uploads\/2023\/12\/5-66.jpg\" alt=\"Inula japonica\" class=\"wp-image-15563\" srcset=\"https:\/\/flowerslib.com\/wp-content\/uploads\/2023\/12\/5-66.jpg 1200w, https:\/\/flowerslib.com\/wp-content\/uploads\/2023\/12\/5-66-600x400.jpg 600w, https:\/\/flowerslib.com\/wp-content\/uploads\/2023\/12\/5-66-768x512.jpg 768w, https:\/\/flowerslib.com\/wp-content\/uploads\/2023\/12\/5-66-240x160.jpg 240w\" sizes=\"auto, (max-width: 1200px) 100vw, 1200px\" \/><\/figure>\n<\/div>\n\n\n<p class=\"wp-block-paragraph\"><\/p>\n\n\n\n<p class=\"wp-block-paragraph\">As infloresc\u00eancias da cabe\u00e7a t\u00eam 3-4 cm de di\u00e2metro, numerosas ou poucas, dispostas em infloresc\u00eancias soltas em forma de umbela; os caules das infloresc\u00eancias s\u00e3o delgados. <\/p>\n\n\n\n<p class=\"wp-block-paragraph\">O inv\u00f3lucro \u00e9 hemisf\u00e9rico, com 13-17 mm de di\u00e2metro e 7-8 mm de comprimento; as br\u00e1cteas involucrais t\u00eam cerca de 6 camadas, linear-lanceoladas, quase iguais em comprimento, mas a camada mais exterior \u00e9 frequentemente folhosa e mais comprida; a camada exterior \u00e9 cori\u00e1cea na base, folhosa na parte superior, com p\u00ealos apressos ou quase glabros no dorso, e ciliada; a camada interior \u00e9 membranosa, exceto a nervura central verde, gradualmente aguda, com pontos glandulares e c\u00edlios. <\/p>\n\n\n\n<p class=\"wp-block-paragraph\">As flores dos raios s\u00e3o amarelas, 2-2,5 vezes mais compridas do que o inv\u00f3lucro; as l\u00edgulas s\u00e3o lineares, com 10-13 mm de comprimento; as corolas das flores tubulares t\u00eam cerca de 5 mm de comprimento, com l\u00f3bulos triangulares-lanceolados; o pappus \u00e9 de camada \u00fanica, branco, com mais de 20 p\u00ealos ligeiramente \u00e1speros, de comprimento quase igual ao das flores tubulares.<\/p>\n\n\n\n<p class=\"wp-block-paragraph\">Os aqu\u00e9nios t\u00eam 1-1,2 mm de comprimento, s\u00e3o cil\u00edndricos, com 10 sulcos, truncados no topo, cobertos de p\u00ealos curtos esparsos. <a href=\"https:\/\/flowerslib.com\/pt\/as-flores-com-o-periodo-de-floracao-mais-longo-do-mundo\/\">Per\u00edodo de flora\u00e7\u00e3o<\/a> \u00e9 de junho a outubro, e o per\u00edodo de frutifica\u00e7\u00e3o \u00e9 de setembro a novembro.<\/p>\n\n\n\n<h2 class=\"wp-block-heading\">III. M\u00e9todos de cultivo<\/h2>\n\n\n\n<p class=\"wp-block-paragraph\"><\/p>\n\n\n<div class=\"wp-block-image\">\n<figure class=\"aligncenter size-full\"><img loading=\"lazy\" decoding=\"async\" width=\"1200\" height=\"800\" src=\"https:\/\/flowerslib.com\/wp-content\/uploads\/2023\/12\/1-181.jpg\" alt=\"Inula japonica\" class=\"wp-image-15564\" srcset=\"https:\/\/flowerslib.com\/wp-content\/uploads\/2023\/12\/1-181.jpg 1200w, https:\/\/flowerslib.com\/wp-content\/uploads\/2023\/12\/1-181-600x400.jpg 600w, https:\/\/flowerslib.com\/wp-content\/uploads\/2023\/12\/1-181-768x512.jpg 768w, https:\/\/flowerslib.com\/wp-content\/uploads\/2023\/12\/1-181-240x160.jpg 240w\" sizes=\"auto, (max-width: 1200px) 100vw, 1200px\" \/><\/figure>\n<\/div>\n\n\n<p class=\"wp-block-paragraph\"><\/p>\n\n\n\n<h3 class=\"wp-block-heading\">Sele\u00e7\u00e3o e prepara\u00e7\u00e3o do terreno<\/h3>\n\n\n\n<p class=\"wp-block-paragraph\">A Helichrysum bracteatum n\u00e3o \u00e9 sens\u00edvel aos tipos de solo e pode ser plantada em encostas, margens de rios ou junto a valas. No entanto, cresce melhor em solos bem drenados, f\u00e9rteis e arenosos ou ricos em h\u00famus. Prefere climas quentes e h\u00famidos. <\/p>\n\n\n\n<p class=\"wp-block-paragraph\">Depois de selecionar o local, aplicar 3000-4000 quilogramas de estrume bem apodrecido ou composto por acre como fertilizante de base, arar profundamente 20-25 cent\u00edmetros, ancorar e nivelar o solo e criar sulcos de 1,2 metros de largura.<\/p>\n\n\n\n<h3 class=\"wp-block-heading\">Gest\u00e3o do terreno<\/h3>\n\n\n\n<p class=\"wp-block-paragraph\">Para a propaga\u00e7\u00e3o de sementes, desbaste as pl\u00e2ntulas fracas e demasiado densas quando atingirem 3-5 cent\u00edmetros de altura. Quando as pl\u00e2ntulas atingirem 5-10 cent\u00edmetros, separe-as 15-20 cent\u00edmetros. Preencher os espa\u00e7os vazios com novas mudas. <\/p>\n\n\n\n<p class=\"wp-block-paragraph\">Em maio e julho, e ap\u00f3s as chuvas, efetuar a monda inter-cultivar e adubar, principalmente com estrume. Ap\u00f3s a colheita, cultivar o solo. Regar prontamente durante o tempo seco. <\/p>\n\n\n\n<p class=\"wp-block-paragraph\">Afrouxar o solo ap\u00f3s per\u00edodos quentes e secos ou chuvas fortes para reduzir a evapora\u00e7\u00e3o da \u00e1gua. A drenagem \u00e9 importante durante a esta\u00e7\u00e3o das chuvas.<\/p>\n\n\n\n<h2 class=\"wp-block-heading\">IV. M\u00e9todos de propaga\u00e7\u00e3o<\/h2>\n\n\n\n<p class=\"wp-block-paragraph\"><strong>Condi\u00e7\u00f5es de propaga\u00e7\u00e3o: <\/strong>As sementes de Helichrysum bracteatum s\u00e3o dependentes da luz e preferem temperaturas vari\u00e1veis para germinar. N\u00e3o germinam bem a temperaturas constantes mas desenvolvem-se bem sob temperaturas vari\u00e1veis e condi\u00e7\u00f5es de luz em estufas. <\/p>\n\n\n\n<p class=\"wp-block-paragraph\">O intervalo de temperatura deve ser de 7-25\u00b0C. Quando as sementes novas s\u00e3o armazenadas num saco de papel \u00e0 temperatura ambiente durante um ano, a sua taxa de germina\u00e7\u00e3o \u00e9 de 5%, pelo que as sementes de anos anteriores n\u00e3o devem ser utilizadas.<\/p>\n\n\n\n<p class=\"wp-block-paragraph\"><strong>Propaga\u00e7\u00e3o de sementes:<\/strong> Criar sulcos pouco profundos com 30 cent\u00edmetros de dist\u00e2ncia, espalhar as sementes uniformemente, cobrir com uma camada fina de terra e comprimir ligeiramente. Cobrir a superf\u00edcie com palha ou folhas ca\u00eddas e regar abundantemente para manter a humidade do solo. <\/p>\n\n\n\n<p class=\"wp-block-paragraph\">As pl\u00e2ntulas devem aparecer em cerca de 20 dias. Depois de brotarem, retire a cobertura de palha ou folhas, deixando uma camada fina para manter a superf\u00edcie do solo h\u00famida e evitar o crescimento de ervas daninhas. Utilize 1,5-2 gramas de sementes por acre. Inicie o processo de sementeira 10-15 dias mais cedo do que a sementeira direta em cumes ensolarados.<\/p>\n\n\n\n<p class=\"wp-block-paragraph\"><strong>Propaga\u00e7\u00e3o da divis\u00e3o: <\/strong>Utilizar os rebentos da raiz da planta-m\u00e3e para a propaga\u00e7\u00e3o. Efetuar a propaga\u00e7\u00e3o por divis\u00e3o de meados de abril a princ\u00edpios de maio. <\/p>\n\n\n\n<p class=\"wp-block-paragraph\">Cavar buracos com um espa\u00e7amento de 30\u00d715 cent\u00edmetros, remover as novas plantas que crescem ao lado da planta-m\u00e3e e coloc\u00e1-las nos buracos. Plantar 2-3 mudas por buraco, espalhar as ra\u00edzes no buraco, cobrir com terra e regar abundantemente.<\/p>\n\n\n\n<h2 class=\"wp-block-heading\">V. Controlo das pragas e das doen\u00e7as<\/h2>\n\n\n\n<p class=\"wp-block-paragraph\">Apesar de a Helichrysum bracteatum ser uma planta perene, algumas ra\u00edzes velhas podem murchar ou ficar doentes ap\u00f3s 2-3 anos de cultivo, por isso, deve alternar o local de planta\u00e7\u00e3o. A podrid\u00e3o radicular \u00e9 comum, especialmente durante as esta\u00e7\u00f5es chuvosas, pelo que se deve assegurar uma boa drenagem do solo. <\/p>\n\n\n\n<p class=\"wp-block-paragraph\">Ap\u00f3s o in\u00edcio da doen\u00e7a, utilizar uma dilui\u00e7\u00e3o de 1000 vezes de um p\u00f3 molh\u00e1vel de carbendazime 50% ou \u00e1gua de cal (5 quilogramas de cal em 100 quilogramas de \u00e1gua).<\/p>\n\n\n\n<h2 class=\"wp-block-heading\">VI. Valor e outras informa\u00e7\u00f5es<\/h2>\n\n\n\n<p class=\"wp-block-paragraph\"><strong>Fonte:<\/strong> Cap\u00edtula seca de Helichrysum bracteatum ou Helichrysum arenarium.<\/p>\n\n\n\n<p class=\"wp-block-paragraph\"><strong>O gosto e os meridianos:<\/strong> Pungente, amargo, salgado e ligeiramente quente. Pertence aos meridianos do pulm\u00e3o, ba\u00e7o, est\u00f4mago e intestino grosso.<\/p>\n\n\n\n<p class=\"wp-block-paragraph\"><strong>Efeitos e aplica\u00e7\u00f5es:<\/strong> \u2460Reduz a fleuma e acalma a tosse e a asma. Esta erva \u00e9 ligeiramente quente e pode ser usada para tratar a tosse e a asma causadas por catarro frio ou calor ou factores externos. <\/p>\n\n\n\n<p class=\"wp-block-paragraph\">Reduz as n\u00e1useas e os v\u00f3mitos. Esta erva tamb\u00e9m \u00e9 boa para reduzir gases estomacais, tratar obstru\u00e7\u00e3o de fleuma, e n\u00e1useas e v\u00f3mitos. \u00c9 frequentemente usada com outras ervas, como mirabilite e Pinellia ternata.<\/p>\n\n\n\n<p class=\"wp-block-paragraph\"><strong>Carater\u00edsticas: <\/strong>Esta erva abre-se com a pung\u00eancia, desce com o amargor, aquece e desce. Entra principalmente nos meridianos do pulm\u00e3o e do est\u00f4mago. <\/p>\n\n\n\n<p class=\"wp-block-paragraph\">N\u00e3o s\u00f3 reduz a fleuma e acalma a asma, como tamb\u00e9m remove a fleuma e a \u00e1gua e alivia a plenitude, tratando a tosse, a asma e o aperto no peito causados pela obstru\u00e7\u00e3o da fleuma e pela invers\u00e3o do qi pulmonar. <\/p>\n\n\n\n<p class=\"wp-block-paragraph\">Tamb\u00e9m reduz o qi do est\u00f4mago e alivia os v\u00f3mitos e os arrotos, tratando os v\u00f3mitos e os arrotos causados pela invers\u00e3o do qi do est\u00f4mago. \u00c9 um medicamento importante para tratar a invers\u00e3o do qi dos pulm\u00f5es e do est\u00f4mago.<\/p>\n\n\n\n<p class=\"wp-block-paragraph\"><strong>Uso e dosagem:<\/strong> Ferver e beber, 3-9 gramas, de prefer\u00eancia decocto num saco.<\/p>\n\n\n\n<p class=\"wp-block-paragraph\"><strong>Precau\u00e7\u00f5es: <\/strong>Esta erva dissipa o calor, pelo que as pessoas com defici\u00eancia de yin, tosse de parto ou les\u00e3o por fluidos e tosse seca n\u00e3o a devem tomar. Al\u00e9m disso, como esta erva tem penugem, pode irritar a garganta e provocar tosse e v\u00f3mitos, pelo que deve ser decocada num saco.<\/p>","protected":false},"excerpt":{"rendered":"<p>Inula japonica, a perennial herb of the Asteraceae family, has a short rhizome that runs horizontally or ascends diagonally, with somewhat robust fibrous roots. Single stems sometimes grow in clusters of 2-3, with head-shaped inflorescences measuring 3-4 cm in diameter, arranged loosely in umbel-shaped formations. The achene, or dry fruit, is 1-1.2 mm long and [&hellip;]<\/p>\n","protected":false},"author":1,"featured_media":8575,"comment_status":"open","ping_status":"open","sticky":false,"template":"","format":"standard","meta":{"_breakdance_hide_in_design_set":false,"_breakdance_tags":"","footnotes":""},"categories":[20],"tags":[],"class_list":["post-8556","post","type-post","status-publish","format-standard","has-post-thumbnail","hentry","category-species-and-types"],"_links":{"self":[{"href":"https:\/\/flowerslib.com\/pt\/wp-json\/wp\/v2\/posts\/8556","targetHints":{"allow":["GET"]}}],"collection":[{"href":"https:\/\/flowerslib.com\/pt\/wp-json\/wp\/v2\/posts"}],"about":[{"href":"https:\/\/flowerslib.com\/pt\/wp-json\/wp\/v2\/types\/post"}],"author":[{"embeddable":true,"href":"https:\/\/flowerslib.com\/pt\/wp-json\/wp\/v2\/users\/1"}],"replies":[{"embeddable":true,"href":"https:\/\/flowerslib.com\/pt\/wp-json\/wp\/v2\/comments?post=8556"}],"version-history":[{"count":0,"href":"https:\/\/flowerslib.com\/pt\/wp-json\/wp\/v2\/posts\/8556\/revisions"}],"wp:featuredmedia":[{"embeddable":true,"href":"https:\/\/flowerslib.com\/pt\/wp-json\/wp\/v2\/media\/8575"}],"wp:attachment":[{"href":"https:\/\/flowerslib.com\/pt\/wp-json\/wp\/v2\/media?parent=8556"}],"wp:term":[{"taxonomy":"category","embeddable":true,"href":"https:\/\/flowerslib.com\/pt\/wp-json\/wp\/v2\/categories?post=8556"},{"taxonomy":"post_tag","embeddable":true,"href":"https:\/\/flowerslib.com\/pt\/wp-json\/wp\/v2\/tags?post=8556"}],"curies":[{"name":"wp","href":"https:\/\/api.w.org\/{rel}","templated":true}]}}