{"id":8031,"date":"2023-08-22T19:28:29","date_gmt":"2023-08-22T11:28:29","guid":{"rendered":"https:\/\/flowerslib.com\/?p=8031"},"modified":"2023-08-27T23:03:12","modified_gmt":"2023-08-27T15:03:12","slug":"platycodon-grandiflorus","status":"publish","type":"post","link":"https:\/\/flowerslib.com\/pt\/platycodon-grandiflorus\/","title":{"rendered":"Platycodon Grandiflorus: Das ra\u00edzes medicinais \u00e0 maravilha do jardim"},"content":{"rendered":"<p class=\"wp-block-paragraph\">O Platycodon grandiflorus \u00e9 uma planta herb\u00e1cea perene da fam\u00edlia Campanulaceae. Tem um sistema radicular robusto com um caule n\u00e3o ramificado, embora alguns possam ter uma sec\u00e7\u00e3o superior ramificada. As folhas s\u00e3o ovadas, ovado-el\u00edpticas a lanceoladas com bordos finamente serrilhados. <\/p>\n\n\n\n<p class=\"wp-block-paragraph\">A flor, tipicamente do tipo p\u00e9tala fundida, \u00e9 de cor azul ou p\u00farpura. O fruto tem uma forma vari\u00e1vel, desde esf\u00e9rico a ovado invertido. O fruto <a href=\"https:\/\/flowerslib.com\/pt\/as-flores-desabrocham-em-julho\/\">floresce a partir de julho<\/a> a setembro e d\u00e1 frutos de agosto a outubro.<\/p>\n\n\n\n<p class=\"wp-block-paragraph\"> A Flor Bal\u00e3o adquiriu o seu nome devido \u00e0 sua raiz s\u00f3lida e erecta, como afirma Li Shizhen: \"A raiz desta planta \u00e9 s\u00f3lida e vertical, da\u00ed o nome Flor Bal\u00e3o\".<\/p>\n\n\n\n<p class=\"wp-block-paragraph\">Originalmente origin\u00e1ria do Norte da China, da Pen\u00ednsula Coreana e do Extremo Oriente da R\u00fassia, encontra-se atualmente sobretudo no Nordeste, Norte, Este e Centro da China, bem como no Jap\u00e3o. <\/p>\n\n\n\n<p class=\"wp-block-paragraph\">A flor-bal\u00e3o desenvolve-se bem ao sol e em ambientes frescos, \u00e9 resistente \u00e0 geada, tolerante \u00e0 seca, n\u00e3o gosta de encharcamento e prefere solos soltos f\u00e9rteis, h\u00famidos e bem drenados. O seu m\u00e9todo de propaga\u00e7\u00e3o \u00e9 por semente, quer diretamente semeada quer transplantada ap\u00f3s o cultivo de pl\u00e2ntulas.<\/p>\n\n\n\n<p class=\"wp-block-paragraph\">O bal\u00e3o <a href=\"https:\/\/flowerslib.com\/pt\/flores-medicinais-de-topo\/\">A flor \u00e9 tamb\u00e9m uma planta medicinal<\/a> planta. Conforme registado no \"Shennong Bencaojing\", tem um sabor pungente e um ligeiro calor. Diz-se que trata sintomas como dores agudas no peito e nas costelas, plenitude no abd\u00f3men, medo e palpita\u00e7\u00f5es. \u00c9 conhecido por limpar os pulm\u00f5es, beneficiar a garganta e remover a fleuma. <\/p>\n\n\n\n<p class=\"wp-block-paragraph\">\u00c9 utilizada para tratar a dor de garganta, a perda de voz, a tosse e o excesso de catarro. As pessoas com \u00falceras g\u00e1stricas e duodenais consideram-na particularmente ben\u00e9fica, embora grandes doses possam causar n\u00e1useas e v\u00f3mitos. A raiz fresca da flor de bal\u00e3o tamb\u00e9m pode ser utilizada como vegetal. <\/p>\n\n\n\n<p class=\"wp-block-paragraph\">O pickle de flor de bal\u00e3o \u00e9 uma das especialidades da cozinha coreana. Para al\u00e9m disso, a flor-bal\u00e3o \u00e9 uma planta ornamental, cuja flor simboliza o \"amor eterno\". Pode ser utilizada em canteiros de flores e a sua raiz pode ser utilizada como medicamento ou como vegetal, o que a torna uma planta vers\u00e1til.<\/p>\n\n\n\n<h2 class=\"wp-block-heading\">Hist\u00f3ria da Bot\u00e2nica<\/h2>\n\n\n\n<p class=\"wp-block-paragraph\"><\/p>\n\n\n<div class=\"wp-block-image\">\n<figure class=\"aligncenter size-full\"><img loading=\"lazy\" decoding=\"async\" width=\"1200\" height=\"800\" src=\"https:\/\/flowerslib.com\/wp-content\/uploads\/2023\/08\/4-40.jpg\" alt=\"\" class=\"wp-image-8051\" srcset=\"https:\/\/flowerslib.com\/wp-content\/uploads\/2023\/08\/4-40.jpg 1200w, https:\/\/flowerslib.com\/wp-content\/uploads\/2023\/08\/4-40-300x200.jpg 300w, https:\/\/flowerslib.com\/wp-content\/uploads\/2023\/08\/4-40-150x100.jpg 150w, https:\/\/flowerslib.com\/wp-content\/uploads\/2023\/08\/4-40-768x512.jpg 768w\" sizes=\"auto, (max-width: 1200px) 100vw, 1200px\" \/><\/figure>\n<\/div>\n\n\n<p class=\"wp-block-paragraph\"><\/p>\n\n\n\n<p class=\"wp-block-paragraph\">O nome da flor-de-sino est\u00e1 relacionado com as suas ra\u00edzes, como Li Shizhen disse uma vez: \"As ra\u00edzes desta planta s\u00e3o s\u00f3lidas e verticais, da\u00ed o nome 'flor-de-sino'\".<\/p>\n\n\n\n<h2 class=\"wp-block-heading\">Carater\u00edsticas morfol\u00f3gicas<\/h2>\n\n\n\n<p class=\"wp-block-paragraph\">O caule tem 20 a 120 cm de altura, geralmente sem p\u00ealos, ocasionalmente coberto de p\u00ealos curtos, n\u00e3o ramificado e raramente ramificado no topo. Todas as folhas s\u00e3o espiraladas, parcialmente espiraladas a totalmente opostas, sem pec\u00edolo ou com um pec\u00edolo muito curto. <\/p>\n\n\n\n<p class=\"wp-block-paragraph\">A l\u00e2mina foliar \u00e9 ovalada, ovada a lanceolada, com 2 a 7 cm de comprimento, 0,5 a 3,5 cm de largura, com uma base larga em forma de cunha a arredondada e romba, fortemente pontiaguda, sem p\u00ealos e verde na superf\u00edcie superior, geralmente sem p\u00ealos e branca pulverulenta na superf\u00edcie inferior, por vezes com p\u00ealos curtos ou p\u00ealos semelhantes a caro\u00e7os nas veias, e finamente serrilhada na extremidade.<\/p>\n\n\n\n<p class=\"wp-block-paragraph\">As flores s\u00e3o \u00fanicas e terminais, ou v\u00e1rias est\u00e3o reunidas numa pseudospiga, ou a infloresc\u00eancia ramifica-se e re\u00fane-se numa infloresc\u00eancia c\u00f3nica; o c\u00e1lice \u00e9 em forma de sino com cinco l\u00f3bulos, coberto de p\u00f3 branco, os l\u00f3bulos s\u00e3o triangulares, ou triangulares estreitos, por vezes dentados; a corola \u00e9 grande, com 1,5 a 4,0 cm de comprimento, azul, p\u00farpura ou branca.<\/p>\n\n\n\n<p class=\"wp-block-paragraph\">A c\u00e1psula \u00e9 esf\u00e9rica, ou esf\u00e9rica c\u00f3nica invertida, ou invertida ovada, com 1 a 2,5 cm de comprimento e cerca de 1 cm de di\u00e2metro. A c\u00e1psula <a href=\"https:\/\/flowerslib.com\/pt\/as-flores-com-o-periodo-de-floracao-mais-longo-do-mundo\/\">per\u00edodo de flora\u00e7\u00e3o<\/a> \u00e9 de julho a setembro.<\/p>\n\n\n\n<h2 class=\"wp-block-heading\">Gama de distribui\u00e7\u00e3o<\/h2>\n\n\n\n<p class=\"wp-block-paragraph\">Nativa da Coreia do Norte, do Jap\u00e3o, do Extremo Oriente da R\u00fassia e das regi\u00f5es meridionais da Sib\u00e9ria. O esp\u00e9cime-tipo foi colhido na Sib\u00e9ria, R\u00fassia.<\/p>\n\n\n\n<h2 class=\"wp-block-heading\">H\u00e1bitos de crescimento<\/h2>\n\n\n\n<p class=\"wp-block-paragraph\">As flores de sino preferem climas frescos, s\u00e3o resistentes ao frio e apreciam o sol. S\u00e3o adequadas para cultivo em zonas montanhosas abaixo de 1.100 m acima do n\u00edvel do mar, em solos arenosos e semi-sombreados. Crescem melhor em solos argilosos neutros ricos em f\u00f3sforo e pot\u00e1ssio. <\/p>\n\n\n\n<p class=\"wp-block-paragraph\">O tempo de vida da semente \u00e9 de um ano, mas pode ser prolongado se for armazenado a baixas temperaturas. O armazenamento a seco de sementes entre 0 e 4 graus Celsius durante 18 meses aumenta a taxa de germina\u00e7\u00e3o em 3,5 a 4 vezes em compara\u00e7\u00e3o com o armazenamento \u00e0 temperatura ambiente. <\/p>\n\n\n\n<p class=\"wp-block-paragraph\">A taxa de germina\u00e7\u00e3o das sementes \u00e9 de 70%, e a temperaturas de 18 a 25 graus Celsius, se a temperatura for suficiente, as pl\u00e2ntulas aparecer\u00e3o 15 dias ap\u00f3s a sementeira.<\/p>\n\n\n\n<h2 class=\"wp-block-heading\">M\u00e9todo de propaga\u00e7\u00e3o<\/h2>\n\n\n\n<p class=\"wp-block-paragraph\"><\/p>\n\n\n\n<figure class=\"wp-block-image size-full\"><img loading=\"lazy\" decoding=\"async\" width=\"1200\" height=\"800\" src=\"https:\/\/flowerslib.com\/wp-content\/uploads\/2023\/08\/1-134.jpg\" alt=\"Platycodon grandiflorus\" class=\"wp-image-8045\" srcset=\"https:\/\/flowerslib.com\/wp-content\/uploads\/2023\/08\/1-134.jpg 1200w, https:\/\/flowerslib.com\/wp-content\/uploads\/2023\/08\/1-134-300x200.jpg 300w, https:\/\/flowerslib.com\/wp-content\/uploads\/2023\/08\/1-134-150x100.jpg 150w, https:\/\/flowerslib.com\/wp-content\/uploads\/2023\/08\/1-134-768x512.jpg 768w\" sizes=\"auto, (max-width: 1200px) 100vw, 1200px\" \/><\/figure>\n\n\n\n<p class=\"wp-block-paragraph\"><\/p>\n\n\n\n<p class=\"wp-block-paragraph\">Para a propaga\u00e7\u00e3o das flores de camp\u00e2nula, selecionar plantas de alto rendimento para a reten\u00e7\u00e3o de sementes. No final de agosto, remover a infloresc\u00eancia dos ramos laterais da planta de reten\u00e7\u00e3o de sementes para concentrar nutrientes para o desenvolvimento dos frutos superiores e m\u00e9dios, promovendo sementes cheias e melhorando a qualidade das sementes. <\/p>\n\n\n\n<p class=\"wp-block-paragraph\">Quando a c\u00e1psula fica amarela, corta-se a planta inteira e deixa-se secar num local ventilado at\u00e9 amadurecer, depois seca-se ao sol e debulha-se as sementes para utiliza\u00e7\u00e3o futura. A sementeira direta \u00e9 geralmente adoptada, mas o transplante de pl\u00e2ntulas tamb\u00e9m pode ser utilizado. <\/p>\n\n\n\n<p class=\"wp-block-paragraph\">No entanto, a sementeira direta d\u00e1 melhores resultados do que a transplanta\u00e7\u00e3o, com menos ra\u00edzes partidas e melhor qualidade. A sementeira pode ser feita no outono, no inverno ou na primavera, sendo a sementeira no outono a melhor.<\/p>\n\n\n\n<h3 class=\"wp-block-heading\">Sele\u00e7\u00e3o de sementes<\/h3>\n\n\n\n<p class=\"wp-block-paragraph\">As sementes de camp\u00e2nula devem ser escolhidas a partir de sementes n\u00e3o acumuladas com dois anos ou mais (a taxa de germina\u00e7\u00e3o das sementes acumuladas durante um ano diminuir\u00e1 em mais de 70%). Antes da planta\u00e7\u00e3o, deve ser efectuado um teste de germina\u00e7\u00e3o para garantir que a taxa de germina\u00e7\u00e3o das sementes \u00e9 superior a 70%. <\/p>\n\n\n\n<p class=\"wp-block-paragraph\">O m\u00e9todo espec\u00edfico para o teste de germina\u00e7\u00e3o \u00e9: pegar numa pequena quantidade de sementes, mergulh\u00e1-las em \u00e1gua quente a 40-50\u00b0C durante 8-12 horas, depois retirar as sementes, drenar a \u00e1gua, coloc\u00e1-las num pano, mistur\u00e1-las com areia h\u00famida e germinar a uma temperatura de cerca de 25\u00b0C, tendo o cuidado de virar e pulverizar \u00e1gua atempadamente. A germina\u00e7\u00e3o pode ocorrer dentro de 4-6 dias.<\/p>\n\n\n\n<h3 class=\"wp-block-heading\">Semeadura<\/h3>\n\n\n\n<p class=\"wp-block-paragraph\"><\/p>\n\n\n<div class=\"wp-block-image\">\n<figure class=\"aligncenter size-full\"><img loading=\"lazy\" decoding=\"async\" width=\"1200\" height=\"800\" src=\"https:\/\/flowerslib.com\/wp-content\/uploads\/2023\/08\/6-23.jpg\" alt=\"\" class=\"wp-image-8043\" srcset=\"https:\/\/flowerslib.com\/wp-content\/uploads\/2023\/08\/6-23.jpg 1200w, https:\/\/flowerslib.com\/wp-content\/uploads\/2023\/08\/6-23-300x200.jpg 300w, https:\/\/flowerslib.com\/wp-content\/uploads\/2023\/08\/6-23-150x100.jpg 150w, https:\/\/flowerslib.com\/wp-content\/uploads\/2023\/08\/6-23-768x512.jpg 768w\" sizes=\"auto, (max-width: 1200px) 100vw, 1200px\" \/><\/figure>\n<\/div>\n\n\n<p class=\"wp-block-paragraph\"><\/p>\n\n\n\n<p class=\"wp-block-paragraph\">As flores de camp\u00e2nula podem ser semeadas na primavera ou no ver\u00e3o. Para as sementeiras de primavera, \u00e9 aconselh\u00e1vel utilizar a imers\u00e3o a quente para acelerar a emerg\u00eancia das pl\u00e2ntulas. Colocar as sementes em \u00e1gua quente, mexer at\u00e9 a \u00e1gua arrefecer e depois deixar de molho durante mais 8 horas. <\/p>\n\n\n\n<p class=\"wp-block-paragraph\">Colocar o pano embrulhado com as sementes numa fatia de saco de juta h\u00famido, tap\u00e1-lo e enxaguar com \u00e1gua morna de manh\u00e3 e \u00e0 noite. Ap\u00f3s cerca de 5 dias, semear as sementes quando estas come\u00e7arem a brotar. Espalhe as sementes uniformemente no sulco. <\/p>\n\n\n\n<p class=\"wp-block-paragraph\">Dado que as sementes s\u00e3o pequenas, pode mistur\u00e1-las com areia fina para as semear. Cobrir com terra ou cinzas ap\u00f3s a sementeira e regar para manter o solo h\u00famido nas zonas \u00e1ridas. Cada acre requer 500-750 gramas de sementes. <\/p>\n\n\n\n<p class=\"wp-block-paragraph\">Durante o per\u00edodo de emerg\u00eancia das pl\u00e2ntulas, \u00e9 importante soltar o solo e remover as ervas daninhas. Quando as mudas estiverem com cerca de 2 cm de altura, desbaste-as, deixando mudas fortes a uma dist\u00e2ncia de um metro da planta. As \u00e1reas finas ou interrompidas devem ser complementadas com mudas em dias nublados. <\/p>\n\n\n\n<p class=\"wp-block-paragraph\">Em seguida, aplicar uma camada fina de estrume humano e animal, cobrir ap\u00f3s a aplica\u00e7\u00e3o, aplicar mais uma vez e cultivar o solo para evitar o acamamento. Cobrir ap\u00f3s a aplica\u00e7\u00e3o. <\/p>\n\n\n\n<p class=\"wp-block-paragraph\">Al\u00e9m disso, \u00e9 necess\u00e1rio soltar frequentemente o solo e as ervas daninhas, e regar atempadamente de manh\u00e3 cedo. Geralmente, a colheita \u00e9 efectuada antes de o rebento brotar, no final do outono ou no in\u00edcio da primavera, ap\u00f3s a sementeira.<\/p>\n\n\n\n<p class=\"wp-block-paragraph\">Evitar a bifurca\u00e7\u00e3o das ra\u00edzes da flor de bal\u00e3o. As melhores flores de bal\u00e3o s\u00e3o as que t\u00eam caules direitos e firmes e poucas ra\u00edzes bifurcadas. As flores de bal\u00e3o cultivadas t\u00eam frequentemente muitas ra\u00edzes fundidas, algumas bifurcadas, outras trifurcadas e outras com ra\u00edzes prim\u00e1rias e laterais grossas e curtas. <\/p>\n\n\n\n<p class=\"wp-block-paragraph\">Isto afecta significativamente a qualidade. Se uma planta tiver v\u00e1rios rebentos, ter\u00e1 ra\u00edzes bifurcadas, e quanto mais vigoroso for o rebento, mais afectar\u00e1 o crescimento da raiz prim\u00e1ria. <\/p>\n\n\n\n<p class=\"wp-block-paragraph\">Por outro lado, se uma planta tiver apenas um rebento, n\u00e3o haver\u00e1 bifurca\u00e7\u00e3o ou ramifica\u00e7\u00e3o. Parece que a solu\u00e7\u00e3o para o problema das ra\u00edzes bifurcadas nas flores-bal\u00e3o \u00e9 simples. Enquanto cada planta de flores de bal\u00e3o tiver apenas um rebento, n\u00e3o haver\u00e1 bifurca\u00e7\u00e3o ou ramifica\u00e7\u00e3o. <\/p>\n\n\n\n<p class=\"wp-block-paragraph\">Por conseguinte, os rebentos em excesso devem ser retirados em qualquer altura, especialmente na segunda primavera, quando as plantas t\u00eam mais probabilidades de produzir v\u00e1rios rebentos. Nesta altura, deve ser dada especial aten\u00e7\u00e3o \u00e0 remo\u00e7\u00e3o dos rebentos em excesso e \u00e0 manuten\u00e7\u00e3o de uma planta por rebento. <\/p>\n\n\n\n<p class=\"wp-block-paragraph\">Ao mesmo tempo, aplicar mais fertilizantes fosfatados e menos fertilizantes pot\u00e1ssicos para evitar o crescimento excessivo das partes acima do solo. Se necess\u00e1rio, arrancar os topos para reduzir o consumo de nutrientes e promover o crescimento normal das ra\u00edzes.<\/p>\n\n\n\n<p class=\"wp-block-paragraph\">As sementes da sementeira de sequeiro precisam de emergir em cerca de 25 dias, e as sementes da sementeira de germina\u00e7\u00e3o tamb\u00e9m precisam de emergir em cerca de 10 dias. Ap\u00f3s a emerg\u00eancia das pl\u00e2ntulas, procede-se \u00e0 monda atempada. <\/p>\n\n\n\n<p class=\"wp-block-paragraph\">Se as pl\u00e2ntulas forem demasiado densas, desbaste-as atempadamente, mantendo 10-12 plantas por 100 cent\u00edmetros quadrados, deixando uma pl\u00e2ntula a cada 5 cent\u00edmetros para desbaste (cerca de 60.000 plantas por acre) e soltando o solo. <\/p>\n\n\n\n<p class=\"wp-block-paragraph\">As ervas daninhas tamb\u00e9m devem ser removidas na fase posterior. Al\u00e9m disso, o per\u00edodo de flora\u00e7\u00e3o das flores de camp\u00e2nula \u00e9 longo, o que consome uma grande quantidade de nutrientes e afecta o crescimento das ra\u00edzes. Exceto nos campos de reten\u00e7\u00e3o de sementes, deve ser feito um desbaste atempado das flores e dos frutos para melhorar o rendimento e a qualidade das ra\u00edzes.<\/p>\n\n\n\n<h2 class=\"wp-block-heading\">T\u00e9cnicas de cultivo<\/h2>\n\n\n\n<p class=\"wp-block-paragraph\"><\/p>\n\n\n<div class=\"wp-block-image\">\n<figure class=\"aligncenter size-full\"><img loading=\"lazy\" decoding=\"async\" width=\"1200\" height=\"800\" src=\"https:\/\/flowerslib.com\/wp-content\/uploads\/2023\/08\/2-104.jpg\" alt=\"\" class=\"wp-image-8046\" srcset=\"https:\/\/flowerslib.com\/wp-content\/uploads\/2023\/08\/2-104.jpg 1200w, https:\/\/flowerslib.com\/wp-content\/uploads\/2023\/08\/2-104-300x200.jpg 300w, https:\/\/flowerslib.com\/wp-content\/uploads\/2023\/08\/2-104-150x100.jpg 150w, https:\/\/flowerslib.com\/wp-content\/uploads\/2023\/08\/2-104-768x512.jpg 768w\" sizes=\"auto, (max-width: 1200px) 100vw, 1200px\" \/><\/figure>\n<\/div>\n\n\n<p class=\"wp-block-paragraph\"><\/p>\n\n\n\n<h3 class=\"wp-block-heading\">Sele\u00e7\u00e3o do local<\/h3>\n\n\n\n<p class=\"wp-block-paragraph\">A flor de bal\u00e3o desenvolve-se bem em solos soltos, nomeadamente nas encostas e nas montanhas, sendo o terreno semi-sombreado o ideal. Para o cultivo em terrenos planos, \u00e9 indispens\u00e1vel uma boa drenagem. N\u00e3o se recomenda o cultivo sucessivo de flores de bal\u00e3o.<\/p>\n\n\n\n<h3 class=\"wp-block-heading\">Prepara\u00e7\u00e3o do terreno<\/h3>\n\n\n\n<p class=\"wp-block-paragraph\">Dado que as flores de bal\u00e3o t\u00eam ra\u00edzes longas e carnudas, a cultura em camalh\u00f5es \u00e9 ideal. No in\u00edcio da primavera (de meados a finais de abril), espalhar um pouco de estrume e lavrar bem o solo (lavrar em profundidade at\u00e9 30 cm). <\/p>\n\n\n\n<p class=\"wp-block-paragraph\">Ao fazer camalh\u00f5es, marcar linhas de grelha com 2 metros de dist\u00e2ncia no solo, cavar trincheiras e depois empurrar o solo das trincheiras para ambos os lados para formar camalh\u00f5es com cerca de 1,7 metros de largura e 30 cm de profundidade. Em caso de seca, a irriga\u00e7\u00e3o pode ser efectuada ao longo das trincheiras em prepara\u00e7\u00e3o para a sementeira.<\/p>\n\n\n\n<h3 class=\"wp-block-heading\">Fertiliza\u00e7\u00e3o<\/h3>\n\n\n\n<p class=\"wp-block-paragraph\">Antes da sementeira no campo, aplicar 2000-3000 kg de estrume de curral, 40 kg de adubo composto de cereais e 30 kg de superfosfato de c\u00e1lcio por acre. Para prevenir os nem\u00e1todos, misturar 1 kg de metamidofos por tonelada com o estrume de curral antes da lavoura. <\/p>\n\n\n\n<p class=\"wp-block-paragraph\">A fertiliza\u00e7\u00e3o posterior utiliza principalmente \u00e1gua limpa de estrume ou ureia, que pode ser aplicada em julho do ano em curso e de julho a agosto do ano seguinte. <\/p>\n\n\n\n<p class=\"wp-block-paragraph\">De cada vez, aplicar cerca de 2 toneladas de \u00e1gua de estrume limpa por acre com uma concentra\u00e7\u00e3o de cerca de 10%. Se a concentra\u00e7\u00e3o for elevada ap\u00f3s a fertiliza\u00e7\u00e3o, lavar imediatamente as plantas com \u00e1gua limpa.<\/p>\n\n\n\n<h2 class=\"wp-block-heading\">Controlo de pragas e doen\u00e7as<\/h2>\n\n\n\n<ol class=\"wp-block-list\">\n<li><strong>Podrid\u00e3o radicular:<\/strong> Isto afecta as ra\u00edzes, causando manchas castanho-escuras nas ra\u00edzes infectadas e acabando por apodrecer toda a planta.<br><strong>M\u00e9todos de controlo:<\/strong><br>(1) Regar a zona infetada com uma solu\u00e7\u00e3o 1000 vezes dilu\u00edda de carbendazime.<br>(2) Prestar aten\u00e7\u00e3o \u00e0 drenagem ap\u00f3s a chuva; o campo n\u00e3o deve estar demasiado molhado.<\/li>\n\n\n\n<li><strong>O\u00eddio: <\/strong>Esta doen\u00e7a afecta principalmente as folhas. Quando infectadas, as folhas ficam cobertas de p\u00f3 cinzento e toda a planta pode murchar se a doen\u00e7a for grave.<br><strong>M\u00e9todos de controlo:<\/strong> Pulverizar um composto de enxofre a 0,3 graus ou uma solu\u00e7\u00e3o 500 vezes dilu\u00edda de sab\u00e3o fungicida nas fases iniciais da doen\u00e7a, ou pulverizar uma solu\u00e7\u00e3o 1800 vezes dilu\u00edda de inibidor de ferrugem 20%.<\/li>\n\n\n\n<li><strong>Doen\u00e7a do nem\u00e1todo das galhas:<\/strong> Quando afectadas, as ra\u00edzes apresentam protuber\u00e2ncias da doen\u00e7a e os caules e folhas acima do solo murcham precocemente.<br><strong>M\u00e9todos de controlo: <\/strong>Aplicar 1500 kg\/ha de adubo de baga\u00e7o de ch\u00e1 como adubo de base para atenuar os danos. Antes da sementeira, utilizar azoto calc\u00e1rio ou dibromocloropropano para a desinfe\u00e7\u00e3o do solo.<\/li>\n\n\n\n<li><strong>Doen\u00e7a das penas com riscas roxas:<\/strong> Esta doen\u00e7a afecta gravemente as plantas a partir de meados de setembro e, em outubro, as ra\u00edzes apodrecem. Inicialmente, as ra\u00edzes infectadas ficam vermelhas e densamente cobertas por mic\u00e9lio castanho-avermelhado em forma de teia. Mais tarde, formam mic\u00e9lio p\u00farpura do tamanho de um feij\u00e3o-mungo, provocando o murchamento e a morte dos caules e das folhas.<br><strong>M\u00e9todos de controlo:<\/strong> Evitar as culturas sucessivas e efetuar a rota\u00e7\u00e3o de culturas. Arrancar e queimar as plantas infectadas e desinfetar a cova da doen\u00e7a com \u00e1gua de cal 5%.<\/li>\n\n\n\n<li><strong>Antracnose:<\/strong> Esta doen\u00e7a \u00e9 predominante durante os meses quentes e h\u00famidos (julho a agosto), propaga-se rapidamente e provoca o colapso e a morte das plantas. Afecta principalmente a base do caule, aparecendo inicialmente como manchas castanhas na base do caule, expandindo-se gradualmente \u00e0 volta do caule e causando mais tarde o encolhimento da parte doente e o colapso da planta.<br><strong>M\u00e9todos de controlo:<\/strong> Pulverizar uma solu\u00e7\u00e3o 500 vezes dilu\u00edda do p\u00f3 molh\u00e1vel 20% Tektamer para preven\u00e7\u00e3o antes de as pl\u00e2ntulas germinarem. Na fase inicial da doen\u00e7a, pulverizar a calda bordalesa 1:1:100 ou uma solu\u00e7\u00e3o 800 vezes dilu\u00edda do p\u00f3 molh\u00e1vel 50% methylobenzene, pulverizando uma vez de 10 em 10 dias, num total de 3-4 vezes.<\/li>\n\n\n\n<li><strong>Doen\u00e7as da mancha anelar e da mancha foliar:<\/strong> Estes afectam as folhas. Pulverizar a calda bordalesa 1:1:100 ou uma solu\u00e7\u00e3o 1000 vezes dilu\u00edda de p\u00f3 molh\u00e1vel de carbendazim 50% na fase inicial da doen\u00e7a, pulverizando 2-3 vezes consecutivas.<\/li>\n\n\n\n<li><strong>Gorgulhos subterr\u00e2neos:<\/strong> Estas pragas afectam as ra\u00edzes das flores de bal\u00e3o. Durante o per\u00edodo de acasalamento dos gorgulhos adultos, entre mar\u00e7o e abril, e o per\u00edodo das larvas, entre maio e junho, pulverizar uma solu\u00e7\u00e3o 800 vezes dilu\u00edda de diazin\u00e3o 90% ou uma solu\u00e7\u00e3o 1000 vezes dilu\u00edda de emuls\u00e3o de foxima 50% para os matar.<\/li>\n<\/ol>\n\n\n\n<h2 class=\"wp-block-heading\">Valor prim\u00e1rio<\/h2>\n\n\n\n<p class=\"wp-block-paragraph\"><\/p>\n\n\n<div class=\"wp-block-image\">\n<figure class=\"aligncenter size-full\"><img loading=\"lazy\" decoding=\"async\" width=\"1200\" height=\"800\" src=\"https:\/\/flowerslib.com\/wp-content\/uploads\/2023\/08\/3-63.jpg\" alt=\"\" class=\"wp-image-8047\" srcset=\"https:\/\/flowerslib.com\/wp-content\/uploads\/2023\/08\/3-63.jpg 1200w, https:\/\/flowerslib.com\/wp-content\/uploads\/2023\/08\/3-63-300x200.jpg 300w, https:\/\/flowerslib.com\/wp-content\/uploads\/2023\/08\/3-63-150x100.jpg 150w, https:\/\/flowerslib.com\/wp-content\/uploads\/2023\/08\/3-63-768x512.jpg 768w\" sizes=\"auto, (max-width: 1200px) 100vw, 1200px\" \/><\/figure>\n<\/div>\n\n\n<p class=\"wp-block-paragraph\"><\/p>\n\n\n\n<h3 class=\"wp-block-heading\">Valor econ\u00f3mico<\/h3>\n\n\n\n<p class=\"wp-block-paragraph\">Uma cultura de Platycodon grandiflorus de 100 acres e tr\u00eas anos de idade produz 200 toneladas. Devido ao car\u00e1cter fortemente c\u00edclico da planta, os pre\u00e7os flutuam significativamente. O pre\u00e7o da Platycodon grandiflorus \u00e9 de $5,5 por quilograma (produto fresco).<\/p>\n\n\n\n<h3 class=\"wp-block-heading\">Valor comest\u00edvel<\/h3>\n\n\n\n<p class=\"wp-block-paragraph\">A Platycodon grandiflorus \u00e9 uma esp\u00e9cie de duplo objetivo, utilizada tanto para fins medicinais como culin\u00e1rios. As formas mais comuns de Platycodon grandiflorus no mercado s\u00e3o em conserva ou n\u00e3o em conserva. <\/p>\n\n\n\n<p class=\"wp-block-paragraph\">O produto representativo, os pickles de Platycodon grandiflorus, \u00e9 um produto t\u00edpico em conserva, enquanto a salada de Platycodon grandiflorus da Letian Beauty \u00e9 um representante da variedade n\u00e3o em conserva.<\/p>\n\n\n\n<p class=\"wp-block-paragraph\">Receita de Platycodon grandiflorus:<\/p>\n\n\n\n<ol class=\"wp-block-list\">\n<li>Mergulhar o Platycodon grandiflorus fresco em \u00e1gua, picar o gengibre, a cebola verde e o alho, picar o molho de camar\u00e3o.<\/li>\n\n\n\n<li>Preparar o MSG, o sal, o a\u00e7\u00facar e a malagueta em p\u00f3.<\/li>\n\n\n\n<li>Descasque a pera e a ma\u00e7\u00e3 e reduza-as a pur\u00e9.<\/li>\n\n\n\n<li>Coloque todos os condimentos numa tigela, deite o pur\u00e9 de ma\u00e7\u00e3 e pera misturado na tigela, misture bem e, em seguida, adicione uma colher de sementes de s\u00e9samo brancas cozidas.<\/li>\n\n\n\n<li>Mexer at\u00e9 ficar homog\u00e9neo.<\/li>\n\n\n\n<li>Escorrer a Platycodon grandiflorus, esfregar v\u00e1rias vezes com sal para tirar o amargor, depois passar v\u00e1rias vezes por \u00e1gua limpa.<\/li>\n\n\n\n<li>Espremer a Platycodon grandiflorus at\u00e9 ficar seca, coloc\u00e1-la num recipiente maior e deitar o tempero preparado.<\/li>\n\n\n\n<li>Usando luvas descart\u00e1veis, misture tudo uniformemente \u00e0 m\u00e3o e sirva em seguida.<\/li>\n<\/ol>\n\n\n\n<h2 class=\"wp-block-heading\">Cultura de plantas<\/h2>\n\n\n\n<p class=\"wp-block-paragraph\">Segundo a lenda, a flora\u00e7\u00e3o da Platycodon grandiflorus simboliza o regresso da felicidade. A Platycodon grandiflorus tem um duplo significado - amor eterno e amor sem esperan\u00e7a.<\/p>\n\n\n\n<ol class=\"wp-block-list\">\n<li>Amor eterno e imut\u00e1vel; sinceridade, obedi\u00eancia, tristeza.<\/li>\n\n\n\n<li>Amor sem esperan\u00e7a.<\/li>\n\n\n\n<li>Saudade.<\/li>\n<\/ol>","protected":false},"excerpt":{"rendered":"<p>Platycodon grandiflorus is a perennial herbaceous plant of the family Campanulaceae. It has a robust root system with an unbranched stem, though a few may have an upper branching section. The leaves are ovate, ovate-elliptic to lanceolate with finely serrated edges. The flower, typically a fused petal type, is blue or purple in color. The [&hellip;]<\/p>\n","protected":false},"author":1,"featured_media":8050,"comment_status":"open","ping_status":"open","sticky":false,"template":"","format":"standard","meta":{"_breakdance_hide_in_design_set":false,"_breakdance_tags":"","footnotes":""},"categories":[20],"tags":[],"class_list":["post-8031","post","type-post","status-publish","format-standard","has-post-thumbnail","hentry","category-species-and-types"],"_links":{"self":[{"href":"https:\/\/flowerslib.com\/pt\/wp-json\/wp\/v2\/posts\/8031","targetHints":{"allow":["GET"]}}],"collection":[{"href":"https:\/\/flowerslib.com\/pt\/wp-json\/wp\/v2\/posts"}],"about":[{"href":"https:\/\/flowerslib.com\/pt\/wp-json\/wp\/v2\/types\/post"}],"author":[{"embeddable":true,"href":"https:\/\/flowerslib.com\/pt\/wp-json\/wp\/v2\/users\/1"}],"replies":[{"embeddable":true,"href":"https:\/\/flowerslib.com\/pt\/wp-json\/wp\/v2\/comments?post=8031"}],"version-history":[{"count":0,"href":"https:\/\/flowerslib.com\/pt\/wp-json\/wp\/v2\/posts\/8031\/revisions"}],"wp:featuredmedia":[{"embeddable":true,"href":"https:\/\/flowerslib.com\/pt\/wp-json\/wp\/v2\/media\/8050"}],"wp:attachment":[{"href":"https:\/\/flowerslib.com\/pt\/wp-json\/wp\/v2\/media?parent=8031"}],"wp:term":[{"taxonomy":"category","embeddable":true,"href":"https:\/\/flowerslib.com\/pt\/wp-json\/wp\/v2\/categories?post=8031"},{"taxonomy":"post_tag","embeddable":true,"href":"https:\/\/flowerslib.com\/pt\/wp-json\/wp\/v2\/tags?post=8031"}],"curies":[{"name":"wp","href":"https:\/\/api.w.org\/{rel}","templated":true}]}}