{"id":7734,"date":"2024-08-01T17:30:37","date_gmt":"2024-08-01T09:30:37","guid":{"rendered":"https:\/\/flowerslib.com\/?p=7734"},"modified":"2024-08-01T17:30:40","modified_gmt":"2024-08-01T09:30:40","slug":"flores-que-comecam-por-v","status":"publish","type":"post","link":"https:\/\/flowerslib.com\/pt\/flowers-that-start-with-v\/","title":{"rendered":"9 Flores que come\u00e7am por V"},"content":{"rendered":"<h2 class=\"wp-block-heading\">1. Vanda<\/h2>\n\n\n\n<p class=\"wp-block-paragraph\"><\/p>\n\n\n\n<figure class=\"wp-block-image size-full\"><img loading=\"lazy\" decoding=\"async\" width=\"1200\" height=\"800\" src=\"https:\/\/flowerslib.com\/wp-content\/uploads\/2023\/08\/1-105.jpg\" alt=\"\" class=\"wp-image-7876\" srcset=\"https:\/\/flowerslib.com\/wp-content\/uploads\/2023\/08\/1-105.jpg 1200w, https:\/\/flowerslib.com\/wp-content\/uploads\/2023\/08\/1-105-300x200.jpg 300w, https:\/\/flowerslib.com\/wp-content\/uploads\/2023\/08\/1-105-150x100.jpg 150w, https:\/\/flowerslib.com\/wp-content\/uploads\/2023\/08\/1-105-768x512.jpg 768w\" sizes=\"auto, (max-width: 1200px) 100vw, 1200px\" \/><\/figure>\n\n\n\n<p class=\"wp-block-paragraph\"><\/p>\n\n\n\n<p class=\"wp-block-paragraph\">A Vanda, tamb\u00e9m conhecida como Wanda, \u00e9 um g\u00e9nero distinto de orqu\u00eddeas ep\u00edfitas conhecido pela sua beleza impressionante e h\u00e1bitos de crescimento \u00fanicos. Ao contr\u00e1rio da Cattleya e do Dendrobium, as orqu\u00eddeas Vanda s\u00e3o monopodiais, o que significa que crescem a partir de um \u00fanico caule sem pseudobolbos. Este caule central \u00e9 carateristicamente robusto e vertical, suportando a impressionante estrutura da planta.<\/p>\n\n\n\n<p class=\"wp-block-paragraph\">O tamanho das orqu\u00eddeas Vanda varia significativamente dentro do g\u00e9nero. As esp\u00e9cies compactas podem atingir apenas 30 cm de altura, enquanto as variedades maiores podem atingir uns impressionantes 2 metros ou mais. Esta diversidade de tamanho torna a Vanda adequada para v\u00e1rios ambientes de cultivo, desde pequenos espa\u00e7os interiores a amplos jardins de inverno.<\/p>\n\n\n\n<p class=\"wp-block-paragraph\"><\/p>\n\n\n<div class=\"wp-block-image\">\n<figure class=\"aligncenter size-full\"><img loading=\"lazy\" decoding=\"async\" width=\"1200\" height=\"800\" src=\"https:\/\/flowerslib.com\/wp-content\/uploads\/2023\/08\/1-106.jpg\" alt=\"\" class=\"wp-image-7877\" srcset=\"https:\/\/flowerslib.com\/wp-content\/uploads\/2023\/08\/1-106.jpg 1200w, https:\/\/flowerslib.com\/wp-content\/uploads\/2023\/08\/1-106-300x200.jpg 300w, https:\/\/flowerslib.com\/wp-content\/uploads\/2023\/08\/1-106-150x100.jpg 150w, https:\/\/flowerslib.com\/wp-content\/uploads\/2023\/08\/1-106-768x512.jpg 768w\" sizes=\"auto, (max-width: 1200px) 100vw, 1200px\" \/><\/figure>\n<\/div>\n\n\n<p class=\"wp-block-paragraph\"><\/p>\n\n\n\n<p class=\"wp-block-paragraph\">Uma das carater\u00edsticas mais distintivas das orqu\u00eddeas Vanda \u00e9 o seu extenso sistema radicular. Estas plantas produzem numerosas ra\u00edzes grossas e a\u00e9reas que podem exceder 1 metro de comprimento. Estas ra\u00edzes n\u00e3o s\u00f3 fornecem apoio, mas tamb\u00e9m desempenham um papel crucial na absor\u00e7\u00e3o de nutrientes e \u00e1gua, permitindo que a planta prospere no seu habitat epif\u00edtico natural.<\/p>\n\n\n\n<p class=\"wp-block-paragraph\">As folhas das orqu\u00eddeas Vanda est\u00e3o dispostas num padr\u00e3o disticulado, formando duas filas em lados opostos do caule. Dependendo da esp\u00e9cie, as folhas podem ser em forma de cinta (planas e alongadas) ou terete (cil\u00edndricas). Independentemente da forma, as folhas s\u00e3o carateristicamente cori\u00e1ceas e verdes, com uma cut\u00edcula espessa que proporciona uma excelente resist\u00eancia \u00e0 seca - uma adapta\u00e7\u00e3o \u00e0s suas condi\u00e7\u00f5es naturais de crescimento frequentemente expostas.<\/p>\n\n\n\n<p class=\"wp-block-paragraph\">O g\u00e9nero Vanda inclui aproximadamente 60-80 esp\u00e9cies, com uma distribui\u00e7\u00e3o natural que abrange uma vasta gama de esp\u00e9cies na \u00c1sia tropical e subtropical e na Austral\u00e1sia. Podem ser encontradas em diversos habitats desde a China e a \u00cdndia at\u00e9 ao Sudeste Asi\u00e1tico, incluindo a Mal\u00e1sia e as Filipinas, estendendo-se at\u00e9 \u00e0 Nova Guin\u00e9 e ao Norte da Austr\u00e1lia. Algumas esp\u00e9cies tamb\u00e9m se naturalizaram no Havai.<\/p>\n\n\n\n<p class=\"wp-block-paragraph\">As flores Vanda s\u00e3o c\u00e9lebres pela sua beleza ex\u00f3tica e fasc\u00ednio tropical. Uma \u00fanica infloresc\u00eancia pode produzir v\u00e1rias flores grandes e vistosas que s\u00e3o apreciadas pela sua forma elegante e cores vibrantes. As flores podem variar de brancos puros e rosas suaves a roxos profundos e azuis ricos, muitas vezes com padr\u00f5es ou manchas intrincados.<\/p>\n\n\n\n<p class=\"wp-block-paragraph\">Devido \u00e0s suas flores espectaculares e ao seu h\u00e1bito de crescimento arquitet\u00f3nico, as orqu\u00eddeas Vanda s\u00e3o muito apreciadas na horticultura. S\u00e3o vers\u00e1teis nas suas aplica\u00e7\u00f5es, destacando-se como esp\u00e9cimes em vasos, cestos suspensos ou como flores cortadas para arranjos florais sofisticados. As suas flores de longa dura\u00e7\u00e3o tornam-nas particularmente adequadas para eventos especiais e decora\u00e7\u00e3o de interiores de alta qualidade.<\/p>\n\n\n\n<p class=\"wp-block-paragraph\">O cultivo de orqu\u00eddeas Vanda requer aten\u00e7\u00e3o \u00e0s suas necessidades espec\u00edficas, incluindo humidade elevada, luz brilhante mas indireta e excelente circula\u00e7\u00e3o de ar. Embora o seu cultivo possa ser dif\u00edcil, a recompensa das suas magn\u00edficas flores faz delas as favoritas entre os entusiastas de orqu\u00eddeas e um elemento b\u00e1sico nos jardins tropicais e subtropicais de todo o mundo.<\/p>\n\n\n\n<h2 class=\"wp-block-heading\">2. Ver\u00f3nica Persica<\/h2>\n\n\n\n<p class=\"wp-block-paragraph\"><\/p>\n\n\n<div class=\"wp-block-image\">\n<figure class=\"aligncenter size-full\"><img loading=\"lazy\" decoding=\"async\" width=\"1200\" height=\"800\" src=\"https:\/\/flowerslib.com\/wp-content\/uploads\/2023\/08\/1-107.jpg\" alt=\"\" class=\"wp-image-7880\" srcset=\"https:\/\/flowerslib.com\/wp-content\/uploads\/2023\/08\/1-107.jpg 1200w, https:\/\/flowerslib.com\/wp-content\/uploads\/2023\/08\/1-107-300x200.jpg 300w, https:\/\/flowerslib.com\/wp-content\/uploads\/2023\/08\/1-107-150x100.jpg 150w, https:\/\/flowerslib.com\/wp-content\/uploads\/2023\/08\/1-107-768x512.jpg 768w\" sizes=\"auto, (max-width: 1200px) 100vw, 1200px\" \/><\/figure>\n<\/div>\n\n\n<p class=\"wp-block-paragraph\"><\/p>\n\n\n\n<p class=\"wp-block-paragraph\">A Veronica persica, vulgarmente designada por ver\u00f3nica-da-p\u00e9rsia ou ver\u00f3nica-dos-olhos-de-p\u00e1ssaro, \u00e9 uma planta herb\u00e1cea anual, extensa e profusamente ramificada, pertencente \u00e0 fam\u00edlia das Plantagin\u00e1ceas. Esta esp\u00e9cie caracteriza-se pelos seus caules, que s\u00e3o densamente cobertos por duas filas distintas de p\u00ealos macios, uma carater\u00edstica conhecida como pubesc\u00eancia bif\u00e1ria.<\/p>\n\n\n\n<p class=\"wp-block-paragraph\">As folhas da V. persica s\u00e3o ovadas a suborbiculares, com uma base pouco cordada. Medem 1-2 cm de comprimento e t\u00eam margens crenadas-serradas. As superf\u00edcies superior e inferior das folhas s\u00e3o escassamente pubescentes e as folhas est\u00e3o ligadas ao caule por pec\u00edolos curtos.<\/p>\n\n\n\n<p class=\"wp-block-paragraph\"><\/p>\n\n\n<div class=\"wp-block-image\">\n<figure class=\"aligncenter size-full\"><img loading=\"lazy\" decoding=\"async\" width=\"1200\" height=\"800\" src=\"https:\/\/flowerslib.com\/wp-content\/uploads\/2023\/08\/2-84.jpg\" alt=\"\" class=\"wp-image-7881\" srcset=\"https:\/\/flowerslib.com\/wp-content\/uploads\/2023\/08\/2-84.jpg 1200w, https:\/\/flowerslib.com\/wp-content\/uploads\/2023\/08\/2-84-300x200.jpg 300w, https:\/\/flowerslib.com\/wp-content\/uploads\/2023\/08\/2-84-150x100.jpg 150w, https:\/\/flowerslib.com\/wp-content\/uploads\/2023\/08\/2-84-768x512.jpg 768w\" sizes=\"auto, (max-width: 1200px) 100vw, 1200px\" \/><\/figure>\n<\/div>\n\n\n<p class=\"wp-block-paragraph\"><\/p>\n\n\n\n<p class=\"wp-block-paragraph\">A infloresc\u00eancia da V. persica \u00e9 um racemo alongado, com br\u00e1cteas alternadas em forma de folha, semelhantes em forma e quase iguais em tamanho \u00e0s folhas da folhagem. As flores s\u00e3o solit\u00e1rias nas axilas destas br\u00e1cteas, suportadas em pedicelos delgados que s\u00e3o mais longos do que as br\u00e1cteas e o c\u00e1lice. A corola tem tipicamente 8-11 mm de di\u00e2metro, com quatro l\u00f3bulos de cor azul brilhante ou p\u00farpura azulada, muitas vezes com veias mais escuras e um centro branco. O l\u00f3bulo inferior \u00e9 notavelmente mais pequeno do que os outros.<\/p>\n\n\n\n<p class=\"wp-block-paragraph\">O fruto \u00e9 uma c\u00e1psula comprimida, em forma de cora\u00e7\u00e3o ou reniforme (esquizocarpo), com 4-6 mm de largura e 3-4 mm de comprimento. \u00c9 proeminentemente estriado e tem um estilo persistente que se estende para al\u00e9m do entalhe apical. Cada l\u00f3culo cont\u00e9m 5-11 sementes castanho-amareladas, ov\u00f3ides, com 1,3-1,8 mm de comprimento. As sementes s\u00e3o marcadas distintamente com sulcos profundos e horizontais na superf\u00edcie dorsal e uma depress\u00e3o ventral.<\/p>\n\n\n\n<p class=\"wp-block-paragraph\">A V. persica floresce tipicamente entre o final do inverno e o in\u00edcio do ver\u00e3o (mar\u00e7o a abril na sua \u00e1rea de distribui\u00e7\u00e3o), com a produ\u00e7\u00e3o de frutos a seguir pouco depois (abril a maio). No entanto, em condi\u00e7\u00f5es favor\u00e1veis, pode florescer e frutificar durante quase todo o ano.<\/p>\n\n\n\n<p class=\"wp-block-paragraph\">Nativa do sudoeste asi\u00e1tico, particularmente do Ir\u00e3o (da\u00ed o ep\u00edteto espec\u00edfico \"persica\"), esta esp\u00e9cie naturalizou-se em regi\u00f5es temperadas e subtropicais de todo o mundo. Atualmente, \u00e9 considerada uma erva daninha cosmopolita em muitas \u00e1reas, prosperando em habitats perturbados, como campos cultivados, jardins, relvados e locais de desperd\u00edcio.<\/p>\n\n\n\n<p class=\"wp-block-paragraph\">Ecologicamente, a V. persica \u00e9 heli\u00f3fila mas pode tolerar sombra parcial. Prefere climas quentes e h\u00famidos e adapta-se a v\u00e1rios tipos de solo, embora cres\u00e7a melhor em solos h\u00famidos, bem drenados e ricos em mat\u00e9ria org\u00e2nica. A planta tem uma baixa toler\u00e2ncia \u00e0 geada e \u00e9 tipicamente anual em regi\u00f5es com invernos frios.<\/p>\n\n\n\n<p class=\"wp-block-paragraph\">A reprodu\u00e7\u00e3o em V. persica ocorre principalmente atrav\u00e9s da dispers\u00e3o de sementes. A planta \u00e9 capaz de produzir grandes quantidades de sementes, que podem permanecer vi\u00e1veis no solo durante v\u00e1rios anos. Esta estrat\u00e9gia de reprodu\u00e7\u00e3o, combinada com o seu r\u00e1pido crescimento e adaptabilidade, contribui para o seu sucesso como esp\u00e9cie colonizadora.<\/p>\n\n\n\n<p class=\"wp-block-paragraph\">Na horticultura, embora seja frequentemente considerada uma erva daninha, a V. persica pode ser apreciada pelas suas delicadas flores azuis e pelo seu potencial como cobertura do solo em jardins informais. Tem tamb\u00e9m algumas utiliza\u00e7\u00f5es medicinais tradicionais, particularmente na sua \u00e1rea de distribui\u00e7\u00e3o nativa, embora estas aplica\u00e7\u00f5es necessitem de maior valida\u00e7\u00e3o cient\u00edfica.<\/p>\n\n\n\n<h2 class=\"wp-block-heading\">3. Vit\u00f3ria R\u00e9gia<\/h2>\n\n\n\n<p class=\"wp-block-paragraph\"><\/p>\n\n\n<div class=\"wp-block-image\">\n<figure class=\"aligncenter size-full\"><img loading=\"lazy\" decoding=\"async\" width=\"1200\" height=\"800\" src=\"https:\/\/flowerslib.com\/wp-content\/uploads\/2023\/08\/1-108.jpg\" alt=\"\" class=\"wp-image-7882\" srcset=\"https:\/\/flowerslib.com\/wp-content\/uploads\/2023\/08\/1-108.jpg 1200w, https:\/\/flowerslib.com\/wp-content\/uploads\/2023\/08\/1-108-300x200.jpg 300w, https:\/\/flowerslib.com\/wp-content\/uploads\/2023\/08\/1-108-150x100.jpg 150w, https:\/\/flowerslib.com\/wp-content\/uploads\/2023\/08\/1-108-768x512.jpg 768w\" sizes=\"auto, (max-width: 1200px) 100vw, 1200px\" \/><\/figure>\n<\/div>\n\n\n<p class=\"wp-block-paragraph\"><\/p>\n\n\n\n<p class=\"wp-block-paragraph\">A Victoria amazonica, anteriormente conhecida como Victoria regia, \u00e9 um membro da fam\u00edlia das Nymphaeaceae. Esta not\u00e1vel planta aqu\u00e1tica \u00e9 conhecida pelas suas colossais folhas flutuantes e pelas suas espectaculares flores nocturnas. Origin\u00e1ria das \u00e1guas pouco profundas da bacia do rio Amazonas, na Am\u00e9rica do Sul, tem cativado bot\u00e2nicos e entusiastas de jardins desde a sua descoberta no in\u00edcio do s\u00e9culo XIX.<\/p>\n\n\n\n<p class=\"wp-block-paragraph\">A planta apresenta um rizoma robusto ancorado no substrato lodoso, do qual emerge um complexo sistema de ra\u00edzes advent\u00edcias. Estas ra\u00edzes, tipicamente de cor branca, desempenham um papel crucial na absor\u00e7\u00e3o de nutrientes e na estabilidade da planta.<\/p>\n\n\n\n<p class=\"wp-block-paragraph\"><\/p>\n\n\n<div class=\"wp-block-image\">\n<figure class=\"aligncenter size-full\"><img loading=\"lazy\" decoding=\"async\" width=\"1200\" height=\"800\" src=\"https:\/\/flowerslib.com\/wp-content\/uploads\/2023\/08\/2-85.jpg\" alt=\"\" class=\"wp-image-7883\" srcset=\"https:\/\/flowerslib.com\/wp-content\/uploads\/2023\/08\/2-85.jpg 1200w, https:\/\/flowerslib.com\/wp-content\/uploads\/2023\/08\/2-85-300x200.jpg 300w, https:\/\/flowerslib.com\/wp-content\/uploads\/2023\/08\/2-85-150x100.jpg 150w, https:\/\/flowerslib.com\/wp-content\/uploads\/2023\/08\/2-85-768x512.jpg 768w\" sizes=\"auto, (max-width: 1200px) 100vw, 1200px\" \/><\/figure>\n<\/div>\n\n\n<p class=\"wp-block-paragraph\"><br>A carater\u00edstica mais marcante da Victoria amazonica \u00e9, sem d\u00favida, suas enormes folhas circulares, que podem atingir um di\u00e2metro de at\u00e9 3 metros em condi\u00e7\u00f5es ideais. Essas folhas s\u00e3o uma maravilha da engenharia natural, com uma borda arredondada distinta que pode atingir 20 cm de altura. A superf\u00edcie superior da folha \u00e9 de um verde vibrante, enquanto a parte inferior \u00e9 roxo-avermelhada e coberta de espinhos afiados, dissuadindo os herb\u00edvoros aqu\u00e1ticos.<\/p>\n\n\n\n<p class=\"wp-block-paragraph\">A for\u00e7a not\u00e1vel das folhas prov\u00e9m da sua intrincada estrutura de veias, que faz lembrar as nervuras de um guarda-chuva. Esta estrutura, associada a c\u00e2maras cheias de ar no tecido da folha, permite que uma \u00fanica folha suporte at\u00e9 65 kg quando o peso \u00e9 distribu\u00eddo uniformemente. Esta impressionante capacidade de suporte de carga levou \u00e0 pr\u00e1tica popular, embora desaconselh\u00e1vel, de fotografar crian\u00e7as pequenas sentadas nas folhas.<\/p>\n\n\n\n<p class=\"wp-block-paragraph\">As flores da Victoria amazonica n\u00e3o s\u00e3o menos impressionantes do que as suas folhas. O processo de flora\u00e7\u00e3o ocorre em duas noites e envolve uma mudan\u00e7a de cor fascinante. Na primeira noite, a flor abre-se como um branco imaculado, emitindo uma fragr\u00e2ncia forte e doce para atrair os escaravelhos polinizadores. Na segunda noite, a flor muda para uma cor rosa profunda ou vermelha e n\u00e3o produz qualquer aroma ou calor, permitindo que os escaravelhos saiam e potencialmente polinizem outras flores.<\/p>\n\n\n\n<p class=\"wp-block-paragraph\">Estas plantas desenvolvem-se em condi\u00e7\u00f5es tropicais, necessitando de temperaturas quentes entre 26-30\u00b0C (79-86\u00b0F) para um crescimento \u00f3timo. Precisam de exposi\u00e7\u00e3o total ao sol e de \u00e1gua rica em nutrientes, parada ou de movimento lento para florescerem. No seu habitat natural, s\u00e3o perenes, mas no cultivo em regi\u00f5es temperadas, s\u00e3o frequentemente cultivadas como anuais devido \u00e0 sua incapacidade de resistir a temperaturas frias.<\/p>\n\n\n\n<p class=\"wp-block-paragraph\">A Victoria amazonica tem uma import\u00e2ncia cultural significativa na Am\u00e9rica do Sul. \u00c9 a flor nacional da Guiana e inspirou projectos arquitect\u00f3nicos, nomeadamente a casa do nen\u00fafar gigante em Kew Gardens, Londres, constru\u00edda em meados do s\u00e9culo XIX.<\/p>\n\n\n\n<p class=\"wp-block-paragraph\">Embora a Victoria amazonica seja a esp\u00e9cie mais conhecida do g\u00e9nero, vale a pena notar que existem duas outras esp\u00e9cies reconhecidas: Victoria cruziana e Victoria boliviana, esta \u00faltima descrita apenas recentemente, em 2022. Estas esp\u00e9cies partilham muitas carater\u00edsticas com a V. amazonica, mas t\u00eam algumas carater\u00edsticas e distribui\u00e7\u00f5es geogr\u00e1ficas distintas.<\/p>\n\n\n\n<p class=\"wp-block-paragraph\">Em conclus\u00e3o, a Victoria amazonica \u00e9 um testemunho das maravilhas da vida das plantas aqu\u00e1ticas, combinando um tamanho impressionante, um design intrincado e um ciclo de vida fascinante. A sua presen\u00e7a em jardins bot\u00e2nicos de todo o mundo continua a inspirar admira\u00e7\u00e3o e a contribuir para a nossa compreens\u00e3o dos ecossistemas tropicais e das adapta\u00e7\u00f5es das plantas.<\/p>\n\n\n\n<h2 class=\"wp-block-heading\">4. Viola Cornuta<\/h2>\n\n\n\n<p class=\"wp-block-paragraph\"><\/p>\n\n\n<div class=\"wp-block-image\">\n<figure class=\"aligncenter size-full\"><img loading=\"lazy\" decoding=\"async\" width=\"1200\" height=\"800\" src=\"https:\/\/flowerslib.com\/wp-content\/uploads\/2023\/08\/1-109.jpg\" alt=\"\" class=\"wp-image-7885\" srcset=\"https:\/\/flowerslib.com\/wp-content\/uploads\/2023\/08\/1-109.jpg 1200w, https:\/\/flowerslib.com\/wp-content\/uploads\/2023\/08\/1-109-300x200.jpg 300w, https:\/\/flowerslib.com\/wp-content\/uploads\/2023\/08\/1-109-150x100.jpg 150w, https:\/\/flowerslib.com\/wp-content\/uploads\/2023\/08\/1-109-768x512.jpg 768w\" sizes=\"auto, (max-width: 1200px) 100vw, 1200px\" \/><\/figure>\n<\/div>\n\n\n<p class=\"wp-block-paragraph\"><\/p>\n\n\n\n<p class=\"wp-block-paragraph\">A Viola cornuta, vulgarmente conhecida como amor-perfeito com chifres ou violeta com chifres, \u00e9 uma encantadora erva perene pertencente ao g\u00e9nero Viola da fam\u00edlia Violaceae. Esta planta compacta atinge normalmente uma altura de 10-30 cm e espalha-se at\u00e9 uma largura de 20-30 cm. Apresenta um sistema de caule rizomatoso, curto e ereto, com ramifica\u00e7\u00f5es vigorosas que contribuem para o seu h\u00e1bito de crescimento denso.<\/p>\n\n\n\n<p class=\"wp-block-paragraph\">As flores da Viola cornuta s\u00e3o a sua carater\u00edstica mais marcante. S\u00e3o bissexuais e zigom\u00f3rficas (sim\u00e9tricas bilateralmente), nascendo em pedicelos axilares. Cada flor mede 2,5-4,0 cm de di\u00e2metro e \u00e9 constitu\u00edda por cinco p\u00e9talas dispostas na forma\u00e7\u00e3o carater\u00edstica de um amor-perfeito. A paleta de cores destas flores \u00e9 notavelmente diversificada, abrangendo tons de vermelho, branco, amarelo, roxo e azul. Muitas cultivares apresentam padr\u00f5es intrincados, incluindo manchas ou p\u00e9talas bicolores em que as p\u00e9talas superiores e inferiores apresentam tonalidades diferentes.<\/p>\n\n\n\n<p class=\"wp-block-paragraph\"><\/p>\n\n\n<div class=\"wp-block-image\">\n<figure class=\"aligncenter size-full\"><img loading=\"lazy\" decoding=\"async\" width=\"1200\" height=\"800\" src=\"https:\/\/flowerslib.com\/wp-content\/uploads\/2023\/08\/2-86.jpg\" alt=\"\" class=\"wp-image-7886\" srcset=\"https:\/\/flowerslib.com\/wp-content\/uploads\/2023\/08\/2-86.jpg 1200w, https:\/\/flowerslib.com\/wp-content\/uploads\/2023\/08\/2-86-300x200.jpg 300w, https:\/\/flowerslib.com\/wp-content\/uploads\/2023\/08\/2-86-150x100.jpg 150w, https:\/\/flowerslib.com\/wp-content\/uploads\/2023\/08\/2-86-768x512.jpg 768w\" sizes=\"auto, (max-width: 1200px) 100vw, 1200px\" \/><\/figure>\n<\/div>\n\n\n<p class=\"wp-block-paragraph\"><\/p>\n\n\n\n<p class=\"wp-block-paragraph\">O fruto da Viola cornuta \u00e9 uma c\u00e1psula que mant\u00e9m uma forma bastante homog\u00e9nea. Ap\u00f3s a matura\u00e7\u00e3o, divide-se em tr\u00eas sec\u00e7\u00f5es, sendo cada v\u00e1lvula em forma de barco com uma quilha espessa e endurecida. Quando as partes mais finas da c\u00e1psula secam e se contraem, as v\u00e1lvulas dobram-se para fora, ejectando as sementes com for\u00e7a, num mecanismo conhecido como dispers\u00e3o bal\u00edstica de sementes. Esta adapta\u00e7\u00e3o contribui para a propaga\u00e7\u00e3o natural da planta. As sementes s\u00e3o min\u00fasculas, com 900-1500 sementes pesando apenas um grama, o que as torna adequadas para t\u00e9cnicas de sementeira de precis\u00e3o no cultivo comercial.<\/p>\n\n\n\n<p class=\"wp-block-paragraph\">A Viola cornuta demonstra uma impressionante resist\u00eancia ao frio, preferindo condi\u00e7\u00f5es de crescimento mais frescas. Come\u00e7a a crescer ativamente quando as temperaturas atingem os 5\u00b0C, com um desenvolvimento \u00f3timo entre os 10\u00b0C e os 15\u00b0C. Esta esp\u00e9cie pode resistir a geadas ligeiras e invernar com sucesso em campos abertos na bacia do rio Yangtze e em regi\u00f5es mais a sul da China.<\/p>\n\n\n\n<p class=\"wp-block-paragraph\">Embora tolerante \u00e0s condi\u00e7\u00f5es frescas, a Viola cornuta n\u00e3o gosta muito de temperaturas elevadas. Quando a temperatura ambiente ultrapassa os 20\u00b0C, o padr\u00e3o de crescimento da planta altera-se; os caules tendem a alongar-se, comprometendo a forma compacta desej\u00e1vel. Com temperaturas superiores a 30\u00b0C, o crescimento \u00e9 significativamente impedido. No entanto, vale a pena notar que a Viola cornuta apresenta uma melhor toler\u00e2ncia ao calor em compara\u00e7\u00e3o com o seu parente pr\u00f3ximo, a Viola tricolor.<\/p>\n\n\n\n<p class=\"wp-block-paragraph\">Nativa das regi\u00f5es montanhosas do norte de Espanha e dos Pirin\u00e9us, a Viola cornuta tem sido amplamente cultivada e naturalizada em muitas partes do mundo. A sua adaptabilidade, combinada com o seu valor ornamental, tornou-a uma escolha popular para jardins, bordaduras e planta\u00e7\u00f5es em contentores em v\u00e1rios climas, incluindo muitas regi\u00f5es da China.<\/p>\n\n\n\n<p class=\"wp-block-paragraph\">Na pr\u00e1tica hort\u00edcola, a Viola cornuta \u00e9 apreciada pelo seu longo per\u00edodo de flora\u00e7\u00e3o, florescendo frequentemente desde a primavera at\u00e9 ao outono, com os cuidados adequados. D\u00e1-se bem em solos bem drenados e ricos em h\u00famus e tem um melhor desempenho em \u00e1reas que recebem sombra parcial, especialmente em climas mais quentes. A monda regular incentiva a flora\u00e7\u00e3o cont\u00ednua, enquanto uma tosquia ligeira em meados do ver\u00e3o pode rejuvenescer a planta para uma exibi\u00e7\u00e3o robusta no outono.<\/p>\n\n\n\n<h2 class=\"wp-block-heading\">5. Viola Phillipina<\/h2>\n\n\n\n<p class=\"wp-block-paragraph\"><\/p>\n\n\n<div class=\"wp-block-image\">\n<figure class=\"aligncenter size-full\"><img loading=\"lazy\" decoding=\"async\" width=\"1200\" height=\"800\" src=\"https:\/\/flowerslib.com\/wp-content\/uploads\/2023\/08\/2-87.jpg\" alt=\"\" class=\"wp-image-7889\" srcset=\"https:\/\/flowerslib.com\/wp-content\/uploads\/2023\/08\/2-87.jpg 1200w, https:\/\/flowerslib.com\/wp-content\/uploads\/2023\/08\/2-87-300x200.jpg 300w, https:\/\/flowerslib.com\/wp-content\/uploads\/2023\/08\/2-87-150x100.jpg 150w, https:\/\/flowerslib.com\/wp-content\/uploads\/2023\/08\/2-87-768x512.jpg 768w\" sizes=\"auto, (max-width: 1200px) 100vw, 1200px\" \/><\/figure>\n<\/div>\n\n\n<p class=\"wp-block-paragraph\"><\/p>\n\n\n\n<p class=\"wp-block-paragraph\">A Viola philippica, uma erva perene da fam\u00edlia Violaceae, \u00e9 caracterizada pelas suas folhas polim\u00f3rficas. As folhas basais s\u00e3o tipicamente triangulares-ovais a estreitamente ovais, enquanto as folhas superiores podem ser el\u00edpticas, estreitamente ovais-lanceoladas ou oblongo-ovais. As suas flores s\u00e3o de tamanho m\u00e9dio, variando entre 1-1,5 cm de di\u00e2metro, e apresentam uma colora\u00e7\u00e3o violeta vibrante ou p\u00farpura clara, aparecendo ocasionalmente brancas. As flores apresentam uma garganta mais clara marcada por distintas riscas p\u00farpuras, o que aumenta o seu atrativo visual.<\/p>\n\n\n\n<p class=\"wp-block-paragraph\">O fruto \u00e9 uma c\u00e1psula, de forma oblonga, que cont\u00e9m numerosas sementes ov\u00f3ides, de cor amarela clara. A Viola philippica apresenta um per\u00edodo de flora\u00e7\u00e3o prolongado, florescendo desde meados da primavera (abril) at\u00e9 ao in\u00edcio do outono (setembro), com o desenvolvimento dos frutos a ocorrer em simult\u00e2neo. O ep\u00edteto espec\u00edfico \"philippica\" deriva da palavra latina para \"filipino\", embora seja de notar que se trata de uma designa\u00e7\u00e3o incorrecta, uma vez que a esp\u00e9cie n\u00e3o \u00e9 nativa das Filipinas.<\/p>\n\n\n\n<p class=\"wp-block-paragraph\"><\/p>\n\n\n<div class=\"wp-block-image\">\n<figure class=\"aligncenter size-full\"><img loading=\"lazy\" decoding=\"async\" width=\"1200\" height=\"800\" src=\"https:\/\/flowerslib.com\/wp-content\/uploads\/2023\/08\/4-33.jpg\" alt=\"\" class=\"wp-image-7890\" srcset=\"https:\/\/flowerslib.com\/wp-content\/uploads\/2023\/08\/4-33.jpg 1200w, https:\/\/flowerslib.com\/wp-content\/uploads\/2023\/08\/4-33-300x200.jpg 300w, https:\/\/flowerslib.com\/wp-content\/uploads\/2023\/08\/4-33-150x100.jpg 150w, https:\/\/flowerslib.com\/wp-content\/uploads\/2023\/08\/4-33-768x512.jpg 768w\" sizes=\"auto, (max-width: 1200px) 100vw, 1200px\" \/><\/figure>\n<\/div>\n\n\n<p class=\"wp-block-paragraph\"><\/p>\n\n\n\n<p class=\"wp-block-paragraph\">Nativa da \u00c1sia Oriental, a Viola philippica est\u00e1 amplamente distribu\u00edda pela China, estendendo-se \u00e0 Coreia, ao Jap\u00e3o e a partes do Sudeste Asi\u00e1tico. Esta esp\u00e9cie adapt\u00e1vel prospera em v\u00e1rios habitats, mostrando uma prefer\u00eancia por exposi\u00e7\u00e3o parcial ou total ao sol e solos consistentemente h\u00famidos e bem drenados. \u00c9 comummente encontrada em diversos nichos ecol\u00f3gicos, incluindo campos abertos, \u00e1reas perturbadas, encostas relvadas, margens de florestas e entre vegeta\u00e7\u00e3o arbustiva. Em ambientes cultivados, naturaliza-se frequentemente em zonas h\u00famidas de jardins, formando col\u00f3nias pequenas e atraentes.<\/p>\n\n\n\n<p class=\"wp-block-paragraph\">A Viola philippica demonstra uma resist\u00eancia not\u00e1vel, tolerando tanto a sombra como as temperaturas frias. A sua excelente adaptabilidade estende-se \u00e0s condi\u00e7\u00f5es do solo, crescendo com sucesso numa variedade de tipos de solo, desde que seja mantida uma humidade adequada. Esta versatilidade torna-a uma adi\u00e7\u00e3o valiosa para v\u00e1rios ambientes de jardim.<\/p>\n\n\n\n<p class=\"wp-block-paragraph\">A propaga\u00e7\u00e3o da Viola philippica pode ser efectuada atrav\u00e9s de dois m\u00e9todos principais:<\/p>\n\n\n\n<ol class=\"wp-block-list\">\n<li>Propaga\u00e7\u00e3o de sementes: As sementes podem ser colhidas de c\u00e1psulas maduras e semeadas no in\u00edcio da primavera ou no final do ver\u00e3o.<\/li>\n\n\n\n<li>Divis\u00e3o: Os tufos maduros podem ser divididos no in\u00edcio da primavera ou no outono, constituindo um meio eficaz de propaga\u00e7\u00e3o vegetativa.<\/li>\n<\/ol>\n\n\n\n<p class=\"wp-block-paragraph\">Na horticultura, a Viola philippica \u00e9 valorizada pelo seu longo per\u00edodo de flora\u00e7\u00e3o, pela baixa necessidade de manuten\u00e7\u00e3o e pela capacidade de se naturalizar em condi\u00e7\u00f5es adequadas. Pode ser utilizada eficazmente em jardins de pedra, em ambientes florestais ou como uma encantadora cobertura do solo em \u00e1reas parcialmente sombreadas.<\/p>\n\n\n\n<h2 class=\"wp-block-heading\">6. Viola Tricolor<\/h2>\n\n\n\n<p class=\"wp-block-paragraph\"><\/p>\n\n\n<div class=\"wp-block-image\">\n<figure class=\"aligncenter size-full\"><img loading=\"lazy\" decoding=\"async\" width=\"1200\" height=\"800\" src=\"https:\/\/flowerslib.com\/wp-content\/uploads\/2023\/08\/3-53.jpg\" alt=\"\" class=\"wp-image-7891\" srcset=\"https:\/\/flowerslib.com\/wp-content\/uploads\/2023\/08\/3-53.jpg 1200w, https:\/\/flowerslib.com\/wp-content\/uploads\/2023\/08\/3-53-300x200.jpg 300w, https:\/\/flowerslib.com\/wp-content\/uploads\/2023\/08\/3-53-150x100.jpg 150w, https:\/\/flowerslib.com\/wp-content\/uploads\/2023\/08\/3-53-768x512.jpg 768w\" sizes=\"auto, (max-width: 1200px) 100vw, 1200px\" \/><\/figure>\n<\/div>\n\n\n<p class=\"wp-block-paragraph\"><\/p>\n\n\n\n<p class=\"wp-block-paragraph\">A Viola tricolor, vulgarmente conhecida como amores-perfeitos ou cora\u00e7\u00e3o-perfeito, \u00e9 uma esp\u00e9cie de planta com flor da fam\u00edlia das Viol\u00e1ceas. Esta flor encantadora pode ser anual, bienal ou perene de curta dura\u00e7\u00e3o, dependendo das condi\u00e7\u00f5es de crescimento. O amor-perfeito apresenta um h\u00e1bito de crescimento compacto e arbustivo com um sistema de caule algo robusto.<\/p>\n\n\n\n<p class=\"wp-block-paragraph\">As folhas da Viola tricolor est\u00e3o dispostas alternadamente e apresentam uma varia\u00e7\u00e3o consider\u00e1vel. As folhas inferiores s\u00e3o tipicamente ovais ou em forma de cora\u00e7\u00e3o, enquanto as folhas superiores tendem a ser mais alongadas, frequentemente lanceoladas. As margens das folhas s\u00e3o crenadas ou serrilhadas, e os pec\u00edolos (caules das folhas) s\u00e3o de facto mais longos nas partes superiores da planta e mais curtos perto da base.<\/p>\n\n\n\n<p class=\"wp-block-paragraph\"><\/p>\n\n\n<div class=\"wp-block-image\">\n<figure class=\"aligncenter size-full\"><img loading=\"lazy\" decoding=\"async\" width=\"1200\" height=\"800\" src=\"https:\/\/flowerslib.com\/wp-content\/uploads\/2023\/08\/1-110.jpg\" alt=\"\" class=\"wp-image-7892\" srcset=\"https:\/\/flowerslib.com\/wp-content\/uploads\/2023\/08\/1-110.jpg 1200w, https:\/\/flowerslib.com\/wp-content\/uploads\/2023\/08\/1-110-300x200.jpg 300w, https:\/\/flowerslib.com\/wp-content\/uploads\/2023\/08\/1-110-150x100.jpg 150w, https:\/\/flowerslib.com\/wp-content\/uploads\/2023\/08\/1-110-768x512.jpg 768w\" sizes=\"auto, (max-width: 1200px) 100vw, 1200px\" \/><\/figure>\n<\/div>\n\n\n<p class=\"wp-block-paragraph\"><\/p>\n\n\n\n<p class=\"wp-block-paragraph\">As flores do amor-perfeito s\u00e3o distintas e cativantes, medindo geralmente 2,5-7,5 cm de di\u00e2metro. Embora a combina\u00e7\u00e3o tricolor cl\u00e1ssica de roxo, branco e amarelo seja comum, as cultivares modernas oferecem uma grande variedade de padr\u00f5es e combina\u00e7\u00f5es de cores. Cada flor \u00e9 composta por cinco p\u00e9talas: duas p\u00e9talas superiores, duas p\u00e9talas laterais e uma p\u00e9tala inferior que muitas vezes apresenta guias de n\u00e9ctar consp\u00edcuas ou \"bigodes\".<\/p>\n\n\n\n<p class=\"wp-block-paragraph\">O per\u00edodo de flora\u00e7\u00e3o da Viola tricolor estende-se normalmente desde o in\u00edcio da primavera at\u00e9 ao in\u00edcio do ver\u00e3o (abril a julho em muitas regi\u00f5es), mas pode variar em fun\u00e7\u00e3o do clima e das pr\u00e1ticas de cultivo. Em climas mais frios, os amores-perfeitos podem florescer continuamente durante o ver\u00e3o. O fruto \u00e9 uma pequena c\u00e1psula el\u00edptica que se abre quando madura para libertar numerosas sementes min\u00fasculas e escuras.<\/p>\n\n\n\n<p class=\"wp-block-paragraph\">Origin\u00e1ria da Europa e da \u00c1sia Ocidental, a Viola tricolor naturalizou-se em muitas regi\u00f5es temperadas do mundo. Desenvolve-se em locais frescos, parcialmente sombreados a pleno sol e prefere solos bem drenados e ricos em h\u00famus com um pH entre 5,4 e 6,2. Embora os amores-perfeitos sejam de facto tolerantes ao frio e possam suportar geadas ligeiras, n\u00e3o s\u00e3o particularmente resistentes ao calor. Nos climas mais quentes, s\u00e3o frequentemente cultivados como plantas anuais de esta\u00e7\u00e3o fria.<\/p>\n\n\n\n<p class=\"wp-block-paragraph\">Para um crescimento \u00f3timo, os amores-perfeitos beneficiam de regas regulares para manter um solo consistentemente h\u00famido (mas n\u00e3o encharcado). Respondem bem a fertilizantes equilibrados e sol\u00faveis em \u00e1gua aplicados a cada 2-3 semanas durante a esta\u00e7\u00e3o de crescimento. O corte das flores gastas incentiva a continua\u00e7\u00e3o da flora\u00e7\u00e3o.<\/p>\n\n\n\n<p class=\"wp-block-paragraph\">A propaga\u00e7\u00e3o da Viola tricolor \u00e9 tipicamente feita atrav\u00e9s de sementes, que podem ser semeadas diretamente no jardim ou iniciadas dentro de casa. Embora as estacas de caule possam ser bem sucedidas para algumas esp\u00e9cies de viola, n\u00e3o \u00e9 o m\u00e9todo principal para os amores-perfeitos. A divis\u00e3o \u00e9 mais utilizada para as variedades perenes de viola do que para os amores-perfeitos anuais ou bienais.<\/p>\n\n\n\n<p class=\"wp-block-paragraph\">Para al\u00e9m do seu valor ornamental, os amores-perfeitos t\u00eam utiliza\u00e7\u00f5es culin\u00e1rias e medicinais. As flores s\u00e3o comest\u00edveis e frequentemente utilizadas para guarnecer saladas ou sobremesas. Historicamente, a Viola tricolor tem sido utilizada na medicina herbal para v\u00e1rias doen\u00e7as, embora a utiliza\u00e7\u00e3o moderna deva ser orientada por aconselhamento profissional.<\/p>\n\n\n\n<h2 class=\"wp-block-heading\">7. Viola Variegata<\/h2>\n\n\n\n<p class=\"wp-block-paragraph\"><\/p>\n\n\n<div class=\"wp-block-image\">\n<figure class=\"aligncenter size-full\"><img loading=\"lazy\" decoding=\"async\" width=\"1200\" height=\"800\" src=\"https:\/\/flowerslib.com\/wp-content\/uploads\/2023\/08\/2-88.jpg\" alt=\"\" class=\"wp-image-7893\" srcset=\"https:\/\/flowerslib.com\/wp-content\/uploads\/2023\/08\/2-88.jpg 1200w, https:\/\/flowerslib.com\/wp-content\/uploads\/2023\/08\/2-88-300x200.jpg 300w, https:\/\/flowerslib.com\/wp-content\/uploads\/2023\/08\/2-88-150x100.jpg 150w, https:\/\/flowerslib.com\/wp-content\/uploads\/2023\/08\/2-88-768x512.jpg 768w\" sizes=\"auto, (max-width: 1200px) 100vw, 1200px\" \/><\/figure>\n<\/div>\n\n\n<p class=\"wp-block-paragraph\"><\/p>\n\n\n\n<p class=\"wp-block-paragraph\">A Viola variegata, vulgarmente conhecida como Violeta de Folha Manchada ou Violeta Variegada, \u00e9 uma encantadora planta herb\u00e1cea perene pertencente \u00e0 fam\u00edlia das Viol\u00e1ceas. Esta esp\u00e9cie diminuta atinge tipicamente uma altura de 3-12 cm (1-5 polegadas), o que a torna uma escolha ideal para cobertura do solo ou planta\u00e7\u00f5es em jardins de pedras.<\/p>\n\n\n\n<p class=\"wp-block-paragraph\">O sistema radicular da planta \u00e9 constitu\u00eddo por um rizoma curto e delgado acompanhado por v\u00e1rias ra\u00edzes alongadas de cor castanha clara a esbranqui\u00e7ada. A sua folhagem distinta emerge basalmente, com folhas redondas a ovais que se assemelham a almofadas de l\u00f3tus em miniatura. As folhas s\u00e3o variegadas, apresentando frequentemente padr\u00f5es intrincados de verde e branco, que contribuem significativamente para o valor ornamental da planta.<\/p>\n\n\n\n<p class=\"wp-block-paragraph\"><\/p>\n\n\n<div class=\"wp-block-image\">\n<figure class=\"aligncenter size-full\"><img loading=\"lazy\" decoding=\"async\" width=\"1200\" height=\"800\" src=\"https:\/\/flowerslib.com\/wp-content\/uploads\/2023\/08\/1-111.jpg\" alt=\"\" class=\"wp-image-7894\" srcset=\"https:\/\/flowerslib.com\/wp-content\/uploads\/2023\/08\/1-111.jpg 1200w, https:\/\/flowerslib.com\/wp-content\/uploads\/2023\/08\/1-111-300x200.jpg 300w, https:\/\/flowerslib.com\/wp-content\/uploads\/2023\/08\/1-111-150x100.jpg 150w, https:\/\/flowerslib.com\/wp-content\/uploads\/2023\/08\/1-111-768x512.jpg 768w\" sizes=\"auto, (max-width: 1200px) 100vw, 1200px\" \/><\/figure>\n<\/div>\n\n\n<p class=\"wp-block-paragraph\"><\/p>\n\n\n\n<p class=\"wp-block-paragraph\">A Viola variegata produz flores delicadas e solit\u00e1rias, carater\u00edsticas do g\u00e9nero das violetas. Estas flores s\u00e3o tipicamente de cor p\u00farpura ou violeta, embora possam ocorrer varia\u00e7\u00f5es. O per\u00edodo de flora\u00e7\u00e3o estende-se desde o final de abril at\u00e9 agosto, oferecendo uma longa exibi\u00e7\u00e3o de cor no jardim.<\/p>\n\n\n\n<p class=\"wp-block-paragraph\">Ap\u00f3s a fase de flora\u00e7\u00e3o, desenvolvem-se c\u00e1psulas el\u00edpticas, que podem ser glabras (sem p\u00ealos) ou escassamente pubescentes (com p\u00ealos curtos). Os frutos jovens est\u00e3o frequentemente cobertos de p\u00ealos curtos e grosseiros. As sementes castanhas claras que se encontram dentro destas c\u00e1psulas possuem ap\u00eandices curtos, uma adapta\u00e7\u00e3o que ajuda na dispers\u00e3o. O per\u00edodo de frutifica\u00e7\u00e3o estende-se de junho a setembro.<\/p>\n\n\n\n<p class=\"wp-block-paragraph\">Esta esp\u00e9cie desenvolve-se bem em ambientes semi-sombreados e frescos, demonstrando uma excelente resist\u00eancia ao frio. Prefere solos bem drenados, soltos e ricos em mat\u00e9ria org\u00e2nica. No seu habitat natural, a Viola variegata \u00e9 comummente encontrada em prados montanhosos, sub-bosques florestais, entre arbustos ou aninhada em fendas de rocha com sombra, a altitudes que variam entre os 600 e os 1300 metros (aproximadamente 2000-4300 p\u00e9s) acima do n\u00edvel do mar.<\/p>\n\n\n\n<p class=\"wp-block-paragraph\">A propaga\u00e7\u00e3o da Viola variegata \u00e9 feita principalmente atrav\u00e9s da dispers\u00e3o de sementes, embora a divis\u00e3o de tufos estabelecidos tamb\u00e9m possa ser bem sucedida em jardins. Ao cultivar esta esp\u00e9cie, \u00e9 essencial imitar as suas condi\u00e7\u00f5es naturais de crescimento para um desempenho \u00f3timo.<\/p>\n\n\n\n<p class=\"wp-block-paragraph\">Para al\u00e9m do seu valor ornamental, a Viola variegata tem sido utilizada na medicina tradicional. Acredita-se que a planta inteira possui propriedades calor\u00edficas, desintoxicantes, arrefecedoras do sangue e hemost\u00e1ticas. Tem sido utilizada no tratamento de carb\u00fanculos e v\u00e1rios incha\u00e7os, embora seja importante notar que qualquer uso medicinal deve ser feito sob orienta\u00e7\u00e3o profissional.<\/p>\n\n\n\n<p class=\"wp-block-paragraph\">Em paisagismo, a Viola variegata destaca-se como uma cobertura vers\u00e1til do solo. O seu h\u00e1bito de crescimento compacto e a sua folhagem atraente tornam-na ideal para planta\u00e7\u00f5es densas em canteiros de flores, ao longo de bordaduras ou como alternativa ao relvado em \u00e1reas sombreadas. A flora\u00e7\u00e3o da planta no in\u00edcio da primavera, juntamente com as suas folhas variegadas atraentes, proporcionam interesse durante todo o ano no jardim.<\/p>\n\n\n\n<p class=\"wp-block-paragraph\">Para um crescimento e uma exposi\u00e7\u00e3o \u00f3ptimos, plantar a Viola variegata em locais parcialmente sombreados com um solo consistentemente h\u00famido e bem drenado. A divis\u00e3o regular de poucos em poucos anos pode ajudar a manter o vigor e evitar a sobrelota\u00e7\u00e3o. Com os devidos cuidados, esta encantadora esp\u00e9cie de violeta pode formar um exuberante tapete de folhagem e flores de baixa manuten\u00e7\u00e3o, real\u00e7ando a beleza e a biodiversidade de qualquer espa\u00e7o de jardim.<\/p>\n\n\n\n<h2 class=\"wp-block-heading\">8. L\u00edrio vudu<\/h2>\n\n\n\n<p class=\"wp-block-paragraph\"><\/p>\n\n\n<div class=\"wp-block-image\">\n<figure class=\"aligncenter size-full\"><img loading=\"lazy\" decoding=\"async\" width=\"1200\" height=\"800\" src=\"https:\/\/flowerslib.com\/wp-content\/uploads\/2023\/08\/5-25.jpg\" alt=\"\" class=\"wp-image-7896\" srcset=\"https:\/\/flowerslib.com\/wp-content\/uploads\/2023\/08\/5-25.jpg 1200w, https:\/\/flowerslib.com\/wp-content\/uploads\/2023\/08\/5-25-300x200.jpg 300w, https:\/\/flowerslib.com\/wp-content\/uploads\/2023\/08\/5-25-150x100.jpg 150w, https:\/\/flowerslib.com\/wp-content\/uploads\/2023\/08\/5-25-768x512.jpg 768w\" sizes=\"auto, (max-width: 1200px) 100vw, 1200px\" \/><\/figure>\n<\/div>\n\n\n<p class=\"wp-block-paragraph\"><\/p>\n\n\n\n<p class=\"wp-block-paragraph\">O Voodoo Lily (Dracunculus vulgaris), um membro impressionante da fam\u00edlia Araceae, \u00e9 conhecido pelo seu aspeto dram\u00e1tico e pela sua estrat\u00e9gia de poliniza\u00e7\u00e3o \u00fanica. Esta planta extraordin\u00e1ria \u00e9 caracterizada pela sua grande espata roxa profunda que envolve uma esp\u00e1dice roxo-escura, criando uma infloresc\u00eancia que pode atingir at\u00e9 90 cm de altura.<\/p>\n\n\n\n<p class=\"wp-block-paragraph\">A carater\u00edstica mais not\u00f3ria do l\u00edrio-vodu \u00e9 o seu poderoso odor f\u00e9tido, que emite durante a flora\u00e7\u00e3o. Este odor, que faz lembrar carne em decomposi\u00e7\u00e3o, tem uma fun\u00e7\u00e3o ecol\u00f3gica crucial, atraindo insectos necr\u00f3fagos, particularmente moscas verdes (Lucilia spp.), que s\u00e3o os seus principais polinizadores. Esta adapta\u00e7\u00e3o not\u00e1vel exemplifica a estrat\u00e9gia evolutiva da planta para assegurar uma reprodu\u00e7\u00e3o bem sucedida nos seus habitats mediterr\u00e2nicos nativos.<\/p>\n\n\n\n<p class=\"wp-block-paragraph\">A infloresc\u00eancia do Voodoo Lily \u00e9 uma maravilha do design da natureza. A espata, que se assemelha a uma folha modificada, desenrola-se para revelar um interior profundo, de vermelho-vinho a preto-arroxeado. Esta colora\u00e7\u00e3o dram\u00e1tica, juntamente com o caule elegante e mosqueado da planta e as folhas profundamente divididas, cria um espet\u00e1culo visualmente cativante. A esp\u00e1dice central, muitas vezes descrita como uma l\u00edngua, sobressai proeminentemente da espata, aumentando ainda mais a apar\u00eancia de outro mundo da planta.<\/p>\n\n\n\n<p class=\"wp-block-paragraph\">Este fascinante ar\u00f3ide ganhou numerosos nomes comuns evocativos, cada um real\u00e7ando diferentes aspectos da sua apar\u00eancia ou carater\u00edsticas:<\/p>\n\n\n\n<ol class=\"wp-block-list\">\n<li>\"Dragon Arum\" - alus\u00e3o \u00e0 sua forma serpentina e ao seu aspeto feroz<\/li>\n\n\n\n<li>\"Voodoo Lily\" - referindo-se \u00e0 sua aura misteriosa e algo sinistra<\/li>\n\n\n\n<li>\"L\u00edrio-cobra\" - descri\u00e7\u00e3o do seu caule em forma de cobra e da sua forma geral<\/li>\n\n\n\n<li>\"Black Arum\" - nota-se a colora\u00e7\u00e3o escura da sua infloresc\u00eancia<\/li>\n\n\n\n<li>\"Drag\u00e3o Negro\" - combina\u00e7\u00e3o da sua cor e das suas qualidades de drag\u00e3o<\/li>\n\n\n\n<li>\"Planta-drag\u00e3o\" - sublinhando o seu aspeto imponente e m\u00edtico<\/li>\n\n\n\n<li>\"Stinky Lily\" - uma alus\u00e3o ao seu odor infame<\/li>\n<\/ol>\n\n\n\n<p class=\"wp-block-paragraph\">Embora o cheiro do l\u00edrio-vodu possa ser desagrad\u00e1vel para os seres humanos, as suas carater\u00edsticas \u00fanicas fazem dele um esp\u00e9cime apreciado por entusiastas bot\u00e2nicos e coleccionadores. Os jardineiros que cultivam esta planta fazem-no frequentemente pelas suas qualidades de in\u00edcio de conversa e pela oportunidade de testemunhar em primeira m\u00e3o o seu fascinante ciclo de vida. No entanto, h\u00e1 que ter cuidado na sua coloca\u00e7\u00e3o nos jardins, tendo em conta o seu odor potente durante os per\u00edodos de flora\u00e7\u00e3o.<\/p>\n\n\n\n<p class=\"wp-block-paragraph\">No cultivo, o l\u00edrio-vodu requer um solo bem drenado, sombra parcial e prote\u00e7\u00e3o contra o frio extremo. Floresce tipicamente no final da primavera at\u00e9 ao in\u00edcio do ver\u00e3o, entrando a planta em dorm\u00eancia ap\u00f3s a flora\u00e7\u00e3o. Este ciclo de crescimento, flora\u00e7\u00e3o dram\u00e1tica e dorm\u00eancia aumenta a m\u00edstica e o atrativo desta esp\u00e9cie not\u00e1vel no mundo da horticultura ornamental.<\/p>\n\n\n\n<p class=\"wp-block-paragraph\"><\/p>\n\n\n\n<h2 class=\"wp-block-heading\">9. Veludo Nigrum<\/h2>\n\n\n<div class=\"wp-block-image\">\n<figure class=\"aligncenter size-full\"><img loading=\"lazy\" decoding=\"async\" width=\"1200\" height=\"800\" src=\"https:\/\/flowerslib.com\/wp-content\/uploads\/2023\/08\/2-83.jpg\" alt=\"\" class=\"wp-image-7879\" srcset=\"https:\/\/flowerslib.com\/wp-content\/uploads\/2023\/08\/2-83.jpg 1200w, https:\/\/flowerslib.com\/wp-content\/uploads\/2023\/08\/2-83-300x200.jpg 300w, https:\/\/flowerslib.com\/wp-content\/uploads\/2023\/08\/2-83-150x100.jpg 150w, https:\/\/flowerslib.com\/wp-content\/uploads\/2023\/08\/2-83-768x512.jpg 768w\" sizes=\"auto, (max-width: 1200px) 100vw, 1200px\" \/><\/figure>\n<\/div>\n\n\n<p class=\"wp-block-paragraph\"><\/p>\n\n\n\n<p class=\"wp-block-paragraph\">O Veludo Nigrum, uma planta impressionante da fam\u00edlia Araceae e do g\u00e9nero Anthurium, n\u00e3o \u00e9 exatamente como o seu nome sugere. Apesar de ser coloquialmente conhecida como o \"Cisne Negro\", as suas folhas n\u00e3o s\u00e3o pretas, mas sim de um verde profundo, tipo tinta, que pode parecer quase preto em certas condi\u00e7\u00f5es de ilumina\u00e7\u00e3o.<\/p>\n\n\n\n<p class=\"wp-block-paragraph\">Esta cultivar \u00e9 caracterizada pela sua folhagem distinta. As folhas s\u00e3o significativamente mais pequenas em compara\u00e7\u00e3o com o ant\u00fario Green Velvet, medindo tipicamente 6-8 polegadas de comprimento. T\u00eam a forma de cora\u00e7\u00f5es alongados (cordiformes) e possuem uma textura aveludada que \u00e9 uma carater\u00edstica de muitas esp\u00e9cies de ant\u00farios. Esta superf\u00edcie aveludada deve-se \u00e0 presen\u00e7a de tricomas min\u00fasculos, que conferem \u00e0 planta o seu aspeto suave e contribuem para a sua capacidade de repelir a \u00e1gua.<\/p>\n\n\n\n<p class=\"wp-block-paragraph\">As folhas do Velvet Nigrum s\u00e3o bastante espessas e ligeiramente r\u00edgidas ao tato, uma adapta\u00e7\u00e3o que ajuda a planta a conservar a \u00e1gua e a manter a sua estrutura. Esta estrutura foliar \u00e9 t\u00edpica de muitos ant\u00farios, que s\u00e3o frequentemente ep\u00edfitas nos seus habitats naturais.<\/p>\n\n\n\n<p class=\"wp-block-paragraph\">Uma das carater\u00edsticas mais marcantes do Velvet Nigrum \u00e9 o forte contraste entre o verde profundo da l\u00e2mina foliar e as nervuras brancas proeminentes. Estas nervuras, ou vena\u00e7\u00e3o, seguem um padr\u00e3o reticulado que \u00e9 carater\u00edstico do g\u00e9nero Anthurium. A combina\u00e7\u00e3o dos veios brancos das folhas com as folhas verde-escuras cria um efeito particularmente sofisticado e visualmente atrativo, que faz lembrar um intrincado trabalho de renda.<\/p>\n\n\n\n<p class=\"wp-block-paragraph\">Tal como acontece com muitos ant\u00farios, o Velvet Nigrum prefere luz brilhante e indireta e humidade elevada. \u00c9 uma excelente escolha para terr\u00e1rios ou como planta isolada num ambiente quente e h\u00famido. Embora possa produzir flores, esta variedade \u00e9 cultivada principalmente pela sua folhagem espetacular.<\/p>\n\n\n\n<p class=\"wp-block-paragraph\">\u00c9 de salientar que o Veludo Nigrum, tal como outros Ant\u00farios, cont\u00e9m cristais de oxalato de c\u00e1lcio, que podem causar irrita\u00e7\u00e3o se ingeridos ou se a seiva entrar em contacto com a pele. Por isso, \u00e9 preciso ter cuidado ao manusear a planta e mant\u00ea-la fora do alcance de animais dom\u00e9sticos e crian\u00e7as.<\/p>\n\n\n\n<p class=\"wp-block-paragraph\">O Velvet Nigrum representa o interesse horticultural cont\u00ednuo no desenvolvimento de cultivares de ant\u00fario com carater\u00edsticas foliares \u00fanicas, satisfazendo a procura crescente de plantas de interior invulgares e visualmente impressionantes.<\/p>","protected":false},"excerpt":{"rendered":"<p>1. Vanda Vanda, also known as Wanda, is a distinctive epiphytic orchid genus renowned for its striking beauty and unique growth habits. Unlike Cattleya and Dendrobium, Vanda orchids are monopodial, meaning they grow from a single stem without pseudobulbs. This central stem is characteristically robust and upright, supporting the plant&#8217;s impressive structure. The size of [&hellip;]<\/p>\n","protected":false},"author":1,"featured_media":8027,"comment_status":"open","ping_status":"open","sticky":false,"template":"","format":"standard","meta":{"_breakdance_hide_in_design_set":false,"_breakdance_tags":"","footnotes":""},"categories":[20],"tags":[],"class_list":["post-7734","post","type-post","status-publish","format-standard","has-post-thumbnail","hentry","category-species-and-types"],"_links":{"self":[{"href":"https:\/\/flowerslib.com\/pt\/wp-json\/wp\/v2\/posts\/7734","targetHints":{"allow":["GET"]}}],"collection":[{"href":"https:\/\/flowerslib.com\/pt\/wp-json\/wp\/v2\/posts"}],"about":[{"href":"https:\/\/flowerslib.com\/pt\/wp-json\/wp\/v2\/types\/post"}],"author":[{"embeddable":true,"href":"https:\/\/flowerslib.com\/pt\/wp-json\/wp\/v2\/users\/1"}],"replies":[{"embeddable":true,"href":"https:\/\/flowerslib.com\/pt\/wp-json\/wp\/v2\/comments?post=7734"}],"version-history":[{"count":0,"href":"https:\/\/flowerslib.com\/pt\/wp-json\/wp\/v2\/posts\/7734\/revisions"}],"wp:featuredmedia":[{"embeddable":true,"href":"https:\/\/flowerslib.com\/pt\/wp-json\/wp\/v2\/media\/8027"}],"wp:attachment":[{"href":"https:\/\/flowerslib.com\/pt\/wp-json\/wp\/v2\/media?parent=7734"}],"wp:term":[{"taxonomy":"category","embeddable":true,"href":"https:\/\/flowerslib.com\/pt\/wp-json\/wp\/v2\/categories?post=7734"},{"taxonomy":"post_tag","embeddable":true,"href":"https:\/\/flowerslib.com\/pt\/wp-json\/wp\/v2\/tags?post=7734"}],"curies":[{"name":"wp","href":"https:\/\/api.w.org\/{rel}","templated":true}]}}