{"id":7714,"date":"2024-07-29T16:35:22","date_gmt":"2024-07-29T08:35:22","guid":{"rendered":"https:\/\/flowerslib.com\/?p=7714"},"modified":"2024-07-29T16:35:25","modified_gmt":"2024-07-29T08:35:25","slug":"flores-que-comecam-por-m","status":"publish","type":"post","link":"https:\/\/flowerslib.com\/pt\/flowers-that-start-with-m\/","title":{"rendered":"39 Flores que come\u00e7am por M"},"content":{"rendered":"<h2 class=\"wp-block-heading\">1. Magn\u00f3lia Grandiflora <\/h2>\n\n\n\n<p class=\"wp-block-paragraph\"><\/p>\n\n\n<div class=\"wp-block-image\">\n<figure class=\"aligncenter size-full\"><img loading=\"lazy\" decoding=\"async\" width=\"1200\" height=\"800\" src=\"https:\/\/flowerslib.com\/wp-content\/uploads\/2023\/09\/2-99.jpg\" alt=\"Magn\u00f3lia Grandiflora\" class=\"wp-image-11457\" srcset=\"https:\/\/flowerslib.com\/wp-content\/uploads\/2023\/09\/2-99.jpg 1200w, https:\/\/flowerslib.com\/wp-content\/uploads\/2023\/09\/2-99-300x200.jpg 300w, https:\/\/flowerslib.com\/wp-content\/uploads\/2023\/09\/2-99-150x100.jpg 150w, https:\/\/flowerslib.com\/wp-content\/uploads\/2023\/09\/2-99-768x512.jpg 768w\" sizes=\"auto, (max-width: 1200px) 100vw, 1200px\" \/><\/figure>\n<\/div>\n\n\n<p class=\"wp-block-paragraph\"><\/p>\n\n\n\n<p class=\"wp-block-paragraph\">A Magnolia grandiflora, vulgarmente conhecida como Magn\u00f3lia do Sul ou Bull Bay, \u00e9 uma majestosa \u00e1rvore de folha perene pertencente \u00e0 fam\u00edlia Magnoliaceae. Origin\u00e1ria do sudeste dos Estados Unidos, esta esp\u00e9cie emblem\u00e1tica tornou-se uma \u00e1rvore ornamental muito apreciada em todo o mundo devido ao seu aspeto marcante e \u00e0 sua adaptabilidade.<\/p>\n\n\n\n<p class=\"wp-block-paragraph\">As folhas da Magn\u00f3lia do Sul s\u00e3o grandes, de forma el\u00edptica a ovada, medindo 12-20 cm de comprimento e 6-12 cm de largura. A superf\u00edcie superior \u00e9 verde-escura brilhante com uma textura de couro, enquanto a parte inferior \u00e9 castanha-ferrugem devido a um indumento denso e felpudo. Esta pubesc\u00eancia carater\u00edstica ajuda a \u00e1rvore a reter a humidade nos seus climas quentes nativos.<\/p>\n\n\n\n<p class=\"wp-block-paragraph\">As flores da M. grandiflora s\u00e3o verdadeiramente espectaculares, atingindo frequentemente 20-30 cm de di\u00e2metro. S\u00e3o de um branco cremoso, compostas por 6-12 p\u00e9talas grossas e cerosas, e emitem uma poderosa fragr\u00e2ncia a lim\u00e3o. O per\u00edodo de flora\u00e7\u00e3o estende-se normalmente desde o final da primavera at\u00e9 ao ver\u00e3o, sendo poss\u00edvel uma flora\u00e7\u00e3o espor\u00e1dica em climas mais quentes.<\/p>\n\n\n\n<p class=\"wp-block-paragraph\">Contrariamente ao nome comum \"Magn\u00f3lia de L\u00f3tus\", que n\u00e3o \u00e9 muito utilizado, as flores n\u00e3o se assemelham muito \u00e0s flores de l\u00f3tus. O centro de cada flor cont\u00e9m um gineceu proeminente rodeado por numerosos estames com filamentos roxos, criando um contraste impressionante com as p\u00e9talas brancas.<\/p>\n\n\n\n<p class=\"wp-block-paragraph\"><\/p>\n\n\n<div class=\"wp-block-image\">\n<figure class=\"aligncenter size-full\"><img loading=\"lazy\" decoding=\"async\" width=\"1200\" height=\"800\" src=\"https:\/\/flowerslib.com\/wp-content\/uploads\/2023\/09\/1-99.jpg\" alt=\"Magn\u00f3lia Grandiflora\" class=\"wp-image-11458\" srcset=\"https:\/\/flowerslib.com\/wp-content\/uploads\/2023\/09\/1-99.jpg 1200w, https:\/\/flowerslib.com\/wp-content\/uploads\/2023\/09\/1-99-300x200.jpg 300w, https:\/\/flowerslib.com\/wp-content\/uploads\/2023\/09\/1-99-150x100.jpg 150w, https:\/\/flowerslib.com\/wp-content\/uploads\/2023\/09\/1-99-768x512.jpg 768w\" sizes=\"auto, (max-width: 1200px) 100vw, 1200px\" \/><\/figure>\n<\/div>\n\n\n<p class=\"wp-block-paragraph\"><\/p>\n\n\n\n<p class=\"wp-block-paragraph\">O fruto \u00e9 um agregado ovoide de fol\u00edculos, com 7-10 cm de comprimento, conhecido como cone. Quando maduro, abre-se para revelar sementes vermelhas brilhantes, cada uma suspensa por um fio fino. Esta exibi\u00e7\u00e3o v\u00edvida atrai as aves, que ajudam na dispers\u00e3o das sementes.<\/p>\n\n\n\n<p class=\"wp-block-paragraph\">As Magn\u00f3lias do Sul desenvolvem-se bem nas zonas de robustez 7-10 da USDA, preferindo sol pleno a sombra parcial. S\u00e3o adapt\u00e1veis a v\u00e1rios tipos de solo, mas t\u00eam um melhor desempenho em solos \u00e1cidos profundos, ricos e bem drenados com humidade consistente. Embora tolerantes a breves per\u00edodos de seca depois de estabelecidas, n\u00e3o s\u00e3o adequadas para solos salinos ou altamente alcalinos.<\/p>\n\n\n\n<p class=\"wp-block-paragraph\">A propaga\u00e7\u00e3o \u00e9 geralmente efectuada atrav\u00e9s de sementes, estacas de madeira macia ou enxertia. A propaga\u00e7\u00e3o por sementes \u00e9 mais lenta mas pode produzir plantas mais robustas, enquanto a enxertia permite a reprodu\u00e7\u00e3o de cultivares espec\u00edficas.<\/p>\n\n\n\n<p class=\"wp-block-paragraph\">Para al\u00e9m do seu valor ornamental, a M. grandiflora tem v\u00e1rias aplica\u00e7\u00f5es pr\u00e1ticas. A sua copa densa e a sua natureza perene fazem dela uma excelente escolha para a constru\u00e7\u00e3o de divis\u00f3rias de privacidade ou quebra-ventos. A madeira, conhecida pela sua resist\u00eancia e pelo seu gr\u00e3o fino, tem sido utilizada no fabrico de mobili\u00e1rio e na constru\u00e7\u00e3o.<\/p>\n\n\n\n<p class=\"wp-block-paragraph\">Em termos de benef\u00edcios ambientais, as Magn\u00f3lias do Sul s\u00e3o de facto eficazes na melhoria da qualidade do ar. Foi demonstrado que filtram as part\u00edculas e absorvem poluentes como o di\u00f3xido de azoto e o di\u00f3xido de enxofre.<\/p>\n\n\n\n<p class=\"wp-block-paragraph\">As propriedades medicinais da M. grandiflora foram reconhecidas nos sistemas de medicina tradicional. Embora as folhas contenham compostos que podem contribuir para a redu\u00e7\u00e3o da tens\u00e3o arterial, \u00e9 importante notar que qualquer utiliza\u00e7\u00e3o medicinal deve ser feita sob orienta\u00e7\u00e3o profissional. A casca e os bot\u00f5es florais cont\u00eam magnolol e honokiol, compostos estudados pelas suas potenciais propriedades anti-inflamat\u00f3rias e ansiol\u00edticas.<\/p>\n\n\n\n<p class=\"wp-block-paragraph\">Historicamente, a primeira flora\u00e7\u00e3o registada de M. grandiflora em Inglaterra ocorreu na d\u00e9cada de 1730, e n\u00e3o na d\u00e9cada de 1840, como anteriormente afirmado. Ter\u00e1 ocorrido no jardim de Sir John Colleton em Exmouth, Devon. Esta introdu\u00e7\u00e3o marcou o in\u00edcio da popularidade da esp\u00e9cie na horticultura europeia.<\/p>\n\n\n\n<p class=\"wp-block-paragraph\">Em paisagismo, as Magn\u00f3lias do Sul s\u00e3o apreciadas como \u00e1rvores-esp\u00e9cime, pela sua folhagem durante todo o ano e como plantas de fundo em grandes jardins. O seu crescimento lento e eventual grande porte (podendo atingir 18-27 metros de altura) devem ser considerados no planeamento da coloca\u00e7\u00e3o.<\/p>\n\n\n\n<h2 class=\"wp-block-heading\">2. Magn\u00f3lia Liliflora <\/h2>\n\n\n\n<p class=\"wp-block-paragraph\"><\/p>\n\n\n<div class=\"wp-block-image\">\n<figure class=\"aligncenter size-full\"><img loading=\"lazy\" decoding=\"async\" width=\"1200\" height=\"800\" src=\"https:\/\/flowerslib.com\/wp-content\/uploads\/2023\/09\/3-53.jpg\" alt=\"Magn\u00f3lia Liliflora \" class=\"wp-image-11459\" srcset=\"https:\/\/flowerslib.com\/wp-content\/uploads\/2023\/09\/3-53.jpg 1200w, https:\/\/flowerslib.com\/wp-content\/uploads\/2023\/09\/3-53-300x200.jpg 300w, https:\/\/flowerslib.com\/wp-content\/uploads\/2023\/09\/3-53-150x100.jpg 150w, https:\/\/flowerslib.com\/wp-content\/uploads\/2023\/09\/3-53-768x512.jpg 768w\" sizes=\"auto, (max-width: 1200px) 100vw, 1200px\" \/><\/figure>\n<\/div>\n\n\n<p class=\"wp-block-paragraph\"><\/p>\n\n\n\n<p class=\"wp-block-paragraph\">A Magnolia liliflora, vulgarmente conhecida como magn\u00f3lia Mulan, magn\u00f3lia l\u00edrio ou magn\u00f3lia tulipa, \u00e9 um arbusto de folha caduca ou uma pequena \u00e1rvore pertencente \u00e0 fam\u00edlia Magnoliaceae. Esta esp\u00e9cie \u00e9 origin\u00e1ria do sudoeste da China, mas tem sido amplamente cultivada em regi\u00f5es temperadas de todo o mundo pelo seu valor ornamental.<\/p>\n\n\n\n<p class=\"wp-block-paragraph\">As flores da Magnolia liliflora florescem tipicamente entre o final do inverno e o in\u00edcio da primavera, geralmente entre fevereiro e abril, dependendo do clima. Estas flores grandes e perfumadas t\u00eam uma forma distinta de vaso ou de tulipa, medindo 10-15 cm de di\u00e2metro. <\/p>\n\n\n\n<p class=\"wp-block-paragraph\">As t\u00e9palas (p\u00e9talas e s\u00e9palas indiferenciadas) est\u00e3o dispostas em 9-18 espirais, com um contraste de cor impressionante: p\u00farpura profundo ou p\u00farpura avermelhado no exterior e branco cremoso a rosa p\u00e1lido no interior. Esta varia\u00e7\u00e3o de cor confere \u00e0s flores um aspeto bicolor cativante.<\/p>\n\n\n\n<p class=\"wp-block-paragraph\">Na medicina tradicional chinesa, v\u00e1rias partes da Magnolia liliflora t\u00eam sido utilizadas pelas suas propriedades terap\u00eauticas. Os bot\u00f5es florais, conhecidos como \"Xin Yi\" na medicina herbal chinesa, s\u00e3o particularmente apreciados pelas suas propriedades expectorantes e descongestionantes. S\u00e3o tradicionalmente utilizados para aliviar problemas respirat\u00f3rios como congest\u00e3o nasal, sinusite e bronquite. Embora a planta tenha sido usada para ajudar a desalojar espinhas de peixe presas na garganta, \u00e9 importante notar que procurar ajuda m\u00e9dica profissional \u00e9 sempre recomendado em tais situa\u00e7\u00f5es.<\/p>\n\n\n\n<p class=\"wp-block-paragraph\">O h\u00e1bito de florescer no in\u00edcio da primavera da magn\u00f3lia Mulan torna-a uma planta ornamental apreciada em projectos paisag\u00edsticos. As suas flores vistosas aparecem antes de as folhas emergirem, criando uma exibi\u00e7\u00e3o visual impressionante contra ramos nus. Esta carater\u00edstica faz com que seja uma excelente planta exemplar para jardins frontais, onde pode servir de ponto focal. Quando plantada em grupos ao longo da borda de um relvado ou em bordaduras mistas, proporciona um impacto dram\u00e1tico de cor no in\u00edcio da esta\u00e7\u00e3o.<\/p>\n\n\n\n<p class=\"wp-block-paragraph\">A Magnolia liliflora tem uma hist\u00f3ria de cultivo rica que se estende por mais de mil anos na China. Os seus elegantes bot\u00f5es de flores, que se assemelham \u00e0 ponta de um pincel de escrita tradicional chinesa, valeram-lhe a alcunha po\u00e9tica de \"Caneta de madeira\" ou \"Mu Bi\" em chin\u00eas. Esta associa\u00e7\u00e3o com actividades acad\u00e9micas tornou-a um s\u00edmbolo de requinte e aprendizagem na cultura chinesa.<\/p>\n\n\n\n<p class=\"wp-block-paragraph\">A planta cresce normalmente at\u00e9 uma altura de 2-3 metros com uma extens\u00e3o de dimens\u00f5es semelhantes, o que a torna adequada para jardins mais pequenos ou como planta de sub-bosque em paisagens maiores. Prefere solos bem drenados, ligeiramente \u00e1cidos e exposi\u00e7\u00e3o parcial ou total ao sol. A poda regular ap\u00f3s a flora\u00e7\u00e3o pode ajudar a manter a sua forma e promover um crescimento vigoroso.<\/p>\n\n\n\n<p class=\"wp-block-paragraph\">Para al\u00e9m das suas utiliza\u00e7\u00f5es ornamentais e medicinais, a Magnolia liliflora tamb\u00e9m contribuiu para o desenvolvimento da horticultura. Tem sido amplamente utilizada em programas de melhoramento para criar numerosas magn\u00f3lias h\u00edbridas, combinando o seu h\u00e1bito de crescimento compacto e as cores vibrantes das flores com carater\u00edsticas desej\u00e1veis de outras esp\u00e9cies.<\/p>\n\n\n\n<p class=\"wp-block-paragraph\">Tal como acontece com muitas magn\u00f3lias, esta esp\u00e9cie pode ser suscet\u00edvel a geadas no final da primavera, que podem danificar os bot\u00f5es florais. A planta\u00e7\u00e3o num local abrigado ou a prote\u00e7\u00e3o durante as geadas pode ajudar a preservar a espetacular exibi\u00e7\u00e3o floral que faz da Magnolia liliflora uma adi\u00e7\u00e3o apreciada nos jardins de todo o mundo.<\/p>\n\n\n\n<h2 class=\"wp-block-heading\">3. Magn\u00f3lia Sieboldii <\/h2>\n\n\n\n<p class=\"wp-block-paragraph\"><\/p>\n\n\n\n<figure class=\"wp-block-image size-full\"><img loading=\"lazy\" decoding=\"async\" width=\"1200\" height=\"800\" src=\"https:\/\/flowerslib.com\/wp-content\/uploads\/2023\/09\/1-100.jpg\" alt=\"Magn\u00f3lia Sieboldii \" class=\"wp-image-11460\" srcset=\"https:\/\/flowerslib.com\/wp-content\/uploads\/2023\/09\/1-100.jpg 1200w, https:\/\/flowerslib.com\/wp-content\/uploads\/2023\/09\/1-100-300x200.jpg 300w, https:\/\/flowerslib.com\/wp-content\/uploads\/2023\/09\/1-100-150x100.jpg 150w, https:\/\/flowerslib.com\/wp-content\/uploads\/2023\/09\/1-100-768x512.jpg 768w\" sizes=\"auto, (max-width: 1200px) 100vw, 1200px\" \/><\/figure>\n\n\n\n<p class=\"wp-block-paragraph\"><\/p>\n\n\n\n<p class=\"wp-block-paragraph\">A Magnolia sieboldii, vulgarmente conhecida como magn\u00f3lia de Oyama ou magn\u00f3lia de Siebold, \u00e9 um gracioso arbusto de folha caduca ou uma pequena \u00e1rvore pertencente \u00e0 fam\u00edlia Magnoliaceae. Esta esp\u00e9cie atinge tipicamente alturas de 5-10 metros (16-33 p\u00e9s) em cultivo, embora possa crescer mais alto no seu habitat nativo.<\/p>\n\n\n\n<p class=\"wp-block-paragraph\">Os ramos jovens da M. sieboldii s\u00e3o delgados, medindo cerca de 3 mm de di\u00e2metro. Apresentam uma cor castanha-acinzentada clara e s\u00e3o inicialmente cobertos por p\u00ealos macios, longos e apressados, de cor cinzenta-prateada, que contribuem para o aspeto delicado da planta.<\/p>\n\n\n\n<p class=\"wp-block-paragraph\">As folhas s\u00e3o caducas, dispostas alternadamente e de textura nitidamente membranosa. Apresentam uma forma ovada a amplamente ovada, medindo 8-16 cm de comprimento e 5-10 cm de largura. O \u00e1pice da folha \u00e9 acuminado (afunilando para um ponto), enquanto a base \u00e9 geralmente arredondada ou ligeiramente cordada. A superf\u00edcie superior \u00e9 verde escura e glabra, contrastando com a superf\u00edcie inferior mais p\u00e1lida e ligeiramente pubescente.<\/p>\n\n\n\n<p class=\"wp-block-paragraph\">A flora\u00e7\u00e3o ocorre no final da primavera at\u00e9 ao in\u00edcio do ver\u00e3o, coincidindo com o aparecimento das folhas. As flores s\u00e3o de uma beleza requintada, acenam e s\u00e3o perfumadas, o que as torna numa carater\u00edstica de destaque desta esp\u00e9cie. Medem 7-10 cm (3-4 polegadas) de di\u00e2metro quando totalmente abertas e apresentam uma forma distinta de ta\u00e7a ou tigela. As t\u00e9palas, normalmente em n\u00famero de 9-12, s\u00e3o de um branco puro, por vezes com uma tonalidade rosa p\u00e1lido na base. O cone central de estames e carpelos \u00e9 de um roxo-avermelhado vibrante, criando um contraste impressionante com as t\u00e9palas brancas.<\/p>\n\n\n\n<p class=\"wp-block-paragraph\">Ap\u00f3s a poliniza\u00e7\u00e3o, desenvolve-se o fruto agregado, constitu\u00eddo por um conjunto de fol\u00edculos. \u00c0 medida que amadurece, passa de verde para uma cor vermelha viva. Cada fol\u00edculo cont\u00e9m 1-2 sementes, que t\u00eam forma de cora\u00e7\u00e3o e est\u00e3o envoltas num arilo vermelho-alaranjado brilhante. O revestimento exterior da semente \u00e9 castanho.<\/p>\n\n\n\n<p class=\"wp-block-paragraph\">A Magnolia sieboldii \u00e9 nativa da \u00c1sia Oriental, com uma distribui\u00e7\u00e3o natural que abrange partes da China (incluindo as prov\u00edncias de Sichuan, Hubei e Zhejiang), a Pen\u00ednsula Coreana e o Jap\u00e3o. No seu habitat nativo, desenvolve-se em florestas mistas de folha caduca, frequentemente encontradas ao longo de riachos ou em vales h\u00famidos e sombreados. A esp\u00e9cie ocorre tipicamente em altitudes entre 1000-2000 metros (3300-6600 p\u00e9s) acima do n\u00edvel do mar.<\/p>\n\n\n\n<p class=\"wp-block-paragraph\">Para al\u00e9m do seu valor ornamental, a M. sieboldii tem v\u00e1rias utiliza\u00e7\u00f5es pr\u00e1ticas. A sua madeira, embora n\u00e3o seja comercialmente significativa, \u00e9 por vezes utilizada localmente para o fabrico de ferramentas agr\u00edcolas. As flores perfumadas produzem \u00f3leos essenciais que t\u00eam aplica\u00e7\u00f5es potenciais na perfumaria. Na medicina tradicional asi\u00e1tica, v\u00e1rias partes da planta, incluindo a casca, os bot\u00f5es e as flores, t\u00eam sido utilizadas para tratar doen\u00e7as como dores de cabe\u00e7a, congest\u00e3o nasal e dist\u00farbios menstruais.<\/p>\n\n\n\n<p class=\"wp-block-paragraph\">As flores elegantes e ondulantes da magn\u00f3lia Oyama, com pedicelos longos, criam um efeito encantador ao balan\u00e7arem suavemente com a brisa. Esta carater\u00edstica \u00fanica, combinada com o seu tamanho compacto e toler\u00e2ncia \u00e0 sombra, torna-a uma planta ornamental apreciada em jardins de todo o mundo. \u00c9 particularmente adequada para jardins florestais, bordaduras de arbustos ou como planta exemplar em \u00e1reas parcialmente sombreadas.<\/p>\n\n\n\n<p class=\"wp-block-paragraph\">Em cultura, a Magnolia sieboldii prefere solos h\u00famidos, bem drenados, ligeiramente \u00e1cidos e ricos em mat\u00e9ria org\u00e2nica. Desenvolve-se bem em sombra parcial, mas pode tolerar sol pleno em climas mais frios. A esp\u00e9cie \u00e9 geralmente resistente nas zonas 5-8 da USDA, o que a torna adapt\u00e1vel a uma vasta gama de climas temperados.<\/p>\n\n\n\n<h2 class=\"wp-block-heading\">4. Magn\u00f3lia Soulangeana <\/h2>\n\n\n\n<p class=\"wp-block-paragraph\"><\/p>\n\n\n<div class=\"wp-block-image\">\n<figure class=\"aligncenter size-full\"><img loading=\"lazy\" decoding=\"async\" width=\"1200\" height=\"800\" src=\"https:\/\/flowerslib.com\/wp-content\/uploads\/2023\/09\/2-100.jpg\" alt=\"Magn\u00f3lia Soulangeana \" class=\"wp-image-11461\" srcset=\"https:\/\/flowerslib.com\/wp-content\/uploads\/2023\/09\/2-100.jpg 1200w, https:\/\/flowerslib.com\/wp-content\/uploads\/2023\/09\/2-100-300x200.jpg 300w, https:\/\/flowerslib.com\/wp-content\/uploads\/2023\/09\/2-100-150x100.jpg 150w, https:\/\/flowerslib.com\/wp-content\/uploads\/2023\/09\/2-100-768x512.jpg 768w\" sizes=\"auto, (max-width: 1200px) 100vw, 1200px\" \/><\/figure>\n<\/div>\n\n\n<p class=\"wp-block-paragraph\"><\/p>\n\n\n\n<p class=\"wp-block-paragraph\">A Magnolia soulangeana, vulgarmente conhecida como Magnolia saucer ou Magnolia chinesa, \u00e9 um arbusto de folha caduca ou uma pequena \u00e1rvore da fam\u00edlia das Magnoliaceae. Esta esp\u00e9cie h\u00edbrida, resultado do cruzamento entre a M. denudata e a M. liliiflora, apresenta ramos jovens lisos e sem p\u00ealos e folhas obovadas a el\u00edpticas com pontas pontiagudas, de textura papeleira.<\/p>\n\n\n\n<p class=\"wp-block-paragraph\">As flores, que desabrocham de forma espetacular antes do aparecimento das folhas, s\u00e3o grandes e t\u00eam forma de tulipa, variando de cor entre o branco, o rosa e o roxo, muitas vezes com um interior mais claro. As t\u00e9palas (estruturas semelhantes a p\u00e9talas) s\u00e3o geralmente em n\u00famero de 9-18 e podem atingir 13 cm de comprimento. Os pistilos s\u00e3o efetivamente desprovidos de p\u00ealos e cil\u00edndricos, formando frutos agregados conhecidos como follicetums, que medem aproximadamente 8 cm de comprimento e 3 cm de di\u00e2metro.<\/p>\n\n\n\n<p class=\"wp-block-paragraph\">As sementes s\u00e3o castanho-avermelhadas com um revestimento exterior carnudo vermelho-alaranjado. A flora\u00e7\u00e3o ocorre entre o final do inverno e o in\u00edcio da primavera, normalmente de fevereiro a abril, dependendo do clima. Os frutos amadurecem entre o final do ver\u00e3o e o in\u00edcio do outono, geralmente entre setembro e outubro.<\/p>\n\n\n\n<p class=\"wp-block-paragraph\">Origin\u00e1ria de Fran\u00e7a como h\u00edbrido cultivado, a M. \u00d7 soulangeana tem sido amplamente plantada em regi\u00f5es temperadas e subtropicais de todo o mundo, incluindo a China. Demonstra uma adaptabilidade not\u00e1vel, sendo resistente ao frio (at\u00e9 \u00e0 zona 5 da USDA), moderadamente tolerante \u00e0 seca uma vez estabelecida, e capaz de prosperar em sombra parcial a pleno sol.<\/p>\n\n\n\n<p class=\"wp-block-paragraph\">Esta magn\u00f3lia prefere um solo bem drenado, ligeiramente \u00e1cido a neutro e rico em mat\u00e9ria org\u00e2nica. Apresenta uma boa resist\u00eancia \u00e0 polui\u00e7\u00e3o urbana, absorvendo eficazmente v\u00e1rios poluentes atmosf\u00e9ricos, o que a torna uma excelente escolha para as paisagens urbanas. Para uma flora\u00e7\u00e3o \u00f3ptima, necessita de um local com sol pleno a sombra ligeira.<\/p>\n\n\n\n<p class=\"wp-block-paragraph\">A propaga\u00e7\u00e3o faz-se principalmente por enxertia ou por estacas de madeira macia colhidas no in\u00edcio do ver\u00e3o. A multiplica\u00e7\u00e3o em camadas e a propaga\u00e7\u00e3o por sementes tamb\u00e9m s\u00e3o poss\u00edveis, embora esta \u00faltima possa n\u00e3o produzir plantas fi\u00e9is ao progenitor.<\/p>\n\n\n\n<p class=\"wp-block-paragraph\">A casca, as folhas e as flores da Magn\u00f3lia saucer cont\u00eam \u00f3leos essenciais que podem ser extra\u00eddos para utiliza\u00e7\u00e3o em perfumaria e aromaterapia. Embora n\u00e3o sejam normalmente utilizadas para fins culin\u00e1rios, as p\u00e9talas s\u00e3o comest\u00edveis e podem ser utilizadas para dar um subtil sabor floral \u00e0s saladas ou como guarni\u00e7\u00e3o decorativa. Algumas culturas utilizam as p\u00e9talas para perfumar o ch\u00e1.<\/p>\n\n\n\n<p class=\"wp-block-paragraph\">A Magn\u00f3lia Saucer \u00e9 cultivada principalmente pelo seu valor ornamental em jardins, parques e paisagens urbanas, apreciada pelas suas flores do in\u00edcio da primavera e pela sua forma atraente. Embora as sementes possam ser prensadas para obten\u00e7\u00e3o de \u00f3leo, esta n\u00e3o \u00e9 uma pr\u00e1tica comum e o valor prim\u00e1rio desta esp\u00e9cie continua a ser a horticultura e como objeto de interesse bot\u00e2nico.<\/p>\n\n\n\n<h2 class=\"wp-block-heading\">5. Mahonia Japonica <\/h2>\n\n\n\n<p class=\"wp-block-paragraph\"><\/p>\n\n\n<div class=\"wp-block-image\">\n<figure class=\"aligncenter size-full\"><img loading=\"lazy\" decoding=\"async\" width=\"1200\" height=\"800\" src=\"https:\/\/flowerslib.com\/wp-content\/uploads\/2023\/09\/3-54.jpg\" alt=\"Mahonia Japonica\" class=\"wp-image-11462\" srcset=\"https:\/\/flowerslib.com\/wp-content\/uploads\/2023\/09\/3-54.jpg 1200w, https:\/\/flowerslib.com\/wp-content\/uploads\/2023\/09\/3-54-300x200.jpg 300w, https:\/\/flowerslib.com\/wp-content\/uploads\/2023\/09\/3-54-150x100.jpg 150w, https:\/\/flowerslib.com\/wp-content\/uploads\/2023\/09\/3-54-768x512.jpg 768w\" sizes=\"auto, (max-width: 1200px) 100vw, 1200px\" \/><\/figure>\n<\/div>\n\n\n<p class=\"wp-block-paragraph\"><\/p>\n\n\n\n<p class=\"wp-block-paragraph\">A Mahonia japonica, vulgarmente conhecida como Mahonia japonesa ou Uva do Oregon japonesa, \u00e9 um arbusto de folha perene pertencente \u00e0 fam\u00edlia Berberidaceae. Esta esp\u00e9cie caracteriza-se pelas suas folhas grandes, cori\u00e1ceas e compostas, com 9-15 fol\u00edolos ovais, cada um com margens espinhosas. As folhas est\u00e3o dispostas em espiral ao longo do caule, criando um aspeto exuberante e arquitet\u00f3nico.<\/p>\n\n\n\n<p class=\"wp-block-paragraph\">Desde o final do outono at\u00e9 ao in\u00edcio da primavera, a Mahonia japonica produz racemos impressionantes de flores amarelas brilhantes e perfumadas. Estas flores s\u00e3o pequenas, medindo tipicamente 1-2 cm de di\u00e2metro, e est\u00e3o densamente agrupadas em espigas verticais nas pontas dos ramos. O per\u00edodo de flora\u00e7\u00e3o pode estender-se de novembro a mar\u00e7o, proporcionando interesse invernal nos jardins.<\/p>\n\n\n\n<p class=\"wp-block-paragraph\">Ap\u00f3s a flora\u00e7\u00e3o, desenvolvem-se bagas esf\u00e9ricas, azul-pretas, que amadurecem entre o final da primavera e o in\u00edcio do ver\u00e3o. Estes frutos t\u00eam cerca de 8-10 mm de di\u00e2metro e est\u00e3o frequentemente cobertos por uma flor de cera, o que lhes confere um aspeto azul prateado. As bagas s\u00e3o comest\u00edveis, mas azedas, e s\u00e3o apreciadas pelos p\u00e1ssaros.<\/p>\n\n\n\n<p class=\"wp-block-paragraph\">Apesar do seu nome comum, a Mahonia japonica \u00e9 nativa da China central e oriental, n\u00e3o do Jap\u00e3o. Tem sido amplamente cultivada no Jap\u00e3o, na Europa, na Am\u00e9rica do Norte e noutras regi\u00f5es temperadas. No seu habitat natural, cresce normalmente no sub-bosque de florestas mistas ou em \u00e1reas sombreadas e h\u00famidas ao longo das orlas das florestas.<\/p>\n\n\n\n<p class=\"wp-block-paragraph\">Esta esp\u00e9cie prefere sombra parcial a sombra total e prospera em climas frescos e h\u00famidos. Demonstra uma boa resist\u00eancia ao frio (zonas 6-9 da USDA) mas pode ter dificuldades em zonas com ver\u00f5es quentes e h\u00famidos. A Mahonia japonica d\u00e1-se melhor em solos bem drenados, ricos em h\u00famus e ligeiramente \u00e1cidos (pH 5,5-7,0). Embora tenha alguma toler\u00e2ncia \u00e0 seca depois de estabelecida, \u00e9 prefer\u00edvel uma humidade constante para um crescimento \u00f3timo.<\/p>\n\n\n\n<p class=\"wp-block-paragraph\">A propaga\u00e7\u00e3o da Mahonia japonica pode ser efectuada atrav\u00e9s de v\u00e1rios m\u00e9todos:<\/p>\n\n\n\n<ol class=\"wp-block-list\">\n<li>Semeadura: As sementes devem ser colhidas quando maduras e semeadas imediatamente ou estratificadas durante 3-4 meses antes da sementeira na primavera.<\/li>\n\n\n\n<li>Estacas de madeira macia: Colhidas no final da primavera ou no in\u00edcio do ver\u00e3o.<\/li>\n\n\n\n<li>Estacas semi-maduras: Colhidas no final do ver\u00e3o ou no in\u00edcio do outono.<\/li>\n\n\n\n<li>Divis\u00e3o: As plantas maduras podem ser divididas na primavera ou no outono.<\/li>\n<\/ol>\n\n\n\n<p class=\"wp-block-paragraph\">Na medicina tradicional chinesa, v\u00e1rias partes da Mahonia japonica t\u00eam sido utilizadas pelas suas propriedades medicinais. A casca da raiz, em particular, cont\u00e9m alcal\u00f3ides como a berberina, conhecida pelos seus efeitos antimicrobianos e anti-inflamat\u00f3rios. No entanto, \u00e9 importante notar que qualquer utiliza\u00e7\u00e3o medicinal deve ser efectuada sob orienta\u00e7\u00e3o profissional.<\/p>\n\n\n\n<p class=\"wp-block-paragraph\">Em termos de paisagismo, a Mahonia japonica serve m\u00faltiplos objectivos:<\/p>\n\n\n\n<ul class=\"wp-block-list\">\n<li>Como planta exemplar em jardins sombreados<\/li>\n\n\n\n<li>Para a cria\u00e7\u00e3o de sebes informais ou de ecr\u00e3s<\/li>\n\n\n\n<li>Em jardins florestais<\/li>\n\n\n\n<li>Como parte de planta\u00e7\u00f5es de funda\u00e7\u00e3o em torno de edif\u00edcios<\/li>\n\n\n\n<li>Em grandes recipientes para p\u00e1tios<\/li>\n<\/ul>\n\n\n\n<p class=\"wp-block-paragraph\">A sua forma arquitet\u00f3nica, as flores que florescem no inverno e as bagas azuis proporcionam interesse durante todo o ano, tornando-a uma adi\u00e7\u00e3o valiosa a muitos estilos de jardim. Al\u00e9m disso, o seu h\u00e1bito de crescimento denso torna-a adequada para o controlo da eros\u00e3o em encostas.<\/p>\n\n\n\n<p class=\"wp-block-paragraph\">Ao cultivar a Mahonia japonica, a poda regular ap\u00f3s a flora\u00e7\u00e3o pode ajudar a manter a sua forma e promover um crescimento mais denso. \u00c9 geralmente resistente a pragas e doen\u00e7as, embora possa ocasionalmente sofrer de manchas nas folhas ou insectos cochonilhas em condi\u00e7\u00f5es desfavor\u00e1veis.<\/p>\n\n\n\n<h2 class=\"wp-block-heading\">6. Malus Halliana <\/h2>\n\n\n\n<p class=\"wp-block-paragraph\"><\/p>\n\n\n<div class=\"wp-block-image\">\n<figure class=\"aligncenter size-full\"><img loading=\"lazy\" decoding=\"async\" width=\"1200\" height=\"800\" src=\"https:\/\/flowerslib.com\/wp-content\/uploads\/2023\/09\/1-101.jpg\" alt=\"Malus Halliana\" class=\"wp-image-11463\" srcset=\"https:\/\/flowerslib.com\/wp-content\/uploads\/2023\/09\/1-101.jpg 1200w, https:\/\/flowerslib.com\/wp-content\/uploads\/2023\/09\/1-101-300x200.jpg 300w, https:\/\/flowerslib.com\/wp-content\/uploads\/2023\/09\/1-101-150x100.jpg 150w, https:\/\/flowerslib.com\/wp-content\/uploads\/2023\/09\/1-101-768x512.jpg 768w\" sizes=\"auto, (max-width: 1200px) 100vw, 1200px\" \/><\/figure>\n<\/div>\n\n\n<p class=\"wp-block-paragraph\"><\/p>\n\n\n\n<p class=\"wp-block-paragraph\">A caranguejeira-chorona, Malus halliana, \u00e9 uma pequena \u00e1rvore de folha caduca ou um grande arbusto pertencente \u00e0 fam\u00edlia Rosaceae e ao g\u00e9nero Malus. O seu h\u00e1bito carater\u00edstico de chor\u00e3o \u00e9 caracterizado por uma copa esparsa com ramos espalhados; os ramos delgados s\u00e3o ligeiramente arqueados, cil\u00edndricos e apresentam uma atraente colora\u00e7\u00e3o p\u00farpura a castanho-p\u00farpura.<\/p>\n\n\n\n<p class=\"wp-block-paragraph\">Os bot\u00f5es de inverno s\u00e3o ovados com um \u00e1pice acuminado, glabros ou com margens ciliadas e de cor p\u00farpura. As folhas s\u00e3o dispostas alternadamente, de forma ovada a el\u00edptica ou oblongo-ovada, com margens finamente serrilhadas ou quase inteiras. A folhagem \u00e9 relativamente espessa e lustrosa, com uma superf\u00edcie superior verde profunda, muitas vezes com tons de p\u00farpura, o que aumenta o valor ornamental da \u00e1rvore.<\/p>\n\n\n\n<p class=\"wp-block-paragraph\">As flores nascem em pedicelos delgados e pendentes, pouco pubescentes e de cor p\u00farpura. As p\u00e9talas s\u00e3o ovadas com uma garra curta e uma delicada tonalidade rosa. A flora\u00e7\u00e3o ocorre de mar\u00e7o a abril, sendo as flores viradas para baixo que inspiram o nome comum da \u00e1rvore. Os frutos, que se desenvolvem de setembro a outubro, t\u00eam forma de pera a ovoide, s\u00e3o ligeiramente roxos e amadurecem muito tarde na esta\u00e7\u00e3o. Quando os frutos amadurecem, as s\u00e9palas tornam-se caducas.<\/p>\n\n\n\n<p class=\"wp-block-paragraph\">A Malus halliana \u00e9 end\u00e9mica da China, ocorrendo naturalmente em arbustos ou margens de florestas a altitudes que variam entre 100 e 1.500 metros acima do n\u00edvel do mar. Esta esp\u00e9cie tem prefer\u00eancias ambientais espec\u00edficas, prosperando em plena exposi\u00e7\u00e3o solar e em condi\u00e7\u00f5es quentes e h\u00famidas. \u00c9 intolerante a sombras fortes e tem uma resist\u00eancia limitada ao frio. A \u00e1rvore d\u00e1-se melhor em solos profundos, soltos, f\u00e9rteis, com boa drenagem e ligeiramente aderentes, sendo sens\u00edvel a condi\u00e7\u00f5es de encharcamento.<\/p>\n\n\n\n<p class=\"wp-block-paragraph\">A propaga\u00e7\u00e3o da caranguejeira pode ser efectuada por v\u00e1rios m\u00e9todos, incluindo a sementeira, a estaca, a estratifica\u00e7\u00e3o e a enxertia. Cada t\u00e9cnica tem as suas vantagens, sendo a enxertia frequentemente preferida para manter as carater\u00edsticas espec\u00edficas da cultivar.<\/p>\n\n\n\n<p class=\"wp-block-paragraph\">Na medicina tradicional chinesa, a caranguejeira-chorona tem v\u00e1rias aplica\u00e7\u00f5es terap\u00eauticas. Uma decoc\u00e7\u00e3o das suas flores \u00e9 utilizada para tratar problemas ginecol\u00f3gicos, como menstrua\u00e7\u00e3o irregular e menorragia. Al\u00e9m disso, uma decoc\u00e7\u00e3o preparada a partir dos ramos e das folhas \u00e9 utilizada para tratar v\u00f3mitos e diarreia induzidos pela c\u00f3lera, bem como para dissipar o vento e reduzir a fleuma, de acordo com a teoria m\u00e9dica tradicional chinesa.<\/p>\n\n\n\n<p class=\"wp-block-paragraph\">A combina\u00e7\u00e3o de carater\u00edsticas ornamentais da caranguejeira-chorona - incluindo o seu h\u00e1bito gracioso, as flores na primavera e os frutos no outono - juntamente com o seu significado cultural e usos medicinais, fazem dela uma esp\u00e9cie valiosa tanto em contextos hort\u00edcolas como etnobot\u00e2nicos.<\/p>\n\n\n\n<h2 class=\"wp-block-heading\">7. Malus Hupehensis <\/h2>\n\n\n\n<p class=\"wp-block-paragraph\"><\/p>\n\n\n<div class=\"wp-block-image\">\n<figure class=\"aligncenter size-full\"><img loading=\"lazy\" decoding=\"async\" width=\"1200\" height=\"800\" src=\"https:\/\/flowerslib.com\/wp-content\/uploads\/2023\/09\/22-5.jpg\" alt=\"Malus Hupehensis\" class=\"wp-image-11466\" srcset=\"https:\/\/flowerslib.com\/wp-content\/uploads\/2023\/09\/22-5.jpg 1200w, https:\/\/flowerslib.com\/wp-content\/uploads\/2023\/09\/22-5-300x200.jpg 300w, https:\/\/flowerslib.com\/wp-content\/uploads\/2023\/09\/22-5-150x100.jpg 150w, https:\/\/flowerslib.com\/wp-content\/uploads\/2023\/09\/22-5-768x512.jpg 768w\" sizes=\"auto, (max-width: 1200px) 100vw, 1200px\" \/><\/figure>\n<\/div>\n\n\n<p class=\"wp-block-paragraph\"><\/p>\n\n\n\n<p class=\"wp-block-paragraph\">A Hubei Crabapple, Malus hupehensis, \u00e9 uma \u00e1rvore de folha caduca pertencente \u00e0 fam\u00edlia Rosaceae e ao g\u00e9nero Malus, que atinge alturas de at\u00e9 8 metros. Esta esp\u00e9cie ornamental \u00e9 apreciada pelas suas espectaculares flores na primavera e pelos seus frutos no outono.<\/p>\n\n\n\n<p class=\"wp-block-paragraph\">Os seus ramos jovens s\u00e3o inicialmente cobertos por uma fina pubesc\u00eancia, que rapidamente abdica. \u00c0 medida que os ramos amadurecem, desenvolvem uma casca distinta, de p\u00farpura a castanho-p\u00farpura. Os gomos de inverno s\u00e3o ovados com um \u00e1pice acuminado e as escamas dos gomos s\u00e3o caracterizadas pela sua colora\u00e7\u00e3o p\u00farpura escura e margens esparsamente ciliadas.<\/p>\n\n\n\n<p class=\"wp-block-paragraph\">As flores da Malus hupehensis s\u00e3o um espet\u00e1culo, aparecendo de abril a maio. S\u00e3o tipicamente cor-de-rosa em bot\u00e3o, abrindo para flores perfumadas, brancas ou cor-de-rosa p\u00e1lido, medindo 2,5-3,5 cm de di\u00e2metro. Estas flores crescem em cachos semelhantes a umbelas, atraindo uma variedade de polinizadores.<\/p>\n\n\n\n<p class=\"wp-block-paragraph\">Os frutos, que se desenvolvem de agosto a setembro, s\u00e3o pequenas pomas, de forma elipsoide a subglobosa, com cerca de 1 cm de di\u00e2metro. Amadurecem com uma cor amarelo-esverdeada com reflexos vermelhos, criando um espet\u00e1culo outonal vibrante. Uma carater\u00edstica interessante \u00e9 o car\u00e1cter caduco das s\u00e9palas, que caem \u00e0 medida que o fruto amadurece.<\/p>\n\n\n\n<p class=\"wp-block-paragraph\">Esta esp\u00e9cie demonstra uma adaptabilidade not\u00e1vel, prosperando em diversos habitats em v\u00e1rias prov\u00edncias chinesas. Pode ser encontrada a crescer naturalmente nas encostas das montanhas ou nas florestas dos vales em altitudes que variam entre os 50 e os 2900 metros acima do n\u00edvel do mar. Esta grande amplitude altitudinal demonstra a sua resist\u00eancia e adaptabilidade a v\u00e1rias condi\u00e7\u00f5es climat\u00e9ricas.<\/p>\n\n\n\n<p class=\"wp-block-paragraph\">Nas pr\u00e1ticas hort\u00edcolas, particularmente em regi\u00f5es como Sichuan e Hubei, na China, os rebentos de raiz de Malus hupehensis s\u00e3o muito apreciados como porta-enxertos para variedades de macieiras cultivadas. Esta aplica\u00e7\u00e3o tira partido do crescimento vigoroso da \u00e1rvore, da sua resist\u00eancia \u00e0s doen\u00e7as e da sua compatibilidade com muitas cultivares de macieiras.<\/p>\n\n\n\n<p class=\"wp-block-paragraph\">A propaga\u00e7\u00e3o da Malus hupehensis \u00e9 relativamente simples, com elevadas taxas de sucesso obtidas atrav\u00e9s de m\u00e9todos vegetativos e t\u00e9cnicas de enxertia. Esta facilidade de propaga\u00e7\u00e3o contribui para a sua popularidade tanto em viveiros comerciais como em jardins dom\u00e9sticos.<\/p>\n\n\n\n<p class=\"wp-block-paragraph\">Uma utiliza\u00e7\u00e3o cultural intrigante desta esp\u00e9cie reside nas suas folhas jovens. Quando secas, servem como um substituto do ch\u00e1, conhecido coloquialmente como \"Ch\u00e1 Vermelho de Flores\" ou \"Huahong Cha\" em chin\u00eas. Esta infus\u00e3o de ervas oferece um perfil de sabor ligeiramente amargo e \u00e9 apreciada pelo seu sabor \u00fanico e potenciais benef\u00edcios para a sa\u00fade, embora estes devam ser consumidos com modera\u00e7\u00e3o e ap\u00f3s consulta com um profissional de sa\u00fade.<\/p>\n\n\n\n<p class=\"wp-block-paragraph\">Em termos paisag\u00edsticos, a Malus hupehensis tem m\u00faltiplas fun\u00e7\u00f5es. O seu tamanho compacto torna-a adequada para jardins mais pequenos, enquanto o seu interesse sazonal - flores de primavera, folhagem de ver\u00e3o e frutos de outono - proporciona atra\u00e7\u00e3o durante todo o ano. Al\u00e9m disso, a sua toler\u00e2ncia \u00e0s condi\u00e7\u00f5es urbanas torna-a uma \u00e1rvore de rua valiosa em locais apropriados.<\/p>\n\n\n\n<h2 class=\"wp-block-heading\">8. Malus Micromalus Makino <\/h2>\n\n\n\n<p class=\"wp-block-paragraph\"><\/p>\n\n\n<div class=\"wp-block-image\">\n<figure class=\"aligncenter size-full\"><img loading=\"lazy\" decoding=\"async\" width=\"1200\" height=\"800\" src=\"https:\/\/flowerslib.com\/wp-content\/uploads\/2023\/09\/3-55.jpg\" alt=\"Malus Micromalus Makino\" class=\"wp-image-11467\" srcset=\"https:\/\/flowerslib.com\/wp-content\/uploads\/2023\/09\/3-55.jpg 1200w, https:\/\/flowerslib.com\/wp-content\/uploads\/2023\/09\/3-55-300x200.jpg 300w, https:\/\/flowerslib.com\/wp-content\/uploads\/2023\/09\/3-55-150x100.jpg 150w, https:\/\/flowerslib.com\/wp-content\/uploads\/2023\/09\/3-55-768x512.jpg 768w\" sizes=\"auto, (max-width: 1200px) 100vw, 1200px\" \/><\/figure>\n<\/div>\n\n\n<p class=\"wp-block-paragraph\"><\/p>\n\n\n\n<p class=\"wp-block-paragraph\">A Caranguejeira Xi Fu, Malus micromalus Makino, \u00e9 uma esp\u00e9cie da fam\u00edlia Rosaceae e do g\u00e9nero Malus. Pertence \u00e0 classe Magnoliopsida, que engloba todas as plantas com flores dicotiled\u00f3neas.<\/p>\n\n\n\n<p class=\"wp-block-paragraph\">Esta pequena \u00e1rvore de folha caduca atinge tipicamente alturas de 2,5 a 5 metros, caracterizando-se pelo seu h\u00e1bito de ramifica\u00e7\u00e3o vertical. End\u00e9mica da China, a M. micromalus adaptou-se bem \u00e0s condi\u00e7\u00f5es \u00e1ridas das regi\u00f5es setentrionais, o que a torna uma escolha popular para projectos de paisagismo e de ecologiza\u00e7\u00e3o urbana.<\/p>\n\n\n\n<p class=\"wp-block-paragraph\">A taxonomia da anona chinesa \u00e9 complexa e continua a ser objeto de investiga\u00e7\u00e3o cont\u00ednua. Atualmente, o nome cient\u00edfico Malus micromalus Makino \u00e9 utilizado como designa\u00e7\u00e3o abrangente para esta esp\u00e9cie, enquanto se aguardam mais estudos normalizados. Esta abordagem ajuda a evitar a confus\u00e3o resultante das numerosas variedades e cultivares locais.<\/p>\n\n\n\n<p class=\"wp-block-paragraph\">Foram desenvolvidas v\u00e1rias cultivares not\u00e1veis em diferentes regi\u00f5es da China:<\/p>\n\n\n\n<ol class=\"wp-block-list\">\n<li>\"Eight-Sided Crabapple\" (Ba Mian Hai Tang): Origin\u00e1ria de Huailai, prov\u00edncia de Hebei, esta cultivar \u00e9 conhecida pela sua forma distinta de fruto.<\/li>\n\n\n\n<li>\"Flat Top Hot Flower Red\" (Bian Ding Re Hua Hong) e \"Cold Flower Red\" (Leng Hua Hong): Estas cultivares de Changli s\u00e3o apreciadas pelas suas flores vibrantes.<\/li>\n\n\n\n<li>\"Fruta vermelha\" (Guo Hong) e \"Fruta amarela\" (Guo Huang): Cultivares da prov\u00edncia de Shaanxi, que se distinguem pela cor dos seus frutos.<\/li>\n\n\n\n<li>\"Crabapple\" (Hai Tang) e \"Green Thorn Crabapple\" (Qing Ci Hai Tang): Estas variedades s\u00e3o cultivadas na prov\u00edncia de Yunnan, sendo a \u00faltima conhecida pelos seus ramos espinhosos.<\/li>\n<\/ol>\n\n\n\n<p class=\"wp-block-paragraph\">O M. micromalus \u00e9 valorizado n\u00e3o s\u00f3 pelas suas qualidades ornamentais mas tamb\u00e9m pelo seu potencial em programas de melhoramento. A sua adaptabilidade a condi\u00e7\u00f5es secas torna-a um excelente porta-enxerto para cultivares de macieira em regi\u00f5es \u00e1ridas. O tamanho compacto da \u00e1rvore, as flores atractivas da primavera e os frutos coloridos do outono contribuem para a sua popularidade no design paisag\u00edstico, particularmente em ambientes urbanos onde o espa\u00e7o pode ser limitado.<\/p>\n\n\n\n<p class=\"wp-block-paragraph\">Em horticultura, a M. micromalus requer um solo bem drenado e exposi\u00e7\u00e3o solar total para um crescimento \u00f3timo. Demonstra boa resist\u00eancia \u00e0s doen\u00e7as comuns da macieira, o que a torna uma op\u00e7\u00e3o de baixa manuten\u00e7\u00e3o para jardineiros e paisagistas. A poda \u00e9 tipicamente m\u00ednima, centrada na manuten\u00e7\u00e3o da forma e na remo\u00e7\u00e3o de quaisquer ramos mortos ou cruzados.<\/p>\n\n\n\n<p class=\"wp-block-paragraph\">A caranguejeira Xi Fu desempenha um papel importante na cultura chinesa e na medicina tradicional. Os seus frutos, embora pequenos e muitas vezes adstringentes, s\u00e3o utilizados na medicina tradicional chinesa pelos seus alegados benef\u00edcios para a sa\u00fade. Em paisagismo, estas \u00e1rvores s\u00e3o frequentemente utilizadas como pontos focais em jardins, para criar ecr\u00e3s naturais ou como parte de bordaduras mistas de arbustos.<\/p>\n\n\n\n<p class=\"wp-block-paragraph\">\u00c0 medida que a investiga\u00e7\u00e3o prossegue, poder\u00e1 surgir uma classifica\u00e7\u00e3o mais pormenorizada das variedades de ananases chinesas, levando potencialmente ao reconhecimento de cultivares distintas ou mesmo de subesp\u00e9cies dentro do complexo M. micromalus. Este trabalho em curso sublinha a rica diversidade das esp\u00e9cies vegetais nativas da China e a import\u00e2ncia dos esfor\u00e7os de conserva\u00e7\u00e3o para preservar este patrim\u00f3nio gen\u00e9tico.<\/p>\n\n\n\n<h2 class=\"wp-block-heading\">9. Malus \"Sparkler <\/h2>\n\n\n\n<p class=\"wp-block-paragraph\"><\/p>\n\n\n<div class=\"wp-block-image\">\n<figure class=\"aligncenter size-full\"><img loading=\"lazy\" decoding=\"async\" width=\"1200\" height=\"800\" src=\"https:\/\/flowerslib.com\/wp-content\/uploads\/2023\/09\/1-102.jpg\" alt=\"Malus &#039;Sparkler\" class=\"wp-image-11468\" srcset=\"https:\/\/flowerslib.com\/wp-content\/uploads\/2023\/09\/1-102.jpg 1200w, https:\/\/flowerslib.com\/wp-content\/uploads\/2023\/09\/1-102-300x200.jpg 300w, https:\/\/flowerslib.com\/wp-content\/uploads\/2023\/09\/1-102-150x100.jpg 150w, https:\/\/flowerslib.com\/wp-content\/uploads\/2023\/09\/1-102-768x512.jpg 768w\" sizes=\"auto, (max-width: 1200px) 100vw, 1200px\" \/><\/figure>\n<\/div>\n\n\n<p class=\"wp-block-paragraph\"><\/p>\n\n\n\n<p class=\"wp-block-paragraph\">A anona Sparkler, Malus 'Sparkler', \u00e9 uma variedade cultivada de anona pertencente \u00e0 fam\u00edlia das Ros\u00e1ceas e ao g\u00e9nero Malus. Esta pequena \u00e1rvore de folha caduca caracteriza-se pela sua forma compacta e pelo seu h\u00e1bito de ramifica\u00e7\u00e3o vertical.<\/p>\n\n\n\n<p class=\"wp-block-paragraph\">Os ramos da Malus 'Sparkler' s\u00e3o roxos escuros e pouco pubescentes. A sua folhagem sofre uma transforma\u00e7\u00e3o de cor impressionante, com as folhas novas a surgirem num tom vermelho-p\u00farpura vibrante antes de amadurecerem para um verde brilhante na superf\u00edcie superior e verde p\u00e1lido por baixo. As folhas t\u00eam uma forma ovalada, com uma base quase arredondada, um \u00e1pice acuminado e margens serrilhadas.<\/p>\n\n\n\n<p class=\"wp-block-paragraph\">A flora\u00e7\u00e3o ocorre no in\u00edcio a meados de abril, com a \u00e1rvore a produzir infloresc\u00eancias em forma de guarda-chuva. Os bot\u00f5es florais s\u00e3o vermelho-p\u00farpura, abrindo-se para revelar densos cachos de flores vermelho-rosa que se erguem nos ramos.<\/p>\n\n\n\n<p class=\"wp-block-paragraph\">O per\u00edodo de frutifica\u00e7\u00e3o estende-se de junho a outubro. Os frutos s\u00e3o pequenos, abundantes e esf\u00e9ricos, com uma colora\u00e7\u00e3o vermelha viva carater\u00edstica. T\u00eam uma parte superior achatada e um ped\u00fanculo ereto. Uma carater\u00edstica not\u00e1vel \u00e9 a persist\u00eancia das s\u00e9palas e dos pr\u00f3prios frutos, que muitas vezes permanecem na \u00e1rvore durante todo o inverno, proporcionando interesse ornamental e alimento para a vida selvagem.<\/p>\n\n\n\n<p class=\"wp-block-paragraph\">Origin\u00e1ria dos Estados Unidos, a Malus 'Sparkler' apresenta v\u00e1rias carater\u00edsticas desej\u00e1veis. Apresenta uma boa resist\u00eancia \u00e0s doen\u00e7as, maturidade precoce, toler\u00e2ncia \u00e0 seca e crescimento r\u00e1pido. Esta cultivar mostra uma adaptabilidade not\u00e1vel a condi\u00e7\u00f5es de solo pobres e apresenta uma forte resist\u00eancia a temperaturas frias e a solos salino-alcalinos.<\/p>\n\n\n\n<p class=\"wp-block-paragraph\">A adaptabilidade ambiental do Malus 'Sparkler' \u00e9 particularmente impressionante. Pode suportar temperaturas de inverno t\u00e3o baixas como -36\u00b0C (-32.8\u00b0F) e temperaturas de ver\u00e3o at\u00e9 40\u00b0C (104\u00b0F). Esta grande toler\u00e2ncia \u00e0 temperatura, combinada com as suas outras carater\u00edsticas de rusticidade, torna-a especialmente adequada para o cultivo nas regi\u00f5es \u00e1ridas do norte da China.<\/p>\n\n\n\n<p class=\"wp-block-paragraph\">Em paisagismo, o Malus 'Sparkler' \u00e9 valorizado pelo seu tamanho compacto, carater\u00edsticas atractivas durante todo o ano e resist\u00eancia. Pode ser utilizada eficazmente como \u00e1rvore exemplar, em planta\u00e7\u00f5es de grupo ou como parte de bordaduras mistas. A sua resist\u00eancia a doen\u00e7as e a sua adaptabilidade a v\u00e1rios tipos de solo fazem dela uma op\u00e7\u00e3o de baixa manuten\u00e7\u00e3o para ambientes urbanos e rurais.<\/p>\n\n\n\n<h2 class=\"wp-block-heading\">10. Malus Spectabilis <\/h2>\n\n\n\n<p class=\"wp-block-paragraph\"><\/p>\n\n\n\n<figure class=\"wp-block-image size-full\"><img loading=\"lazy\" decoding=\"async\" width=\"1200\" height=\"800\" src=\"https:\/\/flowerslib.com\/wp-content\/uploads\/2023\/09\/2-102.jpg\" alt=\"Malus Spectabilis\" class=\"wp-image-11469\" srcset=\"https:\/\/flowerslib.com\/wp-content\/uploads\/2023\/09\/2-102.jpg 1200w, https:\/\/flowerslib.com\/wp-content\/uploads\/2023\/09\/2-102-300x200.jpg 300w, https:\/\/flowerslib.com\/wp-content\/uploads\/2023\/09\/2-102-150x100.jpg 150w, https:\/\/flowerslib.com\/wp-content\/uploads\/2023\/09\/2-102-768x512.jpg 768w\" sizes=\"auto, (max-width: 1200px) 100vw, 1200px\" \/><\/figure>\n\n\n\n<p class=\"wp-block-paragraph\"><\/p>\n\n\n\n<p class=\"wp-block-paragraph\">O Malus spectabilis \u00e9 uma das plantas ornamentais mais famosas da China. Esta pequena \u00e1rvore de folha caduca cativa com as suas flores vibrantes e frutos esteticamente agrad\u00e1veis. A sua casca lisa, cinzento-acastanhada, contribui para o seu atrativo durante todo o ano.<\/p>\n\n\n\n<p class=\"wp-block-paragraph\">As folhas est\u00e3o dispostas alternadamente ao longo dos ramos, apresentando uma forma el\u00edptica a oblongo-el\u00edptica. Afinam ligeiramente no \u00e1pice e t\u00eam uma base cuneiforme carater\u00edstica. As margens das folhas s\u00e3o caracterizadas por dentes crenados-serrilhados, que s\u00e3o mais arredondados do que afiados. A superf\u00edcie adaxial (superior) \u00e9 de um verde profundo brilhante, enquanto a superf\u00edcie abaxial (inferior) \u00e9 verde-acinzentada e pubescente, coberta de tricomas curtos e macios.<\/p>\n\n\n\n<p class=\"wp-block-paragraph\">Cada folha \u00e9 suportada por um pec\u00edolo delgado, ladeado na sua base por duas est\u00edpulas lanceoladas. Estas est\u00edpulas s\u00e3o frequentemente caducas, caindo \u00e0 medida que a folha amadurece. A infloresc\u00eancia \u00e9 uma cimeira em forma de umbela, geralmente com 5 a 7 flores. Antes da antese, os bot\u00f5es florais apresentam uma rica tonalidade vermelha, que passa gradualmente a cor-de-rosa \u00e0 medida que as flores desabrocham. As flores s\u00e3o predominantemente semi-duplas, intercaladas com um n\u00famero menor de flores de p\u00e9tala \u00fanica, oferecendo uma deliciosa variedade de formas.<\/p>\n\n\n\n<p class=\"wp-block-paragraph\">A flora\u00e7\u00e3o ocorre de finais de mar\u00e7o a meados de abril, dependendo das condi\u00e7\u00f5es clim\u00e1ticas locais. Os frutos, designados por pomos, desenvolvem-se durante os meses de ver\u00e3o, amadurecendo de forma esf\u00e9rica, verde-amarelada, entre agosto e setembro. Embora ornamentais, estas sapateiras s\u00e3o geralmente demasiado adstringentes para consumo fresco, mas podem ser utilizadas em conservas ou geleias.<\/p>\n\n\n\n<p class=\"wp-block-paragraph\">Origin\u00e1ria da China, a Malus spectabilis adaptou-se para prosperar em climas temperados. Demonstra uma prefer\u00eancia pela exposi\u00e7\u00e3o total ao sol, o que promove uma flora\u00e7\u00e3o e um desenvolvimento de frutos \u00f3ptimos. A \u00e1rvore \u00e9 notavelmente resistente ao frio, capaz de suportar temperaturas invernais t\u00e3o baixas como -25\u00b0C (-13\u00b0F) quando totalmente dormente. Embora mostre alguma toler\u00e2ncia \u00e0 seca uma vez estabelecida, a humidade consistente \u00e9 crucial para um crescimento saud\u00e1vel, especialmente durante a esta\u00e7\u00e3o de crescimento.<\/p>\n\n\n\n<p class=\"wp-block-paragraph\">Para um crescimento \u00f3timo, plantar a Malus spectabilis num solo f\u00e9rtil e bem drenado com um pH ligeiramente \u00e1cido a neutro (6,0-7,0). Uma boa circula\u00e7\u00e3o do ar \u00e9 essencial para evitar as doen\u00e7as f\u00fangicas, nomeadamente a sarna da macieira e o fogo bacteriano, \u00e0s quais as anonas podem ser suscept\u00edveis. A poda regular no fim do inverno ou no in\u00edcio da primavera, antes do aparecimento de novos rebentos, permite manter a forma da \u00e1rvore e favorece uma flora\u00e7\u00e3o vigorosa.<\/p>\n\n\n\n<p class=\"wp-block-paragraph\">A Caranguejeira vistosa tem m\u00faltiplas fun\u00e7\u00f5es no paisagismo, desde \u00e1rvores exemplares aut\u00f3nomas a componentes de bordaduras mistas ou espaldares. As suas flores primaveris atraem polinizadores, enquanto os seus frutos outonais fornecem alimento para as aves, tornando-a uma adi\u00e7\u00e3o valiosa para os jardins amigos da vida selvagem. Com os devidos cuidados, a Malus spectabilis pode viver durante v\u00e1rias d\u00e9cadas, proporcionando uma beleza duradoura e benef\u00edcios ecol\u00f3gicos a qualquer jardim.<\/p>\n\n\n\n<h2 class=\"wp-block-heading\">11. Malva Sinensis <\/h2>\n\n\n\n<p class=\"wp-block-paragraph\"><\/p>\n\n\n<div class=\"wp-block-image\">\n<figure class=\"aligncenter size-full\"><img loading=\"lazy\" decoding=\"async\" width=\"1200\" height=\"800\" src=\"https:\/\/flowerslib.com\/wp-content\/uploads\/2023\/09\/1-103.jpg\" alt=\"Malva Sinensis\" class=\"wp-image-11470\" srcset=\"https:\/\/flowerslib.com\/wp-content\/uploads\/2023\/09\/1-103.jpg 1200w, https:\/\/flowerslib.com\/wp-content\/uploads\/2023\/09\/1-103-300x200.jpg 300w, https:\/\/flowerslib.com\/wp-content\/uploads\/2023\/09\/1-103-150x100.jpg 150w, https:\/\/flowerslib.com\/wp-content\/uploads\/2023\/09\/1-103-768x512.jpg 768w\" sizes=\"auto, (max-width: 1200px) 100vw, 1200px\" \/><\/figure>\n<\/div>\n\n\n<p class=\"wp-block-paragraph\"><\/p>\n\n\n\n<p class=\"wp-block-paragraph\">A Malva sinensis, vulgarmente conhecida como Malva chinesa, \u00e9 uma planta herb\u00e1cea vers\u00e1til que pode ser bienal ou perene. Esta erva erecta atinge normalmente uma altura de 50-90 cm, com numerosos ramos esparsamente adornados com p\u00ealos grosseiros.<\/p>\n\n\n\n<p class=\"wp-block-paragraph\">As folhas da Malva sinensis s\u00e3o distintas, exibindo uma forma de cora\u00e7\u00e3o ou de rim com 5-7 l\u00f3bulos arredondados, semelhantes a dentes, sem corte. Estas folhas s\u00e3o geralmente glabras em ambas as superf\u00edcies, embora alguns exemplares possam apresentar uma ligeira pubesc\u00eancia ao longo das nervuras.<\/p>\n\n\n\n<p class=\"wp-block-paragraph\">A infloresc\u00eancia desta esp\u00e9cie \u00e9 caracterizada por cachos de 3-11 flores. Cada cacho \u00e9 subtendido por tr\u00eas pequenas br\u00e1cteas ovais que est\u00e3o ligeiramente cobertas por tricomas macios. As flores em si s\u00e3o impressionantes, medindo 3,5-4 cm de di\u00e2metro e exibindo uma tonalidade vermelho-p\u00farpura vibrante ou uma colora\u00e7\u00e3o branca imaculada. Cada flor tem cinco estruturas semelhantes a p\u00e9talas, em forma de colher, com cerca de 2 cm de comprimento, com \u00e1pices ligeiramente entalhados e bases pubescentes.<\/p>\n\n\n\n<p class=\"wp-block-paragraph\">Ap\u00f3s a flora\u00e7\u00e3o, a Malva sinensis produz um fruto \u00fanico - um esquizocarpo achatado dividido em 9-11 mericarpos em forma de rim, todos cobertos de p\u00ealos macios. As sementes no seu interior s\u00e3o castanhas escuras, reniformes e medem cerca de 2 mm de comprimento. Esta esp\u00e9cie apresenta um per\u00edodo de flora\u00e7\u00e3o prolongado, florescendo de maio a outubro.<\/p>\n\n\n\n<p class=\"wp-block-paragraph\">A Malva sinensis \u00e9 muito apreciada na horticultura ornamental devido \u00e0 sua adaptabilidade e atrativo est\u00e9tico. \u00c9 igualmente adequada para o cultivo no solo em canteiros de jardim ou como esp\u00e9cime em vaso. Para al\u00e9m das suas utiliza\u00e7\u00f5es ornamentais, a variedade de flores brancas tem import\u00e2ncia na medicina tradicional.<\/p>\n\n\n\n<p class=\"wp-block-paragraph\">Esta esp\u00e9cie \u00e9 amplamente cultivada nas zonas urbanas de toda a China, prosperando tanto nas regi\u00f5es do norte como do sul. A sua distribui\u00e7\u00e3o estende-se para al\u00e9m da China, com popula\u00e7\u00f5es not\u00e1veis tamb\u00e9m encontradas na \u00cdndia.<\/p>\n\n\n\n<p class=\"wp-block-paragraph\">Na linguagem das flores, a Malva sinensis tem o intrigante significado de ironia. Esta associa\u00e7\u00e3o deriva de uma cita\u00e7\u00e3o do antigo sat\u00edrico romano Marcial, que proclamou: \"O ch\u00e1 feito de malva reaviva a energia de uma pessoa\". Consequentemente, a malva ficou simbolicamente ligada \u00e0 fonte de inspira\u00e7\u00e3o e energia do sat\u00edrico, adquirindo assim a sua conota\u00e7\u00e3o de ironia.<\/p>\n\n\n\n<h2 class=\"wp-block-heading\">12. Malvaviscus Arboreus <\/h2>\n\n\n\n<p class=\"wp-block-paragraph\"><\/p>\n\n\n\n<figure class=\"wp-block-image size-full\"><img loading=\"lazy\" decoding=\"async\" width=\"1200\" height=\"800\" src=\"https:\/\/flowerslib.com\/wp-content\/uploads\/2023\/09\/22-6.jpg\" alt=\"Malvaviscus Arboreus\" class=\"wp-image-11471\" srcset=\"https:\/\/flowerslib.com\/wp-content\/uploads\/2023\/09\/22-6.jpg 1200w, https:\/\/flowerslib.com\/wp-content\/uploads\/2023\/09\/22-6-300x200.jpg 300w, https:\/\/flowerslib.com\/wp-content\/uploads\/2023\/09\/22-6-150x100.jpg 150w, https:\/\/flowerslib.com\/wp-content\/uploads\/2023\/09\/22-6-768x512.jpg 768w\" sizes=\"auto, (max-width: 1200px) 100vw, 1200px\" \/><\/figure>\n\n\n\n<p class=\"wp-block-paragraph\"><\/p>\n\n\n\n<p class=\"wp-block-paragraph\">O Malvaviscus arboreus, vulgarmente conhecido como Capim Turco ou Malva de Cera, \u00e9 um arbusto impressionante que pertence \u00e0 fam\u00edlia Malvaceae. Esta planta vers\u00e1til pode crescer at\u00e9 2-3 metros de altura, formando uma forma densa e arredondada. Os seus ramos s\u00e3o adornados por tricomas longos e macios, que lhes conferem uma textura aveludada.<\/p>\n\n\n\n<p class=\"wp-block-paragraph\">As folhas do Malvaviscus arboreus s\u00e3o bastante distintas. T\u00eam uma forma tipicamente ovada a lanceolada, com um \u00e1pice pontiagudo e uma base larga, quase cordada. As l\u00e2minas das folhas medem 5-15 cm de comprimento e 3-8 cm de largura, com margens serrilhadas. Embora as folhas sejam geralmente glabras (lisas) em ambas as superf\u00edcies, podem apresentar pubesc\u00eancia esparsa ao longo das nervuras. Os pec\u00edolos est\u00e3o cobertos de p\u00ealos longos e macios, consistentes com a textura do ramo.<\/p>\n\n\n\n<p class=\"wp-block-paragraph\">As flores s\u00e3o uma das carater\u00edsticas mais cativantes desta planta. S\u00e3o solit\u00e1rias, emergindo das axilas das folhas em pedicelos curtos. O epicalyx (c\u00e1lice exterior) \u00e9 constitu\u00eddo por 7-12 br\u00e1cteas em forma de colher adornadas com p\u00ealos longos e r\u00edgidos. O c\u00e1lice verdadeiro tem a forma de um sino e \u00e9 igualmente hirsuto. <\/p>\n\n\n\n<p class=\"wp-block-paragraph\">A corola \u00e9 de um vermelho escarlate vibrante, formando uma forma tubular distinta que permanece em grande parte fechada, com apenas as pontas das cinco p\u00e9talas ligeiramente abertas. Esta forma \u00fanica d\u00e1 origem ao seu nome comum, uma vez que as flores se assemelham a um chap\u00e9u de fez turco. Um dos aspectos mais not\u00e1veis do Malvaviscus arboreus \u00e9 a sua capacidade de florescer durante todo o ano em climas adequados, proporcionando cor e interesse cont\u00ednuos aos jardins.<\/p>\n\n\n\n<p class=\"wp-block-paragraph\">Nativa do M\u00e9xico, da Am\u00e9rica Central e do norte da Am\u00e9rica do Sul, a Turk's Cap naturalizou-se em muitas regi\u00f5es tropicais e subtropicais de todo o mundo. Desenvolve-se bem nas zonas de robustez 8-11 da USDA, preferindo condi\u00e7\u00f5es quentes e h\u00famidas com muita luz solar. Embora possa tolerar sombra parcial, a exposi\u00e7\u00e3o total ao sol promove a flora\u00e7\u00e3o mais prol\u00edfica.<\/p>\n\n\n\n<p class=\"wp-block-paragraph\">Em termos de prefer\u00eancias de solo, o Malvaviscus arboreus \u00e9 adapt\u00e1vel, mas tem um melhor desempenho em margas arenosas h\u00famidas e bem drenadas, ricas em mat\u00e9ria org\u00e2nica. A planta tem uma toler\u00e2ncia moderada \u00e0 seca uma vez estabelecida, mas aprecia a rega regular durante os per\u00edodos de seca. Embora possa suportar breves per\u00edodos de encharcamento, a exposi\u00e7\u00e3o prolongada a solos saturados deve ser evitada para prevenir o apodrecimento das ra\u00edzes.<\/p>\n\n\n\n<p class=\"wp-block-paragraph\">A propaga\u00e7\u00e3o do Turk's Cap \u00e9 normalmente efectuada atrav\u00e9s de estacas de caule semi-lenhoso colhidas no final da primavera ou no in\u00edcio do ver\u00e3o. Estas estacas devem ter 10-15 cm de comprimento, ser tratadas com hormona de enraizamento e colocadas num meio bem drenado. Em alternativa, a planta pode ser propagada por semente ou divis\u00e3o de tufos maduros.<\/p>\n\n\n\n<p class=\"wp-block-paragraph\">Na medicina tradicional, a Malvaviscus arboreus tem sido utilizada pelas suas propriedades terap\u00eauticas. A planta \u00e9 considerada como tendo uma natureza \"fria\" na classifica\u00e7\u00e3o da medicina tradicional chinesa e possui um sabor ligeiramente amargo. Tem sido utilizada para tratar v\u00e1rias doen\u00e7as, incluindo feridas que choram, \u00falceras e les\u00f5es orais. Acredita-se que as folhas e as flores t\u00eam propriedades adstringentes, vulner\u00e1rias (cicatrizantes) e analg\u00e9sicas. No entanto, \u00e9 importante notar que estas utiliza\u00e7\u00f5es tradicionais devem ser abordadas com cautela e sob orienta\u00e7\u00e3o profissional, uma vez que a valida\u00e7\u00e3o cient\u00edfica \u00e9 limitada.<\/p>\n\n\n\n<p class=\"wp-block-paragraph\">Como planta ornamental, a Turk's Cap destaca-se em numerosas aplica\u00e7\u00f5es paisag\u00edsticas. O seu h\u00e1bito de crescimento denso torna-a ideal para sebes informais, telas ou como um cen\u00e1rio impressionante em bordaduras mistas. A capacidade da planta para atrair beija-flores, borboletas e outros polinizadores aumenta o seu valor em jardins de vida selvagem. Em climas sem geadas, pode ser plantada como uma pequena \u00e1rvore ou espaldeira.<\/p>\n\n\n\n<p class=\"wp-block-paragraph\">Uma carater\u00edstica interessante da Malvaviscus arboreus \u00e9 a produ\u00e7\u00e3o de um n\u00e9ctar doce nos seus bot\u00f5es florais, imediatamente antes da sua abertura. Este n\u00e9ctar pode ser cuidadosamente extra\u00eddo e consumido como ado\u00e7ante natural, embora esta pr\u00e1tica n\u00e3o esteja generalizada.<\/p>\n\n\n\n<p class=\"wp-block-paragraph\">Na linguagem das flores, o chap\u00e9u-de-turco est\u00e1 associado ao significado \"cheio de talento\", talvez devido aos seus m\u00faltiplos atributos ornamentais e pr\u00e1ticos. Este simbolismo, combinado com o seu aspeto marcante e adaptabilidade, faz do Malvaviscus arboreus uma adi\u00e7\u00e3o verdadeiramente not\u00e1vel a qualquer jardim ou paisagem adequada.<\/p>\n\n\n\n<h2 class=\"wp-block-heading\">13. Mandragora Nigra <\/h2>\n\n\n\n<p class=\"wp-block-paragraph\"><\/p>\n\n\n<div class=\"wp-block-image\">\n<figure class=\"aligncenter size-full\"><img loading=\"lazy\" decoding=\"async\" width=\"1200\" height=\"800\" src=\"https:\/\/flowerslib.com\/wp-content\/uploads\/2023\/09\/1-120.jpg\" alt=\"Mandragora Nigra\" class=\"wp-image-11683\" srcset=\"https:\/\/flowerslib.com\/wp-content\/uploads\/2023\/09\/1-120.jpg 1200w, https:\/\/flowerslib.com\/wp-content\/uploads\/2023\/09\/1-120-600x400.jpg 600w, https:\/\/flowerslib.com\/wp-content\/uploads\/2023\/09\/1-120-768x512.jpg 768w, https:\/\/flowerslib.com\/wp-content\/uploads\/2023\/09\/1-120-240x160.jpg 240w\" sizes=\"auto, (max-width: 1200px) 100vw, 1200px\" \/><\/figure>\n<\/div>\n\n\n<p class=\"wp-block-paragraph\"><\/p>\n\n\n\n<p class=\"wp-block-paragraph\">A Mandragora nigra, vulgarmente conhecida como Mandr\u00e1gora negra, \u00e9 um membro fascinante da fam\u00edlia Solanaceae. Esta planta herb\u00e1cea perene, muitas vezes erradamente classificada como anual, \u00e9 conhecida pelo seu aspeto distinto e pelas suas potentes propriedades medicinais. Nativa da regi\u00e3o mediterr\u00e2nica, a Mandr\u00e1gora Negra est\u00e1 envolta em folclore e uso medicinal h\u00e1 s\u00e9culos.<\/p>\n\n\n\n<p class=\"wp-block-paragraph\">A planta atinge normalmente uma altura de 30 a 60 cent\u00edmetros, em vez dos 50 a 200 cent\u00edmetros anteriormente referidos. As suas folhas est\u00e3o dispostas numa roseta basal, e n\u00e3o alternadas como descrito anteriormente. Estas folhas s\u00e3o grandes, ovadas a oblongo-ovadas, medindo 15 a 45 cent\u00edmetros de comprimento. Apresentam uma textura enrugada e margens onduladas, e n\u00e3o lisas como anteriormente referido.<\/p>\n\n\n\n<p class=\"wp-block-paragraph\">As flores da Mandragora nigra t\u00eam, de facto, a forma de um sino, mas na realidade s\u00e3o de cor p\u00farpura a quase preta, o que d\u00e1 \u00e0 planta o seu nome comum. Estas flores medem 3 a 5 cent\u00edmetros de comprimento e aparecem no in\u00edcio da primavera, emergindo diretamente da coroa da planta.<\/p>\n\n\n\n<p class=\"wp-block-paragraph\">O fruto da Mandr\u00e1gora Preta \u00e9 uma baga, n\u00e3o \u00e9 espinhoso como descrito anteriormente. \u00c9 globular, com cerca de 2 a 3 cent\u00edmetros de di\u00e2metro, e passa de verde a amarelo ou laranja quando maduro. As sementes no seu interior s\u00e3o em forma de rim e castanhas claras, n\u00e3o sendo amplamente triangulares.<\/p>\n\n\n\n<p class=\"wp-block-paragraph\">A Mandr\u00e1gora Negra desenvolve-se em solos bem drenados e ricos em c\u00e1lcio, em sombra parcial a pleno sol. Pode ser encontrada em encostas rochosas, matagais e orlas de florestas em toda a sua \u00e1rea de distribui\u00e7\u00e3o nativa, que inclui partes do sul da Europa e do norte de \u00c1frica.<\/p>\n\n\n\n<p class=\"wp-block-paragraph\">Todas as partes da Mandragora nigra s\u00e3o de facto t\u00f3xicas devido a uma mistura complexa de alcal\u00f3ides de tropano. Os alcal\u00f3ides prim\u00e1rios s\u00e3o a hiosciamina e a escopolamina, com pequenas quantidades de atropina. Estes compostos t\u00eam efeitos anticolin\u00e9rgicos, que podem causar alucina\u00e7\u00f5es, del\u00edrio e depress\u00e3o respirat\u00f3ria potencialmente fatal se ingeridos em grandes quantidades.<\/p>\n\n\n\n<p class=\"wp-block-paragraph\">Historicamente, a mandr\u00e1gora tem sido usada medicinalmente pelas suas propriedades analg\u00e9sicas e anest\u00e9sicas. No entanto, a sua utiliza\u00e7\u00e3o como supressor da tosse ou no tratamento da asma n\u00e3o est\u00e1 bem documentada e deve ser abordada com extrema cautela devido \u00e0 sua toxicidade. A utiliza\u00e7\u00e3o m\u00e9dica moderna dos alcal\u00f3ides da mandr\u00e1gora est\u00e1 limitada a aplica\u00e7\u00f5es muito espec\u00edficas sob rigorosa supervis\u00e3o m\u00e9dica.<\/p>\n\n\n\n<p class=\"wp-block-paragraph\">\u00c9 crucial sublinhar que, apesar da sua hist\u00f3ria intrigante e das suas potenciais propriedades medicinais, a Mandragora nigra nunca deve ser usada para automedica\u00e7\u00e3o. O seu cultivo, posse e utiliza\u00e7\u00e3o est\u00e3o regulamentados em muitos pa\u00edses devido aos seus efeitos potentes e potencial de abuso.<\/p>\n\n\n\n<h2 class=\"wp-block-heading\">14. Matricaria Recutita <\/h2>\n\n\n\n<p class=\"wp-block-paragraph\"><\/p>\n\n\n<div class=\"wp-block-image\">\n<figure class=\"aligncenter size-full\"><img loading=\"lazy\" decoding=\"async\" width=\"1200\" height=\"800\" src=\"https:\/\/flowerslib.com\/wp-content\/uploads\/2023\/09\/2-119.jpg\" alt=\"Matricaria Recutita\" class=\"wp-image-11684\" srcset=\"https:\/\/flowerslib.com\/wp-content\/uploads\/2023\/09\/2-119.jpg 1200w, https:\/\/flowerslib.com\/wp-content\/uploads\/2023\/09\/2-119-600x400.jpg 600w, https:\/\/flowerslib.com\/wp-content\/uploads\/2023\/09\/2-119-768x512.jpg 768w, https:\/\/flowerslib.com\/wp-content\/uploads\/2023\/09\/2-119-240x160.jpg 240w\" sizes=\"auto, (max-width: 1200px) 100vw, 1200px\" \/><\/figure>\n<\/div>\n\n\n<p class=\"wp-block-paragraph\"><\/p>\n\n\n\n<p class=\"wp-block-paragraph\">A Matricaria recutita, vulgarmente conhecida como Camomila Alem\u00e3 ou Camomila Selvagem, \u00e9 um membro da fam\u00edlia Asteraceae nativa da Europa e da \u00c1sia Ocidental. \u00c9 importante notar que esta esp\u00e9cie \u00e9 distinta da Camomila Romana (Chamaemelum nobile), embora partilhem utiliza\u00e7\u00f5es e nomes comuns semelhantes.<\/p>\n\n\n\n<p class=\"wp-block-paragraph\">A camomila alem\u00e3 \u00e9 uma erva anual que cresce normalmente at\u00e9 uma altura de 20-60 cent\u00edmetros. A planta apresenta folhas bipinadas, finamente divididas, de cor verde clara e ligeiramente arom\u00e1ticas. As suas flores s\u00e3o semelhantes a margaridas, consistindo num centro amarelo proeminente em forma de c\u00fapula (floretes de disco) rodeado por floretes de raios brancos. Os caules s\u00e3o ramificados e podem ser ligeiramente peludos.<\/p>\n\n\n\n<p class=\"wp-block-paragraph\">O \u00f3leo essencial derivado da Matricaria recutita \u00e9 rico em chamazuleno, bisabolol e outros terpen\u00f3ides, que contribuem para as suas propriedades terap\u00eauticas. Este \u00f3leo \u00e9 muito utilizado na aromaterapia, nos cuidados da pele e na medicina herbal devido \u00e0 sua natureza suave e aos seus m\u00faltiplos benef\u00edcios.<\/p>\n\n\n\n<p class=\"wp-block-paragraph\">A camomila tem uma longa hist\u00f3ria de utiliza\u00e7\u00e3o tradicional e \u00e9 apoiada pela investiga\u00e7\u00e3o moderna para v\u00e1rias aplica\u00e7\u00f5es de sa\u00fade:<\/p>\n\n\n\n<ol class=\"wp-block-list\">\n<li>Ajuda ao sono: Cont\u00e9m apigenina, um flavonoide que se liga aos receptores de benzodiazepinas no c\u00e9rebro, melhorando potencialmente a qualidade do sono.<\/li>\n\n\n\n<li>Anti-inflamat\u00f3rio: O chamazuleno e o \u03b1-bisabolol do \u00f3leo de camomila demonstraram ter efeitos anti-inflamat\u00f3rios, \u00fateis para doen\u00e7as da pele e inflama\u00e7\u00f5es internas.<\/li>\n\n\n\n<li>Sa\u00fade digestiva: Pode ajudar a aliviar o desconforto gastrointestinal, incluindo a indigest\u00e3o e as c\u00f3licas.<\/li>\n\n\n\n<li>Cuidados com a pele: As suas propriedades suaves e calmantes tornam-no ben\u00e9fico para a pele sens\u00edvel e para pequenas irrita\u00e7\u00f5es cut\u00e2neas.<\/li>\n\n\n\n<li>Al\u00edvio da ansiedade e do stress: A erva pode ter efeitos sedativos ligeiros, ajudando a reduzir a ansiedade e a promover o relaxamento.<\/li>\n<\/ol>\n\n\n\n<p class=\"wp-block-paragraph\">Para al\u00e9m das suas utiliza\u00e7\u00f5es medicinais, a camomila \u00e9 muito consumida como ch\u00e1 de ervas sem cafe\u00edna. As cabe\u00e7as de flores secas s\u00e3o mergulhadas em \u00e1gua quente para produzir uma bebida calmante, ligeiramente doce, popular pelos seus efeitos calmantes.<\/p>\n\n\n\n<p class=\"wp-block-paragraph\">Embora a camomila seja geralmente considerada segura, \u00e9 importante notar que alguns indiv\u00edduos podem sofrer reac\u00e7\u00f5es al\u00e9rgicas, particularmente aqueles com sensibilidade a plantas da fam\u00edlia Asteraceae. Tal como acontece com qualquer rem\u00e9dio \u00e0 base de plantas, \u00e9 aconselh\u00e1vel consultar um profissional de sa\u00fade antes de utilizar a camomila para fins medicinais, especialmente no caso de mulheres gr\u00e1vidas ou pessoas que estejam a tomar medicamentos.<\/p>\n\n\n\n<p class=\"wp-block-paragraph\">Nos \u00faltimos anos, o cultivo da Matricaria recutita expandiu-se globalmente, incluindo uma produ\u00e7\u00e3o significativa em pa\u00edses como o Egito, a Alemanha e partes da Europa de Leste. Na China, o seu cultivo aumentou tanto para uso dom\u00e9stico como para exporta\u00e7\u00e3o, contribuindo para o mercado global de medicamentos \u00e0 base de plantas e produtos naturais.<\/p>\n\n\n\n<h2 class=\"wp-block-heading\">15. Matthiola Incana <\/h2>\n\n\n\n<p class=\"wp-block-paragraph\"><\/p>\n\n\n<div class=\"wp-block-image\">\n<figure class=\"aligncenter size-full\"><img loading=\"lazy\" decoding=\"async\" width=\"1200\" height=\"800\" src=\"https:\/\/flowerslib.com\/wp-content\/uploads\/2023\/09\/1-121.jpg\" alt=\"Matthiola Incana\" class=\"wp-image-11685\" srcset=\"https:\/\/flowerslib.com\/wp-content\/uploads\/2023\/09\/1-121.jpg 1200w, https:\/\/flowerslib.com\/wp-content\/uploads\/2023\/09\/1-121-600x400.jpg 600w, https:\/\/flowerslib.com\/wp-content\/uploads\/2023\/09\/1-121-768x512.jpg 768w, https:\/\/flowerslib.com\/wp-content\/uploads\/2023\/09\/1-121-240x160.jpg 240w\" sizes=\"auto, (max-width: 1200px) 100vw, 1200px\" \/><\/figure>\n<\/div>\n\n\n<p class=\"wp-block-paragraph\"><\/p>\n\n\n\n<p class=\"wp-block-paragraph\">A Matthiola incana, vulgarmente conhecida como Stock ou Brompton Stock, \u00e9 uma planta herb\u00e1cea bienal ou perene de vida curta, pertencente \u00e0 fam\u00edlia Brassicaceae. Esta planta robusta atinge tipicamente uma altura de 30-80 cent\u00edmetros, com os seus caules e folhas cobertos por uma pubesc\u00eancia branca-acinzentada distinta de tricomas ramificados.<\/p>\n\n\n\n<p class=\"wp-block-paragraph\">A planta apresenta um caule ereto, com v\u00e1rias ramifica\u00e7\u00f5es, adornado com folhas oblongas a lanceoladas ou espatuladas. Estas folhas est\u00e3o dispostas alternadamente ao longo do caule, medindo 5-15 cent\u00edmetros de comprimento, com margens inteiras ou ligeiramente dentadas. A folhagem contribui para o aspeto geral verde-prateado da planta.<\/p>\n\n\n\n<p class=\"wp-block-paragraph\">A Matthiola incana produz racemos terminais e axilares de flores que se destacam pela sua abund\u00e2ncia, tamanho e fragr\u00e2ncia. As flores t\u00eam aproximadamente 2-3 cent\u00edmetros de di\u00e2metro, com quatro p\u00e9talas dispostas num padr\u00e3o cruciforme carater\u00edstico da fam\u00edlia Brassicaceae. A paleta de cores destas flores \u00e9 diversificada, variando de roxo profundo e vermelhos ricos a rosas p\u00e1lidos e brancos puros, com variedades de flores simples e duplas dispon\u00edveis.<\/p>\n\n\n\n<p class=\"wp-block-paragraph\">Os frutos s\u00e3o s\u00edliquas alongadas, t\u00edpicas da fam\u00edlia da mostarda, contendo numerosas sementes. Estas sementes s\u00e3o castanhas escuras, quase circulares, planas e com cerca de 2 mil\u00edmetros de di\u00e2metro. Requerem um per\u00edodo de estratifica\u00e7\u00e3o a frio para uma germina\u00e7\u00e3o \u00f3ptima.<\/p>\n\n\n\n<p class=\"wp-block-paragraph\">Origin\u00e1ria das regi\u00f5es costeiras da Europa meridional e ocidental, nomeadamente da bacia mediterr\u00e2nica, a Matthiola incana \u00e9 cultivada h\u00e1 s\u00e9culos pelas suas qualidades ornamentais e arom\u00e1ticas. Na Gr\u00e9cia antiga, simbolizava a abund\u00e2ncia e a cidade de Atenas utilizava-a como emblema no seu estandarte. Curiosamente, \u00e9 tamb\u00e9m a flor do estado de Rhode Island, nos EUA, onde representa \"beleza e amor eternos\".<\/p>\n\n\n\n<p class=\"wp-block-paragraph\">As plantas preferem climas frescos e temperados e t\u00eam um melhor desempenho em pleno sol ou sombra parcial. Desenvolvem-se bem em solos bem drenados e f\u00e9rteis com um pH entre 6,0 e 7,5. Embora apreciem solos ricos, a fertiliza\u00e7\u00e3o excessiva pode levar a uma folhagem exuberante em detrimento da produ\u00e7\u00e3o de flores. A monda regular promove a flora\u00e7\u00e3o cont\u00ednua durante toda a esta\u00e7\u00e3o, que normalmente se estende do final da primavera ao in\u00edcio do ver\u00e3o na maioria das regi\u00f5es.<\/p>\n\n\n\n<p class=\"wp-block-paragraph\">A cultura da Matthiola incana \u00e9 economicamente importante para a ind\u00fastria da floricultura. O seu valor como flor de corte resulta do seu longo tempo de vida em vaso, dos seus caules fortes e da sua fragr\u00e2ncia intensa. Na produ\u00e7\u00e3o comercial, os stocks s\u00e3o frequentemente cultivados em ambientes controlados para garantir a disponibilidade durante todo o ano e para manipular os per\u00edodos de flora\u00e7\u00e3o.<\/p>\n\n\n\n<p class=\"wp-block-paragraph\">Para al\u00e9m da sua utiliza\u00e7\u00e3o ornamental, as cepas encontraram aplica\u00e7\u00f5es na aromaterapia e na ind\u00fastria das fragr\u00e2ncias. O aroma doce e picante das flores, frequentemente descrito como lembrando o cravinho, \u00e9 atribu\u00eddo a compostos vol\u00e1teis como o eugenol e o isoeugenol. Estes compostos n\u00e3o s\u00f3 contribuem para a fragr\u00e2ncia da planta, como tamb\u00e9m apresentam propriedades antimicrobianas, o que pode explicar a sua utiliza\u00e7\u00e3o tradicional em rem\u00e9dios para a sa\u00fade respirat\u00f3ria.<\/p>\n\n\n\n<p class=\"wp-block-paragraph\">Na conce\u00e7\u00e3o de jardins, a Matthiola incana serve m\u00faltiplos objectivos. \u00c9 excelente como planta de cama, acrescenta interesse vertical \u00e0s bordaduras e tem um bom desempenho em jardins de contentores. O seu h\u00e1bito de crescimento compacto e a sua flora\u00e7\u00e3o abundante fazem dela uma excelente escolha para caixas de janela e planta\u00e7\u00f5es de varanda. Al\u00e9m disso, a toler\u00e2ncia da planta \u00e0 salinidade ligeira permite a sua utiliza\u00e7\u00e3o em jardins costeiros.<\/p>\n\n\n\n<p class=\"wp-block-paragraph\">A propaga\u00e7\u00e3o da Matthiola incana \u00e9 feita principalmente atrav\u00e9s de sementes, embora as estacas de caule possam ser bem sucedidas para cultivares espec\u00edficas. Quando se cultiva a partir de sementes, \u00e9 aconselh\u00e1vel semear dentro de casa 6-8 semanas antes da \u00faltima geada prevista, uma vez que as plantas necessitam de um longo per\u00edodo de crescimento para atingir o tamanho da flora\u00e7\u00e3o. A transplanta\u00e7\u00e3o deve ser efectuada com cuidado para n\u00e3o perturbar a raiz principal.<\/p>\n\n\n\n<p class=\"wp-block-paragraph\">Em conclus\u00e3o, a Matthiola incana destaca-se como uma planta ornamental vers\u00e1til e apreciada, valorizada pelas suas belas flores, fragr\u00e2ncia encantadora e significado hist\u00f3rico. O seu cultivo continua a evoluir, com programas de melhoramento em curso centrados no desenvolvimento de novas varia\u00e7\u00f5es de cor, maior resist\u00eancia a doen\u00e7as e melhor desempenho em v\u00e1rias condi\u00e7\u00f5es clim\u00e1ticas.<\/p>\n\n\n\n<h2 class=\"wp-block-heading\">16. Mauranthemum Paludosum <\/h2>\n\n\n\n<p class=\"wp-block-paragraph\"><\/p>\n\n\n<div class=\"wp-block-image\">\n<figure class=\"aligncenter size-full\"><img loading=\"lazy\" decoding=\"async\" width=\"1200\" height=\"800\" src=\"https:\/\/flowerslib.com\/wp-content\/uploads\/2023\/09\/2-120.jpg\" alt=\"Mauranthemum Paludosum\" class=\"wp-image-11686\" srcset=\"https:\/\/flowerslib.com\/wp-content\/uploads\/2023\/09\/2-120.jpg 1200w, https:\/\/flowerslib.com\/wp-content\/uploads\/2023\/09\/2-120-600x400.jpg 600w, https:\/\/flowerslib.com\/wp-content\/uploads\/2023\/09\/2-120-768x512.jpg 768w, https:\/\/flowerslib.com\/wp-content\/uploads\/2023\/09\/2-120-240x160.jpg 240w\" sizes=\"auto, (max-width: 1200px) 100vw, 1200px\" \/><\/figure>\n<\/div>\n\n\n<p class=\"wp-block-paragraph\"><\/p>\n\n\n\n<p class=\"wp-block-paragraph\">O Mauranthemum paludosum, vulgarmente conhecido como Daisy Chrysanthemum ou Creeping Daisy, \u00e9 um membro encantador da fam\u00edlia Asteraceae. Esta planta vers\u00e1til pode ser cultivada como uma planta anual ou bienal, dependendo do clima e das pr\u00e1ticas de cultivo.<\/p>\n\n\n\n<p class=\"wp-block-paragraph\">Nativo da regi\u00e3o mediterr\u00e2nica, o M. paludosum desenvolve-se em ambientes quentes e h\u00famidos com exposi\u00e7\u00e3o solar total. No entanto, demonstra uma adaptabilidade not\u00e1vel, tolerando sombras parciais e exibindo resist\u00eancia ao frio. Esta resili\u00eancia torna-o adequado para uma vasta gama de ambientes de jardim.<\/p>\n\n\n\n<p class=\"wp-block-paragraph\">A planta prefere um solo bem drenado, solto e f\u00e9rtil. Uma boa drenagem \u00e9 crucial para evitar o apodrecimento das ra\u00edzes, especialmente em \u00e1reas com muita chuva ou irriga\u00e7\u00e3o. Um pH do solo entre 6,0 e 7,5 \u00e9 ideal para um crescimento e flora\u00e7\u00e3o \u00f3ptimos.<\/p>\n\n\n\n<p class=\"wp-block-paragraph\">O M. paludosum tem um h\u00e1bito de crescimento compacto, atingindo tipicamente alturas de 15-30 cm. Apesar da sua baixa estatura, a planta \u00e9 robusta e produz uma abund\u00e2ncia de flores semelhantes a margaridas. O per\u00edodo de flora\u00e7\u00e3o \u00e9 impressionantemente longo, come\u00e7ando frequentemente no in\u00edcio da primavera e continuando durante o ver\u00e3o, por vezes at\u00e9 ao outono em climas mais amenos.<\/p>\n\n\n\n<p class=\"wp-block-paragraph\">As flores s\u00e3o compostas por infloresc\u00eancias cl\u00e1ssicas em forma de capitulo, tipo margarida, com floretes de raios brancos que rodeiam um disco central amarelo. Cada flor mede cerca de 2-3 cm (0,8-1,2 polegadas) de di\u00e2metro. Ap\u00f3s a flora\u00e7\u00e3o, a planta produz pequenos frutos aqu\u00e9nios, que normalmente amadurecem no final de maio, oferecendo oportunidades de auto-semeadura ou de recolha para futura propaga\u00e7\u00e3o.<\/p>\n\n\n\n<p class=\"wp-block-paragraph\">A folhagem do M. paludosum \u00e9 igualmente atractiva, com folhas verdes rendilhadas e finamente divididas que proporcionam um excelente pano de fundo para as flores prol\u00edficas. Esta combina\u00e7\u00e3o de folhagem delicada e flores abundantes cria uma apar\u00eancia exuberante, semelhante a um tapete, quando plantada em massa.<\/p>\n\n\n\n<p class=\"wp-block-paragraph\">No jardim, o Mauranthemum paludosum \u00e9 incrivelmente vers\u00e1til. O seu h\u00e1bito de crescimento baixo torna-o perfeito para..:<\/p>\n\n\n\n<ol class=\"wp-block-list\">\n<li>Cobertura do solo em \u00e1reas ensolaradas<\/li>\n\n\n\n<li>Orla ao longo de caminhos ou fronteiras<\/li>\n\n\n\n<li>Preenchimento de jardins de pedra<\/li>\n\n\n\n<li>Derrame sobre muros de conten\u00e7\u00e3o ou contentores<\/li>\n\n\n\n<li>Planta\u00e7\u00f5es em massa em canteiros de flores para um efeito dram\u00e1tico<\/li>\n\n\n\n<li>Jardinagem em contentores em p\u00e1tios ou varandas<\/li>\n\n\n\n<li>Cor do in\u00edcio da primavera em canteiros mistos de plantas perenes<\/li>\n<\/ol>\n\n\n\n<p class=\"wp-block-paragraph\">Para uma melhor exposi\u00e7\u00e3o, plantar o M. paludosum em grupos ou em ramadas. Esta estrat\u00e9gia de planta\u00e7\u00e3o mostra a sua natureza de flora\u00e7\u00e3o prol\u00edfica e cria um impacto visual impressionante. Em recipientes, pode ser utilizada como uma planta \"spiller\", caindo em cascata sobre os bordos para suavizar o aspeto do vaso.<\/p>\n\n\n\n<p class=\"wp-block-paragraph\">A manuten\u00e7\u00e3o do Mauranthemum paludosum \u00e9 relativamente simples. A monda regular incentiva a flora\u00e7\u00e3o cont\u00ednua e evita a auto-semeadura, se isso for uma preocupa\u00e7\u00e3o. Embora a planta seja tolerante \u00e0 seca depois de estabelecida, uma humidade constante durante a esta\u00e7\u00e3o de crescimento garantir\u00e1 o melhor desempenho da flora\u00e7\u00e3o. Uma alimenta\u00e7\u00e3o ligeira com um fertilizante equilibrado e sol\u00favel em \u00e1gua cada 4-6 semanas durante a esta\u00e7\u00e3o de crescimento pode promover um crescimento vigoroso e florescimento abundante.<\/p>\n\n\n\n<p class=\"wp-block-paragraph\">Em conclus\u00e3o, o Mauranthemum paludosum \u00e9 uma excelente escolha para os jardineiros que procuram uma planta florida de baixa manuten\u00e7\u00e3o e de grande impacto. A sua adaptabilidade, o seu longo per\u00edodo de flora\u00e7\u00e3o e a sua versatilidade de utiliza\u00e7\u00e3o na paisagem fazem dela um complemento valioso para qualquer jardim, desde os desenhos formais at\u00e9 aos jardins casuais.<\/p>\n\n\n\n<h2 class=\"wp-block-heading\">17. Mayodendron Igneum <\/h2>\n\n\n\n<p class=\"wp-block-paragraph\"><\/p>\n\n\n<div class=\"wp-block-image\">\n<figure class=\"aligncenter size-full\"><img loading=\"lazy\" decoding=\"async\" width=\"1200\" height=\"800\" src=\"https:\/\/flowerslib.com\/wp-content\/uploads\/2023\/09\/1-122.jpg\" alt=\"Mayodendron Igneum\" class=\"wp-image-11687\" srcset=\"https:\/\/flowerslib.com\/wp-content\/uploads\/2023\/09\/1-122.jpg 1200w, https:\/\/flowerslib.com\/wp-content\/uploads\/2023\/09\/1-122-600x400.jpg 600w, https:\/\/flowerslib.com\/wp-content\/uploads\/2023\/09\/1-122-768x512.jpg 768w, https:\/\/flowerslib.com\/wp-content\/uploads\/2023\/09\/1-122-240x160.jpg 240w\" sizes=\"auto, (max-width: 1200px) 100vw, 1200px\" \/><\/figure>\n<\/div>\n\n\n<p class=\"wp-block-paragraph\"><\/p>\n\n\n\n<p class=\"wp-block-paragraph\">O Mayodendron igneum, vulgarmente conhecido como flor-de-fogo, \u00e9 uma \u00e1rvore de folha perene que pertence \u00e0 fam\u00edlia Bignoniaceae (n\u00e3o Verbenaceae). Esta magn\u00edfica esp\u00e9cie \u00e9 conhecida pela sua apar\u00eancia de chama, que d\u00e1 origem ao seu sugestivo nome comum.<\/p>\n\n\n\n<p class=\"wp-block-paragraph\">A \u00e1rvore apresenta uma casca lisa e folhas compostas pinadas dispostas de forma oposta ao longo dos ramos. Cada folha \u00e9 constitu\u00edda por fol\u00edolos ovados a lanceolados que se afunilam at\u00e9 um ponto na ponta e s\u00e3o glabros (lisos e sem p\u00ealos) em ambas as superf\u00edcies. Esta folhagem proporciona um cen\u00e1rio atrativo para a espetacular exposi\u00e7\u00e3o floral da \u00e1rvore.<\/p>\n\n\n\n<p class=\"wp-block-paragraph\">As infloresc\u00eancias do Mayodendron igneum s\u00e3o particularmente not\u00e1veis, aparecendo como racemos curtos na madeira velha (cauliflory) ou em ramos laterais curtos. Estes racemos nascem em hastes alongadas, criando um efeito dram\u00e1tico. O c\u00e1lice \u00e9 bracteolado e divide-se num dos lados, densamente coberto de tricomas moles (p\u00ealos vegetais).<\/p>\n\n\n\n<p class=\"wp-block-paragraph\">A corola \u00e9 tubular e impressionante, com flores de cor laranja vivo a laranja avermelhado que se assemelham a chamas saltitantes. Esta exibi\u00e7\u00e3o ardente ocorre tipicamente de fevereiro a maio, tornando a \u00e1rvore um ponto focal nos seus habitats nativos durante este per\u00edodo. Ap\u00f3s a flora\u00e7\u00e3o, os frutos desenvolvem-se de maio a setembro. Estes frutos s\u00e3o c\u00e1psulas lineares e glabras que pendem para baixo e cont\u00eam sementes ovadas. A textura fina e cori\u00e1cea das c\u00e1psulas ajuda na dispers\u00e3o das sementes.<\/p>\n\n\n\n<p class=\"wp-block-paragraph\">O Mayodendron igneum \u00e9 nativo do Sudeste Asi\u00e1tico, com uma distribui\u00e7\u00e3o que inclui o Vietname, Laos, Myanmar e partes da \u00cdndia. Est\u00e1 particularmente adaptado aos climas tropicais e subtropicais, prosperando em temperaturas elevadas e ambientes h\u00famidos. A \u00e1rvore \u00e9 sens\u00edvel ao frio e \u00e0s geadas, e n\u00e3o tolera bem os solos salinos ou alcalinos.<\/p>\n\n\n\n<p class=\"wp-block-paragraph\">Em termos de cultivo, a Flor de Fogo prefere o sol pleno mas pode adaptar-se \u00e0 sombra parcial. Demonstra uma resist\u00eancia moderada \u00e0 seca uma vez estabelecida. A propaga\u00e7\u00e3o \u00e9 feita principalmente atrav\u00e9s de sementes, embora a enxertia possa ser usada como um m\u00e9todo alternativo para cultivar variedades ou formas espec\u00edficas.<\/p>\n\n\n\n<p class=\"wp-block-paragraph\">A flor-de-fogo tem um significado cultural em algumas regi\u00f5es. Na zona de Xishuangbanna, na prov\u00edncia de Yunnan, na China, v\u00e1rios grupos \u00e9tnicos minorit\u00e1rios incorporam as flores e as folhas jovens na sua cozinha, consumindo-as como legumes.<\/p>\n\n\n\n<p class=\"wp-block-paragraph\">Para al\u00e9m das suas utiliza\u00e7\u00f5es culin\u00e1rias, o Mayodendron igneum possui um valor ornamental consider\u00e1vel. O seu h\u00e1bito de flora\u00e7\u00e3o \u00fanico, em que as flores emergem diretamente da madeira velha, cria uma exibi\u00e7\u00e3o espetacular quando a \u00e1rvore est\u00e1 em plena flora\u00e7\u00e3o. Isto, combinado com a cor vermelho-alaranjada vibrante das flores, torna-a numa excelente \u00e1rvore para jardins tropicais e subtropicais, parques e paisagens urbanas.<\/p>\n\n\n\n<p class=\"wp-block-paragraph\">Em conclus\u00e3o, o Mayodendron igneum \u00e9 uma \u00e1rvore not\u00e1vel que combina interesse bot\u00e2nico, significado cultural e atra\u00e7\u00e3o ornamental. A sua adaptabilidade a v\u00e1rias condi\u00e7\u00f5es de luz e a sua toler\u00e2ncia moderada \u00e0 seca fazem dela uma adi\u00e7\u00e3o valiosa a paisagens apropriadas, onde pode servir como um ponto focal deslumbrante e uma pe\u00e7a de conversa.<\/p>\n\n\n\n<h2 class=\"wp-block-heading\">18. Medinilla Magnifica <\/h2>\n\n\n\n<p class=\"wp-block-paragraph\"><\/p>\n\n\n<div class=\"wp-block-image\">\n<figure class=\"aligncenter size-full\"><img loading=\"lazy\" decoding=\"async\" width=\"1200\" height=\"800\" src=\"https:\/\/flowerslib.com\/wp-content\/uploads\/2023\/09\/2-121.jpg\" alt=\"Medinilla Magnifica\" class=\"wp-image-11688\" srcset=\"https:\/\/flowerslib.com\/wp-content\/uploads\/2023\/09\/2-121.jpg 1200w, https:\/\/flowerslib.com\/wp-content\/uploads\/2023\/09\/2-121-600x400.jpg 600w, https:\/\/flowerslib.com\/wp-content\/uploads\/2023\/09\/2-121-768x512.jpg 768w, https:\/\/flowerslib.com\/wp-content\/uploads\/2023\/09\/2-121-240x160.jpg 240w\" sizes=\"auto, (max-width: 1200px) 100vw, 1200px\" \/><\/figure>\n<\/div>\n\n\n<p class=\"wp-block-paragraph\"><\/p>\n\n\n\n<p class=\"wp-block-paragraph\">A Medinilla magnifica, vulgarmente conhecida como Medinilla vistosa ou Uva-rosa, \u00e9 um arbusto de folha perene que pertence \u00e0 fam\u00edlia das Melastomataceae. Esta planta tropical caracteriza-se pelos seus caules angulosos ou alados, que contribuem para a sua forma arquitet\u00f3nica \u00fanica.<\/p>\n\n\n\n<p class=\"wp-block-paragraph\">A folhagem da Medinilla magnifica \u00e9 igualmente impressionante. As suas folhas grandes e cori\u00e1ceas est\u00e3o dispostas de forma oposta, agrupadas principalmente na metade superior dos ramos. Estas folhas t\u00eam uma forma ovada a el\u00edptica, medindo 20-30 cm de comprimento, com uma superf\u00edcie verde escura brilhante e nervuras proeminentes que correm paralelamente \u00e0s margens da folha, uma carater\u00edstica da fam\u00edlia Melastomataceae.<\/p>\n\n\n\n<p class=\"wp-block-paragraph\">O verdadeiro espet\u00e1culo desta planta reside na sua infloresc\u00eancia. De abril a junho, a Medinilla magnifica produz pan\u00edculas de flores pendentes que podem atingir 30 cm de comprimento. Estas flores dram\u00e1ticas s\u00e3o adornadas por br\u00e1cteas grandes e vistosas que v\u00e3o do rosa suave ao rosa vibrante, que persistem muito tempo depois de as flores terem desaparecido. As flores individuais s\u00e3o relativamente pequenas mas numerosas, com uma corola em forma de sino contendo tipicamente 10 estames, outra carater\u00edstica da sua fam\u00edlia.<\/p>\n\n\n\n<p class=\"wp-block-paragraph\">Ap\u00f3s o per\u00edodo de flora\u00e7\u00e3o, a planta desenvolve bagas esf\u00e9ricas com cerca de 1 cm de di\u00e2metro. Estes frutos come\u00e7am verdes e tornam-se gradualmente rosa-p\u00farpura \u00e0 medida que amadurecem, mantendo o c\u00e1lice persistente no seu \u00e1pice, o que aumenta o seu valor ornamental.<\/p>\n\n\n\n<p class=\"wp-block-paragraph\">Origin\u00e1ria das florestas tropicais das Filipinas e de outras partes do Sudeste Asi\u00e1tico, a Medinilla magnifica desenvolve-se em ambientes quentes e h\u00famidos com temperaturas entre 18-30\u00b0C. Prefere luz brilhante e indireta ou sombra parcial, imitando o seu habitat natural de sub-bosque. A luz direta do sol pode queimar as suas folhas, enquanto que uma luz insuficiente pode levar a um crescimento fr\u00e1gil e a uma flora\u00e7\u00e3o reduzida.<\/p>\n\n\n\n<p class=\"wp-block-paragraph\">Para um crescimento \u00f3timo, a Medinilla magnifica requer um substrato bem drenado, rico em h\u00famus, com um pH entre 5,5 e 6,5. Uma mistura de musgo de turfa, perlite e casca de orqu\u00eddea fornece frequentemente o meio de crescimento ideal. A rega regular \u00e9 essencial para manter uma humidade consistente, mas devem ser evitadas condi\u00e7\u00f5es de encharcamento para evitar o apodrecimento das ra\u00edzes. A humidade elevada (60-80%) \u00e9 crucial para um crescimento saud\u00e1vel, necessitando frequentemente da utiliza\u00e7\u00e3o de tabuleiros de humidade ou de nebuliza\u00e7\u00e3o regular em ambientes mais secos.<\/p>\n\n\n\n<p class=\"wp-block-paragraph\">A propaga\u00e7\u00e3o da Medinilla magnifica \u00e9 normalmente conseguida atrav\u00e9s de estacas de caule colhidas na primavera ou no in\u00edcio do ver\u00e3o. Estas estacas devem ter 10-15 cm de comprimento, devem ser retiradas de um crescimento semi-lenhoso e tratadas com hormona de enraizamento antes de serem colocadas num local de propaga\u00e7\u00e3o quente e h\u00famido.<\/p>\n\n\n\n<p class=\"wp-block-paragraph\">O h\u00e1bito de crescimento elegante da Medinilla vistosa, juntamente com as suas folhas largas e texturadas e a sua flora\u00e7\u00e3o espetacular, fazem dela uma planta ornamental muito apreciada. O seu aspeto luxuoso valeu-lhe o Pr\u00e9mio de M\u00e9rito de Jardim da Royal Horticultural Society. Embora seja cultivada principalmente como planta de interior ou em estufas em regi\u00f5es temperadas, pode ser utilizada como um elemento paisag\u00edstico deslumbrante em zonas tropicais e subtropicais, onde pode atingir alturas de at\u00e9 2-3 metros.<\/p>\n\n\n\n<p class=\"wp-block-paragraph\">Para al\u00e9m do seu valor ornamental, a Medinilla magnifica tem um significado cultural nas suas regi\u00f5es de origem. Nas Filipinas, \u00e9 conhecida como \"Kapa-kapa\" e \u00e9 por vezes utilizada na medicina tradicional para tratar doen\u00e7as de pele e reduzir a febre.<\/p>\n\n\n\n<p class=\"wp-block-paragraph\">Uma aten\u00e7\u00e3o cuidadosa \u00e0s suas necessidades espec\u00edficas de crescimento recompensar\u00e1 os jardineiros com uma exibi\u00e7\u00e3o verdadeiramente magn\u00edfica, fazendo da Medinilla magnifica uma adi\u00e7\u00e3o espetacular a qualquer cole\u00e7\u00e3o de plantas tropicais ou ambiente de estufa.<\/p>\n\n\n\n<h2 class=\"wp-block-heading\">19. Melastoma Malabathricum <\/h2>\n\n\n\n<p class=\"wp-block-paragraph\"><\/p>\n\n\n<div class=\"wp-block-image\">\n<figure class=\"aligncenter size-full\"><img loading=\"lazy\" decoding=\"async\" width=\"1200\" height=\"800\" src=\"https:\/\/flowerslib.com\/wp-content\/uploads\/2023\/09\/1-123.jpg\" alt=\"Melastoma Malabathricum\" class=\"wp-image-11689\" srcset=\"https:\/\/flowerslib.com\/wp-content\/uploads\/2023\/09\/1-123.jpg 1200w, https:\/\/flowerslib.com\/wp-content\/uploads\/2023\/09\/1-123-600x400.jpg 600w, https:\/\/flowerslib.com\/wp-content\/uploads\/2023\/09\/1-123-768x512.jpg 768w, https:\/\/flowerslib.com\/wp-content\/uploads\/2023\/09\/1-123-240x160.jpg 240w\" sizes=\"auto, (max-width: 1200px) 100vw, 1200px\" \/><\/figure>\n<\/div>\n\n\n<p class=\"wp-block-paragraph\"><\/p>\n\n\n\n<p class=\"wp-block-paragraph\">O Melastoma malabathricum, vulgarmente conhecido por v\u00e1rios nomes, incluindo Melastoma Malabar, Rododendro de Singapura e Rododendro Indiano, \u00e9 uma esp\u00e9cie arbustiva vers\u00e1til pertencente \u00e0 fam\u00edlia Melastomataceae. Esta planta est\u00e1 amplamente distribu\u00edda nas regi\u00f5es tropicais e subtropicais da \u00c1sia e da Oce\u00e2nia.<\/p>\n\n\n\n<p class=\"wp-block-paragraph\">O arbusto atinge normalmente uma altura de 1-3 metros, embora possa ocasionalmente atingir 5 metros em condi\u00e7\u00f5es favor\u00e1veis. O seu caule \u00e9 quadrangular ou quase cil\u00edndrico, com numerosos ramos. Toda a planta, em particular os caules e os ramos, est\u00e1 densamente coberta de tricomas (p\u00ealos vegetais) adpressos e escamosos, lisos e com bordos franjados, o que lhe confere uma textura rugosa.<\/p>\n\n\n\n<p class=\"wp-block-paragraph\">As folhas de Melastoma malabathricum s\u00e3o uma das suas carater\u00edsticas distintivas. S\u00e3o opostas, simples e cori\u00e1ceas (textura cori\u00e1cea). A forma da folha varia de lanceolada a ovado-lanceolada ou el\u00edptica, medindo 4-14 cm de comprimento e 1,5-5 cm de largura. Cada folha tem um \u00e1pice acuminado (afilado) carater\u00edstico e uma base arredondada ou cuneiforme (em forma de cunha). <\/p>\n\n\n\n<p class=\"wp-block-paragraph\">Uma das principais carater\u00edsticas de identifica\u00e7\u00e3o \u00e9 a presen\u00e7a de 5-7 nervuras longitudinais proeminentes (nervuras basais) que v\u00e3o da base at\u00e9 \u00e0 ponta da folha. A superf\u00edcie superior da folha \u00e9 verde escura e coberta de p\u00ealos curtos e r\u00edgidos, enquanto a superf\u00edcie inferior \u00e9 mais p\u00e1lida e mais densamente pilosa.<\/p>\n\n\n\n<p class=\"wp-block-paragraph\">As flores do Melastoma malabathricum s\u00e3o impressionantes e vistosas, tipicamente com 3-5 cm de di\u00e2metro. Est\u00e3o dispostas em cimas terminais, sendo cada flor composta por cinco p\u00e9talas que podem variar de cor desde o rosa p\u00e1lido ao magenta profundo ou p\u00farpura. O per\u00edodo de flora\u00e7\u00e3o ocorre principalmente entre fevereiro e maio, embora possa variar em fun\u00e7\u00e3o das condi\u00e7\u00f5es clim\u00e1ticas locais.<\/p>\n\n\n\n<p class=\"wp-block-paragraph\">O fruto \u00e9 uma c\u00e1psula, com cerca de 6-15 mm de di\u00e2metro e forma de urna. \u00c9 truncado na parte superior e adere \u00e0s s\u00e9palas persistentes, que s\u00e3o densamente cobertas pelos mesmos p\u00ealos escamosos e \u00e1speros que se encontram noutras partes da planta. <\/p>\n\n\n\n<p class=\"wp-block-paragraph\">\u00c0 medida que o fruto amadurece, muda de cor, passando de verde a roxo escuro ou preto. A c\u00e1psula cont\u00e9m numerosas sementes pequenas embebidas numa polpa carnuda e roxa (placenta). A produ\u00e7\u00e3o de frutos ocorre normalmente de agosto a dezembro, podendo ocasionalmente prolongar-se at\u00e9 janeiro.<\/p>\n\n\n\n<p class=\"wp-block-paragraph\">A Melastoma malabathricum n\u00e3o \u00e9 apenas valorizada pelas suas qualidades ornamentais, mas tamb\u00e9m pelas suas utiliza\u00e7\u00f5es etnobot\u00e2nicas. V\u00e1rias partes da planta t\u00eam sido tradicionalmente utilizadas na medicina popular em toda a sua \u00e1rea de distribui\u00e7\u00e3o nativa para tratar uma variedade de doen\u00e7as, incluindo disenteria, diarreia e cicatriza\u00e7\u00e3o de feridas. O fruto, embora n\u00e3o seja muito consumido, \u00e9 comest\u00edvel e tem um sabor ligeiramente doce com notas adstringentes.<\/p>\n\n\n\n<p class=\"wp-block-paragraph\">Em jardinagem e paisagismo, este arbusto \u00e9 apreciado pela sua folhagem durante todo o ano, a sua flora\u00e7\u00e3o prol\u00edfica e a sua capacidade de atrair polinizadores, nomeadamente borboletas. D\u00e1-se bem em pleno sol ou sombra parcial e prefere solos bem drenados e \u00e1cidos. A poda regular pode ajudar a manter a sua forma e a promover uma flora\u00e7\u00e3o mais vigorosa.<\/p>\n\n\n\n<h2 class=\"wp-block-heading\">20. Michelia Champaca <\/h2>\n\n\n\n<p class=\"wp-block-paragraph\"><\/p>\n\n\n<div class=\"wp-block-image\">\n<figure class=\"aligncenter size-full\"><img loading=\"lazy\" decoding=\"async\" width=\"1200\" height=\"800\" src=\"https:\/\/flowerslib.com\/wp-content\/uploads\/2023\/09\/2-122.jpg\" alt=\"Michelia Champaca\" class=\"wp-image-11690\" srcset=\"https:\/\/flowerslib.com\/wp-content\/uploads\/2023\/09\/2-122.jpg 1200w, https:\/\/flowerslib.com\/wp-content\/uploads\/2023\/09\/2-122-600x400.jpg 600w, https:\/\/flowerslib.com\/wp-content\/uploads\/2023\/09\/2-122-768x512.jpg 768w, https:\/\/flowerslib.com\/wp-content\/uploads\/2023\/09\/2-122-240x160.jpg 240w\" sizes=\"auto, (max-width: 1200px) 100vw, 1200px\" \/><\/figure>\n<\/div>\n\n\n<p class=\"wp-block-paragraph\"><\/p>\n\n\n\n<p class=\"wp-block-paragraph\">A Michelia Champaca, vulgarmente conhecida como Champak ou Champa Amarela, \u00e9 um membro distinto da fam\u00edlia Magnoliaceae. Esta \u00e1rvore perene atinge normalmente alturas de 10-30 metros, com alguns exemplares a crescerem at\u00e9 50 metros de altura em condi\u00e7\u00f5es \u00f3ptimas. Os seus bot\u00f5es, ramos jovens, folhas e pec\u00edolos est\u00e3o adornados com uma fina cobertura de tricomas amarelos p\u00e1lidos e comprimidos, dando \u00e0 \u00e1rvore uma apar\u00eancia suave e aveludada nas suas partes mais jovens.<\/p>\n\n\n\n<p class=\"wp-block-paragraph\">As folhas da Michelia Champaca est\u00e3o dispostas alternadamente e apresentam uma textura de penas finas. T\u00eam uma forma ovada-lanceolada a el\u00edptica-lanceolada, medindo 10-25 cm de comprimento e 4-9 cm de largura. A superf\u00edcie superior \u00e9 verde brilhante, enquanto a superf\u00edcie inferior apresenta uma textura ligeiramente pubescente, muitas vezes com uma tonalidade mais p\u00e1lida.<\/p>\n\n\n\n<p class=\"wp-block-paragraph\">As flores s\u00e3o a coroa de gl\u00f3ria da \u00e1rvore, conhecidas pelo seu perfume intenso e pelo seu aspeto marcante. S\u00e3o axilares, solit\u00e1rias e bissexuais, com 15-20 t\u00e9palas dispostas em espiral em v\u00e1rias espirais. Estas t\u00e9palas s\u00e3o inversamente lanceoladas, medindo 3-4 cm de comprimento e 4-5 mm de largura, e apresentam uma cor amarela dourada rica que se torna alaranjada \u00e0 medida que amadurecem. O per\u00edodo de flora\u00e7\u00e3o ocorre principalmente de junho a julho, mas nas regi\u00f5es tropicais, a \u00e1rvore pode florescer intermitentemente ao longo do ano.<\/p>\n\n\n\n<p class=\"wp-block-paragraph\">O fruto \u00e9 um agregado de carpelos, de forma ovado-oblonga e com 7-15 cm de comprimento. Cada carpelo cont\u00e9m 2-4 sementes enrugadas, castanho-avermelhadas, envolvidas num arilo carnudo. O per\u00edodo de frutifica\u00e7\u00e3o estende-se normalmente de setembro a outubro.<\/p>\n\n\n\n<p class=\"wp-block-paragraph\">A Michelia Champaca \u00e9 nativa da ecoregi\u00e3o Indo-Malaia, com a sua \u00e1rea de distribui\u00e7\u00e3o natural a estender-se desde a parte sudeste do Tibete e as regi\u00f5es sul e sudoeste de Yunnan na China, passando pela \u00cdndia, Nepal e Myanmar, at\u00e9 ao Vietname e Indon\u00e9sia. Desenvolve-se em \u00e1reas com solos h\u00famidos e bem drenados e em climas quentes e h\u00famidos, encontrando-se frequentemente em florestas tropicais e subtropicais sempre verdes a altitudes at\u00e9 1.500 metros.<\/p>\n\n\n\n<p class=\"wp-block-paragraph\">O valor ornamental da \u00e1rvore \u00e9 muito apreciado na horticultura e no design paisag\u00edstico. A sua forma graciosa, a folhagem brilhante e as flores de fragr\u00e2ncia requintada fazem dela uma escolha popular para parques, jardins e projectos de ecologiza\u00e7\u00e3o urbana. Para al\u00e9m disso, a Michelia Champaca demonstra uma not\u00e1vel resist\u00eancia \u00e0 polui\u00e7\u00e3o atmosf\u00e9rica, incluindo resist\u00eancia a v\u00e1rios gases t\u00f3xicos, o que a torna uma excelente escolha para ambientes urbanos.<\/p>\n\n\n\n<p class=\"wp-block-paragraph\">As flores de Michelia Champaca t\u00eam numerosas aplica\u00e7\u00f5es. Produzem um \u00f3leo essencial, conhecido como \u00f3leo de champaca, muito apreciado em perfumaria pelo seu aroma rico e floral com notas doces e picantes. Na medicina tradicional, os extractos de flores s\u00e3o utilizados para tratar v\u00e1rias doen\u00e7as, incluindo febre, c\u00f3licas e doen\u00e7as de pele. As flores tamb\u00e9m podem ser usadas para perfumar ch\u00e1, acrescentando um sabor e aroma \u00fanicos.<\/p>\n\n\n\n<p class=\"wp-block-paragraph\">As folhas de Michelia Champaca tamb\u00e9m t\u00eam valor comercial. Quando destiladas, produzem um \u00f3leo essencial utilizado em aromaterapia e em formula\u00e7\u00f5es de fragr\u00e2ncias de alta qualidade. Este \u00f3leo de folhas tem um perfil de aroma mais verde e herb\u00e1ceo em compara\u00e7\u00e3o com o \u00f3leo de flores.<\/p>\n\n\n\n<p class=\"wp-block-paragraph\">A madeira de Michelia Champaca, conhecida como madeira de Champak, \u00e9 apreciada pela sua qualidade e versatilidade. \u00c9 moderadamente macia, leve (com um peso espec\u00edfico de 0,55-0,64) e tem um gr\u00e3o reto com uma textura fina e uniforme. <\/p>\n\n\n\n<p class=\"wp-block-paragraph\">O cerne \u00e9 castanho-claro a castanho-azeitona, muitas vezes com estrias mais escuras. A sua durabilidade e trabalhabilidade tornam-na valiosa para a constru\u00e7\u00e3o naval, fabrico de mobili\u00e1rio, arm\u00e1rios e instrumentos musicais. A madeira tamb\u00e9m apresenta boas propriedades de entalhe, tornando-a adequada para trabalhos decorativos.<\/p>\n\n\n\n<p class=\"wp-block-paragraph\">Em conclus\u00e3o, a Michelia Champaca \u00e9 uma esp\u00e9cie multifacetada com uma import\u00e2ncia hort\u00edcola, econ\u00f3mica e cultural significativa. A sua beleza, fragr\u00e2ncia e utilidade tornaram-na numa \u00e1rvore muito apreciada em toda a sua \u00e1rea de distribui\u00e7\u00e3o nativa e fora dela, incorporando a mistura harmoniosa de est\u00e9tica e praticidade que caracteriza muitos membros da fam\u00edlia Magnoliaceae.<\/p>\n\n\n\n<h2 class=\"wp-block-heading\">21. Michelia Figo <\/h2>\n\n\n\n<p class=\"wp-block-paragraph\"><\/p>\n\n\n<div class=\"wp-block-image\">\n<figure class=\"aligncenter size-full\"><img loading=\"lazy\" decoding=\"async\" width=\"1200\" height=\"800\" src=\"https:\/\/flowerslib.com\/wp-content\/uploads\/2023\/09\/1-124.jpg\" alt=\"Michelia Figo\" class=\"wp-image-11691\" srcset=\"https:\/\/flowerslib.com\/wp-content\/uploads\/2023\/09\/1-124.jpg 1200w, https:\/\/flowerslib.com\/wp-content\/uploads\/2023\/09\/1-124-600x400.jpg 600w, https:\/\/flowerslib.com\/wp-content\/uploads\/2023\/09\/1-124-768x512.jpg 768w, https:\/\/flowerslib.com\/wp-content\/uploads\/2023\/09\/1-124-240x160.jpg 240w\" sizes=\"auto, (max-width: 1200px) 100vw, 1200px\" \/><\/figure>\n<\/div>\n\n\n<p class=\"wp-block-paragraph\"><\/p>\n\n\n\n<p class=\"wp-block-paragraph\">A Michelia figo, vulgarmente conhecida como arbusto-banana, \u00e9 um elegante membro perene da fam\u00edlia Magnoliaceae. Esta planta ornamental caracteriza-se pela sua casca cinzenta-castanha e pela sua densa estrutura ramificada. Os gomos, ramos jovens, pec\u00edolos e ped\u00fanculos est\u00e3o distintamente cobertos por uma fina pubesc\u00eancia castanho-amarelada.<\/p>\n\n\n\n<p class=\"wp-block-paragraph\">A folhagem do M. figo \u00e9 constitu\u00edda por folhas cori\u00e1ceas e brilhantes, de forma estreitamente el\u00edptica ou obovado-el\u00edptica. A sua carater\u00edstica mais marcante s\u00e3o as flores erectas, amarelo-creme, por vezes adornadas com margens vermelhas ou roxas, que emitem uma fragr\u00e2ncia intensa e doce que faz lembrar bananas maduras - da\u00ed o seu nome comum. As flores medem normalmente 2-3 cm de di\u00e2metro.<\/p>\n\n\n\n<p class=\"wp-block-paragraph\">A flora\u00e7\u00e3o ocorre de mar\u00e7o a maio, seguida do desenvolvimento de frutos ov\u00f3ides ou esf\u00e9ricos de julho a agosto. O aspeto \u00fanico dos bot\u00f5es florais parcialmente abertos, que se assemelham a uma \"cara sorridente\", aumenta o encanto da planta e contribui para o seu nome popular.<\/p>\n\n\n\n<p class=\"wp-block-paragraph\">Nativo das prov\u00edncias do sul da China, particularmente na regi\u00e3o do rio Yangtze, o M. figo desenvolve-se naturalmente no sub-bosque de florestas mistas em encostas sombreadas e \u00e9 particularmente abundante ao longo dos vales dos ribeiros. No seu habitat nativo, pode crescer at\u00e9 3-4 metros de altura.<\/p>\n\n\n\n<p class=\"wp-block-paragraph\">O arbusto de bananeira prefere um clima quente e h\u00famido e um solo bem drenado e \u00e1cido com um pH de 5,5-6,5. Necessita de prote\u00e7\u00e3o contra a luz solar intensa e n\u00e3o tolera a seca, o frio extremo ou as condi\u00e7\u00f5es de alagamento. Nas regi\u00f5es com climas mais frios, necessita de prote\u00e7\u00e3o em estufa para o inverno, uma vez que \u00e9 resistente apenas \u00e0s zonas 8-10 da USDA.<\/p>\n\n\n\n<p class=\"wp-block-paragraph\">A propaga\u00e7\u00e3o de M. figo pode ser efectuada atrav\u00e9s de estacas semilenhosas colhidas no ver\u00e3o, de camadas de ar na primavera ou de enxertia em porta-enxertos compat\u00edveis. As sementes tamb\u00e9m podem ser utilizadas, mas podem ter uma baixa taxa de germina\u00e7\u00e3o e um crescimento lento.<\/p>\n\n\n\n<p class=\"wp-block-paragraph\">Medicinalmente, v\u00e1rias partes do arbusto da bananeira t\u00eam sido utilizadas na medicina tradicional chinesa. Acredita-se que a planta promove a circula\u00e7\u00e3o sangu\u00ednea, alivia a tosse, facilita a mic\u00e7\u00e3o e regula a menstrua\u00e7\u00e3o. \u00c9 normalmente utilizada no tratamento de irregularidades menstruais, bronquite cr\u00f3nica, prostatite e mic\u00e7\u00e3o frequente. No entanto, \u00e9 importante notar que estes usos devem ser abordados com cautela e sob orienta\u00e7\u00e3o profissional.<\/p>\n\n\n\n<p class=\"wp-block-paragraph\">Na horticultura, o M. figo \u00e9 apreciado n\u00e3o s\u00f3 pelo seu valor ornamental mas tamb\u00e9m pelas suas propriedades purificadoras do ar. \u00c9 particularmente eficaz na remo\u00e7\u00e3o de formalde\u00eddo e benzeno do ar, o que a torna uma excelente escolha para plantar perto de casas ou ao longo de cercas em climas adequados.<\/p>\n\n\n\n<p class=\"wp-block-paragraph\">As p\u00e9talas perfumadas do arbusto de bananeira podem ser utilizadas para criar ch\u00e1s florais arom\u00e1ticos ou adicionadas a potpourris. Em paisagismo, serve bem como planta exemplar, em bordaduras mistas ou como sebe perfumada em locais abrigados.<\/p>\n\n\n\n<p class=\"wp-block-paragraph\">Para um crescimento \u00f3timo, o M. figo deve ser parcialmente sombreado, regado regularmente (assegurando uma boa drenagem) e fertilizado periodicamente com um alimento \u00e1cido. A poda deve ser efectuada ap\u00f3s a flora\u00e7\u00e3o para manter a forma e favorecer o crescimento do arbusto.<\/p>\n\n\n\n<p class=\"wp-block-paragraph\">Com a sua fragr\u00e2ncia cativante, a sua folhagem atraente e as suas qualidades purificadoras do ar, a Michelia figo \u00e9 uma planta vers\u00e1til e gratificante para os jardineiros em climas adequados ou para aqueles que podem proporcionar condi\u00e7\u00f5es adequadas de estufa.<\/p>\n\n\n\n<h2 class=\"wp-block-heading\">22. Mimosa Pudica <\/h2>\n\n\n\n<p class=\"wp-block-paragraph\"><\/p>\n\n\n\n<figure class=\"wp-block-image size-full\"><img loading=\"lazy\" decoding=\"async\" width=\"1200\" height=\"800\" src=\"https:\/\/flowerslib.com\/wp-content\/uploads\/2023\/09\/1-132.jpg\" alt=\"Mimosa Pudica\" class=\"wp-image-11710\" srcset=\"https:\/\/flowerslib.com\/wp-content\/uploads\/2023\/09\/1-132.jpg 1200w, https:\/\/flowerslib.com\/wp-content\/uploads\/2023\/09\/1-132-600x400.jpg 600w, https:\/\/flowerslib.com\/wp-content\/uploads\/2023\/09\/1-132-768x512.jpg 768w, https:\/\/flowerslib.com\/wp-content\/uploads\/2023\/09\/1-132-240x160.jpg 240w\" sizes=\"auto, (max-width: 1200px) 100vw, 1200px\" \/><\/figure>\n\n\n\n<p class=\"wp-block-paragraph\"><\/p>\n\n\n\n<p class=\"wp-block-paragraph\">A Mimosa pudica, vulgarmente conhecida como a Planta Sens\u00edvel ou Toca-Me-N\u00e3o, \u00e9 um subarbusto fascinante da fam\u00edlia Fabaceae (anteriormente Leguminosae). Esta planta herb\u00e1cea perene atinge normalmente uma altura de 50-70 cm, podendo ocasionalmente atingir 1 metro. O seu caule cil\u00edndrico ramifica-se a partir da base, criando um h\u00e1bito alastrante.<\/p>\n\n\n\n<p class=\"wp-block-paragraph\">As folhas da planta s\u00e3o compostas bipinadas, com 1-2 pares de pinas, cada uma com 15-25 pares de fol\u00edolos lineares-el\u00edpticos. As est\u00edpulas lanceoladas acompanham as folhas na sua base. A carater\u00edstica mais distintiva da M. pudica \u00e9 o seu movimento r\u00e1pido das folhas em resposta ao toque, vibra\u00e7\u00e3o ou calor - um fen\u00f3meno conhecido como thigmonasty ou seismonasty.<\/p>\n\n\n\n<p class=\"wp-block-paragraph\">As flores aparecem de mar\u00e7o a outubro, agrupadas em infloresc\u00eancias globulares, de cor rosa p\u00e1lido a lavanda. Cada cabe\u00e7a de flor, com cerca de 1-2 cm de di\u00e2metro, \u00e9 constitu\u00edda por numerosos floretes individuais. A corola \u00e9 fundida e em forma de sino, t\u00edpica de muitas leguminosas. Ap\u00f3s a poliniza\u00e7\u00e3o, desenvolvem-se vagens de sementes planas e el\u00edpticas, contendo 2-4 sementes ovadas e castanhas. A frutifica\u00e7\u00e3o ocorre de maio a novembro.<\/p>\n\n\n\n<p class=\"wp-block-paragraph\">Nativa das Am\u00e9ricas tropicais e subtropicais, a M. pudica naturalizou-se em muitas regi\u00f5es quentes do mundo. Desenvolve-se em \u00e1reas perturbadas, terrenos baldios e ao longo de bermas de estradas, sendo muitas vezes considerada uma esp\u00e9cie invasora em alguns locais devido ao seu r\u00e1pido crescimento e produ\u00e7\u00e3o prol\u00edfica de sementes.<\/p>\n\n\n\n<p class=\"wp-block-paragraph\">A resposta \u00fanica da planta de dobrar as folhas serve v\u00e1rios prop\u00f3sitos: conservar a \u00e1gua, reduzir a \u00e1rea da folha exposta a herb\u00edvoros e possivelmente desalojar insectos. Este comportamento valeu-lhe v\u00e1rios nomes comuns, incluindo \"planta t\u00edmida\" e \"planta da vergonha\", com o seu simbolismo floral a representar timidez e mod\u00e9stia.<\/p>\n\n\n\n<p class=\"wp-block-paragraph\">Medicinalmente, a M. pudica tem sido utilizada nas pr\u00e1ticas tradicionais pelas suas propriedades sedativas, anti-inflamat\u00f3rias e antimicrobianas. As folhas frescas, quando amassadas, s\u00e3o aplicadas topicamente para tratar doen\u00e7as como o herpes zoster. No entanto, aconselha-se precau\u00e7\u00e3o devido \u00e0 presen\u00e7a de mimosina, um alcaloide ligeiramente t\u00f3xico que pode causar efeitos secund\u00e1rios se ingerido em grandes quantidades.<\/p>\n\n\n\n<p class=\"wp-block-paragraph\">Na horticultura, particularmente na regi\u00e3o do rio Yangtze e noutras zonas temperadas a tropicais, a M. pudica \u00e9 cultivada como planta ornamental. A sua natureza interactiva torna-a popular em jardins sensoriais e como ferramenta educativa para demonstrar o movimento das plantas. Quando cultivada no interior, requer luz brilhante e indireta, humidade elevada e solo consistentemente h\u00famido e bem drenado.<\/p>\n\n\n\n<p class=\"wp-block-paragraph\">Embora os movimentos r\u00e1pidos das folhas da M. pudica sejam a sua carater\u00edstica mais famosa, a planta tamb\u00e9m apresenta movimentos nictin\u00e1sticos, com as folhas a dobrarem-se \u00e0 noite ou em condi\u00e7\u00f5es de pouca luz - uma carater\u00edstica partilhada por muitas leguminosas. Esta adapta\u00e7\u00e3o ajuda a proteger a planta dos herb\u00edvoros noturnos e reduz a perda de \u00e1gua durante as horas mais frias da noite.<\/p>\n\n\n\n<h2 class=\"wp-block-heading\">23. Mirabilis Jalapa Linn <\/h2>\n\n\n\n<p class=\"wp-block-paragraph\"><\/p>\n\n\n<div class=\"wp-block-image\">\n<figure class=\"aligncenter size-full\"><img loading=\"lazy\" decoding=\"async\" width=\"1200\" height=\"800\" src=\"https:\/\/flowerslib.com\/wp-content\/uploads\/2023\/09\/1-125.jpg\" alt=\"Mirabilis Jalapa Linn \" class=\"wp-image-11693\" srcset=\"https:\/\/flowerslib.com\/wp-content\/uploads\/2023\/09\/1-125.jpg 1200w, https:\/\/flowerslib.com\/wp-content\/uploads\/2023\/09\/1-125-600x400.jpg 600w, https:\/\/flowerslib.com\/wp-content\/uploads\/2023\/09\/1-125-768x512.jpg 768w, https:\/\/flowerslib.com\/wp-content\/uploads\/2023\/09\/1-125-240x160.jpg 240w\" sizes=\"auto, (max-width: 1200px) 100vw, 1200px\" \/><\/figure>\n<\/div>\n\n\n<p class=\"wp-block-paragraph\"><\/p>\n\n\n\n<p class=\"wp-block-paragraph\">Mirabilis Jalapa Linn (Flor das Quatro Horas): A Mirabilis jalapa, vulgarmente conhecida como a Flor das Quatro Horas ou a Maravilha do Peru, \u00e9 uma planta herb\u00e1cea perene impressionante que pertence \u00e0 fam\u00edlia das Nyctaginaceae.<\/p>\n\n\n\n<p class=\"wp-block-paragraph\">Esta ornamental vers\u00e1til atinge uma altura de 60-100 cent\u00edmetros, formando um h\u00e1bito arbustivo. A sua carater\u00edstica mais distintiva s\u00e3o as suas flores, que abrem tipicamente ao fim da tarde, normalmente por volta das 16 horas, da\u00ed o seu nome comum. Estas flores perfumadas emitem um aroma doce, semelhante ao do jasmim, que se intensifica \u00e0 noite, atraindo polinizadores noturnos.<\/p>\n\n\n\n<p class=\"wp-block-paragraph\">As flores da Mirabilis jalapa s\u00e3o notavelmente diversas em termos de cor, aparecendo frequentemente em tons de rosa, vermelho, amarelo, branco, ou mesmo multicoloridas na mesma planta. Esta varia\u00e7\u00e3o de cor \u00e9 o resultado da instabilidade gen\u00e9tica nos genes dos pigmentos. A corola \u00e9 em forma de funil com cinco l\u00f3bulos rasos e ondulados, criando uma apar\u00eancia de trombeta. Cada flor dura apenas uma noite, murchando na manh\u00e3 seguinte.<\/p>\n\n\n\n<p class=\"wp-block-paragraph\">O fruto da planta \u00e9 um pequeno aqu\u00e9nio preto, cori\u00e1ceo, anguloso e um pouco esf\u00e9rico, que se assemelha a uma pequena mina terrestre. Estes frutos cont\u00eam sementes que podem ser utilizadas para a propaga\u00e7\u00e3o.<\/p>\n\n\n\n<p class=\"wp-block-paragraph\">A Mirabilis jalapa prospera em climas temperados a tropicais e prefere solo h\u00famido e bem drenado. \u00c9 melhor plantada na primavera, normalmente em mar\u00e7o-abril na maior parte das regi\u00f5es, quando o risco de geada j\u00e1 passou. Embora seja sens\u00edvel ao frio, a planta demonstra uma resist\u00eancia not\u00e1vel. Nos climas mais frios, as partes acima do solo morrem no inverno, mas as ra\u00edzes tuberosas sobrevivem e d\u00e3o origem a um novo crescimento na primavera.<\/p>\n\n\n\n<p class=\"wp-block-paragraph\">Esta planta f\u00e1cil de cultivar requer cuidados m\u00ednimos, o que a torna popular entre os jardineiros. Beneficia de rega regular durante os per\u00edodos secos e de fertiliza\u00e7\u00e3o ocasional com um fertilizante equilibrado para todos os fins. Em condi\u00e7\u00f5es \u00f3ptimas, pode tornar-se bastante vigorosa e pode mesmo ser considerada invasiva em algumas regi\u00f5es.<\/p>\n\n\n\n<p class=\"wp-block-paragraph\">Para al\u00e9m do seu valor ornamental, a Mirabilis jalapa tem sido utilizada na medicina tradicional em v\u00e1rias culturas. As ra\u00edzes, folhas e sementes t\u00eam sido utilizadas para tratar uma s\u00e9rie de doen\u00e7as, embora a valida\u00e7\u00e3o cient\u00edfica destas utiliza\u00e7\u00f5es seja limitada.<\/p>\n\n\n\n<p class=\"wp-block-paragraph\">No design de jardins, as Four O'Clock Flowers s\u00e3o vers\u00e1teis, adequadas para bordaduras, jardins de casas de campo ou como adi\u00e7\u00f5es coloridas a jardins de vida selvagem. O seu h\u00e1bito de flora\u00e7\u00e3o nocturna torna-as perfeitas para jardins lunares ou perto de p\u00e1tios onde a sua fragr\u00e2ncia pode ser apreciada \u00e0 noite.<\/p>\n\n\n\n<h2 class=\"wp-block-heading\">24. Moluccella Laevis <\/h2>\n\n\n\n<p class=\"wp-block-paragraph\"><\/p>\n\n\n<div class=\"wp-block-image\">\n<figure class=\"aligncenter size-full\"><img loading=\"lazy\" decoding=\"async\" width=\"1200\" height=\"800\" src=\"https:\/\/flowerslib.com\/wp-content\/uploads\/2023\/09\/2-124.jpg\" alt=\"Moluccella Laevis\" class=\"wp-image-11694\" srcset=\"https:\/\/flowerslib.com\/wp-content\/uploads\/2023\/09\/2-124.jpg 1200w, https:\/\/flowerslib.com\/wp-content\/uploads\/2023\/09\/2-124-600x400.jpg 600w, https:\/\/flowerslib.com\/wp-content\/uploads\/2023\/09\/2-124-768x512.jpg 768w, https:\/\/flowerslib.com\/wp-content\/uploads\/2023\/09\/2-124-240x160.jpg 240w\" sizes=\"auto, (max-width: 1200px) 100vw, 1200px\" \/><\/figure>\n<\/div>\n\n\n<p class=\"wp-block-paragraph\"><\/p>\n\n\n\n<p class=\"wp-block-paragraph\">A Moluccella laevis, vulgarmente conhecida como Sinos da Irlanda ou Flor de Concha, \u00e9 uma erva anual distinta que pertence \u00e0 fam\u00edlia das Lamiaceae (hortel\u00e3). Origin\u00e1ria da \u00c1sia Ocidental, em particular da Turquia, da S\u00edria e da regi\u00e3o do C\u00e1ucaso, esta planta ganhou popularidade em todo o mundo pelas suas qualidades ornamentais \u00fanicas.<\/p>\n\n\n\n<p class=\"wp-block-paragraph\">A planta atinge normalmente uma altura de 60-90 cent\u00edmetros (24-36 polegadas), com um caule forte e quadrangular que raramente se ramifica. A sua folhagem \u00e9 constitu\u00edda por folhas opostas, ovadas a em forma de cora\u00e7\u00e3o, com margens crenadas ou serrilhadas. Os pec\u00edolos s\u00e3o geralmente mais curtos ou iguais ao comprimento das l\u00e2minas foliares.<\/p>\n\n\n\n<p class=\"wp-block-paragraph\">A carater\u00edstica mais marcante da Bells of Ireland \u00e9 a sua estrutura floral. As flores verdadeiras s\u00e3o pequenas, brancas e discretas, aninhadas dentro de grandes c\u00e1lices verdes, em forma de sino, que podem atingir 5 cm de comprimento. Estes c\u00e1lices vistosos, que d\u00e3o \u00e0 planta o seu nome comum, est\u00e3o dispostos em espigas verticais ao longo do caule. A planta floresce de meados do ver\u00e3o at\u00e9 ao in\u00edcio do outono, normalmente de junho a setembro.<\/p>\n\n\n\n<p class=\"wp-block-paragraph\">O cultivo da Moluccella laevis requer sol pleno a sombra parcial e solo bem drenado. Prefere temperaturas frescas e pode ser dif\u00edcil de cultivar em climas quentes. As sementes devem ser semeadas no in\u00edcio da primavera, quer diretamente no jardim ap\u00f3s a \u00faltima geada, quer dentro de casa 6-8 semanas antes da data da \u00faltima geada. As sementes beneficiam da estratifica\u00e7\u00e3o a frio para melhorar a taxa de germina\u00e7\u00e3o.<\/p>\n\n\n\n<p class=\"wp-block-paragraph\">No design floral, a Bells of Ireland \u00e9 apreciada pela sua qualidade duradoura e versatilidade. \u00c9 normalmente utilizada em arranjos frescos, composi\u00e7\u00f5es de flores secas e como planta ornamental em vaso. Os c\u00e1lices verdes mant\u00eam a sua cor quando secos, tornando-os populares para decora\u00e7\u00f5es de inverno e arranjos eternos.<\/p>\n\n\n\n<p class=\"wp-block-paragraph\">Embora a variedade t\u00edpica apresente c\u00e1lices verdes, o cultivo hort\u00edcola produziu cultivares com c\u00e1lices brancos, amarelos e de outras cores. No entanto, estas varia\u00e7\u00f5es s\u00e3o menos comuns no com\u00e9rcio.<\/p>\n\n\n\n<p class=\"wp-block-paragraph\">A Moluccella laevis tem problemas m\u00ednimos com pragas e doen\u00e7as, mas pode ser suscet\u00edvel \u00e0 podrid\u00e3o das ra\u00edzes em solos mal drenados. \u00c9 considerada n\u00e3o t\u00f3xica e \u00e9 mesmo comest\u00edvel, embora seja cultivada principalmente para fins ornamentais.<\/p>\n\n\n\n<p class=\"wp-block-paragraph\">Na linguagem das flores, os Sinos da Irlanda simbolizam a boa sorte, o que faz dele um presente atencioso para novos come\u00e7os ou celebra\u00e7\u00f5es. O seu aspeto e simbolismo \u00fanicos contribu\u00edram para a sua popularidade duradoura em jardins e arranjos florais em todo o mundo.<\/p>\n\n\n\n<h2 class=\"wp-block-heading\">25. Monarda Didyma <\/h2>\n\n\n\n<p class=\"wp-block-paragraph\"><\/p>\n\n\n<div class=\"wp-block-image\">\n<figure class=\"aligncenter size-full\"><img loading=\"lazy\" decoding=\"async\" width=\"1200\" height=\"800\" src=\"https:\/\/flowerslib.com\/wp-content\/uploads\/2023\/09\/1-126.jpg\" alt=\"Monarda Didyma\" class=\"wp-image-11695\" srcset=\"https:\/\/flowerslib.com\/wp-content\/uploads\/2023\/09\/1-126.jpg 1200w, https:\/\/flowerslib.com\/wp-content\/uploads\/2023\/09\/1-126-600x400.jpg 600w, https:\/\/flowerslib.com\/wp-content\/uploads\/2023\/09\/1-126-768x512.jpg 768w, https:\/\/flowerslib.com\/wp-content\/uploads\/2023\/09\/1-126-240x160.jpg 240w\" sizes=\"auto, (max-width: 1200px) 100vw, 1200px\" \/><\/figure>\n<\/div>\n\n\n<p class=\"wp-block-paragraph\"><\/p>\n\n\n\n<p class=\"wp-block-paragraph\">Monarda didyma (B\u00e1lsamo de Abelha): Monarda didyma, vulgarmente conhecida como B\u00e1lsamo de Abelha, Ch\u00e1 de Oswego, ou B\u00e1lsamo de Abelha Escarlate, \u00e9 uma erva perene impressionante que pertence \u00e0 fam\u00edlia Lamiaceae (hortel\u00e3). Nativa do leste da Am\u00e9rica do Norte, esta esp\u00e9cie ganhou popularidade nos jardins de todo o mundo pelas suas flores vibrantes e folhagem arom\u00e1tica.<\/p>\n\n\n\n<p class=\"wp-block-paragraph\">A planta apresenta caules quadrados, quase glabros, que podem atingir alturas de 60-120 cm. Enquanto o caule principal \u00e9 relativamente liso, os n\u00f3s e as partes superiores ao longo das bordas s\u00e3o adornados com tricomas longos e macios que tendem a senescer \u00e0 medida que a planta amadurece. As folhas s\u00e3o opostas, de forma oval-lanceolada, medindo at\u00e9 10 cm de comprimento, com uma base arredondada e margens nitidamente serrilhadas. A sua cor verde profunda proporciona um cen\u00e1rio atrativo para as flores.<\/p>\n\n\n\n<p class=\"wp-block-paragraph\">A infloresc\u00eancia da B\u00e1lsamo de Abelha \u00e9 um aglomerado terminal e denso (verticilaster) que forma uma estrutura semelhante a uma cabe\u00e7a com at\u00e9 6 cm de di\u00e2metro. As flores tubulares, tipicamente de um vermelho escarlate vivo, embora as cultivares ofere\u00e7am uma gama de cores que vai do rosa ao p\u00farpura, florescem desde meados do ver\u00e3o at\u00e9 ao in\u00edcio do outono, geralmente com um pico em julho. Cada flor \u00e9 bilabiada, com um longo l\u00e1bio superior e um l\u00e1bio inferior trilobado, e est\u00e1 coberta por uma pubesc\u00eancia fina e macia.<\/p>\n\n\n\n<p class=\"wp-block-paragraph\">Esta esp\u00e9cie prospera nas zonas de robustez 4-9 da USDA, preferindo sol pleno a sombra parcial. Embora tenha um melhor desempenho em condi\u00e7\u00f5es frescas e h\u00famidas com muita luz solar, a Monarda didyma pode adaptar-se a sombra parcial, embora a luz reduzida possa diminuir a intensidade da flora\u00e7\u00e3o. A planta demonstra uma not\u00e1vel adaptabilidade a v\u00e1rios tipos de solo, mas floresce em solos ricos e bem drenados com humidade consistente. Apresenta uma boa resist\u00eancia ao frio mas pode ter dificuldades em condi\u00e7\u00f5es excessivamente secas ou mal drenadas.<\/p>\n\n\n\n<p class=\"wp-block-paragraph\">A propaga\u00e7\u00e3o da B\u00e1lsamo de Abelha \u00e9 vers\u00e1til e pode ser efectuada atrav\u00e9s de sementes, estacas ou divis\u00e3o de tufos estabelecidos na primavera ou no outono. A divis\u00e3o a cada 3-4 anos ajuda a manter o vigor da planta e evita o sobrepovoamento.<\/p>\n\n\n\n<p class=\"wp-block-paragraph\">O encanto da B\u00e1lsamo de Abelha vai para al\u00e9m do seu aspeto visual. Toda a planta \u00e9 arom\u00e1tica, com as folhas e os caules a emitirem um aroma a menta e citrinos quando esmagados ou ro\u00e7ados. Esta carater\u00edstica torna-a uma excelente escolha para jardins sensoriais ou de ervas arom\u00e1ticas. Os \u00f3leos essenciais da planta, extra\u00eddos das folhas frescas, cont\u00eam n\u00edveis elevados de timol, um composto com propriedades antimicrobianas.<\/p>\n\n\n\n<p class=\"wp-block-paragraph\">Para al\u00e9m das suas qualidades ornamentais e arom\u00e1ticas, a Monarda didyma oferece um valor ecol\u00f3gico significativo. As suas flores ricas em n\u00e9ctar s\u00e3o muito atractivas para uma vasta gama de polinizadores, incluindo abelhas, borboletas e beija-flores, o que a torna uma excelente escolha para jardins de vida selvagem. A planta tamb\u00e9m tem um historial de utiliza\u00e7\u00e3o medicinal entre as tribos nativas americanas, que a utilizavam para tratar v\u00e1rias doen\u00e7as e como substituto de um ch\u00e1 saboroso e sem cafe\u00edna.<\/p>\n\n\n\n<p class=\"wp-block-paragraph\">Ao incorporar a B\u00e1lsamo de Abelha nos jardins, tenha em conta o seu h\u00e1bito de propaga\u00e7\u00e3o e o potencial de o\u00eddio em condi\u00e7\u00f5es de humidade. Um espa\u00e7amento adequado e uma boa circula\u00e7\u00e3o de ar podem ajudar a mitigar estas preocupa\u00e7\u00f5es. A sua flora\u00e7\u00e3o duradoura e a sua capacidade de naturaliza\u00e7\u00e3o fazem dela uma excelente escolha para jardins de casas de campo, paisagens de plantas nativas e bordaduras perenes.<\/p>\n\n\n\n<p class=\"wp-block-paragraph\">Em resumo, a Monarda didyma \u00e9 uma planta perene vers\u00e1til e gratificante que oferece uma mistura perfeita de beleza ornamental, prazer arom\u00e1tico e benef\u00edcios ecol\u00f3gicos, tornando-a uma adi\u00e7\u00e3o valiosa para diversos cen\u00e1rios de jardim.<\/p>\n\n\n\n<h2 class=\"wp-block-heading\">26. Monotropa Uniflora Linn <\/h2>\n\n\n\n<p class=\"wp-block-paragraph\"><\/p>\n\n\n<div class=\"wp-block-image\">\n<figure class=\"aligncenter size-full\"><img loading=\"lazy\" decoding=\"async\" width=\"1200\" height=\"800\" src=\"https:\/\/flowerslib.com\/wp-content\/uploads\/2023\/09\/2-125.jpg\" alt=\"Monotropa Uniflora Linn\" class=\"wp-image-11696\" srcset=\"https:\/\/flowerslib.com\/wp-content\/uploads\/2023\/09\/2-125.jpg 1200w, https:\/\/flowerslib.com\/wp-content\/uploads\/2023\/09\/2-125-600x400.jpg 600w, https:\/\/flowerslib.com\/wp-content\/uploads\/2023\/09\/2-125-768x512.jpg 768w, https:\/\/flowerslib.com\/wp-content\/uploads\/2023\/09\/2-125-240x160.jpg 240w\" sizes=\"auto, (max-width: 1200px) 100vw, 1200px\" \/><\/figure>\n<\/div>\n\n\n<p class=\"wp-block-paragraph\"><\/p>\n\n\n\n<p class=\"wp-block-paragraph\">Monotropa Uniflora Linn (Cachimbo da \u00cdndia): A Monotropa Uniflora Linn, vulgarmente conhecida como Cachimbo da \u00cdndia ou Planta Fantasma, \u00e9 um membro fascinante da fam\u00edlia Ericaceae.<\/p>\n\n\n\n<p class=\"wp-block-paragraph\">Esta planta herb\u00e1cea perene \u00e9 um mico-heterotr\u00f3fico, obtendo os seus nutrientes atrav\u00e9s de uma rela\u00e7\u00e3o simbi\u00f3tica \u00fanica com fungos e n\u00e3o atrav\u00e9s da fotoss\u00edntese. Como resultado, toda a planta carece de clorofila, o que lhe confere um impressionante aspeto branco fantasmag\u00f3rico. A estrutura carnuda da Indian Pipe torna-se castanha-escura ao secar ou envelhecer.<\/p>\n\n\n\n<p class=\"wp-block-paragraph\">A morfologia da planta \u00e9 distinta: um \u00fanico caule n\u00e3o ramificado cresce na vertical, atingindo normalmente alturas de 10-30 cm. O seu sistema radicular \u00e9 composto por ra\u00edzes finas e extensamente ramificadas que formam uma massa densa e entrela\u00e7ada semelhante a um ninho de p\u00e1ssaros. As folhas s\u00e3o reduzidas a pequenas estruturas semelhantes a escamas ao longo do caule, uma adapta\u00e7\u00e3o ao seu estilo de vida n\u00e3o fotossint\u00e9tico.<\/p>\n\n\n\n<p class=\"wp-block-paragraph\">As flores da Monotropa Uniflora s\u00e3o talvez a sua carater\u00edstica mais cativante. Inicialmente acenando, a flor solit\u00e1ria no \u00e1pice do caule torna-se gradualmente erecta \u00e0 medida que amadurece. Esta flor tem geralmente 10-15 mm de comprimento, com 4-5 p\u00e9talas espatuladas e 8-10 estames.<\/p>\n\n\n\n<p class=\"wp-block-paragraph\">O cachimbo-da-\u00edndia tem uma ampla distribui\u00e7\u00e3o, encontrando-se em regi\u00f5es temperadas do Hemisf\u00e9rio Norte. Desenvolve-se na sombra profunda de florestas maduras, particularmente aquelas com solos ricos e h\u00famidos. O habitat da planta varia desde o n\u00edvel do mar at\u00e9 \u00e0s florestas de alta montanha, crescendo a altitudes entre os 800 e os 3850 metros.<\/p>\n\n\n\n<p class=\"wp-block-paragraph\">Devido ao seu aspeto et\u00e9reo, branco transl\u00facido, o cachimbo-da-\u00edndia \u00e9 valorizado como planta ornamental, embora seja dif\u00edcil de cultivar devido \u00e0s suas necessidades espec\u00edficas de micorriza\u00e7\u00e3o. \u00c9 importante notar que a apanha ou transplante destas plantas \u00e9 geralmente desaconselhada para proteger as suas popula\u00e7\u00f5es naturais.<\/p>\n\n\n\n<p class=\"wp-block-paragraph\">Na medicina tradicional, particularmente nas pr\u00e1ticas dos nativos americanos e asi\u00e1ticos, a raiz ou a planta inteira da Monotropa Uniflora tem sido utilizada. Acredita-se que tem um sabor doce e uma natureza neutra em termos das suas propriedades medicinais. Historicamente, tem sido utilizada para tratar v\u00e1rias doen\u00e7as, incluindo dist\u00farbios nervosos, epilepsia e, nomeadamente, tosse associada a fraqueza pulmonar.<\/p>\n\n\n\n<p class=\"wp-block-paragraph\">No entanto, \u00e9 crucial enfatizar que o uso medicinal do cachimbo-da-\u00edndia deve ser abordado com cautela. A investiga\u00e7\u00e3o cient\u00edfica sobre a sua efic\u00e1cia e seguran\u00e7a \u00e9 limitada, e a planta pode conter compostos que podem ser prejudiciais se forem utilizados incorretamente. Consulte sempre um profissional de sa\u00fade qualificado antes de utilizar qualquer planta para fins medicinais.<\/p>\n\n\n\n<p class=\"wp-block-paragraph\">A biologia e o aspeto \u00fanicos do cachimbo-da-\u00edndia fazem dele um objeto de interesse tanto para os bot\u00e2nicos como para os entusiastas da natureza, encarnando as diversas e muitas vezes surpreendentes adapta\u00e7\u00f5es encontradas no reino vegetal.<\/p>\n\n\n\n<h2 class=\"wp-block-heading\">27. Gard\u00e9nia da montanha (Gardenia jasminoides)<\/h2>\n\n\n\n<p class=\"wp-block-paragraph\"><\/p>\n\n\n<div class=\"wp-block-image\">\n<figure class=\"aligncenter size-full\"><img loading=\"lazy\" decoding=\"async\" width=\"1200\" height=\"800\" src=\"https:\/\/flowerslib.com\/wp-content\/uploads\/2023\/09\/1-127.jpg\" alt=\"Gard\u00e9nia da montanha\" class=\"wp-image-11697\" srcset=\"https:\/\/flowerslib.com\/wp-content\/uploads\/2023\/09\/1-127.jpg 1200w, https:\/\/flowerslib.com\/wp-content\/uploads\/2023\/09\/1-127-600x400.jpg 600w, https:\/\/flowerslib.com\/wp-content\/uploads\/2023\/09\/1-127-768x512.jpg 768w, https:\/\/flowerslib.com\/wp-content\/uploads\/2023\/09\/1-127-240x160.jpg 240w\" sizes=\"auto, (max-width: 1200px) 100vw, 1200px\" \/><\/figure>\n<\/div>\n\n\n<p class=\"wp-block-paragraph\"><\/p>\n\n\n\n<p class=\"wp-block-paragraph\">A Gard\u00e9nia da Montanha (Gardenia jasminoides), tamb\u00e9m conhecida como Jasmim do Cabo, \u00e9 um arbusto perene muito apreciado pelas suas flores brancas e perfumadas e pela sua folhagem brilhante. Esta planta vers\u00e1til \u00e9 amplamente utilizada em projectos paisag\u00edsticos e de obras p\u00fablicas pelo seu valor ornamental e capacidade de embelezar ambientes.<\/p>\n\n\n\n<p class=\"wp-block-paragraph\">Crescendo entre 0,3 e 3 metros de altura, a Gard\u00e9nia da Montanha \u00e9 um arbusto compacto com uma forma densa e arredondada. Os ramos jovens s\u00e3o cil\u00edndricos, de cor cinzenta e frequentemente cobertos de p\u00ealos finos e curtos. \u00c0 medida que a planta amadurece, os ramos tornam-se mais lisos e desenvolvem uma tonalidade cinzenta mais pronunciada.<\/p>\n\n\n\n<p class=\"wp-block-paragraph\">As folhas da Gard\u00e9nia da Montanha s\u00e3o tipicamente opostas, ocasionalmente dispostas em espirais de tr\u00eas. A sua textura \u00e9 cori\u00e1cea, embora algumas variedades possam ter folhas mais papeleiras. A forma da folha varia de ovado-lanceolada a ovado-el\u00edptica ou el\u00edptica, medindo 3-25 cm de comprimento e 1,5-8 cm de largura. A folhagem verde-escura e brilhante proporciona um cen\u00e1rio atrativo para as flores deslumbrantes.<\/p>\n\n\n\n<p class=\"wp-block-paragraph\">A flora\u00e7\u00e3o ocorre de mar\u00e7o a julho, com as ic\u00f3nicas flores brancas, semelhantes a rosas, que emitem uma fragr\u00e2ncia inebriante. As flores s\u00e3o seguidas por pequenos frutos ovais que se desenvolvem de maio a fevereiro do ano seguinte, acrescentando interesse invernal \u00e0 planta.<\/p>\n\n\n\n<p class=\"wp-block-paragraph\">A gard\u00e9nia da montanha \u00e9 conhecida pela sua toler\u00e2ncia \u00e0 seca, o que a torna uma escolha resistente para v\u00e1rias aplica\u00e7\u00f5es paisag\u00edsticas. No entanto, para um crescimento e uma flora\u00e7\u00e3o \u00f3ptimos, desenvolve-se em condi\u00e7\u00f5es espec\u00edficas:<\/p>\n\n\n\n<ol class=\"wp-block-list\">\n<li>Temperatura: O intervalo ideal \u00e9 entre 22 e 28\u00b0C (72 e 82\u00b0F). Embora tolerante a breves per\u00edodos de frio, n\u00e3o \u00e9 resistente \u00e0 geada e requer prote\u00e7\u00e3o em climas mais frios.<\/li>\n\n\n\n<li>Luz: Prefere luz brilhante e indireta ou sombra parcial. Nas regi\u00f5es mais quentes, \u00e9 ben\u00e9fica alguma prote\u00e7\u00e3o contra o sol intenso da tarde.<\/li>\n\n\n\n<li>Humidade: Prospera em ambientes com boa humidade. Em climas mais secos, a nebuliza\u00e7\u00e3o regular ou a utiliza\u00e7\u00e3o de um tabuleiro de humidade pode ajudar a manter n\u00edveis de humidade adequados.<\/li>\n\n\n\n<li>Solo: \u00c9 essencial um solo bem drenado e ligeiramente \u00e1cido. Um solo argiloso ligeiramente argiloso e rico em mat\u00e9ria org\u00e2nica \u00e9 o ideal. O pH deve ser mantido entre 5,0 e 6,5 para obter melhores resultados.<\/li>\n\n\n\n<li>\u00c1gua: Requer uma humidade constante mas n\u00e3o tolera condi\u00e7\u00f5es de encharcamento. Deixar secar a camada superior do solo entre as regas.<\/li>\n<\/ol>\n\n\n\n<p class=\"wp-block-paragraph\">A gard\u00e9nia da montanha tem um sistema radicular forte, o que contribui para a sua resist\u00eancia e adaptabilidade. A propaga\u00e7\u00e3o pode ser efectuada atrav\u00e9s de v\u00e1rios m\u00e9todos:<\/p>\n\n\n\n<ol class=\"wp-block-list\">\n<li>Estacas: O m\u00e9todo mais comum e fi\u00e1vel. As estacas de madeira semi-dura colhidas no final do ver\u00e3o ou no in\u00edcio do outono enra\u00edzam facilmente com os cuidados adequados.<\/li>\n\n\n\n<li>Sementes: Embora poss\u00edvel, a propaga\u00e7\u00e3o de sementes \u00e9 menos comum devido \u00e0 taxa de crescimento lento e \u00e0 variabilidade da descend\u00eancia.<\/li>\n\n\n\n<li>Disposi\u00e7\u00e3o em camadas: A estratifica\u00e7\u00e3o por ar pode ser bem sucedida para esp\u00e9cimes maiores.<\/li>\n<\/ol>\n\n\n\n<p class=\"wp-block-paragraph\">Em cultura, a Gard\u00e9nia da montanha beneficia de uma fertiliza\u00e7\u00e3o regular durante a esta\u00e7\u00e3o de crescimento com um fertilizante \u00e1cido formulado para plantas que gostam de \u00e1cido. A poda deve ser efectuada ap\u00f3s a flora\u00e7\u00e3o para manter a forma e favorecer o crescimento do arbusto.<\/p>\n\n\n\n<p class=\"wp-block-paragraph\">Com a sua fragr\u00e2ncia inebriante, belas flores e folhagem brilhante, a gard\u00e9nia da montanha continua a ser uma das favoritas entre os jardineiros e os paisagistas, oferecendo interesse e eleg\u00e2ncia durante todo o ano a uma vasta gama de estilos e cen\u00e1rios de jardim.<\/p>\n\n\n\n<h2 class=\"wp-block-heading\">28. Sra. Perry Slocum <\/h2>\n\n\n\n<p class=\"wp-block-paragraph\"><\/p>\n\n\n\n<figure class=\"wp-block-image size-full\"><img loading=\"lazy\" decoding=\"async\" width=\"1200\" height=\"800\" src=\"https:\/\/flowerslib.com\/wp-content\/uploads\/2023\/09\/2-126.jpg\" alt=\"Sra. Perry Slocum\" class=\"wp-image-11698\" srcset=\"https:\/\/flowerslib.com\/wp-content\/uploads\/2023\/09\/2-126.jpg 1200w, https:\/\/flowerslib.com\/wp-content\/uploads\/2023\/09\/2-126-600x400.jpg 600w, https:\/\/flowerslib.com\/wp-content\/uploads\/2023\/09\/2-126-768x512.jpg 768w, https:\/\/flowerslib.com\/wp-content\/uploads\/2023\/09\/2-126-240x160.jpg 240w\" sizes=\"auto, (max-width: 1200px) 100vw, 1200px\" \/><\/figure>\n\n\n\n<p class=\"wp-block-paragraph\"><\/p>\n\n\n\n<p class=\"wp-block-paragraph\">A Mrs. Perry Slocum \u00e9 uma cultivar distinta do l\u00f3tus sagrado (Nelumbo nucifera), conhecida pela sua not\u00e1vel exibi\u00e7\u00e3o floral e crescimento robusto. Esta erva aqu\u00e1tica perene apresenta v\u00e1rias carater\u00edsticas distintivas que a tornam uma variedade apreciada pelos entusiastas do l\u00f3tus e pelos jardineiros aqu\u00e1ticos.<\/p>\n\n\n\n<p class=\"wp-block-paragraph\">A base da planta reside no seu sistema de rizomas, que consiste em estruturas espessas, orientadas horizontalmente, com n\u00f3s expandidos. Estes n\u00f3s cont\u00eam m\u00faltiplas c\u00e2maras de ar verticais, uma adapta\u00e7\u00e3o crucial para as trocas gasosas em ambientes aqu\u00e1ticos. As ra\u00edzes advent\u00edcias emergem da parte inferior dos rizomas, ancorando a planta e absorvendo nutrientes do substrato.<\/p>\n\n\n\n<p class=\"wp-block-paragraph\">A folhagem da Sra. Perry Slocum \u00e9 funcional e esteticamente agrad\u00e1vel. As suas folhas s\u00e3o grandes, circulares e em forma de escudo (peltate), com bordos ligeiramente ondulados. A superf\u00edcie da folha \u00e9 lisa e revestida por uma subst\u00e2ncia hidrof\u00f3bica, branca e pulverulenta, conhecida como cera epicuticular, que confere \u00e0s folhas a sua propriedade carater\u00edstica de repel\u00eancia \u00e0 \u00e1gua. Esta adapta\u00e7\u00e3o permite trocas gasosas eficientes e ajuda a manter a superf\u00edcie da folha limpa. Os pec\u00edolos que suportam estas folhas s\u00e3o robustos, cil\u00edndricos e ocos, fornecendo apoio estrutural e facilitando o transporte de gases atrav\u00e9s da planta.<\/p>\n\n\n\n<p class=\"wp-block-paragraph\">As flores da Mrs. Perry Slocum s\u00e3o verdadeiramente espectaculares, apresentando a carater\u00edstica mais apreciada da cultivar. S\u00e3o classificadas como de p\u00e9tala dupla, ostentando uma contagem impressionante de aproximadamente 70 p\u00e9talas dispostas numa forma\u00e7\u00e3o em forma de ta\u00e7a. A exibi\u00e7\u00e3o floral torna-se ainda mais cativante pela sua propriedade de mudan\u00e7a de cor. Inicialmente, os bot\u00f5es de flores exibem uma suave tonalidade rosa-p\u00eassego. <\/p>\n\n\n\n<p class=\"wp-block-paragraph\">Quando as flores abrem, revelam um gradiente de rosa-p\u00eassego, intensificando-se para um rosa mais profundo na base. Ao terceiro dia de flora\u00e7\u00e3o, as p\u00e9talas passam para uma cor amarela vibrante, mantendo apenas um toque de rosa nas pontas. Esta metamorfose de cores cria um efeito visual deslumbrante em jardins aqu\u00e1ticos e lagos.<\/p>\n\n\n\n<p class=\"wp-block-paragraph\">Como todas as variedades de l\u00f3tus, a Mrs. Perry Slocum prospera em ambientes aqu\u00e1ticos com requisitos espec\u00edficos para um crescimento \u00f3timo. Prefere \u00e1guas calmas e pouco profundas que se encontram em habitats naturais como lagos, p\u00e2ntanos e zonas h\u00famidas, ou em ambientes criados artificialmente como lagos e jardins aqu\u00e1ticos. A profundidade da \u00e1gua deve ser idealmente entre 30-90 cm (1-3 p\u00e9s) para melhores resultados.<\/p>\n\n\n\n<p class=\"wp-block-paragraph\">A luz \u00e9 um fator cr\u00edtico para o sucesso desta cultivar. A Mrs. Perry Slocum requer exposi\u00e7\u00e3o total ao sol, idealmente recebendo pelo menos 6-8 horas de luz solar direta diariamente durante a sua esta\u00e7\u00e3o de crescimento ativa. Esta elevada necessidade de luz \u00e9 essencial para um crescimento robusto, uma flora\u00e7\u00e3o abundante e o desenvolvimento das suas cores vibrantes. Em situa\u00e7\u00f5es em que n\u00e3o h\u00e1 sol pleno, a planta apresenta um forte fototropismo, crescendo em dire\u00e7\u00e3o \u00e0 fonte de luz dispon\u00edvel. No entanto, isto pode levar a um crescimento irregular e a uma flora\u00e7\u00e3o reduzida, pelo que as condi\u00e7\u00f5es de sol pleno s\u00e3o fortemente recomendadas para um desempenho \u00f3timo.<\/p>\n\n\n\n<p class=\"wp-block-paragraph\">O substrato do solo para a Mrs. Perry Slocum deve ser rico em mat\u00e9ria org\u00e2nica e argila, com um pH de 6,5-7,5. Uma camada de 10-30 cm (4-12 polegadas) deste substrato no fundo do tanque ou do recipiente \u00e9 ideal para o desenvolvimento das ra\u00edzes e a absor\u00e7\u00e3o de nutrientes.<\/p>\n\n\n\n<p class=\"wp-block-paragraph\">Em termos de resist\u00eancia, a Sra. Perry Slocum \u00e9 geralmente adequada para as zonas 4-11 da USDA, demonstrando uma not\u00e1vel toler\u00e2ncia ao frio quando os rizomas s\u00e3o protegidos do congelamento. Em regi\u00f5es mais frias, a planta pode passar o inverno, assegurando que os rizomas se encontram abaixo da linha de congela\u00e7\u00e3o ou movendo os esp\u00e9cimes cultivados em contentores para um local sem congela\u00e7\u00e3o.<\/p>\n\n\n\n<p class=\"wp-block-paragraph\">O aspeto deslumbrante e o desempenho fi\u00e1vel desta cultivar fazem dela uma escolha popular para fins ornamentais em jardins aqu\u00e1ticos p\u00fablicos e privados, parques e lagos naturalizados. As suas flores grandes, que mudam de cor, criam pontos focais em paisagens aqu\u00e1ticas, enquanto a sua folhagem impressionante acrescenta textura e interesse mesmo quando a planta n\u00e3o est\u00e1 a florescer.<\/p>\n\n\n\n<p class=\"wp-block-paragraph\">Em conclus\u00e3o, a Mrs. Perry Slocum representa o auge da cria\u00e7\u00e3o de l\u00f3tus, combinando a beleza natural e as adapta\u00e7\u00f5es do l\u00f3tus sagrado com qualidades ornamentais melhoradas. As suas flores \u00fanicas que mudam de cor, o seu h\u00e1bito de crescimento robusto e a sua capacidade de prosperar em v\u00e1rios ambientes aqu\u00e1ticos fazem dela uma adi\u00e7\u00e3o valiosa a qualquer jardim aqu\u00e1tico ou projeto de paisagem aqu\u00e1tica.<\/p>\n\n\n\n<h2 class=\"wp-block-heading\">29. Mucuna Birdwoodiana <\/h2>\n\n\n\n<p class=\"wp-block-paragraph\"><\/p>\n\n\n\n<figure class=\"wp-block-image size-full\"><img loading=\"lazy\" decoding=\"async\" width=\"1200\" height=\"800\" src=\"https:\/\/flowerslib.com\/wp-content\/uploads\/2023\/09\/1-128.jpg\" alt=\"Mucuna Birdwoodiana\" class=\"wp-image-11699\" srcset=\"https:\/\/flowerslib.com\/wp-content\/uploads\/2023\/09\/1-128.jpg 1200w, https:\/\/flowerslib.com\/wp-content\/uploads\/2023\/09\/1-128-600x400.jpg 600w, https:\/\/flowerslib.com\/wp-content\/uploads\/2023\/09\/1-128-768x512.jpg 768w, https:\/\/flowerslib.com\/wp-content\/uploads\/2023\/09\/1-128-240x160.jpg 240w\" sizes=\"auto, (max-width: 1200px) 100vw, 1200px\" \/><\/figure>\n\n\n\n<p class=\"wp-block-paragraph\"><\/p>\n\n\n\n<p class=\"wp-block-paragraph\">A Mucuna Birdwoodiana, vulgarmente conhecida como Mucuna de Birdwood ou Flor de Pardal de Gr\u00e3o, \u00e9 uma trepadeira lenhosa de grande porte, de folha perene, pertencente \u00e0 fam\u00edlia das Fabaceae (leguminosas). Esta trepadeira impressionante \u00e9 not\u00e1vel pelas suas carater\u00edsticas \u00fanicas e valor ornamental.<\/p>\n\n\n\n<p class=\"wp-block-paragraph\">Morfologia:<br>A videira produz uma seiva branca carater\u00edstica quando cortada, que oxida para uma cor vermelho-sangue em 2-3 minutos de exposi\u00e7\u00e3o ao ar. As suas folhas s\u00e3o trifoliadas, com fol\u00edolos terminais de forma el\u00edptica, ovada ou obovada. Estes fol\u00edolos apresentam pontas acuminadas e bases arredondadas ou cuneadas.<\/p>\n\n\n\n<p class=\"wp-block-paragraph\">Flores e frutos:<br>A infloresc\u00eancia \u00e9 racemosa, podendo ser caulifloras (em madeira velha) ou axilares. As flores t\u00eam corolas brancas a branco-esverdeadas e est\u00e3o dispostas em cachos que se assemelham a p\u00e1ssaros empoleirados, dando origem aos seus nomes comuns. A flora\u00e7\u00e3o ocorre de abril a junho, seguida do desenvolvimento de vagens lenhosas de leguminosas de junho a novembro.<\/p>\n\n\n\n<p class=\"wp-block-paragraph\">Habitat nativo:<br>A Mucuna Birdwoodiana \u00e9 origin\u00e1ria de v\u00e1rias prov\u00edncias da China, crescendo tipicamente em altitudes entre 800 e 2.500 metros. Desenvolve-se em climas quentes e h\u00famidos com solo f\u00e9rtil, frequentemente encontrado em encostas de montanhas ensolaradas, ao longo de estradas e perto de margens de riachos. A trepadeira trepa facilmente por cima de \u00e1rvores e arbustos no seu habitat natural.<\/p>\n\n\n\n<p class=\"wp-block-paragraph\">Cultivo:<br>Esta esp\u00e9cie \u00e9 conhecida pela sua robustez, crescimento r\u00e1pido e toler\u00e2ncia moderada \u00e0 sombra. Apresenta tamb\u00e9m alguma resist\u00eancia ao frio, o que a torna adapt\u00e1vel a v\u00e1rias zonas de jardinagem. A propaga\u00e7\u00e3o \u00e9 feita principalmente atrav\u00e9s da sementeira de sementes. Ao cultivar a Mucuna Birdwoodiana, \u00e9 essencial providenciar estruturas de suporte para o seu h\u00e1bito trepador e assegurar uma humidade e fertilidade adequadas no solo.<\/p>\n\n\n\n<p class=\"wp-block-paragraph\">Estado de Conserva\u00e7\u00e3o:<br>A Uni\u00e3o Internacional para a Conserva\u00e7\u00e3o da Natureza (IUCN) classificou a Mucuna Birdwoodiana como \"Menos Preocupante (LC)\" na sua Lista Vermelha de Esp\u00e9cies Amea\u00e7adas, indicando que n\u00e3o est\u00e1 atualmente em risco de extin\u00e7\u00e3o.<\/p>\n\n\n\n<p class=\"wp-block-paragraph\">Usos medicinais:<br>O caule da Mucuna Birdwoodiana tem v\u00e1rias aplica\u00e7\u00f5es medicinais tradicionais na medicina herbal chinesa. Acredita-se que enriquece o sangue, promove a circula\u00e7\u00e3o e fortalece os m\u00fasculos e os ossos. As utiliza\u00e7\u00f5es comuns incluem o tratamento da anemia, leucopenia e dores m\u00fasculo-esquel\u00e9ticas. No entanto, \u00e9 crucial notar que as sementes s\u00e3o t\u00f3xicas e n\u00e3o devem ser ingeridas. Tal como acontece com qualquer planta medicinal, deve ser procurada orienta\u00e7\u00e3o profissional antes da utiliza\u00e7\u00e3o.<\/p>\n\n\n\n<p class=\"wp-block-paragraph\">Valor ornamental:<br>A apar\u00eancia \u00fanica de p\u00e1ssaro dos seus cachos de flores, combinada com o seu h\u00e1bito trepador vigoroso, faz da Mucuna Birdwoodiana uma planta ornamental apreciada. Pode ser utilizada eficazmente em projectos paisag\u00edsticos para criar elementos verticais dram\u00e1ticos ou como ponto focal em jardins.<\/p>\n\n\n\n<p class=\"wp-block-paragraph\">Cuidado:<br>Embora a planta tenha utiliza\u00e7\u00f5es ornamentais e medicinais, \u00e9 necess\u00e1rio ter cuidado devido \u00e0 toxicidade das suas sementes. Ao cultivar ou manusear esta planta, devem ser observadas medidas de seguran\u00e7a adequadas, especialmente em \u00e1reas onde crian\u00e7as ou animais de estima\u00e7\u00e3o possam ter acesso.<\/p>\n\n\n\n<h2 class=\"wp-block-heading\">30. Girassol multicolorido <\/h2>\n\n\n\n<p class=\"wp-block-paragraph\"><\/p>\n\n\n<div class=\"wp-block-image\">\n<figure class=\"aligncenter size-full\"><img loading=\"lazy\" decoding=\"async\" width=\"1200\" height=\"800\" src=\"https:\/\/flowerslib.com\/wp-content\/uploads\/2023\/09\/2-127.jpg\" alt=\"Girassol multicolorido\" class=\"wp-image-11700\" srcset=\"https:\/\/flowerslib.com\/wp-content\/uploads\/2023\/09\/2-127.jpg 1200w, https:\/\/flowerslib.com\/wp-content\/uploads\/2023\/09\/2-127-600x400.jpg 600w, https:\/\/flowerslib.com\/wp-content\/uploads\/2023\/09\/2-127-768x512.jpg 768w, https:\/\/flowerslib.com\/wp-content\/uploads\/2023\/09\/2-127-240x160.jpg 240w\" sizes=\"auto, (max-width: 1200px) 100vw, 1200px\" \/><\/figure>\n<\/div>\n\n\n<p class=\"wp-block-paragraph\"><\/p>\n\n\n\n<p class=\"wp-block-paragraph\">O girassol multicolorido, cientificamente conhecido como Helianthus annuus e coloquialmente referido como \"Cai Kui\" em algumas regi\u00f5es, \u00e9 uma variedade cativante de girassol ornamental. Esta planta herb\u00e1cea anual, membro da fam\u00edlia Asteraceae, apresenta uma impressionante variedade de cores que a distingue das suas cong\u00e9neres amarelas mais comuns.<\/p>\n\n\n\n<p class=\"wp-block-paragraph\">Com uma altura impressionante de cerca de 1,5 metros, o Girassol Multicolorido tem um caule robusto coberto de tricomas r\u00edgidos carater\u00edsticos. A sua folhagem consiste em folhas pecioladas, dispostas alternadamente, de forma ovalada e de cor verde vibrante. Estas folhas t\u00eam \u00e1pices pontiagudos e apresentam frequentemente margens serrilhadas, o que contribui para o atrativo textural da planta.<\/p>\n\n\n\n<p class=\"wp-block-paragraph\">A carater\u00edstica mais marcante da planta \u00e9 a sua cabe\u00e7a de flor solit\u00e1ria, que coroa o caule com uma magn\u00edfica exibi\u00e7\u00e3o. O capitulum, ou disco, mede normalmente cerca de 10 cm de di\u00e2metro, criando um ponto focal substancial. <\/p>\n\n\n\n<p class=\"wp-block-paragraph\">Embora os raios florais (muitas vezes erradamente designados por p\u00e9talas) mantenham a cl\u00e1ssica tonalidade amarela nas pontas, distinguem-se por grandes manchas de vermelho, castanho ou p\u00farpura no centro. Este padr\u00e3o de cor \u00fanico d\u00e1 ao Girassol Multicolorido o seu nome e valor ornamental.<\/p>\n\n\n\n<p class=\"wp-block-paragraph\">A flora\u00e7\u00e3o ocorre de junho a setembro, proporcionando um espet\u00e1culo de longa dura\u00e7\u00e3o durante os meses de ver\u00e3o. Ap\u00f3s a poliniza\u00e7\u00e3o, a planta produz aqu\u00e9nios (vulgarmente designados por sementes de girassol) de cor preta, que contrastam lindamente com a flor multicolorida.<\/p>\n\n\n\n<p class=\"wp-block-paragraph\">Sendo uma planta anual, o Girassol Multicolorido completa o seu ciclo de vida numa esta\u00e7\u00e3o de crescimento. Desenvolve-se em temperaturas amenas a quentes, demonstrando um vigor e uma adaptabilidade not\u00e1veis. Esta variedade de girassol \u00e9 notavelmente pouco exigente em termos de cuidados, o que a torna uma excelente escolha tanto para jardineiros novatos como experientes.<\/p>\n\n\n\n<p class=\"wp-block-paragraph\">A planta apresenta uma elevada necessidade de nutrientes, o que reflecte o seu r\u00e1pido crescimento e tamanho impressionante. Demonstra uma versatilidade excecional em rela\u00e7\u00e3o ao solo, sendo capaz de crescer numa vasta gama de tipos de solo, desde o franco-arenoso at\u00e9 ao argiloso, desde que seja assegurada uma drenagem adequada. No entanto, para um crescimento e desenvolvimento floral \u00f3ptimos, recomenda-se um solo bem drenado e rico em nutrientes.<\/p>\n\n\n\n<p class=\"wp-block-paragraph\">Para maximizar o potencial ornamental dos girass\u00f3is multicoloridos, \u00e9 melhor plant\u00e1-los em locais com muito sol, onde possam receber pelo menos 6-8 horas de luz solar direta diariamente. Embora sejam tolerantes \u00e0 seca depois de estabelecidas, a humidade constante, especialmente durante o per\u00edodo de flora\u00e7\u00e3o, garantir\u00e1 as flores mais vibrantes e duradouras.<\/p>\n\n\n\n<p class=\"wp-block-paragraph\">Estes girass\u00f3is deslumbrantes servem m\u00faltiplos objectivos no jardim. S\u00e3o excelentes flores de corte, trazendo as suas cores \u00fanicas para dentro de casa. Na paisagem, podem ser utilizados como pontos focais marcantes, plantados em massa para um efeito dram\u00e1tico, ou incorporados em bordaduras mistas para acrescentar altura e interesse visual. Al\u00e9m disso, atraem uma variedade de polinizadores, incluindo abelhas e borboletas, contribuindo para a biodiversidade do jardim.<\/p>\n\n\n\n<p class=\"wp-block-paragraph\">Com a sua facilidade de tratamento, apar\u00eancia impressionante e aplica\u00e7\u00f5es vers\u00e1teis, o Girassol Multicolorido destaca-se como uma adi\u00e7\u00e3o valiosa a qualquer jardim que procure um toque de drama colorido e beleza durante todo o ver\u00e3o.<\/p>\n\n\n\n<h2 class=\"wp-block-heading\">31. Rosa Multiflora <\/h2>\n\n\n\n<p class=\"wp-block-paragraph\"><\/p>\n\n\n<div class=\"wp-block-image\">\n<figure class=\"aligncenter size-full\"><img loading=\"lazy\" decoding=\"async\" width=\"1200\" height=\"800\" src=\"https:\/\/flowerslib.com\/wp-content\/uploads\/2023\/09\/1-129.jpg\" alt=\"Rosa Multiflora\" class=\"wp-image-11701\" srcset=\"https:\/\/flowerslib.com\/wp-content\/uploads\/2023\/09\/1-129.jpg 1200w, https:\/\/flowerslib.com\/wp-content\/uploads\/2023\/09\/1-129-600x400.jpg 600w, https:\/\/flowerslib.com\/wp-content\/uploads\/2023\/09\/1-129-768x512.jpg 768w, https:\/\/flowerslib.com\/wp-content\/uploads\/2023\/09\/1-129-240x160.jpg 240w\" sizes=\"auto, (max-width: 1200px) 100vw, 1200px\" \/><\/figure>\n<\/div>\n\n\n<p class=\"wp-block-paragraph\"><\/p>\n\n\n\n<p class=\"wp-block-paragraph\">A Rosa multiflora (Rosa multiflora) \u00e9 um arbusto de folha caduca, perene, pertencente \u00e0 fam\u00edlia das Ros\u00e1ceas. Esta esp\u00e9cie vers\u00e1til apresenta v\u00e1rios h\u00e1bitos de crescimento, incluindo formas erectas, trepadeiras ou alastrantes, o que a torna adapt\u00e1vel a diferentes aplica\u00e7\u00f5es paisag\u00edsticas.<\/p>\n\n\n\n<p class=\"wp-block-paragraph\">Os caules arqueados da planta s\u00e3o adornados com espinhos afiados e recurvados, enquanto as suas folhas compostas pinadas est\u00e3o dispostas alternadamente ao longo dos ramos. Cada folha \u00e9 normalmente constitu\u00edda por 5-11 fol\u00edolos ovais com margens serrilhadas. A folhagem proporciona um cen\u00e1rio verde e exuberante durante toda a esta\u00e7\u00e3o de crescimento.<\/p>\n\n\n\n<p class=\"wp-block-paragraph\">A flora\u00e7\u00e3o ocorre entre o final da primavera e o in\u00edcio do ver\u00e3o, geralmente de maio a junho. A planta produz uma abund\u00e2ncia de flores pequenas e perfumadas, da\u00ed o seu nome \"multiflora\". Estas flores, que medem 1,5-4 cm de di\u00e2metro, crescem em grandes grupos piramidais conhecidos como corimbos. Embora o branco seja a cor mais comum nas variedades selvagens, as formas cultivadas podem apresentar um espetro de tonalidades, incluindo o rosa, o vermelho, o amarelo e o roxo.<\/p>\n\n\n\n<p class=\"wp-block-paragraph\">Ap\u00f3s o per\u00edodo de flora\u00e7\u00e3o, a planta desenvolve pequenos frutos esf\u00e9ricos chamados roseira brava. Estas ancas, com cerca de 6 a 8 mm de di\u00e2metro, amadurecem com uma cor vermelha viva no final do ver\u00e3o e persistem durante o inverno, servindo de alimento \u00e0 vida selvagem.<\/p>\n\n\n\n<p class=\"wp-block-paragraph\">Nativa da \u00c1sia Oriental, incluindo a China, o Jap\u00e3o e a Coreia, a Rosa Multiflora foi amplamente introduzida e naturalizada em muitas regi\u00f5es temperadas do Hemisf\u00e9rio Norte. Desenvolve-se bem nas zonas de robustez 5-8 da USDA, demonstrando uma not\u00e1vel toler\u00e2ncia ao frio e adaptabilidade a v\u00e1rias condi\u00e7\u00f5es climat\u00e9ricas.<\/p>\n\n\n\n<p class=\"wp-block-paragraph\">Esta esp\u00e9cie prefere sol pleno a sombra parcial e mostra uma impressionante adaptabilidade ao solo. No entanto, tem um melhor desempenho em solos bem drenados, f\u00e9rteis e com humidade constante. O crescimento vigoroso da planta e o seu extenso sistema radicular tornam-na eficaz no controlo da eros\u00e3o em encostas e margens.<\/p>\n\n\n\n<p class=\"wp-block-paragraph\">A propaga\u00e7\u00e3o da Rosa Multiflora pode ser efectuada atrav\u00e9s de v\u00e1rios m\u00e9todos:<\/p>\n\n\n\n<ol class=\"wp-block-list\">\n<li>Propaga\u00e7\u00e3o de sementes: A roseira brava pode ser colhida no outono, as sementes extra\u00eddas e estratificadas a frio antes da sementeira na primavera.<\/li>\n\n\n\n<li>Estacas de madeira macia: Colhidas no final da primavera ou no in\u00edcio do ver\u00e3o, enra\u00edzam facilmente num ambiente com humidade controlada.<\/li>\n\n\n\n<li>Estacas de folhosas: Recolhidas no final do outono ou no inverno, podem ser plantadas diretamente em canteiros preparados.<\/li>\n\n\n\n<li>Estratifica\u00e7\u00e3o: Um m\u00e9todo simples em que os caules de baixo crescimento s\u00e3o fixados ao solo e deixados a enraizar.<\/li>\n<\/ol>\n\n\n\n<p class=\"wp-block-paragraph\">Na horticultura, a rosa multiflora \u00e9 frequentemente utilizada como porta-enxerto para enxertar outras variedades de rosa devido ao seu vigor e resist\u00eancia \u00e0s doen\u00e7as. No entanto, o seu r\u00e1pido crescimento e a sua prol\u00edfica produ\u00e7\u00e3o de sementes levaram a que fosse classificada como uma esp\u00e9cie invasora em muitas regi\u00f5es, particularmente na Am\u00e9rica do Norte. \u00c9 necess\u00e1ria uma gest\u00e3o cuidadosa para evitar a propaga\u00e7\u00e3o descontrolada em jardins e \u00e1reas naturais.<\/p>\n\n\n\n<p class=\"wp-block-paragraph\">Medicinalmente, v\u00e1rias partes da Rosa Multiflora t\u00eam sido utilizadas na medicina tradicional chinesa. As flores, conhecidas como \"Yueji Hua\", s\u00e3o consideradas como tendo propriedades refrescantes e s\u00e3o utilizadas para eliminar o calor, promover a diurese e aliviar certas condi\u00e7\u00f5es inflamat\u00f3rias. A roseira brava \u00e9 rica em vitamina C e tem sido utilizada para refor\u00e7ar a fun\u00e7\u00e3o imunit\u00e1ria e melhorar a sa\u00fade da pele.<\/p>\n\n\n\n<p class=\"wp-block-paragraph\">Na linguagem das flores, a rosa Multiflora, tal como outras esp\u00e9cies de rosas, tem significados simb\u00f3licos:<\/p>\n\n\n\n<ul class=\"wp-block-list\">\n<li>As flores brancas simbolizam a pureza, a inoc\u00eancia e os novos come\u00e7os.<\/li>\n\n\n\n<li>As flores cor-de-rosa representam a gra\u00e7a, a eleg\u00e2ncia e as emo\u00e7\u00f5es suaves.<\/li>\n\n\n\n<li>As variedades vermelhas transmitem uma paix\u00e3o profunda e um amor rom\u00e2ntico.<\/li>\n<\/ul>\n\n\n\n<p class=\"wp-block-paragraph\">Embora a rosa multiflora ofere\u00e7a numerosos benef\u00edcios, os jardineiros devem estar cientes do seu potencial invasor e considerar alternativas nativas quando apropriado. Quando bem gerida, esta vers\u00e1til rosa pode ser uma adi\u00e7\u00e3o valiosa para jardins de vida selvagem, projectos de estabiliza\u00e7\u00e3o de taludes e \u00e1reas naturalizadas.<\/p>\n\n\n\n<h2 class=\"wp-block-heading\">32. Murraya Exotica <\/h2>\n\n\n\n<p class=\"wp-block-paragraph\"><\/p>\n\n\n<div class=\"wp-block-image\">\n<figure class=\"aligncenter size-full\"><img loading=\"lazy\" decoding=\"async\" width=\"1200\" height=\"800\" src=\"https:\/\/flowerslib.com\/wp-content\/uploads\/2023\/09\/2-128.jpg\" alt=\"Murraya Exotica\" class=\"wp-image-11702\" srcset=\"https:\/\/flowerslib.com\/wp-content\/uploads\/2023\/09\/2-128.jpg 1200w, https:\/\/flowerslib.com\/wp-content\/uploads\/2023\/09\/2-128-600x400.jpg 600w, https:\/\/flowerslib.com\/wp-content\/uploads\/2023\/09\/2-128-768x512.jpg 768w, https:\/\/flowerslib.com\/wp-content\/uploads\/2023\/09\/2-128-240x160.jpg 240w\" sizes=\"auto, (max-width: 1200px) 100vw, 1200px\" \/><\/figure>\n<\/div>\n\n\n<p class=\"wp-block-paragraph\"><\/p>\n\n\n\n<p class=\"wp-block-paragraph\">A Murraya exotica, vulgarmente conhecida como Laranja Jessamine ou Laranja Mock, \u00e9 uma pequena \u00e1rvore ou arbusto de folha perene pertencente \u00e0 fam\u00edlia Rutaceae. Esta esp\u00e9cie, origin\u00e1ria do Sudeste Asi\u00e1tico e de partes da Oce\u00e2nia, \u00e9 apreciada pelas suas qualidades ornamentais e arom\u00e1ticas.<\/p>\n\n\n\n<p class=\"wp-block-paragraph\">Morfologia: A Murraya exotica cresce tipicamente at\u00e9 uma altura de 2-3 metros. As suas folhas s\u00e3o compostas, consistindo em 3-9 fol\u00edolos, cada um com uma forma ovada a obovada, verde escuro e brilhante. Os fol\u00edolos medem 2-5 cm (0,8-2 polegadas) de comprimento e t\u00eam pec\u00edolos curtos.<\/p>\n\n\n\n<p class=\"wp-block-paragraph\">Flores: As flores s\u00e3o brancas, altamente perfumadas e nascem em cimas terminais. Cada flor tem cinco p\u00e9talas el\u00edpticas, medindo cerca de 1-1,5 cm (0,4-0,6 polegadas) de comprimento. O pistilo e o ov\u00e1rio s\u00e3o verde p\u00e1lido, contribuindo para a estrutura reprodutiva da planta.<\/p>\n\n\n\n<p class=\"wp-block-paragraph\">Frutos: Ap\u00f3s uma poliniza\u00e7\u00e3o bem sucedida, a planta produz pequenas bagas ov\u00f3ides. Estes frutos passam de verde a amarelo-alaranjado e finalmente a vermelho vivo quando est\u00e3o completamente maduros. As bagas cont\u00eam 1-2 sementes embebidas numa polpa pegajosa.<\/p>\n\n\n\n<p class=\"wp-block-paragraph\">Fenologia: A Murraya exotica floresce tipicamente entre o final da primavera e o in\u00edcio do outono (abril a agosto na sua \u00e1rea de distribui\u00e7\u00e3o nativa). A frutifica\u00e7\u00e3o ocorre do in\u00edcio do outono ao in\u00edcio do inverno (setembro a dezembro).<\/p>\n\n\n\n<p class=\"wp-block-paragraph\">Fragr\u00e2ncia: A esp\u00e9cie \u00e9 conhecida pela sua fragr\u00e2ncia intensa e doce, que \u00e9 particularmente not\u00f3ria durante a plena flora\u00e7\u00e3o. Esta carater\u00edstica inspirou o nome da esp\u00e9cie \"exotica\", aludindo ao seu perfume ex\u00f3tico e de grande alcance.<\/p>\n\n\n\n<p class=\"wp-block-paragraph\">Habitat e Distribui\u00e7\u00e3o: Embora originalmente nativa do sul da China e de partes do sudeste asi\u00e1tico, a Murraya exotica tem sido amplamente cultivada e naturalizada em muitas regi\u00f5es tropicais e subtropicais. Desenvolve-se em \u00e1reas costeiras, em encostas suaves e em ambientes arbustivos de encostas.<\/p>\n\n\n\n<p class=\"wp-block-paragraph\">Requisitos culturais:<\/p>\n\n\n\n<ul class=\"wp-block-list\">\n<li>Clima: Prefere condi\u00e7\u00f5es quentes e h\u00famidas com temperaturas superiores a 10\u00b0C (50\u00b0F).<\/li>\n\n\n\n<li>Luz: D\u00e1-se bem a pleno sol mas pode tolerar sombra parcial.<\/li>\n\n\n\n<li>Solo: Cresce melhor em solos bem drenados e f\u00e9rteis com um pH de 6,0-7,5.<\/li>\n\n\n\n<li>\u00c1gua: Tolerante \u00e0 seca depois de estabelecida, mas beneficia de rega regular durante os per\u00edodos secos.<\/li>\n\n\n\n<li>Resist\u00eancia ao frio: N\u00e3o \u00e9 resistente \u00e0 geada; as temperaturas interiores de inverno devem manter-se acima dos 5\u00b0C (41\u00b0F) nas regi\u00f5es mais frias.<\/li>\n<\/ul>\n\n\n\n<p class=\"wp-block-paragraph\">Propaga\u00e7\u00e3o: A Murraya exotica pode ser propagada atrav\u00e9s de sementes, estacas de caule ou camadas de ar. As sementes devem ser semeadas frescas, pois perdem a viabilidade rapidamente. As estacas semi-lenhosas retiradas no ver\u00e3o enra\u00edzam facilmente sob humidade elevada.<\/p>\n\n\n\n<p class=\"wp-block-paragraph\">Utiliza\u00e7\u00f5es e benef\u00edcios:<\/p>\n\n\n\n<ol class=\"wp-block-list\">\n<li>Ornamental: Amplamente utilizado em paisagismo como sebes, telas ou plantas esp\u00e9cimes.<\/li>\n\n\n\n<li>Fragr\u00e2ncia: O seu aroma forte e doce torna-o popular na perfumaria e na aromaterapia.<\/li>\n\n\n\n<li>Controlo de pragas: Os compostos arom\u00e1ticos das folhas e das flores actuam como repelentes naturais dos mosquitos.<\/li>\n\n\n\n<li>Purifica\u00e7\u00e3o do ar: Demonstra uma elevada resist\u00eancia aos poluentes atmosf\u00e9ricos, em particular ao di\u00f3xido de enxofre, o que o torna valioso para os espa\u00e7os verdes urbanos.<\/li>\n\n\n\n<li>Medicina tradicional: V\u00e1rias partes da planta s\u00e3o utilizadas nos sistemas de medicina tradicional para tratar doen\u00e7as como dores no corpo e problemas digestivos.<\/li>\n<\/ol>\n\n\n\n<p class=\"wp-block-paragraph\">A combina\u00e7\u00e3o de atra\u00e7\u00e3o est\u00e9tica, fragr\u00e2ncia e benef\u00edcios pr\u00e1ticos da Murraya exotica torna-a uma adi\u00e7\u00e3o valiosa tanto para paisagens exteriores como para ambientes interiores em climas adequados.<\/p>\n\n\n\n<h2 class=\"wp-block-heading\">33. Musa Coccinea <\/h2>\n\n\n\n<p class=\"wp-block-paragraph\"><\/p>\n\n\n<div class=\"wp-block-image\">\n<figure class=\"aligncenter size-full\"><img loading=\"lazy\" decoding=\"async\" width=\"1200\" height=\"800\" src=\"https:\/\/flowerslib.com\/wp-content\/uploads\/2023\/09\/4-60.jpg\" alt=\"Musa Coccinea\" class=\"wp-image-11705\" srcset=\"https:\/\/flowerslib.com\/wp-content\/uploads\/2023\/09\/4-60.jpg 1200w, https:\/\/flowerslib.com\/wp-content\/uploads\/2023\/09\/4-60-600x400.jpg 600w, https:\/\/flowerslib.com\/wp-content\/uploads\/2023\/09\/4-60-768x512.jpg 768w, https:\/\/flowerslib.com\/wp-content\/uploads\/2023\/09\/4-60-240x160.jpg 240w\" sizes=\"auto, (max-width: 1200px) 100vw, 1200px\" \/><\/figure>\n<\/div>\n\n\n<p class=\"wp-block-paragraph\"><\/p>\n\n\n\n<p class=\"wp-block-paragraph\">Musa coccinea (Banana-escarlate): A Musa coccinea, vulgarmente conhecida como Banana-escarlate, \u00e9 uma planta herb\u00e1cea perene impressionante que pertence \u00e0 fam\u00edlia Musaceae e ao g\u00e9nero Musa. Esta esp\u00e9cie forma um pseudocaule atrav\u00e9s de bainhas de folhas sobrepostas, atingindo alturas de 2-3 metros.<\/p>\n\n\n\n<p class=\"wp-block-paragraph\">A folhagem da Musa coccinea \u00e9 caracterizada por folhas grandes e alongadas, sem a flor branca cerosa que se encontra noutras esp\u00e9cies de Musa. Estas folhas, que medem at\u00e9 1 metro de comprimento e 30 cm de largura, t\u00eam bases nitidamente arredondadas e assim\u00e9tricas. Os pec\u00edolos (caules das folhas) s\u00e3o not\u00e1veis pelas suas margens estreitas e semelhantes a asas.<\/p>\n\n\n\n<p class=\"wp-block-paragraph\">A infloresc\u00eancia da Banana Escarlate \u00e9 a sua carater\u00edstica mais distintiva. Cresce na vertical, emergindo do centro do pseudocaule. As br\u00e1cteas s\u00e3o excecionalmente vibrantes, com as br\u00e1cteas exteriores exibindo uma cor vermelha escarlate brilhante e as br\u00e1cteas interiores exibindo uma tonalidade rosa mais suave. Estas br\u00e1cteas t\u00eam uma textura enrugada e cada uma esconde um ramo de flores. As t\u00e9palas destas flores s\u00e3o de cor creme, criando um contraste subtil com as br\u00e1cteas vivas.<\/p>\n\n\n\n<p class=\"wp-block-paragraph\">Os frutos da Musa coccinea s\u00e3o bagas rectas, de cor branca acinzentada, sem sulcos proeminentes. T\u00eam tend\u00eancia a cair \u00e0 medida que amadurecem e est\u00e3o cheios de numerosas sementes. Esta esp\u00e9cie floresce normalmente no ver\u00e3o e no outono, seguindo-se pouco depois o per\u00edodo de frutifica\u00e7\u00e3o.<\/p>\n\n\n\n<p class=\"wp-block-paragraph\">Nativa do sul da China e do norte do Vietname, a Musa coccinea ocorre naturalmente em vales e em encostas bem regadas a altitudes entre 500 e 800 metros. Desenvolve-se em climas tropicais e subtropicais quentes e h\u00famidos, com temperaturas que variam entre 20-30\u00b0C (68-86\u00b0F). A planta n\u00e3o \u00e9 tolerante \u00e0 geada e requer prote\u00e7\u00e3o em temperaturas inferiores a 10\u00b0C (50\u00b0F).<\/p>\n\n\n\n<p class=\"wp-block-paragraph\">Para um crescimento \u00f3timo, a Banana Escarlate prefere um solo profundo, f\u00e9rtil e consistentemente h\u00famido com boa drenagem. Um pH do solo de 5,5-6,5 \u00e9 o ideal. Embora possa tolerar sombra parcial, a exposi\u00e7\u00e3o total ao sol produz a colora\u00e7\u00e3o mais vibrante das br\u00e1cteas.<\/p>\n\n\n\n<p class=\"wp-block-paragraph\">A propaga\u00e7\u00e3o de Musa coccinea pode ser efectuada atrav\u00e9s da divis\u00e3o de rebentos ou por semente. A divis\u00e3o de rebentos \u00e9 o m\u00e9todo preferido para manter as carater\u00edsticas da cultivar, enquanto a propaga\u00e7\u00e3o por sementes introduz variabilidade gen\u00e9tica.<\/p>\n\n\n\n<p class=\"wp-block-paragraph\">Medicinalmente, v\u00e1rias partes da Musa coccinea t\u00eam sido utilizadas na medicina tradicional chinesa e vietnamita. As flores s\u00e3o conhecidas pelas suas propriedades hemost\u00e1ticas e s\u00e3o particularmente eficazes no tratamento da epistaxe (hemorragias nasais). As ra\u00edzes s\u00e3o apreciadas pelos seus efeitos refrescantes e purificadores do sangue. S\u00e3o consideradas adstringentes e s\u00e3o utilizadas para tratar uma s\u00e9rie de sintomas, incluindo fraqueza, tonturas, edema, corrimento vaginal anormal e v\u00e1rios tipos de hemorragia.<\/p>\n\n\n\n<p class=\"wp-block-paragraph\">Para al\u00e9m das suas aplica\u00e7\u00f5es medicinais, a Musa coccinea \u00e9 muito apreciada como planta ornamental. O seu h\u00e1bito de crescimento compacto e a sua infloresc\u00eancia deslumbrante fazem dela uma excelente escolha para paisagens tropicais. Pode ser utilizada eficazmente como um ponto focal perto de janelas, em cantos ou como um destaque dram\u00e1tico ao lado de jardins ornamentais. Em climas mais frios, pode ser cultivada em grandes recipientes e transportada para dentro de casa durante os meses mais frios.<\/p>\n\n\n\n<p class=\"wp-block-paragraph\">Para manter a sa\u00fade e o aspeto da bananeira escarlate, recomenda-se uma fertiliza\u00e7\u00e3o regular com um fertilizante equilibrado e rico em pot\u00e1ssio durante a esta\u00e7\u00e3o de crescimento. A rega adequada \u00e9 crucial, especialmente durante os per\u00edodos secos, mas \u00e9 preciso ter cuidado para evitar o encharcamento. A remo\u00e7\u00e3o das folhas mortas e das infloresc\u00eancias gastas ajuda a manter o aspeto est\u00e9tico da planta e evita potenciais problemas de doen\u00e7as.<\/p>\n\n\n\n<h2 class=\"wp-block-heading\">34. Muscari Botryoides <\/h2>\n\n\n\n<p class=\"wp-block-paragraph\"><\/p>\n\n\n<div class=\"wp-block-image\">\n<figure class=\"aligncenter size-full\"><img loading=\"lazy\" decoding=\"async\" width=\"1200\" height=\"800\" src=\"https:\/\/flowerslib.com\/wp-content\/uploads\/2023\/09\/2-129.jpg\" alt=\"Muscari Botryoides\" class=\"wp-image-11704\" srcset=\"https:\/\/flowerslib.com\/wp-content\/uploads\/2023\/09\/2-129.jpg 1200w, https:\/\/flowerslib.com\/wp-content\/uploads\/2023\/09\/2-129-600x400.jpg 600w, https:\/\/flowerslib.com\/wp-content\/uploads\/2023\/09\/2-129-768x512.jpg 768w, https:\/\/flowerslib.com\/wp-content\/uploads\/2023\/09\/2-129-240x160.jpg 240w\" sizes=\"auto, (max-width: 1200px) 100vw, 1200px\" \/><\/figure>\n<\/div>\n\n\n<p class=\"wp-block-paragraph\"><\/p>\n\n\n\n<p class=\"wp-block-paragraph\">Muscari botryoides (Jacinto de uva): A Muscari botryoides, vulgarmente conhecida como Jacinto de Uva, \u00e9 um bolbo perene encantador que floresce na primavera. As folhas basais da planta s\u00e3o lineares, ligeiramente carnudas e verde-escuras, muitas vezes com bordos enrolados para dentro. Estas folhas atingem normalmente 10-20 cm de comprimento e 3-8 mm de largura.<\/p>\n\n\n\n<p class=\"wp-block-paragraph\">A planta tem geralmente 10-20 cm de altura, mas pode ocasionalmente atingir 30 cm. A sua parte subterr\u00e2nea \u00e9 constitu\u00edda por um bolbo globoso a ovoide, com 1-2,5 cm de di\u00e2metro, coberto por uma t\u00fanica esbranqui\u00e7ada a castanha clara. A flora\u00e7\u00e3o ocorre entre o final de mar\u00e7o e o in\u00edcio de maio, dependendo do clima e da localiza\u00e7\u00e3o.<\/p>\n\n\n\n<p class=\"wp-block-paragraph\">Nativo da Europa Central e do Sudeste, o Jacinto-das-Uvas tornou-se uma planta ornamental popular em todo o mundo. Esta pequena planta perene bulbosa adapta-se bem a v\u00e1rios climas, desde as zonas de robustez 4 a 8 da USDA, prosperando tanto em ambientes temperados frios como em ambientes de tipo mediterr\u00e2nico.<\/p>\n\n\n\n<p class=\"wp-block-paragraph\">A Muscari botryoides prefere sol pleno a sombra parcial, com um crescimento \u00f3timo em locais que recebam pelo menos 6 horas di\u00e1rias de luz solar direta. A planta prefere temperaturas entre 10\u00b0C e 25\u00b0C durante o seu per\u00edodo de crescimento ativo. Cresce melhor em solos bem drenados e moderadamente f\u00e9rteis com um pH de 6,0 a 7,5. Os solos franco-arenosos ou argilosos enriquecidos com mat\u00e9ria org\u00e2nica proporcionam as condi\u00e7\u00f5es ideais de crescimento.<\/p>\n\n\n\n<p class=\"wp-block-paragraph\">Com uma flora\u00e7\u00e3o prol\u00edfica e precoce, o jacinto-das-uvas tem v\u00e1rios objectivos em termos de paisagismo. \u00c9 excelente como cobertura naturalizante do solo em jardins florestais ou debaixo de \u00e1rvores de folha caduca. A planta tamb\u00e9m se adequa bem a jardins de pedras, bordaduras e como uma adi\u00e7\u00e3o colorida \u00e0s exposi\u00e7\u00f5es de bolbos de primavera. O seu tamanho compacto torna-a perfeita para jardinagem em contentores em p\u00e1tios ou varandas.<\/p>\n\n\n\n<p class=\"wp-block-paragraph\">As flores densamente compactadas e em forma de urna da Muscari botryoides, tipicamente em tons de azul a p\u00farpura (embora existam cultivares brancas), assemelham-se a cachos de uvas em miniatura, da\u00ed o seu nome comum. Estas flores perfumadas s\u00e3o excelentes para atrair polinizadores de in\u00edcio de esta\u00e7\u00e3o, nomeadamente abelhas e borboletas, para o jardim.<\/p>\n\n\n\n<p class=\"wp-block-paragraph\">Como flores de corte, os Jacintos-da-Uva podem durar at\u00e9 duas semanas num vaso, acrescentando um delicioso toque de primavera aos arranjos florais de interior. Ao plantar, os bolbos devem ser colocados a 7-10 cm de profundidade e a 5-8 cm de dist\u00e2ncia no outono para obter melhores resultados. Com os cuidados adequados, incluindo deixar a folhagem morrer naturalmente ap\u00f3s a flora\u00e7\u00e3o, a Muscari botryoides naturalizar-se-\u00e1 e proporcionar\u00e1 anos de beleza primaveril no jardim.<\/p>\n\n\n\n<h2 class=\"wp-block-heading\">35. Musella Lasiocarpa <\/h2>\n\n\n\n<p class=\"wp-block-paragraph\"><\/p>\n\n\n\n<figure class=\"wp-block-image size-full\"><img loading=\"lazy\" decoding=\"async\" width=\"1200\" height=\"800\" src=\"https:\/\/flowerslib.com\/wp-content\/uploads\/2023\/09\/1-131.jpg\" alt=\"Musella Lasiocarpa\" class=\"wp-image-11706\" srcset=\"https:\/\/flowerslib.com\/wp-content\/uploads\/2023\/09\/1-131.jpg 1200w, https:\/\/flowerslib.com\/wp-content\/uploads\/2023\/09\/1-131-600x400.jpg 600w, https:\/\/flowerslib.com\/wp-content\/uploads\/2023\/09\/1-131-768x512.jpg 768w, https:\/\/flowerslib.com\/wp-content\/uploads\/2023\/09\/1-131-240x160.jpg 240w\" sizes=\"auto, (max-width: 1200px) 100vw, 1200px\" \/><\/figure>\n\n\n\n<p class=\"wp-block-paragraph\"><\/p>\n\n\n\n<p class=\"wp-block-paragraph\">A Musella lasiocarpa, vulgarmente conhecida como a Banana Amarela Chinesa ou Banana An\u00e3 Chinesa, \u00e9 uma erva perene impressionante que pertence \u00e0 fam\u00edlia Musaceae. Esta planta \u00fanica \u00e9 origin\u00e1ria de Yunnan, na China, e \u00e9 conhecida pelas suas propriedades ornamentais e medicinais.<\/p>\n\n\n\n<p class=\"wp-block-paragraph\">Morfologia e h\u00e1bito de crescimento:<br>A Musella lasiocarpa apresenta um pseudocaule curto, sendo que o caule verdadeiro permanece diminuto at\u00e9 \u00e0 flora\u00e7\u00e3o. A planta produz folhas longas e ovais que saem deste pseudocaule. A sua carater\u00edstica mais distintiva \u00e9 a infloresc\u00eancia vertical, que emerge do centro do pseudocaule, com br\u00e1cteas amarelas p\u00e1lidas a douradas. Esta espetacular exibi\u00e7\u00e3o floral, que se assemelha a l\u00f3tus dourados a brotar do solo, valeu \u00e0 planta o seu po\u00e9tico nome chin\u00eas, que se traduz em \"L\u00f3tus dourado a brotar da terra\".<\/p>\n\n\n\n<p class=\"wp-block-paragraph\">Os frutos da Musella lasiocarpa s\u00e3o triangulares e ovais, contendo sementes grandes e achatadas de cor castanha escura a castanha. A planta floresce tipicamente de agosto a setembro, criando um espet\u00e1culo visual deslumbrante no final do ver\u00e3o e in\u00edcio do outono.<\/p>\n\n\n\n<p class=\"wp-block-paragraph\">Requisitos culturais:<br>Esta esp\u00e9cie desenvolve-se bem com luz brilhante e indireta, mas deve ser protegida da luz solar intensa e direta durante os meses de ver\u00e3o. A Musella lasiocarpa n\u00e3o \u00e9 resistente \u00e0 geada e requer prote\u00e7\u00e3o em climas mais frios. Prefere solos bem drenados e \u00e9 intolerante a condi\u00e7\u00f5es de encharcamento, tornando a drenagem adequada essencial para o seu cultivo. A propaga\u00e7\u00e3o \u00e9 geralmente efectuada atrav\u00e9s da divis\u00e3o de tufos estabelecidos ou por semente.<\/p>\n\n\n\n<p class=\"wp-block-paragraph\">Usos medicinais e culin\u00e1rios:<br>A Musella lasiocarpa tem uma longa hist\u00f3ria de utiliza\u00e7\u00e3o na medicina tradicional chinesa. As flores s\u00e3o valorizadas pelas suas propriedades adstringentes e hemost\u00e1ticas, enquanto o sumo do caule \u00e9 utilizado como rem\u00e9dio para a intoxica\u00e7\u00e3o alco\u00f3lica e para o envenenamento por certas plantas. O pseudocaule \u00e9 comest\u00edvel e nutritivo, sendo rico em amido e v\u00e1rias vitaminas. Pode ser colhido como um vegetal e acredita-se que oferece potenciais benef\u00edcios para a sa\u00fade, incluindo a ajuda no controlo do peso.<\/p>\n\n\n\n<p class=\"wp-block-paragraph\">Valor ornamental:<br>Como planta ornamental, a Musella lasiocarpa oferece um atrativo est\u00e9tico \u00fanico em jardins. O seu h\u00e1bito de crescimento compacto e as suas infloresc\u00eancias espectaculares fazem dela uma excelente escolha para pontos focais em paisagens. Pode ser plantada eficazmente em frente ou atr\u00e1s de \u00e1rvores, acrescentando um toque tropical a diversos projectos de jardins.<\/p>\n\n\n\n<p class=\"wp-block-paragraph\">Estado de Conserva\u00e7\u00e3o:<br>Embora n\u00e3o estejam atualmente listadas como amea\u00e7adas de extin\u00e7\u00e3o, as popula\u00e7\u00f5es selvagens de Musella lasiocarpa no seu habitat nativo enfrentam a press\u00e3o da perda de habitat e da recolha excessiva. Os esfor\u00e7os de conserva\u00e7\u00e3o e as pr\u00e1ticas de cultivo sustent\u00e1veis s\u00e3o importantes para preservar a diversidade gen\u00e9tica desta esp\u00e9cie e garantir a sua disponibilidade cont\u00ednua para fins hort\u00edcolas e medicinais.<\/p>\n\n\n\n<p class=\"wp-block-paragraph\">Em conclus\u00e3o, a Musella lasiocarpa \u00e9 uma planta vers\u00e1til e fascinante que combina beleza ornamental com utiliza\u00e7\u00f5es pr\u00e1ticas. O seu aspeto \u00fanico, as suas propriedades medicinais e o seu potencial culin\u00e1rio fazem dela uma adi\u00e7\u00e3o valiosa tanto para jardins como para colec\u00e7\u00f5es etnobot\u00e2nicas. Com cuidados e cultivo adequados, este tesouro chin\u00eas pode prosperar em v\u00e1rios ambientes, oferecendo um vislumbre do seu esplendor subtropical nativo.<\/p>\n\n\n\n<h2 class=\"wp-block-heading\">36. Mussaenda Anomala <\/h2>\n\n\n\n<p class=\"wp-block-paragraph\"><\/p>\n\n\n\n<figure class=\"wp-block-image size-full\"><img loading=\"lazy\" decoding=\"async\" width=\"1200\" height=\"800\" src=\"https:\/\/flowerslib.com\/wp-content\/uploads\/2023\/09\/2-130.jpg\" alt=\"Mussaenda Anomala\" class=\"wp-image-11707\" srcset=\"https:\/\/flowerslib.com\/wp-content\/uploads\/2023\/09\/2-130.jpg 1200w, https:\/\/flowerslib.com\/wp-content\/uploads\/2023\/09\/2-130-600x400.jpg 600w, https:\/\/flowerslib.com\/wp-content\/uploads\/2023\/09\/2-130-768x512.jpg 768w, https:\/\/flowerslib.com\/wp-content\/uploads\/2023\/09\/2-130-240x160.jpg 240w\" sizes=\"auto, (max-width: 1200px) 100vw, 1200px\" \/><\/figure>\n\n\n\n<p class=\"wp-block-paragraph\"><\/p>\n\n\n\n<p class=\"wp-block-paragraph\">A Mussaenda Anomala, membro da fam\u00edlia Rubiaceae, \u00e9 um arbusto trepador vulgarmente conhecido como \"Leque de papel branco de folha grande\". Esta planta ornamental atinge normalmente alturas de 1 a 3 metros. Os seus caules jovens s\u00e3o caracterizados por p\u00ealos macios esparsos e apressados, uma carater\u00edstica que ajuda na identifica\u00e7\u00e3o da planta.<\/p>\n\n\n\n<p class=\"wp-block-paragraph\">A folhagem da Mussaenda Anomala \u00e9 muito carater\u00edstica. As suas folhas est\u00e3o dispostas de forma oposta no caule e t\u00eam uma textura fina e papeada. A forma da folha \u00e9 ovada a el\u00edptica, com um \u00e1pice afunilado e uma base curta e pontiaguda. Tanto a superf\u00edcie superior como a inferior da folha s\u00e3o ligeiramente pubescentes, contribuindo para a textura geral da planta.<\/p>\n\n\n\n<p class=\"wp-block-paragraph\">A infloresc\u00eancia da Mussaenda Anomala \u00e9 uma umbela terminal, com v\u00e1rias ramifica\u00e7\u00f5es. Apresenta uma ligeira cobertura de p\u00ealos macios, semelhantes aos que se encontram nos caules jovens. As br\u00e1cteas, que s\u00e3o lanceoladas e pequenas, s\u00e3o precocemente dec\u00edduas. As flores florescem tipicamente em junho e as vagens individuais medem aproximadamente 4 mm de comprimento.<\/p>\n\n\n\n<p class=\"wp-block-paragraph\">Nativa da China, a Mussaenda Anomala demonstra adaptabilidade a v\u00e1rios habitats. Pode ser encontrada a crescer naturalmente nas encostas das montanhas, nos vales, ao longo das margens dos cursos de \u00e1gua, nos arbustos e nas margens das florestas. Esta esp\u00e9cie mostra uma prefer\u00eancia por ambientes sombreados, frescos e h\u00famidos, o que indica a sua adequa\u00e7\u00e3o para a planta\u00e7\u00e3o de sub-bosque em jardins com condi\u00e7\u00f5es semelhantes.<\/p>\n\n\n\n<p class=\"wp-block-paragraph\">Em termos de cultivo, a Mussaenda Anomala desenvolve-se em condi\u00e7\u00f5es de solo espec\u00edficas. Prefere solos f\u00e9rteis, soltos, ricos em h\u00famus, arenosos e \u00e1cidos. Estas exig\u00eancias do solo reflectem o seu habitat natural e s\u00e3o cruciais para um crescimento \u00f3timo em ambientes cultivados. A intoler\u00e2ncia da planta ao frio intenso sugere que \u00e9 mais adequada para as zonas de robustez 9 e superiores da USDA, ou como um esp\u00e9cime protegido em climas mais frios.<\/p>\n\n\n\n<p class=\"wp-block-paragraph\">A propaga\u00e7\u00e3o da Mussaenda Anomala pode ser efectuada atrav\u00e9s de dois m\u00e9todos principais: sementeira de sementes e estacas de caule. A propaga\u00e7\u00e3o por sementes permite a diversidade gen\u00e9tica, enquanto as estacas de caule produzem clones da planta-m\u00e3e, garantindo carater\u00edsticas consistentes.<\/p>\n\n\n\n<p class=\"wp-block-paragraph\">Do ponto de vista medicinal, a Mussaenda Anomala tem sido utilizada na medicina tradicional chinesa. A planta \u00e9 descrita como tendo um sabor ligeiramente amargo e doce com uma natureza refrescante. As suas alegadas propriedades medicinais incluem a capacidade de eliminar o calor, desintoxicar o corpo, reduzir o incha\u00e7o e libertar pus. Estes atributos levaram \u00e0 sua utiliza\u00e7\u00e3o no tratamento de sintomas de constipa\u00e7\u00f5es comuns, dores de garganta e dificuldades urin\u00e1rias. No entanto, \u00e9 importante notar que estes usos medicinais s\u00e3o baseados em pr\u00e1ticas tradicionais e devem ser abordados com cautela enquanto se aguarda a valida\u00e7\u00e3o cient\u00edfica.<\/p>\n\n\n\n<p class=\"wp-block-paragraph\">Em paisagismo, a Mussaenda Anomala pode servir como um atraente arbusto trepador para \u00e1reas sombreadas, particularmente em jardins florestais ou como parte de uma borda arbustiva diversificada. A sua prefer\u00eancia por condi\u00e7\u00f5es h\u00famidas e frescas torna-a uma excelente escolha para criar paisagens exuberantes e de aspeto tropical em climas adequados.<\/p>\n\n\n\n<h2 class=\"wp-block-heading\">37. Myosotis Alpestris <\/h2>\n\n\n\n<p class=\"wp-block-paragraph\"><\/p>\n\n\n<div class=\"wp-block-image\">\n<figure class=\"aligncenter size-full\"><img loading=\"lazy\" decoding=\"async\" width=\"1200\" height=\"800\" src=\"https:\/\/flowerslib.com\/wp-content\/uploads\/2023\/09\/3-73.jpg\" alt=\"Myosotis Alpestris\" class=\"wp-image-11708\" srcset=\"https:\/\/flowerslib.com\/wp-content\/uploads\/2023\/09\/3-73.jpg 1200w, https:\/\/flowerslib.com\/wp-content\/uploads\/2023\/09\/3-73-600x400.jpg 600w, https:\/\/flowerslib.com\/wp-content\/uploads\/2023\/09\/3-73-768x512.jpg 768w, https:\/\/flowerslib.com\/wp-content\/uploads\/2023\/09\/3-73-240x160.jpg 240w\" sizes=\"auto, (max-width: 1200px) 100vw, 1200px\" \/><\/figure>\n<\/div>\n\n\n<p class=\"wp-block-paragraph\"><\/p>\n\n\n\n<p class=\"wp-block-paragraph\">Myosotis alpestris (Mios\u00f3tis alpina): A Myosotis alpestris, vulgarmente conhecida como mios\u00f3tis alpina, \u00e9 uma encantadora erva perene pertencente \u00e0 fam\u00edlia Boraginaceae. Esta planta delicada mas resistente \u00e9 apreciada pelas suas belas flores azuis e pela sua adaptabilidade a ambientes montanhosos dif\u00edceis.<\/p>\n\n\n\n<p class=\"wp-block-paragraph\">O Forget-me-not alpino atinge normalmente uma altura de 5-30 cm, embora possa ocasionalmente atingir 50 cm. Forma montes compactos, semelhantes a almofadas, com um ou v\u00e1rios caules erectos que surgem de uma roseta basal. As folhas basais s\u00e3o espatuladas a oblanceoladas, enquanto as folhas do caule s\u00e3o estreitamente lanceoladas a linear-lanceoladas, ambas cobertas de p\u00ealos finos.<\/p>\n\n\n\n<p class=\"wp-block-paragraph\">A infloresc\u00eancia \u00e9 uma cimeira escorpioide, com flores pequenas, de cinco p\u00e9talas, com 6-8 mm de di\u00e2metro. \u00c9 interessante notar que as flores sofrem uma mudan\u00e7a de cor durante o seu desenvolvimento. Inicialmente parecem cor-de-rosa ou avermelhadas quando florescem, passando depois para um impressionante azul-celeste. Pensa-se que esta mudan\u00e7a de cor \u00e9 uma estrat\u00e9gia para atrair polinizadores. O centro de cada flor apresenta um \"olho\" amarelo, criando um contraste agrad\u00e1vel. Os frutos s\u00e3o pequenas nozes ovais, de cor castanho-amarelada escura, com um comprimento t\u00edpico de 1-1,5 mm.<\/p>\n\n\n\n<p class=\"wp-block-paragraph\">A Myosotis alpestris floresce em ambientes alpinos e subalpinos, desenvolvendo-se em prados, encostas rochosas, campos de pedras e bosques abertos. Est\u00e1 bem adaptada \u00e0s duras condi\u00e7\u00f5es das montanhas, preferindo temperaturas frescas e alta intensidade de luz. A temperatura \u00f3ptima de crescimento da planta situa-se entre os 10\u00b0C e os 20\u00b0C, embora possa tolerar breves per\u00edodos de temperaturas mais elevadas at\u00e9 aos 25\u00b0C.<\/p>\n\n\n\n<p class=\"wp-block-paragraph\">Esta esp\u00e9cie prefere solos bem drenados, ligeiramente alcalinos a neutros (pH 6,5-7,5) com fertilidade moderada. \u00c9 tolerante \u00e0 seca uma vez estabelecida, mas beneficia de uma humidade constante durante o seu per\u00edodo de crescimento ativo. Os mios\u00f3tis alpinos s\u00e3o notavelmente resistentes ao frio, capazes de sobreviver nas zonas 3-7 da USDA.<\/p>\n\n\n\n<p class=\"wp-block-paragraph\">O per\u00edodo de flora\u00e7\u00e3o e frutifica\u00e7\u00e3o da Myosotis alpestris estende-se normalmente desde o final da primavera at\u00e9 meados do ver\u00e3o (maio a agosto), dependendo da altitude e das condi\u00e7\u00f5es clim\u00e1ticas locais. Nalgumas regi\u00f5es alpinas, o per\u00edodo de flora\u00e7\u00e3o pode ser mais curto devido \u00e0 curta esta\u00e7\u00e3o de crescimento.<\/p>\n\n\n\n<p class=\"wp-block-paragraph\">Geograficamente, o Myosotis alpestris tem uma ampla distribui\u00e7\u00e3o nas regi\u00f5es montanhosas da Eur\u00e1sia e da Am\u00e9rica do Norte. Pode ser encontrada em v\u00e1rias partes da Europa (incluindo os Alpes e os C\u00e1rpatos), na \u00c1sia Central (Cazaquist\u00e3o, Quirguizist\u00e3o, Tajiquist\u00e3o), no C\u00e1ucaso, no Ir\u00e3o, no Afeganist\u00e3o, no Paquist\u00e3o, no norte da \u00cdndia (particularmente na regi\u00e3o de Caxemira) e no oeste da Am\u00e9rica do Norte.<\/p>\n\n\n\n<p class=\"wp-block-paragraph\">Embora n\u00e3o seja tipicamente utilizada para fins culin\u00e1rios, a Myosotis alpestris tem algumas propriedades nutricionais e medicinais potenciais. A planta cont\u00e9m v\u00e1rias vitaminas, nomeadamente vitamina C, e minerais que podem contribuir para a sa\u00fade geral. Alguns sistemas medicinais tradicionais t\u00eam utilizado esp\u00e9cies de Myosotis pelas suas propriedades adstringentes e diur\u00e9ticas ligeiras, embora a investiga\u00e7\u00e3o cient\u00edfica sobre estas aplica\u00e7\u00f5es seja limitada.<\/p>\n\n\n\n<p class=\"wp-block-paragraph\">Simbolicamente, o Forget-me-not alpino, tal como outros membros do seu g\u00e9nero, representa o amor verdadeiro, a lealdade e a recorda\u00e7\u00e3o. Este simbolismo, combinado com a sua beleza delicada, faz com que seja uma escolha popular para jardins de rocha, bebedouros alpinos e como flor cortada em bouquets e arranjos florais.<\/p>\n\n\n\n<p class=\"wp-block-paragraph\">A Forget-me-not alpina tem um significado especial no Alasca, EUA, onde foi escolhida como a flor oficial do estado em 1917. \u00c9 celebrada pela sua resist\u00eancia e beleza no clima rigoroso do Alasca, simbolizando a natureza duradoura do estado e do seu povo.<\/p>\n\n\n\n<p class=\"wp-block-paragraph\">No cultivo, a Myosotis alpestris \u00e9 valorizada pelo seu h\u00e1bito de crescimento compacto, flora\u00e7\u00e3o abundante e adaptabilidade a jardins de pedra e colec\u00e7\u00f5es de plantas alpinas. \u00c9 relativamente f\u00e1cil de cultivar a partir de sementes e pode auto-semear-se em condi\u00e7\u00f5es favor\u00e1veis, tornando-se uma adi\u00e7\u00e3o agrad\u00e1vel a \u00e1reas de jardim naturalizadas.<\/p>","protected":false},"excerpt":{"rendered":"<p>1. Magnolia Grandiflora Magnolia grandiflora, commonly known as the Southern Magnolia or Bull Bay, is a majestic evergreen tree belonging to the Magnoliaceae family. Native to the southeastern United States, this iconic species has become a beloved ornamental tree worldwide due to its striking appearance and adaptability. The Southern Magnolia&#8217;s leaves are large, elliptical to [&hellip;]<\/p>\n","protected":false},"author":1,"featured_media":11712,"comment_status":"open","ping_status":"open","sticky":false,"template":"","format":"standard","meta":{"_breakdance_hide_in_design_set":false,"_breakdance_tags":"","footnotes":""},"categories":[20],"tags":[],"class_list":["post-7714","post","type-post","status-publish","format-standard","has-post-thumbnail","hentry","category-species-and-types"],"_links":{"self":[{"href":"https:\/\/flowerslib.com\/pt\/wp-json\/wp\/v2\/posts\/7714","targetHints":{"allow":["GET"]}}],"collection":[{"href":"https:\/\/flowerslib.com\/pt\/wp-json\/wp\/v2\/posts"}],"about":[{"href":"https:\/\/flowerslib.com\/pt\/wp-json\/wp\/v2\/types\/post"}],"author":[{"embeddable":true,"href":"https:\/\/flowerslib.com\/pt\/wp-json\/wp\/v2\/users\/1"}],"replies":[{"embeddable":true,"href":"https:\/\/flowerslib.com\/pt\/wp-json\/wp\/v2\/comments?post=7714"}],"version-history":[{"count":0,"href":"https:\/\/flowerslib.com\/pt\/wp-json\/wp\/v2\/posts\/7714\/revisions"}],"wp:featuredmedia":[{"embeddable":true,"href":"https:\/\/flowerslib.com\/pt\/wp-json\/wp\/v2\/media\/11712"}],"wp:attachment":[{"href":"https:\/\/flowerslib.com\/pt\/wp-json\/wp\/v2\/media?parent=7714"}],"wp:term":[{"taxonomy":"category","embeddable":true,"href":"https:\/\/flowerslib.com\/pt\/wp-json\/wp\/v2\/categories?post=7714"},{"taxonomy":"post_tag","embeddable":true,"href":"https:\/\/flowerslib.com\/pt\/wp-json\/wp\/v2\/tags?post=7714"}],"curies":[{"name":"wp","href":"https:\/\/api.w.org\/{rel}","templated":true}]}}