{"id":7172,"date":"2023-08-08T20:55:35","date_gmt":"2023-08-08T12:55:35","guid":{"rendered":"https:\/\/flowerslib.com\/?p=7172"},"modified":"2023-09-02T23:24:15","modified_gmt":"2023-09-02T15:24:15","slug":"lotus-vermelha-do-sol","status":"publish","type":"post","link":"https:\/\/flowerslib.com\/pt\/red-sun-lotus\/","title":{"rendered":"L\u00f3tus do Sol Vermelho: Uma erva aqu\u00e1tica perene deslumbrante com flores ardentes"},"content":{"rendered":"<p class=\"wp-block-paragraph\">O L\u00f3tus do Sol Vermelho \u00e9 uma erva aqu\u00e1tica perene e uma das variedades da flor de l\u00f3tus. O seu nome deve-se \u00e0 sua cor vermelha vibrante, que faz lembrar o \"sol mais vermelho\". Esta variedade de tamanho m\u00e9dio apresenta folhas redondas, em forma de escudo, com bordos ligeiramente ondulados, superf\u00edcies lisas e uma subst\u00e2ncia pulverulenta branca. <\/p>\n\n\n\n<p class=\"wp-block-paragraph\">As folhas erectas t\u00eam uma altura de 27 cm e um di\u00e2metro de 25 cm. O caule da flor tem 40 cm de altura e o di\u00e2metro da flor \u00e9 de 15 cm. <\/p>\n\n\n\n<p class=\"wp-block-paragraph\">A flor \u00e9 do tipo p\u00e9tala dupla, com 72 p\u00e9talas que podem ser vermelhas, cor-de-rosa ou brancas. As p\u00e9talas s\u00e3o rectangulares, el\u00edpticas ou em forma de ovo invertido. A flor tem uma forma de ta\u00e7a e o bot\u00e3o \u00e9 alongado em forma de p\u00eassego e de cor vermelho-p\u00farpura intenso. <\/p>\n\n\n\n<p class=\"wp-block-paragraph\">Enquanto o estame apresenta algumas altera\u00e7\u00f5es nas p\u00e9talas, o pistilo \u00e9 normal, mas a taxa de frutifica\u00e7\u00e3o \u00e9 relativamente baixa. O per\u00edodo de flora\u00e7\u00e3o \u00e9 de junho a agosto, e o per\u00edodo de frutifica\u00e7\u00e3o \u00e9 de agosto a outubro.<\/p>\n\n\n\n<h2 class=\"wp-block-heading\">Introdu\u00e7\u00e3o b\u00e1sica<\/h2>\n\n\n\n<p class=\"wp-block-paragraph\">O L\u00f3tus do Sol Vermelho \u00e9 um <a class=\"wpil_keyword_link\" href=\"https:\/\/flowerslib.com\/pt\/variedades-de-flores-de-lotus\/\"   title=\"variedade de l\u00f3tus\" data-wpil-keyword-link=\"linked\">variedade de l\u00f3tus<\/a> flor. Trata-se de uma erva aqu\u00e1tica perene com um rizoma de crescimento horizontal, espesso e bulboso entre os n\u00f3s. Tem um grande n\u00famero de passagens de ar longitudinais e desenvolve ra\u00edzes advent\u00edcias fibrosas para baixo. <\/p>\n\n\n\n<p class=\"wp-block-paragraph\">As folhas s\u00e3o redondas e em forma de escudo, com uma superf\u00edcie lisa e p\u00f3 branco. O caule da folha, grosso e robusto, \u00e9 cil\u00edndrico e oco. A flor \u00e9 do tipo p\u00e9tala dupla com 72 p\u00e9talas. <\/p>\n\n\n\n<p class=\"wp-block-paragraph\">A flor tem uma forma de ta\u00e7a e o bot\u00e3o \u00e9 alongado em forma de p\u00eassego e de um vermelho p\u00farpura profundo. A flor \u00e9 de um vermelho vivo, da\u00ed o nome derivado do \"sol mais vermelho\".<\/p>\n\n\n\n<p class=\"wp-block-paragraph\">O L\u00f3tus vermelho \u00e9 uma planta aqu\u00e1tica que se desenvolve em \u00e1guas relativamente est\u00e1veis, calmas e pouco profundas, em lagos, p\u00e2ntanos e lagoas. Adora a luz solar e necessita de sol pleno durante o seu per\u00edodo de crescimento. <\/p>\n\n\n\n<p class=\"wp-block-paragraph\">O l\u00f3tus \u00e9 extremamente intolerante \u00e0 sombra, demonstrando um forte fototropismo em zonas semi-sombreadas. Esta variedade cultivada \u00e9 frequentemente utilizada em parques e p\u00e1tios para fins ornamentais.<\/p>\n\n\n\n<h2 class=\"wp-block-heading\">Forma e carater\u00edsticas<\/h2>\n\n\n\n<p class=\"wp-block-paragraph\">O L\u00f3tus Sol Vermelho \u00e9 uma erva aqu\u00e1tica perene. O seu rizoma cresce horizontalmente e \u00e9 espesso e bulboso entre os n\u00f3s. Tem muitas passagens de ar longitudinais. A parte do n\u00f3 \u00e9 apertada, com folhas de escamas negras a crescer por cima e ra\u00edzes advent\u00edcias fibrosas a crescer por baixo. <\/p>\n\n\n\n<p class=\"wp-block-paragraph\">As folhas s\u00e3o redondas e em forma de escudo, medindo entre 25 e 90 cm de di\u00e2metro. T\u00eam bordos ligeiramente ondulados, uma superf\u00edcie lisa e p\u00f3 branco. A parte inferior das folhas tem nervuras que irradiam do centro, com 1-2 vezes ramos em forma de garfo. <\/p>\n\n\n\n<p class=\"wp-block-paragraph\">As flores s\u00e3o bonitas e perfumadas, com um di\u00e2metro de 10-20 cm. As p\u00e9talas podem ser vermelhas, cor-de-rosa ou brancas. S\u00e3o rectangulares el\u00edpticas ou em forma de ovo invertido, medindo 5-10 cm de comprimento e 3-5 cm de largura. <\/p>\n\n\n\n<p class=\"wp-block-paragraph\">O estame apresenta algumas altera\u00e7\u00f5es nas p\u00e9talas, enquanto o pistilo \u00e9 normal, mas a taxa de frutifica\u00e7\u00e3o \u00e9 relativamente baixa. O per\u00edodo de flora\u00e7\u00e3o \u00e9 a partir do final de junho, com menos flores, o que a torna adequada para a planta\u00e7\u00e3o em vaso. As folhas s\u00e3o bastante verdes.<\/p>\n\n\n\n<h2 class=\"wp-block-heading\">H\u00e1bitos de crescimento<\/h2>\n\n\n\n<p class=\"wp-block-paragraph\">O L\u00f3tus Sol Vermelho \u00e9 plantado em lagos ou arrozais. \u00c9 uma planta aqu\u00e1tica que se desenvolve em \u00e1guas relativamente est\u00e1veis, calmas e pouco profundas, em lagos, p\u00e2ntanos e lagoas. <\/p>\n\n\n\n<p class=\"wp-block-paragraph\">A necessidade de \u00e1gua do l\u00f3tus depende da sua variedade. As variedades de plantas grandes requerem um n\u00edvel de \u00e1gua relativamente profundo, mas n\u00e3o deve exceder 1,7 metros. As formas de plantas m\u00e9dias e pequenas s\u00f3 s\u00e3o adequadas para profundidades de \u00e1gua de 20-60 cm. Ao mesmo tempo, o l\u00f3tus \u00e9 muito sens\u00edvel \u00e0 perda de \u00e1gua. <\/p>\n\n\n\n<p class=\"wp-block-paragraph\">No ver\u00e3o, bastam 3 horas sem rega para que as folhas do l\u00f3tus em vaso murchem. Se a rega for interrompida durante um dia, as extremidades das folhas do l\u00f3tus queimar-se-\u00e3o e os bot\u00f5es de flores murchar\u00e3o.<\/p>\n\n\n\n<p class=\"wp-block-paragraph\"> O l\u00f3tus tamb\u00e9m adora a luz solar e requer um ambiente de sol pleno durante o seu per\u00edodo de crescimento. O l\u00f3tus \u00e9 extremamente intolerante \u00e0 sombra, mostrando um forte fototropismo em \u00e1reas semi-sombreadas.<\/p>\n\n\n\n<h2 class=\"wp-block-heading\">M\u00e9todo de cultivo<\/h2>\n\n\n\n<p class=\"wp-block-paragraph\"><\/p>\n\n\n<div class=\"wp-block-image\">\n<figure class=\"aligncenter size-full\"><img loading=\"lazy\" decoding=\"async\" width=\"1200\" height=\"800\" src=\"https:\/\/flowerslib.com\/wp-content\/uploads\/2023\/08\/2-38.jpg\" alt=\"\" class=\"wp-image-7186\" srcset=\"https:\/\/flowerslib.com\/wp-content\/uploads\/2023\/08\/2-38.jpg 1200w, https:\/\/flowerslib.com\/wp-content\/uploads\/2023\/08\/2-38-300x200.jpg 300w, https:\/\/flowerslib.com\/wp-content\/uploads\/2023\/08\/2-38-150x100.jpg 150w, https:\/\/flowerslib.com\/wp-content\/uploads\/2023\/08\/2-38-768x512.jpg 768w\" sizes=\"auto, (max-width: 1200px) 100vw, 1200px\" \/><\/figure>\n<\/div>\n\n\n<p class=\"wp-block-paragraph\"><\/p>\n\n\n\n<h3 class=\"wp-block-heading\">Gest\u00e3o da \u00e1gua e dos fertilizantes<\/h3>\n\n\n\n<p class=\"wp-block-paragraph\">O l\u00f3tus \u00e9 uma planta aqu\u00e1tica que necessita de \u00e1gua durante todo o seu per\u00edodo de crescimento. Nas fases iniciais, a camada de \u00e1gua deve ser controlada a cerca de tr\u00eas cent\u00edmetros, pois demasiada \u00e1gua pode dificultar o aquecimento do solo. <\/p>\n\n\n\n<p class=\"wp-block-paragraph\">Se utilizar \u00e1gua da torneira, \u00e9 melhor guard\u00e1-la num recipiente separado e deix\u00e1-la repousar durante um ou dois dias antes de a utilizar. O ver\u00e3o \u00e9 o per\u00edodo de maior crescimento da l\u00f3tus, pelo que nunca deve faltar \u00e1gua no vaso. <\/p>\n\n\n\n<p class=\"wp-block-paragraph\">Depois do inverno, o solo do vaso deve ser mantido h\u00famido para evitar que as ra\u00edzes do l\u00f3tus sequem devido \u00e0 falta de \u00e1gua.<\/p>\n\n\n\n<p class=\"wp-block-paragraph\">O adubo para o l\u00f3tus \u00e9 constitu\u00eddo principalmente por f\u00f3sforo e pot\u00e1ssio, complementado por azoto. Se o solo for suficientemente f\u00e9rtil, n\u00e3o \u00e9 necess\u00e1rio fertilizar durante todo o ano. O adubo de baga\u00e7o bem podre ou estrume de aves \u00e9 o adubo ideal. <\/p>\n\n\n\n<p class=\"wp-block-paragraph\">Um vaso pequeno precisa de meia on\u00e7a, e um vaso grande pode precisar de uma ou duas on\u00e7as, no m\u00e1ximo. N\u00e3o fertilize em excesso e certifique-se de que mistura bem o fertilizante com o solo. <\/p>\n\n\n\n<p class=\"wp-block-paragraph\">Se as folhas ficarem amarelas e fracas durante o per\u00edodo de crescimento m\u00e1ximo, misture 0,5 gramas de ureia no solo, forme uma bola de cerca de 10 gramas e aplique uma por vaso no centro do solo. O efeito pode ser visto dentro de sete dias.<\/p>\n\n\n\n<h3 class=\"wp-block-heading\">Gest\u00e3o de inverno<\/h3>\n\n\n\n<p class=\"wp-block-paragraph\">Depois do inverno, o vaso pode ser levado para dentro de casa ou enterrado abaixo da camada de gelo. Nas zonas a norte do rio Amarelo, para al\u00e9m de enterrar o vaso abaixo da camada de gelo, \u00e9 necess\u00e1rio cobri-lo com pel\u00edcula agr\u00edcola e manter a terra do vaso h\u00famida durante todo o inverno.<\/p>\n\n\n\n<h2 class=\"wp-block-heading\">M\u00e9todos de propaga\u00e7\u00e3o<\/h2>\n\n\n\n<h3 class=\"wp-block-heading\">Propaga\u00e7\u00e3o de sementes<\/h3>\n\n\n\n<p class=\"wp-block-paragraph\">Em primeiro lugar, a casca da semente deve ser quebrada. Em maio e junho, triturar a extremidade c\u00f4ncava da semente num ch\u00e3o de cimento ou numa pedra \u00e1spera e, em seguida, p\u00f4r a semente de molho para germinar. A \u00e1gua deve ser mantida limpa, mudada frequentemente e, ap\u00f3s cerca de uma semana, a semente brotar\u00e1. <\/p>\n\n\n\n<p class=\"wp-block-paragraph\">Ap\u00f3s duas semanas, transplantar as pl\u00e2ntulas, deixando uma por vaso. A \u00e1gua deve ser pouco profunda e as folhas de l\u00f3tus n\u00e3o devem ficar submersas. Cerca de 90% das sementes florescer\u00e3o no primeiro ano, mas as flores ser\u00e3o poucas.<\/p>\n\n\n\n<h3 class=\"wp-block-heading\">Propaga\u00e7\u00e3o por divis\u00e3o<\/h3>\n\n\n\n<p class=\"wp-block-paragraph\">A melhor altura para transplantar a l\u00f3tus \u00e9 de meados de mar\u00e7o a meados de abril. Se for plantada demasiado cedo, a l\u00f3tus de semente pode ser afetada pelas correntes frias e pode congelar. Nas regi\u00f5es setentrionais, pode-se cobrir a l\u00f3tus com pel\u00edcula agr\u00edcola transparente quando se prev\u00ea uma corrente fria. <\/p>\n\n\n\n<p class=\"wp-block-paragraph\">Antes da planta\u00e7\u00e3o, misturar a terra do vaso at\u00e9 formar uma pasta. Ao plantar, inserir a parte superior da semente de l\u00f3tus num \u00e2ngulo de 20 graus no solo ao longo da borda do vaso. Para a l\u00f3tus em ta\u00e7a, a profundidade deve ser de cerca de 5 cm. <\/p>\n\n\n\n<p class=\"wp-block-paragraph\">No caso de l\u00f3tus grandes, a profundidade deve ser de cerca de 10 cm, com a cabe\u00e7a mais baixa do que a cauda. Levantar a cauda at\u00e9 meio para evitar que a \u00e1gua entre na cauda. Ap\u00f3s a planta\u00e7\u00e3o, colocar o vaso ao sol para permitir que a superf\u00edcie do solo rache ligeiramente, promovendo a ades\u00e3o total da semente de l\u00f3tus e do solo. <\/p>\n\n\n\n<p class=\"wp-block-paragraph\">Em seguida, adicionar uma pequena quantidade de \u00e1gua, aprofundar gradualmente o n\u00edvel da \u00e1gua \u00e0 medida que os bot\u00f5es crescem e, finalmente, manter uma camada de \u00e1gua de 3-5 cm. Para a planta\u00e7\u00e3o em lagos, o n\u00edvel inicial da \u00e1gua \u00e9 o mesmo que o de um l\u00f3tus em vaso, mas mais tarde o n\u00edvel n\u00e3o deve submergir as folhas do l\u00f3tus.<\/p>\n\n\n\n<h2 class=\"wp-block-heading\">Valor e outras utiliza\u00e7\u00f5es<\/h2>\n\n\n\n<p class=\"wp-block-paragraph\">A raiz de l\u00f3tus \u00e9 um excelente vegetal e um fruto cristalizado. As folhas de l\u00f3tus, as flores e os estames s\u00e3o tamb\u00e9m suplementos alimentares muito apreciados na China. <\/p>\n\n\n\n<p class=\"wp-block-paragraph\">A cultura alimentar do l\u00f3tus \u00e9 rica e diversificada, com pratos tradicionais como papas de sementes de l\u00f3tus, sementes de l\u00f3tus em conserva, raiz de l\u00f3tus recheada com carne, carne de l\u00f3tus cozinhada a vapor e papas de folhas de l\u00f3tus. As folhas podem ser utilizadas como substituto do ch\u00e1 e como material de embalagem.<\/p>\n\n\n\n<p class=\"wp-block-paragraph\">Os l\u00f3tus t\u00eam uma grande capacidade de adapta\u00e7\u00e3o ao seu ambiente de crescimento. Podem desenvolver-se n\u00e3o s\u00f3 em grandes e pequenos lagos e lagoas, exibindo as suas cores vibrantes, mas tamb\u00e9m em pequenos vasos e ta\u00e7as, melhorando o ambiente. <\/p>\n\n\n\n<p class=\"wp-block-paragraph\">As variedades cultivadas, muitas vezes em vasos, s\u00e3o populares para serem vistas em parques e p\u00e1tios.<\/p>","protected":false},"excerpt":{"rendered":"<p>The Red Sun Lotus is a perennial aquatic herb and one of the varieties of the lotus flower. It is named for its vibrant red color, reminiscent of the &#8220;reddest sun.&#8221; This medium-sized variety features round, shield-shaped leaves with slightly wavy edges, smooth surfaces, and a white powdery substance. The erect leaves are 27 cm [&hellip;]<\/p>\n","protected":false},"author":1,"featured_media":7185,"comment_status":"open","ping_status":"open","sticky":false,"template":"","format":"standard","meta":{"_breakdance_hide_in_design_set":false,"_breakdance_tags":"","footnotes":""},"categories":[20],"tags":[],"class_list":["post-7172","post","type-post","status-publish","format-standard","has-post-thumbnail","hentry","category-species-and-types"],"_links":{"self":[{"href":"https:\/\/flowerslib.com\/pt\/wp-json\/wp\/v2\/posts\/7172","targetHints":{"allow":["GET"]}}],"collection":[{"href":"https:\/\/flowerslib.com\/pt\/wp-json\/wp\/v2\/posts"}],"about":[{"href":"https:\/\/flowerslib.com\/pt\/wp-json\/wp\/v2\/types\/post"}],"author":[{"embeddable":true,"href":"https:\/\/flowerslib.com\/pt\/wp-json\/wp\/v2\/users\/1"}],"replies":[{"embeddable":true,"href":"https:\/\/flowerslib.com\/pt\/wp-json\/wp\/v2\/comments?post=7172"}],"version-history":[{"count":0,"href":"https:\/\/flowerslib.com\/pt\/wp-json\/wp\/v2\/posts\/7172\/revisions"}],"wp:featuredmedia":[{"embeddable":true,"href":"https:\/\/flowerslib.com\/pt\/wp-json\/wp\/v2\/media\/7185"}],"wp:attachment":[{"href":"https:\/\/flowerslib.com\/pt\/wp-json\/wp\/v2\/media?parent=7172"}],"wp:term":[{"taxonomy":"category","embeddable":true,"href":"https:\/\/flowerslib.com\/pt\/wp-json\/wp\/v2\/categories?post=7172"},{"taxonomy":"post_tag","embeddable":true,"href":"https:\/\/flowerslib.com\/pt\/wp-json\/wp\/v2\/tags?post=7172"}],"curies":[{"name":"wp","href":"https:\/\/api.w.org\/{rel}","templated":true}]}}