{"id":5779,"date":"2023-07-28T19:04:14","date_gmt":"2023-07-28T11:04:14","guid":{"rendered":"https:\/\/flowerslib.com\/?p=5779"},"modified":"2023-08-08T09:39:01","modified_gmt":"2023-08-08T01:39:01","slug":"matthiola-incana","status":"publish","type":"post","link":"https:\/\/flowerslib.com\/pt\/matthiola-incana\/","title":{"rendered":"Majestade Violeta: Matthiola Incana Revelada - Crescimento, cuidados e mais"},"content":{"rendered":"<p class=\"wp-block-paragraph\">A Matthiola incana, vulgarmente conhecida como violeta, \u00e9 uma erva bienal ou perene da fam\u00edlia Cruciferae. Toda a planta est\u00e1 densamente coberta de p\u00ealos macios, brancos-acinzentados, ramificados e com caules. O caule ergue-se verticalmente com muitos ramos e tem uma base ligeiramente lenhosa. <\/p>\n\n\n\n<p class=\"wp-block-paragraph\">As folhas variam de ovais a lanceoladas ou espatuladas. Esta esp\u00e9cie \u00e9 origin\u00e1ria da costa mediterr\u00e2nica, amplamente cultivada no sul da China e \u00e9 considerada uma das flores mais famosas da Europa. Encontra-se frequentemente nas grandes cidades chinesas e pode ser cultivada em jardins ou estufas para fins ornamentais. <\/p>\n\n\n\n<p class=\"wp-block-paragraph\">Esta flor \u00e9 muito parecida com o amor-perfeito, o que pode causar confus\u00e3o. As s\u00edliquas longas e cil\u00edndricas t\u00eam 7-8 cm de comprimento, cerca de 3 mm de di\u00e2metro, com uma nervura clara no meio e uma fenda pouco profunda na parte superior. O pedicelo \u00e9 robusto, com 10-15 mm de comprimento.<\/p>\n\n\n\n<p class=\"wp-block-paragraph\">As sementes s\u00e3o quase redondas, com cerca de 2 mm de di\u00e2metro, planas, castanhas escuras, com uma asa membranosa branca \u00e0 volta do bordo. As sementes <a href=\"https:\/\/flowerslib.com\/pt\/as-flores-com-o-periodo-de-floracao-mais-longo-do-mundo\/\">per\u00edodo de flora\u00e7\u00e3o<\/a> \u00e9 de abril a maio.<\/p>\n\n\n\n<h2 class=\"wp-block-heading\"><strong>Carater\u00edsticas f\u00edsicas<\/strong><\/h2>\n\n\n\n<p class=\"wp-block-paragraph\">Como erva bienal ou perene, pode crescer at\u00e9 60 cm de altura, densamente coberta de p\u00ealos macios branco-acinzentados, ramificados e com caules. O caule ergue-se verticalmente com muitos ramos e tem uma base ligeiramente lenhosa. <\/p>\n\n\n\n<p class=\"wp-block-paragraph\">As folhas variam de ovais a lanceoladas ou espatuladas. Incluindo o pec\u00edolo, t\u00eam 6-14 cm de comprimento e 1,2-2,5 cm de largura, com uma margem inteira ou ligeiramente ondulada. O topo \u00e9 rombo ou ocasionalmente tem uma ponta curta e afiada, e a base estreita-se at\u00e9 ao caule.<\/p>\n\n\n\n<p class=\"wp-block-paragraph\">As flores desabrocham no topo e nas axilas em numerosos cachos, maiores, e o eixo da infloresc\u00eancia alonga-se durante a frutifica\u00e7\u00e3o. O pedicelo grosso e robusto estende-se para cima, atingindo 1,5 mm de comprimento. <\/p>\n\n\n\n<p class=\"wp-block-paragraph\">O c\u00e1lice \u00e9 vertical, oval longo, com cerca de 15 mm de comprimento, com uma base em forma de saco e um bordo branco transparente e membranoso. As p\u00e9talas podem ser de cor p\u00farpura, vermelho-p\u00e1lido ou brancas, quase ovais, com cerca de 12 mm de comprimento, ligeiramente duplas ou recuadas na parte superior, onduladas no bordo e com uma longa garra na parte inferior. Os filamentos alargam-se gradualmente em dire\u00e7\u00e3o \u00e0 base. O ov\u00e1rio \u00e9 cil\u00edndrico e o estigma \u00e9 ligeiramente bicelular.<\/p>\n\n\n\n<p class=\"wp-block-paragraph\"><\/p>\n\n\n<div class=\"wp-block-image\">\n<figure class=\"aligncenter size-full\"><img loading=\"lazy\" decoding=\"async\" width=\"1200\" height=\"800\" src=\"https:\/\/flowerslib.com\/wp-content\/uploads\/2023\/07\/5-51.jpg\" alt=\"Saiba mais sobre a Matthiola Incana: no\u00e7\u00f5es b\u00e1sicas, tipos, crescimento e cuidados, valor e muito mais\" class=\"wp-image-5785\" srcset=\"https:\/\/flowerslib.com\/wp-content\/uploads\/2023\/07\/5-51.jpg 1200w, https:\/\/flowerslib.com\/wp-content\/uploads\/2023\/07\/5-51-300x200.jpg 300w, https:\/\/flowerslib.com\/wp-content\/uploads\/2023\/07\/5-51-150x100.jpg 150w, https:\/\/flowerslib.com\/wp-content\/uploads\/2023\/07\/5-51-768x512.jpg 768w\" sizes=\"auto, (max-width: 1200px) 100vw, 1200px\" \/><\/figure>\n<\/div>\n\n\n<p class=\"wp-block-paragraph\"><\/p>\n\n\n\n<p class=\"wp-block-paragraph\">As s\u00edliquas longas e cil\u00edndricas t\u00eam 7-8 cm de comprimento e cerca de 3 mm de di\u00e2metro, com uma nervura clara no meio e uma fenda pouco profunda no topo. O pedicelo \u00e9 robusto, com 10-15 mm de comprimento. <\/p>\n\n\n\n<p class=\"wp-block-paragraph\">As sementes s\u00e3o quase redondas, com cerca de 2 mm de di\u00e2metro, planas, castanhas escuras, com uma asa membranosa branca \u00e0 volta do bordo. O per\u00edodo de flora\u00e7\u00e3o \u00e9 de abril a maio.<\/p>\n\n\n\n<h2 class=\"wp-block-heading\"><strong>Ambiente de crescimento<\/strong><\/h2>\n\n\n\n<p class=\"wp-block-paragraph\">A Matthiola incana prefere um clima fresco e n\u00e3o gosta de calor seco. Eles prosperam em ambientes bem ventilados. Embora favore\u00e7am climas amenos no inverno, eles podem suportar breves per\u00edodos de -5 \u2103. <\/p>\n\n\n\n<p class=\"wp-block-paragraph\">A temperatura ideal de crescimento durante o dia \u00e9 de 15-18 \u2103 e cerca de 10 \u2103 \u00e0 noite. Eles n\u00e3o s\u00e3o particularmente exigentes quando se trata de solo, mas crescem melhor em solos bem drenados, neutros a ligeiramente alcalinos, n\u00e3o gostando de condi\u00e7\u00f5es \u00e1cidas.<\/p>\n\n\n\n<p class=\"wp-block-paragraph\">A Matthiola incana \u00e9 tolerante ao frio, n\u00e3o tolera a sombra e receia o encharcamento. Desenvolvem-se bem em locais mais altos, mas s\u00e3o suscept\u00edveis a pragas durante o tempo quente e h\u00famido com pouca ventila\u00e7\u00e3o. <\/p>\n\n\n\n<p class=\"wp-block-paragraph\">A fertiliza\u00e7\u00e3o excessiva n\u00e3o \u00e9 aconselh\u00e1vel, pois pode inibir a flora\u00e7\u00e3o. Uma luz e uma ventila\u00e7\u00e3o insuficientes podem tornar as plantas propensas a doen\u00e7as e pragas.<\/p>\n\n\n\n<h2 class=\"wp-block-heading\"><strong>Gama de distribui\u00e7\u00e3o<\/strong><\/h2>\n\n\n\n<p class=\"wp-block-paragraph\">Origin\u00e1ria do Sul da Europa e da costa mediterr\u00e2nica, a Matthiola incana, tamb\u00e9m conhecida como Stock, \u00e9 atualmente predominante nas grandes cidades do Sul da China. No Norte, \u00e9 comummente plantada em <a href=\"https:\/\/flowerslib.com\/pt\/flores-para-varanda-fechada\/\">flor de jardim<\/a> canteiros ou estufas para fins ornamentais.<\/p>\n\n\n\n<h2 class=\"wp-block-heading\">M\u00e9todos de propaga\u00e7\u00e3o<\/h2>\n\n\n\n<p class=\"wp-block-paragraph\">O principal m\u00e9todo de propaga\u00e7\u00e3o do Stock \u00e9 atrav\u00e9s da sementeira. A \u00e9poca ideal para a sementeira ao ar livre \u00e9 em meados de setembro. \u00c9 aconselh\u00e1vel selecionar plantas de p\u00e9tala \u00fanica como plantas-m\u00e3e para a colheita de sementes, uma vez que as flores de p\u00e9tala dupla n\u00e3o t\u00eam pistilos e n\u00e3o podem produzir sementes. <\/p>\n\n\n\n<p class=\"wp-block-paragraph\">Quando se recolhem sementes de plantas-m\u00e3e em vaso, a segunda gera\u00e7\u00e3o tende a ter uma taxa mais elevada de p\u00e9talas duplas. Antes da sementeira, verificar se o solo do vaso est\u00e1 moderadamente h\u00famido. Ap\u00f3s a sementeira, cobrir com uma fina camada de terra fina e evitar mais regas. <\/p>\n\n\n\n<p class=\"wp-block-paragraph\">Se o solo do vaso secar no prazo de duas semanas, pode colocar metade do vaso em \u00e1gua para humedecer o solo a partir do fundo. Assegurar que a cama de sementes fica \u00e0 sombra ap\u00f3s a sementeira, e as pl\u00e2ntulas devem aparecer dentro de 15 dias.<\/p>\n\n\n\n<p class=\"wp-block-paragraph\">As pl\u00e2ntulas devem ser transplantadas para uma cama de viveiro com um espa\u00e7amento entre plantas de 6\u00d78 cm antes do desenvolvimento das folhas verdadeiras. \u00c9 preciso ter cuidado para n\u00e3o danificar as ra\u00edzes ao arrancar as pl\u00e2ntulas, e garantir que elas tragam um torr\u00e3o de terra. Antes da planta\u00e7\u00e3o, aplicar um pouco de estrume seco de porco ou de galinha no solo como fertilizante de base. <\/p>\n\n\n\n<p class=\"wp-block-paragraph\"><\/p>\n\n\n<div class=\"wp-block-image\">\n<figure class=\"aligncenter size-full\"><img loading=\"lazy\" decoding=\"async\" width=\"1200\" height=\"800\" src=\"https:\/\/flowerslib.com\/wp-content\/uploads\/2023\/07\/4-64.jpg\" alt=\"Saiba mais sobre a Matthiola Incana: no\u00e7\u00f5es b\u00e1sicas, tipos, crescimento e cuidados, valor e muito mais\" class=\"wp-image-5786\" srcset=\"https:\/\/flowerslib.com\/wp-content\/uploads\/2023\/07\/4-64.jpg 1200w, https:\/\/flowerslib.com\/wp-content\/uploads\/2023\/07\/4-64-300x200.jpg 300w, https:\/\/flowerslib.com\/wp-content\/uploads\/2023\/07\/4-64-150x100.jpg 150w, https:\/\/flowerslib.com\/wp-content\/uploads\/2023\/07\/4-64-768x512.jpg 768w\" sizes=\"auto, (max-width: 1200px) 100vw, 1200px\" \/><\/figure>\n<\/div>\n\n\n<p class=\"wp-block-paragraph\"><\/p>\n\n\n\n<p class=\"wp-block-paragraph\">Ap\u00f3s a planta\u00e7\u00e3o, regar abundantemente as plantas e sombre\u00e1-las sem tornar o ambiente abafado. Se estiverem em vaso, colocar as plantas num local fresco e bem ventilado. Uma vez estabelecidas, coloque-as num local ensolarado e regue-as de dois em dois dias. <\/p>\n\n\n\n<p class=\"wp-block-paragraph\">Aplique um fertilizante l\u00edquido maduro de dez em dez dias e pare assim que as flores aparecerem. Para as variedades mais altas, podar os ramos florais depois da flora\u00e7\u00e3o e depois aplicar mais uma ou duas vezes um adubo l\u00edquido dilu\u00eddo. Isto estimular\u00e1 o crescimento dos ramos laterais. <\/p>\n\n\n\n<p class=\"wp-block-paragraph\">Antes da chegada da primeira geada, desenterrar as plantas plantadas com um torr\u00e3o de terra, amonto\u00e1-las numa cumeeira virada para o sol ou coloc\u00e1-las dentro de casa em vasos para o inverno.<\/p>\n\n\n\n<p class=\"wp-block-paragraph\">Normalmente, as sementes s\u00e3o semeadas de meados de agosto a princ\u00edpios de outubro. No entanto, este per\u00edodo pode ser ajustado em fun\u00e7\u00e3o da altura em que se pretende que as flores desabrochem. <\/p>\n\n\n\n<p class=\"wp-block-paragraph\">Se semearmos sementes numa estufa em fevereiro, elas florescer\u00e3o em maio; se semearmos em mar\u00e7o, florescer\u00e3o em junho, e assim por diante. Mas se as sementes forem semeadas em julho, s\u00f3 florescer\u00e3o em fevereiro ou mar\u00e7o do ano seguinte na estufa. N\u00e3o semear as sementes demasiado densamente para evitar a doen\u00e7a do amortecimento nas pl\u00e2ntulas. <\/p>\n\n\n\n<p class=\"wp-block-paragraph\">Se forem cultivadas como bienais, a sementeira em vaso pode ser feita em setembro. A temperatura \u00f3ptima para a sementeira situa-se entre 16-18\u00b0C. Assegurar-se de que o solo est\u00e1 bem regado antes da sementeira, e evitar regar diretamente ap\u00f3s a sementeira. <\/p>\n\n\n\n<p class=\"wp-block-paragraph\">Se o solo ficar seco e branco, utilizar um borrifador para o humedecer ou utilizar o \"m\u00e9todo de imers\u00e3o em vaso\" para manter o solo h\u00famido. As sementes germinam normalmente cerca de duas semanas ap\u00f3s a sementeira.<\/p>\n\n\n\n<h2 class=\"wp-block-heading\">T\u00e9cnicas de cultivo<\/h2>\n\n\n\n<p class=\"wp-block-paragraph\"><\/p>\n\n\n<div class=\"wp-block-image\">\n<figure class=\"aligncenter size-full\"><img loading=\"lazy\" decoding=\"async\" width=\"1200\" height=\"800\" src=\"https:\/\/flowerslib.com\/wp-content\/uploads\/2023\/07\/1-82.jpg\" alt=\"Saiba mais sobre a Matthiola Incana: no\u00e7\u00f5es b\u00e1sicas, tipos, crescimento e cuidados, valor e muito mais\" class=\"wp-image-5789\" srcset=\"https:\/\/flowerslib.com\/wp-content\/uploads\/2023\/07\/1-82.jpg 1200w, https:\/\/flowerslib.com\/wp-content\/uploads\/2023\/07\/1-82-300x200.jpg 300w, https:\/\/flowerslib.com\/wp-content\/uploads\/2023\/07\/1-82-150x100.jpg 150w, https:\/\/flowerslib.com\/wp-content\/uploads\/2023\/07\/1-82-768x512.jpg 768w\" sizes=\"auto, (max-width: 1200px) 100vw, 1200px\" \/><\/figure>\n<\/div>\n\n\n<p class=\"wp-block-paragraph\"><\/p>\n\n\n\n<p class=\"wp-block-paragraph\">Ap\u00f3s a sementeira, as plantas de caldo est\u00e3o prontas para serem transplantadas ap\u00f3s cerca de 30 a 40 dias, quando t\u00eam 6 a 7 folhas verdadeiras. O espa\u00e7amento entre plantas depende do h\u00e1bito de ramifica\u00e7\u00e3o da variedade: 12 cm x 12 cm para as variedades n\u00e3o ramificadas e 18 cm x 18 cm para as variedades ramificadas. <\/p>\n\n\n\n<p class=\"wp-block-paragraph\">N\u00e3o esquecer que o sistema radicular da Stock \u00e9 a raiz axial, por isso evitar quebrar as ra\u00edzes das pl\u00e2ntulas e ter muito cuidado ao transplantar com terra de raiz. <\/p>\n\n\n\n<p class=\"wp-block-paragraph\">Como a diferencia\u00e7\u00e3o dos bot\u00f5es florais s\u00f3 ocorre a temperaturas inferiores a 15\u00b0C durante mais de 20 dias, no final de outubro, abrir todas as janelas e entradas de ventila\u00e7\u00e3o para baixar a temperatura e assegurar a diferencia\u00e7\u00e3o dos bot\u00f5es florais.<\/p>\n\n\n\n<p class=\"wp-block-paragraph\">Normalmente, n\u00e3o \u00e9 necess\u00e1rio pin\u00e7ar a planta. No entanto, para as variedades ramificadas, cerca de 15 a 20 dias ap\u00f3s a planta\u00e7\u00e3o, quando as folhas verdadeiras tiverem aumentado para cerca de 10 e a planta estiver a crescer vigorosamente, \u00e9 poss\u00edvel deixar 6 a 7 folhas verdadeiras e beliscar o bot\u00e3o apical. <\/p>\n\n\n\n<p class=\"wp-block-paragraph\">Ap\u00f3s o desenvolvimento dos ramos laterais, deixar 3 a 4 ramos na parte superior e retirar o resto o mais cedo poss\u00edvel. Em meados de outubro, quando a planta tem 30 a 40 cm de altura, \u00e9 altura de estender a rede. <\/p>\n\n\n\n<p class=\"wp-block-paragraph\">Nomeadamente, porque as plantas de p\u00e9tala dupla s\u00e3o muito mais atraentes visualmente do que as plantas de p\u00e9tala simples, surge a quest\u00e3o de como selecionar plantas de p\u00e9tala dupla no cultivo. Normalmente, este problema \u00e9 resolvido escolhendo a planta-m\u00e3e da semente e as pl\u00e2ntulas. <\/p>\n\n\n\n<p class=\"wp-block-paragraph\">Como os estames e pistilos das esp\u00e9cies de dupla p\u00e9tala s\u00e3o todos petalizados e n\u00e3o podem formar sementes, as sementes s\u00f3 podem ser retiradas de plantas de p\u00e9tala \u00fanica. Entre estas, algumas descendentes s\u00e3o completamente monop\u00e9talas (referidas como plantas monop\u00e9talas puras), e outras podem separar 50% a 80% de plantas com p\u00e9talas duplas.<\/p>\n\n\n\n<p class=\"wp-block-paragraph\">Normalmente, as plantas puras de p\u00e9tala \u00fanica apresentam um crescimento robusto, uma forma erecta, uma folhagem verde vibrante e folhas ovadas com pontas pontiagudas, ligeiramente pendentes ou planas sem ca\u00edrem. Os seus frutos alongados s\u00e3o rectos e largos, crescendo num \u00e2ngulo ascendente, com sali\u00eancias em forma de chifre no topo. <\/p>\n\n\n\n<p class=\"wp-block-paragraph\">Por outro lado, as plantas de p\u00e9tala \u00fanica com gen\u00e9tica de p\u00e9tala dupla crescem menos vigorosamente, apresentando uma postura curvada, folhagem verde escura e pontas de folhas redondas que caem em forma de arco. <\/p>\n\n\n\n<p class=\"wp-block-paragraph\">Os seus frutos alongados s\u00e3o curvos, sem protuber\u00e2ncias em forma de chifre, e crescem rente aos ramos das flores. <\/p>\n\n\n\n<p class=\"wp-block-paragraph\"><\/p>\n\n\n<div class=\"wp-block-image\">\n<figure class=\"aligncenter size-full\"><img loading=\"lazy\" decoding=\"async\" width=\"1200\" height=\"800\" src=\"https:\/\/flowerslib.com\/wp-content\/uploads\/2023\/07\/1-81.jpg\" alt=\"Saiba mais sobre a Matthiola Incana: no\u00e7\u00f5es b\u00e1sicas, tipos, crescimento e cuidados, valor e muito mais\" class=\"wp-image-5787\" srcset=\"https:\/\/flowerslib.com\/wp-content\/uploads\/2023\/07\/1-81.jpg 1200w, https:\/\/flowerslib.com\/wp-content\/uploads\/2023\/07\/1-81-300x200.jpg 300w, https:\/\/flowerslib.com\/wp-content\/uploads\/2023\/07\/1-81-150x100.jpg 150w, https:\/\/flowerslib.com\/wp-content\/uploads\/2023\/07\/1-81-768x512.jpg 768w\" sizes=\"auto, (max-width: 1200px) 100vw, 1200px\" \/><\/figure>\n<\/div>\n\n\n<p class=\"wp-block-paragraph\">Na colheita de sementes, deve preferir-se este \u00faltimo tipo, selecionando especificamente as sementes mais pequenas que parecem pouco desenvolvidas para a sementeira. Com exce\u00e7\u00e3o das variedades anuais, todas necessitam de tratamento pelo frio para passar pela fase de vernaliza\u00e7\u00e3o e florescer, pelo que s\u00e3o normalmente cultivadas como bienais em campos abertos.<\/p>\n\n\n\n<p class=\"wp-block-paragraph\">A temperatura ideal de crescimento varia entre 15 e 18 graus Celsius durante o dia e cerca de 10 graus durante a noite. No entanto, durante a fase de diferencia\u00e7\u00e3o dos bot\u00f5es florais, \u00e9 necess\u00e1rio um per\u00edodo de frio de 5 a 8 graus. <\/p>\n\n\n\n<p class=\"wp-block-paragraph\">As pl\u00e2ntulas com oito ou mais folhas verdadeiras, quando expostas a temperaturas entre 5 e 15 graus durante tr\u00eas semanas, sofrer\u00e3o a diferencia\u00e7\u00e3o dos gomos. Por conseguinte, em condi\u00e7\u00f5es naturais, a diferencia\u00e7\u00e3o dos gomos ocorre frequentemente em meados ou finais de outubro. <\/p>\n\n\n\n<p class=\"wp-block-paragraph\">Para obter uma produ\u00e7\u00e3o precoce, as pl\u00e2ntulas s\u00e3o expostas \u00e0s mesmas temperaturas frias a partir de meados de outubro, para favorecer a diferencia\u00e7\u00e3o dos bot\u00f5es. Ap\u00f3s a diferencia\u00e7\u00e3o dos bot\u00f5es, estes desenvolvem-se rapidamente em condi\u00e7\u00f5es de luz natural prolongada, desde que as temperaturas se mantenham acima dos 5 graus, permitindo que a flora\u00e7\u00e3o ocorra duas semanas mais cedo.<\/p>\n\n\n\n<p class=\"wp-block-paragraph\">O per\u00edodo de flora\u00e7\u00e3o das violetas pode ser controlado atrav\u00e9s da sele\u00e7\u00e3o de variedades, da \u00e9poca de sementeira e da utiliza\u00e7\u00e3o de estufas, c\u00e2maras frigor\u00edficas e luz artificial. <\/p>\n\n\n\n<p class=\"wp-block-paragraph\">No caso das variedades anuais, nas regi\u00f5es frescas de ver\u00e3o, podem ser semeadas durante todo o ano. Se forem semeadas em janeiro, florescem em maio; se forem semeadas em fevereiro ou mar\u00e7o, florescem em junho; se forem semeadas em abril, florescem em julho; se forem semeadas em meados de maio, florescem em maio. <a class=\"wpil_keyword_link\" href=\"https:\/\/flowerslib.com\/pt\/as-flores-desabrocham-em-agosto\/\" title=\"flores em agosto\" data-wpil-keyword-link=\"linked\">flores em agosto<\/a>. <\/p>\n\n\n\n<p class=\"wp-block-paragraph\">Assim, \u00e9 necess\u00e1rio um per\u00edodo de crescimento t\u00edpico de 100 a 150 dias.<\/p>\n\n\n\n<h2 class=\"wp-block-heading\">Controlo de doen\u00e7as e pragas<\/h2>\n\n\n\n<h3 class=\"wp-block-heading\">Doen\u00e7as<\/h3>\n\n\n\n<p class=\"wp-block-paragraph\">A Matthiola incana, vulgarmente conhecida como Stock, \u00e9 frequentemente afetada por doen\u00e7as e pragas. As suas principais doen\u00e7as incluem a murchid\u00e3o de Stock, a murchid\u00e3o amarela, a ferrugem branca e a doen\u00e7a das folhas das flores.<\/p>\n\n\n\n<p class=\"wp-block-paragraph\"><strong>M\u00edldio<\/strong><\/p>\n\n\n\n<p class=\"wp-block-paragraph\">A doen\u00e7a do m\u00edldio nas plantas de macieira foi descoberta no Parque Zhongshan, em Xangai. Esta doen\u00e7a provoca a murchid\u00e3o das folhas, a sua queda e at\u00e9 a morte de toda a planta. <\/p>\n\n\n\n<p class=\"wp-block-paragraph\">As folhas afectadas apresentam manchas verdes p\u00e1lidas na superf\u00edcie que depois se tornam amarelas, sem bordos evidentes, e s\u00e3o limitadas pelas nervuras da folha para formar manchas angulares. <\/p>\n\n\n\n<p class=\"wp-block-paragraph\">A estas manchas na parte inferior das folhas corresponde uma camada de crescimento branco semelhante \u00e0 geada. Os novos rebentos e todas as partes da flor podem tamb\u00e9m ser infectados, dando origem a plantas an\u00e3s ou deformadas. <\/p>\n\n\n\n<p class=\"wp-block-paragraph\">O agente patog\u00e9nico sobrevive no solo e nos res\u00edduos de plantas doentes sob a forma de o\u00f3sporos, que come\u00e7am a germinar e a causar a infe\u00e7\u00e3o inicial na primavera seguinte. As planta\u00e7\u00f5es densas e a m\u00e1 drenagem tendem a agravar a doen\u00e7a.<\/p>\n\n\n\n<p class=\"wp-block-paragraph\"><\/p>\n\n\n<div class=\"wp-block-image\">\n<figure class=\"aligncenter size-full\"><img loading=\"lazy\" decoding=\"async\" width=\"1200\" height=\"800\" src=\"https:\/\/flowerslib.com\/wp-content\/uploads\/2023\/07\/3-75.jpg\" alt=\"Saiba mais sobre a Matthiola Incana: no\u00e7\u00f5es b\u00e1sicas, tipos, crescimento e cuidados, valor e muito mais\" class=\"wp-image-5790\" srcset=\"https:\/\/flowerslib.com\/wp-content\/uploads\/2023\/07\/3-75.jpg 1200w, https:\/\/flowerslib.com\/wp-content\/uploads\/2023\/07\/3-75-300x200.jpg 300w, https:\/\/flowerslib.com\/wp-content\/uploads\/2023\/07\/3-75-150x100.jpg 150w, https:\/\/flowerslib.com\/wp-content\/uploads\/2023\/07\/3-75-768x512.jpg 768w\" sizes=\"auto, (max-width: 1200px) 100vw, 1200px\" \/><\/figure>\n<\/div>\n\n\n<p class=\"wp-block-paragraph\"><\/p>\n\n\n\n<p class=\"wp-block-paragraph\"><strong>Preven\u00e7\u00e3o<\/strong>: Evitar a poda prolongada e remover imediatamente as plantas doentes. Utilizar o novo fungicida Ethaboxam A3 desenvolvido pela Shanghai Pesticide Testing Factory, a uma concentra\u00e7\u00e3o de 2-3 gramas por litro de \u00e1gua.<\/p>\n\n\n\n<p class=\"wp-block-paragraph\"><strong>Doen\u00e7a da murchid\u00e3o<\/strong><\/p>\n\n\n\n<p class=\"wp-block-paragraph\">Esta doen\u00e7a \u00e9 causada pelo fungo Fusarium. Os principais sintomas s\u00e3o o nanismo e a murchid\u00e3o das plantas. As plantas jovens mostram padr\u00f5es \u00f3bvios de veias nas suas folhas, enquanto as plantas maiores exibem sintomas como folhas ca\u00eddas.<\/p>\n\n\n\n<p class=\"wp-block-paragraph\"><strong>Preven\u00e7\u00e3o<\/strong>: As sementes podem ser tratadas pelo calor, mergulhando-as em \u00e1gua a 50-55\u00b0C durante 10 minutos, para matar os agentes patog\u00e9nicos transportados; o solo para a planta\u00e7\u00e3o de sementes deve ser esterilizado antes de ser utilizado, e uma solu\u00e7\u00e3o de permanganato de pot\u00e1ssio na propor\u00e7\u00e3o de 1:1000 pode ser utilizada como fungicida; se forem encontradas plantas com infe\u00e7\u00e3o grave, devem ser imediatamente arrancadas e queimadas para evitar a transmiss\u00e3o a outras plantas saud\u00e1veis.<\/p>\n\n\n\n<p class=\"wp-block-paragraph\">Doen\u00e7a da murchid\u00e3o amarela<\/p>\n\n\n\n<p class=\"wp-block-paragraph\">Os sintomas desta doen\u00e7a incluem o amarelecimento e a murchid\u00e3o das folhas inferiores da planta. As plantas afectadas ficam muito an\u00e3s e os seus tecidos vasculares mudam de cor rapidamente. Os m\u00e9todos de preven\u00e7\u00e3o s\u00e3o semelhantes aos da doen\u00e7a da murchid\u00e3o.<\/p>\n\n\n\n<p class=\"wp-block-paragraph\"><strong>Doen\u00e7a da ferrugem branca<\/strong><\/p>\n\n\n\n<p class=\"wp-block-paragraph\">Esta doen\u00e7a \u00e9 causada pela ferrugem branca. Ap\u00f3s a infe\u00e7\u00e3o, as partes afectadas das plantas-m\u00e3e tornam-se amarelas e, mais tarde, castanhas. Sob a epiderme das folhas, s\u00e3o produzidos esporos incolores em forma de cadeia.<\/p>\n\n\n\n<p class=\"wp-block-paragraph\"><strong>Preven\u00e7\u00e3o<\/strong>: Esta doen\u00e7a tamb\u00e9m \u00e9 grave noutras plantas da fam\u00edlia Brassicaceae. Se os stocks forem colocados com outras plantas Brassicaceae, infetar-se-\u00e3o mutuamente. <\/p>\n\n\n\n<p class=\"wp-block-paragraph\">Por conseguinte, as ervas daninhas da fam\u00edlia Brassicaceae devem ser erradicadas e mantidas isoladas de outras plantas da fam\u00edlia Brassicaceae; antes de os stocks serem infectados, devem ser pulverizados com uma mistura de enxofre de cal a 3-4 graus para preven\u00e7\u00e3o. <\/p>\n\n\n\n<p class=\"wp-block-paragraph\">Durante a esta\u00e7\u00e3o de crescimento, dependendo do estado da doen\u00e7a, pulverizar uma solu\u00e7\u00e3o de 500-600 vezes de dimetilditiocarbamato de zinco 65% ou uma solu\u00e7\u00e3o de 250-300 vezes de pentaclorofenato de s\u00f3dio para preven\u00e7\u00e3o.<\/p>\n\n\n\n<p class=\"wp-block-paragraph\"><strong>Doen\u00e7a da folha da flor<\/strong><\/p>\n\n\n\n<p class=\"wp-block-paragraph\">Esta doen\u00e7a \u00e9 causada pelo v\u00edrus do mosaico amarelo do nabo, tamb\u00e9m conhecido como v\u00edrus 1 da couve. \u00c9 transmitido por 40-50 tipos de pulg\u00f5es, principalmente pulg\u00f5es do p\u00eassego e pulg\u00f5es da couve, e pode tamb\u00e9m propagar-se atrav\u00e9s da seiva. <\/p>\n\n\n\n<p class=\"wp-block-paragraph\">Este v\u00edrus pode afetar muitas plantas da fam\u00edlia Brassicaceae e outras plantas n\u00e3o Brassicaceae. Por conseguinte, devem ser isolados dessas plantas.<\/p>\n\n\n\n<p class=\"wp-block-paragraph\"><strong>Preven\u00e7\u00e3o<\/strong>: Isolar de outras plantas com o v\u00edrus; os af\u00eddeos devem ser eliminados atempadamente, e os insecticidas derivados de plantas, como o alcaloide de nicotina 1.2% em solu\u00e7\u00e3o de 2000-4000 vezes, ou insecticidas sist\u00e9micos, como o imidaclopride 10% em solu\u00e7\u00e3o de 2000 vezes, podem ser utilizados para preven\u00e7\u00e3o.<\/p>\n\n\n\n<p class=\"wp-block-paragraph\"><strong>Praga<\/strong><\/p>\n\n\n\n<p class=\"wp-block-paragraph\">Quando as plantas est\u00e3o infectadas com esta doen\u00e7a, as suas folhas apresentam grandes manchas circulares, que se tornam moles e apodrecem em condi\u00e7\u00f5es h\u00famidas e se tornam azul-claras quando secas, rachando facilmente. Os caules das plantas infectadas apresentam manchas verdes escuras, encharcadas de \u00e1gua. <\/p>\n\n\n\n<p class=\"wp-block-paragraph\">A parte doente geralmente contrai-se, mas os feixes vasculares n\u00e3o mudam de cor, e as folhas acima da \u00e1rea afetada murcham. Se v\u00e1rias partes do caule de uma planta forem afectadas, toda a planta murcha e seca rapidamente. <\/p>\n\n\n\n<p class=\"wp-block-paragraph\">Quando as pl\u00e2ntulas est\u00e3o infectadas, os pontos de crescimento apresentam frequentemente manchas verdes escuras, encharcadas de \u00e1gua, que depois de apodrecerem se transformam em pontas secas.<\/p>\n\n\n\n<p class=\"wp-block-paragraph\"><strong>Preven\u00e7\u00e3o<\/strong>: Para al\u00e9m da escolha de variedades resistentes a doen\u00e7as e da pr\u00e1tica da rota\u00e7\u00e3o de culturas, a doen\u00e7a pode ser controlada atrav\u00e9s de medica\u00e7\u00e3o atempada. Quando a planta doente central \u00e9 encontrada, deve ser imediatamente tratada com pesticidas adequados.<\/p>\n\n\n\n<p class=\"wp-block-paragraph\"><strong>Doen\u00e7a da mancha da folha<\/strong><\/p>\n\n\n\n<p class=\"wp-block-paragraph\">Esta doen\u00e7a \u00e9 causada por uma cultura cont\u00ednua, uma densidade de planta\u00e7\u00e3o elevada, uma ventila\u00e7\u00e3o deficiente e uma humidade elevada.<br>Preven\u00e7\u00e3o: Remover os res\u00edduos de plantas doentes para reduzir as fontes de infe\u00e7\u00e3o; utilizar variedades resistentes \u00e0s doen\u00e7as e aumentar adequadamente a aplica\u00e7\u00e3o de fertilizantes de f\u00f3sforo e pot\u00e1ssio para melhorar a resist\u00eancia das plantas \u00e0s doen\u00e7as; implementar a rota\u00e7\u00e3o de culturas; irrigar ao longo da superf\u00edcie do solo para evitar a pulveriza\u00e7\u00e3o de \u00e1gua sobre as plantas; pulverizar a mistura 1% Bordeaux ou uma solu\u00e7\u00e3o 300-600 vezes de 25% mancozeb ou uma solu\u00e7\u00e3o 1000 vezes de 50% metoxiacrilato, ou uma solu\u00e7\u00e3o 400-600 vezes de 80% mancozeb e zinco.<\/p>\n\n\n\n<p class=\"wp-block-paragraph\"><strong>Doen\u00e7a de Damping-off<\/strong><\/p>\n\n\n\n<p class=\"wp-block-paragraph\">Esta doen\u00e7a \u00e9 transmitida principalmente atrav\u00e9s do solo e dos fertilizantes. Ocorre facilmente quando a humidade \u00e9 elevada, a temperatura do solo \u00e9 demasiado alta, a sementeira \u00e9 demasiado densa e as pl\u00e2ntulas crescem fracamente.<br><strong>Preven\u00e7\u00e3o<\/strong>: Remover atempadamente as plantas doentes; desinfetar o solo; controlar adequadamente a rega antes do aparecimento das pl\u00e2ntulas; durante a fase inicial da doen\u00e7a, irrigar com uma solu\u00e7\u00e3o 300-400 vezes de 50% tiofanato-metilo ou uma solu\u00e7\u00e3o 1000 vezes de 70% metoxiacrilato.<\/p>\n\n\n\n<p class=\"wp-block-paragraph\"><strong>Doen\u00e7a da podrid\u00e3o<\/strong><\/p>\n\n\n\n<p class=\"wp-block-paragraph\">Esta doen\u00e7a \u00e9 causada principalmente por humidade elevada, luz insuficiente e ventila\u00e7\u00e3o deficiente.<br>Preven\u00e7\u00e3o: Controlar adequadamente a humidade e assegurar luz e ventila\u00e7\u00e3o adequadas.<\/p>\n\n\n\n<h3 class=\"wp-block-heading\">Pragas<\/h3>\n\n\n\n<p class=\"wp-block-paragraph\">Os principais parasitas s\u00e3o os af\u00eddeos, que se acumulam nas folhas, nos rebentos e nos bot\u00f5es florais. Utilizam as suas pe\u00e7as bucais perfurantes-sugadoras para perfurar os tecidos das plantas e sugar a seiva, provocando o aparecimento de manchas amarelas ou pretas nas partes afectadas. <\/p>\n\n\n\n<p class=\"wp-block-paragraph\">As folhas infectadas murcham e caem, os bot\u00f5es florais encolhem ou crescem de forma anormal e, em casos graves, as plantas podem morrer. Os af\u00eddeos podem segregar melada, levando ao crescimento de bact\u00e9rias e induzindo doen\u00e7as como o bolor fuliginoso.<\/p>\n\n\n\n<p class=\"wp-block-paragraph\"><strong>Preven\u00e7\u00e3o<\/strong>: Remover as ervas daninhas pr\u00f3ximas para eliminar habitats potenciais; pulverizar uma solu\u00e7\u00e3o 1000-1500 vezes de dimetoato 40% ou uma solu\u00e7\u00e3o 2000-3000 vezes de piretrina ou uma solu\u00e7\u00e3o 1000 vezes de ometoato 80%.<\/p>\n\n\n\n<h2 class=\"wp-block-heading\"><strong>Valor principal<\/strong><\/h2>\n\n\n\n<h3 class=\"wp-block-heading\"><strong>Valor do jardim<\/strong><\/h3>\n\n\n\n<p class=\"wp-block-paragraph\">A Matthiola incana \u00e9 densa em flores, de cores vivas e perfumadas. T\u00eam um longo per\u00edodo de flora\u00e7\u00e3o e abundantes cachos de flores, o que as torna adoradas por muitos entusiastas de flores. <\/p>\n\n\n\n<p class=\"wp-block-paragraph\">S\u00e3o adequadas para o cultivo em vaso e para a decora\u00e7\u00e3o de canteiros, degraus e caminhos de flores. A planta inteira com as suas flores pode ser utilizada para ramos de flores.<\/p>\n\n\n\n<p class=\"wp-block-paragraph\">A Matthiola incana pode ser utilizada como flor de corte para as esta\u00e7\u00f5es do inverno e da primavera. Devido \u00e0 sua forte resist\u00eancia ao frio, requerem menos custos de aquecimento e menos m\u00e3o de obra, o que as torna de grande valor para o cultivo. <\/p>\n\n\n\n<p class=\"wp-block-paragraph\">O ciclo entre a planta\u00e7\u00e3o e a colheita \u00e9 curto, pelo que s\u00e3o muito utilizadas. Normalmente, as violetas cultivadas no interior sem ramifica\u00e7\u00e3o s\u00e3o comercializadas de dezembro a fevereiro do ano seguinte. A maior parte das violetas comercializadas entre o final de mar\u00e7o e abril s\u00e3o cultivadas no exterior com ramifica\u00e7\u00e3o. <\/p>\n\n\n\n<p class=\"wp-block-paragraph\">Geralmente, as que n\u00e3o se ramificam s\u00e3o mais valiosas, e o pre\u00e7o da Matthiola incana de flor dupla \u00e9 2-3 vezes superior ao das de flor simples.<\/p>\n\n\n\n<h3 class=\"wp-block-heading\"><strong>Valor da sa\u00fade<\/strong><\/h3>\n\n\n\n<p class=\"wp-block-paragraph\">A Matthiola incana tem benef\u00edcios para a sa\u00fade, incluindo efeitos de limpeza e desintoxica\u00e7\u00e3o do calor, branqueamento da pele e propriedades redutoras de manchas, hidrata\u00e7\u00e3o da pele, benef\u00edcios de elimina\u00e7\u00e3o de rugas e manchas, e pode eliminar odores orais e melhorar o brilho. <\/p>\n\n\n\n<p class=\"wp-block-paragraph\">Tamb\u00e9m protegem contra a radia\u00e7\u00e3o UV. A Matthiola incana pode ajudar significativamente o trato respirat\u00f3rio, ajudar no tratamento da bronquite e hidratar a garganta. Podem tamb\u00e9m resolver os odores orais causados por c\u00e1ries.<\/p>\n\n\n\n<h2 class=\"wp-block-heading\">Cultura de plantas<\/h2>\n\n\n\n<p class=\"wp-block-paragraph\">Na Gr\u00e9cia antiga, a Matthiola incana simbolizava a abund\u00e2ncia e a produtividade, e Atenas utilizava-a como emblema nas suas bandeiras. \u00c9 a flor do estado de Rhode Island, nos Estados Unidos, e a sua linguagem floral representa \"beleza e amor eternos\".<\/p>\n\n\n\n<p class=\"wp-block-paragraph\">Linguagem floral da Matthiola incana: Beleza eterna e amor; Mod\u00e9stia, virtude, frescura do ver\u00e3o.<br>Matthiola incana (azul): Cuidado, lealdade, eu serei sempre leal.<br>Matthiola incana (branca): Vamos aproveitar a oportunidade para sermos felizes.<br>Matthiola incana (roxa): Apaixonar-me por ti num sonho, para mim, \u00e9s sempre t\u00e3o bela.<br>Ao mesmo tempo, o <a href=\"https:\/\/flowerslib.com\/pt\/o-que-e-a-violeta\/\">violeta<\/a> \u00e9 tamb\u00e9m a flor da sorte de Touro.<br>A Matthiola incana simboliza: Eleg\u00e2ncia, honestidade.<\/p>","protected":false},"excerpt":{"rendered":"<p>The Matthiola incana, commonly known as the violet, is a biennial or perennial herb in the Cruciferae family. The entire plant is densely covered with grayish-white, stalked, branched soft hairs. The stem stands upright with many branches and has a slightly woody base. The leaves range from oval to lanceolate or spatulate. This species is [&hellip;]<\/p>\n","protected":false},"author":1,"featured_media":5784,"comment_status":"open","ping_status":"open","sticky":false,"template":"","format":"standard","meta":{"_breakdance_hide_in_design_set":false,"_breakdance_tags":"","footnotes":""},"categories":[20],"tags":[],"class_list":["post-5779","post","type-post","status-publish","format-standard","has-post-thumbnail","hentry","category-species-and-types"],"_links":{"self":[{"href":"https:\/\/flowerslib.com\/pt\/wp-json\/wp\/v2\/posts\/5779","targetHints":{"allow":["GET"]}}],"collection":[{"href":"https:\/\/flowerslib.com\/pt\/wp-json\/wp\/v2\/posts"}],"about":[{"href":"https:\/\/flowerslib.com\/pt\/wp-json\/wp\/v2\/types\/post"}],"author":[{"embeddable":true,"href":"https:\/\/flowerslib.com\/pt\/wp-json\/wp\/v2\/users\/1"}],"replies":[{"embeddable":true,"href":"https:\/\/flowerslib.com\/pt\/wp-json\/wp\/v2\/comments?post=5779"}],"version-history":[{"count":0,"href":"https:\/\/flowerslib.com\/pt\/wp-json\/wp\/v2\/posts\/5779\/revisions"}],"wp:featuredmedia":[{"embeddable":true,"href":"https:\/\/flowerslib.com\/pt\/wp-json\/wp\/v2\/media\/5784"}],"wp:attachment":[{"href":"https:\/\/flowerslib.com\/pt\/wp-json\/wp\/v2\/media?parent=5779"}],"wp:term":[{"taxonomy":"category","embeddable":true,"href":"https:\/\/flowerslib.com\/pt\/wp-json\/wp\/v2\/categories?post=5779"},{"taxonomy":"post_tag","embeddable":true,"href":"https:\/\/flowerslib.com\/pt\/wp-json\/wp\/v2\/tags?post=5779"}],"curies":[{"name":"wp","href":"https:\/\/api.w.org\/{rel}","templated":true}]}}