{"id":5618,"date":"2023-07-27T10:36:34","date_gmt":"2023-07-27T02:36:34","guid":{"rendered":"https:\/\/flowerslib.com\/?p=5618"},"modified":"2023-09-02T23:24:41","modified_gmt":"2023-09-02T15:24:41","slug":"primula","status":"publish","type":"post","link":"https:\/\/flowerslib.com\/pt\/evening-primrose\/","title":{"rendered":"Pr\u00edmula da noite: Tipos, cuidados e maravilhas medicinais"},"content":{"rendered":"<p class=\"wp-block-paragraph\">A onagraceae, membro da fam\u00edlia Onagraceae, apresenta p\u00e9talas amarelas ou amarelo-p\u00e1lidas com uma forma ovada larga, cada uma medindo 2,5-3 cm de comprimento e 2-2,8 cm de largura, com uma ponta ligeiramente recortada. Esta planta resistente desenvolve-se em diversas condi\u00e7\u00f5es, tolerando ambientes \u00e1cidos e secos. <\/p>\n\n\n\n<p class=\"wp-block-paragraph\">Cresce melhor em solos neutros, ligeiramente alcalinos ou ligeiramente \u00e1cidos, com boa drenagem, e pode mesmo prosperar em solos soltos. No entanto, \u00e9 propensa a doen\u00e7as radiculares em solos demasiado h\u00famidos. No norte, \u00e9 uma planta anual, enquanto que a sul do rio Huai \u00e9 bienal. <\/p>\n\n\n\n<p class=\"wp-block-paragraph\">Origin\u00e1ria da Am\u00e9rica do Norte, foi introduzida na Europa nos primeiros tempos e rapidamente se espalhou pelas regi\u00f5es temperadas e subtropicais de todo o mundo. A pr\u00edmula \u00e9 um dos medicamentos nutricionais mais importantes descobertos neste s\u00e9culo. <\/p>\n\n\n\n<p class=\"wp-block-paragraph\">Pode tratar v\u00e1rias doen\u00e7as, regular os n\u00edveis de l\u00edpidos no sangue e demonstrou uma efic\u00e1cia not\u00e1vel contra a trombose da art\u00e9ria coron\u00e1ria, a aterosclerose e a trombose cerebral causadas por colesterol elevado e hiperlipidemia.<\/p>\n\n\n\n<h2 class=\"wp-block-heading\"><strong>Carater\u00edsticas morfol\u00f3gicas<\/strong><\/h2>\n\n\n\n<p class=\"wp-block-paragraph\">A pr\u00edmula \u00e9 uma planta herb\u00e1cea bienal com uma roseta de folhas basais que abra\u00e7am o solo. Cresce de 50 a 200 cm de altura, ramificada ou n\u00e3o, e est\u00e1 coberta de p\u00ealos macios encaracolados e de p\u00ealos longos, com p\u00ealos glandulares frequentemente misturados na parte superior do caule.<\/p>\n\n\n\n<p class=\"wp-block-paragraph\">As folhas basais s\u00e3o oblanceoladas, com 10-25 cm de comprimento e 2-4,5 cm de largura. A sua ponta \u00e9 afunilada e a base \u00e9 em forma de cunha. As margens apresentam dentes esparsos, irregulares, rasos e sem corte, e 12-15 pares de nervuras laterais est\u00e3o cobertas de p\u00ealos encaracolados macios e p\u00ealos longos em ambas as superf\u00edcies. <\/p>\n\n\n\n<p class=\"wp-block-paragraph\">Os caules das folhas t\u00eam 1,5-3 cm de comprimento. As folhas do caule s\u00e3o el\u00edpticas a oblanceoladas, com 7-20 cm de comprimento e 1-5 cm de largura. Elas afunilam para uma ponta afiada ou curta e s\u00e3o em forma de cunha na base. As margens t\u00eam 5-19 dentes esparsos e rombos de cada lado, e h\u00e1 6-12 pares de nervuras laterais. <\/p>\n\n\n\n<p class=\"wp-block-paragraph\">Ambas as superf\u00edcies e especialmente a parte inferior e os bordos das folhas do caule superior est\u00e3o cobertos de p\u00ealos encaracolados macios e p\u00ealos longos, frequentemente misturados com p\u00ealos glandulares. Os caules das folhas t\u00eam 0-15 mm de comprimento.<\/p>\n\n\n\n<p class=\"wp-block-paragraph\">A infloresc\u00eancia \u00e9 espiculada, n\u00e3o ramificada, ou possui infloresc\u00eancias laterais secund\u00e1rias sob a sequ\u00eancia principal. As br\u00e1cteas semelhantes a folhas t\u00eam metade do comprimento das flores quando em bot\u00e3o e alongam-se em formas el\u00edpticas oblanceoladas \u00e0 medida que amadurecem, reduzindo de tamanho de baixo para cima. Quase s\u00e9sseis, medem 1,5-9 cm de comprimento e 0,5-2 cm de largura e permanecem na planta quando esta frutifica. <\/p>\n\n\n\n<p class=\"wp-block-paragraph\">Os bot\u00f5es florais s\u00e3o oblongos, de forma c\u00f3nica, com 1,5-2 cm de comprimento e 4-5 mm de espessura, encimados por um bico com cerca de 3 mm de comprimento. O tubo floral tem 2,5-3,5 cm de comprimento e 1-1,2 mm de di\u00e2metro, \u00e9 amarelo-esverdeado ou avermelhado durante a flora\u00e7\u00e3o e est\u00e1 coberto por uma mistura de p\u00ealos macios, p\u00ealos longos e estendidos e p\u00ealos glandulares curtos. O c\u00e1lice cai ap\u00f3s a flora\u00e7\u00e3o. <\/p>\n\n\n\n<p class=\"wp-block-paragraph\"><\/p>\n\n\n<div class=\"wp-block-image\">\n<figure class=\"aligncenter size-full\"><img loading=\"lazy\" decoding=\"async\" width=\"1200\" height=\"800\" src=\"https:\/\/flowerslib.com\/wp-content\/uploads\/2023\/07\/2-79.jpg\" alt=\"Saiba mais sobre a pr\u00edmula da noite: No\u00e7\u00f5es b\u00e1sicas, tipos, crescimento e cuidados\uff0cValor e mais\" class=\"wp-image-5621\" srcset=\"https:\/\/flowerslib.com\/wp-content\/uploads\/2023\/07\/2-79.jpg 1200w, https:\/\/flowerslib.com\/wp-content\/uploads\/2023\/07\/2-79-300x200.jpg 300w, https:\/\/flowerslib.com\/wp-content\/uploads\/2023\/07\/2-79-150x100.jpg 150w, https:\/\/flowerslib.com\/wp-content\/uploads\/2023\/07\/2-79-768x512.jpg 768w\" sizes=\"auto, (max-width: 1200px) 100vw, 1200px\" \/><\/figure>\n<\/div>\n\n\n<p class=\"wp-block-paragraph\"><\/p>\n\n\n\n<p class=\"wp-block-paragraph\">As s\u00e9palas s\u00e3o verdes, por vezes avermelhadas, oblongo-oblanceoladas, com 1,8-2,2 cm de comprimento e 4-5 mm de largura no ponto mais largo. A ponta afunila-se abruptamente numa cauda de 3-4 mm de comprimento. No bot\u00e3o, est\u00e3o erectos e pr\u00f3ximos uns dos outros, reflectindo-se depois a partir da base e curvando-se para cima no meio quando se abrem. <\/p>\n\n\n\n<p class=\"wp-block-paragraph\">As p\u00e9talas s\u00e3o amarelas ou amarelo-p\u00e1lidas, amplamente ovadas, com 2,5-3 cm de comprimento, 2-2,8 cm de largura e ligeiramente recortadas na ponta. Os filamentos s\u00e3o quase iguais em comprimento, 10-18 mm de comprimento, e as anteras t\u00eam 8-10 mm de comprimento. Cerca de 50% dos gr\u00e3os de p\u00f3len desenvolvem-se. <\/p>\n\n\n\n<p class=\"wp-block-paragraph\">O ov\u00e1rio \u00e9 verde, cil\u00edndrico, quadrangular, com 1-1,2 cm de comprimento e 1,5-2,5 mm de espessura, densamente coberto de p\u00ealos longos e curtos glandulares e, por vezes, misturado com p\u00ealos moles encaracolados. O estilete tem 3,5-5 cm de comprimento, com a parte que sobressai do tubo floral com 0,7-1,5 cm de comprimento. O estigma \u00e9 rodeado por anteras. Durante a flora\u00e7\u00e3o, o p\u00f3len \u00e9 depositado diretamente nos l\u00f3bulos do estigma, que t\u00eam 3-5 mm de comprimento.<\/p>\n\n\n\n<p class=\"wp-block-paragraph\">O fruto \u00e9 uma c\u00e1psula c\u00f3nico-cil\u00edndrica, afunilada para cima, com 2-3,5 cm de comprimento e 4-5 mm de di\u00e2metro, erecta. \u00c9 verde, coberto de p\u00ealos semelhantes aos do ov\u00e1rio, mas que se tornam gradualmente esparsos, com cristas proeminentes. <\/p>\n\n\n\n<p class=\"wp-block-paragraph\">As sementes est\u00e3o dispostas horizontalmente no fruto. S\u00e3o castanho-escuras, angulosas, com 1-1,5 mm de comprimento e 0,5-1 mm de di\u00e2metro, com caro\u00e7os irregulares em cada superf\u00edcie.<\/p>\n\n\n\n<h2 class=\"wp-block-heading\"><strong>Habitat<\/strong><\/h2>\n\n\n\n<p class=\"wp-block-paragraph\">\u00c9 comum encontrar-se a crescer em encostas abertas ou bermas de estradas, podendo resistir \u00e0 seca e a solos pobres. Desenvolve-se em solo negro, solo arenoso, loess, terrenos florestais jovens, solos ligeiramente salino-alcalinos, terrenos baldios, praias fluviais e encostas.<\/p>\n\n\n\n<h2 class=\"wp-block-heading\"><strong>Distribui\u00e7\u00e3o<\/strong><\/h2>\n\n\n\n<p class=\"wp-block-paragraph\">Origin\u00e1ria da Am\u00e9rica do Norte (sobretudo do Canad\u00e1 e do leste dos Estados Unidos), foi introduzida na Europa nos primeiros tempos e rapidamente se espalhou pelas regi\u00f5es temperadas e subtropicais de todo o mundo.<\/p>\n\n\n\n<h2 class=\"wp-block-heading\"><strong>Crescimento e reprodu\u00e7\u00e3o<\/strong><\/h2>\n\n\n\n<h3 class=\"wp-block-heading\"><strong>Reprodu\u00e7\u00e3o das sementes<\/strong><\/h3>\n\n\n\n<p class=\"wp-block-paragraph\">A propaga\u00e7\u00e3o por sementes \u00e9 comum. No norte, as sementes s\u00e3o semeadas na primavera, enquanto que nas zonas a sul do rio Huai, as sementes podem ser semeadas no outono ou na primavera. Aquando da sementeira, o solo deve ser finamente raspado e nivelado. <\/p>\n\n\n\n<p class=\"wp-block-paragraph\">As sementes s\u00e3o espalhadas na superf\u00edcie do canteiro e ligeiramente remexidas, cobertas com uma fina camada de terra. Como as sementes s\u00e3o pequenas, n\u00e3o devem ser cobertas demasiado profundamente, sob pena de dificultar a sua germina\u00e7\u00e3o e o seu crescimento. Ap\u00f3s a sementeira, o solo deve ser mantido h\u00famido. Cerca de 10-15 dias ap\u00f3s a sementeira, as pl\u00e2ntulas podem come\u00e7ar a germinar.<\/p>\n\n\n\n<p class=\"wp-block-paragraph\">As sementes podem ser semeadas tanto na primavera como no outono, sendo a sementeira de outono efectuada a partir de meados de outubro at\u00e9 ao in\u00edcio das geadas. Se houver muita neve no inverno, a sementeira no outono \u00e9 prefer\u00edvel \u00e0 da primavera. A neve ligeira pode dar origem a falhas nas pl\u00e2ntulas. <\/p>\n\n\n\n<p class=\"wp-block-paragraph\">A sementeira de primavera pode ser efectuada antes da sementeira do trigo, quando o solo estiver descongelado a 2-3 cm de profundidade. Devido \u00e0 pequena quantidade de sementeira, podem ser utilizados 60 kg de fosfato diam\u00f3nico por hectare como enchimento para a sementeira; se for insuficiente, pode ser adicionada uma certa quantidade de serradura seca, trigo torrado ou colza. Semear a uma profundidade de 1-2 cm, compactar o solo atempadamente ap\u00f3s a sementeira. <\/p>\n\n\n\n<p class=\"wp-block-paragraph\"><\/p>\n\n\n<div class=\"wp-block-image\">\n<figure class=\"aligncenter size-full\"><img loading=\"lazy\" decoding=\"async\" width=\"1200\" height=\"800\" src=\"https:\/\/flowerslib.com\/wp-content\/uploads\/2023\/07\/6-47.jpg\" alt=\"Saiba mais sobre a pr\u00edmula da noite: No\u00e7\u00f5es b\u00e1sicas, tipos, crescimento e cuidados\uff0cValor e mais\" class=\"wp-image-5622\" srcset=\"https:\/\/flowerslib.com\/wp-content\/uploads\/2023\/07\/6-47.jpg 1200w, https:\/\/flowerslib.com\/wp-content\/uploads\/2023\/07\/6-47-300x200.jpg 300w, https:\/\/flowerslib.com\/wp-content\/uploads\/2023\/07\/6-47-150x100.jpg 150w, https:\/\/flowerslib.com\/wp-content\/uploads\/2023\/07\/6-47-768x512.jpg 768w\" sizes=\"auto, (max-width: 1200px) 100vw, 1200px\" \/><\/figure>\n<\/div>\n\n\n<p class=\"wp-block-paragraph\"><\/p>\n\n\n\n<p class=\"wp-block-paragraph\">Cada hectare requer 6 kg de sementes, com uma taxa de sobreviv\u00eancia de 400.000 a 500.000 pl\u00e2ntulas por hectare. A densidade de planta\u00e7\u00e3o n\u00e3o deve ser demasiado baixa, caso contr\u00e1rio a planta ramificar-se-\u00e1, levando a uma maturidade inconsistente.<\/p>\n\n\n\n<h3 class=\"wp-block-heading\"><strong>T\u00e9cnica de corte<\/strong><\/h3>\n\n\n\n<p class=\"wp-block-paragraph\">Os ramos utilizados para o corte s\u00e3o designados por estacas. Geralmente, as pontas robustas, isentas de doen\u00e7as e de pragas, retiradas durante o processo de pin\u00e7amento, s\u00e3o utilizadas como estacas, utilizando diretamente os topos para o corte.<\/p>\n\n\n\n<p class=\"wp-block-paragraph\">A temperatura ideal para as estacas enraizarem \u00e9 entre 18 \u2103 e 25 \u2103. Abaixo de 18 \u2103, o enraizamento \u00e9 dif\u00edcil e lento. Acima de 25 \u2103, as extremidades cortadas das estacas s\u00e3o propensas a infec\u00e7\u00f5es bacterianas e podrid\u00e3o, e quanto maior a temperatura, maior a propor\u00e7\u00e3o de podrid\u00e3o. <\/p>\n\n\n\n<p class=\"wp-block-paragraph\">Quando se registam temperaturas baixas ap\u00f3s o corte, o principal m\u00e9todo de isolamento consiste em envolver o vaso ou o recipiente utilizado para o corte com uma pel\u00edcula. <\/p>\n\n\n\n<p class=\"wp-block-paragraph\">Quando a temperatura \u00e9 demasiado elevada ap\u00f3s o corte, o principal m\u00e9todo de arrefecimento consiste em sombrear as estacas, bloqueando 50-80% a luz do sol, e nebulizar as estacas 3-5 vezes por dia. Nos dias de sol com temperaturas altas, nebulizar mais frequentemente; nos dias nublados e chuvosos com temperaturas mais baixas, nebulizar menos ou n\u00e3o nebulizar de todo.<\/p>\n\n\n\n<p class=\"wp-block-paragraph\">Ap\u00f3s o corte, \u00e9 essencial manter a humidade relativa do ar a 75-85%. Isto pode ser conseguido atrav\u00e9s da nebuliza\u00e7\u00e3o das estacas para aumentar a humidade, 1-3 vezes por dia. <\/p>\n\n\n\n<p class=\"wp-block-paragraph\">Nos dias de sol com temperaturas elevadas, nebulizar mais frequentemente; nos dias nublados e chuvosos com temperaturas mais baixas, nebulizar menos ou n\u00e3o nebulizar de todo. No entanto, uma nebuliza\u00e7\u00e3o excessiva pode provocar infec\u00e7\u00f5es bacterianas e o apodrecimento das estacas, pois existem muitos tipos de bact\u00e9rias na \u00e1gua.<\/p>\n\n\n\n<p class=\"wp-block-paragraph\">Ilumina\u00e7\u00e3o: A propaga\u00e7\u00e3o por estaca n\u00e3o pode ser separada da exposi\u00e7\u00e3o \u00e0 luz solar. No entanto, quanto mais forte for a luz, maior ser\u00e1 a temperatura interna das estacas, mais vigorosa ser\u00e1 a sua transpira\u00e7\u00e3o e maior ser\u00e1 o seu consumo de \u00e1gua, o que n\u00e3o \u00e9 favor\u00e1vel \u00e0 sobreviv\u00eancia das estacas. <\/p>\n\n\n\n<p class=\"wp-block-paragraph\">Por conseguinte, ap\u00f3s o corte, \u00e9 necess\u00e1rio bloquear a luz solar 50-80%. Ap\u00f3s o crescimento das ra\u00edzes, remover gradualmente a rede de sombra: em dias de sol, remover a rede de sombra \u00e0s 4:00 da tarde e cobri-la antes das 9:00 da manh\u00e3 seguinte.<\/p>\n\n\n\n<h2 class=\"wp-block-heading\"><strong>Controlo de pragas e doen\u00e7as<\/strong><\/h2>\n\n\n\n<p class=\"wp-block-paragraph\">Doen\u00e7a da podrid\u00e3o<\/p>\n\n\n\n<p class=\"wp-block-paragraph\">Quando a doen\u00e7a apodrece, as ra\u00edzes da planta descolorem e apodrecem gradualmente, as folhas murcham e secam e, por fim, toda a planta morre. M\u00e9todos de preven\u00e7\u00e3o: Utilizar 1% de \u00e1gua de cal, ou 1500 vezes a dilui\u00e7\u00e3o de 50% de tebuconazol, ou 1000 vezes a dilui\u00e7\u00e3o de 75% de carbendazim para regar.<\/p>\n\n\n\n<p class=\"wp-block-paragraph\">Mancha-parda<\/p>\n\n\n\n<p class=\"wp-block-paragraph\">(1) Sintomas: Esta doen\u00e7a afecta principalmente as folhas. Ap\u00f3s a infe\u00e7\u00e3o, as manchas nas folhas s\u00e3o redondas, castanho-claras, com 2-3 mm de di\u00e2metro, com bordos vermelho-p\u00farpura e centros castanhos, densamente cobertas por pequenas manchas pretas. Se a doen\u00e7a for grave, pode causar a morte das folhas.<\/p>\n\n\n\n<p class=\"wp-block-paragraph\">(2) Causa da doen\u00e7a: O agente patog\u00e9nico da doen\u00e7a \u00e9 Septoria oenotherae Westd., que pertence ao subfilo Ascomycotina, g\u00e9nero Septoria. O agente patog\u00e9nico sobrevive nos res\u00edduos doentes com conidi\u00f3foros e mic\u00e9lio, e liberta con\u00eddios para a infe\u00e7\u00e3o inicial ap\u00f3s a absor\u00e7\u00e3o de \u00e1gua na primavera seguinte. <\/p>\n\n\n\n<p class=\"wp-block-paragraph\">A doen\u00e7a propaga-se principalmente por salpicos de chuva e pelo fluxo de ar no campo, e a transmiss\u00e3o por sementes provoca a propaga\u00e7\u00e3o a longa dist\u00e2ncia. A temperatura e a humidade elevadas e a chuva cont\u00ednua s\u00e3o prop\u00edcias \u00e0 doen\u00e7a. A m\u00e1 gest\u00e3o do cultivo e o fraco crescimento das plantas s\u00e3o suscept\u00edveis \u00e0 doen\u00e7a. O pico da doen\u00e7a ocorre em julho-agosto, \u00e9poca de temperaturas elevadas e chuvas fortes.<\/p>\n\n\n\n<p class=\"wp-block-paragraph\">(3) M\u00e9todos de preven\u00e7\u00e3o e tratamento:<\/p>\n\n\n\n<p class=\"wp-block-paragraph\">\u2460 No outono, limpe completamente as folhas doentes no campo, concentre-se na queima ou enterro profundo para reduzir a quantidade de fungos de inverno no campo.<\/p>\n\n\n\n<p class=\"wp-block-paragraph\">\u2461 Antes de semear, mergulhar as sementes em 500 vezes a dilui\u00e7\u00e3o de 50% Mancozeb ou 50% Thiram durante 30 minutos, e semear depois de secar ao ar.<\/p>\n\n\n\n<p class=\"wp-block-paragraph\">\u2462 Na fase inicial da doen\u00e7a, pulverizar com 500 vezes a dilui\u00e7\u00e3o de 50% Thiram ou 600 vezes a dilui\u00e7\u00e3o de 50% Mancozeb uma vez, e repetir a cada 10-15 dias.<\/p>\n\n\n\n<h2 class=\"wp-block-heading\"><strong>Valores principais<\/strong><\/h2>\n\n\n\n<p class=\"wp-block-paragraph\"><\/p>\n\n\n<div class=\"wp-block-image\">\n<figure class=\"aligncenter size-full\"><img loading=\"lazy\" decoding=\"async\" width=\"1200\" height=\"800\" src=\"https:\/\/flowerslib.com\/wp-content\/uploads\/2023\/07\/4-58.jpg\" alt=\"Saiba mais sobre a pr\u00edmula da noite: No\u00e7\u00f5es b\u00e1sicas, tipos, crescimento e cuidados\uff0cValor e mais\" class=\"wp-image-5623\" srcset=\"https:\/\/flowerslib.com\/wp-content\/uploads\/2023\/07\/4-58.jpg 1200w, https:\/\/flowerslib.com\/wp-content\/uploads\/2023\/07\/4-58-300x200.jpg 300w, https:\/\/flowerslib.com\/wp-content\/uploads\/2023\/07\/4-58-150x100.jpg 150w, https:\/\/flowerslib.com\/wp-content\/uploads\/2023\/07\/4-58-768x512.jpg 768w\" sizes=\"auto, (max-width: 1200px) 100vw, 1200px\" \/><\/figure>\n<\/div>\n\n\n<p class=\"wp-block-paragraph\"><\/p>\n\n\n\n<h3 class=\"wp-block-heading\"><strong>Valor medicinal<\/strong><\/h3>\n\n\n\n<p class=\"wp-block-paragraph\">Fun\u00e7\u00f5es e indica\u00e7\u00f5es<\/p>\n\n\n\n<p class=\"wp-block-paragraph\">Alivia o reumatismo; fortalece os m\u00fasculos e os ossos. \u00c9 utilizado para a humidade do vento e do frio, dores musculares e \u00f3sseas, promove a circula\u00e7\u00e3o sangu\u00ednea, acalma o vento e o f\u00edgado, reduz o incha\u00e7o, cura feridas. <\/p>\n\n\n\n<p class=\"wp-block-paragraph\">\u00c9 tamb\u00e9m utilizada para a angina de peito, hemiplegia por acidente vascular cerebral, hiperatividade nas crian\u00e7as, entorpecimento reum\u00e1tico, dores abdominais e diarreia, dismenorreia, alucina\u00e7\u00f5es tipo raposa, feridas e \u00falceras e eczema.<\/p>\n\n\n\n<p class=\"wp-block-paragraph\">Efeitos farmacol\u00f3gicos<\/p>\n\n\n\n<ol class=\"wp-block-list\">\n<li>Efeitos hipolipemiantes e anti-aterosclerose: Gavagem com 5ml\/kg de \u00f3leo de onagra pode reduzir o aumento do colesterol total, do colesterol das lipoprote\u00ednas de baixa densidade e dos n\u00edveis de colesterol das lipoprote\u00ednas de muito baixa densidade induzidos por alimentos ricos em gordura em ratos; e pode aumentar significativamente os n\u00edveis de colesterol das lipoprote\u00ednas de alta densidade. Em coelhos alimentados com colesterol e banha de porco, causando hiperlipidemia e aterosclerose, 0,1~0,3ml\/kg de \u00f3leo de onagra administrado por gavagem durante 8 semanas; 4,1g\/kg de sal de s\u00f3dio dos \u00e1cidos gordos do \u00f3leo de onagra, administrado continuamente por gavagem durante 150 dias, aliviou significativamente a forma\u00e7\u00e3o de placas a\u00f3rticas em animais, com uma taxa de inibi\u00e7\u00e3o de 47,6%~73,5% pelo \u00f3leo de onagra.<\/li>\n\n\n\n<li>Efeito de perda de peso: 0,3~1ml\/kg de \u00f3leo de onagra, administrado continuamente por gavagem durante 8 semanas, pode prevenir a obesidade em ratos causada pela inje\u00e7\u00e3o subcut\u00e2nea de grandes doses de glutamato de s\u00f3dio (3mg\/g de peso corporal). Pode reduzir o triacilglicerol no sangue dos animais, aumentar o colesterol das lipoprote\u00ednas de alta densidade; e pode inibir o aumento dos adip\u00f3citos em ratos com glutamato de s\u00f3dio e o espessamento das vilosidades intestinais, ajustando assim a fun\u00e7\u00e3o de absor\u00e7\u00e3o do trato gastrointestinal e reduzindo a acumula\u00e7\u00e3o de gordura corporal.<\/li>\n\n\n\n<li>Efeito anti-f\u00edgado gordo: 0,3 ml\/kg de \u00f3leo de onagra e o seu sal s\u00f3dico 5% 2 ml\/kg e o sal s\u00f3dico 5% 6 ml\/kg administrados por gavagem contra o f\u00edgado gordo de ratos induzido por etionina, o \u00f3leo de onagra e o seu sal s\u00f3dico t\u00eam ambos bons efeitos anti-f\u00edgado gordo. Reduz significativamente o conte\u00fado de triacilglicerol no f\u00edgado gordo, inibindo a ocorr\u00eancia de f\u00edgado gordo.<\/li>\n\n\n\n<li>Efeito anti-arritmia: O \u00f3leo de onagra e o seu sal de s\u00f3dio t\u00eam efeitos preventivos e terap\u00eauticos significativos na arritmia induzida pela aconitina em ratos, pela digitoxina G em porquinhos-da-\u00edndia e pelo cloreto de b\u00e1rio em coelhos, sendo o efeito sobre a arritmia induzida pelo cloreto de b\u00e1rio o mais proeminente.<\/li>\n\n\n\n<li>Efeito anti-inflamat\u00f3rio: O \u00f3leo de onagra inibe significativamente a inflama\u00e7\u00e3o causada por v\u00e1rios agentes inflamat\u00f3rios. Gavagem com 2~4ml\/kg de \u00f3leo de onagra inibe significativamente o incha\u00e7o da orelha do rato causado por xileno, o incha\u00e7o da pata causado por carragenina, histamina, prostaglandina E2 (PGE2), queimaduras t\u00e9rmicas, formalina e Aspergillus tanto em ratos normais como em ratos adrenalectomizados. Inibe a liberta\u00e7\u00e3o de PGE e a inflama\u00e7\u00e3o causada por PGE e histamina, inibe a liberta\u00e7\u00e3o da subst\u00e2ncia de rea\u00e7\u00e3o lenta e estabiliza a membrana lisossomal. O seu efeito anti-inflamat\u00f3rio n\u00e3o \u00e9 atrav\u00e9s da estimula\u00e7\u00e3o do sistema do c\u00f3rtex pituit\u00e1rio-adrenal, mas possivelmente atrav\u00e9s da inibi\u00e7\u00e3o da liberta\u00e7\u00e3o de mediadores durante a inflama\u00e7\u00e3o e os processos de inflama\u00e7\u00e3o, exsuda\u00e7\u00e3o, quimiotaxia de leuc\u00f3citos e prolifera\u00e7\u00e3o do tecido conjuntivo.<\/li>\n\n\n\n<li>Outros efeitos: O \u00f3leo de onagra pode inibir a agrega\u00e7\u00e3o plaquet\u00e1ria e prevenir a forma\u00e7\u00e3o de co\u00e1gulos sangu\u00edneos.<\/li>\n<\/ol>\n\n\n\n<h3 class=\"wp-block-heading\"><strong>Valor econ\u00f3mico<\/strong><\/h3>\n\n\n\n<p class=\"wp-block-paragraph\">Esta esp\u00e9cie tem uma bela e <a href=\"https:\/\/flowerslib.com\/pt\/as-flores-mais-perfumadas-do-mundo\/\">flores perfumadas<\/a>\u00c9 uma planta de grande porte, frequentemente cultivada para fins ornamentais. As suas flores podem ser utilizadas para extrair \u00f3leos arom\u00e1ticos; as suas sementes podem ser prensadas para obter \u00f3leos comest\u00edveis e medicinais; as fibras da casca do caule podem ser utilizadas para fazer cordas.<\/p>\n\n\n\n<p class=\"wp-block-paragraph\">As suas sementes cont\u00eam at\u00e9 25,1% de \u00f3leo, dos quais at\u00e9 8,1% de \u00e1cido \u03b3-linol\u00e9nico, o que faz dela uma esp\u00e9cie com o potencial de desenvolvimento mais promissor.<\/p>\n\n\n\n<h2 class=\"wp-block-heading\"><strong>Cultura de plantas<\/strong><\/h2>\n\n\n\n<p class=\"wp-block-paragraph\">H\u00e1 um ditado que diz que quando uma mulher oferece onagra a um homem, esta representa o \"amor silencioso\". Outra interpreta\u00e7\u00e3o comum \u00e9 que a onagra representa um cora\u00e7\u00e3o inflex\u00edvel, um cora\u00e7\u00e3o livre. H\u00e1 tamb\u00e9m quem diga que a <a class=\"wpil_keyword_link\" href=\"https:\/\/flowerslib.com\/pt\/linguagem-das-flores\/\"   title=\"linguagem das flores\" data-wpil-keyword-link=\"linked\">linguagem das flores<\/a> de onagra \u00e9 a magia da \"beleza depois do banho\".<\/p>","protected":false},"excerpt":{"rendered":"<p>The Evening Primrose, a member of the Onagraceae family, sports yellow or pale yellow petals in a wide ovate shape, each measuring 2.5-3 cm in length and 2-2.8 cm in width, with a slightly indented tip. This hardy plant thrives in diverse conditions, tolerating acidic and dry environments. It grows best in neutral, slightly alkaline [&hellip;]<\/p>\n","protected":false},"author":1,"featured_media":5620,"comment_status":"open","ping_status":"open","sticky":false,"template":"","format":"standard","meta":{"_breakdance_hide_in_design_set":false,"_breakdance_tags":"","footnotes":""},"categories":[20],"tags":[],"class_list":["post-5618","post","type-post","status-publish","format-standard","has-post-thumbnail","hentry","category-species-and-types"],"_links":{"self":[{"href":"https:\/\/flowerslib.com\/pt\/wp-json\/wp\/v2\/posts\/5618","targetHints":{"allow":["GET"]}}],"collection":[{"href":"https:\/\/flowerslib.com\/pt\/wp-json\/wp\/v2\/posts"}],"about":[{"href":"https:\/\/flowerslib.com\/pt\/wp-json\/wp\/v2\/types\/post"}],"author":[{"embeddable":true,"href":"https:\/\/flowerslib.com\/pt\/wp-json\/wp\/v2\/users\/1"}],"replies":[{"embeddable":true,"href":"https:\/\/flowerslib.com\/pt\/wp-json\/wp\/v2\/comments?post=5618"}],"version-history":[{"count":0,"href":"https:\/\/flowerslib.com\/pt\/wp-json\/wp\/v2\/posts\/5618\/revisions"}],"wp:featuredmedia":[{"embeddable":true,"href":"https:\/\/flowerslib.com\/pt\/wp-json\/wp\/v2\/media\/5620"}],"wp:attachment":[{"href":"https:\/\/flowerslib.com\/pt\/wp-json\/wp\/v2\/media?parent=5618"}],"wp:term":[{"taxonomy":"category","embeddable":true,"href":"https:\/\/flowerslib.com\/pt\/wp-json\/wp\/v2\/categories?post=5618"},{"taxonomy":"post_tag","embeddable":true,"href":"https:\/\/flowerslib.com\/pt\/wp-json\/wp\/v2\/tags?post=5618"}],"curies":[{"name":"wp","href":"https:\/\/api.w.org\/{rel}","templated":true}]}}