{"id":5295,"date":"2023-07-22T19:03:33","date_gmt":"2023-07-22T11:03:33","guid":{"rendered":"https:\/\/flowerslib.com\/?p=5295"},"modified":"2023-09-02T23:24:38","modified_gmt":"2023-09-02T15:24:38","slug":"pelargonium-hortorum-bailey","status":"publish","type":"post","link":"https:\/\/flowerslib.com\/pt\/pelargonium-hortorum-bailey\/","title":{"rendered":"Pelargonium Hortorum Vibrante: Tipos, crescimento e guia de cuidados"},"content":{"rendered":"<p class=\"wp-block-paragraph\">O Pelargonium hortorum Bailey, tamb\u00e9m conhecido como ger\u00e2nio de jardim, ger\u00e2nio zonal e bico de cegonha, pertence \u00e0 fam\u00edlia Geraniaceae e ao g\u00e9nero Pelargonium, que inclui cerca de 230 esp\u00e9cies de plantas perenes suculentas, subarbustos ou arbustos. <\/p>\n\n\n\n<p class=\"wp-block-paragraph\">O ger\u00e2nio \u00e9 uma flor herb\u00e1cea perene com folhas palmadas e pec\u00edolos longos; as suas flores s\u00e3o geralmente umbeladas com cinco p\u00e9talas, florescendo de maio a julho. As cores das flores variam: vermelho, branco, cor-de-rosa, p\u00farpura, etc. A <a href=\"https:\/\/flowerslib.com\/pt\/as-flores-mais-bonitas-do-mundo\/\">as flores s\u00e3o lindas<\/a> e rica em cor, possuindo um elevado valor ornamental. <\/p>\n\n\n\n<p class=\"wp-block-paragraph\"><\/p>\n\n\n<div class=\"wp-block-image\">\n<figure class=\"aligncenter size-full\"><img loading=\"lazy\" decoding=\"async\" width=\"1200\" height=\"800\" src=\"https:\/\/flowerslib.com\/wp-content\/uploads\/2023\/07\/5-36.jpg\" alt=\"Saiba mais sobre o Pelargonium Hortorum Bailey: no\u00e7\u00f5es b\u00e1sicas, tipos, crescimento e cuidados, valor e muito mais\" class=\"wp-image-5299\" srcset=\"https:\/\/flowerslib.com\/wp-content\/uploads\/2023\/07\/5-36.jpg 1200w, https:\/\/flowerslib.com\/wp-content\/uploads\/2023\/07\/5-36-300x200.jpg 300w, https:\/\/flowerslib.com\/wp-content\/uploads\/2023\/07\/5-36-150x100.jpg 150w, https:\/\/flowerslib.com\/wp-content\/uploads\/2023\/07\/5-36-768x512.jpg 768w\" sizes=\"auto, (max-width: 1200px) 100vw, 1200px\" \/><\/figure>\n<\/div>\n\n\n<p class=\"wp-block-paragraph\"><\/p>\n\n\n\n<p class=\"wp-block-paragraph\">\u00c9 importante notar que os ger\u00e2nios s\u00e3o venenosos. O sumo da planta cont\u00e9m um alcaloide que pode causar vermelhid\u00e3o e incha\u00e7o da pele se for tocado, mas desde que n\u00e3o se toque no sumo, mantendo-o em casa para visualiza\u00e7\u00e3o e a sua fragr\u00e2ncia n\u00e3o \u00e9 t\u00f3xica.<\/p>\n\n\n\n<h2 class=\"wp-block-heading\"><strong>Introdu\u00e7\u00e3o b\u00e1sica<\/strong><\/h2>\n\n\n\n<p class=\"wp-block-paragraph\"><\/p>\n\n\n\n<figure class=\"wp-block-image size-full\"><img loading=\"lazy\" decoding=\"async\" width=\"1200\" height=\"800\" src=\"https:\/\/flowerslib.com\/wp-content\/uploads\/2023\/07\/1-51.jpg\" alt=\"Saiba mais sobre o Pelargonium Hortorum Bailey: no\u00e7\u00f5es b\u00e1sicas, tipos, crescimento e cuidados, valor e muito mais\" class=\"wp-image-5306\" srcset=\"https:\/\/flowerslib.com\/wp-content\/uploads\/2023\/07\/1-51.jpg 1200w, https:\/\/flowerslib.com\/wp-content\/uploads\/2023\/07\/1-51-300x200.jpg 300w, https:\/\/flowerslib.com\/wp-content\/uploads\/2023\/07\/1-51-150x100.jpg 150w, https:\/\/flowerslib.com\/wp-content\/uploads\/2023\/07\/1-51-768x512.jpg 768w\" sizes=\"auto, (max-width: 1200px) 100vw, 1200px\" \/><\/figure>\n\n\n\n<p class=\"wp-block-paragraph\"><\/p>\n\n\n\n<p class=\"wp-block-paragraph\">O ger\u00e2nio, tamb\u00e9m conhecido como ger\u00e2nio de jardim, ger\u00e2nio zonal e bico de cegonha, \u00e9 origin\u00e1rio da \u00c1frica do Sul e \u00e9 uma flor herb\u00e1cea perene. As folhas s\u00e3o palmadas com pec\u00edolos longos, os bordos das folhas s\u00e3o frequentemente serrilhados e a superf\u00edcie da folha tem padr\u00f5es anulares profundos. As flores t\u00eam geralmente cinco p\u00e9talas, as infloresc\u00eancias s\u00e3o umbeladas e crescem em hastes de flores rectas. <\/p>\n\n\n\n<p class=\"wp-block-paragraph\">Devido ao facto de as flores estarem densamente agrupadas como uma bola, tamb\u00e9m \u00e9 conhecido como ger\u00e2nio de jardim. As cores das flores variam, incluindo o vermelho, o branco, o cor-de-rosa e o roxo. Os ger\u00e2nios florescem desde o in\u00edcio do inverno at\u00e9 ao in\u00edcio do ver\u00e3o seguinte. Os ger\u00e2nios podem ser plantados em vasos no interior e no exterior; podem tamb\u00e9m ser utilizados em canteiros de flores primaveris.<\/p>\n\n\n\n<h2 class=\"wp-block-heading\"><strong>Variedades de Ger\u00e2nio<\/strong><\/h2>\n\n\n\n<p class=\"wp-block-paragraph\"><\/p>\n\n\n<div class=\"wp-block-image\">\n<figure class=\"aligncenter size-full\"><img loading=\"lazy\" decoding=\"async\" width=\"1200\" height=\"800\" src=\"https:\/\/flowerslib.com\/wp-content\/uploads\/2023\/07\/3-39.jpg\" alt=\"Saiba mais sobre o Pelargonium Hortorum Bailey: no\u00e7\u00f5es b\u00e1sicas, tipos, crescimento e cuidados, valor e muito mais\" class=\"wp-image-5301\" srcset=\"https:\/\/flowerslib.com\/wp-content\/uploads\/2023\/07\/3-39.jpg 1200w, https:\/\/flowerslib.com\/wp-content\/uploads\/2023\/07\/3-39-300x200.jpg 300w, https:\/\/flowerslib.com\/wp-content\/uploads\/2023\/07\/3-39-150x100.jpg 150w, https:\/\/flowerslib.com\/wp-content\/uploads\/2023\/07\/3-39-768x512.jpg 768w\" sizes=\"auto, (max-width: 1200px) 100vw, 1200px\" \/><\/figure>\n<\/div>\n\n\n<h3 class=\"wp-block-heading\"><strong>Ger\u00e2nios em rastos<\/strong><\/h3>\n\n\n\n<p class=\"wp-block-paragraph\">Os ger\u00e2nios de arrasto, tamb\u00e9m conhecidos como ger\u00e2nios de folha de escudo ou ger\u00e2nios de videira, t\u00eam diversas variedades: Ametista com flores vermelho-p\u00farpura; Lambada98 com flores cor-de-rosa; Shany com flores semi-duplas, vermelho-escuras; Penve com flores semi-duplas, cor-de-rosa; Tomado com flores simples, <a class=\"wpil_keyword_link\" href=\"https:\/\/flowerslib.com\/pt\/as-mais-belas-flores-brancas\/\"   title=\"flores brancas\" data-wpil-keyword-link=\"linked\">flores brancas<\/a>. Al\u00e9m disso, existem ger\u00e2nios tetrapl\u00f3ides como o Freckles com flores cor-de-rosa e o TetraScarlet, uma variedade de flores grandes com flores vermelhas brilhantes.<\/p>\n\n\n\n<h3 class=\"wp-block-heading\"><strong>Ger\u00e2nios perfumados<\/strong><\/h3>\n\n\n\n<p class=\"wp-block-paragraph\"><\/p>\n\n\n<div class=\"wp-block-image\">\n<figure class=\"aligncenter size-full\"><img loading=\"lazy\" decoding=\"async\" width=\"1200\" height=\"800\" src=\"https:\/\/flowerslib.com\/wp-content\/uploads\/2023\/07\/6-40.jpg\" alt=\"Saiba mais sobre o Pelargonium Hortorum Bailey: no\u00e7\u00f5es b\u00e1sicas, tipos, crescimento e cuidados, valor e muito mais\" class=\"wp-image-5302\" srcset=\"https:\/\/flowerslib.com\/wp-content\/uploads\/2023\/07\/6-40.jpg 1200w, https:\/\/flowerslib.com\/wp-content\/uploads\/2023\/07\/6-40-300x200.jpg 300w, https:\/\/flowerslib.com\/wp-content\/uploads\/2023\/07\/6-40-150x100.jpg 150w, https:\/\/flowerslib.com\/wp-content\/uploads\/2023\/07\/6-40-768x512.jpg 768w\" sizes=\"auto, (max-width: 1200px) 100vw, 1200px\" \/><\/figure>\n<\/div>\n\n\n<p class=\"wp-block-paragraph\"><\/p>\n\n\n\n<p class=\"wp-block-paragraph\">Os ger\u00e2nios perfumados s\u00e3o tamb\u00e9m conhecidos como ger\u00e2nios perfumados e s\u00e3o designados comercialmente como plantas repelentes de mosquitos. Os ger\u00e2nios perfumados (Pelargonium graveolens) s\u00e3o plantas do g\u00e9nero Pelargonium e s\u00e3o populares porque t\u00eam uma fragr\u00e2ncia vol\u00e1til. Podem ser utilizadas para produzir \u00f3leos essenciais, cujos principais componentes incluem o geraniol, o citronelol, o linalol, etc. <\/p>\n\n\n\n<p class=\"wp-block-paragraph\">H\u00e1 muitos tipos de fragr\u00e2ncias, incluindo lim\u00e3o, rosa e frutas. Como s\u00e3o f\u00e1ceis de cultivar e gerir e t\u00eam um elevado rendimento de \u00f3leo essencial, podem ser utilizadas como substituto de outros \u00f3leos essenciais com rendimentos mais baixos, tais como <a href=\"https:\/\/flowerslib.com\/pt\/rosas-beneficios-utilizacoes-dicas-de-selecao\/\">rosa<\/a> ou \u00f3leo de neroli.<\/p>\n\n\n\n<h3 class=\"wp-block-heading\"><strong>Ger\u00e2nio em ferradura<\/strong><\/h3>\n\n\n\n<p class=\"wp-block-paragraph\"><\/p>\n\n\n<div class=\"wp-block-image\">\n<figure class=\"aligncenter size-full\"><img loading=\"lazy\" decoding=\"async\" width=\"1200\" height=\"800\" src=\"https:\/\/flowerslib.com\/wp-content\/uploads\/2023\/07\/2-46.jpg\" alt=\"Saiba mais sobre o Pelargonium Hortorum Bailey: no\u00e7\u00f5es b\u00e1sicas, tipos, crescimento e cuidados, valor e muito mais\" class=\"wp-image-5303\" srcset=\"https:\/\/flowerslib.com\/wp-content\/uploads\/2023\/07\/2-46.jpg 1200w, https:\/\/flowerslib.com\/wp-content\/uploads\/2023\/07\/2-46-300x200.jpg 300w, https:\/\/flowerslib.com\/wp-content\/uploads\/2023\/07\/2-46-150x100.jpg 150w, https:\/\/flowerslib.com\/wp-content\/uploads\/2023\/07\/2-46-768x512.jpg 768w\" sizes=\"auto, (max-width: 1200px) 100vw, 1200px\" \/><\/figure>\n<\/div>\n\n\n<p class=\"wp-block-paragraph\"><\/p>\n\n\n\n<p class=\"wp-block-paragraph\">O ger\u00e2nio em ferradura \u00e9 um sub-arbusto que cresce 30-80 cm de altura, com um caule ereto, cil\u00edndrico e quase carnudo. As folhas s\u00e3o ovadas em forma de escudo ou inversamente ovadas, com an\u00e9is castanhos profundos em forma de ferradura na superf\u00edcie da folha, e os bordos das folhas t\u00eam serrilhas rombas. As flores variam do vermelho escuro ao branco, s\u00e3o em menor n\u00famero e florescem durante todo o ano.<\/p>\n\n\n\n<h3 class=\"wp-block-heading\"><strong>Ger\u00e2nio dom\u00e9stico<\/strong><\/h3>\n\n\n\n<p class=\"wp-block-paragraph\">O ger\u00e2nio dom\u00e9stico \u00e9 uma erva perene, com 30-40 cm de altura, com um caule ereto e ramificado. A base \u00e9 lenhosa e coberta de p\u00ealos longos, espalhados e macios. As folhas s\u00e3o alternas; as est\u00edpulas s\u00e3o secas e membranosas, amplamente triangulares-ovais; as l\u00e2minas das folhas s\u00e3o redondas e reniformes, com a base em forma de cora\u00e7\u00e3o ou truncada. <\/p>\n\n\n\n<p class=\"wp-block-paragraph\"><\/p>\n\n\n<div class=\"wp-block-image\">\n<figure class=\"aligncenter size-full\"><img loading=\"lazy\" decoding=\"async\" width=\"1200\" height=\"800\" src=\"https:\/\/flowerslib.com\/wp-content\/uploads\/2023\/07\/9-11.jpg\" alt=\"Saiba mais sobre o Pelargonium Hortorum Bailey: no\u00e7\u00f5es b\u00e1sicas, tipos, crescimento e cuidados, valor e muito mais\" class=\"wp-image-5304\" srcset=\"https:\/\/flowerslib.com\/wp-content\/uploads\/2023\/07\/9-11.jpg 1200w, https:\/\/flowerslib.com\/wp-content\/uploads\/2023\/07\/9-11-300x200.jpg 300w, https:\/\/flowerslib.com\/wp-content\/uploads\/2023\/07\/9-11-150x100.jpg 150w, https:\/\/flowerslib.com\/wp-content\/uploads\/2023\/07\/9-11-768x512.jpg 768w\" sizes=\"auto, (max-width: 1200px) 100vw, 1200px\" \/><\/figure>\n<\/div>\n\n\n<p class=\"wp-block-paragraph\">As infloresc\u00eancias umbeladas s\u00e3o opostas \u00e0s folhas ou axilares, obviamente mais longas do que as folhas, com v\u00e1rias flores; os l\u00f3bulos do c\u00e1lice s\u00e3o lanceolados e a corola \u00e9 rosa, vermelho-claro, vermelho-escuro ou branca.<\/p>\n\n\n\n<h2 class=\"wp-block-heading\"><strong>Crescimento e distribui\u00e7\u00e3o<\/strong><\/h2>\n\n\n\n<h3 class=\"wp-block-heading\"><strong>Ambiente de crescimento<\/strong><\/h3>\n\n\n\n<p class=\"wp-block-paragraph\">Os ger\u00e2nios gostam de invernos quentes e ver\u00f5es frescos. No inverno, a temperatura interna \u00e9 mantida em 10-15 \u2103 todos os dias, e a temperatura noturna est\u00e1 acima de 8 \u2103, ela pode florescer normalmente. No entanto, a temperatura adequada deve ser de 15-20 \u2103. <\/p>\n\n\n\n<p class=\"wp-block-paragraph\">Os ger\u00e2nios preferem o seco e n\u00e3o gostam de humidade, pelo que n\u00e3o devem ser regados em demasia no inverno e precisam de estar secos e h\u00famidos. Se o solo estiver h\u00famido, o caule ficar\u00e1 tenro, o que n\u00e3o \u00e9 prop\u00edcio \u00e0 germina\u00e7\u00e3o e ao desabrochar dos ramos das flores; se estiver demasiado h\u00famido durante muito tempo, far\u00e1 com que a planta cres\u00e7a em altura, os ramos das flores se movam para cima e as folhas se tornem gradualmente amarelas e caiam.<\/p>\n\n\n\n<p class=\"wp-block-paragraph\">Os ger\u00e2nios necessitam de muita luz solar durante o per\u00edodo de crescimento, pelo que devem ser colocados num local ensolarado no inverno. Se a luz for insuficiente, o caule e as folhas crescer\u00e3o altos, os caules das flores ser\u00e3o finos e macios e as infloresc\u00eancias n\u00e3o se desenvolver\u00e3o bem; os bot\u00f5es de flores muitas vezes n\u00e3o florescem bem e murcham prematuramente sob luz fraca. Os ger\u00e2nios n\u00e3o gostam de fertiliza\u00e7\u00e3o pesada, e um excesso de fertilizante far\u00e1 com que os ger\u00e2nios cres\u00e7am demasiado vigorosamente e n\u00e3o conduzam \u00e0 flora\u00e7\u00e3o.<\/p>\n\n\n\n<h3 class=\"wp-block-heading\"><strong>Gama de distribui\u00e7\u00e3o<\/strong><\/h3>\n\n\n\n<p class=\"wp-block-paragraph\">Cultivada vulgarmente em toda a China. Origin\u00e1ria da parte sul de \u00c1frica.<\/p>\n\n\n\n<p class=\"wp-block-paragraph\">Antes de 1600, foi trazida de volta ao <a href=\"https:\/\/flowerslib.com\/pt\/tulipas-flores-de-cerejeira-calendario-de-floracao\/\">jardim bot\u00e2nico<\/a> em Leiden, nos Pa\u00edses Baixos, por um navio que tinha atracado no Cabo da Boa Esperan\u00e7a. Em 1631, o jardineiro brit\u00e2nico John Tradescant comprou sementes a Ren\u00e9 Morin em Paris e introduziu a planta em Inglaterra.<\/p>\n\n\n\n<h2 class=\"wp-block-heading\"><strong>Morfologia e carater\u00edsticas<\/strong><\/h2>\n\n\n\n<p class=\"wp-block-paragraph\">Erva perene, 30-60 cm de altura.<\/p>\n\n\n\n<p class=\"wp-block-paragraph\">O caule \u00e9 ereto, lenhoso na base, carnudo na parte superior, muito ramificado ou n\u00e3o ramificado, com n\u00f3s bem vis\u00edveis, densamente coberto de p\u00ealos curtos e macios, e tem um cheiro forte a peixe picado. As folhas s\u00e3o alternas; as est\u00edpulas s\u00e3o amplamente triangulares ou ovais, com 7-15 mm de comprimento, cobertas de p\u00ealos moles e glandulares; os pec\u00edolos das folhas t\u00eam 3-10 cm de comprimento, cobertos de p\u00ealos finos e moles e de p\u00ealos glandulares; as l\u00e2minas das folhas s\u00e3o redondas ou em forma de rim, em forma de cora\u00e7\u00e3o no caule, com 3-7 cm de di\u00e2metro, os bordos s\u00e3o ondulados e pouco cortados, com dentes redondos, ambas as superf\u00edcies est\u00e3o cobertas de p\u00ealos moles curtos e transparentes, e existe um anel vermelho-escuro em forma de ferradura na superf\u00edcie do bordo da folha.<\/p>\n\n\n\n<p class=\"wp-block-paragraph\">As infloresc\u00eancias umbeladas s\u00e3o axilares e cont\u00eam v\u00e1rias flores. Os ped\u00fanculos s\u00e3o mais compridos do que as folhas e est\u00e3o cobertos de p\u00ealos curtos e macios. Existem v\u00e1rias br\u00e1cteas largas e ovadas. Os pedicelos t\u00eam 3-4 cm de comprimento e est\u00e3o cobertos de p\u00ealos moles e de p\u00ealos glandulares. Os bot\u00f5es pendem durante a fase de rebenta\u00e7\u00e3o e ficam de p\u00e9 durante a fase de flora\u00e7\u00e3o. <\/p>\n\n\n\n<p class=\"wp-block-paragraph\">Os l\u00f3bulos do c\u00e1lice s\u00e3o estreitamente lanceolados, com 8-10 mm de comprimento, densamente glandulares e com p\u00ealos longos e macios no exterior, e as p\u00e9talas s\u00e3o vermelhas, vermelho-alaranjadas, cor-de-rosa ou brancas, ovais largas, com 12-15 mm de comprimento, 6-8 mm de largura, redondas na parte superior, com uma garra curta na base, sendo as tr\u00eas inferiores geralmente maiores; o ov\u00e1rio \u00e9 densamente coberto de p\u00ealos curtos e macios.<\/p>\n\n\n\n<p class=\"wp-block-paragraph\">A c\u00e1psula tem cerca de 3 cm de comprimento e est\u00e1 coberta de p\u00ealos macios. A flora\u00e7\u00e3o ocorre de maio a julho e a frutifica\u00e7\u00e3o de junho a setembro.<\/p>\n\n\n\n<h2 class=\"wp-block-heading\"><strong>M\u00e9todos de cultivo de ger\u00e2nios<\/strong><\/h2>\n\n\n\n<h3 class=\"wp-block-heading\"><strong>Condi\u00e7\u00f5es de cultivo<\/strong><\/h3>\n\n\n\n<p class=\"wp-block-paragraph\"><strong>1. Controlo da temperatura:<\/strong> A temperatura adequada para os ger\u00e2nios \u00e9 de 10-20 graus Celsius, o que \u00e9 muito adequado na primavera e no outono, demasiado frio no inverno e demasiado quente no ver\u00e3o. Assim, no ver\u00e3o, \u00e9 necess\u00e1rio evitar a exposi\u00e7\u00e3o solar e coloc\u00e1-la num local fresco. No inverno, a temperatura interior n\u00e3o deve ser inferior a 0 graus, caso contr\u00e1rio, o animal congela. Se n\u00e3o houver equipamento de aquecimento, acender uma l\u00e2mpada de 200 graus numa divis\u00e3o pequena tamb\u00e9m ter\u00e1 um certo efeito de prote\u00e7\u00e3o contra a geada.<\/p>\n\n\n\n<p class=\"wp-block-paragraph\"><strong>2. Controlo da humidade:<\/strong> Os ger\u00e2nios s\u00e3o proibidos de serem regados em demasia. Se se verificar que as ra\u00edzes dos ger\u00e2nios est\u00e3o podres, pode ser devido a uma rega excessiva e a um clima bastante quente e abafado. Limite a frequ\u00eancia das regas a uma vez de dois em dois ou de tr\u00eas em tr\u00eas dias, e cada rega deve ser completa.<\/p>\n\n\n\n<p class=\"wp-block-paragraph\"><strong>3. Sele\u00e7\u00e3o do solo:<\/strong> Os ger\u00e2nios sobrevivem bem em solos arenosos, e o solo comprado nos mercados de flores misturado com um pouco de areia \u00e9 mais prop\u00edcio ao crescimento dos ger\u00e2nios.<\/p>\n\n\n\n<p class=\"wp-block-paragraph\"><strong>4. Impacto clim\u00e1tico:<\/strong> Os ventos fortes podem partir os ger\u00e2nios e as chuvas fortes podem fazer com que as ra\u00edzes dos ger\u00e2nios fiquem encharcadas pela \u00e1gua da chuva, provocando a falta de oxig\u00e9nio e o apodrecimento das ra\u00edzes.<\/p>\n\n\n\n<p class=\"wp-block-paragraph\"><strong>6. Controlo da fertiliza\u00e7\u00e3o:<\/strong> Uma fertiliza\u00e7\u00e3o excessiva de uma s\u00f3 vez pode provocar a desidrata\u00e7\u00e3o dos ger\u00e2nios. Se for aplicado demasiado adubo, como por exemplo demasiado adubo azotado, isso far\u00e1 com que a planta cres\u00e7a de forma selvagem e n\u00e3o flores\u00e7a. Ap\u00f3s uma fertiliza\u00e7\u00e3o excessiva, a rega frequente pode aliviar os sintomas.<\/p>\n\n\n\n<p class=\"wp-block-paragraph\"><strong>7. Condi\u00e7\u00f5es de ilumina\u00e7\u00e3o:<\/strong> A luz solar adequada ajuda os ger\u00e2nios a florescer, mas n\u00e3o devem ser expostos \u00e0 luz solar direta quando a temperatura \u00e9 demasiado elevada. Maior exposi\u00e7\u00e3o solar na primavera e no outono e, no ver\u00e3o, aten\u00e7\u00e3o \u00e0 temperatura, se a temperatura for demasiado elevada, evitar expor os ger\u00e2nios \u00e0 luz.<\/p>\n\n\n\n<h2 class=\"wp-block-heading\">M\u00e9todos de propaga\u00e7\u00e3o<\/h2>\n\n\n\n<h3 class=\"wp-block-heading\">Propaga\u00e7\u00e3o de sementes<\/h3>\n\n\n\n<p class=\"wp-block-paragraph\">Tanto a primavera quanto o outono s\u00e3o adequados para esse m\u00e9todo, e a semeadura em vasos internos na primavera \u00e9 prefer\u00edvel. A temperatura ideal para a germina\u00e7\u00e3o \u00e9 de 20-25 \u2103. As sementes de ger\u00e2nios n\u00e3o s\u00e3o grandes, portanto o solo n\u00e3o deve ser coberto muito fundo ap\u00f3s a semeadura e germinam em cerca de 2-5 dias. Se semeadas no outono, elas podem florescer no ver\u00e3o do segundo ano. Podem ser selecionadas excelentes variedades interm\u00e9dias a partir de pl\u00e2ntulas propagadas por sementeira.<\/p>\n\n\n\n<h3 class=\"wp-block-heading\">Propaga\u00e7\u00e3o de estacas<\/h3>\n\n\n\n<p class=\"wp-block-paragraph\">A propaga\u00e7\u00e3o por estacas pode ser feita em qualquer altura, exceto quando as plantas est\u00e3o em estado semi-dorm\u00eancia em junho e julho. A primavera e o outono s\u00e3o as melhores alturas. Durante as altas temperaturas do ver\u00e3o, as estacas podem facilmente tornar-se pretas e apodrecer. As estacas devem ter 10 cm de comprimento, sendo as partes superiores as melhores, pois crescem vigorosamente e enra\u00edzam rapidamente. <\/p>\n\n\n\n<p class=\"wp-block-paragraph\">Ap\u00f3s o corte, deixe o corte secar por v\u00e1rios dias, e ap\u00f3s a forma\u00e7\u00e3o de uma pel\u00edcula fina, insira-o em um leito de areia ou em um substrato misto de perlita expandida e turfa, tomando cuidado para n\u00e3o danificar a casca do corte, caso contr\u00e1rio a ferida pode apodrecer facilmente. Ap\u00f3s a inser\u00e7\u00e3o, coloque-o em um local semi-sombreado, mantenha a temperatura ambiente em 13-18 \u2103 e enra\u00edze ap\u00f3s 14-21 dias, quando as ra\u00edzes tiverem 3-4 cm de comprimento, pode ser envasado. <\/p>\n\n\n\n<p class=\"wp-block-paragraph\">Durante o processo de estaca, a imers\u00e3o da base da estaca numa solu\u00e7\u00e3o de \u00e1cido indol-ac\u00e9tico 0,01% durante 2 segundos pode aumentar a taxa de sobreviv\u00eancia e a taxa de enraizamento das estacas. Geralmente, as estacas florescem ap\u00f3s 6 meses de cultivo, ou seja, as estacas colhidas em janeiro florescem em junho; as estacas colhidas em outubro florescem em fevereiro ou mar\u00e7o do ano seguinte.<\/p>\n\n\n\n<h3 class=\"wp-block-heading\">Cultura de tecidos<\/h3>\n\n\n\n<p class=\"wp-block-paragraph\">Os ger\u00e2nios tamb\u00e9m podem ser propagados por cultura de tecidos. Utilizando o meio MS como meio de cultura de base, adicionar 0,001% de \u00e1cido indol ac\u00e9tico e citocininas para estimular os explantes a produzir calos e gemas advent\u00edcias, e utilizar 0,01% de \u00e1cido indol ac\u00e9tico para promover o enraizamento. A cultura de tecidos constitui uma nova via para a cria\u00e7\u00e3o de variedades de alta qualidade e para o desenvolvimento de novas variedades de ger\u00e2nios.<\/p>\n\n\n\n<h3 class=\"wp-block-heading\"><strong>Gest\u00e3o do terreno<\/strong><\/h3>\n\n\n\n<p class=\"wp-block-paragraph\"><strong>Gest\u00e3o da fase de pl\u00e2ntulas<\/strong><\/p>\n\n\n\n<p class=\"wp-block-paragraph\"><strong>Primeira fase: Per\u00edodo de Germina\u00e7\u00e3o<\/strong><\/p>\n\n\n\n<p class=\"wp-block-paragraph\">Germina\u00e7\u00e3o das sementes: Em condi\u00e7\u00f5es adequadas, as sementes come\u00e7am a germinar no dia da sementeira at\u00e9 que os cotil\u00e9dones se desenvolvam e a rad\u00edcula se estenda em cerca de 1-3 dias. Utiliza-se vermiculite grossa como cobertura para manter a humidade. A germina\u00e7\u00e3o n\u00e3o necessita de luz, mas o fornecimento de 100-1000 lux de luz aumentar\u00e1 a taxa de germina\u00e7\u00e3o e reduzir\u00e1 a possibilidade de etiola\u00e7\u00e3o. <\/p>\n\n\n\n<p class=\"wp-block-paragraph\">De 1-3 dias ap\u00f3s a sementeira at\u00e9 ao aparecimento das ra\u00edzes jovens, o substrato \u00e9 mantido saturado; de 4-8 dias, \u00e9 reduzido a h\u00famido; a partir do 9\u00ba dia, o substrato \u00e9 mantido alternadamente seco e h\u00famido. A humidade do ar \u00e9 mantida a 100% at\u00e9 ao aparecimento das ra\u00edzes jovens, sendo depois reduzida para 40%.<\/p>\n\n\n\n<p class=\"wp-block-paragraph\"><strong>Segunda fase: Per\u00edodo de crescimento das pl\u00e2ntulas<\/strong><\/p>\n\n\n\n<p class=\"wp-block-paragraph\">Ap\u00f3s a propaga\u00e7\u00e3o dos cotil\u00e9dones, a planta necessita de um ambiente adequado durante o seu per\u00edodo de crescimento vegetativo e deve ser dotada de nutrientes suficientes para que possa entrar sem problemas na fase de indu\u00e7\u00e3o floral. <\/p>\n\n\n\n<p class=\"wp-block-paragraph\">Na primavera, \u00e9 adequada para planta\u00e7\u00e3o no solo no Sul e em vasos de interior para o inverno no Norte. Geralmente, utiliza-se o cultivo em vaso. Ao plantar no solo, escolher um local que n\u00e3o seja propenso \u00e0 acumula\u00e7\u00e3o de \u00e1gua. O solo deve ser franco-arenoso, f\u00e9rtil e bem drenado. <\/p>\n\n\n\n<p class=\"wp-block-paragraph\">Para o envasamento, utilizar uma mistura de composto de folhas, terra de jardim e areia. Antes da planta\u00e7\u00e3o, colocar azulejos no fundo do vaso para uma melhor drenagem. Geralmente, planta-se primeiro em vasos pequenos sem aplicar fertilizante de base, cuida-se deles durante algum tempo antes de os mudar para vasos maiores, e depois aplica-se uma quantidade adequada de estrume maduro como fertilizante de base no vaso, cobre-se com terra para vasos e evita-se o contacto direto das ra\u00edzes com o fertilizante de base.<\/p>\n\n\n\n<p class=\"wp-block-paragraph\"><strong>Gest\u00e3o de palco madura<\/strong><\/p>\n\n\n\n<p class=\"wp-block-paragraph\">Quando a pl\u00e2ntula de ger\u00e2nio tiver 12-15 cm de altura, beliscar a parte superior para incentivar a produ\u00e7\u00e3o de ramos laterais. Durante as altas temperaturas do ver\u00e3o, a rega deve ser rigorosamente controlada, caso contr\u00e1rio os ger\u00e2nios semi-dormidos podem ficar amarelos e perder folhas se o solo do vaso estiver demasiado h\u00famido. <\/p>\n\n\n\n<p class=\"wp-block-paragraph\">Durante o per\u00edodo de crescimento dos caules e das folhas, fertilizar uma vez de meio em meio m\u00eas, mas n\u00e3o utilizar demasiado fertilizante azotado. Se os caules e as folhas estiverem demasiado crescidos, deixar de fertilizar e remover adequadamente algumas folhas, o que favorece a flora\u00e7\u00e3o. <\/p>\n\n\n\n<p class=\"wp-block-paragraph\">Durante o per\u00edodo de forma\u00e7\u00e3o dos bot\u00f5es florais, aplicar fertilizante fosfatado de duas em duas semanas. Para controlar a altura da planta e obter flores grandes e de cores vivas, para al\u00e9m de escolher variedades de ger\u00e2nio an\u00e3o, a utiliza\u00e7\u00e3o de reguladores de crescimento \u00e9 muito importante. <\/p>\n\n\n\n<p class=\"wp-block-paragraph\">Duas semanas ap\u00f3s a planta\u00e7\u00e3o dos ger\u00e2nios em vasos de 12 cm ou 15 cm, pulverizar as folhas com 0,15% de paclobutrazol ou uniconazol uma vez por semana, duas vezes no total, e exp\u00f4-las \u00e0 luz durante 14-18 horas por dia, o que pode controlar eficazmente a altura dos ger\u00e2nios e fornecer flores em vaso de alta qualidade.<\/p>\n\n\n\n<p class=\"wp-block-paragraph\"><strong>Gest\u00e3o de inverno<\/strong><\/p>\n\n\n\n<p class=\"wp-block-paragraph\">Os ger\u00e2nios gostam de calor e s\u00e3o sens\u00edveis ao frio, pelo que deve ser dada especial aten\u00e7\u00e3o \u00e0 prote\u00e7\u00e3o contra o frio e as geadas no inverno. Ao cultivar ger\u00e2nios no norte, as plantas em vaso devem ser movidas para dentro de casa antes da chegada da geada e colocadas em frente a uma janela ensolarada para receberem muita luz. <\/p>\n\n\n\n<p class=\"wp-block-paragraph\">Se a luz for insuficiente, a planta tende a crescer esguia, o que afecta a forma\u00e7\u00e3o de bot\u00f5es florais, e mesmo os bot\u00f5es formados podem murchar devido a luz insuficiente. No sul, ap\u00f3s o in\u00edcio do inverno, as plantas em vaso devem tamb\u00e9m ser transferidas para um local \u00e0 prova de vento, quente e solarengo, que permita que as flores em vaso apanhem mais sol e evitem ventos frios. <\/p>\n\n\n\n<p class=\"wp-block-paragraph\">A temperatura interna deve ser mantida entre 15 \u2103 e 20 \u2103 durante o dia e n\u00e3o inferior a 10 \u2103 \u00e0 noite. Em um ambiente com uma temperatura muito baixa, a planta cresce fracamente, o que n\u00e3o \u00e9 prop\u00edcio para a diferencia\u00e7\u00e3o dos bot\u00f5es florais, e produz menos flores ou mesmo nenhuma flor. No entanto, um ambiente com uma temperatura superior a 25 \u2103 tamb\u00e9m n\u00e3o \u00e9 prop\u00edcio ao seu crescimento e flora\u00e7\u00e3o.<\/p>\n\n\n\n<p class=\"wp-block-paragraph\">Os ger\u00e2nios preferem a secura e s\u00e3o sens\u00edveis \u00e0 humidade, pelo que a rega deve ser moderada e di\u00e1ria. No inverno, n\u00e3o \u00e9 conveniente regar diariamente. Mesmo em tempo seco, a rega deve ser feita a cada cinco a sete dias, mantendo o solo do vaso ligeiramente seco e pouco h\u00famido. <\/p>\n\n\n\n<p class=\"wp-block-paragraph\">A rega excessiva pode provocar o amarelecimento e a queda das folhas, afectando a flora\u00e7\u00e3o e levando mesmo ao apodrecimento e \u00e0 morte das ra\u00edzes. No entanto, borrifar regularmente as folhas com \u00e1gua limpa para as manter limpas pode facilitar a fotoss\u00edntese. Se quiser que os ger\u00e2nios flores\u00e7am continuamente, eles precisam de um amplo fornecimento de nutrientes. <\/p>\n\n\n\n<h2 class=\"wp-block-heading\"><strong>Valor e outros aspectos<\/strong><\/h2>\n\n\n\n<h3 class=\"wp-block-heading\"><strong>Valor prim\u00e1rio<\/strong><\/h3>\n\n\n\n<p class=\"wp-block-paragraph\"><strong>Valor medicinal<\/strong><\/p>\n\n\n\n<p class=\"wp-block-paragraph\">Doce e ligeiramente pesado, o seu aroma lembra um pouco o de uma rosa, com um toque de menta.<\/p>\n\n\n\n<p class=\"wp-block-paragraph\">Registos cl\u00ednicos hist\u00f3ricos: Tem sido utilizada para tratar a c\u00f3lera e les\u00f5es \u00f3sseas, e tem tamb\u00e9m efeitos exorcizantes.<\/p>\n\n\n\n<p class=\"wp-block-paragraph\">Efeitos: Hemost\u00e1tico, vasoconstritor, al\u00edvio da asma, desintoxica\u00e7\u00e3o do f\u00edgado, c\u00e1lculos biliares, desintoxica\u00e7\u00e3o dos rins, pedras nos rins, diur\u00e9tico, dor muscular, pele oleosa, revitaliza\u00e7\u00e3o do envelhecimento da pele, herpes, palidez da pele, perda de peso, promove cicatrizes, eczema, queimaduras solares e queimaduras, micose, irregularidade menstrual, seios inflamados e congestionados, aliviar a depress\u00e3o e a ansiedade, repelir dem\u00f3nios, revigorante, desodorizante, antibacteriano, germicida, parar de fumar e de beber \u00e1lcool.<\/p>\n\n\n\n<p class=\"wp-block-paragraph\">Precau\u00e7\u00f5es: Pode causar irrita\u00e7\u00e3o em algumas peles sens\u00edveis. Pode regular as hormonas, pelo que \u00e9 aconselh\u00e1vel evit\u00e1-lo durante a gravidez.<\/p>\n\n\n\n<p class=\"wp-block-paragraph\"><strong>Efeitos psicol\u00f3gicos<\/strong><\/p>\n\n\n\n<p class=\"wp-block-paragraph\">O Pelargonium hortorum Bailey \u00e9 um t\u00f3nico para os nervos que pode acalmar a ansiedade e a depress\u00e3o, bem como levantar o \u00e2nimo. Ajuda a restaurar o equil\u00edbrio psicol\u00f3gico e, como tamb\u00e9m pode afetar o c\u00f3rtex adrenal, ajuda a aliviar o stress.<\/p>\n\n\n\n<p class=\"wp-block-paragraph\"><strong>Efeitos fisiol\u00f3gicos<\/strong><\/p>\n\n\n\n<ol class=\"wp-block-list\">\n<li>O \u00f3leo essencial de Pelargonium hortorum tem as fun\u00e7\u00f5es de estimular o sistema linf\u00e1tico e a diurese. Estas duas fun\u00e7\u00f5es podem refor\u00e7ar-se mutuamente, ajudando o corpo a eliminar r\u00e1pida e eficazmente o excesso de fluidos corporais. Pode ser utilizado para tratar a celulite, a reten\u00e7\u00e3o de l\u00edquidos e o edema do tornozelo; ajuda o f\u00edgado e os rins a desintoxicarem-se; trata a iter\u00edcia, os c\u00e1lculos renais e v\u00e1rias infec\u00e7\u00f5es urin\u00e1rias; e tamb\u00e9m ajuda muitas mulheres a aliviarem os sintomas da reten\u00e7\u00e3o de l\u00edquidos pr\u00e9-menstrual.<\/li>\n\n\n\n<li>O \u00f3leo essencial de Pelargonium hortorum tem a fun\u00e7\u00e3o de purificar as membranas mucosas e pode aliviar o desconforto da gastroenterite.<\/li>\n\n\n\n<li>O \u00f3leo essencial de Pelargonium hortorum pode matar eficazmente as bact\u00e9rias na boca e na garganta. Por isso, pode ser adicionado ao gargarejo e ao elixir bucal durante dores de garganta, inflama\u00e7\u00e3o da garganta e infec\u00e7\u00f5es das gengivas.<\/li>\n\n\n\n<li>Ajuda a melhorar a s\u00edndrome pr\u00e9-menstrual e os problemas da menopausa.<\/li>\n\n\n\n<li>O Pelargonium hortorum \u00e9 um repelente de insectos perfumado.<\/li>\n<\/ol>\n\n\n\n<p class=\"wp-block-paragraph\">Geralmente, deve aplicar-se um fertilizante l\u00edquido fino de 10 em 10 dias, aproximadamente. Pode ser uma mistura de torta de soja, fatias de casco e \u00e1gua de peixe, a ser usada ap\u00f3s a fermenta\u00e7\u00e3o e dilu\u00edda com \u00e1gua. Como alternativa, pode-se usar adubos compostos vendidos em floriculturas, usando apenas 3 a 5 peda\u00e7os de cada vez. <\/p>\n\n\n\n<p class=\"wp-block-paragraph\">Os ger\u00e2nios t\u00eam muitos ramos. Para os encorajar a florescer mais, \u00e9 necess\u00e1rio beliscar as plantas v\u00e1rias vezes para favorecer a ramifica\u00e7\u00e3o e a forma\u00e7\u00e3o de bot\u00f5es. Depois de as flores murcharem, retire as flores gastas a tempo e poda os ramos densos ou fracos para evitar o consumo de nutrientes. No entanto, a poda pesada n\u00e3o \u00e9 adequada no inverno rigoroso.<\/p>\n\n\n\n<p class=\"wp-block-paragraph\"><strong>Modela\u00e7\u00e3o e poda<\/strong><\/p>\n\n\n\n<p class=\"wp-block-paragraph\">Para tornar a copa da planta cheia e compacta, a modela\u00e7\u00e3o e a poda devem come\u00e7ar quando a pl\u00e2ntula \u00e9 pequena. Geralmente, quando a pl\u00e2ntula tem cerca de 10 cm de altura, belisca-se o topo para estimular novos ramos. Depois de os novos ramos crescerem, beliscar novamente o topo 1-2 vezes at\u00e9 se formar uma forma de planta satisfat\u00f3ria. As flores florescem no topo dos ramos. <\/p>\n\n\n\n<p class=\"wp-block-paragraph\">Ap\u00f3s cada flora\u00e7\u00e3o, a remo\u00e7\u00e3o atempada das flores e a poda devem ser efectuadas para estimular o crescimento constante de novos ramos e a flora\u00e7\u00e3o cont\u00ednua. Geralmente, a poda \u00e9 efectuada tr\u00eas vezes por ano, no in\u00edcio da primavera, durante a recupera\u00e7\u00e3o e depois do outono. <\/p>\n\n\n\n<p class=\"wp-block-paragraph\">Devido ao seu crescimento r\u00e1pido, precisa de ser podada e modelada todos os anos. Geralmente, a planta \u00e9 podada pelo menos tr\u00eas vezes por ano. A primeira vez em mar\u00e7o, principalmente para desbastar os ramos; a segunda vez em maio, para remover as flores gastas e os ramos demasiado densos; a terceira poda ap\u00f3s o in\u00edcio do outono, principalmente para dar forma.<\/p>\n\n\n\n<p class=\"wp-block-paragraph\">Geralmente, depois que o tempo quente passa e o tempo arrefece, o ger\u00e2nio recupera gradualmente o seu crescimento, e os novos bot\u00f5es das plantas adormecidas j\u00e1 cresceram. Este per\u00edodo vai geralmente do final de agosto ao in\u00edcio de setembro, e \u00e9 conveniente podar completamente a planta juntamente com o transplante. <\/p>\n\n\n\n<p class=\"wp-block-paragraph\">Em fun\u00e7\u00e3o do crescimento da planta, selecionam-se geralmente 3-5 ramos principais pr\u00f3ximos da base, fortes e uniformemente distribu\u00eddos, e podam-se outros ramos demasiado densos, fracos e alongados a partir da base. Em seguida, os ramos principais e os ramos laterais s\u00e3o encurtados, deixando apenas os bot\u00f5es robustos de cada ramo lateral, de modo a que os ramos de toda a planta sejam distribu\u00eddos uniformemente e compactos, formando uma forma cheia e an\u00e3.<\/p>\n\n\n\n<p class=\"wp-block-paragraph\">Depois de as flores murcharem, os ramos florais devem ser imediatamente retirados para evitar o consumo de nutrientes, o que favorece o desenvolvimento e a flora\u00e7\u00e3o de novos ramos florais. Geralmente, os vasos de plantas com 3-4 anos de idade precisam de ser renovados. <\/p>\n\n\n\n<p class=\"wp-block-paragraph\">Durante o per\u00edodo de flora\u00e7\u00e3o no inverno e na primavera, as plantas devem ser colocadas num local com muita luz solar, caso contr\u00e1rio, as folhas t\u00eam tend\u00eancia a cair e a ficar amarelas. Durante os dias de chuva ou de neve, a luz artificial adicional \u00e9 mais ideal para a flora\u00e7\u00e3o.<\/p>\n\n\n\n<p class=\"wp-block-paragraph\"><strong>Valor de beleza<\/strong><\/p>\n\n\n\n<p class=\"wp-block-paragraph\">O Pelargonium hortorum \u00e9 adequado para todas as condi\u00e7\u00f5es da pele, uma vez que pode equilibrar a secre\u00e7\u00e3o de sebo para manter a pele macia. Pode ser ben\u00e9fico para eczema, queimaduras, herpes zoster, herpes, micose e queimaduras de frio. \u00c9 excelente para poros soltos, congestionados e pele oleosa, tornando-o num \u00f3leo de limpeza completo. <\/p>\n\n\n\n<p class=\"wp-block-paragraph\">Como o Pelargonium hortorum pode promover a circula\u00e7\u00e3o sangu\u00ednea, pode animar a pele p\u00e1lida ap\u00f3s a utiliza\u00e7\u00e3o. A sua utiliza\u00e7\u00e3o num difusor ou a sua aplica\u00e7\u00e3o no rosto com uma toalha pode estimular o sistema linf\u00e1tico e fortalecer o sistema circulat\u00f3rio.<\/p>\n\n\n\n<p class=\"wp-block-paragraph\"><strong>Utiliza\u00e7\u00e3o de \u00f3leos essenciais puros<\/strong><\/p>\n\n\n\n<p class=\"wp-block-paragraph\">Adicion\u00e1-lo a produtos de cuidados da pele para o rosto pode tratar eficazmente as borbulhas faciais. Utiliz\u00e1-lo num difusor ou aplic\u00e1-lo no rosto com uma toalha pode estimular o sistema linf\u00e1tico, fortalecer o sistema circulat\u00f3rio e ajudar na gastrite e colite.<\/p>\n\n\n\n<p class=\"wp-block-paragraph\">Compatibilidade: Os \u00f3leos essenciais que se podem misturar com ele s\u00e3o: manjeric\u00e3o, bergamota, cedro, salva esclareia, toranja, jasmim, lavanda, neroli, laranja doce, petitgrain, rosa, alecrim, s\u00e2ndalo. A camomila aumenta o seu efeito terap\u00eautico e o zimbro intensifica o seu aroma doce.<\/p>\n\n\n\n<p class=\"wp-block-paragraph\"><strong>F\u00f3rmula Hipn\u00f3tica<\/strong><\/p>\n\n\n\n<p class=\"wp-block-paragraph\">Misturar Pelargonium hortorum, toranja e lavanda numa propor\u00e7\u00e3o espec\u00edfica e aplicar a mistura na almofada criar\u00e1 um \u00f3leo essencial m\u00e1gico para ajudar a dormir. N\u00e3o s\u00f3 tem um efeito calmante e suavizante, como tamb\u00e9m repele os mosquitos que podem perturbar o seu sono. O seu aroma proporcionar-lhe-\u00e1 bons sonhos! As part\u00edculas emitidas pelo Pelargonium hortorum podem provocar comich\u00e3o al\u00e9rgica nas pessoas.<\/p>\n\n\n\n<p class=\"wp-block-paragraph\">Precau\u00e7\u00f5es: Pode irritar a pele, evitar aplicar a solu\u00e7\u00e3o pura diretamente sobre a pele. Pode regular as hormonas, evitar durante a gravidez.<\/p>\n\n\n\n<p class=\"wp-block-paragraph\"><strong>Valor ornamental<\/strong><\/p>\n\n\n\n<p class=\"wp-block-paragraph\">O Pelargonium hortorum \u00e9 muito adapt\u00e1vel, com cores vivas e uma longa <a href=\"https:\/\/flowerslib.com\/pt\/as-flores-com-o-periodo-de-floracao-mais-longo-do-mundo\/\">per\u00edodo de flora\u00e7\u00e3o<\/a>A sua utiliza\u00e7\u00e3o \u00e9 adequada para a coloca\u00e7\u00e3o no interior e para a decora\u00e7\u00e3o de canteiros de flores.<\/p>\n\n\n\n<h3 class=\"wp-block-heading\"><strong>Cultura de plantas<\/strong><\/h3>\n\n\n\n<p class=\"wp-block-paragraph\"><strong>L\u00edngua da flor do Pelargonium Hortorum<\/strong><\/p>\n\n\n\n<p class=\"wp-block-paragraph\"><a class=\"wpil_keyword_link\" href=\"https:\/\/flowerslib.com\/pt\/linguagem-das-flores\/\"   title=\"L\u00edngua das flores\" data-wpil-keyword-link=\"linked\">L\u00edngua das flores<\/a> de Pelargonium Hortorum: Um encontro acidental, a felicidade est\u00e1 mesmo ao seu lado.<\/p>\n\n\n\n<p class=\"wp-block-paragraph\">Pelargonium Hortorum vermelho: Permaneces na minha mente.<\/p>\n\n\n\n<p class=\"wp-block-paragraph\">Pelargonium Hortorum cor-de-rosa: \u00c9 um prazer estar ao vosso lado.<\/p>\n\n\n\n<p class=\"wp-block-paragraph\"><strong><a href=\"https:\/\/flowerslib.com\/pt\/as-flores-nacionais-mais-famosas-do-mundo\/\">Flor Nacional<\/a> Cultura<\/strong><\/p>\n\n\n\n<p class=\"wp-block-paragraph\">O Pelargonium hortorum n\u00e3o \u00e9 apenas o orgulho do povo africano, mas tamb\u00e9m \u00e9 muito popular na regi\u00e3o euro-asi\u00e1tica. A Alemanha, a Espanha e a Hungria atribuem grande import\u00e2ncia \u00e0 produ\u00e7\u00e3o e ao cultivo do Pelargonium hortorum. Al\u00e9m disso, a Hungria designou o colorido Pelargonium hortorum como a sua flor nacional.<\/p>","protected":false},"excerpt":{"rendered":"<p>Pelargonium hortorum Bailey, also known as garden geranium, zonal geranium, and storksbill, belongs to the Geraniaceae family and Pelargonium genus, which includes about 230 species of perennial succulent, subshrub, or shrub plants. Geranium is a perennial herbaceous flower with palmate leaves and long petioles; its flowers are usually umbellate with five petals, blooming from May [&hellip;]<\/p>\n","protected":false},"author":1,"featured_media":5308,"comment_status":"open","ping_status":"open","sticky":false,"template":"","format":"standard","meta":{"_breakdance_hide_in_design_set":false,"_breakdance_tags":"","footnotes":""},"categories":[20],"tags":[],"class_list":["post-5295","post","type-post","status-publish","format-standard","has-post-thumbnail","hentry","category-species-and-types"],"_links":{"self":[{"href":"https:\/\/flowerslib.com\/pt\/wp-json\/wp\/v2\/posts\/5295","targetHints":{"allow":["GET"]}}],"collection":[{"href":"https:\/\/flowerslib.com\/pt\/wp-json\/wp\/v2\/posts"}],"about":[{"href":"https:\/\/flowerslib.com\/pt\/wp-json\/wp\/v2\/types\/post"}],"author":[{"embeddable":true,"href":"https:\/\/flowerslib.com\/pt\/wp-json\/wp\/v2\/users\/1"}],"replies":[{"embeddable":true,"href":"https:\/\/flowerslib.com\/pt\/wp-json\/wp\/v2\/comments?post=5295"}],"version-history":[{"count":0,"href":"https:\/\/flowerslib.com\/pt\/wp-json\/wp\/v2\/posts\/5295\/revisions"}],"wp:featuredmedia":[{"embeddable":true,"href":"https:\/\/flowerslib.com\/pt\/wp-json\/wp\/v2\/media\/5308"}],"wp:attachment":[{"href":"https:\/\/flowerslib.com\/pt\/wp-json\/wp\/v2\/media?parent=5295"}],"wp:term":[{"taxonomy":"category","embeddable":true,"href":"https:\/\/flowerslib.com\/pt\/wp-json\/wp\/v2\/categories?post=5295"},{"taxonomy":"post_tag","embeddable":true,"href":"https:\/\/flowerslib.com\/pt\/wp-json\/wp\/v2\/tags?post=5295"}],"curies":[{"name":"wp","href":"https:\/\/api.w.org\/{rel}","templated":true}]}}