{"id":5218,"date":"2023-07-20T22:07:59","date_gmt":"2023-07-20T14:07:59","guid":{"rendered":"https:\/\/flowerslib.com\/?p=5218"},"modified":"2023-08-08T10:15:23","modified_gmt":"2023-08-08T02:15:23","slug":"digitalis-purpurea","status":"publish","type":"post","link":"https:\/\/flowerslib.com\/pt\/digitalis-purpurea\/","title":{"rendered":"Dedaleira: A erva encantadora - No\u00e7\u00f5es b\u00e1sicas, tipos e muito mais!"},"content":{"rendered":"<p class=\"wp-block-paragraph\">Digitalis purpurea, vulgarmente conhecida como dedaleira, \u00e9 uma planta herb\u00e1cea bienal ou perene. Com exce\u00e7\u00e3o da corola, toda a planta est\u00e1 coberta de p\u00ealos curtos, branco-acinzentados e de p\u00ealos glandulares. Por vezes, o caule \u00e9 quase desprovido de p\u00ealos. A planta atinge 60-120 cm de altura, com caules simples ou m\u00faltiplos caules agrupados. <\/p>\n\n\n\n<p class=\"wp-block-paragraph\">As folhas s\u00e3o ovadas ou lanceoladas, grosseiras, enrugadas, com as folhas basais possuindo longos pec\u00edolos. Da base para o topo, as folhas reduzem gradualmente de tamanho. O racemo terminal mede 50-80 cm de comprimento. A corola em forma de sino tem cerca de 7,5 cm de comprimento, de cor vermelho-p\u00farpura-cera com manchas brancas claras no interior. O fruto \u00e9 ovoide, com a <a href=\"https:\/\/flowerslib.com\/pt\/as-flores-com-o-periodo-de-floracao-mais-longo-do-mundo\/\">per\u00edodo de flora\u00e7\u00e3o<\/a> de maio a junho e os frutos amadurecem de agosto a outubro. As sementes s\u00e3o min\u00fasculas. <\/p>\n\n\n\n<p class=\"wp-block-paragraph\"><\/p>\n\n\n<div class=\"wp-block-image\">\n<figure class=\"aligncenter size-full\"><img loading=\"lazy\" decoding=\"async\" width=\"1200\" height=\"800\" src=\"https:\/\/flowerslib.com\/wp-content\/uploads\/2023\/07\/4-40.jpg\" alt=\"Saiba mais sobre o Digitalis Purpurea: No\u00e7\u00f5es b\u00e1sicas, tipos, crescimento e cuidados\uff0cValor e mais\" class=\"wp-image-5224\" srcset=\"https:\/\/flowerslib.com\/wp-content\/uploads\/2023\/07\/4-40.jpg 1200w, https:\/\/flowerslib.com\/wp-content\/uploads\/2023\/07\/4-40-300x200.jpg 300w, https:\/\/flowerslib.com\/wp-content\/uploads\/2023\/07\/4-40-150x100.jpg 150w, https:\/\/flowerslib.com\/wp-content\/uploads\/2023\/07\/4-40-768x512.jpg 768w\" sizes=\"auto, (max-width: 1200px) 100vw, 1200px\" \/><\/figure>\n<\/div>\n\n\n<p class=\"wp-block-paragraph\"><\/p>\n\n\n\n<p class=\"wp-block-paragraph\">As variedades cultivadas s\u00e3o brancas, cor-de-rosa e vermelho-escuro, tipicamente classificadas como sinos brancos, sinos grandes e sinos duplos. S\u00e3o normalmente utilizadas em canteiros de flores e jardins de pedra, ou para arranjos florais naturais. Origin\u00e1rios da Europa, s\u00e3o cultivados esporadicamente em Taiwan, com grandes popula\u00e7\u00f5es encontradas em locais como Alishan, Taipingshan, Qingjing Farm e Nantianchi.<\/p>\n\n\n\n<p class=\"wp-block-paragraph\"><strong>Carater\u00edsticas morfol\u00f3gicas<\/strong><\/p>\n\n\n\n<p class=\"wp-block-paragraph\"><\/p>\n\n\n<div class=\"wp-block-image\">\n<figure class=\"aligncenter size-full\"><img loading=\"lazy\" decoding=\"async\" width=\"1200\" height=\"800\" src=\"https:\/\/flowerslib.com\/wp-content\/uploads\/2023\/07\/3-33.jpg\" alt=\"Saiba mais sobre o Digitalis Purpurea: No\u00e7\u00f5es b\u00e1sicas, tipos, crescimento e cuidados\uff0cValor e mais\" class=\"wp-image-5225\" srcset=\"https:\/\/flowerslib.com\/wp-content\/uploads\/2023\/07\/3-33.jpg 1200w, https:\/\/flowerslib.com\/wp-content\/uploads\/2023\/07\/3-33-300x200.jpg 300w, https:\/\/flowerslib.com\/wp-content\/uploads\/2023\/07\/3-33-150x100.jpg 150w, https:\/\/flowerslib.com\/wp-content\/uploads\/2023\/07\/3-33-768x512.jpg 768w\" sizes=\"auto, (max-width: 1200px) 100vw, 1200px\" \/><\/figure>\n<\/div>\n\n\n<p class=\"wp-block-paragraph\"><\/p>\n\n\n\n<p class=\"wp-block-paragraph\">Como erva bienal ou perene, toda a planta, exceto a corola, est\u00e1 coberta de p\u00ealos macios e glandulares branco-acinzentados. Por vezes, o caule \u00e9 quase desprovido de p\u00ealos, crescendo 60-120 cm de altura com um \u00fanico caule ou um conjunto de caules. <\/p>\n\n\n\n<p class=\"wp-block-paragraph\">As folhas basais formam frequentemente uma roseta, com pec\u00edolos com asas estreitas at\u00e9 15 cm de comprimento. As folhas s\u00e3o ovadas ou ovais alongadas, com 5-15 cm de comprimento, afiladas ou rombas na extremidade, gradualmente estreitas na base, com dentes redondos nos bordos e raramente dentadas. As folhas inferiores do caule t\u00eam uma forma semelhante \u00e0 das folhas basais, diminuindo gradualmente de tamanho para cima, com o pec\u00edolo a encurtar at\u00e9 se tornarem br\u00e1cteas.<\/p>\n\n\n\n<p class=\"wp-block-paragraph\">O c\u00e1lice \u00e9 em forma de sino, com cerca de 1 cm de comprimento, ligeiramente maior nos frutos, quase dividido at\u00e9 \u00e0 base, com l\u00f3bulos rombos ou abruptamente pontiagudos. A corola \u00e9 vermelho-p\u00farpura com manchas no interior, com 3-4,5 cm de comprimento, com l\u00f3bulos muito curtos e as extremidades cobertas de p\u00ealos brancos e macios. O fruto \u00e9 ovoide, com cerca de 1,5 cm de comprimento. As sementes t\u00eam forma de bastonete curto, cobertas de uma textura alveolar e de p\u00ealos macios extremamente finos. O fruto <a href=\"https:\/\/flowerslib.com\/pt\/as-flores-com-o-periodo-de-floracao-mais-curto-do-mundo\/\">per\u00edodo de flora\u00e7\u00e3o<\/a> \u00e9 de maio a junho.<\/p>\n\n\n\n<p class=\"wp-block-paragraph\"><strong>H\u00e1bitos de crescimento<\/strong><\/p>\n\n\n\n<p class=\"wp-block-paragraph\"><\/p>\n\n\n<div class=\"wp-block-image\">\n<figure class=\"aligncenter size-full\"><img loading=\"lazy\" decoding=\"async\" width=\"1200\" height=\"800\" src=\"https:\/\/flowerslib.com\/wp-content\/uploads\/2023\/07\/5-31.jpg\" alt=\"Saiba mais sobre o Digitalis Purpurea: No\u00e7\u00f5es b\u00e1sicas, tipos, crescimento e cuidados\uff0cValor e mais\" class=\"wp-image-5226\" srcset=\"https:\/\/flowerslib.com\/wp-content\/uploads\/2023\/07\/5-31.jpg 1200w, https:\/\/flowerslib.com\/wp-content\/uploads\/2023\/07\/5-31-300x200.jpg 300w, https:\/\/flowerslib.com\/wp-content\/uploads\/2023\/07\/5-31-150x100.jpg 150w, https:\/\/flowerslib.com\/wp-content\/uploads\/2023\/07\/5-31-768x512.jpg 768w\" sizes=\"auto, (max-width: 1200px) 100vw, 1200px\" \/><\/figure>\n<\/div>\n\n\n<p class=\"wp-block-paragraph\"><\/p>\n\n\n\n<p class=\"wp-block-paragraph\">Cresce em regi\u00f5es montanhosas a altitudes de 1200-1800 metros. A planta \u00e9 robusta, tolerante ao frio, \u00e0 seca, ao calor e desenvolve-se bem em solos pobres. Prefere a luz solar e pode tolerar a sombra, sendo adequada para crescer em solos h\u00famidos com boa drenagem.<\/p>\n\n\n\n<p class=\"wp-block-paragraph\"><strong>Origem do nome<\/strong><\/p>\n\n\n\n<p class=\"wp-block-paragraph\">O nome chin\u00eas desta planta deve-se ao facto de o caule e as folhas lanosas se assemelharem a uma planta local conhecida como \"di huang\". Dada a sua origem europeia, \u00e9 tamb\u00e9m conhecida como \"di huang estrangeira\".<\/p>\n\n\n\n<p class=\"wp-block-paragraph\"><strong>Gama de distribui\u00e7\u00e3o<\/strong><\/p>\n\n\n\n<p class=\"wp-block-paragraph\"><\/p>\n\n\n<div class=\"wp-block-image\">\n<figure class=\"aligncenter size-full\"><img loading=\"lazy\" decoding=\"async\" width=\"1200\" height=\"800\" src=\"https:\/\/flowerslib.com\/wp-content\/uploads\/2023\/07\/7-24.jpg\" alt=\"Saiba mais sobre o Digitalis Purpurea: No\u00e7\u00f5es b\u00e1sicas, tipos, crescimento e cuidados\uff0cValor e mais\" class=\"wp-image-5227\" srcset=\"https:\/\/flowerslib.com\/wp-content\/uploads\/2023\/07\/7-24.jpg 1200w, https:\/\/flowerslib.com\/wp-content\/uploads\/2023\/07\/7-24-300x200.jpg 300w, https:\/\/flowerslib.com\/wp-content\/uploads\/2023\/07\/7-24-150x100.jpg 150w, https:\/\/flowerslib.com\/wp-content\/uploads\/2023\/07\/7-24-768x512.jpg 768w\" sizes=\"auto, (max-width: 1200px) 100vw, 1200px\" \/><\/figure>\n<\/div>\n\n\n<p class=\"wp-block-paragraph\"><\/p>\n\n\n\n<p class=\"wp-block-paragraph\">A dedaleira \u00e9 nativa da Europa e \u00e9 cultivada esporadicamente em Taiwan, com popula\u00e7\u00f5es naturalizadas substanciais encontradas em \u00e1reas como Alishan, Taipingshan, Qingjing Farm e Nantianchi.<\/p>\n\n\n\n<p class=\"wp-block-paragraph\"><strong>Crescimento e reprodu\u00e7\u00e3o<\/strong><\/p>\n\n\n\n<p class=\"wp-block-paragraph\">A propaga\u00e7\u00e3o \u00e9 normalmente feita atrav\u00e9s da sementeira e da sementeira direta de sementes. No sul, utilizam-se canteiros planos ou elevados para as pl\u00e2ntulas, enquanto no norte s\u00e3o mais comuns os canteiros ao sol. O estrume de cavalo maduro \u00e9 utilizado como fertilizante de base nos canteiros ensolarados e, depois de os gr\u00e2nulos de fertilizante estarem completamente misturados com o solo do canteiro e aplanados, as sementes s\u00e3o semeadas no in\u00edcio de mar\u00e7o. As sementes s\u00e3o semeadas em filas ou dispersas a uma dist\u00e2ncia de 6 cm entre filas, sendo depois cobertas com um tapete fino para isolamento. <\/p>\n\n\n\n<p class=\"wp-block-paragraph\"><\/p>\n\n\n<div class=\"wp-block-image\">\n<figure class=\"aligncenter size-full\"><img loading=\"lazy\" decoding=\"async\" width=\"1200\" height=\"800\" src=\"https:\/\/flowerslib.com\/wp-content\/uploads\/2023\/07\/6-32.jpg\" alt=\"Saiba mais sobre o Digitalis Purpurea: No\u00e7\u00f5es b\u00e1sicas, tipos, crescimento e cuidados\uff0cValor e mais\" class=\"wp-image-5228\" srcset=\"https:\/\/flowerslib.com\/wp-content\/uploads\/2023\/07\/6-32.jpg 1200w, https:\/\/flowerslib.com\/wp-content\/uploads\/2023\/07\/6-32-300x200.jpg 300w, https:\/\/flowerslib.com\/wp-content\/uploads\/2023\/07\/6-32-150x100.jpg 150w, https:\/\/flowerslib.com\/wp-content\/uploads\/2023\/07\/6-32-768x512.jpg 768w\" sizes=\"auto, (max-width: 1200px) 100vw, 1200px\" \/><\/figure>\n<\/div>\n\n\n<p class=\"wp-block-paragraph\"><\/p>\n\n\n\n<p class=\"wp-block-paragraph\">Geralmente, o tapete \u00e9 aberto por volta das 10 horas da manh\u00e3 e coberto de novo \u00e0s 16 horas para promover a humidade. Em meados de maio, quando as pl\u00e2ntulas j\u00e1 t\u00eam 3-5 folhas, s\u00e3o transplantadas para o campo com um espa\u00e7amento de 30 cm \u00d7 20 cm e regadas ap\u00f3s a planta\u00e7\u00e3o. <\/p>\n\n\n\n<p class=\"wp-block-paragraph\">A sementeira direta poupa trabalho. No norte, \u00e9 feito no in\u00edcio a meados de abril, depois que o solo descongelou ou antes que o solo congele em novembro; no sul, o final do outono \u00e9 preferido. As sementes podem ser semeadas diretamente ou germinadas em \u00e1gua morna a 20 \u2103 antes da semeadura. A dist\u00e2ncia da linha na semeadura \u00e9 de 30 cm e a profundidade da semeadura \u00e9 de cerca de 1 cm.<\/p>\n\n\n\n<p class=\"wp-block-paragraph\"><strong>Controlo de pragas e doen\u00e7as<\/strong><\/p>\n\n\n\n<p class=\"wp-block-paragraph\">Sintomas: As plantas afectadas apresentam inicialmente manchas escuras junto \u00e0 base do caule, perto do solo, que aumentam para uma cor negro-acastanhada e depois encolhem e apodrecem. O fungo provoca manchas circulares verde-escuras, encharcadas de \u00e1gua, nas folhas e uma decomposi\u00e7\u00e3o castanha no talo das folhas. <\/p>\n\n\n\n<p class=\"wp-block-paragraph\">Quando h\u00famido, podem ser vistos filamentos brancos no local da mancha da doen\u00e7a e os casos graves resultam no colapso da planta. O fungo n\u00e3o produz esporos e propaga-se por mic\u00e9lio. Inicialmente, o mic\u00e9lio \u00e9 incolor, tornando-se mais tarde castanho claro. O fungo sobrevive no solo ou nos tecidos doentes e desenvolve-se a temperaturas adequadas (20-24 graus) e a uma humidade elevada. <\/p>\n\n\n\n<p class=\"wp-block-paragraph\">A rega excessiva ou a chuva prolongada, que provocam o encharcamento do solo, podem conduzir \u00e0 ocorr\u00eancia de doen\u00e7as graves e \u00e0 deteriora\u00e7\u00e3o das plantas.<\/p>\n\n\n\n<p class=\"wp-block-paragraph\">M\u00e9todos de controlo:<\/p>\n\n\n\n<p class=\"wp-block-paragraph\">(1) Utilizar terra fresca rica em mat\u00e9ria org\u00e2nica ou lama de lago ou de rio, mais escura, s\u00f3lida e menos pulverulenta quando seca. \u00c9 prefer\u00edvel n\u00e3o utilizar terra velha para vasos. O adubo de base aplicado deve estar completamente decomposto.<\/p>\n\n\n\n<p class=\"wp-block-paragraph\">(2) Refor\u00e7ar a gest\u00e3o do campo. Quando a humidade do ar \u00e9 elevada, regar menos ou n\u00e3o regar de todo, mantendo o solo do vaso a um n\u00edvel h\u00famido. Aplicar menos fertilizante de azoto, mais fertilizante de f\u00f3sforo e pot\u00e1ssio, e remover e destruir prontamente as folhas doentes e velhas em contacto com o solo.<\/p>\n\n\n\n<p class=\"wp-block-paragraph\">Nome da doen\u00e7a: Podrid\u00e3o do caule; Patog\u00e9nios: Aspergillus niger van Teigh, um fungo semiconsciente; Sintomas: As folhas das plantas doentes s\u00e3o verde-claras. A maioria apresenta uma decomposi\u00e7\u00e3o encharcada de \u00e1gua nos tocos de folhas deixados ap\u00f3s o corte do c\u00e2nhamo, produzindo marcas de doen\u00e7a amarelo-acastanhadas ou vermelho-acastanhadas, e o sumo escorre quando pressionado \u00e0 m\u00e3o.<\/p>\n\n\n\n<p class=\"wp-block-paragraph\"><strong>M\u00e9todos de preven\u00e7\u00e3o e controlo<\/strong><\/p>\n\n\n\n<p class=\"wp-block-paragraph\">\u2460 Aplicar cal. A aplica\u00e7\u00e3o de cal pode prevenir doen\u00e7as, promover o crescimento e aumentar a taxa de produ\u00e7\u00e3o de c\u00e2nhamo. Geralmente, os campos doentes devem ser tratados a uma taxa de 0,5 kg por planta, e os campos n\u00e3o doentes a 0,25 kg por planta, durante 2-3 anos consecutivos.<\/p>\n\n\n\n<p class=\"wp-block-paragraph\">\u2461 Ajustar o per\u00edodo de corte das folhas. O per\u00edodo de corte das folhas dos campos doentes e dos campos suscept\u00edveis pode ser ajustado aos per\u00edodos de baixa humidade. Antecipar o corte de folhas originalmente programado antes de junho para antes de meados de mar\u00e7o; Atrasar o corte de folhas originalmente programado depois de julho para depois do in\u00edcio de novembro. Ter o cuidado de n\u00e3o utilizar uma l\u00e2mina invertida para cortar as folhas.<\/p>\n\n\n\n<p class=\"wp-block-paragraph\">\u2462 Preven\u00e7\u00e3o e controlo qu\u00edmico. Ap\u00f3s o corte das folhas, os campos doentes e os campos suscept\u00edveis devem ser pulverizados com metaxenia 40% 200 vezes dilu\u00edda ou polioxina 25% 400 vezes dilu\u00edda no prazo de 3 dias. A dosagem da solu\u00e7\u00e3o medicamentosa \u00e9 de 20-25 kg por 666,7m2.<\/p>\n\n\n\n<p class=\"wp-block-paragraph\">\u2463 Cria\u00e7\u00e3o e cultivo de variedades resistentes a doen\u00e7as.<\/p>\n\n\n\n<h2 class=\"wp-block-heading\"><strong>Cultura de plantas<\/strong><\/h2>\n\n\n\n<h3 class=\"wp-block-heading\"><strong>Origem do nome<\/strong><\/h3>\n\n\n\n<p class=\"wp-block-paragraph\">A dedaleira \u00e9 uma planta tipicamente naturalizada, origin\u00e1ria da regi\u00e3o temperada da Europa Ocidental. Chama-se de dedaleira (tamb\u00e9m conhecida como Digitalis em termos cient\u00edficos) porque tem caules e folhas cobertos de vilosidades e folhas semelhantes \u00e0s do confrei, da\u00ed o nome de dedaleira. Por ser origin\u00e1ria da Europa long\u00ednqua, \u00e9 tamb\u00e9m conhecida como Confrei Ocidental.<\/p>\n\n\n\n<h3 class=\"wp-block-heading\"><strong>Legenda<\/strong><\/h3>\n\n\n\n<p class=\"wp-block-paragraph\">Segundo a lenda, uma fada malvada deu a flor da dedaleira a uma raposa, permitindo-lhe colocar a flor nas patas para reduzir o som dos seus passos quando procurava alimentos entre as dedaleiras. Por isso, a dedaleira tem outro nome - luvas de raposa. Para al\u00e9m disso, a dedaleira tamb\u00e9m tem outros nomes, como Luvas de Bruxa, Cobertura de Raposa, Luvas de Fada e Sinos de Homem Morto.<\/p>\n\n\n\n<h3 class=\"wp-block-heading\"><strong>L\u00edngua das flores<\/strong><\/h3>\n\n\n\n<p class=\"wp-block-paragraph\">Vermelho profundo: Amor escondido<\/p>\n\n\n\n<p class=\"wp-block-paragraph\">Vermelho-p\u00farpura: Mentiras, desonestidade<\/p>","protected":false},"excerpt":{"rendered":"<p>Digitalis purpurea, commonly known as the Foxglove, is a biennial or perennial herbaceous plant. Except for its corolla, the entire plant is covered with short, gray-white hairs and glandular hairs. At times, the stem is almost hairless. The plant stands 60-120 cm tall, with single stems or multiple clustered stems. The leaves are ovate or [&hellip;]<\/p>\n","protected":false},"author":1,"featured_media":5223,"comment_status":"open","ping_status":"open","sticky":false,"template":"","format":"standard","meta":{"_breakdance_hide_in_design_set":false,"_breakdance_tags":"","footnotes":""},"categories":[20],"tags":[],"class_list":["post-5218","post","type-post","status-publish","format-standard","has-post-thumbnail","hentry","category-species-and-types"],"_links":{"self":[{"href":"https:\/\/flowerslib.com\/pt\/wp-json\/wp\/v2\/posts\/5218","targetHints":{"allow":["GET"]}}],"collection":[{"href":"https:\/\/flowerslib.com\/pt\/wp-json\/wp\/v2\/posts"}],"about":[{"href":"https:\/\/flowerslib.com\/pt\/wp-json\/wp\/v2\/types\/post"}],"author":[{"embeddable":true,"href":"https:\/\/flowerslib.com\/pt\/wp-json\/wp\/v2\/users\/1"}],"replies":[{"embeddable":true,"href":"https:\/\/flowerslib.com\/pt\/wp-json\/wp\/v2\/comments?post=5218"}],"version-history":[{"count":0,"href":"https:\/\/flowerslib.com\/pt\/wp-json\/wp\/v2\/posts\/5218\/revisions"}],"wp:featuredmedia":[{"embeddable":true,"href":"https:\/\/flowerslib.com\/pt\/wp-json\/wp\/v2\/media\/5223"}],"wp:attachment":[{"href":"https:\/\/flowerslib.com\/pt\/wp-json\/wp\/v2\/media?parent=5218"}],"wp:term":[{"taxonomy":"category","embeddable":true,"href":"https:\/\/flowerslib.com\/pt\/wp-json\/wp\/v2\/categories?post=5218"},{"taxonomy":"post_tag","embeddable":true,"href":"https:\/\/flowerslib.com\/pt\/wp-json\/wp\/v2\/tags?post=5218"}],"curies":[{"name":"wp","href":"https:\/\/api.w.org\/{rel}","templated":true}]}}