{"id":14225,"date":"2023-12-04T16:07:00","date_gmt":"2023-12-04T08:07:00","guid":{"rendered":"https:\/\/flowerslib.com\/?p=14225"},"modified":"2023-12-04T16:07:02","modified_gmt":"2023-12-04T08:07:02","slug":"oenothera-rosea","status":"publish","type":"post","link":"https:\/\/flowerslib.com\/pt\/oenothera-rosea\/","title":{"rendered":"Explore o mundo encantador da Oenothera Rosea: Crescimento e Habitat"},"content":{"rendered":"<p class=\"wp-block-paragraph\">A Oenothera rosea \u00e9 uma planta herb\u00e1cea perene da fam\u00edlia Onagraceae. Tem uma raiz principal robusta com caules que crescem frequentemente em grupos, com 30-50 cent\u00edmetros de altura, ramificando-se frequentemente e cobertos de p\u00ealos encaracolados e macios. <\/p>\n\n\n\n<p class=\"wp-block-paragraph\">As partes superiores s\u00e3o densamente peludas na juventude e por vezes misturadas com p\u00ealos longos e macios, enquanto as partes inferiores s\u00e3o frequentemente vermelho-p\u00farpura. <\/p>\n\n\n\n<p class=\"wp-block-paragraph\">As folhas basais abra\u00e7am o solo, s\u00e3o inversamente lanceoladas com uma ponta pontiaguda ou arredondada, estreitando-se gradualmente a partir do meio ou abruptamente, e irregularmente pinadas e profundamente lobadas at\u00e9 ao pec\u00edolo. <\/p>\n\n\n\n<p class=\"wp-block-paragraph\">Os pec\u00edolos s\u00e3o vermelho-p\u00farpura p\u00e1lido, com uma ponta rudemente aguda na extremidade inferior, tornando-se mais aguda ou gradualmente pontiaguda em dire\u00e7\u00e3o \u00e0s partes m\u00e9dia e superior, e t\u00eam uma forma de cunha larga na base, estreitando-se abruptamente at\u00e9 ao pec\u00edolo. <\/p>\n\n\n\n<p class=\"wp-block-paragraph\"><\/p>\n\n\n<div class=\"wp-block-image\">\n<figure class=\"aligncenter size-full\"><img loading=\"lazy\" decoding=\"async\" width=\"1200\" height=\"800\" src=\"https:\/\/flowerslib.com\/wp-content\/uploads\/2023\/12\/6-2.jpg\" alt=\"Oenothera rosea\" class=\"wp-image-14563\" srcset=\"https:\/\/flowerslib.com\/wp-content\/uploads\/2023\/12\/6-2.jpg 1200w, https:\/\/flowerslib.com\/wp-content\/uploads\/2023\/12\/6-2-600x400.jpg 600w, https:\/\/flowerslib.com\/wp-content\/uploads\/2023\/12\/6-2-768x512.jpg 768w, https:\/\/flowerslib.com\/wp-content\/uploads\/2023\/12\/6-2-240x160.jpg 240w\" sizes=\"auto, (max-width: 1200px) 100vw, 1200px\" \/><\/figure>\n<\/div>\n\n\n<p class=\"wp-block-paragraph\"><\/p>\n\n\n\n<p class=\"wp-block-paragraph\">Os bordos t\u00eam sali\u00eancias dentadas com l\u00f3bulos finos em forma de pena na base. O fruto \u00e9 uma c\u00e1psula em forma de haste com asas estriadas e um bico curto na parte superior; as sementes s\u00e3o numerosas em cada c\u00e2mara, agrupadas quase horizontalmente, e t\u00eam uma forma oval longa a inversamente ovada.<\/p>\n\n\n\n<p class=\"wp-block-paragraph\">Nativa da parte sul do Texas, EUA, at\u00e9 ao M\u00e9xico, a pr\u00edmula cor-de-rosa tamb\u00e9m se encontra nas regi\u00f5es montanhosas temperadas quentes do sudoeste dos Estados Unidos, na Am\u00e9rica Central e na Am\u00e9rica do Sul. <\/p>\n\n\n\n<p class=\"wp-block-paragraph\">\u00c9 cultivada na Eur\u00e1sia, \u00c1frica do Sul e noutros locais, escapando por vezes para se tornar selvagem. Desenvolve-se a altitudes de 1000-2000 metros em terrenos baldios, encostas soalheiras, orlas de florestas secund\u00e1rias, bermas de estradas, margens de rios, buracos em \u00e1reas residenciais e valas semi-sombreadas.<\/p>\n\n\n\n<p class=\"wp-block-paragraph\">A pr\u00edmula-rosa \u00e9 adequada para embelezar cen\u00e1rios noturnos, utilizada em jardins, p\u00e1tios, canteiros de flores e na vegeta\u00e7\u00e3o \u00e0 beira da estrada, oferecendo um valor ornamental significativo, bem como um valor econ\u00f3mico e medicinal. <\/p>\n\n\n\n<p class=\"wp-block-paragraph\">As suas ra\u00edzes s\u00e3o utilizadas na medicina herbal pelos seus efeitos anti-inflamat\u00f3rios e de redu\u00e7\u00e3o da tens\u00e3o arterial.<\/p>\n\n\n\n<p class=\"wp-block-paragraph\"><\/p>\n\n\n<div class=\"wp-block-image\">\n<figure class=\"aligncenter size-full\"><img loading=\"lazy\" decoding=\"async\" width=\"1200\" height=\"800\" src=\"https:\/\/flowerslib.com\/wp-content\/uploads\/2023\/11\/4-14.jpg\" alt=\"Oenothera rosea\" class=\"wp-image-14286\" srcset=\"https:\/\/flowerslib.com\/wp-content\/uploads\/2023\/11\/4-14.jpg 1200w, https:\/\/flowerslib.com\/wp-content\/uploads\/2023\/11\/4-14-600x400.jpg 600w, https:\/\/flowerslib.com\/wp-content\/uploads\/2023\/11\/4-14-768x512.jpg 768w, https:\/\/flowerslib.com\/wp-content\/uploads\/2023\/11\/4-14-240x160.jpg 240w\" sizes=\"auto, (max-width: 1200px) 100vw, 1200px\" \/><\/figure>\n<\/div>\n\n\n<p class=\"wp-block-paragraph\"><\/p>\n\n\n\n<h2 class=\"wp-block-heading\">I. Hist\u00f3ria bot\u00e2nica<\/h2>\n\n\n\n<p class=\"wp-block-paragraph\">Vulgarmente conhecida como \"Fragr\u00e2ncia da Noite\" na tradi\u00e7\u00e3o popular, a Pr\u00edmula da Noite \u00e9 assim chamada devido ao seu h\u00e1bito de florescer \u00e0 noite e emitir uma fragr\u00e2ncia t\u00e9nue e encantadora que se espalha pelo ar.<\/p>\n\n\n\n<h2 class=\"wp-block-heading\">II. Carater\u00edsticas morfol\u00f3gicas<\/h2>\n\n\n\n<p class=\"wp-block-paragraph\">A erva perene tem uma raiz principal espessa (at\u00e9 1,5 cent\u00edmetros de di\u00e2metro); os caules s\u00e3o geralmente agrupados, ascendentes, com 30-50 cent\u00edmetros de altura, muito ramificados e cobertos de p\u00ealos macios encaracolados, com as partes superiores densamente peludas quando jovens, por vezes misturadas com p\u00ealos macios longos, e as partes inferiores frequentemente vermelho-p\u00farpura. <\/p>\n\n\n\n<p class=\"wp-block-paragraph\">As folhas basais s\u00e3o rasteiras, inversamente lanceoladas, com 1,5-4 cent\u00edmetros de comprimento e 1-1,5 cent\u00edmetros de largura, com uma ponta pontiaguda ou arredondada, estreitando-se a partir do meio ou abruptamente, e com l\u00f3bulos profundos e irregulares que se estendem at\u00e9 ao pec\u00edolo. <\/p>\n\n\n\n<p class=\"wp-block-paragraph\"><\/p>\n\n\n<div class=\"wp-block-image\">\n<figure class=\"aligncenter size-full\"><img loading=\"lazy\" decoding=\"async\" width=\"1200\" height=\"800\" src=\"https:\/\/flowerslib.com\/wp-content\/uploads\/2023\/12\/3-13.jpg\" alt=\"Oenothera rosea\" class=\"wp-image-14564\" srcset=\"https:\/\/flowerslib.com\/wp-content\/uploads\/2023\/12\/3-13.jpg 1200w, https:\/\/flowerslib.com\/wp-content\/uploads\/2023\/12\/3-13-600x400.jpg 600w, https:\/\/flowerslib.com\/wp-content\/uploads\/2023\/12\/3-13-768x512.jpg 768w, https:\/\/flowerslib.com\/wp-content\/uploads\/2023\/12\/3-13-240x160.jpg 240w\" sizes=\"auto, (max-width: 1200px) 100vw, 1200px\" \/><\/figure>\n<\/div>\n\n\n<p class=\"wp-block-paragraph\"><\/p>\n\n\n\n<p class=\"wp-block-paragraph\">Os pec\u00edolos s\u00e3o vermelho-p\u00farpura p\u00e1lido e t\u00eam 0,5-1,5 cent\u00edmetros de comprimento, com as folhas basais a murchar durante a flora\u00e7\u00e3o. <\/p>\n\n\n\n<p class=\"wp-block-paragraph\">As folhas do caule s\u00e3o cinzento-esverdeadas, lanceoladas ou oblongo-ovadas de perfil, com 3-6 cent\u00edmetros de comprimento, 1-2,2 cent\u00edmetros de largura, com uma ponta rudemente aguda na extremidade inferior, tornando-se mais aguda ou gradualmente pontiaguda em dire\u00e7\u00e3o \u00e0s partes m\u00e9dia e superior, e amplamente em forma de cunha na base, estreitando-se abruptamente at\u00e9 ao pec\u00edolo. <\/p>\n\n\n\n<p class=\"wp-block-paragraph\">Os bordos t\u00eam sali\u00eancias dentadas com l\u00f3bulos finos em forma de pena na base, e as folhas t\u00eam 6-8 pares de nervuras laterais, cobertas de p\u00ealos macios encaracolados em ambas as superf\u00edcies; os pec\u00edolos t\u00eam 1-2 cent\u00edmetros de comprimento.<\/p>\n\n\n\n<p class=\"wp-block-paragraph\">As flores s\u00e3o solit\u00e1rias no topo do caule e nas axilas das folhas dos ramos, florescendo perto do nascer do sol. Os bot\u00f5es florais s\u00e3o verdes, c\u00f3nico-cil\u00edndricos, com 1,5-2,2 cent\u00edmetros de comprimento, com os dentes do c\u00e1lice firmemente apertados num bico no topo. <\/p>\n\n\n\n<p class=\"wp-block-paragraph\">O tubo floral \u00e9 vermelho p\u00e1lido, com 5-8 mil\u00edmetros de comprimento, coberto de p\u00ealos macios encaracolados, com s\u00e9palas verdes tingidas de vermelho, lanceoladas, com 6-9 mil\u00edmetros de comprimento, 2-2,5 mil\u00edmetros de largura, com dentes do c\u00e1lice com 1-1,5 mil\u00edmetros de comprimento, e o dorso coberto de p\u00ealos macios encaracolados, que se reflectem e depois se voltam para cima durante a flora\u00e7\u00e3o. <\/p>\n\n\n\n<p class=\"wp-block-paragraph\">As p\u00e9talas s\u00e3o cor-de-rosa a vermelho-p\u00farpura, ovais, largas, com 6-9 mil\u00edmetros de comprimento e 3-4 mil\u00edmetros de largura, com uma ponta arredondada e 4-5 pares de nervuras pinadas. <\/p>\n\n\n\n<p class=\"wp-block-paragraph\">Os filamentos s\u00e3o brancos a vermelho-p\u00farpura claro, com 5-7 mil\u00edmetros de comprimento; as anteras s\u00e3o cor-de-rosa a amarelas, oblongo-lineares, com cerca de 3 mil\u00edmetros de comprimento, com aproximadamente 50% do p\u00f3len desenvolvido. <\/p>\n\n\n\n<p class=\"wp-block-paragraph\">O ov\u00e1rio durante a flora\u00e7\u00e3o \u00e9 estreitamente el\u00edptico, com cerca de 8 mil\u00edmetros de comprimento, incluindo o pedicelo com 6-10 mil\u00edmetros de comprimento, densamente coberto de p\u00ealos macios encaracolados. <\/p>\n\n\n\n<p class=\"wp-block-paragraph\">O estilete \u00e9 branco, com 8-12 mil\u00edmetros de comprimento, com a parte que se estende para fora do tubo floral com 4-5 mil\u00edmetros de comprimento; o estigma \u00e9 vermelho, rodeado por anteras, com l\u00f3bulos de cerca de 2 mil\u00edmetros de comprimento, e o p\u00f3len \u00e9 depositado diretamente nos l\u00f3bulos. <\/p>\n\n\n\n<p class=\"wp-block-paragraph\">O fruto \u00e9 uma c\u00e1psula em forma de haste, com 8-10 mil\u00edmetros de comprimento e 3-4 mil\u00edmetros de di\u00e2metro, com 4 asas longitudinais e estriadas entre elas, e um bico curto no topo; o pedicelo tem 6-12 mil\u00edmetros de comprimento. <\/p>\n\n\n\n<p class=\"wp-block-paragraph\">As sementes s\u00e3o numerosas em cada c\u00e2mara, agrupadas quase horizontalmente, de forma oval longa a inversamente ovalada, com 0,7-0,9 mil\u00edmetros de comprimento e 0,3-0,5 mil\u00edmetros de di\u00e2metro.<\/p>\n\n\n\n<h2 class=\"wp-block-heading\">III. Ambiente de crescimento<\/h2>\n\n\n\n<p class=\"wp-block-paragraph\">A pr\u00edmula-rosa desenvolve-se em altitudes que variam entre os 1000 e os 2000 metros, sendo comum encontr\u00e1-la em terrenos baldios, encostas soalheiras, orlas de florestas secund\u00e1rias, bermas de estradas, margens de rios, espa\u00e7os vagos \u00e0 volta de casas e valas semi-sombreadas.<\/p>\n\n\n\n<h2 class=\"wp-block-heading\">IV. Distribui\u00e7\u00e3o<\/h2>\n\n\n\n<p class=\"wp-block-paragraph\">Origin\u00e1ria da regi\u00e3o sul do Texas, nos Estados Unidos, at\u00e9 ao M\u00e9xico, a pr\u00edmula cor-de-rosa tamb\u00e9m foi observada nas zonas montanhosas das zonas temperadas quentes do sudoeste dos Estados Unidos, da Am\u00e9rica Central e da Am\u00e9rica do Sul. <\/p>\n\n\n\n<p class=\"wp-block-paragraph\">Foi cultivada e naturalizada na Eur\u00e1sia (incluindo a regi\u00e3o dos Himalaias na \u00c1sia, \u00cdndia, Nepal, Myanmar, etc.) e na \u00c1frica do Sul.<\/p>\n\n\n\n<h2 class=\"wp-block-heading\">V. H\u00e1bitos de crescimento<\/h2>\n\n\n\n<h3 class=\"wp-block-heading\">Fase fenol\u00f3gica<\/h3>\n\n\n\n<p class=\"wp-block-paragraph\">Os rebentos perenes da pr\u00edmula rosa brotam no final de fevereiro, entrando na fase inicial de flora\u00e7\u00e3o no final de mar\u00e7o. A propaga\u00e7\u00e3o das sementes come\u00e7a com a germina\u00e7\u00e3o no in\u00edcio de mar\u00e7o, e a planta passa para a fase de crescimento reprodutivo depois de desenvolver 12 folhas. <\/p>\n\n\n\n<p class=\"wp-block-paragraph\">Cada flor floresce durante um \u00fanico dia; abrem-se por volta das 6:30 da manh\u00e3 e fecham \u00e0s 18:30 da tarde, durando todo o per\u00edodo de flora\u00e7\u00e3o cerca de 50 dias. Os frutos come\u00e7am a amadurecer no in\u00edcio de maio e abrem-se naturalmente para dispersar as sementes em condi\u00e7\u00f5es de humidade. <\/p>\n\n\n\n<p class=\"wp-block-paragraph\">Nos meios \u00e1ridos e pobres, a fase de crescimento vegetativo \u00e9 breve, passando rapidamente \u00e0 fase reprodutiva, que apresenta um per\u00edodo de matura\u00e7\u00e3o mais uniforme, com as plantas a definharem no final de maio. <\/p>\n\n\n\n<p class=\"wp-block-paragraph\">Em contrapartida, com uma melhor disponibilidade de \u00e1gua e de nutrientes, as plantas continuam a crescer durante a primavera, o ver\u00e3o e o outono, o que favorece a expans\u00e3o e um per\u00edodo prolongado de crescimento e de frutifica\u00e7\u00e3o.<\/p>\n\n\n\n<h3 class=\"wp-block-heading\">Germina\u00e7\u00e3o de sementes<\/h3>\n\n\n\n<p class=\"wp-block-paragraph\">O revestimento fino da semente da pr\u00edmula rosa facilita a germina\u00e7\u00e3o com taxas de germina\u00e7\u00e3o elevadas de at\u00e9 85%. A germina\u00e7\u00e3o come\u00e7a no quarto dia e pode prolongar-se at\u00e9 20 dias. <\/p>\n\n\n\n<p class=\"wp-block-paragraph\">Ap\u00f3s o armazenamento a 4\u00b0C durante seis dias, as taxas de germina\u00e7\u00e3o podem atingir aproximadamente 91,7%, come\u00e7ando no segundo dia e durando 15 dias. <\/p>\n\n\n\n<p class=\"wp-block-paragraph\">Se armazenadas durante dez dias a 4\u00b0C, as sementes germinam mais rapidamente, com uma taxa de germina\u00e7\u00e3o pr\u00f3xima de 91%, com in\u00edcio no segundo dia e dura\u00e7\u00e3o de 13 dias. <\/p>\n\n\n\n<p class=\"wp-block-paragraph\">A germina\u00e7\u00e3o mais r\u00e1pida ap\u00f3s o tratamento pelo frio indica que as sementes necessitam de um per\u00edodo de dorm\u00eancia ap\u00f3s a matura\u00e7\u00e3o, que pode ser rapidamente ultrapassado com uma estratifica\u00e7\u00e3o a frio de curta dura\u00e7\u00e3o.<\/p>\n\n\n\n<h2 class=\"wp-block-heading\">VI. Valor do capital<\/h2>\n\n\n\n<p class=\"wp-block-paragraph\">A pr\u00edmula cor-de-rosa \u00e9 ideal para adornar paisagens nocturnas e \u00e9 muito utilizada em jardins, p\u00e1tios, canteiros de flores e vegeta\u00e7\u00e3o \u00e0 beira da estrada, oferecendo um valor ornamental significativo.<\/p>\n\n\n\n<p class=\"wp-block-paragraph\">Al\u00e9m disso, tem um valor econ\u00f3mico e medicinal consider\u00e1vel. As suas ra\u00edzes s\u00e3o utilizadas na medicina tradicional pelas suas propriedades anti-inflamat\u00f3rias e de redu\u00e7\u00e3o da tens\u00e3o arterial.<\/p>","protected":false},"excerpt":{"rendered":"<p>The Oenothera rosea is a perennial herbaceous plant from the Onagraceae family. It has a robust taproot with stems that often grow in clusters, rising 30-50 centimeters high, branching frequently, and covered with curly soft hairs. The upper parts are densely hairy in youth and sometimes mixed with long soft hairs, while the lower parts [&hellip;]<\/p>\n","protected":false},"author":1,"featured_media":14285,"comment_status":"open","ping_status":"open","sticky":false,"template":"","format":"standard","meta":{"_breakdance_hide_in_design_set":false,"_breakdance_tags":"","footnotes":""},"categories":[20],"tags":[],"class_list":["post-14225","post","type-post","status-publish","format-standard","has-post-thumbnail","hentry","category-species-and-types"],"_links":{"self":[{"href":"https:\/\/flowerslib.com\/pt\/wp-json\/wp\/v2\/posts\/14225","targetHints":{"allow":["GET"]}}],"collection":[{"href":"https:\/\/flowerslib.com\/pt\/wp-json\/wp\/v2\/posts"}],"about":[{"href":"https:\/\/flowerslib.com\/pt\/wp-json\/wp\/v2\/types\/post"}],"author":[{"embeddable":true,"href":"https:\/\/flowerslib.com\/pt\/wp-json\/wp\/v2\/users\/1"}],"replies":[{"embeddable":true,"href":"https:\/\/flowerslib.com\/pt\/wp-json\/wp\/v2\/comments?post=14225"}],"version-history":[{"count":0,"href":"https:\/\/flowerslib.com\/pt\/wp-json\/wp\/v2\/posts\/14225\/revisions"}],"wp:featuredmedia":[{"embeddable":true,"href":"https:\/\/flowerslib.com\/pt\/wp-json\/wp\/v2\/media\/14285"}],"wp:attachment":[{"href":"https:\/\/flowerslib.com\/pt\/wp-json\/wp\/v2\/media?parent=14225"}],"wp:term":[{"taxonomy":"category","embeddable":true,"href":"https:\/\/flowerslib.com\/pt\/wp-json\/wp\/v2\/categories?post=14225"},{"taxonomy":"post_tag","embeddable":true,"href":"https:\/\/flowerslib.com\/pt\/wp-json\/wp\/v2\/tags?post=14225"}],"curies":[{"name":"wp","href":"https:\/\/api.w.org\/{rel}","templated":true}]}}