{"id":14217,"date":"2023-12-04T16:05:57","date_gmt":"2023-12-04T08:05:57","guid":{"rendered":"https:\/\/flowerslib.com\/?p=14217"},"modified":"2023-12-04T16:05:59","modified_gmt":"2023-12-04T08:05:59","slug":"nymphaea-alba-nenufar-vermelho","status":"publish","type":"post","link":"https:\/\/flowerslib.com\/pt\/nymphaea-alba-red-water-lily\/","title":{"rendered":"Dan\u00e7ando na \u00e1gua: Os segredos encantadores do nen\u00fafar vermelho revelados"},"content":{"rendered":"<p class=\"wp-block-paragraph\">A Nymphaea alba \u00e9 uma planta aqu\u00e1tica perene com flores da fam\u00edlia dos nen\u00fafares. <\/p>\n\n\n\n<p class=\"wp-block-paragraph\">As suas folhas s\u00e3o redondas ou quase; as folhas submersas s\u00e3o finas e membranosas, as folhas jovens s\u00e3o vermelho-p\u00farpura, passando a verde-tinta \u00e0 superf\u00edcie quando maduras, com uma parte inferior vermelho-p\u00farpura escura e serrilhas triangulares pouco profundas na margem. <\/p>\n\n\n\n<p class=\"wp-block-paragraph\">As flores flutuam ou elevam-se acima da superf\u00edcie da \u00e1gua, com p\u00e9talas vermelho-rosadas ou cor-de-rosa dispostas em roseta; o fruto \u00e9 uma baga. A \u00e9poca de flora\u00e7\u00e3o decorre de maio a setembro e a \u00e9poca de frutifica\u00e7\u00e3o de julho a outubro.<\/p>\n\n\n\n<p class=\"wp-block-paragraph\">Origin\u00e1rio da \u00cdndia, o Nen\u00fafar Vermelho encontra-se na China e tamb\u00e9m na Su\u00e9cia. Desenvolve-se em plena luz do sol, \u00e9 tolerante ao calor, resistente ao frio, mas n\u00e3o se d\u00e1 bem \u00e0 sombra. <\/p>\n\n\n\n<p class=\"wp-block-paragraph\"><\/p>\n\n\n<div class=\"wp-block-image\">\n<figure class=\"aligncenter size-full\"><img loading=\"lazy\" decoding=\"async\" width=\"1200\" height=\"800\" src=\"https:\/\/flowerslib.com\/wp-content\/uploads\/2023\/12\/1-20.jpg\" alt=\"Nymphaea alba\" class=\"wp-image-14579\" srcset=\"https:\/\/flowerslib.com\/wp-content\/uploads\/2023\/12\/1-20.jpg 1200w, https:\/\/flowerslib.com\/wp-content\/uploads\/2023\/12\/1-20-600x400.jpg 600w, https:\/\/flowerslib.com\/wp-content\/uploads\/2023\/12\/1-20-768x512.jpg 768w, https:\/\/flowerslib.com\/wp-content\/uploads\/2023\/12\/1-20-240x160.jpg 240w\" sizes=\"auto, (max-width: 1200px) 100vw, 1200px\" \/><\/figure>\n<\/div>\n\n\n<p class=\"wp-block-paragraph\"><\/p>\n\n\n\n<p class=\"wp-block-paragraph\">Prefere solos argilosos ricos e \u00e9 comum encontrar-se em charcos, lagos e parques aqu\u00e1ticos. A propaga\u00e7\u00e3o faz-se normalmente por divis\u00e3o ou sementeira.<\/p>\n\n\n\n<p class=\"wp-block-paragraph\">O nen\u00fafar vermelho tem propriedades refrescantes e desintoxicantes, efeitos adstringentes e antidiarreicos, e pode ser utilizado para tratar a tuberculose e as hemorr\u00f3idas. <\/p>\n\n\n\n<p class=\"wp-block-paragraph\">As suas folhas graciosamente dan\u00e7antes e os seus reflexos encantadoramente enganadores assemelham-se a uma fada a caminhar sobre a \u00e1gua, proporcionando uma vis\u00e3o deliciosa e refrescante. \u00c9 uma planta aqu\u00e1tica de jardim apreciada tanto pelas suas flores como pela sua folhagem. <\/p>\n\n\n\n<p class=\"wp-block-paragraph\">Os rizomas do nen\u00fafar vermelho, ricos em amido, s\u00e3o comest\u00edveis ou podem ser utilizados para a produ\u00e7\u00e3o de \u00e1lcool, e a planta inteira pode ser utilizada como forragem.<\/p>\n\n\n\n<p class=\"wp-block-paragraph\"><\/p>\n\n\n<div class=\"wp-block-image\">\n<figure class=\"aligncenter size-full\"><img loading=\"lazy\" decoding=\"async\" width=\"1200\" height=\"800\" src=\"https:\/\/flowerslib.com\/wp-content\/uploads\/2023\/12\/3-16.jpg\" alt=\"Nymphaea alba\" class=\"wp-image-14580\" srcset=\"https:\/\/flowerslib.com\/wp-content\/uploads\/2023\/12\/3-16.jpg 1200w, https:\/\/flowerslib.com\/wp-content\/uploads\/2023\/12\/3-16-600x400.jpg 600w, https:\/\/flowerslib.com\/wp-content\/uploads\/2023\/12\/3-16-768x512.jpg 768w, https:\/\/flowerslib.com\/wp-content\/uploads\/2023\/12\/3-16-240x160.jpg 240w\" sizes=\"auto, (max-width: 1200px) 100vw, 1200px\" \/><\/figure>\n<\/div>\n\n\n<p class=\"wp-block-paragraph\"><\/p>\n\n\n\n<h2 class=\"wp-block-heading\">I. Carater\u00edsticas morfol\u00f3gicas<\/h2>\n\n\n\n<p class=\"wp-block-paragraph\">O nen\u00fafar vermelho \u00e9 uma erva aqu\u00e1tica perene com rizomas rastejantes. <\/p>\n\n\n\n<p class=\"wp-block-paragraph\">As folhas s\u00e3o papeleiras, quase circulares, com um di\u00e2metro de 10-25 cent\u00edmetros, uma base profundamente em forma de cora\u00e7\u00e3o, segmentos afiados, quase paralelos ou espalhados, margens inteiras ou onduladas com dentes triangulares pouco profundos, e s\u00e3o glabras em ambos os lados com pequenas manchas. <\/p>\n\n\n\n<p class=\"wp-block-paragraph\">As folhas jovens s\u00e3o vermelho-p\u00farpura, tornando-se verde-tinta brilhante na superf\u00edcie e vermelho-p\u00farpura escuro por baixo \u00e0 medida que envelhecem, com pec\u00edolos de at\u00e9 50 cent\u00edmetros de comprimento.<\/p>\n\n\n\n<p class=\"wp-block-paragraph\">As flores s\u00e3o grandes, com um di\u00e2metro de 30-34 cent\u00edmetros, vermelho-rosa e perfumadas; os caules das flores t\u00eam aproximadamente o mesmo comprimento que os pec\u00edolos. <\/p>\n\n\n\n<p class=\"wp-block-paragraph\">As s\u00e9palas s\u00e3o lanceoladas, com 3-5 cent\u00edmetros de comprimento, caindo ou decompondo-se ap\u00f3s a flora\u00e7\u00e3o; h\u00e1 20-25 p\u00e9talas, brancas, ovado-el\u00edpticas, com 3-5,5 cent\u00edmetros de comprimento, sendo as exteriores ligeiramente mais compridas do que as s\u00e9palas; o recet\u00e1culo \u00e9 cil\u00edndrico; as anteras n\u00e3o se estendem na ponta, os gr\u00e3os de p\u00f3len est\u00e3o enrugados com papilas; o estigma tem 14-20 linhas radiantes e \u00e9 achatado.<\/p>\n\n\n\n<p class=\"wp-block-paragraph\">Os bagos s\u00e3o achatados a semi-esf\u00e9ricos, com 2,5-3 cent\u00edmetros de comprimento; as sementes s\u00e3o el\u00edpticas, com 2-3 cent\u00edmetros de comprimento. A \u00e9poca de flora\u00e7\u00e3o \u00e9 de junho a agosto e a \u00e9poca de frutifica\u00e7\u00e3o de agosto a outubro.<\/p>\n\n\n\n<h2 class=\"wp-block-heading\">II. Ambiente de crescimento<\/h2>\n\n\n\n<p class=\"wp-block-paragraph\">O nen\u00fafar vermelho favorece a luz solar plena, \u00e9 tolerante a temperaturas elevadas e ao frio e pode hibernar sem prote\u00e7\u00e3o no sul da China. <\/p>\n\n\n\n<p class=\"wp-block-paragraph\">Prefere uma luz forte, uma boa ventila\u00e7\u00e3o, e pode crescer num tanque \u00e0 sombra. N\u00e3o \u00e9 exigente em termos de qualidade do solo, crescendo bem em n\u00edveis de pH de 6-8, sendo a profundidade ideal da \u00e1gua de 25-30 cent\u00edmetros, e n\u00e3o excedendo 80 cent\u00edmetros. <\/p>\n\n\n\n<p class=\"wp-block-paragraph\">Floresce em solos ricos em mat\u00e9ria org\u00e2nica e \u00e9 comummente encontrada em charcos, lagos e parques aqu\u00e1ticos.<\/p>\n\n\n\n<h2 class=\"wp-block-heading\">III. Gama de distribui\u00e7\u00e3o<\/h2>\n\n\n\n<p class=\"wp-block-paragraph\">O nen\u00fafar vermelho \u00e9 origin\u00e1rio da \u00cdndia e pode ser encontrado na China, bem como na Su\u00e9cia.<\/p>\n\n\n\n<h2 class=\"wp-block-heading\">IV. H\u00e1bitos de crescimento<\/h2>\n\n\n\n<p class=\"wp-block-paragraph\">O nen\u00fafar vermelho come\u00e7a a produzir folhas entre mar\u00e7o e abril e, de maio a agosto, floresce sucessivamente, durando cada flor 2 a 5 dias. Ap\u00f3s a flora\u00e7\u00e3o, a planta produz sementes. <\/p>\n\n\n\n<p class=\"wp-block-paragraph\">Em outubro e novembro, os caules e as folhas murcham e, na primavera seguinte, voltam a brotar. Esta planta desenvolve-se bem em charcos e lagos, e \u00e9 geralmente cultivada nos elementos de \u00e1gua dos parques.<\/p>\n\n\n\n<h2 class=\"wp-block-heading\">V. M\u00e9todos de propaga\u00e7\u00e3o<\/h2>\n\n\n\n<p class=\"wp-block-paragraph\">A propaga\u00e7\u00e3o \u00e9 geralmente efectuada por divis\u00e3o e sementeira.<\/p>\n\n\n\n<h3 class=\"wp-block-heading\">Divis\u00e3o<\/h3>\n\n\n\n<p class=\"wp-block-paragraph\">O nen\u00fafar vermelho propaga-se principalmente por divis\u00e3o. As variedades resistentes ao frio s\u00e3o normalmente divididas antes de brotarem no in\u00edcio da primavera, por volta de mar\u00e7o a abril, enquanto as variedades sens\u00edveis ao frio requerem temperaturas do ar e da \u00e1gua mais elevadas, sendo por isso divididas por volta de meados de maio. <\/p>\n\n\n\n<p class=\"wp-block-paragraph\">Durante a divis\u00e3o, os rizomas s\u00e3o escavados e as sec\u00e7\u00f5es com bot\u00f5es cheios s\u00e3o selecionadas. Estes rizomas s\u00e3o cortados em segmentos de 8 a 10 cent\u00edmetros de comprimento, cada um com pelo menos um bot\u00e3o, e depois plantados. <\/p>\n\n\n\n<p class=\"wp-block-paragraph\">Os gomos devem ser colocados para cima, logo abaixo da superf\u00edcie do solo, e o solo deve ser nivelado com os gomos. Plantar 5 a 7 segmentos por vaso. <\/p>\n\n\n\n<p class=\"wp-block-paragraph\">Ap\u00f3s a planta\u00e7\u00e3o, expor as plantas a alguma luz solar antes de adicionar \u00e1gua pouco profunda para ajudar a manter a temperatura da \u00e1gua. No entanto, a \u00e1gua n\u00e3o deve ser demasiado profunda para n\u00e3o afetar a germina\u00e7\u00e3o. <\/p>\n\n\n\n<p class=\"wp-block-paragraph\">\u00c0 medida que a temperatura aumenta e os novos bot\u00f5es come\u00e7am a crescer, o n\u00edvel de \u00e1gua pode ser aumentado. Colocar as plantas num local bem ventilado e com bastante luz solar. <\/p>\n\n\n\n<p class=\"wp-block-paragraph\">A profundidade da \u00e1gua para o cultivo deve ser de 20 a 40 cent\u00edmetros, e pode ser ajustada mais profundamente durante os meses de ver\u00e3o. Na esta\u00e7\u00e3o de altas temperaturas, \u00e9 importante manter a \u00e1gua dos vasos limpa.<\/p>\n\n\n\n<h3 class=\"wp-block-heading\">Semeadura<\/h3>\n\n\n\n<p class=\"wp-block-paragraph\">O nen\u00fafar vermelho tamb\u00e9m pode ser propagado por sementeira. Depois de as flores desabrocharem, e antes de os frutos amadurecerem, as flores s\u00e3o cobertas com um saco de pano de queijo para apanhar as sementes quando o fruto se parte. <\/p>\n\n\n\n<p class=\"wp-block-paragraph\">Uma vez colhidas, as sementes devem ser conservadas em \u00e1gua, pois perdem a sua capacidade de germina\u00e7\u00e3o se forem mantidas secas. A sementeira \u00e9 feita de mar\u00e7o a abril, utilizando terra argilosa f\u00e9rtil nos vasos. <\/p>\n\n\n\n<p class=\"wp-block-paragraph\">A terra n\u00e3o deve ser enchida demasiado alto no vaso, deixando cerca de 5 a 6 cent\u00edmetros do bordo. Depois de semear as sementes, cobri-las com 1 cent\u00edmetro de terra e pressionar para baixo. <\/p>\n\n\n\n<p class=\"wp-block-paragraph\">Em seguida, submergir o vaso em \u00e1gua de modo a que o n\u00edvel da \u00e1gua fique 3 a 4 cent\u00edmetros acima do solo. Cubra a terra com um vidro para aumentar a temperatura no interior do vaso e coloque-o num local ensolarado e quente. <\/p>\n\n\n\n<p class=\"wp-block-paragraph\">A temperatura ideal para a sementeira situa-se entre 25 e 30 graus Celsius. A germina\u00e7\u00e3o ocorre ap\u00f3s cerca de meio m\u00eas, e as plantas florescem no segundo ano.<\/p>\n\n\n\n<h2 class=\"wp-block-heading\">VI. T\u00e9cnicas de cultivo<\/h2>\n\n\n\n<h3 class=\"wp-block-heading\">Cultivo de jarras<\/h3>\n\n\n\n<p class=\"wp-block-paragraph\">Para a planta\u00e7\u00e3o, escolha um vaso com cerca de 50 cent\u00edmetros de altura e o maior di\u00e2metro poss\u00edvel, sem orif\u00edcios de drenagem no fundo. <\/p>\n\n\n\n<p class=\"wp-block-paragraph\">Encher o vaso com uma mistura uniforme de solo rico em nutrientes at\u00e9 uma profundidade de 30-40 cent\u00edmetros para facilitar o armazenamento de \u00e1gua. Colocar o material de propaga\u00e7\u00e3o em bom estado de crescimento no centro do vaso, com apenas a ponta do rebento a sobressair do solo. <\/p>\n\n\n\n<p class=\"wp-block-paragraph\">Ap\u00f3s a planta\u00e7\u00e3o, adicione \u00e1gua mas n\u00e3o a encha completamente - o n\u00edvel ideal \u00e9 cerca de 2-3 cent\u00edmetros acima da camada do solo para permitir o aquecimento e assegurar uma elevada taxa de sobreviv\u00eancia. \u00c0 medida que a planta cresce, aumente gradualmente o n\u00edvel de \u00e1gua.<\/p>\n\n\n\n<h3 class=\"wp-block-heading\">Cultivo em vaso<\/h3>\n\n\n\n<p class=\"wp-block-paragraph\">Selecionar um vaso de nutrientes sem buracos de drenagem, com 30 cent\u00edmetros de altura e 40 cent\u00edmetros de di\u00e2metro. O m\u00e9todo de planta\u00e7\u00e3o e o solo nutritivo utilizado devem ser semelhantes aos do cultivo em vaso, com o solo preenchido at\u00e9 cerca de 25 cent\u00edmetros. <\/p>\n\n\n\n<p class=\"wp-block-paragraph\">Ap\u00f3s a planta\u00e7\u00e3o, submergir o vaso num tanque com o n\u00edvel de \u00e1gua a cobrir apenas o vaso de nutrientes, e aumentar gradualmente o n\u00edvel de \u00e1gua \u00e0 medida que a planta cresce. <\/p>\n\n\n\n<p class=\"wp-block-paragraph\">A vantagem deste m\u00e9todo \u00e9 que facilita o inverno - basta aumentar o n\u00edvel da \u00e1gua no inverno para manter os bot\u00f5es do nen\u00fafar abaixo do gelo. A desvantagem \u00e9 a necessidade de entrar no tanque para a manuten\u00e7\u00e3o, o que pode ser inconveniente.<\/p>\n\n\n\n<h3 class=\"wp-block-heading\">Cultivo em lagos<\/h3>\n\n\n\n<p class=\"wp-block-paragraph\">Escolha um tanque f\u00e9rtil com pelo menos 30 cent\u00edmetros de lodo no fundo. Plantar o material de propaga\u00e7\u00e3o diretamente no lodo, come\u00e7ando com um n\u00edvel de \u00e1gua pouco profundo, de cerca de 2-3 cent\u00edmetros, para ajudar no aquecimento, e depois aumentar o n\u00edvel \u00e0 medida que a planta cresce. <\/p>\n\n\n\n<p class=\"wp-block-paragraph\">Antes do in\u00edcio do inverno, aprofundar o n\u00edvel da \u00e1gua em fun\u00e7\u00e3o da regi\u00e3o para que os rizomas fiquem abaixo do gelo, permitindo assim que as plantas passem o inverno com sucesso. <\/p>\n\n\n\n<p class=\"wp-block-paragraph\">As vantagens deste m\u00e9todo incluem um melhor efeito de grupo e um maior volume de crescimento, mas as desvantagens s\u00e3o as dificuldades na colheita do ano seguinte e no controlo de doen\u00e7as e pragas.<\/p>\n\n\n\n<h3 class=\"wp-block-heading\">N\u00edvel da \u00e1gua<\/h3>\n\n\n\n<p class=\"wp-block-paragraph\">O controlo do n\u00edvel da \u00e1gua \u00e9 um dos factores cr\u00edticos para o crescimento normal dos nen\u00fafares resistentes ao frio. \u00c0 medida que os l\u00edrios crescem, as suas necessidades em termos de n\u00edvel de \u00e1gua variam, pelo que \u00e9 importante gerir cuidadosamente este aspeto. <\/p>\n\n\n\n<p class=\"wp-block-paragraph\">Uma vez que a temperatura da \u00e1gua afecta diretamente o crescimento e a flora\u00e7\u00e3o dos nen\u00fafares, mantenha um n\u00edvel de \u00e1gua pouco profundo nas fases iniciais para aumentar rapidamente a temperatura e promover o crescimento das ra\u00edzes, o que melhorar\u00e1 a taxa de sobreviv\u00eancia. <\/p>\n\n\n\n<p class=\"wp-block-paragraph\">\u00c0 medida que as folhas crescem, aumentar gradualmente o n\u00edvel de \u00e1gua. Quando as plantas atingem o seu per\u00edodo de crescimento m\u00e1ximo, o n\u00edvel de \u00e1gua deve estar no seu m\u00e1ximo para facilitar o alongamento dos pec\u00edolos e a expans\u00e3o das folhas, ajudando no armazenamento de nutrientes. <\/p>\n\n\n\n<p class=\"wp-block-paragraph\">No outono, baixar o n\u00edvel da \u00e1gua para aumentar a temperatura da \u00e1gua e assegurar que as folhas recebem muita luz solar, aumentando a fotoss\u00edntese e promovendo o crescimento de rizomas e bot\u00f5es laterais de nen\u00fafar, o que aumenta o n\u00famero de materiais de propaga\u00e7\u00e3o para o ano seguinte. <\/p>\n\n\n\n<p class=\"wp-block-paragraph\">Quando o tempo arrefecer no final do outono, aprofundar gradualmente o n\u00edvel da \u00e1gua para controlar o crescimento vegetativo sem submergir a maior parte das folhas e, antes que a superf\u00edcie congele, aprofundar o n\u00edvel da \u00e1gua de uma s\u00f3 vez, de acordo com a espessura m\u00e1xima hist\u00f3rica do gelo, para garantir que os bot\u00f5es de nen\u00fafar estejam em seguran\u00e7a abaixo da camada de gelo durante o inverno.<\/p>\n\n\n\n<h3 class=\"wp-block-heading\">Fertiliza\u00e7\u00e3o<\/h3>\n\n\n\n<p class=\"wp-block-paragraph\">O princ\u00edpio da fertiliza\u00e7\u00e3o deve favorecer o crescimento do nen\u00fafar sem desperdi\u00e7ar nutrientes na \u00e1gua, o que pode levar \u00e0 eutrofiza\u00e7\u00e3o, estimulando o crescimento de algas e plantas aqu\u00e1ticas e potencialmente poluindo a \u00e1gua. <\/p>\n\n\n\n<p class=\"wp-block-paragraph\">Envolva o fertilizante em papel resistente e absorvente de \u00e1gua com alguns pequenos orif\u00edcios para a liberta\u00e7\u00e3o de nutrientes e coloque-o a cerca de 15-20 cent\u00edmetros de dist\u00e2ncia do centro, a uma profundidade inferior a 10 cent\u00edmetros. <\/p>\n\n\n\n<p class=\"wp-block-paragraph\">Em alternativa, misturar o fertilizante com terra de jardim h\u00famida ou argila numa propor\u00e7\u00e3o (geralmente 10:1 para os fertilizantes qu\u00edmicos e 4:1 para os fertilizantes org\u00e2nicos), e depois formar a mistura em bolas. <\/p>\n\n\n\n<p class=\"wp-block-paragraph\">Assegure-se de que n\u00e3o se agarram \u00e0s suas m\u00e3os mas que n\u00e3o se desfazem quando s\u00e3o libertadas. Colocar estas bolas radialmente \u00e0 volta do rizoma a uma dist\u00e2ncia de 15-20 cent\u00edmetros e a uma profundidade de 10-15 cent\u00edmetros abaixo do rizoma. <\/p>\n\n\n\n<p class=\"wp-block-paragraph\">Fertilizar 15 dias antes do pico do per\u00edodo de flora\u00e7\u00e3o e depois de 15 em 15 dias para garantir uma flora\u00e7\u00e3o abundante. No entanto, evite fertilizar em excesso, pois isso pode levar a um crescimento vegetativo excessivo e a folhas maiores, o que pode afetar negativamente o efeito geral da flora\u00e7\u00e3o. <\/p>\n\n\n\n<p class=\"wp-block-paragraph\">Uma fertiliza\u00e7\u00e3o razo\u00e1vel pode prolongar o per\u00edodo de flora\u00e7\u00e3o dos nen\u00fafares resistentes ao frio e aumentar o n\u00famero de materiais de propaga\u00e7\u00e3o para o ano seguinte.<\/p>\n\n\n\n<h2 class=\"wp-block-heading\">VII. Controlo das doen\u00e7as e das pragas<\/h2>\n\n\n\n<h3 class=\"wp-block-heading\">Gest\u00e3o de doen\u00e7as<\/h3>\n\n\n\n<p class=\"wp-block-paragraph\"><strong>Doen\u00e7a da podrid\u00e3o<\/strong><\/p>\n\n\n\n<p class=\"wp-block-paragraph\">Selecionar variedades resistentes \u00e0s doen\u00e7as.<\/p>\n\n\n\n<p class=\"wp-block-paragraph\">Aplicar a rota\u00e7\u00e3o de culturas de 2 em 2 ou de 3 em 3 anos nas parcelas fortemente afectadas por doen\u00e7as.<\/p>\n\n\n\n<p class=\"wp-block-paragraph\">Escolher rizomas de l\u00f3tus saud\u00e1veis e trat\u00e1-los com uma solu\u00e7\u00e3o fungicida feita pela combina\u00e7\u00e3o de um 50% carbendazim WP ou um 20% tiofanato-metilo WP a uma dilui\u00e7\u00e3o de 800x com um 75% clorotalonil WP a uma dilui\u00e7\u00e3o de 800x. <\/p>\n\n\n\n<p class=\"wp-block-paragraph\">Ap\u00f3s a pulveriza\u00e7\u00e3o, selar os rizomas sob uma pel\u00edcula de pl\u00e1stico durante 24 horas e secar ao ar antes de os plantar.<\/p>\n\n\n\n<p class=\"wp-block-paragraph\">Lavrar e gradar os campos de l\u00f3tus, aplicando 1500-2250 kg de cal por hectare.<br>Refor\u00e7ar a gest\u00e3o dos fertilizantes e da \u00e1gua atrav\u00e9s da aplica\u00e7\u00e3o atempada e adequada de fertilizantes org\u00e2nicos bem apodrecidos. <\/p>\n\n\n\n<p class=\"wp-block-paragraph\">Combinar fertilizantes org\u00e2nicos e qu\u00edmicos, bem como azoto com fertilizantes de f\u00f3sforo e pot\u00e1ssio. <\/p>\n\n\n\n<p class=\"wp-block-paragraph\">Gerir adequadamente os n\u00edveis de \u00e1gua durante as diferentes fases de crescimento do l\u00f3tus, mantendo as profundidades adequadas para controlar a temperatura e a fertiliza\u00e7\u00e3o, e evitar a exacerba\u00e7\u00e3o de doen\u00e7as devido a temperaturas elevadas da \u00e1gua ou a regas profundas prolongadas.<\/p>\n\n\n\n<p class=\"wp-block-paragraph\">Remover imediatamente as plantas doentes e pulverizar com uma solu\u00e7\u00e3o dilu\u00edda a 600x de 50% carbendazime WP combinado com 75% clorotalonil WP.<\/p>\n\n\n\n<p class=\"wp-block-paragraph\"><strong>Doen\u00e7a da podrid\u00e3o da folha<\/strong><\/p>\n\n\n\n<p class=\"wp-block-paragraph\">Remover e enterrar profundamente ou queimar os restos de plantas infectadas ap\u00f3s a colheita para reduzir as fontes de agentes patog\u00e9nicos.<\/p>\n\n\n\n<p class=\"wp-block-paragraph\">No in\u00edcio da doen\u00e7a, pulverizar com uma solu\u00e7\u00e3o de 800x de 50% carbendazim WP ou uma solu\u00e7\u00e3o de 800x de 70% tiofanato-metilo WP ou uma solu\u00e7\u00e3o de 500x de 30% oxicloreto de cobre em suspens\u00e3o, repetindo de 10 em 10 dias, aproximadamente, durante 2-3 aplica\u00e7\u00f5es.<\/p>\n\n\n\n<p class=\"wp-block-paragraph\"><strong>Doen\u00e7a da antracnose<\/strong><\/p>\n\n\n\n<p class=\"wp-block-paragraph\">Durante a esta\u00e7\u00e3o de crescimento, recolher e enterrar profundamente ou queimar os res\u00edduos vegetais infectados.<br>Aplicar adubo org\u00e2nico bem apodrecido de forma adequada e atempada e assegurar a combina\u00e7\u00e3o de adubos org\u00e2nicos e qu\u00edmicos, bem como de azoto com adubos de f\u00f3sforo e pot\u00e1ssio.<\/p>\n\n\n\n<p class=\"wp-block-paragraph\">Remover imediatamente as plantas doentes e pulverizar com uma solu\u00e7\u00e3o de 600x de 50% carbendazim WP, 75% clorotalonil WP, 500x de 36% tiofanato-metilo em suspens\u00e3o, 1500x de 50% carbendazim WP ou 800x de 80% antracnose flumetralina WP, repetindo de 10 em 10 dias durante 2-3 aplica\u00e7\u00f5es.<\/p>\n\n\n\n<h3 class=\"wp-block-heading\">Controlo de pragas<\/h3>\n\n\n\n<p class=\"wp-block-paragraph\">O pequeno escaravelho do pirilampo \u00e9 uma praga destrutiva; os adultos passam o inverno na vegeta\u00e7\u00e3o perto dos lagos e p\u00f5em ovos na parte inferior das folhas no final da primavera, produzindo 2-3 gera\u00e7\u00f5es por esta\u00e7\u00e3o. <\/p>\n\n\n\n<p class=\"wp-block-paragraph\">Durante este per\u00edodo, utilizar \u00e1gua para lavar as folhas, fazendo com que os adultos e as pupas caiam na \u00e1gua e sejam comidos pelos peixes. Se as larvas causarem danos, pulverizar com uma solu\u00e7\u00e3o de 1200x de imidaclopride.<\/p>\n\n\n\n<p class=\"wp-block-paragraph\">Os pulg\u00f5es dos nen\u00fafares danificam muitas plantas aqu\u00e1ticas de folhas moles, afectando particularmente as folhas e os caules das flores no ver\u00e3o, o que provoca altera\u00e7\u00f5es de cor nas flores. <\/p>\n\n\n\n<p class=\"wp-block-paragraph\">Os seus ovos passam o inverno em plantas do g\u00e9nero Prunus, especialmente em ameixeiras e espinheiros, e menos frequentemente em cerejeiras. <\/p>\n\n\n\n<p class=\"wp-block-paragraph\">Para evitar a infesta\u00e7\u00e3o, evite plantar esp\u00e9cies de Prunus extensivamente perto de \u00e1gua ou lave estas plantas hospedeiras com \u00e1gua de alcatr\u00e3o no inverno. Em alternativa, lavar as folhas com uma mangueira e aplicar insecticidas.<\/p>\n\n\n\n<p class=\"wp-block-paragraph\">Para os danos causados por carac\u00f3is e lesmas, misture fenitroti\u00e3o ou diazin\u00e3o com serradura, coloque num saco de pano e amarre-o ao caule da folha para que o saco flutue \u00e0 superf\u00edcie da \u00e1gua. <\/p>\n\n\n\n<p class=\"wp-block-paragraph\">O movimento da \u00e1gua dispersa o inseticida, matando eficazmente as pragas. O controlo biol\u00f3gico tamb\u00e9m \u00e9 eficaz; o armazenamento de 5 kg de botias por 1000m\u00b2 de superf\u00edcie de \u00e1gua pode impedir eficazmente a propaga\u00e7\u00e3o de pragas.<\/p>\n\n\n\n<p class=\"wp-block-paragraph\">Para infesta\u00e7\u00f5es de af\u00eddeos nas folhas, pulverizar com uma solu\u00e7\u00e3o de 1000-1200x de diclorvos ou uma solu\u00e7\u00e3o de 2000-2500x de 50% dimetoato EC.<\/p>\n\n\n\n<h2 class=\"wp-block-heading\">VIII. Valores principais<\/h2>\n\n\n\n<h3 class=\"wp-block-heading\">Valor do jardim<\/h3>\n\n\n\n<p class=\"wp-block-paragraph\">Inicialmente introduzidas para a admira\u00e7\u00e3o de p\u00e1tios privados na hist\u00f3ria da cultura do l\u00f3tus na China, as flores de l\u00f3tus cultivadas em vasos viram o seu valor est\u00e9tico aumentado desde ent\u00e3o atrav\u00e9s de uma combina\u00e7\u00e3o de t\u00e9cnicas de cultivo em vasos e em lagos. <\/p>\n\n\n\n<p class=\"wp-block-paragraph\">Este m\u00e9todo \u00e9 muito utilizado em elementos de \u00e1gua de jardins e composi\u00e7\u00f5es de paisagens em miniatura. O bonsai de rocha de nen\u00fafar \u00e9 uma forma inovadora de bonsai que integra harmoniosamente a natureza robusta e vertical das rochas com a beleza delicada e encantadora dos nen\u00fafares.<\/p>\n\n\n\n<h3 class=\"wp-block-heading\">Valor medicinal<\/h3>\n\n\n\n<p class=\"wp-block-paragraph\">O nen\u00fafar vermelho possui propriedades de limpeza do calor, desintoxicantes e anti-diarreicas. \u00c9 utilizado para tratar doen\u00e7as como a tuberculose e as hemorr\u00f3idas.<\/p>\n\n\n\n<p class=\"wp-block-paragraph\">A an\u00e1lise nutricional dos nen\u00fafares revela que s\u00e3o ricos em 17 amino\u00e1cidos e que as suas prote\u00ednas s\u00e3o de alta qualidade. <\/p>\n\n\n\n<p class=\"wp-block-paragraph\">Os resultados indicam igualmente um elevado teor de vitamina C, de glicos\u00eddeos flavon\u00f3ides e de oligoelementos como o zinco, que, no seu conjunto, asseguram uma forte fun\u00e7\u00e3o desintoxicante do chumbo. <\/p>\n\n\n\n<p class=\"wp-block-paragraph\">Testes de toxicidade aguda, ensaios de micron\u00facleos e testes de malforma\u00e7\u00e3o de espermatoz\u00f3ides em animais sugerem que os nen\u00fafares s\u00e3o uma subst\u00e2ncia segura e fi\u00e1vel, sem quaisquer efeitos secund\u00e1rios t\u00f3xicos. <\/p>\n\n\n\n<p class=\"wp-block-paragraph\">O p\u00f3len de nen\u00fafar \u00e9 nutricionalmente rico, caracterizado pela plenitude, equil\u00edbrio e concentra\u00e7\u00e3o, o que o torna um recurso nutricional natural promissor.<\/p>\n\n\n\n<h3 class=\"wp-block-heading\">Valor econ\u00f3mico<\/h3>\n\n\n\n<p class=\"wp-block-paragraph\">Os rizomas dos nen\u00fafares vermelhos s\u00e3o ricos em amido e podem ser consumidos ou utilizados na produ\u00e7\u00e3o de cerveja; a planta inteira \u00e9 tamb\u00e9m utilizada como forragem.<\/p>\n\n\n\n<h2 class=\"wp-block-heading\">IX. Cultura de plantas<\/h2>\n\n\n\n<p class=\"wp-block-paragraph\">Na Gr\u00e9cia e Roma antigas, os nen\u00fafares eram venerados como s\u00edmbolos sagrados e belos, semelhantes ao l\u00f3tus na China, e eram frequentemente oferecidos \u00e0s deusas em rituais. O Novo Testamento tamb\u00e9m fala do sagrado que emerge imaculado da lama.<\/p>\n\n\n\n<p class=\"wp-block-paragraph\">O nen\u00fafar \u00e9 a flor de nascimento do dia 5 de agosto, simbolizando a pureza, a inoc\u00eancia e a sedu\u00e7\u00e3o. Para os alem\u00e3es, o nen\u00fafar representa o glamour. <\/p>\n\n\n\n<p class=\"wp-block-paragraph\">Diz-se que os nascidos sob a b\u00ean\u00e7\u00e3o desta flor possuem um encanto irresist\u00edvel para o sexo oposto, mas muitas vezes t\u00eam dificuldade em manter rela\u00e7\u00f5es pac\u00edficas com os seus pares.<\/p>\n\n\n\n<p class=\"wp-block-paragraph\">Na mitologia eg\u00edpcia antiga, acreditava-se que o sol nascia de uma flor de l\u00f3tus, da\u00ed que o nen\u00fafar fosse venerado como a \"flor sagrada\". <\/p>\n\n\n\n<p class=\"wp-block-paragraph\">Tornou-se um totem omnipresente nas colunas dos templos do antigo Egito, simbolizando uma ora\u00e7\u00e3o por um come\u00e7o que nunca desaparece.<\/p>","protected":false},"excerpt":{"rendered":"<p>The Nymphaea alba is a perennial aquatic flowering plant in the water lily family. Its leaves are either round or nearly so; submerged leaves are thin and membranous, young leaves are purplish-red, turning to ink-green on the surface when mature, with a dark purplish-red underside and shallow triangular serrations at the margin. The flowers float [&hellip;]<\/p>\n","protected":false},"author":1,"featured_media":14578,"comment_status":"open","ping_status":"open","sticky":false,"template":"","format":"standard","meta":{"_breakdance_hide_in_design_set":false,"_breakdance_tags":"","footnotes":""},"categories":[20],"tags":[],"class_list":["post-14217","post","type-post","status-publish","format-standard","has-post-thumbnail","hentry","category-species-and-types"],"_links":{"self":[{"href":"https:\/\/flowerslib.com\/pt\/wp-json\/wp\/v2\/posts\/14217","targetHints":{"allow":["GET"]}}],"collection":[{"href":"https:\/\/flowerslib.com\/pt\/wp-json\/wp\/v2\/posts"}],"about":[{"href":"https:\/\/flowerslib.com\/pt\/wp-json\/wp\/v2\/types\/post"}],"author":[{"embeddable":true,"href":"https:\/\/flowerslib.com\/pt\/wp-json\/wp\/v2\/users\/1"}],"replies":[{"embeddable":true,"href":"https:\/\/flowerslib.com\/pt\/wp-json\/wp\/v2\/comments?post=14217"}],"version-history":[{"count":0,"href":"https:\/\/flowerslib.com\/pt\/wp-json\/wp\/v2\/posts\/14217\/revisions"}],"wp:featuredmedia":[{"embeddable":true,"href":"https:\/\/flowerslib.com\/pt\/wp-json\/wp\/v2\/media\/14578"}],"wp:attachment":[{"href":"https:\/\/flowerslib.com\/pt\/wp-json\/wp\/v2\/media?parent=14217"}],"wp:term":[{"taxonomy":"category","embeddable":true,"href":"https:\/\/flowerslib.com\/pt\/wp-json\/wp\/v2\/categories?post=14217"},{"taxonomy":"post_tag","embeddable":true,"href":"https:\/\/flowerslib.com\/pt\/wp-json\/wp\/v2\/tags?post=14217"}],"curies":[{"name":"wp","href":"https:\/\/api.w.org\/{rel}","templated":true}]}}