{"id":14186,"date":"2023-12-10T13:21:11","date_gmt":"2023-12-10T05:21:11","guid":{"rendered":"https:\/\/flowerslib.com\/?p=14186"},"modified":"2023-12-10T13:21:11","modified_gmt":"2023-12-10T05:21:11","slug":"saponaria-officinalis","status":"publish","type":"post","link":"https:\/\/flowerslib.com\/pt\/saponaria-officinalis\/","title":{"rendered":"Saponaria Officinalis: O seu manual completo para um cultivo bem sucedido"},"content":{"rendered":"<p class=\"wp-block-paragraph\">A Saponaria officinalis, tamb\u00e9m conhecida como \"bouncing bet\", pertence \u00e0 fam\u00edlia das ros\u00e1ceas (Caryophyllaceae) e \u00e9 uma planta herb\u00e1cea perene. <\/p>\n\n\n\n<p class=\"wp-block-paragraph\">Cresce at\u00e9 uma altura de 30-70 cent\u00edmetros com uma raiz principal espessa e carnuda e um rizoma fino e ramificado. Os caules ficam erectos, ramificando-se no topo, e s\u00e3o tipicamente sem p\u00ealos. <\/p>\n\n\n\n<p class=\"wp-block-paragraph\">As folhas s\u00e3o el\u00edpticas ou lanceoladas, medindo 5-10 cent\u00edmetros de comprimento e 2-4 cent\u00edmetros de largura, estreitando-se na base numa forma curta semelhante a um pec\u00edolo.<\/p>\n\n\n\n<p class=\"wp-block-paragraph\">A erva-sab\u00e3o tem uma longa \u00e9poca de flora\u00e7\u00e3o e um per\u00edodo prolongado de verdura, apresentando um crescimento robusto e facilidade de propaga\u00e7\u00e3o. <\/p>\n\n\n\n<p class=\"wp-block-paragraph\"><\/p>\n\n\n<div class=\"wp-block-image\">\n<figure class=\"aligncenter size-full\"><img loading=\"lazy\" decoding=\"async\" width=\"1200\" height=\"800\" src=\"https:\/\/flowerslib.com\/wp-content\/uploads\/2023\/12\/3-35.jpg\" alt=\"Saponaria officinalis\" class=\"wp-image-15078\" srcset=\"https:\/\/flowerslib.com\/wp-content\/uploads\/2023\/12\/3-35.jpg 1200w, https:\/\/flowerslib.com\/wp-content\/uploads\/2023\/12\/3-35-600x400.jpg 600w, https:\/\/flowerslib.com\/wp-content\/uploads\/2023\/12\/3-35-768x512.jpg 768w, https:\/\/flowerslib.com\/wp-content\/uploads\/2023\/12\/3-35-240x160.jpg 240w\" sizes=\"auto, (max-width: 1200px) 100vw, 1200px\" \/><\/figure>\n<\/div>\n\n\n<p class=\"wp-block-paragraph\"><\/p>\n\n\n\n<p class=\"wp-block-paragraph\">Desenvolve-se tanto \u00e0 luz do sol como \u00e0 sombra parcial, \u00e9 resistente ao frio e tolera a poda. Esta planta pouco exigente pode desenvolver-se tanto em solos secos como h\u00famidos, sem necessidades rigorosas de solo.<\/p>\n\n\n\n<p class=\"wp-block-paragraph\">Com a sua forma elegante e folhas (ou flores) vibrantes, a erva-sab\u00e3o tem um elevado valor ornamental. <\/p>\n\n\n\n<p class=\"wp-block-paragraph\">Sobretudo no ver\u00e3o e no outono, floresce com <a class=\"wpil_keyword_link\" href=\"https:\/\/flowerslib.com\/pt\/as-mais-belas-flores-brancas\/\"   title=\"flores brancas\" data-wpil-keyword-link=\"linked\">flores brancas<\/a> que mais tarde se tornam cor-de-rosa, com formas bonitas e uma fragr\u00e2ncia rica, tornando-a uma escolha ideal para canteiros de flores, bordaduras e arranjos de jardins de pedras.<\/p>\n\n\n\n<p class=\"wp-block-paragraph\">As ra\u00edzes da erva-sab\u00e3o possuem propriedades medicinais, incluindo efeitos expectorantes, tratamento da bronquite e diur\u00e9ticos.<\/p>\n\n\n\n<h2 class=\"wp-block-heading\">I. Carater\u00edsticas morfol\u00f3gicas<\/h2>\n\n\n\n<p class=\"wp-block-paragraph\"><\/p>\n\n\n<div class=\"wp-block-image\">\n<figure class=\"aligncenter size-full\"><img loading=\"lazy\" decoding=\"async\" width=\"1200\" height=\"800\" src=\"https:\/\/flowerslib.com\/wp-content\/uploads\/2023\/12\/4-28.jpg\" alt=\"Saponaria officinalis\" class=\"wp-image-15079\" srcset=\"https:\/\/flowerslib.com\/wp-content\/uploads\/2023\/12\/4-28.jpg 1200w, https:\/\/flowerslib.com\/wp-content\/uploads\/2023\/12\/4-28-600x400.jpg 600w, https:\/\/flowerslib.com\/wp-content\/uploads\/2023\/12\/4-28-768x512.jpg 768w, https:\/\/flowerslib.com\/wp-content\/uploads\/2023\/12\/4-28-240x160.jpg 240w\" sizes=\"auto, (max-width: 1200px) 100vw, 1200px\" \/><\/figure>\n<\/div>\n\n\n<p class=\"wp-block-paragraph\"><\/p>\n\n\n\n<p class=\"wp-block-paragraph\">Esta erva perene atinge uma altura de 30-70 cent\u00edmetros, com uma raiz principal espessa e carnuda e um rizoma fino e ramificado. O caule \u00e9 ereto, ramificando-se no topo, e \u00e9 tipicamente desprovido de p\u00ealos.<\/p>\n\n\n\n<p class=\"wp-block-paragraph\">As folhas s\u00e3o el\u00edpticas ou lanceoladas, com 5-10 cent\u00edmetros de comprimento e 2-4 cent\u00edmetros de largura, afinando na base numa forma curta semelhante a um pec\u00edolo, agarrando o caule na sua base, com uma ponta agudamente pontiaguda e margens grosseiras. Ambas as faces das folhas s\u00e3o desprovidas de p\u00ealos, com tr\u00eas a cinco nervuras basais proeminentes.<\/p>\n\n\n\n<p class=\"wp-block-paragraph\">A infloresc\u00eancia \u00e9 uma cimeira composta, com 3-7 flores em cimas mais pequenas; as br\u00e1cteas s\u00e3o lanceoladas, afinando para uma ponta, com p\u00ealos curtos e grosseiros esparsos ao longo dos bordos e da nervura central. Os caules das flores t\u00eam 3-8 mil\u00edmetros de comprimento com p\u00ealos curtos esparsos. <\/p>\n\n\n\n<p class=\"wp-block-paragraph\"><\/p>\n\n\n<div class=\"wp-block-image\">\n<figure class=\"aligncenter size-full\"><img loading=\"lazy\" decoding=\"async\" width=\"1200\" height=\"800\" src=\"https:\/\/flowerslib.com\/wp-content\/uploads\/2023\/12\/2-33.jpg\" alt=\"Saponaria officinalis\" class=\"wp-image-15081\" srcset=\"https:\/\/flowerslib.com\/wp-content\/uploads\/2023\/12\/2-33.jpg 1200w, https:\/\/flowerslib.com\/wp-content\/uploads\/2023\/12\/2-33-600x400.jpg 600w, https:\/\/flowerslib.com\/wp-content\/uploads\/2023\/12\/2-33-768x512.jpg 768w, https:\/\/flowerslib.com\/wp-content\/uploads\/2023\/12\/2-33-240x160.jpg 240w\" sizes=\"auto, (max-width: 1200px) 100vw, 1200px\" \/><\/figure>\n<\/div>\n\n\n<p class=\"wp-block-paragraph\"><\/p>\n\n\n\n<p class=\"wp-block-paragraph\">O c\u00e1lice \u00e9 tubular, com 18-20 mil\u00edmetros de comprimento e 2,5-3,5 mil\u00edmetros de di\u00e2metro, verde ou por vezes p\u00farpura escuro, inicialmente peludo com veias longitudinais subtis, e os dentes do c\u00e1lice s\u00e3o ovados largos com uma ponta saliente. <\/p>\n\n\n\n<p class=\"wp-block-paragraph\">Os estames e os pistilos t\u00eam um ped\u00fanculo com cerca de 1 mil\u00edmetro de comprimento; as p\u00e9talas s\u00e3o brancas ou cor-de-rosa p\u00e1lido, com uma garra estreita e sem p\u00ealos, as l\u00e2minas das p\u00e9talas s\u00e3o em forma de cunha a ovadas invertidas, com 10-15 mil\u00edmetros de comprimento e um ligeiro entalhe na ponta. Os estamin\u00f3dios s\u00e3o lineares; os estames e os estilos s\u00e3o exsertos.<\/p>\n\n\n\n<p class=\"wp-block-paragraph\">A c\u00e1psula \u00e9 oblongo-ovalada, com cerca de 15 mil\u00edmetros de comprimento; as sementes t\u00eam forma redondo-renal, com 1,8-2 mil\u00edmetros de comprimento, castanho-escuro, com pequenos tub\u00e9rculos.<\/p>\n\n\n\n<h2 class=\"wp-block-heading\">II. H\u00e1bitos de crescimento<\/h2>\n\n\n\n<p class=\"wp-block-paragraph\">A erva-sab\u00e3o gosta da luz do sol e tolera uma sombra parcial; \u00e9 resistente ao frio e tolerante \u00e0 poda. Esta planta de baixa manuten\u00e7\u00e3o pode crescer normalmente tanto em solos secos como h\u00famidos, sem requisitos rigorosos em termos de solo.<\/p>\n\n\n\n<h2 class=\"wp-block-heading\">III. Distribui\u00e7\u00e3o<\/h2>\n\n\n\n<p class=\"wp-block-paragraph\">A erva-sab\u00e3o encontra-se em estado selvagem ao longo da costa mediterr\u00e2nica; \u00e9 cultivada em parques urbanos na China para fins ornamentais.<\/p>\n\n\n\n<h2 class=\"wp-block-heading\">IV. M\u00e9todos de propaga\u00e7\u00e3o<\/h2>\n\n\n\n<h3 class=\"wp-block-heading\">Estacas<\/h3>\n\n\n\n<p class=\"wp-block-paragraph\">As estacas de folhosas consistem na utiliza\u00e7\u00e3o de galhos semi-lignificados como estacas para propaga\u00e7\u00e3o. <\/p>\n\n\n\n<p class=\"wp-block-paragraph\">O substrato para as estacas de madeira macia \u00e9 uma mistura de turfa de esfagno de fibra curta, vermiculite de gr\u00e3o fino e perlite fina numa propor\u00e7\u00e3o de 4:2:1, com humidade fornecida atrav\u00e9s de nebuliza\u00e7\u00e3o intermitente autom\u00e1tica sob exposi\u00e7\u00e3o total \u00e0 luz. <\/p>\n\n\n\n<p class=\"wp-block-paragraph\">As estacas de madeira macia representam uma t\u00e9cnica de propaga\u00e7\u00e3o tradicional que \u00e9 simples e eficiente em termos de recursos, permitindo o cultivo de pl\u00e2ntulas em grande escala e a propaga\u00e7\u00e3o em v\u00e1rias esta\u00e7\u00f5es. Tornou-se um dos principais m\u00e9todos de propaga\u00e7\u00e3o r\u00e1pida. <\/p>\n\n\n\n<p class=\"wp-block-paragraph\">No entanto, devido \u00e0s altas temperaturas, \u00e0 forte luz solar e ao aumento da evapora\u00e7\u00e3o no ver\u00e3o, se a t\u00e9cnica de corte de madeira macia n\u00e3o for corretamente executada, pode levar ao fracasso. <\/p>\n\n\n\n<p class=\"wp-block-paragraph\">Por conseguinte, \u00e9 crucial dominar as t\u00e9cnicas operacionais para a propaga\u00e7\u00e3o de cortes de resinosas no ver\u00e3o.<\/p>\n\n\n\n<p class=\"wp-block-paragraph\"><strong>Calend\u00e1rio das estacas<\/strong><\/p>\n\n\n\n<p class=\"wp-block-paragraph\">Ap\u00f3s quatro anos de ensaios, foi determinado que a altura ideal para as estacas \u00e9 o in\u00edcio de junho. Durante este per\u00edodo, a temperatura e a humidade s\u00e3o mais f\u00e1ceis de controlar. <\/p>\n\n\n\n<p class=\"wp-block-paragraph\">As plantas ainda n\u00e3o floresceram e os ramos s\u00e3o semi-lignificados, tenros, com abundantes c\u00e9lulas de paredes finas, elevado teor de humidade e subst\u00e2ncias org\u00e2nicas sol\u00faveis, permitindo uma forte capacidade de divis\u00e3o e diferencia\u00e7\u00e3o celular, o que facilita o enraizamento ap\u00f3s o corte. <\/p>\n\n\n\n<p class=\"wp-block-paragraph\">Nesta altura, a temperatura \u00e9 relativamente alta e, como a vermiculite tem um calor espec\u00edfico elevado, a temperatura do substrato \u00e9 superior \u00e0 temperatura do ar, o que promove a forma\u00e7\u00e3o de tecido de calo. <\/p>\n\n\n\n<p class=\"wp-block-paragraph\">Al\u00e9m disso, existe uma abund\u00e2ncia de material de corte. No final de junho, o enraizamento est\u00e1 normalmente completo. <\/p>\n\n\n\n<p class=\"wp-block-paragraph\">Se as estacas forem colhidas demasiado cedo, quando as temperaturas s\u00e3o baixas e o material de corte \u00e9 escasso, ou demasiado tarde, durante a esta\u00e7\u00e3o das chuvas, quando a humidade \u00e9 elevada e as temperaturas s\u00e3o baixas, as estacas s\u00e3o propensas a apodrecer e t\u00eam menos probabilidades de enraizar, coincidindo com o per\u00edodo de flora\u00e7\u00e3o.<\/p>\n\n\n\n<p class=\"wp-block-paragraph\"><strong>Prepara\u00e7\u00f5es antes do corte<\/strong><\/p>\n\n\n\n<p class=\"wp-block-paragraph\">(1) Prepara\u00e7\u00e3o e desinfe\u00e7\u00e3o da cama<\/p>\n\n\n\n<p class=\"wp-block-paragraph\">Antes dos cortes, nivelar a cama de corte, limpar os detritos e enxaguar com \u00e1gua, seguido de desinfe\u00e7\u00e3o. <\/p>\n\n\n\n<p class=\"wp-block-paragraph\">Normalmente, \u00e9 utilizada uma solu\u00e7\u00e3o de permanganato de pot\u00e1ssio 2%, pulverizada sobre toda a superf\u00edcie da cama com um regador. A vermiculite nova pode ser desinfectada diretamente com a solu\u00e7\u00e3o de permanganato de pot\u00e1ssio. <\/p>\n\n\n\n<p class=\"wp-block-paragraph\">Posteriormente, antes de cada sess\u00e3o de corte, todo o canteiro deve ser cuidadosamente limpo com ferramentas como ancinhos (especialmente dos restos de cortes anteriores, como galhos e folhas mortos) e desinfectado novamente.<\/p>\n\n\n\n<p class=\"wp-block-paragraph\">(2) Manuten\u00e7\u00e3o de ferramentas<\/p>\n\n\n\n<p class=\"wp-block-paragraph\">Inspecionar e manter a rede de sombra e o sistema autom\u00e1tico de nebuliza\u00e7\u00e3o intermitente para uma exposi\u00e7\u00e3o total \u00e0 luz.<\/p>\n\n\n\n<p class=\"wp-block-paragraph\"><strong>Sele\u00e7\u00e3o de estacas de resinosas<\/strong><\/p>\n\n\n\n<p class=\"wp-block-paragraph\">Selecionar rebentos vigorosos, isentos de doen\u00e7as e semi-lignificados de uma planta-m\u00e3e robusta. Ao cortar, \u00e9 prefer\u00edvel escolher a parte m\u00e9dia do ramo; os ramos demasiado tenros ou demasiado lenhificados n\u00e3o s\u00e3o adequados. <\/p>\n\n\n\n<p class=\"wp-block-paragraph\">Ap\u00f3s o corte, pulverizar imediatamente com \u00e1gua ou submergir em \u00e1gua para evitar a desidrata\u00e7\u00e3o. Se as estacas estiverem sujas, lavar primeiro com \u00e1gua.<\/p>\n\n\n\n<p class=\"wp-block-paragraph\"><strong>Poda de estacas de resinosas<\/strong><\/p>\n\n\n\n<p class=\"wp-block-paragraph\">Depois de recolher as estacas, apare-as num local fresco e abrigado. Corte-as uniformemente em peda\u00e7os de 10 cm de comprimento, assegurando que cada estaca tenha pelo menos 3 a 4 gomos, com 1 a 2 folhas retidas no topo, cortando cada folha ao meio para reduzir a perda de humidade. <\/p>\n\n\n\n<p class=\"wp-block-paragraph\">Fazer o corte 0,5 a 1,0 cm acima do primeiro rebento e, por baixo, fazer um corte inclinado sob o rebento para obter uma borda lisa que facilite o enraizamento. <\/p>\n\n\n\n<p class=\"wp-block-paragraph\">Agrupar as estacas em grupos de 100 e depois mergulh\u00e1-las numa solu\u00e7\u00e3o de hormona de enraizamento durante um per\u00edodo que depende da concentra\u00e7\u00e3o. Para prevenir a infe\u00e7\u00e3o por agentes patog\u00e9nicos, adicionar uma pequena quantidade de estreptomicina \u00e0 hormona de enraizamento. <\/p>\n\n\n\n<p class=\"wp-block-paragraph\">Se for necess\u00e1rio um armazenamento tempor\u00e1rio, cobrir as estacas com um material h\u00famido ou submergi-las em \u00e1gua para garantir a reten\u00e7\u00e3o da humidade e evitar que murchem.<\/p>\n\n\n\n<p class=\"wp-block-paragraph\"><strong>M\u00e9todo de corte<\/strong><\/p>\n\n\n\n<p class=\"wp-block-paragraph\">As estacas preparadas devem ser inseridas imediatamente por imers\u00e3o hormonal, com um espa\u00e7amento de 1,0 cm por 1,5 cm. <\/p>\n\n\n\n<p class=\"wp-block-paragraph\">Devem ser inseridas no substrato (uma mistura de turfa de esfagno de fibra curta, vermiculite de gr\u00e3o fino e perlite fina numa propor\u00e7\u00e3o de 4:2:1) at\u00e9 uma profundidade de cerca de 3 cm. <\/p>\n\n\n\n<p class=\"wp-block-paragraph\">\u00c9 importante dispor as estacas de forma ordenada, com um espa\u00e7amento tal que as folhas n\u00e3o se cruzem ou se sobreponham. Antes de inserir as estacas, humedecer bem a cama de estacas com uma nebuliza\u00e7\u00e3o intermitente sob plena luz - esta etapa \u00e9 crucial. <\/p>\n\n\n\n<p class=\"wp-block-paragraph\">O substrato deve estar suficientemente h\u00famido, e \u00e9 prefer\u00edvel errar por excesso de \u00e1gua do que por falta. Uma vez terminada a rega de base, o processo de corte pode come\u00e7ar. <\/p>\n\n\n\n<p class=\"wp-block-paragraph\">Ap\u00f3s a inser\u00e7\u00e3o, vaporizar bem uma vez e ajustar o sistema de vaporiza\u00e7\u00e3o intermitente de luz total para vaporizar de 5 em 5 minutos durante 30 segundos de cada vez. <\/p>\n\n\n\n<p class=\"wp-block-paragraph\">Dependendo do estado de enraizamento, ap\u00f3s cerca de 10 dias, ajustar a pulveriza\u00e7\u00e3o a cada 10 minutos durante 30 segundos, e ap\u00f3s 20 dias, a cada 12 minutos durante 30 segundos. <\/p>\n\n\n\n<p class=\"wp-block-paragraph\">Ap\u00f3s 40 dias, as estacas podem ser transplantadas para o campo. Manter a humidade a 80-90% e a temperatura entre 20-30\u00b0C. O enraizamento deve ocorrer dentro de meio m\u00eas, com uma taxa de sucesso de 80-90%. <\/p>\n\n\n\n<p class=\"wp-block-paragraph\">Evitar cortar durante as altas temperaturas do meio-dia para evitar que as estacas desidratem devido ao calor, o que pode afetar a taxa de sobreviv\u00eancia.<\/p>\n\n\n\n<p class=\"wp-block-paragraph\">Quando se plantam estacas, \u00e9 comum utilizar hormonas de crescimento vegetal, agentes qu\u00edmicos ou auxinas para tratar as estacas, o que pode promover o enraizamento e melhorar as taxas de sobreviv\u00eancia. <\/p>\n\n\n\n<p class=\"wp-block-paragraph\">As hormonas habitualmente utilizadas incluem o \u00e1cido naftalenoac\u00e9tico, o \u00e1cido indol-3-ac\u00e9tico, o \u00e1cido indol-3-but\u00edrico e o p\u00f3 de enraizamento ABT. <\/p>\n\n\n\n<p class=\"wp-block-paragraph\">O \u00e1cido indole-3-but\u00edrico \u00e9 mais caro e n\u00e3o \u00e9 adequado para a produ\u00e7\u00e3o em grande escala; o \u00e1cido naftalenoac\u00e9tico tem um pre\u00e7o mais acess\u00edvel e tamb\u00e9m \u00e9 eficaz para o enraizamento, podendo ser utilizado em concentra\u00e7\u00f5es elevadas para uma imers\u00e3o r\u00e1pida ou em concentra\u00e7\u00f5es mais baixas para uma imers\u00e3o mais longa. <\/p>\n\n\n\n<p class=\"wp-block-paragraph\">Os agentes de enraizamento tamb\u00e9m podem ser comprados diretamente no mercado ou preparados pelo pr\u00f3prio.<\/p>\n\n\n\n<h3 class=\"wp-block-heading\">Semeadura<\/h3>\n\n\n\n<p class=\"wp-block-paragraph\">As sementes podem ser semeadas em terreno aberto, na primavera ou no outono, ou em c\u00e2maras frigor\u00edficas ou estufas, nas regi\u00f5es mais frias. A sementeira \u00e9 efectuada entre o festival de Qingming e o festival da Chuva de Cereais. <\/p>\n\n\n\n<p class=\"wp-block-paragraph\">A temperatura ideal para a germina\u00e7\u00e3o \u00e9 de 15-20\u00b0C, uma vez que temperaturas mais elevadas podem inibir a germina\u00e7\u00e3o das sementes. Preparar a cama de sementeira nivelando o solo, lavrando-o em profundidade e com um ancinho fino, e depois regar abundantemente. <\/p>\n\n\n\n<p class=\"wp-block-paragraph\">Espalhar as sementes uniformemente a uma taxa de 2-3 gramas por metro quadrado, cobrir com uma camada fina de terra e, idealmente, cobrir com palha seca ou uma rede de sombra. <\/p>\n\n\n\n<p class=\"wp-block-paragraph\">A frequ\u00eancia da rega depende da humidade do solo e do clima; geralmente, regar uma ou duas vezes por dia, mais frequentemente em dias de sol e menos ou nada em dias nublados. As pl\u00e2ntulas devem emergir uniformemente dentro de 10-15 dias. <\/p>\n\n\n\n<p class=\"wp-block-paragraph\">Ap\u00f3s a emerg\u00eancia, refor\u00e7ar o maneio, removendo prontamente as coberturas e as ervas daninhas, e assegurar uma drenagem adequada nos dias de chuva. Quando as mudas atingirem 5-10 cm de altura, transplante-as com um espa\u00e7amento de 13-16 cm.<\/p>\n\n\n\n<h3 class=\"wp-block-heading\">Divis\u00e3o<\/h3>\n\n\n\n<p class=\"wp-block-paragraph\">As variedades de flor dupla podem ser propagadas por divis\u00e3o na primavera ou no outono. Desenterrar a planta inteira, incluindo as ra\u00edzes, e sacudir os torr\u00f5es de terra. <\/p>\n\n\n\n<p class=\"wp-block-paragraph\">Dependendo do tamanho do torr\u00e3o, divida-o em sec\u00e7\u00f5es de 3-5 ramos cada uma, e depois divida-as em 3-5 torr\u00f5es por planta. Utilize uma faca para dividir a partir da raiz, de modo a que cada divis\u00e3o tenha as suas pr\u00f3prias ra\u00edzes, caules, ramos e folhas.<\/p>\n\n\n\n<h2 class=\"wp-block-heading\">V. T\u00e9cnicas de cultivo<\/h2>\n\n\n\n<p class=\"wp-block-paragraph\">A erva-sab\u00e3o \u00e9 robusta e tolera o abandono; n\u00e3o \u00e9 exigente em rela\u00e7\u00e3o ao solo e pode desenvolver-se em solos franco-argilosos, apresentando uma ligeira resist\u00eancia aos solos alcalinos (pH 6,5-7,5).<\/p>\n\n\n\n<ul class=\"wp-block-list\">\n<li>A erva-sab\u00e3o adora luz e desenvolve-se num clima quente e h\u00famido. N\u00e3o tolera o encharcamento, por isso escolha terrenos neutros e bem drenados com baixos n\u00edveis de \u00e1gua subterr\u00e2nea para a planta\u00e7\u00e3o, de prefer\u00eancia solos arenosos com algum declive. A erva-sab\u00e3o cresce muito rapidamente, com as pl\u00e2ntulas transplantadas a atingirem 50-60 cm no primeiro ano, com uma folhagem exuberante, geralmente sem necessidade de monda.<\/li>\n\n\n\n<li>A erva-sab\u00e3o \u00e9 tolerante \u00e0 seca e normalmente n\u00e3o necessita de rega frequente. Em caso de chuvas escassas e temperaturas elevadas, uma rega completa de 20 em 20 dias deve garantir um bom efeito ornamental. Normalmente, basta uma rega anual na primavera para o crescimento verde e uma rega no in\u00edcio do inverno para prote\u00e7\u00e3o contra as geadas.<\/li>\n\n\n\n<li>A erva-sab\u00e3o \u00e9 tolerante a solos pobres e n\u00e3o necessita de grandes quantidades de fertilizantes. Tem necessidades nutricionais modestas e pode prosperar com a aplica\u00e7\u00e3o de fertilizantes org\u00e2nicos durante a prepara\u00e7\u00e3o da terra, com cerca de 7500 kg por hectare. O azoto \u00e9 o principal nutriente durante a fase de crescimento vegetativo, sendo aplicada uma pequena quantidade de f\u00f3sforo. A pulveriza\u00e7\u00e3o de azoto, superfosfato de c\u00e1lcio e dihidrogenofosfato de pot\u00e1ssio uma ou duas vezes antes da flora\u00e7\u00e3o pode resultar em folhas robustas e flores bonitas.<\/li>\n\n\n\n<li>A erva-sab\u00e3o geralmente n\u00e3o necessita de poda, mas cresce muito rapidamente depois de ser podada durante a esta\u00e7\u00e3o de crescimento e, em cerca de meio m\u00eas, pode voltar a formar uma paisagem.<\/li>\n\n\n\n<li>A erva-sab\u00e3o \u00e9 altamente adapt\u00e1vel, com uma elevada taxa de sobreviv\u00eancia em transplantes, tornando-a f\u00e1cil de cultivar e manter. Funciona bem em grupos, criando rapidamente um efeito paisag\u00edstico, florescendo ano ap\u00f3s ano a partir de uma \u00fanica planta\u00e7\u00e3o e proporcionando valor ornamental durante v\u00e1rios anos.<\/li>\n\n\n\n<li>A erva-sab\u00e3o tem um sistema radicular bem desenvolvido, folhagem verde densa e cachos de pequenas flores com forte resist\u00eancia, inibindo o crescimento de ervas daninhas, o que lhe permite crescer durante muitos anos ap\u00f3s a planta\u00e7\u00e3o.<\/li>\n\n\n\n<li>Durante as altas temperaturas de julho e agosto, a erva-sab\u00e3o \u00e9 propensa \u00e0 doen\u00e7a da mancha foliar. As pragas comuns incluem larvas e grilos, que danificam principalmente as ra\u00edzes e os rizomas, provocando a morte das plantas e lacunas nas linhas de planta\u00e7\u00e3o.<\/li>\n<\/ul>\n\n\n\n<h2 class=\"wp-block-heading\">VI. Controlo das doen\u00e7as e das pragas<\/h2>\n\n\n\n<h3 class=\"wp-block-heading\">Doen\u00e7as<\/h3>\n\n\n\n<p class=\"wp-block-paragraph\">As doen\u00e7as f\u00fangicas da mancha foliar s\u00e3o predominantes durante os meses quentes e h\u00famidos de junho e julho. Os agentes patog\u00e9nicos infectam os tecidos verdes, como as folhas, os pec\u00edolos e os caules. <\/p>\n\n\n\n<p class=\"wp-block-paragraph\">Inicialmente, aparecem manchas redondas nas folhas, que depois aumentam para formas irregulares com an\u00e9is conc\u00eantricos. As manchas mudam de castanho-avermelhado para castanho-escuro, com um centro castanho-acinzentado. <\/p>\n\n\n\n<p class=\"wp-block-paragraph\">Nos caules e pec\u00edolos, as manchas s\u00e3o alongadas, passando tamb\u00e9m de castanho-avermelhado a castanho-escuro com um centro castanho-acinzentado.<\/p>\n\n\n\n<p class=\"wp-block-paragraph\"><strong>Medidas de controlo:<\/strong> Remover e destruir rapidamente os tecidos infectados; aplicar fungicidas como medida de prote\u00e7\u00e3o desde as primeiras fases da infe\u00e7\u00e3o. <\/p>\n\n\n\n<p class=\"wp-block-paragraph\">Os tratamentos comuns incluem uma solu\u00e7\u00e3o 300-600 vezes dilu\u00edda de 25% carbendazim em p\u00f3 molh\u00e1vel ou uma solu\u00e7\u00e3o 1000 vezes dilu\u00edda de 50% metiltiazolinona. Fazer uma rota\u00e7\u00e3o de fungicidas para evitar o desenvolvimento de resist\u00eancia nos agentes patog\u00e9nicos.<\/p>\n\n\n\n<h3 class=\"wp-block-heading\">Pragas<\/h3>\n\n\n\n<p class=\"wp-block-paragraph\">As principais pragas s\u00e3o v\u00e1rias esp\u00e9cies de bicho-pau e de grilos, que danificam as ra\u00edzes e os rizomas, provocando a murchid\u00e3o das plantas e a perturba\u00e7\u00e3o da distribui\u00e7\u00e3o das pl\u00e2ntulas.<\/p>\n\n\n\n<p class=\"wp-block-paragraph\">Medidas de controlo: Utilizar uma solu\u00e7\u00e3o 1000 vezes dilu\u00edda de p\u00f3 de triclorf\u00e3o 90% ou uma solu\u00e7\u00e3o 1500 vezes dilu\u00edda de emuls\u00e3o de foxima 50% para pulveriza\u00e7\u00e3o e controlo.<\/p>\n\n\n\n<h2 class=\"wp-block-heading\">VII. Valor principal<\/h2>\n\n\n\n<h3 class=\"wp-block-heading\">Valor medicinal<\/h3>\n\n\n\n<p class=\"wp-block-paragraph\">As ra\u00edzes da erva-sab\u00e3o s\u00e3o utilizadas na medicina pelas suas propriedades expectorantes, tratando a bronquite e actuando como diur\u00e9tico. Cont\u00eam igualmente saponinas, o que as torna adequadas para a limpeza de utens\u00edlios.<\/p>\n\n\n\n<h3 class=\"wp-block-heading\">Ornamenta\u00e7\u00e3o de jardim<\/h3>\n\n\n\n<p class=\"wp-block-paragraph\"><strong>Arranjo de canteiros de flores<\/strong><\/p>\n\n\n\n<p class=\"wp-block-paragraph\">Utilizando as diversas cores da erva-sab\u00e3o, pode ser combinada com outras flores para criar v\u00e1rios padr\u00f5es e desenhos em canteiros de flores, oferecendo resist\u00eancia \u00e0 seca e longevidade. <\/p>\n\n\n\n<p class=\"wp-block-paragraph\">A erva-sab\u00e3o \u00e9 um novo material ideal para arranjos em vasos ou planta\u00e7\u00f5es no solo em canteiros de flores durante o ver\u00e3o, o outono e feriados como o Dia de maio e o Dia Nacional.<\/p>\n\n\n\n<p class=\"wp-block-paragraph\"><strong>Planta\u00e7\u00f5es de bordadura<\/strong><\/p>\n\n\n\n<p class=\"wp-block-paragraph\">As variedades cultivadas de erva-sab\u00e3o plantadas ao longo de arbustos, sebes, gradeamentos, bordos de espa\u00e7os verdes, bermas de estradas e em frente de edif\u00edcios criam uma paisagem natural que incorpora a ess\u00eancia de um bosque de campo.<\/p>\n\n\n\n<p class=\"wp-block-paragraph\"><strong>Cobertura do solo<\/strong><\/p>\n\n\n\n<p class=\"wp-block-paragraph\">Com a sua densa folhagem verde e cachos de pequenas flores, a erva-sab\u00e3o \u00e9 resistente e suprime o crescimento de ervas daninhas. Uma vez plantada, pode prosperar durante muitos anos, servindo assim como uma cobertura de solo excecional em paisagens de jardim.<\/p>\n\n\n\n<p class=\"wp-block-paragraph\"><strong>Arranjos para jardins de pedras<\/strong><\/p>\n\n\n\n<p class=\"wp-block-paragraph\">A erva-sab\u00e3o \u00e9 tamb\u00e9m ideal para arranjos em jardins de rochas, complementando rochas, muros e cascalho para criar uma paisagem distinta que real\u00e7a o jardim de rochas ao mesmo tempo que proporciona uma exposi\u00e7\u00e3o de plantas apelativa.<\/p>\n\n\n\n<p class=\"wp-block-paragraph\"><strong>Outras aplica\u00e7\u00f5es<\/strong><\/p>\n\n\n\n<p class=\"wp-block-paragraph\">A erva-sab\u00e3o revela um grande potencial na ecologiza\u00e7\u00e3o de telhados. Nas condi\u00e7\u00f5es extremas dos jardins dos telhados, onde a maioria das plantas de jardim comuns se debatem, a erva-sab\u00e3o desenvolve-se bem.<\/p>","protected":false},"excerpt":{"rendered":"<p>Saponaria officinalis, also known as bouncing bet, belongs to the pink family (Caryophyllaceae) and is a perennial herbaceous plant. It grows to a height of 30-70 centimeters with a thick, fleshy taproot and a slender, branched rhizome. The stems stand erect, branching at the top, and are typically hairless. The leaves are elliptical or lanceolate, [&hellip;]<\/p>\n","protected":false},"author":1,"featured_media":15077,"comment_status":"open","ping_status":"open","sticky":false,"template":"","format":"standard","meta":{"_breakdance_hide_in_design_set":false,"_breakdance_tags":"","footnotes":""},"categories":[20],"tags":[],"class_list":["post-14186","post","type-post","status-publish","format-standard","has-post-thumbnail","hentry","category-species-and-types"],"_links":{"self":[{"href":"https:\/\/flowerslib.com\/pt\/wp-json\/wp\/v2\/posts\/14186","targetHints":{"allow":["GET"]}}],"collection":[{"href":"https:\/\/flowerslib.com\/pt\/wp-json\/wp\/v2\/posts"}],"about":[{"href":"https:\/\/flowerslib.com\/pt\/wp-json\/wp\/v2\/types\/post"}],"author":[{"embeddable":true,"href":"https:\/\/flowerslib.com\/pt\/wp-json\/wp\/v2\/users\/1"}],"replies":[{"embeddable":true,"href":"https:\/\/flowerslib.com\/pt\/wp-json\/wp\/v2\/comments?post=14186"}],"version-history":[{"count":0,"href":"https:\/\/flowerslib.com\/pt\/wp-json\/wp\/v2\/posts\/14186\/revisions"}],"wp:featuredmedia":[{"embeddable":true,"href":"https:\/\/flowerslib.com\/pt\/wp-json\/wp\/v2\/media\/15077"}],"wp:attachment":[{"href":"https:\/\/flowerslib.com\/pt\/wp-json\/wp\/v2\/media?parent=14186"}],"wp:term":[{"taxonomy":"category","embeddable":true,"href":"https:\/\/flowerslib.com\/pt\/wp-json\/wp\/v2\/categories?post=14186"},{"taxonomy":"post_tag","embeddable":true,"href":"https:\/\/flowerslib.com\/pt\/wp-json\/wp\/v2\/tags?post=14186"}],"curies":[{"name":"wp","href":"https:\/\/api.w.org\/{rel}","templated":true}]}}