{"id":14154,"date":"2024-09-05T09:52:12","date_gmt":"2024-09-05T01:52:12","guid":{"rendered":"https:\/\/flowerslib.com\/?p=14154"},"modified":"2024-09-05T09:52:44","modified_gmt":"2024-09-05T01:52:44","slug":"neofinetia-falcata","status":"publish","type":"post","link":"https:\/\/flowerslib.com\/pt\/neofinetia-falcata\/","title":{"rendered":"Eleve o seu jardim com Neofinetia falcata: Uma maravilha floral de tamanho pequeno"},"content":{"rendered":"<p class=\"wp-block-paragraph\">A Neofinetia falcata, tamb\u00e9m conhecida por Orqu\u00eddea do Vento ou Orqu\u00eddea Samurai, \u00e9 uma esp\u00e9cie de orqu\u00eddea em miniatura que encerra um enorme encanto na sua diminuta estatura. Esta planta requintada, apreciada durante s\u00e9culos na horticultura da \u00c1sia Oriental, oferece aos jardineiros uma oportunidade \u00fanica de cultivar uma pe\u00e7a viva da hist\u00f3ria bot\u00e2nica.<\/p>\n\n\n\n<h2 class=\"wp-block-heading\">I. Carater\u00edsticas morfol\u00f3gicas<\/h2>\n\n\n\n<p class=\"wp-block-paragraph\">A Neofinetia falcata \u00e9 uma orqu\u00eddea ep\u00edfita compacta, atingindo tipicamente alturas de 8-10 cent\u00edmetros. O seu caule, com 1-4 cent\u00edmetros de comprimento e ligeiramente achatado, \u00e9 revestido pelas bases das folhas. <\/p>\n\n\n\n<p class=\"wp-block-paragraph\">As folhas s\u00e3o distintas: grossas, cori\u00e1ceas e estreitas, assemelhando-se a l\u00e2minas delgadas em forma de crescente. Medem 5-12 cent\u00edmetros de comprimento e 7-10 mil\u00edmetros de largura, com pontas quase agudas e bases que formam bainhas sobrepostas em forma de V.<\/p>\n\n\n\n<p class=\"wp-block-paragraph\"><\/p>\n\n\n<div class=\"wp-block-image\">\n<figure class=\"aligncenter size-full\"><img loading=\"lazy\" decoding=\"async\" width=\"1200\" height=\"800\" src=\"https:\/\/flowerslib.com\/wp-content\/uploads\/2023\/12\/5-37.jpg\" alt=\"Neofinetia falcata\" class=\"wp-image-15180\" srcset=\"https:\/\/flowerslib.com\/wp-content\/uploads\/2023\/12\/5-37.jpg 1200w, https:\/\/flowerslib.com\/wp-content\/uploads\/2023\/12\/5-37-600x400.jpg 600w, https:\/\/flowerslib.com\/wp-content\/uploads\/2023\/12\/5-37-768x512.jpg 768w, https:\/\/flowerslib.com\/wp-content\/uploads\/2023\/12\/5-37-240x160.jpg 240w\" sizes=\"auto, (max-width: 1200px) 100vw, 1200px\" \/><\/figure>\n<\/div>\n\n\n<p class=\"wp-block-paragraph\"><\/p>\n\n\n\n<p class=\"wp-block-paragraph\">A infloresc\u00eancia \u00e9 um racemo curto, com cerca de 1 cent\u00edmetro de comprimento, com 2-5 flores brancas perfumadas. Cada flor \u00e9 uma obra-prima da arquitetura em miniatura:<\/p>\n\n\n\n<ul class=\"wp-block-list\">\n<li>S\u00e9palas: A s\u00e9pala mediana \u00e9 quase obovada, com 8-10 mil\u00edmetros de comprimento e 2,5-4 mil\u00edmetros de largura, com uma ponta romba e tr\u00eas nervuras. As s\u00e9palas laterais s\u00e3o semelhantes em tamanho, mas bifurcam-se para a frente, com a metade superior curvada para fora.<\/li>\n\n\n\n<li>P\u00e9talas: Reverso lanceolado ou quase em forma de colher, com 8-10 mil\u00edmetros de comprimento e 2,2-3 mil\u00edmetros de largura, com pontas rombas e tr\u00eas nervuras.<\/li>\n\n\n\n<li>L\u00e1bio: Carnudo e trifurcado. Os l\u00f3bulos laterais s\u00e3o oblongos, com 3,5-4 mil\u00edmetros de comprimento e 0,8-1 mil\u00edmetro de largura. O l\u00f3bulo m\u00e9dio \u00e9 em forma de l\u00edngua, com 7-8 mil\u00edmetros de comprimento e 2-2,5 mil\u00edmetros de largura, apresentando um calo triangular na base e tr\u00eas cristas ligeiramente elevadas.<\/li>\n\n\n\n<li>Espor\u00e3o: Esguio e curvo, com 3,5-5 cent\u00edmetros de comprimento e 1,5-2 mil\u00edmetros de espessura.<\/li>\n\n\n\n<li>Coluna: Cerca de 2 mil\u00edmetros de comprimento, com as asas expandidas numa forma triangular na parte superior.<\/li>\n\n\n\n<li>Capuz das anteras: Branco com lados castanhos, estreitando-se para uma forma triangular na frente.<\/li>\n<\/ul>\n\n\n\n<p class=\"wp-block-paragraph\">O per\u00edodo de flora\u00e7\u00e3o ocorre normalmente entre o final da primavera e o in\u00edcio do ver\u00e3o, sendo abril o m\u00eas de pico em muitas regi\u00f5es.<\/p>\n\n\n\n<p class=\"wp-block-paragraph\"><\/p>\n\n\n<div class=\"wp-block-image\">\n<figure class=\"aligncenter size-full\"><img loading=\"lazy\" decoding=\"async\" width=\"1200\" height=\"800\" src=\"https:\/\/flowerslib.com\/wp-content\/uploads\/2023\/12\/1-55.jpg\" alt=\"Neofinetia falcata\" class=\"wp-image-15181\" srcset=\"https:\/\/flowerslib.com\/wp-content\/uploads\/2023\/12\/1-55.jpg 1200w, https:\/\/flowerslib.com\/wp-content\/uploads\/2023\/12\/1-55-600x400.jpg 600w, https:\/\/flowerslib.com\/wp-content\/uploads\/2023\/12\/1-55-768x512.jpg 768w, https:\/\/flowerslib.com\/wp-content\/uploads\/2023\/12\/1-55-240x160.jpg 240w\" sizes=\"auto, (max-width: 1200px) 100vw, 1200px\" \/><\/figure>\n<\/div>\n\n\n<p class=\"wp-block-paragraph\"><\/p>\n\n\n\n<h2 class=\"wp-block-heading\">II. Distribui\u00e7\u00e3o e habitat natural<\/h2>\n\n\n\n<p class=\"wp-block-paragraph\">A Neofinetia falcata \u00e9 origin\u00e1ria da \u00c1sia Oriental e encontra-se naturalmente em:<\/p>\n\n\n\n<ul class=\"wp-block-list\">\n<li>Jap\u00e3o (incluindo as ilhas Ryukyu)<\/li>\n\n\n\n<li>Sul da Pen\u00ednsula da Coreia<\/li>\n\n\n\n<li>Partes da China oriental (incluindo Zhejiang, Fujian e Taiwan)<\/li>\n<\/ul>\n\n\n\n<p class=\"wp-block-paragraph\">No seu habitat natural, esta orqu\u00eddea cresce como ep\u00edfita em troncos de \u00e1rvores em florestas de montanha, desenvolvendo-se em altitudes at\u00e9 1520 metros acima do n\u00edvel do mar. Prefere ambientes h\u00famidos, sombreados e com boa circula\u00e7\u00e3o de ar, frequentemente encontrados em vales de montanha isolados ou em penhascos sobre riachos de montanha.<\/p>\n\n\n\n<p class=\"wp-block-paragraph\"><\/p>\n\n\n<div class=\"wp-block-image\">\n<figure class=\"aligncenter size-full\"><img loading=\"lazy\" decoding=\"async\" width=\"1200\" height=\"800\" src=\"https:\/\/flowerslib.com\/wp-content\/uploads\/2023\/12\/4-35.jpg\" alt=\"Neofinetia falcata\" class=\"wp-image-15182\" srcset=\"https:\/\/flowerslib.com\/wp-content\/uploads\/2023\/12\/4-35.jpg 1200w, https:\/\/flowerslib.com\/wp-content\/uploads\/2023\/12\/4-35-600x400.jpg 600w, https:\/\/flowerslib.com\/wp-content\/uploads\/2023\/12\/4-35-768x512.jpg 768w, https:\/\/flowerslib.com\/wp-content\/uploads\/2023\/12\/4-35-240x160.jpg 240w\" sizes=\"auto, (max-width: 1200px) 100vw, 1200px\" \/><\/figure>\n<\/div>\n\n\n<p class=\"wp-block-paragraph\"><\/p>\n\n\n\n<h2 class=\"wp-block-heading\">III. Condi\u00e7\u00f5es \u00f3ptimas de cultivo<\/h2>\n\n\n\n<p class=\"wp-block-paragraph\">Para cultivar a Neofinetia falcata com sucesso, recriar o seu ambiente natural o mais pr\u00f3ximo poss\u00edvel:<\/p>\n\n\n\n<ol class=\"wp-block-list\">\n<li>Luz: Prefere luz brilhante e indireta. Evitar a luz direta do sol, que pode queimar as folhas.<\/li>\n\n\n\n<li>Temperatura: O crescimento \u00f3timo ocorre entre 15\u00b0C e 30\u00b0C (59\u00b0F e 86\u00b0F). Pode tolerar breves per\u00edodos abaixo dos 10\u00b0C (50\u00b0F) mas deve ser protegida do gelo.<\/li>\n\n\n\n<li>Humidade: Prospera em condi\u00e7\u00f5es de humidade elevada (60-80%). Utilizar tabuleiros de humidade ou humidificadores de ambiente, se necess\u00e1rio.<\/li>\n\n\n\n<li>Circula\u00e7\u00e3o de ar: Essencial para prevenir as doen\u00e7as f\u00fangicas. Assegurar um bom fluxo de ar \u00e0 volta da planta.<\/li>\n\n\n\n<li>Rega: Manter uma humidade constante durante a esta\u00e7\u00e3o de crescimento, reduzindo-a ligeiramente no inverno. Nunca deixar secar completamente.<\/li>\n\n\n\n<li>Substrato: Utilizar uma mistura de orqu\u00eddeas bem drenada. Uma combina\u00e7\u00e3o de casca de abeto de qualidade fina, perlite e musgo esfagno funciona bem.<\/li>\n\n\n\n<li>Fertilizante: Alimentar semanalmente com um fertilizante de orqu\u00eddeas equilibrado e sol\u00favel em \u00e1gua a 1\/4 da for\u00e7a durante a \u00e9poca de crescimento.<\/li>\n<\/ol>\n\n\n\n<h2 class=\"wp-block-heading\">IV. Cultivo e propaga\u00e7\u00e3o<\/h2>\n\n\n\n<p class=\"wp-block-paragraph\">A Neofinetia falcata pode ser propagada por divis\u00e3o ou produ\u00e7\u00e3o de keiki (pl\u00e2ntulas):<\/p>\n\n\n\n<ol class=\"wp-block-list\">\n<li>Divis\u00e3o: A melhor forma de o fazer \u00e9 na primavera ou no outono. Separar plantas robustas com pelo menos 5 pseudobulbos ligados por divis\u00e3o.<\/li>\n\n\n\n<li>Propaga\u00e7\u00e3o do Keiki: Por vezes, formam-se pequenas pl\u00e2ntulas na planta-m\u00e3e. Quando desenvolvem ra\u00edzes com cerca de 2-3 cm de comprimento, podem ser cuidadosamente retiradas e envasadas separadamente.<\/li>\n<\/ol>\n\n\n\n<p class=\"wp-block-paragraph\">Quando se faz o repotenciamento:<\/p>\n\n\n\n<ol class=\"wp-block-list\">\n<li>Utilizar um vaso com grandes orif\u00edcios de drenagem.<\/li>\n\n\n\n<li>Coloque uma camada de material grosseiro (como cacos de cer\u00e2mica) no fundo para drenagem.<\/li>\n\n\n\n<li>Encher com a mistura para orqu\u00eddeas, plantando os pseudobolbos logo abaixo da superf\u00edcie.<\/li>\n\n\n\n<li>Cobrir com musgo de esfagno vivo para reter a humidade.<\/li>\n<\/ol>\n\n\n\n<h2 class=\"wp-block-heading\">V. Gest\u00e3o de pragas e doen\u00e7as<\/h2>\n\n\n\n<p class=\"wp-block-paragraph\">Embora seja geralmente resistente, a Neofinetia falcata pode ser suscet\u00edvel a pragas e doen\u00e7as comuns das orqu\u00eddeas:<\/p>\n\n\n\n<ol class=\"wp-block-list\">\n<li>Insectos cochonilhas: Tratar com \u00f3leo de horticultura ou remover manualmente.<\/li>\n\n\n\n<li>Apodrecimento das ra\u00edzes: Prevenir assegurando uma drenagem adequada e evitando a rega excessiva.<\/li>\n\n\n\n<li>Manchas foliares de fungos: Melhorar a circula\u00e7\u00e3o do ar e reduzir a humidade. Se necess\u00e1rio, tratar com um fungicida \u00e0 base de cobre.<\/li>\n<\/ol>\n\n\n\n<p class=\"wp-block-paragraph\">A inspe\u00e7\u00e3o regular e a manuten\u00e7\u00e3o de condi\u00e7\u00f5es de crescimento ideais s\u00e3o fundamentais para evitar a maioria dos problemas.<\/p>\n\n\n\n<h2 class=\"wp-block-heading\">VI. Import\u00e2ncia cultural<\/h2>\n\n\n\n<p class=\"wp-block-paragraph\">A Neofinetia falcata, conhecida como \"Furan\" ou \"F\u016bki\" no Jap\u00e3o, \u00e9 cultivada neste pa\u00eds h\u00e1 s\u00e9culos. Foi particularmente apreciada pelos guerreiros samurais durante o per\u00edodo Edo (1603-1868), o que levou ao seu nome comum \"Orqu\u00eddea Samurai\". O cultivo e a aprecia\u00e7\u00e3o desta orqu\u00eddea tornaram-se uma forma de arte refinada, com esp\u00e9cimes apreciados a atingirem pre\u00e7os elevados.<\/p>\n\n\n\n<p class=\"wp-block-paragraph\">Atualmente, a Neofinetia falcata continua a ser altamente considerada na cultura japonesa e \u00e9 popular entre os entusiastas de orqu\u00eddeas em todo o mundo pelo seu tamanho compacto, flores perfumadas e rica hist\u00f3ria cultural.<\/p>\n\n\n\n<h2 class=\"wp-block-heading\">VII. Valor hort\u00edcola e medicinal<\/h2>\n\n\n\n<p class=\"wp-block-paragraph\">Para al\u00e9m do seu valor ornamental, a Neofinetia falcata tem sido utilizada na medicina tradicional da \u00c1sia Oriental. Pensa-se que a planta inteira ou os pseudobolbos t\u00eam propriedades que:<\/p>\n\n\n\n<ul class=\"wp-block-list\">\n<li>Limpar o calor e acalmar a garganta<\/li>\n\n\n\n<li>Ativar a circula\u00e7\u00e3o sangu\u00ednea<\/li>\n\n\n\n<li>Aliviar a dor<\/li>\n<\/ul>\n\n\n\n<p class=\"wp-block-paragraph\">Tem sido tradicionalmente utilizada para tratar doen\u00e7as como tosse devido ao calor dos pulm\u00f5es, dores de garganta, h\u00e9rnias e ferimentos causados por quedas ou pancadas. No entanto, \u00e9 importante notar que estas utiliza\u00e7\u00f5es medicinais se baseiam em pr\u00e1ticas tradicionais e n\u00e3o devem substituir o aconselhamento ou tratamento m\u00e9dico profissional.<\/p>\n\n\n\n<p class=\"wp-block-paragraph\">Em conclus\u00e3o, a Neofinetia falcata oferece aos jardineiros e entusiastas de orqu\u00eddeas uma mistura \u00fanica de desafio hort\u00edcola, beleza est\u00e9tica e significado cultural. O seu tamanho compacto torna-a ideal para pequenos espa\u00e7os ou como parte de uma cole\u00e7\u00e3o maior de orqu\u00eddeas. <\/p>\n\n\n\n<p class=\"wp-block-paragraph\">Com os devidos cuidados, esta \"pequena maravilha floral\" pode proporcionar anos de prazer, ligando o cultivador a s\u00e9culos de aprecia\u00e7\u00e3o bot\u00e2nica e arte.<\/p>","protected":false},"excerpt":{"rendered":"<p>Neofinetia falcata, also known as the Wind Orchid or Samurai Orchid, is a miniature orchid species that packs a wealth of charm into its diminutive stature. This exquisite plant, prized for centuries in East Asian horticulture, offers gardeners a unique opportunity to cultivate a living piece of botanical history. I. Morphological Characteristics Neofinetia falcata is [&hellip;]<\/p>\n","protected":false},"author":1,"featured_media":15179,"comment_status":"open","ping_status":"open","sticky":false,"template":"","format":"standard","meta":{"_breakdance_hide_in_design_set":false,"_breakdance_tags":"","footnotes":""},"categories":[20],"tags":[],"class_list":["post-14154","post","type-post","status-publish","format-standard","has-post-thumbnail","hentry","category-species-and-types"],"_links":{"self":[{"href":"https:\/\/flowerslib.com\/pt\/wp-json\/wp\/v2\/posts\/14154","targetHints":{"allow":["GET"]}}],"collection":[{"href":"https:\/\/flowerslib.com\/pt\/wp-json\/wp\/v2\/posts"}],"about":[{"href":"https:\/\/flowerslib.com\/pt\/wp-json\/wp\/v2\/types\/post"}],"author":[{"embeddable":true,"href":"https:\/\/flowerslib.com\/pt\/wp-json\/wp\/v2\/users\/1"}],"replies":[{"embeddable":true,"href":"https:\/\/flowerslib.com\/pt\/wp-json\/wp\/v2\/comments?post=14154"}],"version-history":[{"count":0,"href":"https:\/\/flowerslib.com\/pt\/wp-json\/wp\/v2\/posts\/14154\/revisions"}],"wp:featuredmedia":[{"embeddable":true,"href":"https:\/\/flowerslib.com\/pt\/wp-json\/wp\/v2\/media\/15179"}],"wp:attachment":[{"href":"https:\/\/flowerslib.com\/pt\/wp-json\/wp\/v2\/media?parent=14154"}],"wp:term":[{"taxonomy":"category","embeddable":true,"href":"https:\/\/flowerslib.com\/pt\/wp-json\/wp\/v2\/categories?post=14154"},{"taxonomy":"post_tag","embeddable":true,"href":"https:\/\/flowerslib.com\/pt\/wp-json\/wp\/v2\/tags?post=14154"}],"curies":[{"name":"wp","href":"https:\/\/api.w.org\/{rel}","templated":true}]}}