{"id":14062,"date":"2023-12-05T10:52:40","date_gmt":"2023-12-05T02:52:40","guid":{"rendered":"https:\/\/flowerslib.com\/?p=14062"},"modified":"2023-12-05T10:52:40","modified_gmt":"2023-12-05T02:52:40","slug":"canna-generalis","status":"publish","type":"post","link":"https:\/\/flowerslib.com\/pt\/canna-generalis\/","title":{"rendered":"Canna Generalis Delight: Criando jardins coloridos com dicas de especialistas"},"content":{"rendered":"<p class=\"wp-block-paragraph\">A Canna generalis, vulgarmente designada por canna de flor grande, \u00e9 uma erva perene que cresce at\u00e9 100-150 cent\u00edmetros de altura, com rizomas espessos que formam caules subterr\u00e2neos tuberosos. <\/p>\n\n\n\n<p class=\"wp-block-paragraph\">As folhas grandes est\u00e3o dispostas em espiral, com nervuras centrais proeminentes e nervuras paralelas pinadas. Os pec\u00edolos s\u00e3o em forma de bainha e prendem o caule sem qualquer ligadura, parecendo circulares em sec\u00e7\u00e3o transversal e de cor verde ou vermelho-p\u00farpura. <\/p>\n\n\n\n<p class=\"wp-block-paragraph\">Os caules e as folhas est\u00e3o cobertos por um p\u00f3 branco. As folhas largas e el\u00edpticas preparam o cen\u00e1rio para as flores de tamanho consider\u00e1vel da planta, que podem medir at\u00e9 20 cent\u00edmetros e exibir p\u00e9talas que se estendem para fora, englobando quatro estames semelhantes a p\u00e9talas. <\/p>\n\n\n\n<p class=\"wp-block-paragraph\"><\/p>\n\n\n<div class=\"wp-block-image\">\n<figure class=\"aligncenter size-full\"><img loading=\"lazy\" decoding=\"async\" width=\"1200\" height=\"800\" src=\"https:\/\/flowerslib.com\/wp-content\/uploads\/2023\/12\/2-6.jpg\" alt=\"Canna generalis\" class=\"wp-image-14649\" srcset=\"https:\/\/flowerslib.com\/wp-content\/uploads\/2023\/12\/2-6.jpg 1200w, https:\/\/flowerslib.com\/wp-content\/uploads\/2023\/12\/2-6-600x400.jpg 600w, https:\/\/flowerslib.com\/wp-content\/uploads\/2023\/12\/2-6-768x512.jpg 768w, https:\/\/flowerslib.com\/wp-content\/uploads\/2023\/12\/2-6-240x160.jpg 240w\" sizes=\"auto, (max-width: 1200px) 100vw, 1200px\" \/><\/figure>\n<\/div>\n\n\n<p class=\"wp-block-paragraph\"><\/p>\n\n\n\n<p class=\"wp-block-paragraph\">As flores s\u00e3o apresentadas em tons de creme, amarelo, vermelho-alaranjado, cor-de-rosa, escarlate e vermelho-p\u00farpura. Conhecida como um termo coletivo para as cannas francesas, a canna de flores grandes resulta principalmente da hibrida\u00e7\u00e3o e melhoramento das esp\u00e9cies originais nativas das Am\u00e9ricas tropicais. <\/p>\n\n\n\n<p class=\"wp-block-paragraph\">Com a sua rica folhagem verde e flores vibrantes em tons que variam entre o creme, o amarelo p\u00e1lido, o vermelho alaranjado, o rosa, o escarlate, o vermelho p\u00farpura e at\u00e9 alguns salpicados de dourado, s\u00e3o ideais para criar um cen\u00e1rio dram\u00e1tico em canteiros de flores ou como pe\u00e7a central em arranjos de jardim. <\/p>\n\n\n\n<p class=\"wp-block-paragraph\">Podem tamb\u00e9m ser plantadas em grupos ou em faixas ao longo das orlas das florestas ou dos prados.<\/p>\n\n\n\n<h2 class=\"wp-block-heading\">I. Carater\u00edsticas morfol\u00f3gicas<\/h2>\n\n\n\n<p class=\"wp-block-paragraph\">A canna de flores grandes mede cerca de 1,5 metros de altura e tanto os caules como as folhas e infloresc\u00eancias s\u00e3o polvilhados com um p\u00f3 branco. <\/p>\n\n\n\n<p class=\"wp-block-paragraph\"><\/p>\n\n\n<div class=\"wp-block-image\">\n<figure class=\"aligncenter size-full\"><img loading=\"lazy\" decoding=\"async\" width=\"1200\" height=\"800\" src=\"https:\/\/flowerslib.com\/wp-content\/uploads\/2023\/12\/1-6-2.jpg\" alt=\"Canna generalis\" class=\"wp-image-14653\" srcset=\"https:\/\/flowerslib.com\/wp-content\/uploads\/2023\/12\/1-6-2.jpg 1200w, https:\/\/flowerslib.com\/wp-content\/uploads\/2023\/12\/1-6-2-600x400.jpg 600w, https:\/\/flowerslib.com\/wp-content\/uploads\/2023\/12\/1-6-2-768x512.jpg 768w, https:\/\/flowerslib.com\/wp-content\/uploads\/2023\/12\/1-6-2-240x160.jpg 240w\" sizes=\"auto, (max-width: 1200px) 100vw, 1200px\" \/><\/figure>\n<\/div>\n\n\n<p class=\"wp-block-paragraph\"><\/p>\n\n\n\n<p class=\"wp-block-paragraph\">As folhas el\u00edpticas podem atingir at\u00e9 40 cent\u00edmetros de comprimento e 20 cent\u00edmetros de largura, com margens e bainhas roxas. <\/p>\n\n\n\n<p class=\"wp-block-paragraph\">As infloresc\u00eancias do racemo terminal t\u00eam 15-30 cent\u00edmetros de comprimento (incluindo o ped\u00fanculo principal); as flores grandes s\u00e3o bastante densas, com 1-2 flores por br\u00e1ctea. <\/p>\n\n\n\n<p class=\"wp-block-paragraph\">As s\u00e9palas s\u00e3o lanceoladas, medindo 1,5-3 cent\u00edmetros de comprimento; o tubo da corola tem 5-10 mil\u00edmetros de comprimento, com l\u00f3bulos da corola lanceolados com 4,5-6,5 cent\u00edmetros de comprimento. <\/p>\n\n\n\n<p class=\"wp-block-paragraph\">Os tr\u00eas verticilos exteriores dos estamin\u00f3dios s\u00e3o obovados-espatulados, com 5-10 cent\u00edmetros de comprimento e 2-5 cent\u00edmetros de largura, com uma variedade de cores, incluindo vermelho, vermelho-alaranjado, amarelo p\u00e1lido e branco. <\/p>\n\n\n\n<p class=\"wp-block-paragraph\"><\/p>\n\n\n<div class=\"wp-block-image\">\n<figure class=\"aligncenter size-full\"><img loading=\"lazy\" decoding=\"async\" width=\"1200\" height=\"800\" src=\"https:\/\/flowerslib.com\/wp-content\/uploads\/2023\/12\/3-3-1.jpg\" alt=\"Canna generalis\" class=\"wp-image-14654\" srcset=\"https:\/\/flowerslib.com\/wp-content\/uploads\/2023\/12\/3-3-1.jpg 1200w, https:\/\/flowerslib.com\/wp-content\/uploads\/2023\/12\/3-3-1-600x400.jpg 600w, https:\/\/flowerslib.com\/wp-content\/uploads\/2023\/12\/3-3-1-768x512.jpg 768w, https:\/\/flowerslib.com\/wp-content\/uploads\/2023\/12\/3-3-1-240x160.jpg 240w\" sizes=\"auto, (max-width: 1200px) 100vw, 1200px\" \/><\/figure>\n<\/div>\n\n\n<p class=\"wp-block-paragraph\"><\/p>\n\n\n\n<p class=\"wp-block-paragraph\">A p\u00e9tala do labelo \u00e9 tamb\u00e9m obovado-espatulada, com cerca de 4,5 cent\u00edmetros de comprimento e 1,2-4 cent\u00edmetros de largura; o estame f\u00e9rtil \u00e9 lanceolado, com cerca de 4 cent\u00edmetros de comprimento e 2,5 cent\u00edmetros de largura; o ov\u00e1rio \u00e9 esf\u00e9rico, com um di\u00e2metro de 4-8 mil\u00edmetros; e o estilete \u00e9 em forma de fita, com a parte livre a medir 3,5 cent\u00edmetros de comprimento. A \u00e9poca de flora\u00e7\u00e3o \u00e9 no outono.<\/p>\n\n\n\n<h2 class=\"wp-block-heading\">II. Gama de distribui\u00e7\u00e3o<\/h2>\n\n\n\n<p class=\"wp-block-paragraph\">A canna de flor grande \u00e9 um termo geral para as cannas francesas, desenvolvidas principalmente atrav\u00e9s da hibrida\u00e7\u00e3o e melhoramento das esp\u00e9cies originais encontradas nas regi\u00f5es tropicais das Am\u00e9ricas. \u00c9 amplamente cultivada em toda a China.<\/p>\n\n\n\n<h2 class=\"wp-block-heading\">III. Ambiente de crescimento<\/h2>\n\n\n\n<p class=\"wp-block-paragraph\">Esta esp\u00e9cie desenvolve-se num clima quente e h\u00famido e n\u00e3o tolera as geadas. Prefere temperaturas entre 25-30\u00b0C e floresce em plena luz do sol e num solo f\u00e9rtil. <\/p>\n\n\n\n<p class=\"wp-block-paragraph\">No seu habitat natural, cresce e floresce durante todo o ano, sem per\u00edodo de dorm\u00eancia. A planta \u00e9 robusta e adapt\u00e1vel, quase indiferente aos tipos de solo, embora prefira os limos arenosos h\u00famidos, f\u00e9rteis e soltos. <\/p>\n\n\n\n<p class=\"wp-block-paragraph\">Resiste a um ligeiro encharcamento mas \u00e9 suscet\u00edvel a ventos fortes. A planta\u00e7\u00e3o \u00e9 efectuada ap\u00f3s a \u00faltima geada, em abril ou maio. <\/p>\n\n\n\n<p class=\"wp-block-paragraph\">\u00c0 medida que os caules brotam, formam-se os bot\u00f5es florais e as flores abrem-se de baixo para cima durante toda a esta\u00e7\u00e3o de crescimento, assegurando uma flora\u00e7\u00e3o cont\u00ednua de junho at\u00e9 \u00e0 primeira geada. O per\u00edodo total de flora\u00e7\u00e3o \u00e9 longo. <\/p>\n\n\n\n<p class=\"wp-block-paragraph\">Nas regi\u00f5es a sul do rio Yangtze, os rizomas podem hibernar no solo, mas a norte do Yangtze \u00e9 necess\u00e1ria uma prote\u00e7\u00e3o artificial para hibernar.<\/p>\n\n\n\n<p class=\"wp-block-paragraph\">A planta \u00e9 sens\u00edvel ao frio, aos ventos fortes e \u00e0s geadas. N\u00e3o \u00e9 muito exigente quanto ao solo e pode tolerar m\u00e1s condi\u00e7\u00f5es, embora cres\u00e7a melhor em solo f\u00e9rtil, h\u00famido e bem drenado. <\/p>\n\n\n\n<p class=\"wp-block-paragraph\">Depois de as plantas murcharem no final do outono, as partes acima do solo devem ser podadas, os rizomas desenterrados e secos durante 2-3 dias, sendo depois enterrados em solo arenoso bem ventilado numa estufa. <\/p>\n\n\n\n<p class=\"wp-block-paragraph\">Sem rega, a manuten\u00e7\u00e3o de temperaturas superiores a 5\u00b0C permite-lhes passar o inverno em seguran\u00e7a.<\/p>\n\n\n\n<h2 class=\"wp-block-heading\">IV. Crescimento e propaga\u00e7\u00e3o<\/h2>\n\n\n\n<h3 class=\"wp-block-heading\">Semeadura<\/h3>\n\n\n\n<p class=\"wp-block-paragraph\">De abril a maio, cortar o revestimento duro das sementes com um objeto afiado e mergulh\u00e1-las em \u00e1gua morna durante um dia e uma noite inteiros antes de as semear diretamente no exterior. <\/p>\n\n\n\n<p class=\"wp-block-paragraph\">As pl\u00e2ntulas emergem em 2-3 semanas e quando tiverem desenvolvido 2-3 folhas, devem ser transplantadas. As flores florescem no ano em curso ou no ano seguinte.<\/p>\n\n\n\n<h3 class=\"wp-block-heading\">Divis\u00e3o Tub\u00e9rculos<\/h3>\n\n\n\n<p class=\"wp-block-paragraph\">A propaga\u00e7\u00e3o dos tub\u00e9rculos deve ser efectuada entre mar\u00e7o e abril. Desenterrar os rizomas velhos e dividi-los em sec\u00e7\u00f5es, assegurando que cada peda\u00e7o tem 2-3 gomos e ra\u00edzes ligados. <\/p>\n\n\n\n<p class=\"wp-block-paragraph\">Plante-as a cerca de 10 cm de profundidade no solo, espa\u00e7ando-as de 15 a 20 cm, e regue abundantemente. Quando os rebentos tiverem 5-6 folhas, fertilize com composto maduro para florescer no ano em curso.<\/p>\n\n\n\n<h2 class=\"wp-block-heading\">V. Controlo das doen\u00e7as e das pragas<\/h2>\n\n\n\n<h3 class=\"wp-block-heading\">Doen\u00e7as<\/h3>\n\n\n\n<p class=\"wp-block-paragraph\">O l\u00edrio-do-can\u00e1rio sofre geralmente de doen\u00e7as como a variega\u00e7\u00e3o viral, a ferrugem, a mancha negra e a murcha de fusarium.<\/p>\n\n\n\n<p class=\"wp-block-paragraph\"><strong>Variega\u00e7\u00e3o viral:<\/strong> &nbsp;Principalmente causada pelo v\u00edrus do mosaico do pepino, que se propaga atrav\u00e9s do contacto com a seiva e os af\u00eddeos. <\/p>\n\n\n\n<p class=\"wp-block-paragraph\">Como as cannas s\u00e3o frequentemente propagadas por divis\u00e3o, o v\u00edrus pode ser transmitido ano ap\u00f3s ano, agravando-se com o tempo. O v\u00edrus tem uma vasta gama de hospedeiros e pode infetar muitas esp\u00e9cies de plantas.<\/p>\n\n\n\n<p class=\"wp-block-paragraph\"><strong>Controlo:<\/strong> As plantas infectadas devem ser removidas e destru\u00eddas imediatamente. N\u00e3o utilizar ra\u00edzes ou caules doentes para a propaga\u00e7\u00e3o. Durante todo o per\u00edodo de crescimento, controlar os af\u00eddeos para evitar doen\u00e7as.<\/p>\n\n\n\n<p class=\"wp-block-paragraph\"><strong>Ferrugem: <\/strong>Nas fases iniciais da infe\u00e7\u00e3o, aparecem manchas circulares amarelas encharcadas de \u00e1gua em ambos os lados da folha, particularmente na parte inferior. <\/p>\n\n\n\n<p class=\"wp-block-paragraph\">Estas manchas aumentam rapidamente, fazendo com que as folhas se enrolem e murchem. O vento e os salpicos de \u00e1gua podem espalhar os ured\u00f3sporos para as folhas saud\u00e1veis, onde germinam e invadem, causando danos repetidos. <\/p>\n\n\n\n<p class=\"wp-block-paragraph\">A incid\u00eancia da doen\u00e7a continua a ser grave em tempo frio, enquanto o tempo quente e seco tende a atenu\u00e1-la. Os sintomas s\u00e3o geralmente observados entre mar\u00e7o e abril.<\/p>\n\n\n\n<p class=\"wp-block-paragraph\"><strong>Controlo: <\/strong>Durante o inverno, remover e queimar as folhas doentes e os restos de plantas. Pulverizar com uma solu\u00e7\u00e3o de dimetoato de zinco 65% \u00e0 raz\u00e3o de 400 vezes a dilui\u00e7\u00e3o, uma vez por semana, durante 3 a 4 vezes, ou aplicar uma mistura de enxofre de cal a 0,3 graus uma vez, ou uma emuls\u00e3o de diniconazol 20% dilu\u00edda 2000 a 3000 vezes. Alternar a utiliza\u00e7\u00e3o destes tratamentos para aliviar a doen\u00e7a.<\/p>\n\n\n\n<p class=\"wp-block-paragraph\"><strong>Mancha Negra:<\/strong> O fungo provoca manchas amarelas que aumentam para formas circulares ou ovais, com 5-15 mm de di\u00e2metro, e tornam-se castanhas a castanhas escuras. <\/p>\n\n\n\n<p class=\"wp-block-paragraph\">O fungo sobrevive nas folhas ca\u00eddas, causando danos de maio a junho, com os surtos mais graves a ocorrerem em julho e agosto.<\/p>\n\n\n\n<p class=\"wp-block-paragraph\"><strong>Controlo:<\/strong> Refor\u00e7ar a gest\u00e3o e evitar planta\u00e7\u00f5es demasiado densas. Em caso de aparecimento da doen\u00e7a, pulverizar regularmente com uma solu\u00e7\u00e3o 50% de tolclofos-metilo, dilu\u00edda 500 a 800 vezes, ou com uma solu\u00e7\u00e3o 65% de dimetoato de zinco, dilu\u00edda 500 vezes.<\/p>\n\n\n\n<p class=\"wp-block-paragraph\"><strong>Murchid\u00e3o de Fusarium: <\/strong>Esta doen\u00e7a afecta principalmente as folhas, apresentando manchas fusiformes castanho-avermelhadas ou ovais castanho-escuras. Em tempo h\u00famido e sombrio, aparece uma fina camada de bolor cinzento na parte inferior das manchas. <\/p>\n\n\n\n<p class=\"wp-block-paragraph\">O fusarium que causa esta doen\u00e7a sobrevive nos restos de plantas e propaga-se pelo vento na primavera seguinte, em condi\u00e7\u00f5es adequadas, infectando as plantas.<\/p>\n\n\n\n<p class=\"wp-block-paragraph\"><strong>Controlo: <\/strong>No outono e no inverno, remover e destruir cuidadosamente os detritos vegetais infectados para reduzir o fungo invernal e controlar a doen\u00e7a na pr\u00f3xima primavera.<\/p>\n\n\n\n<p class=\"wp-block-paragraph\"><strong>Controlo qu\u00edmico: <\/strong>Em zonas com doen\u00e7as graves, remover as folhas doentes e pulverizar com um p\u00f3 molh\u00e1vel de carbendazime 50% dilu\u00eddo 600 vezes, ou um p\u00f3 molh\u00e1vel de tolclofos-metilo 70% dilu\u00eddo 800 vezes, ou um p\u00f3 de metalaxil dilu\u00eddo 500 vezes.<\/p>\n\n\n\n<h3 class=\"wp-block-heading\">Pragas<\/h3>\n\n\n\n<p class=\"wp-block-paragraph\">Os l\u00edrios de Canna t\u00eam poucas pragas, mas algumas comuns incluem o rolo de folhas e os vermes de corte.<\/p>\n\n\n\n<p class=\"wp-block-paragraph\"><strong>Rolo de folhas: <\/strong>As larvas enrolam as folhas para se alimentarem delas. Em caso de infesta\u00e7\u00f5es graves, as folhas ficam enroladas e danificadas.<\/p>\n\n\n\n<p class=\"wp-block-paragraph\"><strong>Controlo: <\/strong>Remova as folhas enroladas e mate as larvas no seu interior. Limpar as folhas mortas e os detritos vegetais no inverno e na primavera para eliminar as larvas que passam o inverno. Pulverizar com uma solu\u00e7\u00e3o de diclorvos 90% dilu\u00edda 800 vezes para matar as larvas.<\/p>\n\n\n\n<p class=\"wp-block-paragraph\"><strong>Vermes cortadores:<\/strong> Podem observar-se filas de buracos nas folhas das plantas e as infesta\u00e7\u00f5es graves podem danificar os bot\u00f5es florais, dando origem a plantas sem flor.<\/p>\n\n\n\n<p class=\"wp-block-paragraph\"><strong>Controlo:<\/strong>&nbsp;Pulverizar com uma mistura de diclorvos, dimetoato e esfenvalerato.<\/p>\n\n\n\n<h2 class=\"wp-block-heading\">VI. Valor prim\u00e1rio<\/h2>\n\n\n\n<h3 class=\"wp-block-heading\">Jardins<\/h3>\n\n\n\n<p class=\"wp-block-paragraph\">As folhas exuberantes do l\u00edrio Canna ostentam flores brilhantes em tons de creme, amarelo p\u00e1lido, laranja, rosa, vermelho profundo, vermelho-p\u00farpura e dourado salpicado. <\/p>\n\n\n\n<p class=\"wp-block-paragraph\">Estas plantas s\u00e3o ideais para criar um cen\u00e1rio deslumbrante em bordaduras florais ou como pe\u00e7a central em canteiros de flores. <\/p>\n\n\n\n<p class=\"wp-block-paragraph\">Podem tamb\u00e9m ser plantadas em grupos ou em faixas ao longo das orlas das florestas ou nos per\u00edmetros dos prados. As variedades an\u00e3s s\u00e3o adequadas para a planta\u00e7\u00e3o em contentores ou como cobertura do solo em encostas ensolaradas. <\/p>\n\n\n\n<p class=\"wp-block-paragraph\">As Canna Lilies s\u00e3o muito utilizadas em paisagismo para a ecologiza\u00e7\u00e3o de estradas, embelezamento de \u00e1reas residenciais, zonas industriais e parques, oferecendo um impacto visual significativo e um crescimento r\u00e1pido.<\/p>\n\n\n\n<h3 class=\"wp-block-heading\">Ambiente<\/h3>\n\n\n\n<p class=\"wp-block-paragraph\">Os l\u00edrios Canna n\u00e3o s\u00f3 embelezam o nosso ambiente, como tamb\u00e9m s\u00e3o capazes de absorver subst\u00e2ncias nocivas como o di\u00f3xido de enxofre, o cloreto de hidrog\u00e9nio e o di\u00f3xido de carbono. <\/p>\n\n\n\n<p class=\"wp-block-paragraph\">T\u00eam um bom n\u00edvel de resist\u00eancia; embora as suas folhas sejam facilmente danificadas, o novo crescimento emerge rapidamente, restaurando a vitalidade da planta. A sua rea\u00e7\u00e3o sens\u00edvel aos danos valeu-lhes a alcunha de \"monitores vivos\" da polui\u00e7\u00e3o gasosa nociva no ambiente. <\/p>\n\n\n\n<p class=\"wp-block-paragraph\">Desempenham um papel na purifica\u00e7\u00e3o do ar e na prote\u00e7\u00e3o do ambiente, o que as torna plantas ideais para tornar mais verde, embelezar e purificar o nosso ambiente.<\/p>\n\n\n\n<h2 class=\"wp-block-heading\">VII. Cultura de plantas<\/h2>\n\n\n\n<p class=\"wp-block-paragraph\">O <a class=\"wpil_keyword_link\" href=\"https:\/\/flowerslib.com\/pt\/linguagem-das-flores\/\"   title=\"linguagem das flores\" data-wpil-keyword-link=\"linked\">linguagem das flores<\/a> da Canna Lily fala de um \"futuro robusto\".<\/p>\n\n\n\n<p class=\"wp-block-paragraph\">Segundo a tradi\u00e7\u00e3o budista, o Canna Lily teve origem no sangue que escorreu dos dedos dos p\u00e9s do pr\u00f3prio Buda, formando esta grande flor. Quando floresce sob o calor intenso e a luz do sol, transmite uma poderosa vontade de existir.<\/p>","protected":false},"excerpt":{"rendered":"<p>The Canna generalis, commonly referred to as the large-flowered canna, is a perennial herb that grows up to 100-150 centimeters tall, with thick rhizomes forming tuberous underground stems. The large leaves are arranged in a spiral pattern, featuring prominent central veins and pinnate parallel veins. The petioles are sheath-like and clasp the stem without any [&hellip;]<\/p>\n","protected":false},"author":1,"featured_media":14105,"comment_status":"open","ping_status":"open","sticky":false,"template":"","format":"standard","meta":{"_breakdance_hide_in_design_set":false,"_breakdance_tags":"","footnotes":""},"categories":[20],"tags":[],"class_list":["post-14062","post","type-post","status-publish","format-standard","has-post-thumbnail","hentry","category-species-and-types"],"_links":{"self":[{"href":"https:\/\/flowerslib.com\/pt\/wp-json\/wp\/v2\/posts\/14062","targetHints":{"allow":["GET"]}}],"collection":[{"href":"https:\/\/flowerslib.com\/pt\/wp-json\/wp\/v2\/posts"}],"about":[{"href":"https:\/\/flowerslib.com\/pt\/wp-json\/wp\/v2\/types\/post"}],"author":[{"embeddable":true,"href":"https:\/\/flowerslib.com\/pt\/wp-json\/wp\/v2\/users\/1"}],"replies":[{"embeddable":true,"href":"https:\/\/flowerslib.com\/pt\/wp-json\/wp\/v2\/comments?post=14062"}],"version-history":[{"count":0,"href":"https:\/\/flowerslib.com\/pt\/wp-json\/wp\/v2\/posts\/14062\/revisions"}],"wp:featuredmedia":[{"embeddable":true,"href":"https:\/\/flowerslib.com\/pt\/wp-json\/wp\/v2\/media\/14105"}],"wp:attachment":[{"href":"https:\/\/flowerslib.com\/pt\/wp-json\/wp\/v2\/media?parent=14062"}],"wp:term":[{"taxonomy":"category","embeddable":true,"href":"https:\/\/flowerslib.com\/pt\/wp-json\/wp\/v2\/categories?post=14062"},{"taxonomy":"post_tag","embeddable":true,"href":"https:\/\/flowerslib.com\/pt\/wp-json\/wp\/v2\/tags?post=14062"}],"curies":[{"name":"wp","href":"https:\/\/api.w.org\/{rel}","templated":true}]}}