{"id":14051,"date":"2023-12-11T21:47:25","date_gmt":"2023-12-11T13:47:25","guid":{"rendered":"https:\/\/flowerslib.com\/?p=14051"},"modified":"2023-12-11T21:47:25","modified_gmt":"2023-12-11T13:47:25","slug":"hipericao-patulum","status":"publish","type":"post","link":"https:\/\/flowerslib.com\/pt\/hypericum-patulum\/","title":{"rendered":"Hypericum Patulum: Dicas de cultivo e cuidados"},"content":{"rendered":"<p class=\"wp-block-paragraph\">O Hypericum patulum \u00e9 um arbusto que forma touceiras, pertencente \u00e0 fam\u00edlia Hypericaceae. A planta \u00e9 glabra, com ramos canelados verticalmente em tons de castanho ou castanho-avermelhado. <\/p>\n\n\n\n<p class=\"wp-block-paragraph\">As suas folhas est\u00e3o dispostas de forma oposta e variam de ovadas a lanceoladas; as infloresc\u00eancias s\u00e3o em forma de corimbos ou solit\u00e1rias. As s\u00e9palas s\u00e3o largas, ovadas a redondas, e permanecem erectas durante a frutifica\u00e7\u00e3o. <\/p>\n\n\n\n<p class=\"wp-block-paragraph\">As p\u00e9talas s\u00e3o amarelas ou douradas, de forma ovada a inversamente ovalada, com anteras amarelo-p\u00e1lidas. O ov\u00e1rio \u00e9 ovoide e o estilete tem aproximadamente o mesmo comprimento ou \u00e9 ligeiramente mais curto do que o ov\u00e1rio. <\/p>\n\n\n\n<p class=\"wp-block-paragraph\"><\/p>\n\n\n<div class=\"wp-block-image\">\n<figure class=\"aligncenter size-full\"><img loading=\"lazy\" decoding=\"async\" width=\"1200\" height=\"800\" src=\"https:\/\/flowerslib.com\/wp-content\/uploads\/2023\/12\/6-30.jpg\" alt=\"Hiperic\u00e3o (Hypericum patulum)\" class=\"wp-image-15382\" srcset=\"https:\/\/flowerslib.com\/wp-content\/uploads\/2023\/12\/6-30.jpg 1200w, https:\/\/flowerslib.com\/wp-content\/uploads\/2023\/12\/6-30-600x400.jpg 600w, https:\/\/flowerslib.com\/wp-content\/uploads\/2023\/12\/6-30-768x512.jpg 768w, https:\/\/flowerslib.com\/wp-content\/uploads\/2023\/12\/6-30-240x160.jpg 240w\" sizes=\"auto, (max-width: 1200px) 100vw, 1200px\" \/><\/figure>\n<\/div>\n\n\n<p class=\"wp-block-paragraph\"><\/p>\n\n\n\n<p class=\"wp-block-paragraph\">O fruto, em c\u00e1psula, \u00e9 ovoide; as sementes s\u00e3o cil\u00edndricas e castanhas escuras. A flora\u00e7\u00e3o ocorre de maio a junho, sendo o per\u00edodo de frutifica\u00e7\u00e3o de julho a agosto.<\/p>\n\n\n\n<p class=\"wp-block-paragraph\">Este arbusto desenvolve-se nas encostas das montanhas, nos prados, sob as copas das florestas, em matagais ou em espa\u00e7os abertos a altitudes at\u00e9 2700 metros. <\/p>\n\n\n\n<p class=\"wp-block-paragraph\">\u00c9 um pouco resistente ao frio, prefere a luz do sol, tolera a sombra parcial, n\u00e3o gosta de encharcamento e prefere solos arenosos bem drenados, h\u00famidos e f\u00e9rteis. A propaga\u00e7\u00e3o faz-se geralmente por sementeira, por estacas ou por divis\u00e3o.<\/p>\n\n\n\n<p class=\"wp-block-paragraph\"><\/p>\n\n\n<div class=\"wp-block-image\">\n<figure class=\"aligncenter size-full\"><img loading=\"lazy\" decoding=\"async\" width=\"1200\" height=\"800\" src=\"https:\/\/flowerslib.com\/wp-content\/uploads\/2023\/12\/3-53.jpg\" alt=\"Hiperic\u00e3o (Hypericum patulum)\" class=\"wp-image-15383\" srcset=\"https:\/\/flowerslib.com\/wp-content\/uploads\/2023\/12\/3-53.jpg 1200w, https:\/\/flowerslib.com\/wp-content\/uploads\/2023\/12\/3-53-600x400.jpg 600w, https:\/\/flowerslib.com\/wp-content\/uploads\/2023\/12\/3-53-768x512.jpg 768w, https:\/\/flowerslib.com\/wp-content\/uploads\/2023\/12\/3-53-240x160.jpg 240w\" sizes=\"auto, (max-width: 1200px) 100vw, 1200px\" \/><\/figure>\n<\/div>\n\n\n<p class=\"wp-block-paragraph\"><\/p>\n\n\n\n<p class=\"wp-block-paragraph\">O hiperic\u00e3o tem um sabor amargo e picante com propriedades refrescantes. \u00c9 conhecida pela sua capacidade de eliminar o calor, promover a diurese, desintoxicar e facilitar o fluxo do qi do f\u00edgado. <\/p>\n\n\n\n<p class=\"wp-block-paragraph\">\u00c9 utilizada para tratar doen\u00e7as como infec\u00e7\u00f5es urin\u00e1rias devidas ao calor h\u00famido, hepatite, constipa\u00e7\u00e3o comum, amigdalite, dores musculares e esquel\u00e9ticas e ferimentos causados por quedas ou pancadas. <\/p>\n\n\n\n<p class=\"wp-block-paragraph\">Com a sua folhagem exuberante e flores vibrantes, o hiperic\u00e3o \u00e9 adequado para canteiros de flores e pode ser plantado em cachos ou grupos ao longo de relvados, bordos de \u00e1rvores ou \u00e1reas \u00e0 beira da estrada. As suas flores simbolizam a tristeza.<\/p>\n\n\n\n<h2 class=\"wp-block-heading\">I. Carater\u00edsticas morfol\u00f3gicas<\/h2>\n\n\n\n<p class=\"wp-block-paragraph\"><\/p>\n\n\n<div class=\"wp-block-image\">\n<figure class=\"aligncenter size-full\"><img loading=\"lazy\" decoding=\"async\" width=\"1200\" height=\"800\" src=\"https:\/\/flowerslib.com\/wp-content\/uploads\/2023\/12\/4-40.jpg\" alt=\"Hiperic\u00e3o (Hypericum patulum)\" class=\"wp-image-15384\" srcset=\"https:\/\/flowerslib.com\/wp-content\/uploads\/2023\/12\/4-40.jpg 1200w, https:\/\/flowerslib.com\/wp-content\/uploads\/2023\/12\/4-40-600x400.jpg 600w, https:\/\/flowerslib.com\/wp-content\/uploads\/2023\/12\/4-40-768x512.jpg 768w, https:\/\/flowerslib.com\/wp-content\/uploads\/2023\/12\/4-40-240x160.jpg 240w\" sizes=\"auto, (max-width: 1200px) 100vw, 1200px\" \/><\/figure>\n<\/div>\n\n\n<p class=\"wp-block-paragraph\"><\/p>\n\n\n\n<p class=\"wp-block-paragraph\">Este arbusto semi-perene ou perene cresce 0,3-1,5 metros de altura, formando tufos com ramos espalhados, por vezes densamente folhosos. <\/p>\n\n\n\n<p class=\"wp-block-paragraph\">Os caules s\u00e3o de cor vermelha clara a alaranjada, inicialmente com quatro cristas longitudinais, tornando-se rapidamente birr\u00edgidos e, por fim, cil\u00edndricos; os entren\u00f3s variam de 0,8 a 4 cent\u00edmetros de comprimento, mais curtos ou ocasionalmente mais longos do que as folhas; a casca \u00e9 castanha-acinzentada.<\/p>\n\n\n\n<p class=\"wp-block-paragraph\">As folhas s\u00e3o pecioladas, com pec\u00edolos de 0,5-2 mil\u00edmetros de comprimento. <\/p>\n\n\n\n<p class=\"wp-block-paragraph\">As l\u00e2minas das folhas s\u00e3o lanceoladas, oblongo-lanceoladas a ovadas, ou oblongo-ovadas, medindo 1,5-6 cent\u00edmetros de comprimento e 0,5-3 cent\u00edmetros de largura, com um \u00e1pice rombudo a arredondado, terminando frequentemente num pequeno ponto, e uma base estreita a amplamente cuneada, afinando para um ponto curto. <\/p>\n\n\n\n<p class=\"wp-block-paragraph\">Os bordos s\u00e3o planos, firmes e de textura semelhante \u00e0 do papel. A superf\u00edcie superior \u00e9 verde, a inferior \u00e9 mais p\u00e1lida, com tr\u00eas pares de nervuras laterais proeminentes que se ramificam a partir da nervura central. <\/p>\n\n\n\n<p class=\"wp-block-paragraph\">Os veios terci\u00e1rios s\u00e3o esparsos e pouco vis\u00edveis. As gl\u00e2ndulas na superf\u00edcie da folha s\u00e3o densamente compactadas ou dispersas, curtas, lineares e pontilhadas.<\/p>\n\n\n\n<p class=\"wp-block-paragraph\">A infloresc\u00eancia tem 1-15 flores, brotando do primeiro ou segundo n\u00f3 no \u00e1pice do caule, em cachos semelhantes a corimbos, por vezes com entren\u00f3s curtos no topo, ocasionalmente com ramos com 1-3 flores no meio do caule. <\/p>\n\n\n\n<p class=\"wp-block-paragraph\">Os pedicelos t\u00eam 2-4 (-7) mil\u00edmetros de comprimento; as br\u00e1cteas s\u00e3o estreitamente el\u00edpticas a oblongas e caem. As flores s\u00e3o em forma de ta\u00e7a, com 2,5-4 cent\u00edmetros de di\u00e2metro, com bot\u00f5es que s\u00e3o amplamente ovados. <\/p>\n\n\n\n<p class=\"wp-block-paragraph\">As s\u00e9palas s\u00e3o livres, erectas tanto na fase de rebenta\u00e7\u00e3o como na fase de frutifica\u00e7\u00e3o, variando em forma de ovado largo ou el\u00edptico a quase redondo, el\u00edptico alongado ou inversamente em forma de colher, na sua maioria de tamanho semelhante ou ligeiramente diferente, com 5-10 mil\u00edmetros de comprimento e 3,5-7 mil\u00edmetros de largura, com pontas rombas a redondas, muitas vezes com uma pequena ponta, e bordos finamente serrilhados ou franjados com pequenos p\u00ealos. <\/p>\n\n\n\n<p class=\"wp-block-paragraph\">As s\u00e9palas s\u00e3o membranosas, frequentemente vermelho-p\u00e1lidas, com nervuras centrais distintas e nervuras secund\u00e1rias menos vis\u00edveis, adornadas com numerosas riscas glandulares.<\/p>\n\n\n\n<p class=\"wp-block-paragraph\">As p\u00e9talas s\u00e3o amarelo-douradas sem colora\u00e7\u00e3o avermelhada, ligeiramente curvadas para dentro, inversamente ovadas a amplamente invertidas em forma de ovo, com 1,2-1,8 cent\u00edmetros de comprimento e 1-1,4 cent\u00edmetros de largura, cerca de 1,5-2,5 vezes o comprimento das s\u00e9palas, com margens inteiras ou ligeiramente serrilhadas, com uma fila de pontos glandulares junto ao bordo e pequenas pontas laterais arredondadas a indistintas.<\/p>\n\n\n\n<p class=\"wp-block-paragraph\">Os estames est\u00e3o agrupados em cinco, com 50-70 estames por feixe; os mais longos t\u00eam 7-12 mil\u00edmetros, cerca de 2\/5 a 1\/2 do comprimento das p\u00e9talas, com anteras amarelas brilhantes.<\/p>\n\n\n\n<p class=\"wp-block-paragraph\">O ov\u00e1rio \u00e9 amplamente ovoide, com cerca de 5-6 mil\u00edmetros de comprimento e 3,5-4 mil\u00edmetros de largura; o estilete tem 4-5,5 mil\u00edmetros de comprimento, cerca de 4\/5 do comprimento do ov\u00e1rio a quase igual em comprimento, na maior parte vertical, curvando-se para fora em dire\u00e7\u00e3o ao topo; o estigma \u00e9 pouco capitado. <\/p>\n\n\n\n<p class=\"wp-block-paragraph\">O fruto da c\u00e1psula \u00e9 amplamente ovoide, com 0,9-1,1 cent\u00edmetros de comprimento e 0,8-1 cent\u00edmetros de largura.<\/p>\n\n\n\n<p class=\"wp-block-paragraph\">As sementes s\u00e3o castanho-escuras, algo cil\u00edndricas, com 1-1,2 mil\u00edmetros de comprimento, com padr\u00f5es lineares pouco profundos em forma de favo de mel, sem ou quase sem sali\u00eancias em forma de quilha. O per\u00edodo de flora\u00e7\u00e3o \u00e9 de maio a junho, com frutifica\u00e7\u00e3o de julho a agosto.<\/p>\n\n\n\n<h2 class=\"wp-block-heading\">II. Origem e habitat<\/h2>\n\n\n\n<p class=\"wp-block-paragraph\">A hamam\u00e9lis desenvolve-se em encostas de montanha, prados, sob florestas e em arbustos ou espa\u00e7os abertos a altitudes at\u00e9 2.700 metros. \u00c9 um pouco resistente ao frio, fot\u00f3fila, tolera sombras parciais e n\u00e3o gosta de encharcamento. <\/p>\n\n\n\n<p class=\"wp-block-paragraph\">Prefere solos arenosos bem drenados, h\u00famidos e f\u00e9rteis. A hamam\u00e9lis tem uma forte adaptabilidade, requer luz solar moderada, \u00e9 relativamente tolerante ao frio, prefere solos h\u00famidos e cresce bem em solos argilosos.<\/p>\n\n\n\n<h2 class=\"wp-block-heading\">III. M\u00e9todos de propaga\u00e7\u00e3o<\/h2>\n\n\n\n<p class=\"wp-block-paragraph\">A hamam\u00e9lis pode ser propagada por divis\u00e3o, estacas ou sementes. Para a propaga\u00e7\u00e3o em grande escala, utiliza-se a cultura de tecidos.<\/p>\n\n\n\n<h3 class=\"wp-block-heading\">Semeadura<\/h3>\n\n\n\n<p class=\"wp-block-paragraph\">As sementes s\u00e3o colhidas dos frutos maduros em agosto ou setembro. Escolha plantas saud\u00e1veis de hamam\u00e9lis para a colheita e, depois de as c\u00e1psulas secarem, esfregue-as para libertar as sementes. Secar ao ar as sementes puras para as guardar num saco a baixas temperaturas. <\/p>\n\n\n\n<p class=\"wp-block-paragraph\">Antes de semear, mergulhar as sementes em \u00e1gua morna durante 1-2 dias pode melhorar significativamente as taxas de germina\u00e7\u00e3o. Preparar o solo com uma lavoura profunda e uma gradagem completa e aplicar fertilizante de base suficiente para formar camas planas com 1,0-1,5 metros de largura. <\/p>\n\n\n\n<p class=\"wp-block-paragraph\">A sementeira pode ser feita na primavera ou no outono, normalmente no final de mar\u00e7o ou no in\u00edcio de abril, num dia calmo. \u00c9 prefer\u00edvel que n\u00e3o chova forte durante 2-3 dias ap\u00f3s a sementeira. <\/p>\n\n\n\n<p class=\"wp-block-paragraph\">Tanto a sementeira a lan\u00e7o como a sementeira em linha s\u00e3o eficazes, cobrindo as sementes com cerca de 1 cm de solo. Cobrir a superf\u00edcie do canteiro com palha e regar. As pl\u00e2ntulas emergem ap\u00f3s 10 dias e est\u00e3o completamente germinadas ap\u00f3s cerca de 20 dias.<\/p>\n\n\n\n<h3 class=\"wp-block-heading\">Estacas<\/h3>\n\n\n\n<p class=\"wp-block-paragraph\">As estacas s\u00e3o geralmente colhidas na primavera ou no outono de ramos saud\u00e1veis com um a dois anos de idade, cortadas em comprimentos de 10-15 cm com um corte direito em cima e um corte inclinado em baixo, e tratadas com hormona de enraizamento. <\/p>\n\n\n\n<p class=\"wp-block-paragraph\">Regue bem a cama de sementes de hamam\u00e9lis, depois insira as estacas ap\u00f3s a drenagem da \u00e1gua, espa\u00e7ando-as 10 cm x 10 cm e enterrando-as a dois ter\u00e7os de profundidade. Os cuidados consistem em regar, soltar o solo e mondar.<\/p>\n\n\n\n<h3 class=\"wp-block-heading\">Divis\u00e3o<\/h3>\n\n\n\n<p class=\"wp-block-paragraph\">A divis\u00e3o \u00e9 normalmente efectuada na primavera ou no outono. \u00c9 importante manter um torr\u00e3o de terra para garantir o sucesso do transplante. <\/p>\n\n\n\n<p class=\"wp-block-paragraph\">Quando desenterrar as plantas para as dividir, embrulhar as ra\u00edzes em sacos de nylon ou plant\u00e1-las diretamente em vasos, tendo o cuidado de n\u00e3o danificar o sistema radicular. Escavar, embalar e transportar rapidamente, e regar regularmente para ajudar \u00e0 sobreviv\u00eancia.<\/p>\n\n\n\n<h3 class=\"wp-block-heading\">Cultura de tecidos<\/h3>\n\n\n\n<p class=\"wp-block-paragraph\"><strong>Cole\u00e7\u00e3o de materiais<\/strong><\/p>\n\n\n\n<p class=\"wp-block-paragraph\">Selecionar ramos jovens e tenros do ano em curso, lav\u00e1-los em \u00e1gua corrente e cort\u00e1-los em comprimentos de 3 cm. <\/p>\n\n\n\n<p class=\"wp-block-paragraph\">Limpar o excesso de \u00e1gua com papel de filtro e, em seguida, esterilizar os segmentos em \u00e1lcool 70% durante 20 segundos, seguido de tr\u00eas lavagens com \u00e1gua esterilizada. <\/p>\n\n\n\n<p class=\"wp-block-paragraph\">Agitar os segmentos numa solu\u00e7\u00e3o de cloreto de merc\u00fario 0,1% durante cinco minutos, enxaguar cinco vezes com \u00e1gua esterilizada e, em seguida, coloc\u00e1-los numa placa de Petri esterilizada com papel de filtro. <\/p>\n\n\n\n<p class=\"wp-block-paragraph\">Cortar os segmentos em comprimentos de 0,5-1,0 cm com um gomo e inocul\u00e1-los num meio de diferencia\u00e7\u00e3o para cultura.<\/p>\n\n\n\n<p class=\"wp-block-paragraph\"><strong>Indu\u00e7\u00e3o de bot\u00f5es<\/strong><\/p>\n\n\n\n<p class=\"wp-block-paragraph\">Ap\u00f3s 20 dias no meio de diferencia\u00e7\u00e3o, come\u00e7am a formar-se grupos de bot\u00f5es nos n\u00f3s, atingindo 1-2,5 cm de comprimento ap\u00f3s 30 dias. <\/p>\n\n\n\n<p class=\"wp-block-paragraph\">Cortar estes cachos e subcultiv\u00e1-los em segmentos de 1 cm num meio de prolifera\u00e7\u00e3o. Ap\u00f3s 40 dias, a altura m\u00e9dia das plantas \u00e9 de 3-4 cm, com um fator de multiplica\u00e7\u00e3o de 6 a 8 vezes.<\/p>\n\n\n\n<p class=\"wp-block-paragraph\"><strong>Enraizamento e transplante<\/strong><\/p>\n\n\n\n<p class=\"wp-block-paragraph\">Quando os rebentos de hamam\u00e9lis atingirem 2-3 cm de altura, corta-os e transfere-os para um meio de enraizamento. Ap\u00f3s duas semanas, cada planta tem tipicamente 3-5 ra\u00edzes, com uma taxa de sucesso de enraizamento de 99%. <\/p>\n\n\n\n<p class=\"wp-block-paragraph\">Aclimatizar as pl\u00e2ntulas enraizadas na estufa sem abrir os tubos de cultura durante cinco dias, depois abrir e aclimatizar durante mais dois dias. <\/p>\n\n\n\n<p class=\"wp-block-paragraph\">Ap\u00f3s a lavagem, mergulhe as pl\u00e2ntulas em \u00e1gua limpa durante 2-3 horas, depois transplante-as para uma mistura de vermiculite, areia de rio e solo florestal (5:1:3). <\/p>\n\n\n\n<p class=\"wp-block-paragraph\">Cobrir com filme pl\u00e1stico e rede de sombra para evitar a exposi\u00e7\u00e3o direta ao sol e manter uma humidade de cerca de 90%. Ap\u00f3s 10 dias, remover o filme; novas ra\u00edzes e folhas come\u00e7am a desenvolver-se, com uma taxa de sobreviv\u00eancia de 93,6%. <\/p>\n\n\n\n<p class=\"wp-block-paragraph\">Ap\u00f3s 20 dias, transferir as pl\u00e2ntulas sobreviventes para uma mistura de solo florestal e solo de jardim (1:1), espa\u00e7ados 10 cm x 15 cm. Monitorizar as condi\u00e7\u00f5es de \u00e1gua e luz e, ap\u00f3s 15 dias, a taxa de sobreviv\u00eancia deve atingir 98%. <\/p>\n\n\n\n<p class=\"wp-block-paragraph\">Quando os transplantes atingirem os 15-20 cm, transferi-los para o campo com uma bola de terra, regar bem e, ap\u00f3s uma semana de aclimata\u00e7\u00e3o, devem come\u00e7ar a crescer vigorosamente.<\/p>\n\n\n\n<h2 class=\"wp-block-heading\">IV. Gest\u00e3o da cultura<\/h2>\n\n\n\n<h3 class=\"wp-block-heading\">Escava\u00e7\u00e3o e transplanta\u00e7\u00e3o<\/h3>\n\n\n\n<p class=\"wp-block-paragraph\">No per\u00edodo compreendido entre o in\u00edcio de fevereiro e meados de mar\u00e7o, ap\u00f3s o degelo do solo mas antes da abertura dos bot\u00f5es, ou entre o final de outubro e meados de novembro, ap\u00f3s a queda da maior parte das folhas mas antes do congelamento do solo, \u00e9 ideal desenterrar as plantas. <\/p>\n\n\n\n<p class=\"wp-block-paragraph\">Escavar a raiz nua, tendo o cuidado de n\u00e3o danificar o sistema radicular. Efectue cortes suaves nas ra\u00edzes cortadas para evitar que se partam. <\/p>\n\n\n\n<p class=\"wp-block-paragraph\">Depois de escavar, \u00e9 melhor cobrir as ra\u00edzes com um saco de pl\u00e1stico, mergulh\u00e1-las num agente hidratante ou aplicar uma pasta de lama, o que ajuda a melhorar a taxa de sobreviv\u00eancia do transplante. <\/p>\n\n\n\n<p class=\"wp-block-paragraph\">Para o transporte a longa dist\u00e2ncia, \u00e9 prefer\u00edvel manter o torr\u00e3o intacto, garantir a seguran\u00e7a da embalagem e regar abundantemente. Envolver a copa com cordas de palha para reduzir os danos causados pela fric\u00e7\u00e3o e aumentar a taxa de sobreviv\u00eancia.<\/p>\n\n\n\n<p class=\"wp-block-paragraph\">As covas de cultivo devem ser preparadas com anteced\u00eancia. Logo que as pl\u00e2ntulas cheguem, devem ser imediatamente plantadas. <\/p>\n\n\n\n<p class=\"wp-block-paragraph\">O di\u00e2metro da cova deve ser 20-30 cm maior do que o di\u00e2metro do sistema radicular ou do torr\u00e3o para facilitar a expans\u00e3o das ra\u00edzes velhas e o crescimento das novas. <\/p>\n\n\n\n<p class=\"wp-block-paragraph\">O solo superficial e o subsolo extra\u00eddos da cova devem ser mantidos separados. Certifique-se de que o fundo da cova \u00e9 grande e plano. Se poss\u00edvel, aplique fertilizante org\u00e2nico no fundo e cubra-o com solo superficial.<\/p>\n\n\n\n<p class=\"wp-block-paragraph\">Antes da planta\u00e7\u00e3o, podar suavemente as ra\u00edzes para facilitar a cicatriza\u00e7\u00e3o. Durante a planta\u00e7\u00e3o, assegurar que o sistema radicular est\u00e1 espalhado, adicionar solo superficial em camadas e compactar para assegurar um contacto estreito entre as ra\u00edzes e o solo. <\/p>\n\n\n\n<p class=\"wp-block-paragraph\">Criar um aterro de solo \u00e0 volta da planta, regar abundantemente imediatamente ap\u00f3s a planta\u00e7\u00e3o, regar novamente em profundidade ap\u00f3s tr\u00eas dias e uma terceira vez ap\u00f3s uma semana para garantir um bom estabelecimento.<\/p>\n\n\n\n<h3 class=\"wp-block-heading\">Rega<\/h3>\n\n\n\n<p class=\"wp-block-paragraph\">Regar judiciosamente 2 a 3 vezes desde o in\u00edcio da abertura dos bot\u00f5es at\u00e9 \u00e0 flora\u00e7\u00e3o, com 2 a 3 regas suplementares durante os per\u00edodos de seca no ver\u00e3o. <\/p>\n\n\n\n<p class=\"wp-block-paragraph\">Durante a esta\u00e7\u00e3o das chuvas, assegurar uma drenagem adequada para evitar o encharcamento. Antes do inverno, regar as plantas para as proteger das geadas.<\/p>\n\n\n\n<h3 class=\"wp-block-heading\">Fertiliza\u00e7\u00e3o<\/h3>\n\n\n\n<p class=\"wp-block-paragraph\">Aplicar fertilizante org\u00e2nico bem maduro antes da planta\u00e7\u00e3o e, todos os Outonos, ap\u00f3s a queda das folhas, abrir uma vala \u00e0 volta da zona das ra\u00edzes e aplicar composto. <\/p>\n\n\n\n<p class=\"wp-block-paragraph\">Geralmente, n\u00e3o h\u00e1 necessidade de fertilizar durante a esta\u00e7\u00e3o de crescimento para evitar o crescimento excessivo e desca\u00eddo que pode prejudicar o aspeto ornamental.<\/p>\n\n\n\n<h3 class=\"wp-block-heading\">Monda<\/h3>\n\n\n\n<p class=\"wp-block-paragraph\">Para favorecer uma folhagem exuberante e uma flora\u00e7\u00e3o abundante, \u00e9 essencial proceder regularmente \u00e0 monda e ao cultivo do solo. Durante os per\u00edodos de seca e no pico do ver\u00e3o, solte o solo e mondar a cada 2-3 semanas. <\/p>\n\n\n\n<p class=\"wp-block-paragraph\">Ap\u00f3s a rega, solte rapidamente o solo para evitar a compacta\u00e7\u00e3o e melhorar o arejamento, o que beneficia o desenvolvimento das ra\u00edzes. Durante a esta\u00e7\u00e3o das chuvas, mondar de duas em duas semanas.<\/p>\n\n\n\n<h3 class=\"wp-block-heading\">Poda e modela\u00e7\u00e3o<\/h3>\n\n\n\n<p class=\"wp-block-paragraph\">Anualmente, no ver\u00e3o ou no inverno, proceda \u00e0 modela\u00e7\u00e3o e \u00e0 poda para remover os ramos demasiado crescidos, fracos e doentes, e apare os ramos compridos, se necess\u00e1rio. <\/p>\n\n\n\n<p class=\"wp-block-paragraph\">A poda ajuda a manter uma forma desej\u00e1vel e um crescimento vigoroso, assegurando um crescimento forte e saud\u00e1vel com flores abundantes, aumentando assim o valor ornamental.<\/p>\n\n\n\n<h2 class=\"wp-block-heading\">V. Controlo de pragas e doen\u00e7as<\/h2>\n\n\n\n<p class=\"wp-block-paragraph\">A hamam\u00e9lis \u00e9 relativamente resistente a pragas e doen\u00e7as, enfrentando principalmente infesta\u00e7\u00f5es de pulg\u00f5es. <\/p>\n\n\n\n<p class=\"wp-block-paragraph\">Os m\u00e9todos de controlo incluem a poda dos ramos afectados ou das folhas enroladas durante a poda de inverno e de ver\u00e3o, para eliminar os ovos invernantes e as fontes de infesta\u00e7\u00e3o; pulveriza\u00e7\u00e3o com emuls\u00e3o de \u00f3leo 5% ou emuls\u00e3o de gas\u00f3leo antes da abertura dos bot\u00f5es, no inverno ou no in\u00edcio da primavera, para matar os ovos invernantes; nas fases iniciais da infesta\u00e7\u00e3o, durante abril e maio, aplicar uma solu\u00e7\u00e3o 1000-1500 vezes dilu\u00edda de 40% Dimetoato CE, 2000 vezes dilu\u00edda de 20% Fenvalerato CE, 1500 vezes dilu\u00edda de 50% Metamidofos CE ou 3000 vezes dilu\u00edda de 2.5% Deltametrina EC; 2-3 aplica\u00e7\u00f5es devem proporcionar controlo; durante o per\u00edodo de pico de infesta\u00e7\u00e3o em maio e junho, aplicar insecticidas absorventes como o 40% Dimetoato ou o Fosfamid\u00e3o a uma dilui\u00e7\u00e3o de 10-20 vezes no tronco ou como um drench no solo para um controlo eficaz.<\/p>\n\n\n\n<h2 class=\"wp-block-heading\">VI. Valores principais<\/h2>\n\n\n\n<h3 class=\"wp-block-heading\">Ornamental<\/h3>\n\n\n\n<p class=\"wp-block-paragraph\">A folhagem exuberante e as flores vibrantes da hamam\u00e9lis tornam-na ideal para canteiros de flores, bem como para planta\u00e7\u00f5es em massa ou em grupo ao longo de relvados, bordaduras ou caminhos. <\/p>\n\n\n\n<p class=\"wp-block-paragraph\">As suas flores grandes e atraentes, de cor amarela dourada, s\u00e3o vistosas e florescem durante um per\u00edodo prolongado de at\u00e9 10 meses, tornando-o um arbusto ornamental selvagem muito apreciado. <\/p>\n\n\n\n<p class=\"wp-block-paragraph\">Adequada para a planta\u00e7\u00e3o em p\u00e1tios, jardins ornamentais, bermas de estradas e relvados, pode tamb\u00e9m ser disposta em jardins especializados e caminhos floridos, cultivada em vasos para exposi\u00e7\u00e3o ou utilizada como flor de corte. \u00c9 um excelente material para a ecologia urbana nas regi\u00f5es ocidentais.<\/p>\n\n\n\n<h3 class=\"wp-block-heading\">Medicinal<\/h3>\n\n\n\n<p class=\"wp-block-paragraph\">A hamam\u00e9lis, com o seu sabor amargo e pungente e as suas propriedades frias, \u00e9 utilizada pelos seus efeitos de limpeza do calor, de dissipa\u00e7\u00e3o da humidade, de desintoxica\u00e7\u00e3o e de apaziguamento do f\u00edgado. <\/p>\n\n\n\n<p class=\"wp-block-paragraph\">Pode ser utilizado para tratar sintomas como o s\u00edndroma da linfa h\u00famida (infe\u00e7\u00e3o do trato urin\u00e1rio), hepatite, constipa\u00e7\u00f5es, amigdalite, dores musculares e \u00f3sseas e ferimentos causados por quedas e pancadas.<\/p>\n\n\n\n<h2 class=\"wp-block-heading\">VII. Cultura de plantas<\/h2>\n\n\n\n<p class=\"wp-block-paragraph\">O <a class=\"wpil_keyword_link\" href=\"https:\/\/flowerslib.com\/pt\/linguagem-das-flores\/\"   title=\"linguagem das flores\" data-wpil-keyword-link=\"linked\">linguagem das flores<\/a> de hamam\u00e9lis representa a tristeza.<\/p>","protected":false},"excerpt":{"rendered":"<p>The Hypericum patulum is a clump-forming shrub belonging to the Hypericaceae family. The plant is glabrous, with vertically fluted branches in shades of brown or reddish-brown. Its leaves are oppositely arranged and vary in shape from ovate to lanceolate; inflorescences are corymb-like or solitary. The sepals are broad, ovate to round, and remain erect during [&hellip;]<\/p>\n","protected":false},"author":1,"featured_media":15387,"comment_status":"open","ping_status":"open","sticky":false,"template":"","format":"standard","meta":{"_breakdance_hide_in_design_set":false,"_breakdance_tags":"","footnotes":""},"categories":[20],"tags":[],"class_list":["post-14051","post","type-post","status-publish","format-standard","has-post-thumbnail","hentry","category-species-and-types"],"_links":{"self":[{"href":"https:\/\/flowerslib.com\/pt\/wp-json\/wp\/v2\/posts\/14051","targetHints":{"allow":["GET"]}}],"collection":[{"href":"https:\/\/flowerslib.com\/pt\/wp-json\/wp\/v2\/posts"}],"about":[{"href":"https:\/\/flowerslib.com\/pt\/wp-json\/wp\/v2\/types\/post"}],"author":[{"embeddable":true,"href":"https:\/\/flowerslib.com\/pt\/wp-json\/wp\/v2\/users\/1"}],"replies":[{"embeddable":true,"href":"https:\/\/flowerslib.com\/pt\/wp-json\/wp\/v2\/comments?post=14051"}],"version-history":[{"count":0,"href":"https:\/\/flowerslib.com\/pt\/wp-json\/wp\/v2\/posts\/14051\/revisions"}],"wp:featuredmedia":[{"embeddable":true,"href":"https:\/\/flowerslib.com\/pt\/wp-json\/wp\/v2\/media\/15387"}],"wp:attachment":[{"href":"https:\/\/flowerslib.com\/pt\/wp-json\/wp\/v2\/media?parent=14051"}],"wp:term":[{"taxonomy":"category","embeddable":true,"href":"https:\/\/flowerslib.com\/pt\/wp-json\/wp\/v2\/categories?post=14051"},{"taxonomy":"post_tag","embeddable":true,"href":"https:\/\/flowerslib.com\/pt\/wp-json\/wp\/v2\/tags?post=14051"}],"curies":[{"name":"wp","href":"https:\/\/api.w.org\/{rel}","templated":true}]}}