{"id":14049,"date":"2023-12-11T21:48:31","date_gmt":"2023-12-11T13:48:31","guid":{"rendered":"https:\/\/flowerslib.com\/?p=14049"},"modified":"2023-12-11T21:48:32","modified_gmt":"2023-12-11T13:48:32","slug":"iris-wilsonii","status":"publish","type":"post","link":"https:\/\/flowerslib.com\/pt\/iris-wilsonii\/","title":{"rendered":"Maravilhas de Iris wilsonii: Explorando a morfologia, o crescimento e a distribui\u00e7\u00e3o"},"content":{"rendered":"<p class=\"wp-block-paragraph\">A Iris wilsonii \u00e9 uma planta herb\u00e1cea perene com restos fibrosos de folhas velhas na sua base. O seu rizoma \u00e9 espesso e inclinado, com ra\u00edzes esparsas, branco-amareladas, com riscas horizontais enrugadas. <\/p>\n\n\n\n<p class=\"wp-block-paragraph\">As folhas s\u00e3o basais, cinzento-esverdeadas, com forma de cinta larga, com 3 a 5 nervuras longitudinais indistintas. <\/p>\n\n\n\n<p class=\"wp-block-paragraph\">O caule da flor \u00e9 oco, atingindo uma altura de 50-60 cent\u00edmetros, e tem 1 a 2 folhas do caule; h\u00e1 tr\u00eas esp\u00e1tulas verdes, semelhantes a erva, lanceoladas, cada uma contendo duas flores. <\/p>\n\n\n\n<p class=\"wp-block-paragraph\">As flores s\u00e3o amarelas, com 6-7 cent\u00edmetros de di\u00e2metro, sendo as t\u00e9palas exteriores invertidas e ovadas, marcadas com riscas e manchas castanho-p\u00farpura e uma garra estreita em forma de cunha. <\/p>\n\n\n\n<p class=\"wp-block-paragraph\"><\/p>\n\n\n<div class=\"wp-block-image\">\n<figure class=\"aligncenter size-full\"><img loading=\"lazy\" decoding=\"async\" width=\"1200\" height=\"800\" src=\"https:\/\/flowerslib.com\/wp-content\/uploads\/2023\/12\/3-55.jpg\" alt=\"Iris wilsonii\" class=\"wp-image-15391\" srcset=\"https:\/\/flowerslib.com\/wp-content\/uploads\/2023\/12\/3-55.jpg 1200w, https:\/\/flowerslib.com\/wp-content\/uploads\/2023\/12\/3-55-600x400.jpg 600w, https:\/\/flowerslib.com\/wp-content\/uploads\/2023\/12\/3-55-768x512.jpg 768w, https:\/\/flowerslib.com\/wp-content\/uploads\/2023\/12\/3-55-240x160.jpg 240w\" sizes=\"auto, (max-width: 1200px) 100vw, 1200px\" \/><\/figure>\n<\/div>\n\n\n<p class=\"wp-block-paragraph\"><\/p>\n\n\n\n<p class=\"wp-block-paragraph\">As t\u00e9palas interiores s\u00e3o lanceoladas invertidas e tendem a inclinar-se para fora quando a flor est\u00e1 em plena flora\u00e7\u00e3o. A c\u00e1psula tem uma forma colunar el\u00edptica com seis nervuras distintas e um topo sem bico; as sementes s\u00e3o acastanhadas, achatadas e semicirculares. <\/p>\n\n\n\n<p class=\"wp-block-paragraph\">A \u00e9poca de flora\u00e7\u00e3o decorre de maio a junho e a frutifica\u00e7\u00e3o de julho a agosto. Esta planta encontra-se nas encostas relvadas, nas orlas das florestas e nas zonas h\u00famidas junto aos rios e valas. \u00c9 cultivada pelo seu importante valor hort\u00edcola.<\/p>\n\n\n\n<h2 class=\"wp-block-heading\">I. Carater\u00edsticas morfol\u00f3gicas<\/h2>\n\n\n\n<p class=\"wp-block-paragraph\"><\/p>\n\n\n<div class=\"wp-block-image\">\n<figure class=\"aligncenter size-full\"><img loading=\"lazy\" decoding=\"async\" width=\"1200\" height=\"800\" src=\"https:\/\/flowerslib.com\/wp-content\/uploads\/2023\/12\/2-57.jpg\" alt=\"Iris wilsonii\" class=\"wp-image-15392\" srcset=\"https:\/\/flowerslib.com\/wp-content\/uploads\/2023\/12\/2-57.jpg 1200w, https:\/\/flowerslib.com\/wp-content\/uploads\/2023\/12\/2-57-600x400.jpg 600w, https:\/\/flowerslib.com\/wp-content\/uploads\/2023\/12\/2-57-768x512.jpg 768w, https:\/\/flowerslib.com\/wp-content\/uploads\/2023\/12\/2-57-240x160.jpg 240w\" sizes=\"auto, (max-width: 1200px) 100vw, 1200px\" \/><\/figure>\n<\/div>\n\n\n<p class=\"wp-block-paragraph\"><\/p>\n\n\n\n<p class=\"wp-block-paragraph\">A \u00cdris de Wilson \u00e9 uma erva perene com restos fibrosos de folhas velhas na sua base. O rizoma \u00e9 robusto e inclina-se para fora, com ra\u00edzes pouco ramificadas, branco-amareladas, que apresentam rugas horizontais apertadas. <\/p>\n\n\n\n<p class=\"wp-block-paragraph\">As folhas basais s\u00e3o cinzento-esverdeadas, largas e em forma de cinta, medindo 25-55 cent\u00edmetros de comprimento e 5-8 mil\u00edmetros de largura, afinando para uma ponta pontiaguda com 3 a 5 veias t\u00e9nues.<\/p>\n\n\n\n<p class=\"wp-block-paragraph\">O caule da flor \u00e9 oco, com 50-60 cent\u00edmetros de altura, com 1 a 2 folhas que crescem no caule; h\u00e1 tr\u00eas esp\u00e1tulas verdes, semelhantes a erva, lanceoladas, medindo 6-9 (16) cent\u00edmetros de comprimento e 0,8-1 cent\u00edmetro de largura, afinando para uma ponta pontiaguda com uma nervura central proeminente e encerrando duas flores. <\/p>\n\n\n\n<p class=\"wp-block-paragraph\"><\/p>\n\n\n<div class=\"wp-block-image\">\n<figure class=\"aligncenter size-full\"><img loading=\"lazy\" decoding=\"async\" width=\"1200\" height=\"800\" src=\"https:\/\/flowerslib.com\/wp-content\/uploads\/2023\/12\/1-65.jpg\" alt=\"Iris wilsonii\" class=\"wp-image-15393\" srcset=\"https:\/\/flowerslib.com\/wp-content\/uploads\/2023\/12\/1-65.jpg 1200w, https:\/\/flowerslib.com\/wp-content\/uploads\/2023\/12\/1-65-600x400.jpg 600w, https:\/\/flowerslib.com\/wp-content\/uploads\/2023\/12\/1-65-768x512.jpg 768w, https:\/\/flowerslib.com\/wp-content\/uploads\/2023\/12\/1-65-240x160.jpg 240w\" sizes=\"auto, (max-width: 1200px) 100vw, 1200px\" \/><\/figure>\n<\/div>\n\n\n<p class=\"wp-block-paragraph\"><\/p>\n\n\n\n<p class=\"wp-block-paragraph\">As flores amarelas t\u00eam um di\u00e2metro de 6-7 cent\u00edmetros; os pedicelos s\u00e3o delgados, variando de 3-11 cent\u00edmetros de comprimento; o tubo do perianto tem 0,5-1,2 cent\u00edmetros de comprimento. <\/p>\n\n\n\n<p class=\"wp-block-paragraph\">As t\u00e9palas exteriores s\u00e3o ovais invertidas, com 6-6,5 cent\u00edmetros de comprimento e cerca de 1,5 cent\u00edmetros de largura, com riscas e manchas castanho-p\u00farpura, uma garra estreita em forma de cunha e sali\u00eancias auriculadas castanho-p\u00farpura ao longo dos bordos. <\/p>\n\n\n\n<p class=\"wp-block-paragraph\">As t\u00e9palas internas s\u00e3o lanceoladas invertidas, com 4,5-5 cent\u00edmetros de comprimento, cerca de 7 mil\u00edmetros de largura, inclinadas para fora no pico da flora\u00e7\u00e3o. Os estames t\u00eam aproximadamente 3,5 cent\u00edmetros de comprimento, com as anteras quase do mesmo comprimento que os filamentos. <\/p>\n\n\n\n<p class=\"wp-block-paragraph\">Os ramos do estilete, de cor amarela profunda, t\u00eam 4,5-6 cent\u00edmetros de comprimento, sendo os l\u00f3bulos terminais rombos, triangulares ou semicirculares, com denti\u00e7\u00e3o esparsa, e o ov\u00e1rio \u00e9 verde, com 1,2-1,8 cent\u00edmetros de comprimento.<\/p>\n\n\n\n<p class=\"wp-block-paragraph\">A c\u00e1psula \u00e9 el\u00edptica e colunar, medindo 3-4 cent\u00edmetros de comprimento e 1,5-2 cent\u00edmetros de di\u00e2metro, com seis nervuras proeminentes, sem bico no topo e dividindo-se do topo para o meio quando madura. <\/p>\n\n\n\n<p class=\"wp-block-paragraph\">As sementes s\u00e3o acastanhadas, achatadas e semicirculares. O per\u00edodo de flora\u00e7\u00e3o \u00e9 de maio a junho e o per\u00edodo de frutifica\u00e7\u00e3o de julho a agosto.<\/p>\n\n\n\n<h2 class=\"wp-block-heading\">II. Gama de distribui\u00e7\u00e3o<\/h2>\n\n\n\n<p class=\"wp-block-paragraph\">A \u00edris-de-wilson cresce em encostas com ervas, orlas de florestas e zonas h\u00famidas perto de rios e valas.<\/p>\n\n\n\n<h2 class=\"wp-block-heading\">III. Ambiente de crescimento<\/h2>\n\n\n\n<p class=\"wp-block-paragraph\">Na natureza, a \u00edris prospera na orla de arbustos, em encostas ensolaradas, margens de florestas e zonas h\u00famidas perto de \u00e1gua. Prefere um ambiente h\u00famido, mas bem drenado, com solo franco-arenoso ou ligeiramente argiloso, rico em h\u00famus. <\/p>\n\n\n\n<p class=\"wp-block-paragraph\">Tem uma certa toler\u00e2ncia \u00e0 salinidade e pode crescer normalmente em solos ligeiramente salino-alcalinos com um pH de 8,7 e um teor de sal de 0,2%. <\/p>\n\n\n\n<p class=\"wp-block-paragraph\">Prefere a luz solar mas tamb\u00e9m tolera bem a sombra, crescendo normalmente em zonas semi-sombreadas. Gosta de um clima fresco e tem uma forte resist\u00eancia ao frio.<\/p>\n\n\n\n<h2 class=\"wp-block-heading\">IV. Crescimento e propaga\u00e7\u00e3o<\/h2>\n\n\n\n<h3 class=\"wp-block-heading\">Divis\u00e3o<\/h3>\n\n\n\n<p class=\"wp-block-paragraph\">A propaga\u00e7\u00e3o por divis\u00e3o \u00e9 geralmente efectuada a cada 2 a 4 anos, idealmente na primavera, no outono ou ap\u00f3s a flora\u00e7\u00e3o. <\/p>\n\n\n\n<p class=\"wp-block-paragraph\">No caso das \u00edris, esta opera\u00e7\u00e3o deve ser efectuada ap\u00f3s a flora\u00e7\u00e3o (evitando a esta\u00e7\u00e3o das chuvas) para que, no inverno, os bot\u00f5es florais estejam suficientemente diferenciados, permitindo a flora\u00e7\u00e3o no ano seguinte. <\/p>\n\n\n\n<p class=\"wp-block-paragraph\">Quando se dividem os rizomas, \u00e9 prefer\u00edvel ter grupos de 3 a 4 bot\u00f5es. Uma divis\u00e3o demasiado fina pode afetar negativamente a flora\u00e7\u00e3o no ano seguinte. Durante a divis\u00e3o, apare as folhas da parte superior da planta, deixando cerca de 20 cm para a planta\u00e7\u00e3o. <\/p>\n\n\n\n<p class=\"wp-block-paragraph\">A maioria das variedades de \u00edris prefere ser plantada a pouca profundidade. O espa\u00e7amento varia consoante a esp\u00e9cie, com os tipos robustos a terem cerca de 20\u00d720 polegadas, enquanto as variedades normais t\u00eam geralmente cerca de 8\u00d78 polegadas.<\/p>\n\n\n\n<h3 class=\"wp-block-heading\">Semeadura<\/h3>\n\n\n\n<p class=\"wp-block-paragraph\">Se a propaga\u00e7\u00e3o for feita por semente, deve ser efectuada imediatamente ap\u00f3s a matura\u00e7\u00e3o das sementes, uma vez que facilita a germina\u00e7\u00e3o e as flores podem florescer dentro de 2 a 3 anos.<\/p>\n\n\n\n<h3 class=\"wp-block-heading\">Planta\u00e7\u00e3o de bolbos<\/h3>\n\n\n\n<p class=\"wp-block-paragraph\">Ap\u00f3s um ano de planta\u00e7\u00e3o e de flora\u00e7\u00e3o, um \u00fanico bolbo esgota os seus nutrientes e produz novas ra\u00edzes. \u00c0 volta do novo bolbo, formam-se muitos bolbos que, ap\u00f3s 1 a 2 anos de planta\u00e7\u00e3o, podem desenvolver-se em bolbos floridos. <\/p>\n\n\n\n<p class=\"wp-block-paragraph\">Os especialistas mundiais em planta\u00e7\u00e3o de flores cultivaram diferentes partes de \u00edris bolbosas, tais como bot\u00f5es axilares, cormos, placas de caule e caules de flores, atrav\u00e9s da cultura de tecidos. <\/p>\n\n\n\n<p class=\"wp-block-paragraph\">Esta t\u00e9cnica gera novos rebentos, proporcionando um novo m\u00e9todo para acelerar a propaga\u00e7\u00e3o e cultivar bolbos-m\u00e3e robustos e isentos de doen\u00e7as.<\/p>\n\n\n\n<h2 class=\"wp-block-heading\">V. Controlo das doen\u00e7as e das pragas<\/h2>\n\n\n\n<h3 class=\"wp-block-heading\">Podrid\u00e3o branca<\/h3>\n\n\n\n<p class=\"wp-block-paragraph\">A podrid\u00e3o branca \u00e9 uma doen\u00e7a comum que afecta principalmente os caules ou as bases das folhas da planta e, em casos graves, pode levar \u00e0 morte de toda a planta. <\/p>\n\n\n\n<p class=\"wp-block-paragraph\">Desenvolve-se em condi\u00e7\u00f5es de elevada humidade e temperatura, especialmente em solos pobres e compactados. Os m\u00e9todos de controlo incluem a rota\u00e7\u00e3o de culturas durante per\u00edodos superiores a 4 anos, ventila\u00e7\u00e3o adequada e evitar planta\u00e7\u00f5es demasiado densas. <\/p>\n\n\n\n<p class=\"wp-block-paragraph\">Antes do in\u00edcio da doen\u00e7a, pulverizar regularmente com uma solu\u00e7\u00e3o dilu\u00edda a 500 vezes de 50% carbendazim ou 50% tolclofos-metilo em p\u00f3 molh\u00e1vel.<\/p>\n\n\n\n<h3 class=\"wp-block-heading\">Queimadura das folhas<\/h3>\n\n\n\n<p class=\"wp-block-paragraph\">A queima das folhas \u00e9 uma doen\u00e7a comum altamente infecciosa que afecta significativamente o crescimento das \u00edris. <\/p>\n\n\n\n<p class=\"wp-block-paragraph\">Os sintomas come\u00e7am normalmente nas pontas das folhas, sendo os sinais iniciais les\u00f5es cinzento-acastanhadas ou manchas secas, que progridem gradualmente em dire\u00e7\u00e3o \u00e0 base da folha, acabando por fazer com que toda a folha pare\u00e7a queimada com dep\u00f3sitos granulares negros. <\/p>\n\n\n\n<p class=\"wp-block-paragraph\">A doen\u00e7a propaga-se a partir de esporos que hibernam no solo ou em restos de plantas, transmitidos pela chuva, vento ou rega durante o in\u00edcio da primavera, podendo ocorrer durante toda a esta\u00e7\u00e3o de crescimento e atingindo o seu pico de junho a setembro. <\/p>\n\n\n\n<p class=\"wp-block-paragraph\">Os m\u00e9todos de controlo incluem uma quarentena rigorosa para evitar a introdu\u00e7\u00e3o de plantas doentes, a esteriliza\u00e7\u00e3o do solo e das plantas antes da planta\u00e7\u00e3o e o refor\u00e7o da manuten\u00e7\u00e3o de rotina para evitar o encharcamento. <\/p>\n\n\n\n<p class=\"wp-block-paragraph\">A remo\u00e7\u00e3o e elimina\u00e7\u00e3o precoce das folhas infectadas pode reduzir a propaga\u00e7\u00e3o. No inverno, apare e queime as folhas ca\u00eddas. <\/p>\n\n\n\n<p class=\"wp-block-paragraph\">Se ocorrer um surto, pulverizar alternadamente uma solu\u00e7\u00e3o dilu\u00edda a 800 vezes de clorotalonil 75% e uma solu\u00e7\u00e3o dilu\u00edda a 1500 vezes de p\u00f3 molh\u00e1vel de tiofanato-metilo 70%, aplicando 4 a 5 vezes com intervalos de 8 a 10 dias.<\/p>\n\n\n\n<h3 class=\"wp-block-heading\">Podrid\u00e3o basal<\/h3>\n\n\n\n<p class=\"wp-block-paragraph\">As plantas afectadas pela podrid\u00e3o basal sofrem um amolecimento na base das escamas dos bolbos, que adquirem depois uma cor cinzento-acastanhada. <\/p>\n\n\n\n<p class=\"wp-block-paragraph\">Esta \u00e9 coberta por uma subst\u00e2ncia branca, semelhante a um bolor, que acaba por conduzir a uma decomposi\u00e7\u00e3o completa. A doen\u00e7a \u00e9 causada principalmente pela infe\u00e7\u00e3o por esporos, sendo que as temperaturas mais elevadas aceleram o seu desenvolvimento e propaga\u00e7\u00e3o. <\/p>\n\n\n\n<p class=\"wp-block-paragraph\"><strong>Os m\u00e9todos de controlo incluem: <\/strong><\/p>\n\n\n\n<ul class=\"wp-block-list\">\n<li>Desinfe\u00e7\u00e3o dos bolbos com clorotalonil ou metalaxil; <\/li>\n\n\n\n<li>Esterilizar o solo com vapor ou trat\u00e1-lo com brometo de pot\u00e1ssio; <\/li>\n\n\n\n<li>Implementa\u00e7\u00e3o da rota\u00e7\u00e3o de culturas com glad\u00edolo e fr\u00e9sia.<\/li>\n<\/ul>\n\n\n\n<h2 class=\"wp-block-heading\">VI. Valor principal<\/h2>\n\n\n\n<h3 class=\"wp-block-heading\">Ornamental<\/h3>\n\n\n\n<p class=\"wp-block-paragraph\">A \u00edris amarela, com as suas folhas verdes em forma de espada e flores brilhantemente grandes, assemelha-se a um grupo de andorinhas em voo, oferecendo um espet\u00e1culo incompar\u00e1vel e encantador. <\/p>\n\n\n\n<p class=\"wp-block-paragraph\">D\u00e1 interesse aos jardins quando disposta nas margens de lagos, rios ou zonas de \u00e1guas pouco profundas, oferecendo uma beleza tanto foliar como floral. Acentuando as margens da \u00e1gua com pedras ou rochas, destaca-se com uma gra\u00e7a natural elegante e refrescante.<\/p>\n\n\n\n<h3 class=\"wp-block-heading\">Medicinal<\/h3>\n\n\n\n<p class=\"wp-block-paragraph\">Rizomas: Utilizado para tratar dores de garganta e incha\u00e7os.<\/p>","protected":false},"excerpt":{"rendered":"<p>The Iris wilsonii is a perennial herbaceous plant with fibrous remnants of old leaves at its base. Its rhizome is thick and slanted, with sparse, yellowish-white roots that have wrinkled horizontal stripes. The leaves are basal, grey-green, and broadly strap-shaped, featuring 3 to 5 indistinct longitudinal veins. The flower stem is hollow, reaching heights of [&hellip;]<\/p>\n","protected":false},"author":1,"featured_media":15390,"comment_status":"open","ping_status":"open","sticky":false,"template":"","format":"standard","meta":{"_breakdance_hide_in_design_set":false,"_breakdance_tags":"","footnotes":""},"categories":[20],"tags":[],"class_list":["post-14049","post","type-post","status-publish","format-standard","has-post-thumbnail","hentry","category-species-and-types"],"_links":{"self":[{"href":"https:\/\/flowerslib.com\/pt\/wp-json\/wp\/v2\/posts\/14049","targetHints":{"allow":["GET"]}}],"collection":[{"href":"https:\/\/flowerslib.com\/pt\/wp-json\/wp\/v2\/posts"}],"about":[{"href":"https:\/\/flowerslib.com\/pt\/wp-json\/wp\/v2\/types\/post"}],"author":[{"embeddable":true,"href":"https:\/\/flowerslib.com\/pt\/wp-json\/wp\/v2\/users\/1"}],"replies":[{"embeddable":true,"href":"https:\/\/flowerslib.com\/pt\/wp-json\/wp\/v2\/comments?post=14049"}],"version-history":[{"count":0,"href":"https:\/\/flowerslib.com\/pt\/wp-json\/wp\/v2\/posts\/14049\/revisions"}],"wp:featuredmedia":[{"embeddable":true,"href":"https:\/\/flowerslib.com\/pt\/wp-json\/wp\/v2\/media\/15390"}],"wp:attachment":[{"href":"https:\/\/flowerslib.com\/pt\/wp-json\/wp\/v2\/media?parent=14049"}],"wp:term":[{"taxonomy":"category","embeddable":true,"href":"https:\/\/flowerslib.com\/pt\/wp-json\/wp\/v2\/categories?post=14049"},{"taxonomy":"post_tag","embeddable":true,"href":"https:\/\/flowerslib.com\/pt\/wp-json\/wp\/v2\/tags?post=14049"}],"curies":[{"name":"wp","href":"https:\/\/api.w.org\/{rel}","templated":true}]}}