{"id":14028,"date":"2024-08-02T17:06:24","date_gmt":"2024-08-02T09:06:24","guid":{"rendered":"https:\/\/flowerslib.com\/?p=14028"},"modified":"2024-08-02T17:06:26","modified_gmt":"2024-08-02T09:06:26","slug":"fagraea-ceilanica","status":"publish","type":"post","link":"https:\/\/flowerslib.com\/pt\/fagraea-ceilanica\/","title":{"rendered":"Fagraea Ceylanica: Um guia completo de cultivo e cuidados"},"content":{"rendered":"<p class=\"wp-block-paragraph\">A Fagraea ceylanica, tamb\u00e9m conhecida como Pau-ferro do Ceil\u00e3o ou Alfeneiro-gigante-indiano, \u00e9 uma \u00e1rvore ou arbusto de folha perene pertencente \u00e0 fam\u00edlia das Gentian\u00e1ceas. Apresenta uma casca cinzenta e ramos robustos e cil\u00edndricos.<\/p>\n\n\n\n<p class=\"wp-block-paragraph\">Esta planta glabra tem folhas algo suculentas que s\u00e3o acuminadas no \u00e1pice e cuneadas a amplamente cuneadas na base. As folhas s\u00e3o de um verde profundo com uma nervura central achatada e veias ligeiramente salientes na parte inferior.<\/p>\n\n\n\n<p class=\"wp-block-paragraph\">Os caules das folhas apresentam escamas axilares formadas por est\u00edpulas. As flores s\u00e3o solit\u00e1rias ou agrupadas em cimeiras terminais, dichasiais; a corola \u00e9 afunilada e branca, exalando um odor perfumado. As anteras t\u00eam uma forma oblonga a ovada.<\/p>\n\n\n\n<p class=\"wp-block-paragraph\"><\/p>\n\n\n<div class=\"wp-block-image\">\n<figure class=\"aligncenter size-full\"><img loading=\"lazy\" decoding=\"async\" width=\"1200\" height=\"800\" src=\"https:\/\/flowerslib.com\/wp-content\/uploads\/2023\/12\/6-32.jpg\" alt=\"Fagraea ceilanica\" class=\"wp-image-15431\" srcset=\"https:\/\/flowerslib.com\/wp-content\/uploads\/2023\/12\/6-32.jpg 1200w, https:\/\/flowerslib.com\/wp-content\/uploads\/2023\/12\/6-32-600x400.jpg 600w, https:\/\/flowerslib.com\/wp-content\/uploads\/2023\/12\/6-32-768x512.jpg 768w, https:\/\/flowerslib.com\/wp-content\/uploads\/2023\/12\/6-32-240x160.jpg 240w\" sizes=\"auto, (max-width: 1200px) 100vw, 1200px\" \/><\/figure>\n<\/div>\n\n\n<p class=\"wp-block-paragraph\"><\/p>\n\n\n\n<p class=\"wp-block-paragraph\">O ov\u00e1rio \u00e9 el\u00edptico ou ovado, conduzindo a um estilete delgado e a um estigma obc\u00f3nico ou ligeiramente peltado. O fruto \u00e9 uma baga ovoide ou quase esf\u00e9rica, verde-clara, com um c\u00e1lice persistente na base e com um \u00e1pice apiculado.<\/p>\n\n\n\n<p class=\"wp-block-paragraph\">A flora\u00e7\u00e3o ocorre de abril a agosto e o per\u00edodo de frutifica\u00e7\u00e3o estende-se de julho a mar\u00e7o seguinte. Com as suas flores grandes e arom\u00e1ticas e a sua folhagem sempre verde e exuberante, a Fagraea ceylanica \u00e9 uma excelente escolha para jardins e para ornamenta\u00e7\u00e3o de interiores.<\/p>\n\n\n\n<p class=\"wp-block-paragraph\">Tem uma forte capacidade de resist\u00eancia \u00e0 polui\u00e7\u00e3o e \u00e9 ideal para cinturas verdes ao longo de estradas, corredores urbanos, orlas florestais e como elemento distintivo da paisagem.<\/p>\n\n\n\n<h2 class=\"wp-block-heading\">I. Carater\u00edsticas morfol\u00f3gicas<\/h2>\n\n\n\n<p class=\"wp-block-paragraph\"><\/p>\n\n\n<div class=\"wp-block-image\">\n<figure class=\"aligncenter size-full\"><img loading=\"lazy\" decoding=\"async\" width=\"1200\" height=\"800\" src=\"https:\/\/flowerslib.com\/wp-content\/uploads\/2023\/12\/7-26.jpg\" alt=\"Fagraea ceilanica\" class=\"wp-image-15432\" srcset=\"https:\/\/flowerslib.com\/wp-content\/uploads\/2023\/12\/7-26.jpg 1200w, https:\/\/flowerslib.com\/wp-content\/uploads\/2023\/12\/7-26-600x400.jpg 600w, https:\/\/flowerslib.com\/wp-content\/uploads\/2023\/12\/7-26-768x512.jpg 768w, https:\/\/flowerslib.com\/wp-content\/uploads\/2023\/12\/7-26-240x160.jpg 240w\" sizes=\"auto, (max-width: 1200px) 100vw, 1200px\" \/><\/figure>\n<\/div>\n\n\n<p class=\"wp-block-paragraph\"><\/p>\n\n\n\n<p class=\"wp-block-paragraph\">A \u00e1rvore pode crescer at\u00e9 15 metros de altura e, ocasionalmente, apresenta-se como um arbusto trepador quando apoiado noutras \u00e1rvores. A sua casca \u00e9 cinzenta. Os ramos s\u00e3o grossos e cil\u00edndricos, sendo que os mais velhos apresentam cicatrizes proeminentes nas folhas e est\u00edpulas. A planta inteira \u00e9 glabra.<\/p>\n\n\n\n<p class=\"wp-block-paragraph\">As folhas s\u00e3o algo suculentas, tornando-se cori\u00e1ceas ou subcori\u00e1ceas quando secas. Apresentam formas variadas: el\u00edpticas, ovadas, obovadas ou oblongas, por vezes oblongo-lanceoladas, medindo 5-25 cent\u00edmetros de comprimento e 2-10 cent\u00edmetros de largura.<\/p>\n\n\n\n<p class=\"wp-block-paragraph\">As folhas s\u00e3o verde-escuras, tornando-se amarelo-esverdeadas quando secas; t\u00eam uma nervura central achatada e nervuras secund\u00e1rias ligeiramente salientes na face inferior com 4-8 pares de nervuras laterais, embora estas n\u00e3o sejam muito proeminentes.<\/p>\n\n\n\n<p class=\"wp-block-paragraph\"><\/p>\n\n\n<div class=\"wp-block-image\">\n<figure class=\"aligncenter size-full\"><img loading=\"lazy\" decoding=\"async\" width=\"1200\" height=\"800\" src=\"https:\/\/flowerslib.com\/wp-content\/uploads\/2023\/12\/5-42.jpg\" alt=\"Fagraea ceilanica\" class=\"wp-image-15433\" srcset=\"https:\/\/flowerslib.com\/wp-content\/uploads\/2023\/12\/5-42.jpg 1200w, https:\/\/flowerslib.com\/wp-content\/uploads\/2023\/12\/5-42-600x400.jpg 600w, https:\/\/flowerslib.com\/wp-content\/uploads\/2023\/12\/5-42-768x512.jpg 768w, https:\/\/flowerslib.com\/wp-content\/uploads\/2023\/12\/5-42-240x160.jpg 240w\" sizes=\"auto, (max-width: 1200px) 100vw, 1200px\" \/><\/figure>\n<\/div>\n\n\n<p class=\"wp-block-paragraph\"><\/p>\n\n\n\n<p class=\"wp-block-paragraph\">Os pec\u00edolos t\u00eam 1-5 cent\u00edmetros de comprimento, com escamas axilares na base formadas por est\u00edpulas, com cerca de 1 mil\u00edmetro de comprimento e 4 mil\u00edmetros de largura, muitas vezes parcialmente adnadas ao pec\u00edolo.<\/p>\n\n\n\n<p class=\"wp-block-paragraph\">As flores s\u00e3o solit\u00e1rias ou formam cimas dichasiais terminais. Os ped\u00fanculos s\u00e3o curtos e robustos, com br\u00e1cteas lanceoladas na base, com cerca de 4 mil\u00edmetros de comprimento; os pedicelos s\u00e3o robustos, at\u00e9 1 cent\u00edmetro de comprimento, com duas bract\u00e9olas ovadas largas na parte superior.<\/p>\n\n\n\n<p class=\"wp-block-paragraph\">O c\u00e1lice \u00e9 verde, carnoso, tornando-se cori\u00e1ceo quando seco, com 1,5-2 cent\u00edmetros de comprimento, com l\u00f3bulos ovados a orbiculares com cerca de 1 cent\u00edmetro de comprimento e margens escamosas. A corola \u00e9 em forma de funil, com cerca de 5 cent\u00edmetros de comprimento, membranosa mas ligeiramente carnuda, branca e perfumada.<\/p>\n\n\n\n<p class=\"wp-block-paragraph\">O tubo da corola tem 3-3,5 cent\u00edmetros de comprimento, dilatando-se no \u00e1pice com l\u00f3bulos obovados que se espalham, com 2,5-3 cent\u00edmetros de comprimento e at\u00e9 2 cent\u00edmetros de largura, com vena\u00e7\u00e3o elevada no topo.<\/p>\n\n\n\n<p class=\"wp-block-paragraph\">Os estames est\u00e3o inclu\u00eddos, com filamentos filiformes e anteras oblongas a ovadas, com 5-7 mil\u00edmetros de comprimento. O ov\u00e1rio \u00e9 elipsoide ou ovoide, com 5 mil\u00edmetros de comprimento, glabro, bilocular, com numerosos \u00f3vulos em cada l\u00f3culo.<\/p>\n\n\n\n<p class=\"wp-block-paragraph\">O estilete \u00e9 delgado, com um estigma obc\u00f3nico ou ligeiramente peltado.<\/p>\n\n\n\n<p class=\"wp-block-paragraph\">A baga \u00e9 ovoide ou subglobosa, com 3-5 cent\u00edmetros de comprimento, 2-4 cent\u00edmetros de di\u00e2metro, verde-claro brilhante com um c\u00e1lice persistente na base e um \u00e1pice apiculado.<\/p>\n\n\n\n<p class=\"wp-block-paragraph\">As sementes s\u00e3o elipsoides a reniformes, com 3 a 4 mil\u00edmetros de comprimento, embebidas na polpa do fruto. O n\u00famero b\u00e1sico de cromossomas \u00e9 x=11. O per\u00edodo de flora\u00e7\u00e3o \u00e9 de abril a agosto e o per\u00edodo de frutifica\u00e7\u00e3o \u00e9 de julho a mar\u00e7o seguinte.<\/p>\n\n\n\n<h2 class=\"wp-block-heading\">II. Ambiente de crescimento<\/h2>\n\n\n\n<p class=\"wp-block-paragraph\">A planta desenvolve-se em florestas montanhosas densas e florestas de folha larga em zonas calc\u00e1rias a altitudes de 500-1800 metros.<\/p>\n\n\n\n<p class=\"wp-block-paragraph\">Prefere sol pleno mas \u00e9 tolerante \u00e0 seca, sombra parcial e frio moderado, permanecendo sempre verde e vigorosa nos climas tropicais e subtropicais do Sul e Sudeste Asi\u00e1tico. \u00c9 adapt\u00e1vel a v\u00e1rios tipos de solo, demonstra uma forte plasticidade ambiental e \u00e9 relativamente f\u00e1cil de cultivar.<\/p>\n\n\n\n<h2 class=\"wp-block-heading\">III. Gama de distribui\u00e7\u00e3o<\/h2>\n\n\n\n<p class=\"wp-block-paragraph\">A Fagraea ceilanica \u00e9 nativa e est\u00e1 amplamente distribu\u00edda pelas regi\u00f5es tropicais e subtropicais da \u00c1sia. A sua distribui\u00e7\u00e3o natural estende-se pela China, \u00cdndia, Sri Lanka, Myanmar, Tail\u00e2ndia, Laos, Vietname, Camboja, Indon\u00e9sia, Filipinas e Mal\u00e1sia. Esta distribui\u00e7\u00e3o alargada demonstra a adaptabilidade da esp\u00e9cie a v\u00e1rios climas e ecossistemas tropicais e subtropicais.<\/p>\n\n\n\n<h2 class=\"wp-block-heading\">IV. Crescimento e propaga\u00e7\u00e3o<\/h2>\n\n\n\n<p class=\"wp-block-paragraph\">A Fagraea ceilanica pode ser propagada com sucesso atrav\u00e9s de v\u00e1rios m\u00e9todos, incluindo estacas, sementeira, estratifica\u00e7\u00e3o e divis\u00e3o. Cada t\u00e9cnica tem um momento e condi\u00e7\u00f5es ideais espec\u00edficos, permitindo aos cultivadores escolher o m\u00e9todo mais adequado com base nas suas circunst\u00e2ncias e recursos. As estacas de caule e a propaga\u00e7\u00e3o por sementes s\u00e3o particularmente eficazes, resultando frequentemente em taxas elevadas de estabelecimento de pl\u00e2ntulas.<\/p>\n\n\n\n<h3 class=\"wp-block-heading\">Semeadura<\/h3>\n\n\n\n<p class=\"wp-block-paragraph\">A \u00e9poca ideal para semear as sementes de Fagraea ceilanica \u00e9 de outubro a dezembro. Este per\u00edodo coincide com o ciclo reprodutivo natural da planta e proporciona as condi\u00e7\u00f5es ideais para a germina\u00e7\u00e3o.<\/p>\n\n\n\n<p class=\"wp-block-paragraph\">Recolha e prepara\u00e7\u00e3o de sementes:<\/p>\n\n\n\n<ul class=\"wp-block-list\">\n<li>Colheita de frutos maduros<\/li>\n\n\n\n<li>Extrair as sementes cuidadosamente<\/li>\n\n\n\n<li>Escolha entre a sementeira imediata ou o armazenamento em areia<\/li>\n<\/ul>\n\n\n\n<p class=\"wp-block-paragraph\">Processo de sementeira:<\/p>\n\n\n\n<ul class=\"wp-block-list\">\n<li>Preparar uma cama de sementeira com uma argila arenosa solta e f\u00e9rtil<\/li>\n\n\n\n<li>Semear por dispers\u00e3o ou em linhas<\/li>\n\n\n\n<li>Cobrir as sementes com 2-3 cm (0,8-1,2 polegadas) de solo<\/li>\n\n\n\n<li>Aplicar uma cobertura vegetal (palha ou pel\u00edcula de pl\u00e1stico) para aquecer e proteger contra as geadas<\/li>\n<\/ul>\n\n\n\n<p class=\"wp-block-paragraph\">Germina\u00e7\u00e3o e cuidados com as mudas:<\/p>\n\n\n\n<ul class=\"wp-block-list\">\n<li>As sementes semeadas no final do outono ou no in\u00edcio do inverno germinam normalmente na primavera seguinte<\/li>\n\n\n\n<li>Remover a cobertura vegetal imediatamente ap\u00f3s a germina\u00e7\u00e3o<\/li>\n\n\n\n<li>Intensificar a gest\u00e3o da \u00e1gua e dos fertilizantes<\/li>\n\n\n\n<li>Construir estruturas de sombreamento no ver\u00e3o para promover plantas altas e bem formadas<\/li>\n<\/ul>\n\n\n\n<h3 class=\"wp-block-heading\">Estacas<\/h3>\n\n\n\n<p class=\"wp-block-paragraph\">A propaga\u00e7\u00e3o por estaca do caule da Fagraea ceilanica \u00e9 mais bem sucedida quando realizada entre finais de abril e outubro, com resultados \u00f3ptimos tipicamente obtidos durante a esta\u00e7\u00e3o das chuvas (junho-julho).<\/p>\n\n\n\n<p class=\"wp-block-paragraph\">Sele\u00e7\u00e3o e prepara\u00e7\u00e3o do corte:<\/p>\n\n\n\n<ul class=\"wp-block-list\">\n<li>Escolha ramos saud\u00e1veis com 1 a 2 anos de idade<\/li>\n\n\n\n<li>Cortar segmentos com 12-15 cm de comprimento<\/li>\n\n\n\n<li>Incluir 2-3 meias folhas em cada corte<\/li>\n\n\n\n<li>Fa\u00e7a o corte inferior 2-3 mm (0,08-0,12 polegadas) abaixo de um n\u00f3<\/li>\n<\/ul>\n\n\n\n<p class=\"wp-block-paragraph\">Planta\u00e7\u00e3o e cuidados:<\/p>\n\n\n\n<ul class=\"wp-block-list\">\n<li>Utilizar solo de turfa, argila arenosa, vermiculite ou areia argilosa como meio de crescimento (o solo de turfa produz frequentemente os melhores resultados)<\/li>\n\n\n\n<li>Cobrir com pel\u00edcula de pl\u00e1stico para manter a humidade<\/li>\n\n\n\n<li>Proporcionar sombra durante os per\u00edodos de sol<\/li>\n\n\n\n<li>Esperar o desenvolvimento das ra\u00edzes dentro de 1-2 meses<\/li>\n\n\n\n<li>A taxa de sobreviv\u00eancia t\u00edpica \u00e9 superior a 80%<\/li>\n<\/ul>\n\n\n\n<h3 class=\"wp-block-heading\">Divis\u00e3o<\/h3>\n\n\n\n<p class=\"wp-block-paragraph\">A divis\u00e3o \u00e9 melhor efectuada em mar\u00e7o ou abril, quando come\u00e7a o novo crescimento.<\/p>\n\n\n\n<p class=\"wp-block-paragraph\">Processo:<\/p>\n\n\n\n<ol class=\"wp-block-list\">\n<li>Retirar as plantas aglomeradas dos vasos ou do solo<\/li>\n\n\n\n<li>Remover suavemente o excesso de terra<\/li>\n\n\n\n<li>Utilizar uma faca afiada e esterilizada para separar as divis\u00f5es nas jun\u00e7\u00f5es de ra\u00edzes fracas<\/li>\n\n\n\n<li>Assegurar que cada divis\u00e3o tem 2-3 caules e ra\u00edzes saud\u00e1veis<\/li>\n\n\n\n<li>Replantar as divis\u00f5es no solo ou em vasos<\/li>\n\n\n\n<li>Em alternativa, colher e replantar os rebentos que brotam das ra\u00edzes perto do solo<\/li>\n<\/ol>\n\n\n\n<h3 class=\"wp-block-heading\">Camadas<\/h3>\n\n\n\n<p class=\"wp-block-paragraph\">S\u00e3o utilizados dois m\u00e9todos principais de estratifica\u00e7\u00e3o para a Fagraea ceilanica: estratifica\u00e7\u00e3o baixa e estratifica\u00e7\u00e3o alta.<\/p>\n\n\n\n<p class=\"wp-block-paragraph\">Camadas baixas (Sul da China):<\/p>\n\n\n\n<ul class=\"wp-block-list\">\n<li>Calend\u00e1rio: abril<\/li>\n\n\n\n<li>Selecionar ramos saud\u00e1veis com 2-3 anos de idade perto da base da planta<\/li>\n\n\n\n<li>Descascar ou cingir o ramo selecionado<\/li>\n\n\n\n<li>Dobrar e enterrar a sec\u00e7\u00e3o tratada numa vala previamente escavada<\/li>\n\n\n\n<li>As ra\u00edzes desenvolvem-se normalmente em 40-50 dias<\/li>\n\n\n\n<li>Separar e transplantar as novas plantas em julho ou agosto<\/li>\n<\/ul>\n\n\n\n<p class=\"wp-block-paragraph\">Camadas altas (Norte da China):<\/p>\n\n\n\n<ul class=\"wp-block-list\">\n<li>Calend\u00e1rio: Final de abril<\/li>\n\n\n\n<li>Escolha um ramo saud\u00e1vel de 2 anos<\/li>\n\n\n\n<li>Fazer um corte de 0,5 cm abaixo de um n\u00f3<\/li>\n\n\n\n<li>Descascar um anel \u00e0 volta do ramo (a largura deve ser 3 vezes superior ao di\u00e2metro do ramo)<\/li>\n\n\n\n<li>Envolver a \u00e1rea cingida com pel\u00edcula de pl\u00e1stico contendo musgo de esfagno ou turfa h\u00famida<\/li>\n\n\n\n<li>Deixar uma abertura para a irriga\u00e7\u00e3o<\/li>\n\n\n\n<li>Esperar a forma\u00e7\u00e3o de ra\u00edzes dentro de 2-3 meses<\/li>\n<\/ul>\n\n\n\n<h2 class=\"wp-block-heading\">V. Gest\u00e3o de pragas e doen\u00e7as<\/h2>\n\n\n\n<h3 class=\"wp-block-heading\">Doen\u00e7as<\/h3>\n\n\n\n<p class=\"wp-block-paragraph\">Antracnose:<\/p>\n\n\n\n<ul class=\"wp-block-list\">\n<li>Sintomas: Manchas deprimidas circulares a irregulares nos ramos e folhas jovens; bordos castanhos com centros cinzento-brancos a cinzento-castanhos; gr\u00e2nulos pretos (ac\u00e9rvulos) vis\u00edveis<\/li>\n\n\n\n<li>Controlo: Pulveriza\u00e7\u00e3o alternada de 10 em 10 dias (3-4 aplica\u00e7\u00f5es) com:\n<ol class=\"wp-block-list\">\n<li>Mistura de 50% carbendazime WP dilu\u00eddo 800x e 25% tiofanato-metilo WP dilu\u00eddo 800x<\/li>\n\n\n\n<li>500x dilu\u00eddo 25% clorotalonil WP<\/li>\n<\/ol>\n<\/li>\n<\/ul>\n\n\n\n<p class=\"wp-block-paragraph\">Escald\u00e3o solar:<\/p>\n\n\n\n<ul class=\"wp-block-list\">\n<li>Sintomas: Manchas queimadas branco-acinzentadas ou branco-p\u00e1lidas em rebentos tenros e folhas jovens, normalmente durante o calor intenso do ver\u00e3o<\/li>\n\n\n\n<li>Preven\u00e7\u00e3o:\n<ol class=\"wp-block-list\">\n<li>Utilizar redes de sombra<\/li>\n\n\n\n<li>Transferir as plantas para locais adequados<\/li>\n\n\n\n<li>Aumentar a frequ\u00eancia e o volume de rega durante os per\u00edodos quentes e secos<\/li>\n\n\n\n<li>Considerar a rega direta das folhas, se necess\u00e1rio<\/li>\n<\/ol>\n<\/li>\n\n\n\n<li>Tratamento:\n<ol class=\"wp-block-list\">\n<li>Transferir imediatamente as plantas afectadas para a sombra<\/li>\n\n\n\n<li>Podar os rebentos e as folhas queimadas<\/li>\n\n\n\n<li>Melhorar a gest\u00e3o da \u00e1gua e dos fertilizantes para a recupera\u00e7\u00e3o<\/li>\n<\/ol>\n<\/li>\n<\/ul>\n\n\n\n<h3 class=\"wp-block-heading\">Pragas<\/h3>\n\n\n\n<p class=\"wp-block-paragraph\">Tripes:<\/p>\n\n\n\n<ul class=\"wp-block-list\">\n<li>Danos: Ataca as folhas tenras e os rebentos jovens, causando galhas, deforma\u00e7\u00f5es e folhas enroladas<\/li>\n\n\n\n<li>Sintomas: Os adultos e os juvenis alimentam-se frequentemente em conjunto na face inferior das folhas, sobretudo ao longo das nervuras principais<\/li>\n<\/ul>\n\n\n\n<p class=\"wp-block-paragraph\">Medidas de controlo:<\/p>\n\n\n\n<ol class=\"wp-block-list\">\n<li>F\u00edsico: Remover e queimar as partes de plantas afectadas no caso de infesta\u00e7\u00f5es menores<\/li>\n\n\n\n<li>Biol\u00f3gica: Introduzir insectos predadores (por exemplo, joaninhas, em especial as joaninhas de sete manchas e as joaninhas convergentes)<\/li>\n\n\n\n<li>Qu\u00edmica:\n<ul class=\"wp-block-list\">\n<li>Preventivo: Pulverizar abamectina (2500x dilu\u00eddo) ou imidaclopride (1000x dilu\u00eddo) quando surgirem novas folhas<\/li>\n\n\n\n<li>Curativo: Aplicar o inseticida escolhido a cada 6-7 dias, repetindo 3-4 vezes conforme necess\u00e1rio<\/li>\n<\/ul>\n<\/li>\n<\/ol>\n\n\n\n<h2 class=\"wp-block-heading\">VI. Valor principal<\/h2>\n\n\n\n<h3 class=\"wp-block-heading\">Import\u00e2ncia hort\u00edcola<\/h3>\n\n\n\n<p class=\"wp-block-paragraph\">A Fagraea ceilanica \u00e9 apreciada pela sua:<\/p>\n\n\n\n<ul class=\"wp-block-list\">\n<li>Flores grandes e perfumadas<\/li>\n\n\n\n<li>Folhagem brilhante, perene<\/li>\n\n\n\n<li>H\u00e1bito de crescimento vigoroso<\/li>\n\n\n\n<li>Forma exuberante e graciosa<\/li>\n\n\n\n<li>Excelentes qualidades de purifica\u00e7\u00e3o do ar<\/li>\n\n\n\n<li>Potencial para melhorar a qualidade do ar interior e os ambientes de trabalho<\/li>\n\n\n\n<li>Propriedades antibacterianas dos \u00f3leos vol\u00e1teis, potencialmente favor\u00e1veis ao relaxamento e ao sono<\/li>\n<\/ul>\n\n\n\n<h3 class=\"wp-block-heading\">Aplica\u00e7\u00f5es paisag\u00edsticas e ambientais<\/h3>\n\n\n\n<p class=\"wp-block-paragraph\">A Fagraea ceilanica \u00e9 adequada para:<\/p>\n\n\n\n<ul class=\"wp-block-list\">\n<li>Pontos focais de jardim<\/li>\n\n\n\n<li>Exposi\u00e7\u00f5es de folhagem em interiores<\/li>\n\n\n\n<li>Barreiras naturais contra o vento quando colocadas perto de janelas<\/li>\n\n\n\n<li>Projectos de ecologiza\u00e7\u00e3o urbana devido \u00e0 elevada resist\u00eancia \u00e0 polui\u00e7\u00e3o<\/li>\n\n\n\n<li>Planta\u00e7\u00f5es \u00e0 beira da estrada (canteiros centrais, vias de comunica\u00e7\u00e3o)<\/li>\n\n\n\n<li>Cinturas florestais<\/li>\n\n\n\n<li>N\u00f3s paisag\u00edsticos e \u00e1reas focais<\/li>\n<\/ul>\n\n\n\n<p class=\"wp-block-paragraph\">A sua adaptabilidade e resili\u00eancia tornam-na uma esp\u00e9cie valiosa tanto para o paisagismo ornamental como funcional em regi\u00f5es tropicais e subtropicais.<\/p>","protected":false},"excerpt":{"rendered":"<p>The Fagraea ceylanica, also known as the Ceylon Ironwood or Giant Indian Privet, is an evergreen tree or shrub belonging to the Gentianaceae family. It features a grey bark and sturdy, cylindrical branches. This glabrous plant has somewhat succulent leaves that are acuminate at the apex and cuneate to broadly cuneate at the base. The [&hellip;]<\/p>\n","protected":false},"author":1,"featured_media":15429,"comment_status":"open","ping_status":"open","sticky":false,"template":"","format":"standard","meta":{"_breakdance_hide_in_design_set":false,"_breakdance_tags":"","footnotes":""},"categories":[20],"tags":[],"class_list":["post-14028","post","type-post","status-publish","format-standard","has-post-thumbnail","hentry","category-species-and-types"],"_links":{"self":[{"href":"https:\/\/flowerslib.com\/pt\/wp-json\/wp\/v2\/posts\/14028","targetHints":{"allow":["GET"]}}],"collection":[{"href":"https:\/\/flowerslib.com\/pt\/wp-json\/wp\/v2\/posts"}],"about":[{"href":"https:\/\/flowerslib.com\/pt\/wp-json\/wp\/v2\/types\/post"}],"author":[{"embeddable":true,"href":"https:\/\/flowerslib.com\/pt\/wp-json\/wp\/v2\/users\/1"}],"replies":[{"embeddable":true,"href":"https:\/\/flowerslib.com\/pt\/wp-json\/wp\/v2\/comments?post=14028"}],"version-history":[{"count":0,"href":"https:\/\/flowerslib.com\/pt\/wp-json\/wp\/v2\/posts\/14028\/revisions"}],"wp:featuredmedia":[{"embeddable":true,"href":"https:\/\/flowerslib.com\/pt\/wp-json\/wp\/v2\/media\/15429"}],"wp:attachment":[{"href":"https:\/\/flowerslib.com\/pt\/wp-json\/wp\/v2\/media?parent=14028"}],"wp:term":[{"taxonomy":"category","embeddable":true,"href":"https:\/\/flowerslib.com\/pt\/wp-json\/wp\/v2\/categories?post=14028"},{"taxonomy":"post_tag","embeddable":true,"href":"https:\/\/flowerslib.com\/pt\/wp-json\/wp\/v2\/tags?post=14028"}],"curies":[{"name":"wp","href":"https:\/\/api.w.org\/{rel}","templated":true}]}}