{"id":13990,"date":"2023-12-11T22:16:42","date_gmt":"2023-12-11T14:16:42","guid":{"rendered":"https:\/\/flowerslib.com\/?p=13990"},"modified":"2023-12-11T22:16:44","modified_gmt":"2023-12-11T14:16:44","slug":"veronica-persa","status":"publish","type":"post","link":"https:\/\/flowerslib.com\/pt\/veronica-persica\/","title":{"rendered":"Da semente \u00e0 flora\u00e7\u00e3o: O ciclo de vida e as utiliza\u00e7\u00f5es da Veronica Persica"},"content":{"rendered":"<p class=\"wp-block-paragraph\">A Veronica persica, da fam\u00edlia das Plantagin\u00e1ceas, \u00e9 uma planta herb\u00e1cea extensa e muito ramificada que pode crescer at\u00e9 50 cent\u00edmetros de altura. <\/p>\n\n\n\n<p class=\"wp-block-paragraph\">As suas folhas t\u00eam pec\u00edolos curtos e s\u00e3o ovadas ou redondas; as br\u00e1cteas, que crescem nas axilas das folhas, apresentam serrilhas rombas e s\u00e3o escassamente cobertas de p\u00ealos macios em ambos os lados. <\/p>\n\n\n\n<p class=\"wp-block-paragraph\">O racemo \u00e9 bastante longo; os pedicelos s\u00e3o mais compridos do que as br\u00e1cteas e as s\u00e9palas s\u00e3o ovado-lanceoladas. A cor das flores varia entre o azul e o p\u00farpura ou p\u00farpura azulado, sendo os estames mais curtos do que a corola. <\/p>\n\n\n\n<p class=\"wp-block-paragraph\"><\/p>\n\n\n<div class=\"wp-block-image\">\n<figure class=\"aligncenter size-full\"><img loading=\"lazy\" decoding=\"async\" width=\"1200\" height=\"800\" src=\"https:\/\/flowerslib.com\/wp-content\/uploads\/2023\/12\/2-82.jpg\" alt=\"Ver\u00f3nica persica\" class=\"wp-image-15538\" srcset=\"https:\/\/flowerslib.com\/wp-content\/uploads\/2023\/12\/2-82.jpg 1200w, https:\/\/flowerslib.com\/wp-content\/uploads\/2023\/12\/2-82-600x400.jpg 600w, https:\/\/flowerslib.com\/wp-content\/uploads\/2023\/12\/2-82-768x512.jpg 768w, https:\/\/flowerslib.com\/wp-content\/uploads\/2023\/12\/2-82-240x160.jpg 240w\" sizes=\"auto, (max-width: 1200px) 100vw, 1200px\" \/><\/figure>\n<\/div>\n\n\n<p class=\"wp-block-paragraph\"><\/p>\n\n\n\n<p class=\"wp-block-paragraph\">A c\u00e1psula \u00e9 reniforme, com veios de rede consp\u00edcuos, e as sementes t\u00eam sulcos transversais profundos na sua face dorsal. A flora\u00e7\u00e3o ocorre de mar\u00e7o a maio, e \u00e9 nativa da \u00c1sia Ocidental e da Europa. <\/p>\n\n\n\n<p class=\"wp-block-paragraph\">O Speedwell persa \u00e9 conhecido pela sua natureza equilibrada e \u00e9 utilizado para dissipar o vento e a humidade, fortalecer as costas e prevenir as doen\u00e7as da mal\u00e1ria. <\/p>\n\n\n\n<p class=\"wp-block-paragraph\">Ap\u00f3s a flora\u00e7\u00e3o no in\u00edcio da primavera, o seu crescimento vegetativo abranda e algumas folhas come\u00e7am a crescer obliquamente para cima, fundindo-se perfeitamente com os ramos, criando um efeito esteticamente agrad\u00e1vel. <\/p>\n\n\n\n<p class=\"wp-block-paragraph\"><\/p>\n\n\n<div class=\"wp-block-image\">\n<figure class=\"aligncenter size-full\"><img loading=\"lazy\" decoding=\"async\" width=\"1200\" height=\"800\" src=\"https:\/\/flowerslib.com\/wp-content\/uploads\/2023\/12\/3-76.jpg\" alt=\"Ver\u00f3nica persica\" class=\"wp-image-15539\" srcset=\"https:\/\/flowerslib.com\/wp-content\/uploads\/2023\/12\/3-76.jpg 1200w, https:\/\/flowerslib.com\/wp-content\/uploads\/2023\/12\/3-76-600x400.jpg 600w, https:\/\/flowerslib.com\/wp-content\/uploads\/2023\/12\/3-76-768x512.jpg 768w, https:\/\/flowerslib.com\/wp-content\/uploads\/2023\/12\/3-76-240x160.jpg 240w\" sizes=\"auto, (max-width: 1200px) 100vw, 1200px\" \/><\/figure>\n<\/div>\n\n\n<p class=\"wp-block-paragraph\"><\/p>\n\n\n\n<p class=\"wp-block-paragraph\">Existem dois m\u00e9todos de planta\u00e7\u00e3o, cada um com as suas vantagens. No ver\u00e3o, o seu papel na decora\u00e7\u00e3o dos canteiros pode ser ocupado por muitas outras gram\u00edneas e flores.<\/p>\n\n\n\n<h2 class=\"wp-block-heading\">I. Carater\u00edsticas morfol\u00f3gicas<\/h2>\n\n\n\n<p class=\"wp-block-paragraph\">Esta erva extensa e com v\u00e1rias ramifica\u00e7\u00f5es varia entre 10 e 50 cent\u00edmetros de altura, com caules densamente cobertos por p\u00ealos macios multicelulares bilaterais.<\/p>\n\n\n\n<p class=\"wp-block-paragraph\">A planta tem 2-4 pares de folhas (com br\u00e1cteas nas axilas, como mencionado acima), pec\u00edolos curtos, folhas ovadas ou redondas, medindo 6-20 mil\u00edmetros de comprimento e 5-18 mil\u00edmetros de largura, com uma base ligeiramente cordada, truncada ou arredondada, e margens rudemente serrilhadas. Ambas as superf\u00edcies s\u00e3o escassamente cobertas por p\u00ealos macios.<\/p>\n\n\n\n<p class=\"wp-block-paragraph\"><\/p>\n\n\n<div class=\"wp-block-image\">\n<figure class=\"aligncenter size-full\"><img loading=\"lazy\" decoding=\"async\" width=\"1200\" height=\"800\" src=\"https:\/\/flowerslib.com\/wp-content\/uploads\/2023\/12\/1-88.jpg\" alt=\"Ver\u00f3nica persica\" class=\"wp-image-15540\" srcset=\"https:\/\/flowerslib.com\/wp-content\/uploads\/2023\/12\/1-88.jpg 1200w, https:\/\/flowerslib.com\/wp-content\/uploads\/2023\/12\/1-88-600x400.jpg 600w, https:\/\/flowerslib.com\/wp-content\/uploads\/2023\/12\/1-88-768x512.jpg 768w, https:\/\/flowerslib.com\/wp-content\/uploads\/2023\/12\/1-88-240x160.jpg 240w\" sizes=\"auto, (max-width: 1200px) 100vw, 1200px\" \/><\/figure>\n<\/div>\n\n\n<p class=\"wp-block-paragraph\"><\/p>\n\n\n\n<p class=\"wp-block-paragraph\">A infloresc\u00eancia \u00e9 longa; as br\u00e1cteas s\u00e3o alternas, de forma semelhante e de tamanho quase igual ao das folhas; os pedicelos s\u00e3o mais compridos do que as br\u00e1cteas, alguns excedendo o dobro do comprimento; o c\u00e1lice durante o per\u00edodo de flora\u00e7\u00e3o tem apenas 3-5 mil\u00edmetros de comprimento, aumentando para 8 mil\u00edmetros nos frutos, com l\u00f3bulos ovado-lanceolados, ciliados, com tr\u00eas veias salientes. <\/p>\n\n\n\n<p class=\"wp-block-paragraph\">A corola \u00e9 azul, p\u00farpura ou p\u00farpura-azulada, medindo 4-6 mil\u00edmetros de comprimento, com l\u00f3bulos ovados a redondos e garganta esparsamente peluda; os estames s\u00e3o mais curtos do que a corola.<\/p>\n\n\n\n<p class=\"wp-block-paragraph\">A c\u00e1psula tem a forma de um rim, com cerca de 5 mil\u00edmetros de comprimento e 7 mil\u00edmetros de largura, com p\u00ealos glandulares, tornando-se quase sem p\u00ealos na maturidade, com veios de rede consp\u00edcuos, e o \u00e2ngulo do entalhe excede os 90 graus, com l\u00f3bulos rombos e um estilo persistente com cerca de 2,5 mil\u00edmetros de comprimento, saliente do entalhe. <\/p>\n\n\n\n<p class=\"wp-block-paragraph\">As sementes t\u00eam sulcos transversais profundos na sua face dorsal e t\u00eam cerca de 1,6 mil\u00edmetros de comprimento. O per\u00edodo de flora\u00e7\u00e3o \u00e9 de mar\u00e7o a maio.<\/p>\n\n\n\n<h2 class=\"wp-block-heading\">II. Ambiente de crescimento<\/h2>\n\n\n\n<p class=\"wp-block-paragraph\">O melro-da-p\u00e9rsia \u00e9 uma erva daninha naturalizada das bermas das estradas e dos terrenos baldios.<\/p>\n\n\n\n<h2 class=\"wp-block-heading\">III. Gama de distribui\u00e7\u00e3o<\/h2>\n\n\n\n<p class=\"wp-block-paragraph\">\u00c9 origin\u00e1ria da \u00c1sia Ocidental e da Europa.<\/p>\n\n\n\n<h2 class=\"wp-block-heading\">IV. Crescimento e reprodu\u00e7\u00e3o<\/h2>\n\n\n\n<p class=\"wp-block-paragraph\">A arruda pode reproduzir-se tanto de forma sexuada como assexuada, sendo que a reprodu\u00e7\u00e3o assexuada reduz efetivamente os riscos associados \u00e0 reprodu\u00e7\u00e3o sexuada. <\/p>\n\n\n\n<p class=\"wp-block-paragraph\">No caso das plantas anuais, a reprodu\u00e7\u00e3o assexuada deve ser seguida de uma reprodu\u00e7\u00e3o sexuada para garantir o n\u00famero de plantas na esta\u00e7\u00e3o de crescimento seguinte.<\/p>\n\n\n\n<p class=\"wp-block-paragraph\">Em condi\u00e7\u00f5es de densidade vari\u00e1vel, o impacto da reprodu\u00e7\u00e3o assexuada na reprodu\u00e7\u00e3o sexuada da arruda n\u00e3o \u00e9 uniforme. <\/p>\n\n\n\n<p class=\"wp-block-paragraph\">Mesmo quando n\u00e3o existem diferen\u00e7as significativas no n\u00famero, comprimento e peso dos v\u00e1rios componentes vegetativos, podem existir diferen\u00e7as significativas ou altamente significativas no n\u00famero de frutos e na afeta\u00e7\u00e3o de recursos entre caules erectos e frutos. <\/p>\n\n\n\n<p class=\"wp-block-paragraph\">Isto sugere que as condi\u00e7\u00f5es de densidade afectam a reprodu\u00e7\u00e3o sexual da arruda e a distribui\u00e7\u00e3o de recursos entre alguns componentes. <\/p>\n\n\n\n<p class=\"wp-block-paragraph\">Em condi\u00e7\u00f5es de alta densidade, para se adaptar a press\u00f5es competitivas mais fortes, o crescimento de certos componentes vegetativos pode n\u00e3o ter um efeito \u00f3bvio na sua reprodu\u00e7\u00e3o sexual. <\/p>\n\n\n\n<p class=\"wp-block-paragraph\">Por outro lado, em condi\u00e7\u00f5es de baixa densidade com menos competi\u00e7\u00e3o intra ou interespec\u00edfica, as altera\u00e7\u00f5es em todos os componentes vegetativos podem afetar significativamente o n\u00famero de frutos e o peso seco de cada fruto. <\/p>\n\n\n\n<p class=\"wp-block-paragraph\">Por conseguinte, em ambientes de baixa densidade com uma concorr\u00eancia mais fraca, todos os aspectos do crescimento nutricional da arruda t\u00eam um impacto significativo na sua reprodu\u00e7\u00e3o sexual, mas \u00e0 medida que a densidade aumenta, a influ\u00eancia do crescimento de certos \u00f3rg\u00e3os vegetativos nos \u00f3rg\u00e3os reprodutivos diminui gradualmente. <\/p>\n\n\n\n<p class=\"wp-block-paragraph\">Para al\u00e9m das carater\u00edsticas biol\u00f3gicas da arruda, as condi\u00e7\u00f5es ambientais podem tamb\u00e9m ter um efeito no seu crescimento nutricional e reprodu\u00e7\u00e3o sexual.<\/p>\n\n\n\n<p class=\"wp-block-paragraph\">As sementes s\u00e3o colhidas entre o final de abril e o in\u00edcio de maio, quando as sementes de arruda \u00e1rabe atingem a maturidade. As plantas s\u00e3o colhidas e colocadas em pel\u00edcula pl\u00e1stica ao sol para secar, permitindo que as sementes se dividam e caiam naturalmente. As impurezas s\u00e3o ent\u00e3o removidas e as sementes s\u00e3o armazenadas num local seco.<\/p>\n\n\n\n<p class=\"wp-block-paragraph\">Para a planta\u00e7\u00e3o, em meados ou finais de setembro, a superf\u00edcie do canteiro \u00e9 coberta com cerca de 5 cm de estrume bem apodrecido, sendo depois lavrada a uma profundidade de 20 cm e nivelada. O canteiro \u00e9 concebido como um canteiro circular com um di\u00e2metro de 3,5 m. <\/p>\n\n\n\n<p class=\"wp-block-paragraph\"><strong>Existem dois m\u00e9todos de planta\u00e7\u00e3o:<\/strong> A primeira consiste em dividir o canteiro radialmente a partir do centro em seis \u00e1reas com intervalos de 20 cm entre elas, onde a arruda \u00e9 semeada ou plantada uniformemente. <\/p>\n\n\n\n<p class=\"wp-block-paragraph\">Durante a sementeira, as sementes s\u00e3o misturadas com areia fina numa propor\u00e7\u00e3o de 1:50, espalhadas sobre a superf\u00edcie do solo e, em seguida, limpas com um ancinho para nivelar o terreno e enterrar as sementes. A densidade de planta\u00e7\u00e3o \u00e9 fixada com um espa\u00e7amento de 35 cm entre plantas. <\/p>\n\n\n\n<p class=\"wp-block-paragraph\">Dentro dos espa\u00e7os, s\u00e3o plantadas duas linhas de Taishan wild Corydalis humosa Migo, com um espa\u00e7amento de 5-7 cm entre plantas e 13-17 cm entre linhas, com buracos de 5 cm de profundidade para a planta\u00e7\u00e3o. <\/p>\n\n\n\n<p class=\"wp-block-paragraph\">O segundo m\u00e9todo consiste em espalhar uniformemente a arruda \u00e1rabe no canteiro e depois plantar couves ornamentais com um espa\u00e7amento de 25 cm entre plantas.<\/p>\n\n\n\n<p class=\"wp-block-paragraph\">Ap\u00f3s a emerg\u00eancia das pl\u00e2ntulas, \u00e9 importante regar prontamente, remover as ervas daninhas e regar novamente no in\u00edcio do inverno para a hiberna\u00e7\u00e3o.<\/p>\n\n\n\n<h2 class=\"wp-block-heading\">V. Valores principais<\/h2>\n\n\n\n<h3 class=\"wp-block-heading\">Utiliza\u00e7\u00e3o medicinal<\/h3>\n\n\n\n<p class=\"wp-block-paragraph\"><strong>Nomes comuns:<\/strong> Planta Lanterna, Papatya Lanterna.<\/p>\n\n\n\n<p class=\"wp-block-paragraph\"><strong>Origem das ervas:<\/strong> Derivado da planta inteira de Veronica persica Poir., uma esp\u00e9cie da fam\u00edlia das Plantagin\u00e1ceas.<\/p>\n\n\n\n<p class=\"wp-block-paragraph\"><strong>Propriedades e efic\u00e1cia:<\/strong> A erva \u00e9 caracterizada por um sabor pungente, amargo e ligeiramente salgado. Tem um car\u00e1cter neutro. As suas utiliza\u00e7\u00f5es medicinais incluem a dissipa\u00e7\u00e3o do vento e da humidade, o fortalecimento das costas e a preven\u00e7\u00e3o da mal\u00e1ria.<\/p>\n\n\n\n<h3 class=\"wp-block-heading\">Paisagismo<\/h3>\n\n\n\n<p class=\"wp-block-paragraph\">A Persian Speedwell brota no in\u00edcio de outubro, exibindo uma rica tonalidade verde durante os meses de inverno. <\/p>\n\n\n\n<p class=\"wp-block-paragraph\">Com exce\u00e7\u00e3o de uma ligeira colora\u00e7\u00e3o arroxeada, a planta mant\u00e9m-se verde profunda at\u00e9 mar\u00e7o do ano seguinte, altura em que 90% das plantas voltam a ficar verdes e mant\u00eam esta cor at\u00e9 maio. <\/p>\n\n\n\n<p class=\"wp-block-paragraph\">As sementes de Speedwell persa amadurecem em abril e, ap\u00f3s um per\u00edodo de dorm\u00eancia de tr\u00eas a quatro meses, est\u00e3o prontas a germinar, atingindo um pico de emerg\u00eancia de pl\u00e2ntulas no in\u00edcio de novembro. <\/p>\n\n\n\n<p class=\"wp-block-paragraph\">Esta planta cobre eficazmente os pontos nus dos canteiros de flores durante o inverno e a primavera.<\/p>\n\n\n\n<p class=\"wp-block-paragraph\">Nas regi\u00f5es frias do norte da China, poucas flores herb\u00e1ceas s\u00e3o adequadas para a planta\u00e7\u00e3o de inverno. <\/p>\n\n\n\n<p class=\"wp-block-paragraph\">De acordo com o primeiro m\u00e9todo de planta\u00e7\u00e3o, as pl\u00e2ntulas de Persian Speedwell emergem em outubro, formando gradualmente uma cobertura do solo que traz um verde vibrante \u00e0 paisagem invernal. <\/p>\n\n\n\n<p class=\"wp-block-paragraph\">Em mar\u00e7o da primavera seguinte, as plantas florescem continuamente com flores azul-violeta, entrela\u00e7adas com o crescimento do Xanthium strumarium. <\/p>\n\n\n\n<p class=\"wp-block-paragraph\">De abril a maio, quando o Speedwell persa come\u00e7a a murchar, o Xanthium strumarium floresce com as suas infloresc\u00eancias vermelho-p\u00e1lido \u00fanicas. <\/p>\n\n\n\n<p class=\"wp-block-paragraph\">O segundo m\u00e9todo de planta\u00e7\u00e3o implica que as jovens pl\u00e2ntulas verdes de Persian Speedwell cubram o solo desde o outono at\u00e9 ao in\u00edcio do inverno, enquanto a Ornamental Kale demonstra uma forte resist\u00eancia ao frio. <\/p>\n\n\n\n<p class=\"wp-block-paragraph\">Embora a maior parte das folhas da couve murchem no inverno profundo, os caules conservam os seus tons verdes e vermelho-p\u00farpura. Quando as temperaturas sobem na primavera, a revitaliza\u00e7\u00e3o da vegeta\u00e7\u00e3o aumenta gradualmente o efeito paisag\u00edstico.<\/p>\n\n\n\n<p class=\"wp-block-paragraph\">Ap\u00f3s a flora\u00e7\u00e3o no in\u00edcio da primavera, o crescimento vegetativo da Persian Speedwell abranda, com algumas folhas a come\u00e7arem a crescer obliquamente para cima, misturando-se perfeitamente com os ramos para um efeito altamente ornamental. <\/p>\n\n\n\n<p class=\"wp-block-paragraph\">Cada m\u00e9todo de planta\u00e7\u00e3o tem os seus pr\u00f3prios m\u00e9ritos. No ver\u00e3o, o papel de embelezamento dos canteiros pode ser assumido por uma variedade de plantas com flores.<\/p>","protected":false},"excerpt":{"rendered":"<p>Veronica persica, from the family Plantaginaceae, is a sprawling, highly branched herbaceous plant that can grow up to 50 centimeters tall. Its leaves have short petioles and are ovate or round; the bracts, growing in the leaf axils, feature blunt serrations and are sparsely covered with soft hairs on both sides. The raceme is quite [&hellip;]<\/p>\n","protected":false},"author":1,"featured_media":15537,"comment_status":"open","ping_status":"open","sticky":false,"template":"","format":"standard","meta":{"_breakdance_hide_in_design_set":false,"_breakdance_tags":"","footnotes":""},"categories":[20],"tags":[],"class_list":["post-13990","post","type-post","status-publish","format-standard","has-post-thumbnail","hentry","category-species-and-types"],"_links":{"self":[{"href":"https:\/\/flowerslib.com\/pt\/wp-json\/wp\/v2\/posts\/13990","targetHints":{"allow":["GET"]}}],"collection":[{"href":"https:\/\/flowerslib.com\/pt\/wp-json\/wp\/v2\/posts"}],"about":[{"href":"https:\/\/flowerslib.com\/pt\/wp-json\/wp\/v2\/types\/post"}],"author":[{"embeddable":true,"href":"https:\/\/flowerslib.com\/pt\/wp-json\/wp\/v2\/users\/1"}],"replies":[{"embeddable":true,"href":"https:\/\/flowerslib.com\/pt\/wp-json\/wp\/v2\/comments?post=13990"}],"version-history":[{"count":0,"href":"https:\/\/flowerslib.com\/pt\/wp-json\/wp\/v2\/posts\/13990\/revisions"}],"wp:featuredmedia":[{"embeddable":true,"href":"https:\/\/flowerslib.com\/pt\/wp-json\/wp\/v2\/media\/15537"}],"wp:attachment":[{"href":"https:\/\/flowerslib.com\/pt\/wp-json\/wp\/v2\/media?parent=13990"}],"wp:term":[{"taxonomy":"category","embeddable":true,"href":"https:\/\/flowerslib.com\/pt\/wp-json\/wp\/v2\/categories?post=13990"},{"taxonomy":"post_tag","embeddable":true,"href":"https:\/\/flowerslib.com\/pt\/wp-json\/wp\/v2\/tags?post=13990"}],"curies":[{"name":"wp","href":"https:\/\/api.w.org\/{rel}","templated":true}]}}