{"id":13952,"date":"2023-12-13T13:43:47","date_gmt":"2023-12-13T05:43:47","guid":{"rendered":"https:\/\/flowerslib.com\/?p=13952"},"modified":"2023-12-13T13:43:48","modified_gmt":"2023-12-13T05:43:48","slug":"allemanda-neriifolia","status":"publish","type":"post","link":"https:\/\/flowerslib.com\/pt\/allemanda-neriifolia\/","title":{"rendered":"Cultivo de Allemanda neriifolia para jardins vibrantes"},"content":{"rendered":"<p class=\"wp-block-paragraph\">A Allemanda neriifolia \u00e9 um arbusto de folha perene que cresce na vertical at\u00e9 cerca de 1,5 metros, embora quando em vaso se mantenha normalmente a cerca de 1,5 metros. <\/p>\n\n\n\n<p class=\"wp-block-paragraph\">As folhas, que se apresentam em espirais de tr\u00eas a cinco, s\u00e3o ovais ou inversamente lanceoladas e variam de 2 a 4,7 polegadas de comprimento e 0,6 a 1,6 polegadas de largura, cobertas de p\u00ealos curtos e macios.<\/p>\n\n\n\n<p class=\"wp-block-paragraph\">As suas infloresc\u00eancias s\u00e3o em forma de umbela, com flores amarelo-douradas com riscas vermelho-alaranjadas na garganta. A corola tem a forma de um funil largo, com cinco l\u00f3bulos que se sobrep\u00f5em \u00e0 esquerda ou \u00e0 direita, e a base da corola est\u00e1 inchada, envolvendo cinco estames. <\/p>\n\n\n\n<p class=\"wp-block-paragraph\"><\/p>\n\n\n<div class=\"wp-block-image\">\n<figure class=\"aligncenter size-full\"><img loading=\"lazy\" decoding=\"async\" width=\"1200\" height=\"800\" src=\"https:\/\/flowerslib.com\/wp-content\/uploads\/2023\/12\/3-95.jpg\" alt=\"Allemanda neriifolia\" class=\"wp-image-15750\" srcset=\"https:\/\/flowerslib.com\/wp-content\/uploads\/2023\/12\/3-95.jpg 1200w, https:\/\/flowerslib.com\/wp-content\/uploads\/2023\/12\/3-95-600x400.jpg 600w, https:\/\/flowerslib.com\/wp-content\/uploads\/2023\/12\/3-95-768x512.jpg 768w, https:\/\/flowerslib.com\/wp-content\/uploads\/2023\/12\/3-95-240x160.jpg 240w\" sizes=\"auto, (max-width: 1200px) 100vw, 1200px\" \/><\/figure>\n<\/div>\n\n\n<p class=\"wp-block-paragraph\"><\/p>\n\n\n\n<p class=\"wp-block-paragraph\">O fruto \u00e9 uma c\u00e1psula espinhosa. A flora\u00e7\u00e3o ocorre em maio e junho. Origin\u00e1ria do sul dos Estados Unidos e do Brasil, \u00e9 cultivada na Am\u00e9rica tropical e introduzida na China. <\/p>\n\n\n\n<p class=\"wp-block-paragraph\">\u00c9 uma planta exuberante e decorativa para jardins, com a sua folhagem densa, folhas verdes vibrantes e flores brilhantes que fazem uma exibi\u00e7\u00e3o impressionante.<\/p>\n\n\n\n<p class=\"wp-block-paragraph\">\u00c9 adequado para arranjos em vasos de tamanho grande e m\u00e9dio, melhorando salas de estar, varandas, parques, centros comerciais e grandes espa\u00e7os interiores com o seu efeito deslumbrante.<\/p>\n\n\n\n<h2 class=\"wp-block-heading\">I. Carater\u00edsticas morfol\u00f3gicas<\/h2>\n\n\n\n<p class=\"wp-block-paragraph\"><\/p>\n\n\n<div class=\"wp-block-image\">\n<figure class=\"aligncenter size-full\"><img loading=\"lazy\" decoding=\"async\" width=\"1200\" height=\"800\" src=\"https:\/\/flowerslib.com\/wp-content\/uploads\/2023\/12\/4-74.jpg\" alt=\"Allemanda neriifolia\" class=\"wp-image-15752\" srcset=\"https:\/\/flowerslib.com\/wp-content\/uploads\/2023\/12\/4-74.jpg 1200w, https:\/\/flowerslib.com\/wp-content\/uploads\/2023\/12\/4-74-600x400.jpg 600w, https:\/\/flowerslib.com\/wp-content\/uploads\/2023\/12\/4-74-768x512.jpg 768w, https:\/\/flowerslib.com\/wp-content\/uploads\/2023\/12\/4-74-240x160.jpg 240w\" sizes=\"auto, (max-width: 1200px) 100vw, 1200px\" \/><\/figure>\n<\/div>\n\n\n<p class=\"wp-block-paragraph\"><\/p>\n\n\n\n<p class=\"wp-block-paragraph\">A alamanda-amarela \u00e9 um arbusto ereto que pode atingir uma altura de 1,5 a 2,5 metros, com ramos portadores de l\u00e1tex de cor branca-acinzentada. <\/p>\n\n\n\n<p class=\"wp-block-paragraph\">As folhas s\u00e3o espiraladas em grupos de tr\u00eas a cinco, com uma margem lisa, de forma el\u00edptica ou inversamente oblonga, medindo 2,4 a 4,7 polegadas de comprimento e 0,8 a 1,6 polegadas de largura. As pontas s\u00e3o c\u00f3nicas ou agudas e a base \u00e9 cuneiforme. <\/p>\n\n\n\n<p class=\"wp-block-paragraph\">A superf\u00edcie da folha \u00e9 de um verde profundo, enquanto a parte inferior \u00e9 de um verde mais claro. Para al\u00e9m dos p\u00ealos curtos e macios na nervura central e nas nervuras laterais da face inferior, as folhas n\u00e3o t\u00eam p\u00ealos. <\/p>\n\n\n\n<p class=\"wp-block-paragraph\">A vena\u00e7\u00e3o \u00e9 plana na superf\u00edcie e elevada na face inferior, com 7 a 12 nervuras laterais de cada lado, que n\u00e3o atingem a margem mas formam uma rede. Os pec\u00edolos s\u00e3o extremamente curtos, com gl\u00e2ndulas na base e nas axilas.<\/p>\n\n\n\n<p class=\"wp-block-paragraph\">As infloresc\u00eancias s\u00e3o umbelas terminais; os ped\u00fanculos e os pedicelos est\u00e3o cobertos de p\u00ealos macios semelhantes a escamas. <\/p>\n\n\n\n<p class=\"wp-block-paragraph\">As flores s\u00e3o amarelo-alaranjadas, com 1,6 a 2,4 cent\u00edmetros de comprimento, com uma corola que se abre com cerca de 1,6 cent\u00edmetros de di\u00e2metro; as br\u00e1cteas s\u00e3o lanceoladas e fixadas na base dos pedicelos. <\/p>\n\n\n\n<p class=\"wp-block-paragraph\">O c\u00e1lice \u00e9 profundamente quinquelobado, com segmentos lanceolados e algumas gl\u00e2ndulas na base da face interna. A corola \u00e9 em forma de funil, com faixas castanho-avermelhadas no interior. <\/p>\n\n\n\n<p class=\"wp-block-paragraph\">A parte inferior da corola forma um tubo cil\u00edndrico de comprimento n\u00e3o superior a 0,8 polegadas e di\u00e2metro de 0,08 a 0,16 polegadas, que incha na base. <\/p>\n\n\n\n<p class=\"wp-block-paragraph\">A garganta da corola expande-se para cima num limbo com cerca de 1,2 polegadas de comprimento e 0,6 polegadas de di\u00e2metro, com a parte superior do limbo com cinco l\u00f3bulos e os l\u00f3bulos da corola sobrepostos \u00e0 esquerda. <\/p>\n\n\n\n<p class=\"wp-block-paragraph\">Os l\u00f3bulos s\u00e3o ovais ou circulares, sem corte nas pontas, com cerca de 0,6 a 0,8 polegadas de comprimento e 0,7 polegadas de largura. H\u00e1 cinco estames ligados \u00e0 garganta do tubo da corola, com filamentos curtos cobertos de p\u00ealos macios na base, e anteras ovadas com o topo rombo e a base arredondada. <\/p>\n\n\n\n<p class=\"wp-block-paragraph\">O disco \u00e9 carnudo e inteiro, envolvendo a base do ov\u00e1rio; o ov\u00e1rio \u00e9 inteiro, unicameral, com um estilete filiforme e um estigma rombudo na parte superior e uma base anelar.<\/p>\n\n\n\n<p class=\"wp-block-paragraph\">O fruto \u00e9 uma c\u00e1psula espinhosa, com cerca de 1,2 polegadas de di\u00e2metro; as sementes s\u00e3o planas com uma borda membranosa, com cerca de 0,8 polegadas de comprimento e 0,6 polegadas de largura. O per\u00edodo de flora\u00e7\u00e3o \u00e9 de maio a agosto, com frutifica\u00e7\u00e3o de outubro a dezembro.<\/p>\n\n\n\n<h2 class=\"wp-block-heading\">II. Gama de distribui\u00e7\u00e3o<\/h2>\n\n\n\n<p class=\"wp-block-paragraph\">Origin\u00e1ria do Brasil, esta esp\u00e9cie \u00e9 atualmente muito cultivada nas regi\u00f5es tropicais.<\/p>\n\n\n\n<h2 class=\"wp-block-heading\">III. Ambiente de crescimento<\/h2>\n\n\n\n<p class=\"wp-block-paragraph\">Desenvolve-se com temperaturas e humidade elevadas, com muita luz solar e uma ligeira toler\u00e2ncia \u00e0 sombra parcial. <\/p>\n\n\n\n<p class=\"wp-block-paragraph\">Prefere solos f\u00e9rteis e bem drenados. Intolerante ao frio e \u00e0s geadas, sofre danos nos ramos e nas folhas quando exposta a temperaturas prolongadas de 41 a 42,8\u00b0F. <\/p>\n\n\n\n<p class=\"wp-block-paragraph\">Prefere areia argilosa f\u00e9rtil e h\u00famida, mas tem um desempenho fraco em solos pesados e compactos e n\u00e3o tolera condi\u00e7\u00f5es de alagamento ou salinidade. Embora seja relativamente tolerante a condi\u00e7\u00f5es h\u00famidas, n\u00e3o resiste \u00e0 seca; o solo deve ser mantido constantemente h\u00famido. <\/p>\n\n\n\n<p class=\"wp-block-paragraph\">As temperaturas \u00f3ptimas de crescimento variam entre 64,4 e 86\u00b0F, e ainda pode crescer normalmente acima de 95\u00b0F. Durante o per\u00edodo de dorm\u00eancia no inverno, a temperatura ideal situa-se entre os 53,6 e os 59\u00b0F, n\u00e3o descendo abaixo dos 50\u00b0F, uma vez que temperaturas abaixo dos 41\u00b0F podem causar danos \u00e0 planta devido a geadas.<\/p>\n\n\n\n<h2 class=\"wp-block-heading\">IV. Propaga\u00e7\u00e3o e cultivo<\/h2>\n\n\n\n<h3 class=\"wp-block-heading\">Semeadura de sementes<\/h3>\n\n\n\n<p class=\"wp-block-paragraph\">Ap\u00f3s a flora\u00e7\u00e3o, a trombeta dourada produz frutos com espinhos macios e as suas sementes aladas n\u00e3o devem ser armazenadas durante muito tempo. \u00c9 melhor seme\u00e1-las imediatamente ap\u00f3s a colheita. As pl\u00e2ntulas com um ano de idade podem ser transplantadas do viveiro.<\/p>\n\n\n\n<h3 class=\"wp-block-heading\">Camadas<\/h3>\n\n\n\n<p class=\"wp-block-paragraph\">A estratifica\u00e7\u00e3o \u00e9 melhor efectuada durante a esta\u00e7\u00e3o das chuvas. Dobrar um ramo perto do solo, ferir ligeiramente a casca e enterr\u00e1-lo no solo. As ra\u00edzes desenvolver-se-\u00e3o em cerca de dois meses, ap\u00f3s os quais a nova planta pode ser separada da m\u00e3e.<\/p>\n\n\n\n<h3 class=\"wp-block-heading\">Estacas<\/h3>\n\n\n\n<p class=\"wp-block-paragraph\">A propaga\u00e7\u00e3o por \u00e1gua \u00e9 particularmente eficaz. As estacas podem ser colhidas em qualquer altura durante a esta\u00e7\u00e3o de crescimento, idealmente com 30-40 cent\u00edmetros de comprimento. Com uma faca, separe a parte inferior da estaca 4-6 cent\u00edmetros e coloque-a num copo de \u00e1gua. <\/p>\n\n\n\n<p class=\"wp-block-paragraph\">As temperaturas da primavera e do outono s\u00e3o as mais favor\u00e1veis, com as ra\u00edzes a brotarem normalmente dentro de 2-3 semanas. No ver\u00e3o, devido \u00e0s temperaturas mais elevadas e \u00e0 deteriora\u00e7\u00e3o da \u00e1gua, \u00e9 aconselh\u00e1vel mudar a \u00e1gua de dois em dois dias.<\/p>\n\n\n\n<p class=\"wp-block-paragraph\">Comercialmente, as estacas s\u00e3o o m\u00e9todo de propaga\u00e7\u00e3o mais utilizado. De finais de mar\u00e7o a meados de abril, quando as temperaturas estabilizam, as estacas de ramos com seis meses a dois anos de idade s\u00e3o plantadas de perto em areia h\u00famida ou num leito de cascalho e mantidas h\u00famidas com nebuliza\u00e7\u00e3o. <\/p>\n\n\n\n<p class=\"wp-block-paragraph\">Quando as temperaturas ultrapassam os 20\u00b0C, as ra\u00edzes formam-se geralmente em 20 dias e as plantas podem ser transferidas para um viveiro ou para um vaso em cerca de 40 dias.<\/p>\n\n\n\n<h2 class=\"wp-block-heading\">V. Controlo de pragas e doen\u00e7as<\/h2>\n\n\n\n<h3 class=\"wp-block-heading\">Bolor com fuligem<\/h3>\n\n\n\n<p class=\"wp-block-paragraph\">Os sintomas incluem um aspeto negro na coroa das plantas afectadas e ramos escurecidos, com uma superf\u00edcie coberta de bolor negro que parece pegajoso ao toque. <\/p>\n\n\n\n<p class=\"wp-block-paragraph\">Com o tempo, o bolor negro pode descolar-se parcialmente, deixando as folhas manchadas com manchas pretas e brancas. As plantas gravemente afectadas sofrem de fotoss\u00edntese bloqueada, crescimento deficiente, queda prematura das folhas e valor ornamental reduzido.<\/p>\n\n\n\n<p class=\"wp-block-paragraph\">A doen\u00e7a \u00e9 causada por fungos ascomicetes, incluindo Capnodium spp. e Neocapnodium spp., cujas fases assexuadas espalham frequentemente bolores fuliginosos.<\/p>\n\n\n\n<p class=\"wp-block-paragraph\">Padr\u00f5es de ocorr\u00eancia: Em Guangdong, a fase assexuada do fungo \u00e9 comum. O fungo sobrevive como mic\u00e9lio em partes afectadas ou detritos e reproduz-se na melada segregada por cochonilhas, espalhando-se atrav\u00e9s do vento, da chuva e da atividade das cochonilhas. <\/p>\n\n\n\n<p class=\"wp-block-paragraph\">Os ambientes que favorecem a reprodu\u00e7\u00e3o de cochonilhas tamb\u00e9m favorecem o aparecimento de fuligem.<\/p>\n\n\n\n<p class=\"wp-block-paragraph\">As medidas de controlo incluem a melhoria do arejamento dos jardins e a aplica\u00e7\u00e3o de insecticidas para controlar as pragas e as doen\u00e7as. <\/p>\n\n\n\n<p class=\"wp-block-paragraph\">Solu\u00e7\u00f5es como 40% concentrado emulsion\u00e1vel de a\u00e7\u00e3o r\u00e1pida a 1000-3000 vezes a dilui\u00e7\u00e3o, ou 40% concentrado emulsion\u00e1vel de clorpirifos a 1000 vezes a dilui\u00e7\u00e3o, ou 25% concentrado emulsion\u00e1vel de imidaclopride a 2000 vezes a dilui\u00e7\u00e3o (para cochonilhas durante a fase de ninfa com uma solu\u00e7\u00e3o dilu\u00edda), ou 50% concentrado emulsion\u00e1vel de pirimicarbe a 2000-3000 vezes a dilui\u00e7\u00e3o (para af\u00eddeos).<\/p>\n\n\n\n<h3 class=\"wp-block-heading\">Escama de cera vermelha<\/h3>\n\n\n\n<p class=\"wp-block-paragraph\">A cochonilha vermelha da trombeta dourada (Ceroplastes rubens Maskell) \u00e9 uma praga muito comum que pertence \u00e0s fam\u00edlias Hemiptera e Coccidae. <\/p>\n\n\n\n<p class=\"wp-block-paragraph\">Danifica a trombeta dourada ao sugar a seiva dos ramos e das folhas, provocando defici\u00eancias nutricionais, enfraquecimento do vigor e obstru\u00e7\u00e3o da flora\u00e7\u00e3o e da frutifica\u00e7\u00e3o, o que pode levar \u00e0 morte dos ramos.<\/p>\n\n\n\n<p class=\"wp-block-paragraph\">Carater\u00edsticas Morfol\u00f3gicas: Os machos e as f\u00eameas adultos da cochonilha de cera vermelha diferem na apar\u00eancia. A f\u00eamea sem asas tem forma oval, vermelho-escuro, cerca de 4 mil\u00edmetros de comprimento e 2,5 mil\u00edmetros de altura, com uma espessa cobertura de cera no dorso, dando-lhe um aspeto de p\u00e3o. <\/p>\n\n\n\n<p class=\"wp-block-paragraph\">O macho tem um par de asas brancas, semi-transl\u00facidas, com uma envergadura de 2,5 mil\u00edmetros. As ninfas t\u00eam forma oval e s\u00e3o vermelho-escuras, com a cera do \u00faltimo instar a engrossar e a assemelhar-se \u00e0 carapa\u00e7a da f\u00eamea adulta, mas mais pequena. <\/p>\n\n\n\n<p class=\"wp-block-paragraph\">H\u00e1 uma gera\u00e7\u00e3o por ano, com f\u00eameas fertilizadas no inverno. O pico do per\u00edodo de postura de ovos das f\u00eameas invernantes \u00e9 em maio e junho, com a postura a durar mais de um m\u00eas. <\/p>\n\n\n\n<p class=\"wp-block-paragraph\">As ninfas rec\u00e9m-nascidas migram para novos rebentos e folhas para se alimentarem, tendo v\u00e1rias vespas como predadores naturais.<\/p>\n\n\n\n<p class=\"wp-block-paragraph\">Padr\u00f5es de Ocorr\u00eancia: H\u00e1 uma gera\u00e7\u00e3o por ano, com f\u00eameas fertilizadas nos ramos durante o inverno. <\/p>\n\n\n\n<p class=\"wp-block-paragraph\">As ninfas rec\u00e9m-eclodidas rastejam durante algum tempo antes de se fixarem no hospedeiro para se alimentarem, come\u00e7ando a segregar cera ap\u00f3s cerca de 6 horas e formando um revestimento de cera em forma de estrela ap\u00f3s 15 dias. <\/p>\n\n\n\n<p class=\"wp-block-paragraph\">Uma vez formado o revestimento de cera, \u00e9 menos ideal trat\u00e1-los porque a efic\u00e1cia das medidas de controlo diminui.<\/p>\n\n\n\n<p class=\"wp-block-paragraph\"><strong>M\u00e9todos de controlo:<\/strong><\/p>\n\n\n\n<p class=\"wp-block-paragraph\">Controlo manual: No in\u00edcio, remover manualmente as pragas ou podar os ramos e folhas muito infestados e elimin\u00e1-los corretamente.<\/p>\n\n\n\n<p class=\"wp-block-paragraph\">Controlo hort\u00edcola: A poda atempada e adequada para melhorar as condi\u00e7\u00f5es de ar e luz pode ajudar a reduzir as infesta\u00e7\u00f5es.<\/p>","protected":false},"excerpt":{"rendered":"<p>The Allemanda neriifolia is an evergreen shrub that grows upright to about 6.6 feet, though when potted it is typically kept at around 3.3 feet. The leaves, which come in whorls of three to five, are oval or inversely lanceolate and range from 2 to 4.7 inches in length and 0.6 to 1.6 inches in [&hellip;]<\/p>\n","protected":false},"author":1,"featured_media":15749,"comment_status":"open","ping_status":"open","sticky":false,"template":"","format":"standard","meta":{"_breakdance_hide_in_design_set":false,"_breakdance_tags":"","footnotes":""},"categories":[20],"tags":[],"class_list":["post-13952","post","type-post","status-publish","format-standard","has-post-thumbnail","hentry","category-species-and-types"],"_links":{"self":[{"href":"https:\/\/flowerslib.com\/pt\/wp-json\/wp\/v2\/posts\/13952","targetHints":{"allow":["GET"]}}],"collection":[{"href":"https:\/\/flowerslib.com\/pt\/wp-json\/wp\/v2\/posts"}],"about":[{"href":"https:\/\/flowerslib.com\/pt\/wp-json\/wp\/v2\/types\/post"}],"author":[{"embeddable":true,"href":"https:\/\/flowerslib.com\/pt\/wp-json\/wp\/v2\/users\/1"}],"replies":[{"embeddable":true,"href":"https:\/\/flowerslib.com\/pt\/wp-json\/wp\/v2\/comments?post=13952"}],"version-history":[{"count":0,"href":"https:\/\/flowerslib.com\/pt\/wp-json\/wp\/v2\/posts\/13952\/revisions"}],"wp:featuredmedia":[{"embeddable":true,"href":"https:\/\/flowerslib.com\/pt\/wp-json\/wp\/v2\/media\/15749"}],"wp:attachment":[{"href":"https:\/\/flowerslib.com\/pt\/wp-json\/wp\/v2\/media?parent=13952"}],"wp:term":[{"taxonomy":"category","embeddable":true,"href":"https:\/\/flowerslib.com\/pt\/wp-json\/wp\/v2\/categories?post=13952"},{"taxonomy":"post_tag","embeddable":true,"href":"https:\/\/flowerslib.com\/pt\/wp-json\/wp\/v2\/tags?post=13952"}],"curies":[{"name":"wp","href":"https:\/\/api.w.org\/{rel}","templated":true}]}}