{"id":13847,"date":"2023-12-05T11:01:03","date_gmt":"2023-12-05T03:01:03","guid":{"rendered":"https:\/\/flowerslib.com\/?p=13847"},"modified":"2023-12-05T11:01:05","modified_gmt":"2023-12-05T03:01:05","slug":"belamcanda-chinensis","status":"publish","type":"post","link":"https:\/\/flowerslib.com\/pt\/belamcanda-chinensis\/","title":{"rendered":"Explorando a Belamcanda Chinensis: Da distribui\u00e7\u00e3o global \u00e0 eleg\u00e2ncia do jardim"},"content":{"rendered":"<p class=\"wp-block-paragraph\">A Belamcanda chinensis \u00e9 uma planta herb\u00e1cea perene. Possui um rizoma de forma irregular, que se estende obliquamente, de cor amarela ou amarela-castanha, com numerosas ra\u00edzes fibrosas tamb\u00e9m amarelas. <\/p>\n\n\n\n<p class=\"wp-block-paragraph\">O caule \u00e9 ereto, com uma altura que varia de 1 a 1,5 metros, e \u00e9 s\u00f3lido no interior. O rizoma \u00e9 utilizado medicinalmente, caracterizado por um sabor amargo, um car\u00e1cter frio e uma ligeira toxicidade. <\/p>\n\n\n\n<p class=\"wp-block-paragraph\">\u00c9 eficaz para limpar o calor e desintoxicar, dispersar caro\u00e7os e reduzir a inflama\u00e7\u00e3o, aliviar o incha\u00e7o e a dor, aliviar a tosse e transformar a fleuma. \u00c9 utilizada para tratar doen\u00e7as como a amigdalite e as dores lombares.<\/p>\n\n\n\n<h2 class=\"wp-block-heading\">I. Carater\u00edsticas morfol\u00f3gicas<\/h2>\n\n\n\n<p class=\"wp-block-paragraph\"><\/p>\n\n\n<div class=\"wp-block-image\">\n<figure class=\"aligncenter size-full\"><img loading=\"lazy\" decoding=\"async\" width=\"1200\" height=\"800\" src=\"https:\/\/flowerslib.com\/wp-content\/uploads\/2023\/12\/4-1.jpg\" alt=\"Belamcanda chinensis\" class=\"wp-image-14694\" srcset=\"https:\/\/flowerslib.com\/wp-content\/uploads\/2023\/12\/4-1.jpg 1200w, https:\/\/flowerslib.com\/wp-content\/uploads\/2023\/12\/4-1-600x400.jpg 600w, https:\/\/flowerslib.com\/wp-content\/uploads\/2023\/12\/4-1-768x512.jpg 768w, https:\/\/flowerslib.com\/wp-content\/uploads\/2023\/12\/4-1-240x160.jpg 240w\" sizes=\"auto, (max-width: 1200px) 100vw, 1200px\" \/><\/figure>\n<\/div>\n\n\n<p class=\"wp-block-paragraph\"><\/p>\n\n\n\n<p class=\"wp-block-paragraph\">As folhas est\u00e3o dispostas alternadamente num padr\u00e3o sobreposto, em forma de espadas, com comprimentos que variam entre 20 e 60 cent\u00edmetros e larguras de 2 a 4 cent\u00edmetros. <\/p>\n\n\n\n<p class=\"wp-block-paragraph\">Cada folha agarra o caule com uma base semelhante a uma bainha, afinando para uma ponta pontiaguda, sem uma nervura central.<\/p>\n\n\n\n<p class=\"wp-block-paragraph\">A infloresc\u00eancia \u00e9 terminal, com ramifica\u00e7\u00e3o dicot\u00f3mica, e v\u00e1rias flores agrupadas na extremidade de cada ramo. <\/p>\n\n\n\n<p class=\"wp-block-paragraph\">Os caules das flores s\u00e3o delgados, com cerca de 1,5 cent\u00edmetros de comprimento, e tanto os caules como os ramos da infloresc\u00eancia s\u00e3o envolvidos por br\u00e1cteas membranosas, de forma lanceolada ou ovada. <\/p>\n\n\n\n<p class=\"wp-block-paragraph\">As flores s\u00e3o vermelho-alaranjadas com manchas castanhas-p\u00farpura dispersas, medindo 4 a 5 cent\u00edmetros de di\u00e2metro. <\/p>\n\n\n\n<p class=\"wp-block-paragraph\">H\u00e1 seis segmentos do perianto dispostos em duas filas; os segmentos exteriores do perianto s\u00e3o obovados ou el\u00edpticos alongados, com cerca de 2,5 cent\u00edmetros de comprimento e 1 cent\u00edmetro de largura, com pontas rombas, arredondadas ou ligeiramente recortadas e bases em forma de cunha. <\/p>\n\n\n\n<p class=\"wp-block-paragraph\">Os segmentos interiores s\u00e3o ligeiramente mais curtos e mais estreitos do que os exteriores. Existem tr\u00eas estames, cada um com 1,8 a 2 cent\u00edmetros de comprimento, fixados na base dos segmentos exteriores do perianto. <\/p>\n\n\n\n<p class=\"wp-block-paragraph\">As anteras s\u00e3o em forma de barra, abrindo-se para fora, com filamentos quase cil\u00edndricos, ligeiramente achatados e alargados na base. <\/p>\n\n\n\n<p class=\"wp-block-paragraph\">O estilete \u00e9 ligeiramente achatado na parte superior, com tr\u00eas l\u00f3bulos que se curvam marginalmente para o exterior, apresentando p\u00ealos finos e curtos. O ov\u00e1rio \u00e9 inferior, em forma de ovo invertido, com tr\u00eas c\u00e2maras e uma placenta central que cont\u00e9m numerosos \u00f3vulos.<\/p>\n\n\n\n<p class=\"wp-block-paragraph\">A c\u00e1psula tem forma de ovo invertido ou el\u00edptica alongada, verde-amarela, com 2,5 a 3 cent\u00edmetros de comprimento e 1,5 a 2,5 cent\u00edmetros de di\u00e2metro.<\/p>\n\n\n\n<p class=\"wp-block-paragraph\">A c\u00e1psula n\u00e3o tem um bico no topo, retendo frequentemente o perianto murcho, e abre-se dorsalmente quando madura, com as v\u00e1lvulas viradas para fora e um eixo central do fruto ereto. <\/p>\n\n\n\n<p class=\"wp-block-paragraph\">As sementes s\u00e3o esf\u00e9ricas, negro-arroxeadas, brilhantes, com cerca de 5 mil\u00edmetros de di\u00e2metro, presas ao eixo do fruto. O per\u00edodo de flora\u00e7\u00e3o \u00e9 de junho a agosto e o per\u00edodo de frutifica\u00e7\u00e3o \u00e9 de julho a setembro.<\/p>\n\n\n\n<h2 class=\"wp-block-heading\">II. Ambiente de crescimento<\/h2>\n\n\n\n<p class=\"wp-block-paragraph\">Esta planta desenvolve-se em orlas de florestas ou em encostas relvadas, principalmente em altitudes mais baixas, embora tamb\u00e9m possa crescer a altitudes de 2.000 a 2.200 metros nas montanhas do sudoeste. <\/p>\n\n\n\n<p class=\"wp-block-paragraph\">Favorece as condi\u00e7\u00f5es quentes e a luz do sol, \u00e9 resistente \u00e0 seca e ao frio, e n\u00e3o \u00e9 particular quanto ao tipo de solo. Pode ser cultivada em terrenos secos de encostas, mas desenvolve-se melhor em solos f\u00e9rteis e soltos. <\/p>\n\n\n\n<p class=\"wp-block-paragraph\">O ideal \u00e9 um solo franco-arenoso com boa drenagem, situado a maior altitude. D\u00e1-se bem em solos franco-neutros ou ligeiramente alcalinos, mas deve ser evitado em zonas baixas ou salino-alcalinas.<\/p>\n\n\n\n<h2 class=\"wp-block-heading\">III. Gama de distribui\u00e7\u00e3o<\/h2>\n\n\n\n<p class=\"wp-block-paragraph\">Esta esp\u00e9cie est\u00e1 distribu\u00edda por regi\u00f5es tropicais, subtropicais e temperadas de todo o mundo, com o seu centro de distribui\u00e7\u00e3o na \u00c1frica Austral e nas Am\u00e9ricas tropicais. Pode ser encontrada na Coreia, no Jap\u00e3o, na \u00cdndia, no Vietname e na antiga Uni\u00e3o Sovi\u00e9tica.<\/p>\n\n\n\n<h2 class=\"wp-block-heading\">IV. Valores prim\u00e1rios<\/h2>\n\n\n\n<h3 class=\"wp-block-heading\">Valor medicinal<\/h3>\n\n\n\n<p class=\"wp-block-paragraph\">Esta planta \u00e9 utilizada para tratar sintomas como dor de garganta e incha\u00e7o causados por vento-calor ou congest\u00e3o de fleuma-calor. Tamb\u00e9m \u00e9 aplicada em casos de excesso de catarro, tosse e asma. <\/p>\n\n\n\n<p class=\"wp-block-paragraph\">\u00c9 ben\u00e9fico para dores de garganta graves, afonia, obstipa\u00e7\u00e3o, quando outros tratamentos falham, reten\u00e7\u00e3o de \u00e1gua abdominal, escurecimento da pele e fases iniciais de abcesso mam\u00e1rio.<\/p>\n\n\n\n<h3 class=\"wp-block-heading\">Valor hort\u00edcola<\/h3>\n\n\n\n<p class=\"wp-block-paragraph\">Com as suas flores elegantes e intrigantes, a planta \u00e9 adequada para criar caminhos florais nos jardins.<\/p>","protected":false},"excerpt":{"rendered":"<p>The Belamcanda chinensis is a perennial herbaceous plant. It has an irregularly shaped, obliquely extending rhizome that is yellow or yellow-brown in color, with numerous fibrous roots that are also yellow. The stem is erect, ranging in height from 1 to 1.5 meters, and is solid within. The rhizome is used medicinally, characterized by a [&hellip;]<\/p>\n","protected":false},"author":1,"featured_media":14693,"comment_status":"open","ping_status":"open","sticky":false,"template":"","format":"standard","meta":{"_breakdance_hide_in_design_set":false,"_breakdance_tags":"","footnotes":""},"categories":[20],"tags":[],"class_list":["post-13847","post","type-post","status-publish","format-standard","has-post-thumbnail","hentry","category-species-and-types"],"_links":{"self":[{"href":"https:\/\/flowerslib.com\/pt\/wp-json\/wp\/v2\/posts\/13847","targetHints":{"allow":["GET"]}}],"collection":[{"href":"https:\/\/flowerslib.com\/pt\/wp-json\/wp\/v2\/posts"}],"about":[{"href":"https:\/\/flowerslib.com\/pt\/wp-json\/wp\/v2\/types\/post"}],"author":[{"embeddable":true,"href":"https:\/\/flowerslib.com\/pt\/wp-json\/wp\/v2\/users\/1"}],"replies":[{"embeddable":true,"href":"https:\/\/flowerslib.com\/pt\/wp-json\/wp\/v2\/comments?post=13847"}],"version-history":[{"count":0,"href":"https:\/\/flowerslib.com\/pt\/wp-json\/wp\/v2\/posts\/13847\/revisions"}],"wp:featuredmedia":[{"embeddable":true,"href":"https:\/\/flowerslib.com\/pt\/wp-json\/wp\/v2\/media\/14693"}],"wp:attachment":[{"href":"https:\/\/flowerslib.com\/pt\/wp-json\/wp\/v2\/media?parent=13847"}],"wp:term":[{"taxonomy":"category","embeddable":true,"href":"https:\/\/flowerslib.com\/pt\/wp-json\/wp\/v2\/categories?post=13847"},{"taxonomy":"post_tag","embeddable":true,"href":"https:\/\/flowerslib.com\/pt\/wp-json\/wp\/v2\/tags?post=13847"}],"curies":[{"name":"wp","href":"https:\/\/api.w.org\/{rel}","templated":true}]}}