{"id":13650,"date":"2023-10-31T15:49:16","date_gmt":"2023-10-31T07:49:16","guid":{"rendered":"https:\/\/flowerslib.com\/?p=13650"},"modified":"2023-10-31T15:49:18","modified_gmt":"2023-10-31T07:49:18","slug":"uraria-crinita","status":"publish","type":"post","link":"https:\/\/flowerslib.com\/pt\/uraria-crinita\/","title":{"rendered":"Uraria Crinita: Explorando a M\u00edstica de uma Leguminosa Perene"},"content":{"rendered":"<p class=\"wp-block-paragraph\">A Uraria crinita \u00e9 um subarbusto perene da fam\u00edlia das leguminosas. Tem caules erectos que podem atingir 1,5 metros de altura. Tem poucos ramos e as suas folhas s\u00e3o compostas \u00edmpares, com est\u00edpulas triangulares com pontas longas, finas e pontiagudas. <\/p>\n\n\n\n<p class=\"wp-block-paragraph\">As extremidades das est\u00edpulas est\u00e3o cobertas de p\u00ealos branco-acinzentados. Os fol\u00edolos s\u00e3o cori\u00e1ceos, com fol\u00edolos laterais ligeiramente mais pequenos.<\/p>\n\n\n\n<p class=\"wp-block-paragraph\"> A superf\u00edcie superior dos fol\u00edolos \u00e9 desprovida de p\u00ealos ou est\u00e1 escassamente coberta de p\u00ealos curtos acinzentados ao longo da nervura central, enquanto a superf\u00edcie inferior est\u00e1 coberta de p\u00ealos curtos ao longo das nervuras. <\/p>\n\n\n\n<p class=\"wp-block-paragraph\">Os fol\u00edolos s\u00e3o elevados em ambas as superf\u00edcies e t\u00eam nervuras reticuladas proeminentes na superf\u00edcie inferior. As pequenas br\u00e1cteas triangulares est\u00e3o cobertas de p\u00ealos curtos e os caules dos fol\u00edolos est\u00e3o densamente cobertos de p\u00ealos. <\/p>\n\n\n\n<p class=\"wp-block-paragraph\">A infloresc\u00eancia \u00e9 terminal e em forma de racemo, robusta e robusta, com br\u00e1cteas ovais ou lanceoladas. As hastes florais alongam-se e dobram-se ap\u00f3s a flora\u00e7\u00e3o. <\/p>\n\n\n\n<p class=\"wp-block-paragraph\"><\/p>\n\n\n<div class=\"wp-block-image\">\n<figure class=\"aligncenter size-full\"><img loading=\"lazy\" decoding=\"async\" width=\"1200\" height=\"800\" src=\"https:\/\/flowerslib.com\/wp-content\/uploads\/2023\/10\/2-52.jpg\" alt=\"Uraria crinita\" class=\"wp-image-13752\" srcset=\"https:\/\/flowerslib.com\/wp-content\/uploads\/2023\/10\/2-52.jpg 1200w, https:\/\/flowerslib.com\/wp-content\/uploads\/2023\/10\/2-52-600x400.jpg 600w, https:\/\/flowerslib.com\/wp-content\/uploads\/2023\/10\/2-52-768x512.jpg 768w, https:\/\/flowerslib.com\/wp-content\/uploads\/2023\/10\/2-52-240x160.jpg 240w\" sizes=\"auto, (max-width: 1200px) 100vw, 1200px\" \/><\/figure>\n<\/div>\n\n\n<p class=\"wp-block-paragraph\"><\/p>\n\n\n\n<p class=\"wp-block-paragraph\">O c\u00e1lice tem forma de ta\u00e7a pouco profunda e est\u00e1 coberto de p\u00ealos longos, com 5 l\u00f3bulos, tendo os 2 superiores cerca de 3 mm de comprimento e os 3 inferiores cerca de 3,5 mm. <\/p>\n\n\n\n<p class=\"wp-block-paragraph\">A corola \u00e9 p\u00farpura e tem cerca de 6 mm de comprimento. O fruto \u00e9 ligeiramente coberto de p\u00ealos curtos, com 2-4 segmentos el\u00edpticos e nervuras reticuladas. Floresce e frutifica de abril a setembro.<\/p>\n\n\n\n<h2 class=\"wp-block-heading\">I. Carater\u00edsticas morfol\u00f3gicas<\/h2>\n\n\n\n<p class=\"wp-block-paragraph\">\u00c9 um subarbusto com caules erectos, atingindo uma altura de 1-1,5 metros. Tem poucos ramos e est\u00e1 coberto de p\u00ealos curtos acinzentados.<\/p>\n\n\n\n<p class=\"wp-block-paragraph\">As folhas s\u00e3o compostas, com 3 fol\u00edolos na parte inferior do caule e 5 fol\u00edolos na parte superior, ocasionalmente com 7 fol\u00edolos. <\/p>\n\n\n\n<p class=\"wp-block-paragraph\">As est\u00edpulas s\u00e3o triangulares, medindo 6-10mm de comprimento, com pontas longas, finas e pontiagudas, e uma base com 2mm de largura. Os bordos das est\u00edpulas est\u00e3o cobertos de p\u00ealos branco-acinzentados. O caule da folha tem 5,5-15 cm de comprimento e est\u00e1 coberto de p\u00ealos curtos branco-acinzentados. <\/p>\n\n\n\n<p class=\"wp-block-paragraph\">Os fol\u00edolos s\u00e3o cori\u00e1ceos, de forma oval alongada, lanceolada ou ovada. O folheto terminal mede 6-15 cm de comprimento e 3-8 cm de largura, enquanto os folhetos laterais s\u00e3o ligeiramente mais pequenos. <\/p>\n\n\n\n<p class=\"wp-block-paragraph\">As pontas dos fol\u00edolos s\u00e3o ligeiramente agudas, obtusas ou arredondadas, e as bases s\u00e3o arredondadas a ligeiramente cordadas. A superf\u00edcie superior dos fol\u00edolos n\u00e3o tem p\u00ealos ou est\u00e1 escassamente coberta de p\u00ealos curtos acinzentados ao longo da nervura central, enquanto a superf\u00edcie inferior est\u00e1 coberta de p\u00ealos curtos ao longo das nervuras. <\/p>\n\n\n\n<p class=\"wp-block-paragraph\">Existem 6-9 nervuras secund\u00e1rias em cada lado dos fol\u00edolos, que s\u00e3o elevados em ambas as superf\u00edcies. A superf\u00edcie inferior apresenta nervuras reticuladas distintas. <\/p>\n\n\n\n<p class=\"wp-block-paragraph\">As pequenas br\u00e1cteas triangulares t\u00eam 5 mm de comprimento e 1,5 mm de largura na base, com p\u00ealos esparsos ao longo dos bordos. Os caules dos fol\u00edolos t\u00eam 1-3 mm de comprimento e est\u00e3o densamente cobertos de p\u00ealos.<\/p>\n\n\n\n<p class=\"wp-block-paragraph\">A infloresc\u00eancia do racemo terminal tem 15-30 cm de comprimento ou mais, \u00e9 robusta e densamente coberta de p\u00ealos longos e r\u00edgidos branco-acinzentados. As br\u00e1cteas s\u00e3o ovais ou lanceoladas, at\u00e9 2 cm de comprimento e 7 mm de largura, com riscas e p\u00ealos brancos ao longo dos bordos. <\/p>\n\n\n\n<p class=\"wp-block-paragraph\">O ped\u00fanculo da flor tem cerca de 4 mm de comprimento e alonga-se at\u00e9 10-15 mm ap\u00f3s a flora\u00e7\u00e3o, curvando-se e coberto de p\u00ealos curtos em forma de gancho e p\u00ealos longos brancos. O c\u00e1lice tem uma forma de ta\u00e7a pouco profunda, coberto de p\u00ealos brancos longos e r\u00edgidos, e tem 5 l\u00f3bulos. <\/p>\n\n\n\n<p class=\"wp-block-paragraph\">Os l\u00f3bulos superiores t\u00eam cerca de 3 mm de comprimento e os l\u00f3bulos inferiores t\u00eam cerca de 3,5 mm de comprimento. A corola \u00e9 p\u00farpura e tem cerca de 6 mm de comprimento.<\/p>\n\n\n\n<p class=\"wp-block-paragraph\">O fruto \u00e9 ligeiramente coberto de p\u00ealos curtos, com 2-4 segmentos el\u00edpticos e nervuras reticuladas. Floresce e frutifica de abril a setembro.<\/p>\n\n\n\n<h2 class=\"wp-block-heading\">II. Ambiente de crescimento<\/h2>\n\n\n\n<p class=\"wp-block-paragraph\">Encontra-se sobretudo em encostas secas, bermas de estradas ou arbustos a altitudes inferiores a 850 metros.<\/p>\n\n\n\n<h2 class=\"wp-block-heading\">III. Distribui\u00e7\u00e3o<\/h2>\n\n\n\n<p class=\"wp-block-paragraph\">Distribui-se na \u00cdndia, no Sri Lanka, na Pen\u00ednsula Indochinesa, na Pen\u00ednsula Malaia e a sul at\u00e9 ao norte da Austr\u00e1lia.<\/p>\n\n\n\n<h2 class=\"wp-block-heading\">IV. Crescimento e propaga\u00e7\u00e3o<\/h2>\n\n\n\n<p class=\"wp-block-paragraph\">As sementes da erva rabo-de-gato t\u00eam um revestimento duro e precisam de ser escarificadas antes de serem semeadas para garantir uma germina\u00e7\u00e3o uniforme. Para o cultivo em pequena escala, os agricultores utilizam frequentemente objectos duros (como tijolos) para esfregar e quebrar o revestimento das sementes. <\/p>\n\n\n\n<p class=\"wp-block-paragraph\">Para o cultivo em grande escala com uma maior quantidade de sementes, utiliza-se um pequeno moinho de arroz para esmagar as sementes. Ap\u00f3s a escarifica\u00e7\u00e3o, as sementes s\u00e3o embebidas em \u00e1gua quente a uma temperatura de 30-35\u00b0C durante 12-18 dias para promover a germina\u00e7\u00e3o antes da sementeira.<\/p>\n\n\n\n<p class=\"wp-block-paragraph\">Existem dois m\u00e9todos de sementeira: a sementeira direta e o transplante de pl\u00e2ntulas. A sementeira direta poupa trabalho, mas resulta numa emerg\u00eancia irregular, num fraco controlo da densidade de planta\u00e7\u00e3o e num baixo rendimento. <\/p>\n\n\n\n<p class=\"wp-block-paragraph\">A transplanta\u00e7\u00e3o de pl\u00e2ntulas, por outro lado, assegura um crescimento uniforme, uma densidade de planta\u00e7\u00e3o razo\u00e1vel e um rendimento elevado. Recomenda-se a utiliza\u00e7\u00e3o do m\u00e9todo de transplante de pl\u00e2ntulas para a produ\u00e7\u00e3o comercial.<\/p>","protected":false},"excerpt":{"rendered":"<p>Uraria crinita is a perennial subshrub in the legume family. It has erect stems that can grow up to 1.5 meters tall. It has few branches and its leaves are odd-pinnate compound, with triangular-shaped stipules that have long, slender, and pointed tips. The edges of the stipules are covered in grayish-white hairs. The leaflets are [&hellip;]<\/p>\n","protected":false},"author":1,"featured_media":13751,"comment_status":"open","ping_status":"open","sticky":false,"template":"","format":"standard","meta":{"_breakdance_hide_in_design_set":false,"_breakdance_tags":"","footnotes":""},"categories":[20],"tags":[],"class_list":["post-13650","post","type-post","status-publish","format-standard","has-post-thumbnail","hentry","category-species-and-types"],"_links":{"self":[{"href":"https:\/\/flowerslib.com\/pt\/wp-json\/wp\/v2\/posts\/13650","targetHints":{"allow":["GET"]}}],"collection":[{"href":"https:\/\/flowerslib.com\/pt\/wp-json\/wp\/v2\/posts"}],"about":[{"href":"https:\/\/flowerslib.com\/pt\/wp-json\/wp\/v2\/types\/post"}],"author":[{"embeddable":true,"href":"https:\/\/flowerslib.com\/pt\/wp-json\/wp\/v2\/users\/1"}],"replies":[{"embeddable":true,"href":"https:\/\/flowerslib.com\/pt\/wp-json\/wp\/v2\/comments?post=13650"}],"version-history":[{"count":0,"href":"https:\/\/flowerslib.com\/pt\/wp-json\/wp\/v2\/posts\/13650\/revisions"}],"wp:featuredmedia":[{"embeddable":true,"href":"https:\/\/flowerslib.com\/pt\/wp-json\/wp\/v2\/media\/13751"}],"wp:attachment":[{"href":"https:\/\/flowerslib.com\/pt\/wp-json\/wp\/v2\/media?parent=13650"}],"wp:term":[{"taxonomy":"category","embeddable":true,"href":"https:\/\/flowerslib.com\/pt\/wp-json\/wp\/v2\/categories?post=13650"},{"taxonomy":"post_tag","embeddable":true,"href":"https:\/\/flowerslib.com\/pt\/wp-json\/wp\/v2\/tags?post=13650"}],"curies":[{"name":"wp","href":"https:\/\/api.w.org\/{rel}","templated":true}]}}