{"id":13632,"date":"2023-10-31T15:57:24","date_gmt":"2023-10-31T07:57:24","guid":{"rendered":"https:\/\/flowerslib.com\/?p=13632"},"modified":"2023-10-31T15:57:26","modified_gmt":"2023-10-31T07:57:26","slug":"antirrhinum-majus","status":"publish","type":"post","link":"https:\/\/flowerslib.com\/pt\/antirrhinum-majus\/","title":{"rendered":"Antirrhinum majus: Um guia de plantas perenes coloridas"},"content":{"rendered":"<p class=\"wp-block-paragraph\">A Antirrhinum majus \u00e9 uma planta herb\u00e1cea perene. Pode crescer at\u00e9 20-70 cent\u00edmetros de altura, com folhas alongadas e lanceoladas. Tem uma infloresc\u00eancia em racemo, com corolas de l\u00e1bios tubulares. <\/p>\n\n\n\n<p class=\"wp-block-paragraph\">A base da corola incha numa estrutura semelhante a uma bolsa, com um l\u00e1bio superior ereto dividido em dois l\u00f3bulos e um l\u00e1bio inferior dividido em tr\u00eas l\u00f3bulos, que se abrem para fora. <\/p>\n\n\n\n<p class=\"wp-block-paragraph\">As flores s\u00e3o de v\u00e1rias cores, como branco, vermelho claro, vermelho escuro, cor de carne, amarelo escuro, amarelo claro e amarelo alaranjado. \u00c9 adequada para o cultivo em vaso, pois as suas flores vibrantes tornam-na altamente ornamental. <\/p>\n\n\n\n<p class=\"wp-block-paragraph\">\u00c9 nativa da regi\u00e3o mediterr\u00e2nica, com uma distribui\u00e7\u00e3o que vai de Marrocos e Portugal a norte, a Fran\u00e7a a sul, e \u00e0 Turquia e S\u00edria a leste. O nome da planta deve-se ao facto de as suas flores se assemelharem a peixes dourados. <\/p>\n\n\n\n<p class=\"wp-block-paragraph\"><\/p>\n\n\n<div class=\"wp-block-image\">\n<figure class=\"aligncenter size-full\"><img loading=\"lazy\" decoding=\"async\" width=\"1200\" height=\"800\" src=\"https:\/\/flowerslib.com\/wp-content\/uploads\/2023\/10\/6-5.jpg\" alt=\"Antirrhinum majus\" class=\"wp-image-13808\" srcset=\"https:\/\/flowerslib.com\/wp-content\/uploads\/2023\/10\/6-5.jpg 1200w, https:\/\/flowerslib.com\/wp-content\/uploads\/2023\/10\/6-5-600x400.jpg 600w, https:\/\/flowerslib.com\/wp-content\/uploads\/2023\/10\/6-5-768x512.jpg 768w, https:\/\/flowerslib.com\/wp-content\/uploads\/2023\/10\/6-5-240x160.jpg 240w\" sizes=\"auto, (max-width: 1200px) 100vw, 1200px\" \/><\/figure>\n<\/div>\n\n\n<p class=\"wp-block-paragraph\"><\/p>\n\n\n\n<p class=\"wp-block-paragraph\">Al\u00e9m disso, \u00e9 tamb\u00e9m utilizada na medicina tradicional chinesa pelas suas propriedades de limpeza do calor, desintoxica\u00e7\u00e3o, arrefecimento do sangue e redu\u00e7\u00e3o do incha\u00e7o. Tamb\u00e9m pode ser utilizada para extrair \u00f3leo para consumo, proporcionando benef\u00edcios nutricionais.<\/p>\n\n\n\n<h2 class=\"wp-block-heading\">I. Carater\u00edsticas morfol\u00f3gicas<\/h2>\n\n\n\n<p class=\"wp-block-paragraph\">\u00c9 uma planta herb\u00e1cea perene e erecta, com a base do caule por vezes a tornar-se lenhosa, atingindo alturas de at\u00e9 80 cent\u00edmetros. <\/p>\n\n\n\n<p class=\"wp-block-paragraph\">A parte inferior do caule n\u00e3o tem p\u00ealos, enquanto as partes m\u00e9dia e superior t\u00eam p\u00ealos glandulares, com ramifica\u00e7\u00f5es ocasionais na base. As folhas inferiores s\u00e3o opostas, enquanto as superiores s\u00e3o frequentemente alternas, com pec\u00edolos curtos. <\/p>\n\n\n\n<p class=\"wp-block-paragraph\"><\/p>\n\n\n<div class=\"wp-block-image\">\n<figure class=\"aligncenter size-full\"><img loading=\"lazy\" decoding=\"async\" width=\"1200\" height=\"800\" src=\"https:\/\/flowerslib.com\/wp-content\/uploads\/2023\/10\/4-35.jpg\" alt=\"Antirrhinum majus\" class=\"wp-image-13810\" srcset=\"https:\/\/flowerslib.com\/wp-content\/uploads\/2023\/10\/4-35.jpg 1200w, https:\/\/flowerslib.com\/wp-content\/uploads\/2023\/10\/4-35-600x400.jpg 600w, https:\/\/flowerslib.com\/wp-content\/uploads\/2023\/10\/4-35-768x512.jpg 768w, https:\/\/flowerslib.com\/wp-content\/uploads\/2023\/10\/4-35-240x160.jpg 240w\" sizes=\"auto, (max-width: 1200px) 100vw, 1200px\" \/><\/figure>\n<\/div>\n\n\n<p class=\"wp-block-paragraph\"><\/p>\n\n\n\n<p class=\"wp-block-paragraph\">As l\u00e2minas das folhas s\u00e3o desprovidas de p\u00ealos, variando de lanceoladas a ovado-lanceoladas, medindo 2-6 cent\u00edmetros de comprimento, com margens inteiras.<\/p>\n\n\n\n<p class=\"wp-block-paragraph\">A infloresc\u00eancia do racemo \u00e9 terminal e densamente coberta de p\u00ealos glandulares. Os ped\u00fanculos das flores t\u00eam 5-7 mil\u00edmetros de comprimento e o c\u00e1lice \u00e9 quase t\u00e3o longo como o ped\u00fanculo, profundamente dividido em 5 l\u00f3bulos ovados, rombos ou agudos. <\/p>\n\n\n\n<p class=\"wp-block-paragraph\">A corola apresenta-se numa variedade de cores, desde o vermelho e roxo at\u00e9 ao branco, medindo 3-5 cent\u00edmetros de comprimento. <\/p>\n\n\n\n<p class=\"wp-block-paragraph\">A base da corola prolonga-se para a frente, formando uma estrutura semelhante a um capuz, com um l\u00e1bio superior ereto e grande, dividido em dois l\u00f3bulos, e um l\u00e1bio inferior com tr\u00eas l\u00f3bulos pouco profundos. <\/p>\n\n\n\n<p class=\"wp-block-paragraph\">A parte m\u00e9dia do l\u00e1bio inferior projecta-se para o l\u00e1bio superior, fechando a garganta e dando \u00e0 corola um aspeto de m\u00e1scara. Existem quatro estames, dois dos quais s\u00e3o mais fortes do que os outros.<\/p>\n\n\n\n<p class=\"wp-block-paragraph\"><\/p>\n\n\n<div class=\"wp-block-image\">\n<figure class=\"aligncenter size-full\"><img loading=\"lazy\" decoding=\"async\" width=\"1200\" height=\"800\" src=\"https:\/\/flowerslib.com\/wp-content\/uploads\/2023\/10\/1-60.jpg\" alt=\"Antirrhinum majus\" class=\"wp-image-13811\" srcset=\"https:\/\/flowerslib.com\/wp-content\/uploads\/2023\/10\/1-60.jpg 1200w, https:\/\/flowerslib.com\/wp-content\/uploads\/2023\/10\/1-60-600x400.jpg 600w, https:\/\/flowerslib.com\/wp-content\/uploads\/2023\/10\/1-60-768x512.jpg 768w, https:\/\/flowerslib.com\/wp-content\/uploads\/2023\/10\/1-60-240x160.jpg 240w\" sizes=\"auto, (max-width: 1200px) 100vw, 1200px\" \/><\/figure>\n<\/div>\n\n\n<p class=\"wp-block-paragraph\"><\/p>\n\n\n\n<p class=\"wp-block-paragraph\">O fruto \u00e9 ovoide, com cerca de 15 mil\u00edmetros de comprimento, com uma base fortemente alongada e p\u00ealos glandulares, e um poro deiscente terminal.<\/p>\n\n\n\n<h2 class=\"wp-block-heading\">II. Ambiente de crescimento<\/h2>\n\n\n\n<p class=\"wp-block-paragraph\">Prefere a luz do sol mas pode tolerar a sombra parcial. \u00c9 relativamente resistente ao frio mas n\u00e3o ao calor extremo. Desenvolve-se bem em solos soltos, f\u00e9rteis e bem drenados, podendo tamb\u00e9m crescer bem em solos calc\u00e1rios.<\/p>\n\n\n\n<h2 class=\"wp-block-heading\">III. Gama de distribui\u00e7\u00e3o<\/h2>\n\n\n\n<p class=\"wp-block-paragraph\">\u00c9 origin\u00e1ria das regi\u00f5es costeiras do Mediterr\u00e2neo, desde Marrocos e Portugal, a norte, at\u00e9 Fran\u00e7a, a sul, e Turquia e S\u00edria, a leste.<\/p>\n\n\n\n<h2 class=\"wp-block-heading\">IV. Controlo das doen\u00e7as e das pragas<\/h2>\n\n\n\n<p class=\"wp-block-paragraph\">Durante a fase de pl\u00e2ntula, o Snapdragon pode ser suscet\u00edvel \u00e0 doen\u00e7a do \"damping-off\", que provoca o apodrecimento do rizoma, levando ao acamamento da planta ou ao seu murchamento. <\/p>\n\n\n\n<p class=\"wp-block-paragraph\">Os m\u00e9todos de preven\u00e7\u00e3o incluem evitar temperaturas do solo demasiado baixas. A calda bordalesa tamb\u00e9m pode ser utilizada para pulveriza\u00e7\u00e3o.<\/p>\n\n\n\n<h2 class=\"wp-block-heading\">V. Valor principal<\/h2>\n\n\n\n<p class=\"wp-block-paragraph\">A Snapdragon \u00e9 uma flor que floresce no ver\u00e3o e no outono e \u00e9 amplamente plantada nos jardins chineses. \u00c9 adequada para a planta\u00e7\u00e3o em massa em canteiros de flores e paisagens, e a sua combina\u00e7\u00e3o com outras flores como o Cosmos, a Morning Glory an\u00e3, a Cal\u00eandula e a Kalanchoe produz excelentes efeitos visuais. <\/p>\n\n\n\n<p class=\"wp-block-paragraph\">As variedades altas podem ser utilizadas como planta\u00e7\u00f5es de fundo, enquanto as variedades an\u00e3s s\u00e3o adequadas para jardins ornamentais, vasos de peitoril de janela ou planta\u00e7\u00f5es de bordadura. Tamb\u00e9m pode ser utilizada como flor de corte.<\/p>","protected":false},"excerpt":{"rendered":"<p>The Antirrhinum majus is a perennial herbaceous plant. It can grow up to 20-70 centimeters tall, with elongated lanceolate leaves. It has a raceme inflorescence, with tubular-lipped corollas. The base of the corolla swells into a pouch-like structure, with an upright upper lip that is divided into two lobes, and a lower lip that is [&hellip;]<\/p>\n","protected":false},"author":1,"featured_media":13807,"comment_status":"open","ping_status":"open","sticky":false,"template":"","format":"standard","meta":{"_breakdance_hide_in_design_set":false,"_breakdance_tags":"","footnotes":""},"categories":[20],"tags":[],"class_list":["post-13632","post","type-post","status-publish","format-standard","has-post-thumbnail","hentry","category-species-and-types"],"_links":{"self":[{"href":"https:\/\/flowerslib.com\/pt\/wp-json\/wp\/v2\/posts\/13632","targetHints":{"allow":["GET"]}}],"collection":[{"href":"https:\/\/flowerslib.com\/pt\/wp-json\/wp\/v2\/posts"}],"about":[{"href":"https:\/\/flowerslib.com\/pt\/wp-json\/wp\/v2\/types\/post"}],"author":[{"embeddable":true,"href":"https:\/\/flowerslib.com\/pt\/wp-json\/wp\/v2\/users\/1"}],"replies":[{"embeddable":true,"href":"https:\/\/flowerslib.com\/pt\/wp-json\/wp\/v2\/comments?post=13632"}],"version-history":[{"count":0,"href":"https:\/\/flowerslib.com\/pt\/wp-json\/wp\/v2\/posts\/13632\/revisions"}],"wp:featuredmedia":[{"embeddable":true,"href":"https:\/\/flowerslib.com\/pt\/wp-json\/wp\/v2\/media\/13807"}],"wp:attachment":[{"href":"https:\/\/flowerslib.com\/pt\/wp-json\/wp\/v2\/media?parent=13632"}],"wp:term":[{"taxonomy":"category","embeddable":true,"href":"https:\/\/flowerslib.com\/pt\/wp-json\/wp\/v2\/categories?post=13632"},{"taxonomy":"post_tag","embeddable":true,"href":"https:\/\/flowerslib.com\/pt\/wp-json\/wp\/v2\/tags?post=13632"}],"curies":[{"name":"wp","href":"https:\/\/api.w.org\/{rel}","templated":true}]}}