{"id":13559,"date":"2023-10-25T16:22:35","date_gmt":"2023-10-25T08:22:35","guid":{"rendered":"https:\/\/flowerslib.com\/?p=13559"},"modified":"2023-10-25T16:22:37","modified_gmt":"2023-10-25T08:22:37","slug":"anemona-raddeana","status":"publish","type":"post","link":"https:\/\/flowerslib.com\/pt\/anemone-raddeana\/","title":{"rendered":"Cultivo da an\u00e9mona Raddeana: Dicas e t\u00e9cnicas"},"content":{"rendered":"<p class=\"wp-block-paragraph\">A An\u00e9mona raddeana, frequentemente conhecida como An\u00e9mona de Radde, \u00e9 uma planta herb\u00e1cea perene do g\u00e9nero An\u00e9mona da fam\u00edlia Ranunculaceae. O rizoma da planta \u00e9 horizontal ou obliquamente orientado, delgado e articulado. Tem folhas semelhantes a escamas, com folhas basais singulares que s\u00e3o trifoliadas. <\/p>\n\n\n\n<p class=\"wp-block-paragraph\">Os caules das folhas n\u00e3o t\u00eam p\u00ealos ou t\u00eam p\u00ealos longos e macios esparsos. Os fol\u00edolos centrais s\u00e3o ovais ou el\u00edpticos com serrilhas esparsas ao longo dos bordos. A haste floral \u00e9 quase desprovida de p\u00ealos, com uma \u00fanica flor. <\/p>\n\n\n\n<p class=\"wp-block-paragraph\">As br\u00e1cteas involucrais s\u00e3o segmentadas e em forma de diamante com cinco \u00e2ngulos. As hastes florais t\u00eam p\u00ealos macios esparsos ou s\u00e3o quase desprovidas de p\u00ealos. As s\u00e9palas s\u00e3o brancas, por vezes com uma ligeira tonalidade p\u00farpura, alongadas, circulares e sem p\u00ealos. O aqu\u00e9nio \u00e9 estreitamente ovalado com p\u00ealos finos. <\/p>\n\n\n\n<p class=\"wp-block-paragraph\">O per\u00edodo de flora\u00e7\u00e3o \u00e9 de abril a maio e o per\u00edodo de frutifica\u00e7\u00e3o de maio a junho. Ao contr\u00e1rio das outras esp\u00e9cies de an\u00e9monas, a an\u00e9mona de Radde tem um n\u00famero multiplicado de s\u00e9palas, o que lhe d\u00e1 um aspeto de p\u00e9tala dupla, da\u00ed o seu nome.<\/p>\n\n\n\n<p class=\"wp-block-paragraph\"><\/p>\n\n\n<div class=\"wp-block-image\">\n<figure class=\"aligncenter size-full\"><img loading=\"lazy\" decoding=\"async\" width=\"1200\" height=\"800\" src=\"https:\/\/flowerslib.com\/wp-content\/uploads\/2023\/10\/1-35.jpg\" alt=\"An\u00e9mona raddeana\" class=\"wp-image-13562\" srcset=\"https:\/\/flowerslib.com\/wp-content\/uploads\/2023\/10\/1-35.jpg 1200w, https:\/\/flowerslib.com\/wp-content\/uploads\/2023\/10\/1-35-600x400.jpg 600w, https:\/\/flowerslib.com\/wp-content\/uploads\/2023\/10\/1-35-768x512.jpg 768w, https:\/\/flowerslib.com\/wp-content\/uploads\/2023\/10\/1-35-240x160.jpg 240w\" sizes=\"auto, (max-width: 1200px) 100vw, 1200px\" \/><\/figure>\n<\/div>\n\n\n<p class=\"wp-block-paragraph\"><\/p>\n\n\n\n<p class=\"wp-block-paragraph\">A An\u00e9mona de Radde encontra-se nas prov\u00edncias chinesas de Liaoning, Jilin, Heilongjiang e no nordeste de Shandong. Tamb\u00e9m se encontra na Coreia do Norte e no Extremo Oriente da R\u00fassia. Cresce principalmente em florestas de montanha e prados sombrios a altitudes de cerca de 800 metros. <\/p>\n\n\n\n<p class=\"wp-block-paragraph\">A An\u00e9mona de Radde \u00e9 resistente ao frio, sens\u00edvel ao calor e prefere um solo f\u00e9rtil. Propaga-se por sementes ou rizomas.<\/p>\n\n\n\n<p class=\"wp-block-paragraph\">O rizoma da An\u00e9mona de Radde \u00e9 utilizado para fins medicinais. Tem um sabor picante, propriedades quentes e \u00e9 t\u00f3xico. \u00c9 tradicionalmente utilizado para dissipar a humidade do vento, dissipar o frio, aliviar a dor e reduzir o incha\u00e7o e os abcessos. <\/p>\n\n\n\n<p class=\"wp-block-paragraph\">A investiga\u00e7\u00e3o farmacol\u00f3gica moderna indica tamb\u00e9m o seu potencial em termos de efeitos anti-tumorais, anti-inflamat\u00f3rios, analg\u00e9sicos e sedativos.<\/p>\n\n\n\n<h2 class=\"wp-block-heading\">Carater\u00edsticas morfol\u00f3gicas<\/h2>\n\n\n\n<p class=\"wp-block-paragraph\"><\/p>\n\n\n<div class=\"wp-block-image\">\n<figure class=\"aligncenter size-full\"><img loading=\"lazy\" decoding=\"async\" width=\"1200\" height=\"800\" src=\"https:\/\/flowerslib.com\/wp-content\/uploads\/2023\/10\/4-10.jpg\" alt=\"An\u00e9mona raddeana\" class=\"wp-image-13563\" srcset=\"https:\/\/flowerslib.com\/wp-content\/uploads\/2023\/10\/4-10.jpg 1200w, https:\/\/flowerslib.com\/wp-content\/uploads\/2023\/10\/4-10-600x400.jpg 600w, https:\/\/flowerslib.com\/wp-content\/uploads\/2023\/10\/4-10-768x512.jpg 768w, https:\/\/flowerslib.com\/wp-content\/uploads\/2023\/10\/4-10-240x160.jpg 240w\" sizes=\"auto, (max-width: 1200px) 100vw, 1200px\" \/><\/figure>\n<\/div>\n\n\n<p class=\"wp-block-paragraph\"><\/p>\n\n\n\n<p class=\"wp-block-paragraph\">A An\u00e9mona de Radde \u00e9 uma erva perene que cresce 10-30 cm de altura. O seu rizoma delgado e articulado cresce horizontalmente ou obliquamente, medindo 2-3 cm de comprimento e 3-7 mm de di\u00e2metro. A planta tem folhas semelhantes a escamas e folhas trifoliadas basais singulares com caules de 5-15 cm. <\/p>\n\n\n\n<p class=\"wp-block-paragraph\">As folhas s\u00e3o trilobadas e cada l\u00f3bulo tem um talo delgado, com duas ou tr\u00eas fendas profundas e sem p\u00ealos. O caule da folha tem 2-7,8 cm de comprimento, sem p\u00ealos ou escassamente coberto de p\u00ealos longos e macios. O caule da flor \u00e9 quase sem p\u00ealos, com 3 br\u00e1cteas, cada uma com um ped\u00fanculo de 2-5 mm. <\/p>\n\n\n\n<p class=\"wp-block-paragraph\">Os fol\u00edolos s\u00e3o em forma de leque, com 1-2 cm de comprimento, trilobados, sendo o fol\u00edolo central ovado ou el\u00edptico e os bordos com dentes esparsos.<\/p>\n\n\n\n<p class=\"wp-block-paragraph\">A haste floral, quase sem p\u00ealos, tem uma \u00fanica flor. O ped\u00fanculo floral tem 1-1,3 cm de comprimento e \u00e9 escassamente coberto de p\u00ealos moles ou quase sem p\u00ealos. As br\u00e1cteas involucrais s\u00e3o em forma de diamante com cinco \u00e2ngulos. <\/p>\n\n\n\n<p class=\"wp-block-paragraph\">As s\u00e9palas s\u00e3o 9-15, brancas ou ligeiramente purp\u00fareas, alongadas-circulares, medindo 1,2-1,9 cm de comprimento e 2,2-6 mm de largura, com uma ponta arredondada ou romba, e sem p\u00ealos. Os estames medem 4-8 mm, com anteras el\u00edpticas com cerca de 0,6 mm de comprimento e pontas arredondadas. <\/p>\n\n\n\n<p class=\"wp-block-paragraph\">Os filamentos s\u00e3o filiformes, com cerca de 30 carpelos, o ov\u00e1rio densamente coberto de p\u00ealos curtos e macios e um estilo curto.<\/p>\n\n\n\n<p class=\"wp-block-paragraph\">O aqu\u00e9nio \u00e9 estreitamente ovalado, com p\u00ealos finos. No interior, encontram-se 20-30 sementes, em forma de meia-lua, aveludadas, com uma asa caudal numa das extremidades e um endosperma semi-transparente. O peso de mil sementes \u00e9 de 1,5-2,0 gramas. O per\u00edodo de flora\u00e7\u00e3o \u00e9 de abril a maio, e o per\u00edodo de frutifica\u00e7\u00e3o \u00e9 de maio a junho.<\/p>\n\n\n\n<h2 class=\"wp-block-heading\">Ambiente de crescimento<\/h2>\n\n\n\n<p class=\"wp-block-paragraph\">A An\u00e9mona de Radde cresce predominantemente em florestas de montanha e prados sombrios a altitudes de cerca de 800 metros.<\/p>\n\n\n\n<h2 class=\"wp-block-heading\">Gama de distribui\u00e7\u00e3o<\/h2>\n\n\n\n<p class=\"wp-block-paragraph\">A an\u00e9mona de Radde encontra-se na China, bem como na Coreia do Norte e no Extremo Oriente da R\u00fassia.<\/p>\n\n\n\n<h2 class=\"wp-block-heading\">H\u00e1bitos de crescimento<\/h2>\n\n\n\n<p class=\"wp-block-paragraph\">A An\u00e9mona de Radde desenvolve-se em ambientes frescos e h\u00famidos com muita luz solar. \u00c9 resistente ao frio, mas evita as temperaturas elevadas e a humidade excessiva. Prefere um solo argiloso f\u00e9rtil, h\u00famido e bem drenado.<\/p>\n\n\n\n<h2 class=\"wp-block-heading\">M\u00e9todos de propaga\u00e7\u00e3o<\/h2>\n\n\n\n<p class=\"wp-block-paragraph\">A An\u00e9mona de Radde propaga-se por sementes ou rizomas.<\/p>\n\n\n\n<h3 class=\"wp-block-heading\">Propaga\u00e7\u00e3o de rizomas<\/h3>\n\n\n\n<p class=\"wp-block-paragraph\">Uma distin\u00e7\u00e3o significativa entre a An\u00e9mona de Radde e as outras plantas \u00e9 o seu crescimento precoce quando as temperaturas sobem, mesmo antes do solo congelado ter descongelado completamente. A sua fase de crescimento maduro vai de meados de abril a meados de maio, seguida de um per\u00edodo de dorm\u00eancia de meados de maio a meados de julho, quando as partes acima do solo murcham. <\/p>\n\n\n\n<p class=\"wp-block-paragraph\">De meados de julho a finais de setembro, passa por uma fase de crescimento fisiol\u00f3gico. As plantas maduras t\u00eam 3-6 pontos de crescimento em cada rizoma, produzindo 3-6 pequenos rebentos. Por conseguinte, a reprodu\u00e7\u00e3o assexuada (propaga\u00e7\u00e3o por rizoma) \u00e9 utilizada principalmente na cultura da An\u00e9mona de Radde. <\/p>\n\n\n\n<p class=\"wp-block-paragraph\">Os rizomas, desenterrados no final de maio, s\u00e3o selecionados com base na cor para determinar a maturidade. Os vermelhos mais escuros e profundos s\u00e3o transformados para uso medicinal, enquanto os vermelhos mais claros s\u00e3o utilizados para planta\u00e7\u00e3o. <\/p>\n\n\n\n<p class=\"wp-block-paragraph\">A quantidade utilizada para o cultivo selvagem depende da densidade existente da An\u00e9mona de Radde na floresta, enquanto o cultivo manual completo requer 200-250 kg de rizomas frescos por acre.<\/p>\n\n\n\n<h3 class=\"wp-block-heading\">Propaga\u00e7\u00e3o de sementes<\/h3>\n\n\n\n<p class=\"wp-block-paragraph\">Atualmente, a propaga\u00e7\u00e3o prim\u00e1ria da An\u00e9mona de Radde \u00e9 feita atrav\u00e9s de rizomas e, geralmente, os rizomas com dois anos ou mais podem florescer e dar frutos. <\/p>\n\n\n\n<p class=\"wp-block-paragraph\">As sementes amadurecem rapidamente e tendem a cair, e a \u00e9poca de flora\u00e7\u00e3o e frutifica\u00e7\u00e3o varia, o que torna a recolha centralizada um desafio.<\/p>\n\n\n\n<p class=\"wp-block-paragraph\">A an\u00e9mona de Radde come\u00e7a a florir normalmente no final de abril e as sementes amadurecem no final de maio. Quando 80% das sementes atingem a maturidade, os aqu\u00e9nios s\u00e3o colhidos. <\/p>\n\n\n\n<p class=\"wp-block-paragraph\">Estas s\u00e3o depois secas \u00e0 sombra, separadas, peneiradas, embaladas e armazenadas a baixas temperaturas de 0-5\u00b0C. O cultivo de sementes envolve a sementeira imediata ap\u00f3s a recolha, no outono ou na primavera.<\/p>\n\n\n\n<h2 class=\"wp-block-heading\">T\u00e9cnicas de cultivo<\/h2>\n\n\n\n<h3 class=\"wp-block-heading\">Sele\u00e7\u00e3o e prepara\u00e7\u00e3o do local<\/h3>\n\n\n\n<p class=\"wp-block-paragraph\">A An\u00e9mona de Radde desenvolve-se em florestas naturais em regi\u00f5es montanhosas e semi-montanhosas. O ideal \u00e9 escolher terrenos florestais de folhas largas com solos soltos, h\u00famidos e f\u00e9rteis de h\u00famus ou franco-arenosos. A inclina\u00e7\u00e3o n\u00e3o deve exceder os 15\u00b0, e os terrenos florestais planos s\u00e3o adequados. <\/p>\n\n\n\n<p class=\"wp-block-paragraph\">O dossel da floresta deve fornecer cerca de 50% de sombra. Tamb\u00e9m \u00e9 poss\u00edvel selecionar terrenos florestais j\u00e1 habitados pela An\u00e9mona de Radde, assegurando que o solo permanece h\u00famido e com boa drenagem. <\/p>\n\n\n\n<p class=\"wp-block-paragraph\">Os pequenos arbustos e as ervas daninhas devem ser limpos e devem ser preparados canteiros ao longo do declive, com 20 cm de profundidade e 1,5 m de largura. Ap\u00f3s a prepara\u00e7\u00e3o do terreno, a planta\u00e7\u00e3o \u00e9 efectuada entre o in\u00edcio de maio e meados de junho.<\/p>\n\n\n\n<h3 class=\"wp-block-heading\">M\u00e9todos de planta\u00e7\u00e3o<\/h3>\n\n\n\n<p class=\"wp-block-paragraph\">S\u00e3o utilizados dois m\u00e9todos principais: a sementeira em trincheiras horizontais e a sementeira em radiodifus\u00e3o.<\/p>\n\n\n\n<p class=\"wp-block-paragraph\"><em>Para a sementeira em vala horizontal<\/em>: Escavam-se horizontalmente trincheiras com 5 cm de profundidade e 10 cm de largura. Os rizomas s\u00e3o ent\u00e3o colocados a 8-10 cm de dist\u00e2ncia, em filas, com um espa\u00e7amento de 1,0-1,5 cm entre plantas, em filas duplas escalonadas, no fundo da vala. A trincheira \u00e9 ent\u00e3o coberta com 3-4 cm de terra, que \u00e9 ligeiramente compactada.<\/p>\n\n\n\n<p class=\"wp-block-paragraph\"><em>Para a radiodifus\u00e3o<\/em>: Os rizomas s\u00e3o espalhados uniformemente sobre o canteiro, depois a terra entre os canteiros \u00e9 utilizada para os cobrir com uma camada de 3-4 cm, que \u00e9 novamente ligeiramente compactada.<\/p>\n\n\n\n<p class=\"wp-block-paragraph\">Se as condi\u00e7\u00f5es o permitirem, deve ser aplicada uma camada de 2-3 cm de composto sobre o canteiro. Isto ajuda a reduzir a temperatura do solo, mant\u00e9m a humidade, facilita a dorm\u00eancia dos rizomas no ver\u00e3o e proporciona prote\u00e7\u00e3o contra o frio no inverno. <\/p>\n\n\n\n<p class=\"wp-block-paragraph\">A chuva e a neve, por sua vez, ajudam os nutrientes do composto a chegar \u00e0s ra\u00edzes da An\u00e9mona de Radde.<\/p>\n\n\n\n<h3 class=\"wp-block-heading\">Gest\u00e3o Interflorestal<\/h3>\n\n\n\n<p class=\"wp-block-paragraph\">A gest\u00e3o do campo tem de ser intensificada para garantir uma densidade de planta\u00e7\u00e3o \u00f3ptima. As ervas daninhas e os arbustos devem ser removidos atempadamente durante a fase de crescimento para incentivar um crescimento robusto e reduzir a ocorr\u00eancia de pragas e doen\u00e7as. <\/p>\n\n\n\n<p class=\"wp-block-paragraph\">A fertiliza\u00e7\u00e3o deve ser adequada: aplicar fertilizante org\u00e2nico maduro a cada 1-2 anos e adicionar uma certa quantidade de fertilizante de f\u00f3sforo e pot\u00e1ssio. Para cada aplica\u00e7\u00e3o, utilizar 1000 kg de fertilizante org\u00e2nico e 15-20 kg de fertilizante de f\u00f3sforo e pot\u00e1ssio por acre. <\/p>\n\n\n\n<p class=\"wp-block-paragraph\">Os fertilizantes foliares podem ser aplicados com base nas condi\u00e7\u00f5es de crescimento. A irriga\u00e7\u00e3o deve ser feita atempadamente: regar durante as secas e drenar durante as chuvas fortes para evitar o encharcamento e as doen\u00e7as das ra\u00edzes.<\/p>\n\n\n\n<h3 class=\"wp-block-heading\">Colheita atempada<\/h3>\n\n\n\n<p class=\"wp-block-paragraph\">A an\u00e9mona de Radde entra na sua fase de crescimento r\u00e1pido entre o 2\u00ba e o 4\u00ba ano de cultura. Ap\u00f3s 5 anos, os rizomas degeneram e apodrecem progressivamente. <\/p>\n\n\n\n<p class=\"wp-block-paragraph\">O crescimento come\u00e7a no in\u00edcio de abril, a dorm\u00eancia come\u00e7a no final de maio ou no in\u00edcio de junho e, no final de agosto, os rizomas subterr\u00e2neos crescem e produzem ra\u00edzes. Este per\u00edodo marca a melhor altura para a acumula\u00e7\u00e3o de material nos rizomas.<\/p>\n\n\n\n<h2 class=\"wp-block-heading\">Controlo de pragas e doen\u00e7as<\/h2>\n\n\n\n<p class=\"wp-block-paragraph\">A An\u00e9mona de Radde \u00e9 muito resistente e normalmente n\u00e3o sofre de pragas ou doen\u00e7as graves no seu habitat natural. Foram observadas pequenas ocorr\u00eancias de doen\u00e7a da mancha preta, ferrugem e bolor cinzento. <\/p>\n\n\n\n<p class=\"wp-block-paragraph\">Aconselha-se prud\u00eancia na aplica\u00e7\u00e3o de pesticidas, evitando concentra\u00e7\u00f5es excessivas e respeitando rigorosamente as misturas recomendadas. <\/p>\n\n\n\n<p class=\"wp-block-paragraph\">\u00c9 crucial aplicar os tratamentos atempadamente e de forma adequada, alternando produtos e reaplicando ap\u00f3s a chuva. Os m\u00e9todos f\u00edsicos de controlo das pragas devem ser preferidos para reduzir os res\u00edduos qu\u00edmicos.<\/p>\n\n\n\n<h2 class=\"wp-block-heading\">Valor prim\u00e1rio<\/h2>\n\n\n\n<h3 class=\"wp-block-heading\">Valor medicinal<\/h3>\n\n\n\n<p class=\"wp-block-paragraph\">Os rizomas da An\u00e9mona de Radde podem ser utilizados para fins medicinais. T\u00eam um sabor picante, s\u00e3o quentes por natureza e s\u00e3o t\u00f3xicos. Acredita-se tradicionalmente que dissipam o vento e a humidade, aliviam o frio e a dor e reduzem o incha\u00e7o e os abcessos. <\/p>\n\n\n\n<p class=\"wp-block-paragraph\">Estudos farmacol\u00f3gicos modernos sugerem que os rizomas da An\u00e9mona de Radde possuem tamb\u00e9m propriedades antitumorais, anti-inflamat\u00f3rias, analg\u00e9sicas e sedativas.<\/p>\n\n\n\n<p class=\"wp-block-paragraph\"><em>Caule<\/em>: O caule em forma de raiz tem valor medicinal. Pode ser utilizado para tratar dores reum\u00e1ticas nas costas e nas pernas, artrite e v\u00e1rios tipos de abcessos e infec\u00e7\u00f5es.<\/p>\n\n\n\n<p class=\"wp-block-paragraph\"><em>Flor<\/em>: A flor da An\u00e9mona de Radde \u00e9 de natureza quente, tem um sabor picante, \u00e9 t\u00f3xica e est\u00e1 associada ao meridiano do ba\u00e7o na medicina tradicional chinesa. Acredita-se que dissipa o vento e a humidade e reduz os abcessos e incha\u00e7os. <\/p>\n\n\n\n<p class=\"wp-block-paragraph\">Pode ser usado para tratar condi\u00e7\u00f5es como impedimento de vento, frio e humidade, espasmos nas m\u00e3os e p\u00e9s, dores nas articula\u00e7\u00f5es e incha\u00e7os e infec\u00e7\u00f5es relacionadas com o abscesso.<\/p>","protected":false},"excerpt":{"rendered":"<p>The Anemone raddeana, often known as the Radde&#8217;s Anemone, is a perennial herbaceous plant from the Anemone genus of the Ranunculaceae family. The plant&#8217;s rhizome is horizontal or obliquely oriented, slender, and jointed. It has scale-like leaves, with singular basal leaves that are trifoliate. The leaf stalks are either hairless or have sparse long soft [&hellip;]<\/p>\n","protected":false},"author":1,"featured_media":13561,"comment_status":"open","ping_status":"open","sticky":false,"template":"","format":"standard","meta":{"_breakdance_hide_in_design_set":false,"_breakdance_tags":"","footnotes":""},"categories":[20],"tags":[],"class_list":["post-13559","post","type-post","status-publish","format-standard","has-post-thumbnail","hentry","category-species-and-types"],"_links":{"self":[{"href":"https:\/\/flowerslib.com\/pt\/wp-json\/wp\/v2\/posts\/13559","targetHints":{"allow":["GET"]}}],"collection":[{"href":"https:\/\/flowerslib.com\/pt\/wp-json\/wp\/v2\/posts"}],"about":[{"href":"https:\/\/flowerslib.com\/pt\/wp-json\/wp\/v2\/types\/post"}],"author":[{"embeddable":true,"href":"https:\/\/flowerslib.com\/pt\/wp-json\/wp\/v2\/users\/1"}],"replies":[{"embeddable":true,"href":"https:\/\/flowerslib.com\/pt\/wp-json\/wp\/v2\/comments?post=13559"}],"version-history":[{"count":0,"href":"https:\/\/flowerslib.com\/pt\/wp-json\/wp\/v2\/posts\/13559\/revisions"}],"wp:featuredmedia":[{"embeddable":true,"href":"https:\/\/flowerslib.com\/pt\/wp-json\/wp\/v2\/media\/13561"}],"wp:attachment":[{"href":"https:\/\/flowerslib.com\/pt\/wp-json\/wp\/v2\/media?parent=13559"}],"wp:term":[{"taxonomy":"category","embeddable":true,"href":"https:\/\/flowerslib.com\/pt\/wp-json\/wp\/v2\/categories?post=13559"},{"taxonomy":"post_tag","embeddable":true,"href":"https:\/\/flowerslib.com\/pt\/wp-json\/wp\/v2\/tags?post=13559"}],"curies":[{"name":"wp","href":"https:\/\/api.w.org\/{rel}","templated":true}]}}