{"id":13530,"date":"2023-10-18T20:08:36","date_gmt":"2023-10-18T12:08:36","guid":{"rendered":"https:\/\/flowerslib.com\/?p=13530"},"modified":"2023-10-18T20:08:37","modified_gmt":"2023-10-18T12:08:37","slug":"aster-hispidus","status":"publish","type":"post","link":"https:\/\/flowerslib.com\/pt\/aster-hispidus\/","title":{"rendered":"Aster hispidus: Uma viagem fascinante \u00e0s flores de bigodes de c\u00e3o"},"content":{"rendered":"<p class=\"wp-block-paragraph\">O Aster hispidus, tamb\u00e9m conhecido como flor de cachorro, \u00e9 uma planta pertencente \u00e0 fam\u00edlia Asteraceae e ao g\u00e9nero Ionactis. \u00c9 uma erva bienal ou ocasionalmente perene com uma raiz axial fusiforme. <\/p>\n\n\n\n<p class=\"wp-block-paragraph\">O caule pode atingir uma altura de 30-50, por vezes at\u00e9 150 cent\u00edmetros. As folhas s\u00e3o finas, cobertas de p\u00ealos esparsos ou, por vezes, sem p\u00ealos em ambos os lados, com margens esparsamente peludas e nervuras m\u00e9dias e laterais proeminentes.<\/p>\n\n\n\n<p class=\"wp-block-paragraph\">As flores t\u00eam cerca de 3 a 5 cent\u00edmetros de di\u00e2metro e est\u00e3o dispostas individualmente nas pontas dos ramos, em forma de guarda-chuva. <\/p>\n\n\n\n<p class=\"wp-block-paragraph\"><\/p>\n\n\n<div class=\"wp-block-image\">\n<figure class=\"aligncenter size-full\"><img loading=\"lazy\" decoding=\"async\" width=\"1200\" height=\"800\" src=\"https:\/\/flowerslib.com\/wp-content\/uploads\/2023\/10\/2-31.jpg\" alt=\"Aster hispidus\" class=\"wp-image-13532\" srcset=\"https:\/\/flowerslib.com\/wp-content\/uploads\/2023\/10\/2-31.jpg 1200w, https:\/\/flowerslib.com\/wp-content\/uploads\/2023\/10\/2-31-600x400.jpg 600w, https:\/\/flowerslib.com\/wp-content\/uploads\/2023\/10\/2-31-768x512.jpg 768w, https:\/\/flowerslib.com\/wp-content\/uploads\/2023\/10\/2-31-240x160.jpg 240w\" sizes=\"auto, (max-width: 1200px) 100vw, 1200px\" \/><\/figure>\n<\/div>\n\n\n<p class=\"wp-block-paragraph\"><\/p>\n\n\n\n<p class=\"wp-block-paragraph\">Existem cerca de 30 floretes de raios, com um comprimento de tubo de 2 mil\u00edmetros, e 5-7 mil\u00edmetros para a corola dos floretes tubulares, com um comprimento de tubo de 1,5-2 mil\u00edmetros.<\/p>\n\n\n\n<h2 class=\"wp-block-heading\">Carater\u00edsticas morfol\u00f3gicas<\/h2>\n\n\n\n<p class=\"wp-block-paragraph\">Uma erva bienal ou ocasionalmente perene com uma raiz axial fusiforme. O caule pode atingir uma altura de 30-50 cent\u00edmetros, por vezes v\u00e1rios caules crescem juntos, cobertos de p\u00ealos grosseiros curvados para cima ou espalhados. <\/p>\n\n\n\n<p class=\"wp-block-paragraph\">As folhas inferiores murcham durante o per\u00edodo de flora\u00e7\u00e3o, s\u00e3o inversamente ovadas, com 4-13 cent\u00edmetros de comprimento, 0,5-1,5 cent\u00edmetros de largura, estreitando-se gradualmente em pec\u00edolos, com pontas rombas ou redondas, e margens inteiras ou dentes esparsos. <\/p>\n\n\n\n<p class=\"wp-block-paragraph\"><\/p>\n\n\n<div class=\"wp-block-image\">\n<figure class=\"aligncenter size-full\"><img loading=\"lazy\" decoding=\"async\" width=\"1200\" height=\"800\" src=\"https:\/\/flowerslib.com\/wp-content\/uploads\/2023\/10\/1-33.jpg\" alt=\"Aster hispidus\" class=\"wp-image-13533\" srcset=\"https:\/\/flowerslib.com\/wp-content\/uploads\/2023\/10\/1-33.jpg 1200w, https:\/\/flowerslib.com\/wp-content\/uploads\/2023\/10\/1-33-600x400.jpg 600w, https:\/\/flowerslib.com\/wp-content\/uploads\/2023\/10\/1-33-768x512.jpg 768w, https:\/\/flowerslib.com\/wp-content\/uploads\/2023\/10\/1-33-240x160.jpg 240w\" sizes=\"auto, (max-width: 1200px) 100vw, 1200px\" \/><\/figure>\n<\/div>\n\n\n<p class=\"wp-block-paragraph\"><\/p>\n\n\n\n<p class=\"wp-block-paragraph\">As folhas do meio s\u00e3o amplamente lanceoladas ou lineares, com 3-7 cent\u00edmetros de comprimento e 0,3-1,5 cent\u00edmetros de largura, muitas vezes com margens inteiras, e as folhas superiores s\u00e3o pequenas e lineares. <\/p>\n\n\n\n<p class=\"wp-block-paragraph\">Todas as folhas s\u00e3o finas, esparsamente pilosas ou desprovidas de p\u00ealos em ambos os lados, com margens esparsamente pilosas e nervuras centrais e laterais proeminentes.<\/p>\n\n\n\n<p class=\"wp-block-paragraph\">As flores t\u00eam cerca de 3 a 5 cent\u00edmetros de di\u00e2metro e est\u00e3o dispostas individualmente nas pontas dos ramos, em forma de guarda-chuva. <\/p>\n\n\n\n<p class=\"wp-block-paragraph\">O inv\u00f3lucro \u00e9 hemisf\u00e9rico, com 7-10 mil\u00edmetros de comprimento e 10-20 mil\u00edmetros de di\u00e2metro, com 2 camadas de br\u00e1cteas involucrais quase iguais em comprimento, linear-lanceoladas, com 1 mil\u00edmetro de largura, herb\u00e1ceas, ou as internas s\u00e3o r\u00f4mbico-lanceoladas e membranosas na base e nas margens, com alguns p\u00ealos grosseiros curvados para cima no dorso e nas margens, muitas vezes com manchas glandulares. <\/p>\n\n\n\n<p class=\"wp-block-paragraph\">Existem cerca de 30 floretes de raios, com um comprimento de tubo de 2 mil\u00edmetros; os floretes de raios s\u00e3o vermelho-p\u00e1lido ou brancos, linear-rectangulares, com 12-20 mil\u00edmetros de comprimento e 2,5-4 mil\u00edmetros de largura. <\/p>\n\n\n\n<p class=\"wp-block-paragraph\">A corola dos floretes tubulares tem 5-7 mil\u00edmetros de comprimento, com um comprimento de tubo de 1,5-2 mil\u00edmetros, e os l\u00f3bulos t\u00eam 1 ou 1,5 mil\u00edmetros de comprimento.<\/p>\n\n\n\n<p class=\"wp-block-paragraph\">O fruto \u00e9 inversamente ovalado, achatado, com 2,5-3 mil\u00edmetros de comprimento e 1,5 mil\u00edmetros de largura, com finas nervuras marginais, coberto de p\u00ealos densos. <\/p>\n\n\n\n<p class=\"wp-block-paragraph\">O pappus dos floretes raiados \u00e9 muito curto, branco, membranoso ou parcialmente avermelhado, de pelo \u00e1spero; nos floretes tubulares, \u00e9 de pelo \u00e1spero, inicialmente branco e depois avermelhado, de comprimento quase igual ao da corola. Floresce de julho a setembro e frutifica de agosto a setembro.<\/p>\n\n\n\n<h2 class=\"wp-block-heading\">Condi\u00e7\u00f5es de cultivo<\/h2>\n\n\n\n<p class=\"wp-block-paragraph\">A flor do bigode de c\u00e3o prefere a sombra e \u00e9 tolerante ao frio e \u00e0 seca, moderadamente resistente a condi\u00e7\u00f5es h\u00famidas e pode desenvolver-se em solos pobres. Cresce em terrenos baldios, ao longo das bermas das estradas, nos limites das florestas e em prados a altitudes at\u00e9 2400 metros.<\/p>\n\n\n\n<h2 class=\"wp-block-heading\">Distribui\u00e7\u00e3o<strong>n<\/strong><\/h2>\n\n\n\n<p class=\"wp-block-paragraph\">Encontra-se em v\u00e1rias prov\u00edncias do norte, noroeste e nordeste da China. Tamb\u00e9m ocorre na Mong\u00f3lia, R\u00fassia (Sib\u00e9ria e Extremo Oriente), Coreia do Norte e Jap\u00e3o.<\/p>\n\n\n\n<h2 class=\"wp-block-heading\">Propaga\u00e7\u00e3o<\/h2>\n\n\n\n<p class=\"wp-block-paragraph\">As sementes podem ser semeadas na primavera, no ver\u00e3o ou no outono, e normalmente germinam em cerca de 7-10 dias quando a temperatura est\u00e1 entre 21-24\u00b0C. \u00c9 melhor seme\u00e1-las com uma fina camada de terra, mas tamb\u00e9m podem crescer sem serem cobertas com terra. <\/p>\n\n\n\n<p class=\"wp-block-paragraph\">Quando a temperatura \u00e9 superior a 15\u00b0C, podem come\u00e7ar a florescer em cerca de 20 dias. Ap\u00f3s a germina\u00e7\u00e3o, como as pl\u00e2ntulas s\u00e3o extremamente delicadas, precisam de ser mantidas a uma temperatura relativamente elevada para produzirem ramos e folhas mais grossos e carnudos. <\/p>\n\n\n\n<p class=\"wp-block-paragraph\">Nesta fase, as jovens pl\u00e2ntulas podem ser transplantadas diretamente, com 2-5 plantas por vaso, e t\u00eam uma elevada taxa de sobreviv\u00eancia e um crescimento r\u00e1pido. O per\u00edodo de flora\u00e7\u00e3o natural vai de maio a novembro.<\/p>\n\n\n\n<h2 class=\"wp-block-heading\">Principais utiliza\u00e7\u00f5es<\/h2>\n\n\n\n<h3 class=\"wp-block-heading\">Medicinal<\/h3>\n\n\n\n<p class=\"wp-block-paragraph\">\u200b<a target=\"_blank\" rel=\"noreferrer noopener\"><sup>1<\/sup><\/a>Amargo, fresco.<\/p>\n\n\n\n<p class=\"wp-block-paragraph\">\u200b<a target=\"_blank\" rel=\"noreferrer noopener\"><sup>2<\/sup><\/a>Elimina o calor e reduz o incha\u00e7o. \u00c9 utilizada para tratar feridas e mordeduras de cobra.<\/p>\n\n\n\n<p class=\"wp-block-paragraph\">\u200b<a target=\"_blank\" rel=\"noreferrer noopener\"><sup>3<\/sup><\/a>Uso externo: Quantidade adequada, amassada e aplicada.<\/p>\n\n\n\n<h3 class=\"wp-block-heading\">Ornamental<\/h3>\n\n\n\n<p class=\"wp-block-paragraph\">As flores s\u00e3o um espet\u00e1culo. T\u00eam p\u00e9talas pequenas e brancas que se abrem abundantemente. As flores s\u00e3o numerosas, t\u00eam um longo per\u00edodo de flora\u00e7\u00e3o e s\u00e3o de cores vivas. Os centros amarelos das flores assemelham-se a pequenos olhos espalhados entre elas. <\/p>\n\n\n\n<p class=\"wp-block-paragraph\">A planta tem um h\u00e1bito de crescimento um pouco alto e solto, criando um efeito encantador de flor selvagem quando cultivada em grupos. Pode ser plantada em grupos ou como esp\u00e9cimes individuais em canteiros de flores, jardins e espa\u00e7os verdes de p\u00e1tios, servindo como material de fundo ou planta\u00e7\u00e3o aut\u00f3noma.<\/p>","protected":false},"excerpt":{"rendered":"<p>The Aster hispidus, also known as Dog Whisker Flower, is a plant belonging to the Asteraceae family and the Ionactis genus. It is a biennial or occasionally perennial herb with a spindle-shaped taproot. The stem can reach a height of 30-50, sometimes up to 150 centimeters. The leaves are thin, covered with sparse hairs or [&hellip;]<\/p>\n","protected":false},"author":1,"featured_media":13531,"comment_status":"open","ping_status":"open","sticky":false,"template":"","format":"standard","meta":{"_breakdance_hide_in_design_set":false,"_breakdance_tags":"","footnotes":""},"categories":[20],"tags":[],"class_list":["post-13530","post","type-post","status-publish","format-standard","has-post-thumbnail","hentry","category-species-and-types"],"_links":{"self":[{"href":"https:\/\/flowerslib.com\/pt\/wp-json\/wp\/v2\/posts\/13530","targetHints":{"allow":["GET"]}}],"collection":[{"href":"https:\/\/flowerslib.com\/pt\/wp-json\/wp\/v2\/posts"}],"about":[{"href":"https:\/\/flowerslib.com\/pt\/wp-json\/wp\/v2\/types\/post"}],"author":[{"embeddable":true,"href":"https:\/\/flowerslib.com\/pt\/wp-json\/wp\/v2\/users\/1"}],"replies":[{"embeddable":true,"href":"https:\/\/flowerslib.com\/pt\/wp-json\/wp\/v2\/comments?post=13530"}],"version-history":[{"count":0,"href":"https:\/\/flowerslib.com\/pt\/wp-json\/wp\/v2\/posts\/13530\/revisions"}],"wp:featuredmedia":[{"embeddable":true,"href":"https:\/\/flowerslib.com\/pt\/wp-json\/wp\/v2\/media\/13531"}],"wp:attachment":[{"href":"https:\/\/flowerslib.com\/pt\/wp-json\/wp\/v2\/media?parent=13530"}],"wp:term":[{"taxonomy":"category","embeddable":true,"href":"https:\/\/flowerslib.com\/pt\/wp-json\/wp\/v2\/categories?post=13530"},{"taxonomy":"post_tag","embeddable":true,"href":"https:\/\/flowerslib.com\/pt\/wp-json\/wp\/v2\/tags?post=13530"}],"curies":[{"name":"wp","href":"https:\/\/api.w.org\/{rel}","templated":true}]}}