{"id":11073,"date":"2024-07-30T15:33:51","date_gmt":"2024-07-30T07:33:51","guid":{"rendered":"https:\/\/flowerslib.com\/?p=11073"},"modified":"2024-07-30T15:33:54","modified_gmt":"2024-07-30T07:33:54","slug":"primula-malacoides","status":"publish","type":"post","link":"https:\/\/flowerslib.com\/pt\/primula-malacoides\/","title":{"rendered":"Cultivo de Primula malacoides: Dicas para um jardim de pr\u00edmulas florescente"},"content":{"rendered":"<p class=\"wp-block-paragraph\">A Primula malacoides, vulgarmente conhecida como Pr\u00edmula das Fadas, Pr\u00edmula dos Beb\u00e9s ou Pr\u00edmula em Camadas, \u00e9 uma deliciosa planta herb\u00e1cea bienal pertencente \u00e0 fam\u00edlia Primulaceae. Esta esp\u00e9cie encantadora \u00e9 apreciada pelas suas flores no in\u00edcio da primavera, paleta de cores diversificada e per\u00edodo de flora\u00e7\u00e3o prolongado, tornando-a uma planta ornamental valiosa tanto para jardins como para estufas.<\/p>\n\n\n\n<h2 class=\"wp-block-heading\">I. Introdu\u00e7\u00e3o b\u00e1sica<\/h2>\n\n\n\n<p class=\"wp-block-paragraph\"><\/p>\n\n\n<div class=\"wp-block-image\">\n<figure class=\"aligncenter size-full\"><img loading=\"lazy\" decoding=\"async\" width=\"1200\" height=\"800\" src=\"https:\/\/flowerslib.com\/wp-content\/uploads\/2023\/09\/4-24.jpg\" alt=\"Primula malacoides\" class=\"wp-image-11112\" srcset=\"https:\/\/flowerslib.com\/wp-content\/uploads\/2023\/09\/4-24.jpg 1200w, https:\/\/flowerslib.com\/wp-content\/uploads\/2023\/09\/4-24-300x200.jpg 300w, https:\/\/flowerslib.com\/wp-content\/uploads\/2023\/09\/4-24-150x100.jpg 150w, https:\/\/flowerslib.com\/wp-content\/uploads\/2023\/09\/4-24-768x512.jpg 768w\" sizes=\"auto, (max-width: 1200px) 100vw, 1200px\" \/><\/figure>\n<\/div>\n\n\n<p class=\"wp-block-paragraph\"><\/p>\n\n\n\n<p class=\"wp-block-paragraph\">A Primula malacoides Franch. caracteriza-se pelas suas folhas agrupadas e pela sua textura pulverulenta. Carater\u00edsticas da planta:<\/p>\n\n\n\n<ul class=\"wp-block-list\">\n<li>L\u00e2minas foliares: Ovadas a el\u00edpticas ou suborbiculares, com bordos irregularmente serrilhados<\/li>\n\n\n\n<li>Hastes florais: At\u00e9 40 cm de altura, com infloresc\u00eancias em forma de umbela<\/li>\n\n\n\n<li>Flores: C\u00e1lices e corolas em forma de sino, cor-de-rosa, azul-p\u00farpura claro ou quase branco<\/li>\n\n\n\n<li>Fruto: C\u00e1psulas esf\u00e9ricas<\/li>\n<\/ul>\n\n\n\n<p class=\"wp-block-paragraph\">Nativa das prov\u00edncias de Yunnan, Guizhou e Guangxi na China, bem como do norte de Myanmar, a P. malacoides floresce tipicamente de fevereiro a maio e frutifica de mar\u00e7o a junho. Habita naturalmente espa\u00e7os abertos h\u00famidos, valas, orlas de florestas e at\u00e9 terrenos baldios e campos.<\/p>\n\n\n\n<h2 class=\"wp-block-heading\">II. Crescimento e distribui\u00e7\u00e3o<\/h2>\n\n\n\n<p class=\"wp-block-paragraph\"><\/p>\n\n\n<div class=\"wp-block-image\">\n<figure class=\"aligncenter size-full\"><img loading=\"lazy\" decoding=\"async\" width=\"1200\" height=\"800\" src=\"https:\/\/flowerslib.com\/wp-content\/uploads\/2023\/09\/2-68.jpg\" alt=\"Primula malacoides\" class=\"wp-image-11113\" srcset=\"https:\/\/flowerslib.com\/wp-content\/uploads\/2023\/09\/2-68.jpg 1200w, https:\/\/flowerslib.com\/wp-content\/uploads\/2023\/09\/2-68-300x200.jpg 300w, https:\/\/flowerslib.com\/wp-content\/uploads\/2023\/09\/2-68-150x100.jpg 150w, https:\/\/flowerslib.com\/wp-content\/uploads\/2023\/09\/2-68-768x512.jpg 768w\" sizes=\"auto, (max-width: 1200px) 100vw, 1200px\" \/><\/figure>\n<\/div>\n\n\n<p class=\"wp-block-paragraph\"><\/p>\n\n\n\n<h3 class=\"wp-block-heading\">H\u00e1bito de crescimento<\/h3>\n\n\n\n<p class=\"wp-block-paragraph\">A Primula malacoides desenvolve-se bem em ambientes frescos e h\u00famidos, preferindo:<\/p>\n\n\n\n<ul class=\"wp-block-list\">\n<li>Clima: Condi\u00e7\u00f5es quentes-temperadas<\/li>\n\n\n\n<li>Solo: Bem drenado, rico em h\u00famus e com pH neutro<\/li>\n\n\n\n<li>Luz: Sombra parcial a luz solar filtrada<\/li>\n\n\n\n<li>Altitude: 1800-3000 metros na sua \u00e1rea de distribui\u00e7\u00e3o natural<\/li>\n<\/ul>\n\n\n\n<p class=\"wp-block-paragraph\">Esta esp\u00e9cie n\u00e3o \u00e9 resistente \u00e0 geada e n\u00e3o tolera temperaturas elevadas ou luz solar direta intensa. Quando cultivada como planta de vaso em estufa fresca, requer solo neutro. Para o cultivo ao ar livre em climas adequados, tem melhor desempenho em encostas sombreadas ou ambientes semi-sombreados.<\/p>\n\n\n\n<h3 class=\"wp-block-heading\">Gama de distribui\u00e7\u00e3o<\/h3>\n\n\n\n<p class=\"wp-block-paragraph\">No seu habitat natural, a P. malacoides encontra-se a altitudes entre 1800-3000 metros no sul da China e no norte de Myanmar. A sua adaptabilidade levou a um cultivo generalizado em todo o mundo, tendo sido desenvolvidas numerosas variedades hort\u00edcolas.<\/p>\n\n\n\n<h2 class=\"wp-block-heading\">III. Morfologia e carater\u00edsticas<\/h2>\n\n\n\n<p class=\"wp-block-paragraph\"><\/p>\n\n\n<div class=\"wp-block-image\">\n<figure class=\"aligncenter size-full\"><img loading=\"lazy\" decoding=\"async\" width=\"1200\" height=\"800\" src=\"https:\/\/flowerslib.com\/wp-content\/uploads\/2023\/09\/3-30.jpg\" alt=\"Primula malacoides\" class=\"wp-image-11115\" srcset=\"https:\/\/flowerslib.com\/wp-content\/uploads\/2023\/09\/3-30.jpg 1200w, https:\/\/flowerslib.com\/wp-content\/uploads\/2023\/09\/3-30-300x200.jpg 300w, https:\/\/flowerslib.com\/wp-content\/uploads\/2023\/09\/3-30-150x100.jpg 150w, https:\/\/flowerslib.com\/wp-content\/uploads\/2023\/09\/3-30-768x512.jpg 768w\" sizes=\"auto, (max-width: 1200px) 100vw, 1200px\" \/><\/figure>\n<\/div>\n\n\n<p class=\"wp-block-paragraph\"><\/p>\n\n\n\n<p class=\"wp-block-paragraph\">A Primula malacoides apresenta as seguintes carater\u00edsticas distintivas:<\/p>\n\n\n\n<p class=\"wp-block-paragraph\"><strong>Folhas:<\/strong><\/p>\n\n\n\n<ul class=\"wp-block-list\">\n<li>Padr\u00e3o de crescimento agrupado<\/li>\n\n\n\n<li>Forma da l\u00e2mina: Ovada a el\u00edptica ou orbicular<\/li>\n\n\n\n<li>Tamanho: 3-10 cm de comprimento, 2-8 cm de largura<\/li>\n\n\n\n<li>Textura: Membranosa quando seca<\/li>\n\n\n\n<li>Superf\u00edcie: Pouco pilosa ou quase glabra, por vezes com p\u00f3 branco<\/li>\n\n\n\n<li>Pec\u00edolos: 2-15 cm de comprimento, carnudos quando frescos, estreitamente alados, cobertos de p\u00ealos macios multicelulares<\/li>\n<\/ul>\n\n\n\n<p class=\"wp-block-paragraph\"><strong>Talos de flores:<\/strong><\/p>\n\n\n\n<ul class=\"wp-block-list\">\n<li>Altura: 10-40 cm<\/li>\n\n\n\n<li>Textura: Coberto de p\u00ealos macios ou tornando-se glabro<\/li>\n\n\n\n<li>Revestimento pulverulento: Nenhum a ligeiro p\u00f3 branco<\/li>\n<\/ul>\n\n\n\n<p class=\"wp-block-paragraph\"><strong>Infloresc\u00eancia:<\/strong><\/p>\n\n\n\n<p class=\"wp-block-paragraph\"><\/p>\n\n\n<div class=\"wp-block-image\">\n<figure class=\"aligncenter size-full\"><img loading=\"lazy\" decoding=\"async\" width=\"1200\" height=\"800\" src=\"https:\/\/flowerslib.com\/wp-content\/uploads\/2023\/09\/1-70.jpg\" alt=\"Primula malacoides\" class=\"wp-image-11116\" srcset=\"https:\/\/flowerslib.com\/wp-content\/uploads\/2023\/09\/1-70.jpg 1200w, https:\/\/flowerslib.com\/wp-content\/uploads\/2023\/09\/1-70-300x200.jpg 300w, https:\/\/flowerslib.com\/wp-content\/uploads\/2023\/09\/1-70-150x100.jpg 150w, https:\/\/flowerslib.com\/wp-content\/uploads\/2023\/09\/1-70-768x512.jpg 768w\" sizes=\"auto, (max-width: 1200px) 100vw, 1200px\" \/><\/figure>\n<\/div>\n\n\n<p class=\"wp-block-paragraph\"><\/p>\n\n\n\n<ul class=\"wp-block-list\">\n<li>Tipo: Umbeliforme com 2-6 espirais<\/li>\n\n\n\n<li>Flores por espiral: 4-20<\/li>\n\n\n\n<li>Br\u00e1cteas: Lineares ou linear-lanceoladas, 3-8 mm de comprimento<\/li>\n<\/ul>\n\n\n\n<p class=\"wp-block-paragraph\"><strong>Flores:<\/strong><\/p>\n\n\n\n<ul class=\"wp-block-list\">\n<li>C\u00e1lice: Em forma de sino, com 3-7 mm de comprimento, frequentemente coberto de p\u00f3 branco leitoso<\/li>\n\n\n\n<li>Corola: Cor-de-rosa, p\u00farpura p\u00e1lido ou quase branco<\/li>\n\n\n\n<li>Tubo da corola: 4-6 mm de comprimento<\/li>\n\n\n\n<li>Di\u00e2metro do limbo: 5-15 mm (at\u00e9 3 cm em cultura)<\/li>\n\n\n\n<li>L\u00f3bulos: Ovados largos, com pontas profundamente lobadas<\/li>\n<\/ul>\n\n\n\n<p class=\"wp-block-paragraph\"><strong>Estruturas reprodutivas:<\/strong><\/p>\n\n\n\n<ul class=\"wp-block-list\">\n<li>Heterost\u00edlicas (presen\u00e7a de flores de estilo longo e de estilo curto)<\/li>\n\n\n\n<li>Flores de estilo longo: Estames perto da base do tubo, estilo com ~3 mm de comprimento<\/li>\n\n\n\n<li>Flores de estilete curto: Estames acima do meio do tubo, estilo com cerca de 1 mm de comprimento<\/li>\n<\/ul>\n\n\n\n<p class=\"wp-block-paragraph\"><strong>Frutos:<\/strong><\/p>\n\n\n\n<ul class=\"wp-block-list\">\n<li>Tipo: C\u00e1psula esf\u00e9rica<\/li>\n\n\n\n<li>Tamanho: Cerca de 3 mm de di\u00e2metro<\/li>\n<\/ul>\n\n\n\n<p class=\"wp-block-paragraph\">Ao compreender estas carater\u00edsticas morfol\u00f3gicas e requisitos de crescimento, os jardineiros podem proporcionar condi\u00e7\u00f5es \u00f3ptimas para a Primula malacoides, garantindo uma exibi\u00e7\u00e3o vibrante e duradoura destas encantadoras pr\u00edmulas nos seus jardins ou estufas.<\/p>\n\n\n\n<h2 class=\"wp-block-heading\">IV. M\u00e9todos e precau\u00e7\u00f5es de cultivo da pr\u00edmula<\/h2>\n\n\n\n<h3 class=\"wp-block-heading\">Como cultivar pr\u00edmula<\/h3>\n\n\n\n<p class=\"wp-block-paragraph\"><strong>Solo<\/strong><\/p>\n\n\n\n<p class=\"wp-block-paragraph\">A sele\u00e7\u00e3o do solo \u00e9 crucial para o cultivo da pr\u00edmula. Uma mistura de solo ideal promove a sobreviv\u00eancia da planta e o desenvolvimento robusto das ra\u00edzes. Para as pr\u00edmulas, um solo ligeiramente \u00e1cido, f\u00e9rtil, solto e bem drenado \u00e9 o ideal. Uma mistura de solo recomendada consiste em 2 partes de molde de folha, 1 parte de solo de jardim e uma pequena quantidade de fertilizante de base.<\/p>\n\n\n\n<p class=\"wp-block-paragraph\"><strong>Temperatura<\/strong><\/p>\n\n\n\n<p class=\"wp-block-paragraph\">As pr\u00edmulas, como florescentes no in\u00edcio da primavera, possuem alguma resist\u00eancia ao frio e podem sobreviver a temperaturas ligeiramente acima de zero. No entanto, desenvolvem-se bem em climas frescos e moderados. O intervalo \u00f3timo de temperatura de crescimento \u00e9 de 10-20\u00b0C (50-68\u00b0F). Evite expor as plantas a temperaturas superiores a 30\u00b0C (86\u00b0F) para evitar o stress t\u00e9rmico e as queimaduras solares. Mantenha as plantas em sombra parcial para as proteger do calor intenso do ver\u00e3o.<\/p>\n\n\n\n<p class=\"wp-block-paragraph\"><strong>Luz<\/strong><\/p>\n\n\n\n<p class=\"wp-block-paragraph\">As pr\u00edmulas preferem luz brilhante e indireta. Coloque-as em \u00e1reas com luz solar salpicada ou sombra filtrada, assegurando uma boa circula\u00e7\u00e3o de ar. Embora necessitem de luz adequada para um bom crescimento e forma\u00e7\u00e3o de bot\u00f5es, a luz solar direta excessiva pode provocar queimaduras nas folhas e danos nas flores. Uma luz insuficiente pode resultar num crescimento frouxo e numa flora\u00e7\u00e3o reduzida.<\/p>\n\n\n\n<p class=\"wp-block-paragraph\"><strong>Rega<\/strong><\/p>\n\n\n\n<p class=\"wp-block-paragraph\">Regue as pr\u00edmulas com modera\u00e7\u00e3o mas com frequ\u00eancia, seguindo o princ\u00edpio \"menos \u00e1gua, mais vezes\". Esta abordagem evita o apodrecimento das ra\u00edzes causado pelo excesso de rega. Deixe a superf\u00edcie do solo secar ligeiramente entre as regas. Durante os meses mais frios, utilize \u00e1gua \u00e0 temperatura ambiente para evitar chocar o sistema radicular. A rega correta \u00e9 essencial para manter as pr\u00edmulas saud\u00e1veis.<\/p>\n\n\n\n<p class=\"wp-block-paragraph\"><strong>Fertiliza\u00e7\u00e3o<\/strong><\/p>\n\n\n\n<p class=\"wp-block-paragraph\">As pr\u00edmulas t\u00eam necessidades moderadas de fertilizantes. Durante a fase de pl\u00e2ntula, aplique um fertilizante equilibrado de azoto e f\u00f3sforo uma vez de duas em duas semanas. Aumentar a fertiliza\u00e7\u00e3o e a rega no outono, o per\u00edodo de crescimento vigoroso das pr\u00edmulas. Para favorecer a forma\u00e7\u00e3o de bot\u00f5es e flores, alimentar foliarmente com uma solu\u00e7\u00e3o de dihidrogenofosfato de pot\u00e1ssio. Evitar a fertiliza\u00e7\u00e3o excessiva, pois pode levar a um crescimento excessivo da folhagem em detrimento da produ\u00e7\u00e3o de flores.<\/p>\n\n\n\n<h3 class=\"wp-block-heading\">Precau\u00e7\u00f5es de cultivo<\/h3>\n\n\n\n<p class=\"wp-block-paragraph\">Durante o per\u00edodo de flora\u00e7\u00e3o, podar seletivamente algumas hastes florais para conservar os recursos da planta e prolongar o per\u00edodo de flora\u00e7\u00e3o. Remover imediatamente as flores murchas e os ramos fracos ou doentes para manter a sa\u00fade da planta e favorecer um novo crescimento.<\/p>\n\n\n\n<p class=\"wp-block-paragraph\">Ao contr\u00e1rio de muitas plantas com flores, as pr\u00edmulas entram tipicamente em dorm\u00eancia por volta de junho. Durante este per\u00edodo, reduza a rega, aumente a ventila\u00e7\u00e3o e mantenha as temperaturas \u00e0 volta dos 15\u00b0C (59\u00b0F) para apoiar o ciclo natural da planta.<\/p>\n\n\n\n<h2 class=\"wp-block-heading\">V. M\u00e9todos de propaga\u00e7\u00e3o<\/h2>\n\n\n\n<h3 class=\"wp-block-heading\">M\u00e9todo de propaga\u00e7\u00e3o de sementes<\/h3>\n\n\n\n<p class=\"wp-block-paragraph\">A propaga\u00e7\u00e3o de primulas por sementes requer precis\u00e3o devido ao pequeno tamanho das sementes e \u00e0 sua curta viabilidade. Para obter melhores resultados:<\/p>\n\n\n\n<ol class=\"wp-block-list\">\n<li>Recolher e semear sementes frescas, uma vez que as sementes armazenadas durante um ano t\u00eam taxas de germina\u00e7\u00e3o significativamente reduzidas.<\/li>\n\n\n\n<li>Para obter os melhores resultados, as sementes devem ser semeadas entre meados de junho e o in\u00edcio de julho.<\/li>\n\n\n\n<li>Espera-se que a germina\u00e7\u00e3o ocorra dentro de 7-10 dias, com o pico de germina\u00e7\u00e3o a ocorrer 2-3 dias mais tarde.<\/li>\n\n\n\n<li>Fornecer luz dispersa (cerca de 55% de transmiss\u00e3o de luz) para ativar as enzimas das sementes e promover a germina\u00e7\u00e3o.<\/li>\n\n\n\n<li>Manter a temperatura do solo entre 15-20\u00b0C (59-68\u00b0F) para condi\u00e7\u00f5es ideais de germina\u00e7\u00e3o.<\/li>\n\n\n\n<li>Utilize uma mistura de sementes bem drenada e esterilizada para evitar a doen\u00e7a do amortecimento.<\/li>\n\n\n\n<li>Manter o solo consistentemente h\u00famido, mas n\u00e3o encharcado, durante a germina\u00e7\u00e3o.<\/li>\n\n\n\n<li>Considerar o pr\u00e9-tratamento das sementes com \u00e1cido giber\u00e9lico ou uma hormona de enraizamento para aumentar as taxas de germina\u00e7\u00e3o.<\/li>\n<\/ol>\n\n\n\n<p class=\"wp-block-paragraph\">As sementes mais pesadas t\u00eam geralmente taxas de germina\u00e7\u00e3o mais elevadas e mais r\u00e1pidas, produzindo pl\u00e2ntulas mais vigorosas. A sementeira no outono \u00e9 poss\u00edvel, mas pode resultar em taxas de germina\u00e7\u00e3o mais baixas e plantas mais pequenas com valor ornamental reduzido.<\/p>\n\n\n\n<h3 class=\"wp-block-heading\">M\u00e9todo de propaga\u00e7\u00e3o de corte<\/h3>\n\n\n\n<p class=\"wp-block-paragraph\">As pr\u00edmulas podem ser propagadas por divis\u00e3o de ra\u00edzes, particularmente no caso das variedades perenes estabelecidas. A altura ideal para a divis\u00e3o \u00e9 de meados a finais de agosto, permitindo que as plantas se estabele\u00e7am antes da dorm\u00eancia invernal. Este m\u00e9todo:<\/p>\n\n\n\n<ol class=\"wp-block-list\">\n<li>Produz plantas robustas que florescem no ano seguinte.<\/li>\n\n\n\n<li>\u00c9 mais bem sucedido com plantas maduras e bem estabelecidas.<\/li>\n\n\n\n<li>Deve ser feito com cuidado para minimizar os danos \u00e0 planta-m\u00e3e.<\/li>\n\n\n\n<li>\u00c9 necess\u00e1rio dividir o torr\u00e3o em sec\u00e7\u00f5es, cada uma com ra\u00edzes e folhagem saud\u00e1veis.<\/li>\n\n\n\n<li>Funciona melhor quando as divis\u00f5es s\u00e3o imediatamente replantadas em solo preparado.<\/li>\n\n\n\n<li>Necessita de cuidados e regas suplementares at\u00e9 ao estabelecimento de novas divis\u00f5es.<\/li>\n<\/ol>\n\n\n\n<p class=\"wp-block-paragraph\">Embora a divis\u00e3o de ra\u00edzes possa ser um m\u00e9todo de propaga\u00e7\u00e3o eficaz, deve ser efectuada de forma judiciosa para evitar stress excessivo na planta original. Esta t\u00e9cnica \u00e9 particularmente \u00fatil para rejuvenescer plantas de primula mais velhas e criar novos esp\u00e9cimes para expans\u00e3o do jardim.<\/p>\n\n\n\n<h2 class=\"wp-block-heading\">VI. Preven\u00e7\u00e3o e controlo das doen\u00e7as<\/h2>\n\n\n\n<h3 class=\"wp-block-heading\">Doen\u00e7a da folha da flor<\/h3>\n\n\n\n<p class=\"wp-block-paragraph\">Sintomas: Doen\u00e7a sist\u00e9mica causada pelo v\u00edrus do mosaico do pepino (CMV). Os sintomas incluem folhas mais pequenas e deformadas com riscas verdes escuras ou amareladas. As plantas infectadas podem apresentar um crescimento atrofiado, flora\u00e7\u00e3o reduzida ou ausente e flores com padr\u00f5es de riscas quando florescem.<\/p>\n\n\n\n<p class=\"wp-block-paragraph\">Transmiss\u00e3o: A propaga\u00e7\u00e3o \u00e9 feita principalmente por pulg\u00f5es do p\u00eassego (Myzus persicae) e pulg\u00f5es do algod\u00e3o (Aphis gossypii). As principais fontes de infe\u00e7\u00e3o s\u00e3o as ervas daninhas doentes circundantes.<\/p>\n\n\n\n<p class=\"wp-block-paragraph\">Medidas de controlo:<\/p>\n\n\n\n<ol class=\"wp-block-list\">\n<li>Remover prontamente as ervas daninhas para reduzir as fontes de infe\u00e7\u00e3o.<\/li>\n\n\n\n<li>Aplicar um controlo precoce dos af\u00eddeos para eliminar os vectores de doen\u00e7as.<\/li>\n\n\n\n<li>Utilizar material de planta\u00e7\u00e3o isento de v\u00edrus.<\/li>\n\n\n\n<li>Considere a utiliza\u00e7\u00e3o de coberturas reflectoras para dissuadir os af\u00eddeos.<\/li>\n\n\n\n<li>Aplicar a rota\u00e7\u00e3o de culturas com plantas n\u00e3o hospedeiras.<\/li>\n<\/ol>\n\n\n\n<h3 class=\"wp-block-heading\">Doen\u00e7a do bolor cinzento (Botrytis cinerea)<\/h3>\n\n\n\n<p class=\"wp-block-paragraph\">Sintomas: Uma doen\u00e7a comum e generalizada que afecta as pr\u00edmulas. As plantas infectadas apresentam um amarelecimento geral e, eventualmente, morte. A doen\u00e7a afecta principalmente as folhas, os caules tenros e as partes florais.<\/p>\n\n\n\n<p class=\"wp-block-paragraph\">Fase inicial: Manchas encharcadas de \u00e1gua nas folhas, que aumentam gradualmente de tamanho, tornam-se castanhas e apodrecem.<br>Fase tardia: Forma-se bolor amarelo-acinzentado nas \u00e1reas doentes.<br>Infe\u00e7\u00e3o do caule: Les\u00f5es castanhas e apodrecidas.<br>Infe\u00e7\u00e3o floral: Escurecimento, apodrecimento e queda das partes da flor.<\/p>\n\n\n\n<p class=\"wp-block-paragraph\">Condi\u00e7\u00f5es: Favorecido por temperaturas de cerca de 20\u00b0C e humidade elevada. Mais severo em condi\u00e7\u00f5es de estufa durante o final do inverno e in\u00edcio da primavera.<\/p>\n\n\n\n<p class=\"wp-block-paragraph\">Ciclo de vida do agente patog\u00e9nico: Sobrevive como escler\u00f3cio em res\u00edduos de plantas doentes e no solo.<\/p>\n\n\n\n<p class=\"wp-block-paragraph\">Medidas de controlo:<\/p>\n\n\n\n<p class=\"wp-block-paragraph\">Manter um espa\u00e7amento adequado entre as plantas para melhorar a circula\u00e7\u00e3o do ar.<\/p>\n\n\n\n<p class=\"wp-block-paragraph\">Aumentar a ventila\u00e7\u00e3o para reduzir a humidade do ar.<\/p>\n\n\n\n<p class=\"wp-block-paragraph\">Remover imediatamente o material vegetal doente.<\/p>\n\n\n\n<p class=\"wp-block-paragraph\">Aplicar fungicidas nas fases iniciais da doen\u00e7a:<\/p>\n\n\n\n<ul class=\"wp-block-list\">\n<li>50% fungicida de a\u00e7\u00e3o r\u00e1pida ou 50% Topas WP (dilui\u00e7\u00e3o 1:1500)<\/li>\n\n\n\n<li>Alternar com 65% Mancozeb WP (dilui\u00e7\u00e3o 1:500) para evitar a resist\u00eancia<\/li>\n<\/ul>\n\n\n\n<p class=\"wp-block-paragraph\">Aplicar pr\u00e1ticas sanit\u00e1rias adequadas nas zonas de cultivo.<\/p>\n\n\n\n<h3 class=\"wp-block-heading\">Doen\u00e7a da mancha da folha (Septoria primulae)<\/h3>\n\n\n\n<p class=\"wp-block-paragraph\">Sintomas: Afecta principalmente as folhas, progredindo da parte inferior para a parte superior da planta. Manchas castanhas, normalmente com 3-4 mm de di\u00e2metro, aparecem nas folhas. Infec\u00e7\u00f5es graves podem causar a morte das folhas e a desfolha.<\/p>\n\n\n\n<p class=\"wp-block-paragraph\">Patog\u00e9nico: Causado pelo fungo Septoria primulae.<\/p>\n\n\n\n<p class=\"wp-block-paragraph\">Ciclo da doen\u00e7a: Invernam como mic\u00e9lios ou con\u00eddios em res\u00edduos de plantas doentes. As sementes tamb\u00e9m podem transportar o agente patog\u00e9nico. Espalha-se principalmente por con\u00eddios transportados pelo vento e por salpicos de chuva.<\/p>\n\n\n\n<p class=\"wp-block-paragraph\">Condi\u00e7\u00f5es: Favorecido por clima quente e h\u00famido e fertiliza\u00e7\u00e3o excessiva com azoto. Mais frequente de julho a outubro.<\/p>\n\n\n\n<p class=\"wp-block-paragraph\">Medidas de controlo:<\/p>\n\n\n\n<p class=\"wp-block-paragraph\">Cultivar variedades resistentes \u00e0s doen\u00e7as.<\/p>\n\n\n\n<p class=\"wp-block-paragraph\">Otimizar a gest\u00e3o dos fertilizantes e da \u00e1gua:<\/p>\n\n\n\n<ul class=\"wp-block-list\">\n<li>Aumentar a aplica\u00e7\u00e3o de fertilizantes org\u00e2nicos<\/li>\n\n\n\n<li>Equilibrar os fertilizantes de f\u00f3sforo e pot\u00e1ssio<\/li>\n\n\n\n<li>Evitar a aplica\u00e7\u00e3o excessiva de azoto<\/li>\n<\/ul>\n\n\n\n<p class=\"wp-block-paragraph\">Aplicar fungicidas nas fases iniciais da doen\u00e7a:<\/p>\n\n\n\n<ul class=\"wp-block-list\">\n<li>70% metoxiacrilato (dilui\u00e7\u00e3o 1:1000) + 75% clorotalonil WP (dilui\u00e7\u00e3o 1:1000)<\/li>\n\n\n\n<li>Ou mistura de Bord\u00e9us 1:1:100<\/li>\n<\/ul>\n\n\n\n<p class=\"wp-block-paragraph\">Praticar a rota\u00e7\u00e3o de culturas com plantas n\u00e3o hospedeiras.<\/p>\n\n\n\n<p class=\"wp-block-paragraph\">Assegurar um espa\u00e7amento adequado entre as plantas para uma boa circula\u00e7\u00e3o do ar.<\/p>\n\n\n\n<h3 class=\"wp-block-heading\">Doen\u00e7a da mancha bacteriana da folha<\/h3>\n\n\n\n<p class=\"wp-block-paragraph\">Sintomas: Afecta as folhas e os caules das flores. Os sintomas iniciais incluem manchas irregulares, encharcadas de \u00e1gua, ao longo das nervuras das folhas, que se tornam amarelas a castanhas e aumentam de tamanho. Infec\u00e7\u00f5es graves podem provocar a desseca\u00e7\u00e3o e a morte do bordo da folha.<\/p>\n\n\n\n<p class=\"wp-block-paragraph\"><strong>Medidas de controlo:<\/strong><\/p>\n\n\n\n<ol class=\"wp-block-list\">\n<li>Aplicar pr\u00e1ticas s\u00f3lidas de gest\u00e3o das culturas.<\/li>\n\n\n\n<li>Utilizar pl\u00e2ntulas isentas de doen\u00e7as e desinfetar o solo da cama de sementes.<\/li>\n\n\n\n<li>Assegurar uma ventila\u00e7\u00e3o atempada da estufa para reduzir a humidade.<\/li>\n\n\n\n<li>Remover rapidamente os res\u00edduos de plantas doentes.<\/li>\n\n\n\n<li>Aplicar bactericidas quando a doen\u00e7a ocorrer:50% oxicloreto de cobre WP (dilui\u00e7\u00e3o 1:500);Ou 72% estreptomicina agr\u00edcola WP (dilui\u00e7\u00e3o 1:4000)<\/li>\n\n\n\n<li>Praticar a rota\u00e7\u00e3o de culturas com plantas n\u00e3o hospedeiras.<\/li>\n<\/ol>\n\n\n\n<ul class=\"wp-block-list\"><\/ul>\n\n\n\n<h3 class=\"wp-block-heading\">Defici\u00eancia de ferro Clorose<\/h3>\n\n\n\n<p class=\"wp-block-paragraph\">Sintomas: As folhas jovens superiores perdem primeiro a cor verde, enquanto as folhas mais velhas permanecem normais. As folhas clor\u00f3ticas apresentam tecido amarelo com nervuras verdes (clorose interveinal). Os casos mais graves podem levar a manchas castanhas nas pontas das folhas ou \u00e0 queda das folhas.<\/p>\n\n\n\n<p class=\"wp-block-paragraph\"><strong>Medidas de controlo:<\/strong><\/p>\n\n\n\n<ol class=\"wp-block-list\">\n<li>Utilizar uma argila rica em ferro para o solo de envasamento.<\/li>\n\n\n\n<li>Incorporar sulfato de ferro e sulfato de zinco em fertilizantes org\u00e2nicos para promover o desenvolvimento das ra\u00edzes e a absor\u00e7\u00e3o de ferro.<\/li>\n\n\n\n<li>Aplica\u00e7\u00e3o foliar de uma solu\u00e7\u00e3o de sulfato ferroso 0,2-0,5% quando os sintomas aparecem.<\/li>\n\n\n\n<li>Considerar a utiliza\u00e7\u00e3o de produtos de ferro quelatado para uma absor\u00e7\u00e3o mais eficiente.<\/li>\n\n\n\n<li>Ajustar o pH do solo para otimizar a disponibilidade de ferro (intervalo ideal: 6,0-6,5).<\/li>\n<\/ol>\n\n\n\n<h3 class=\"wp-block-heading\">Doen\u00e7a da mancha castanha<\/h3>\n\n\n\n<p class=\"wp-block-paragraph\">Sintomas: Afecta vulgarmente as pr\u00edmulas Polyanthus. Causada por um fungo Ascomycota. Aparecem manchas castanhas nas folhas. Propaga-se por con\u00eddios dispersos pelo vento e pela chuva.<\/p>\n\n\n\n<p class=\"wp-block-paragraph\"><strong>Medidas de controlo:<\/strong><\/p>\n\n\n\n<ul class=\"wp-block-list\">\n<li>Aplicar fungicidas nas fases iniciais da doen\u00e7a: 70% chlorothalonil WP (dilui\u00e7\u00e3o 1:1000) ou outros fungicidas adequados<\/li>\n\n\n\n<li>Melhorar a circula\u00e7\u00e3o do ar atrav\u00e9s de um espa\u00e7amento adequado e da poda.<\/li>\n\n\n\n<li>Evitar a irriga\u00e7\u00e3o por cima da cabe\u00e7a para reduzir a humidade das folhas.<\/li>\n\n\n\n<li>Remover e destruir o material vegetal infetado.<\/li>\n\n\n\n<li>Praticar a rota\u00e7\u00e3o de culturas com plantas n\u00e3o hospedeiras.<\/li>\n<\/ul>\n\n\n\n<ol class=\"wp-block-list\"><\/ol>\n\n\n\n<h2 class=\"wp-block-heading\">VII. Valor e mais<\/h2>\n\n\n\n<h3 class=\"wp-block-heading\">Os benef\u00edcios e as utiliza\u00e7\u00f5es das pr\u00edmulas<\/h3>\n\n\n\n<p class=\"wp-block-paragraph\"><strong>Valor medicinal:<\/strong><\/p>\n\n\n\n<ul class=\"wp-block-list\">\n<li>Propriedades de elimina\u00e7\u00e3o do calor e de secagem da humidade<\/li>\n\n\n\n<li>Efeitos depurativos do f\u00edgado e da ves\u00edcula biliar<\/li>\n\n\n\n<li>Propriedades hemost\u00e1ticas (para parar a hemorragia)<\/li>\n\n\n\n<li>Eficaz no tratamento de convuls\u00f5es pedi\u00e1tricas induzidas por febre<\/li>\n\n\n\n<li>Terap\u00eautica da gastroenterite aguda e da disenteria<\/li>\n\n\n\n<li>Cont\u00e9m compostos bioactivos como flavon\u00f3ides e saponinas com potenciais propriedades anti-inflamat\u00f3rias e antioxidantes<\/li>\n<\/ul>\n\n\n\n<p class=\"wp-block-paragraph\"><strong>Valor est\u00e9tico:<\/strong><\/p>\n\n\n\n<ul class=\"wp-block-list\">\n<li>Florescem no in\u00edcio da primavera, simbolizando a chegada da primavera<\/li>\n\n\n\n<li>Diversas cores e formas adequadas a v\u00e1rios projectos paisag\u00edsticos<\/li>\n\n\n\n<li>Excelente para iluminar \u00e1reas de jardim com sombra<\/li>\n\n\n\n<li>Utiliza\u00e7\u00e3o vers\u00e1til em recipientes, jardins de pedra e ambientes florestais<\/li>\n\n\n\n<li>Atrativo para os polinizadores, aumentando a biodiversidade do jardim<\/li>\n<\/ul>\n\n\n\n<h3 class=\"wp-block-heading\">Cultura de plantas<\/h3>\n\n\n\n<p class=\"wp-block-paragraph\">Linguagem das flores: Primeiro amor, esperan\u00e7a, sem arrependimentos<\/p>\n\n\n\n<p class=\"wp-block-paragraph\">Destinat\u00e1rios das prendas: Amigos, namorados, pessoas pr\u00f3ximas<\/p>\n\n\n\n<p class=\"wp-block-paragraph\">Etiqueta de oferta de flores:<\/p>\n\n\n\n<ul class=\"wp-block-list\">\n<li>Disponha pequenas pr\u00edmulas em vasos de v\u00e1rias cores num prato raso grande de cor clara<\/li>\n\n\n\n<li>Embrulhar com papel celofane<\/li>\n\n\n\n<li>Enfeite com uma fita de cetim atada num la\u00e7o em cruz<\/li>\n<\/ul>\n\n\n\n<p class=\"wp-block-paragraph\">Significado cultural:<\/p>\n\n\n\n<ul class=\"wp-block-list\">\n<li>Associado \u00e0 juventude e a novos come\u00e7os em muitas culturas<\/li>\n\n\n\n<li>Presente no folclore e na literatura de v\u00e1rias tradi\u00e7\u00f5es europeias<\/li>\n\n\n\n<li>Simboliza prote\u00e7\u00e3o e sorte em algumas regi\u00f5es<\/li>\n\n\n\n<li>Utilizado em pr\u00e1ticas de medicina tradicional em diferentes partes do mundo<\/li>\n<\/ul>\n\n\n\n<p class=\"wp-block-paragraph\">Impacto na horticultura:<\/p>\n\n\n\n<ul class=\"wp-block-list\">\n<li>Importante para o desenvolvimento de numerosos h\u00edbridos e cultivares de jardim<\/li>\n\n\n\n<li>Contribuiu para o avan\u00e7o das t\u00e9cnicas de melhoramento vegetal<\/li>\n\n\n\n<li>Desempenha um papel nos esfor\u00e7os de conserva\u00e7\u00e3o das esp\u00e9cies de pr\u00edmulas selvagens<\/li>\n<\/ul>","protected":false},"excerpt":{"rendered":"<p>Primula malacoides, commonly known as the Fairy Primrose, Baby Primrose, or Tiered Primrose, is a delightful biennial herbaceous plant belonging to the Primulaceae family. This charming species is prized for its early spring blooms, diverse color palette, and extended flowering period, making it a valuable ornamental plant for gardens and greenhouses alike. I. Basic Introduction [&hellip;]<\/p>\n","protected":false},"author":1,"featured_media":11111,"comment_status":"open","ping_status":"open","sticky":false,"template":"","format":"standard","meta":{"_breakdance_hide_in_design_set":false,"_breakdance_tags":"","footnotes":""},"categories":[20],"tags":[],"class_list":["post-11073","post","type-post","status-publish","format-standard","has-post-thumbnail","hentry","category-species-and-types"],"_links":{"self":[{"href":"https:\/\/flowerslib.com\/pt\/wp-json\/wp\/v2\/posts\/11073","targetHints":{"allow":["GET"]}}],"collection":[{"href":"https:\/\/flowerslib.com\/pt\/wp-json\/wp\/v2\/posts"}],"about":[{"href":"https:\/\/flowerslib.com\/pt\/wp-json\/wp\/v2\/types\/post"}],"author":[{"embeddable":true,"href":"https:\/\/flowerslib.com\/pt\/wp-json\/wp\/v2\/users\/1"}],"replies":[{"embeddable":true,"href":"https:\/\/flowerslib.com\/pt\/wp-json\/wp\/v2\/comments?post=11073"}],"version-history":[{"count":0,"href":"https:\/\/flowerslib.com\/pt\/wp-json\/wp\/v2\/posts\/11073\/revisions"}],"wp:featuredmedia":[{"embeddable":true,"href":"https:\/\/flowerslib.com\/pt\/wp-json\/wp\/v2\/media\/11111"}],"wp:attachment":[{"href":"https:\/\/flowerslib.com\/pt\/wp-json\/wp\/v2\/media?parent=11073"}],"wp:term":[{"taxonomy":"category","embeddable":true,"href":"https:\/\/flowerslib.com\/pt\/wp-json\/wp\/v2\/categories?post=11073"},{"taxonomy":"post_tag","embeddable":true,"href":"https:\/\/flowerslib.com\/pt\/wp-json\/wp\/v2\/tags?post=11073"}],"curies":[{"name":"wp","href":"https:\/\/api.w.org\/{rel}","templated":true}]}}