{"id":11038,"date":"2024-08-02T16:25:27","date_gmt":"2024-08-02T08:25:27","guid":{"rendered":"https:\/\/flowerslib.com\/?p=11038"},"modified":"2024-08-02T16:25:30","modified_gmt":"2024-08-02T08:25:30","slug":"mahonia-japonica","status":"publish","type":"post","link":"https:\/\/flowerslib.com\/pt\/mahonia-japonica\/","title":{"rendered":"Mahonia Japonica: A planta enigm\u00e1tica para o seu jardim"},"content":{"rendered":"<p class=\"wp-block-paragraph\">A Mahonia japonica, uma esp\u00e9cie pertencente \u00e0 fam\u00edlia Berberidaceae, \u00e9 uma planta vers\u00e1til adequada para o cultivo em contentores, paisagismo de jardins e aplica\u00e7\u00f5es medicinais. Este arbusto perene, tamb\u00e9m conhecido por v\u00e1rios nomes comuns como Mahonia de folhas estreitas, Uva japonesa do Oregon e Cedro amarelo da terra, oferece valor ornamental e pr\u00e1tico tanto para jardineiros como para herboristas.<\/p>\n\n\n\n<p class=\"wp-block-paragraph\">Nativa da \u00c1sia Oriental, a M. japonica prospera em ambientes sombreados, particularmente em encostas florestais, entre grupos de arbustos e em \u00e1reas h\u00famidas a altitudes que variam entre os 350 e os 2000 metros. A sua adaptabilidade a v\u00e1rias condi\u00e7\u00f5es de crescimento torna-a uma escolha popular para jardins em climas temperados em todo o mundo.<\/p>\n\n\n\n<h2 class=\"wp-block-heading\">I. Carater\u00edsticas f\u00edsicas<\/h2>\n\n\n\n<p class=\"wp-block-paragraph\"><\/p>\n\n\n<div class=\"wp-block-image\">\n<figure class=\"aligncenter size-full\"><img loading=\"lazy\" decoding=\"async\" width=\"1200\" height=\"800\" src=\"https:\/\/flowerslib.com\/wp-content\/uploads\/2023\/09\/3-26.jpg\" alt=\"Mahonia japonica\" class=\"wp-image-11082\" srcset=\"https:\/\/flowerslib.com\/wp-content\/uploads\/2023\/09\/3-26.jpg 1200w, https:\/\/flowerslib.com\/wp-content\/uploads\/2023\/09\/3-26-300x200.jpg 300w, https:\/\/flowerslib.com\/wp-content\/uploads\/2023\/09\/3-26-150x100.jpg 150w, https:\/\/flowerslib.com\/wp-content\/uploads\/2023\/09\/3-26-768x512.jpg 768w\" sizes=\"auto, (max-width: 1200px) 100vw, 1200px\" \/><\/figure>\n<\/div>\n\n\n<p class=\"wp-block-paragraph\"><\/p>\n\n\n\n<p class=\"wp-block-paragraph\">A M. japonica \u00e9 um arbusto impressionante que cresce tipicamente 0,5-2 metros de altura, embora possa ocasionalmente atingir alturas de at\u00e9 4 metros. As suas folhas compostas s\u00e3o uma carater\u00edstica distintiva, medindo 10-28 cm de comprimento e 8-18 cm de largura, compreendendo 2-5 pares de fol\u00edolos. As folhas exibem uma cor verde escura a profunda na superf\u00edcie superior, com veias discretas, enquanto a parte inferior \u00e9 amarela p\u00e1lida com vena\u00e7\u00e3o elevada.<\/p>\n\n\n\n<p class=\"wp-block-paragraph\">Os fol\u00edolos s\u00e3o lanceolados a el\u00edpticos, variando entre 4,5-14 cm de comprimento e 0,9-2,5 cm de largura. Cada folheto tem uma base em forma de cunha e 5-10 dentes pontiagudos e espinhosos ao longo de cada extremidade, culminando numa ponta aguda ou acuminada. Esta disposi\u00e7\u00e3o confere \u00e0 planta o seu aspeto espinhoso carater\u00edstico.<\/p>\n\n\n\n<p class=\"wp-block-paragraph\"><\/p>\n\n\n<div class=\"wp-block-image\">\n<figure class=\"aligncenter size-full\"><img loading=\"lazy\" decoding=\"async\" width=\"1200\" height=\"800\" src=\"https:\/\/flowerslib.com\/wp-content\/uploads\/2023\/09\/1-65.jpg\" alt=\"Mahonia japonica\" class=\"wp-image-11083\" srcset=\"https:\/\/flowerslib.com\/wp-content\/uploads\/2023\/09\/1-65.jpg 1200w, https:\/\/flowerslib.com\/wp-content\/uploads\/2023\/09\/1-65-300x200.jpg 300w, https:\/\/flowerslib.com\/wp-content\/uploads\/2023\/09\/1-65-150x100.jpg 150w, https:\/\/flowerslib.com\/wp-content\/uploads\/2023\/09\/1-65-768x512.jpg 768w\" sizes=\"auto, (max-width: 1200px) 100vw, 1200px\" \/><\/figure>\n<\/div>\n\n\n<p class=\"wp-block-paragraph\"><\/p>\n\n\n\n<p class=\"wp-block-paragraph\">A flora\u00e7\u00e3o ocorre de julho a setembro, com a planta a produzir 4-10 infloresc\u00eancias racemosas, cada uma com 3-7 cm de comprimento. As flores s\u00e3o de um amarelo vibrante, com tr\u00eas espirais de s\u00e9palas e p\u00e9talas oblongas com gl\u00e2ndulas distintivas nas suas bases. As s\u00e9palas mais interiores, com 4-5,5 mm de comprimento e 2,1-2,5 mm de largura, s\u00e3o as mais proeminentes.<\/p>\n\n\n\n<p class=\"wp-block-paragraph\">Ap\u00f3s a poliniza\u00e7\u00e3o, a M. japonica produz bagas esf\u00e9ricas com 4-6 mm de di\u00e2metro. Estes frutos amadurecem de setembro a novembro, passando de amarelo para uma cor negra arroxeada profunda e desenvolvendo um revestimento pulverulento branco na maturidade. Esta carater\u00edstica de frutifica\u00e7\u00e3o n\u00e3o s\u00f3 aumenta o valor ornamental da planta, como tamb\u00e9m desempenha um papel crucial na dispers\u00e3o e propaga\u00e7\u00e3o das sementes.<\/p>\n\n\n\n<h2 class=\"wp-block-heading\">II. Ambiente de crescimento<\/h2>\n\n\n\n<p class=\"wp-block-paragraph\">A M. japonica adapta-se bem a climas temperados quentes, demonstrando uma forte resist\u00eancia ao frio mas uma baixa toler\u00e2ncia ao calor extremo. Desenvolve-se bem em ambientes que oferecem:<\/p>\n\n\n\n<ol class=\"wp-block-list\">\n<li>Sombra parcial a total: Sendo uma planta que adora a sombra, tem um melhor desempenho em locais protegidos da luz solar direta e intensa.<\/li>\n\n\n\n<li>Humidade constante: Embora relativamente tolerante \u00e0 seca, prefere uma humidade constante sem encharcamento.<\/li>\n\n\n\n<li>Solos \u00e1cidos e bem drenados: A planta prefere solos ricos em h\u00famus, franco-arenosos, bem drenados e com um pH inferior a 7,0.<\/li>\n\n\n\n<li>Temperaturas frias a moderadas: Suporta o frio mas tem dificuldade em suportar o calor.<\/li>\n<\/ol>\n\n\n\n<p class=\"wp-block-paragraph\">No seu habitat natural, a M. japonica \u00e9 frequentemente encontrada em vales sombreados, sob copas de florestas ou entre outros arbustos. Esta prefer\u00eancia por condi\u00e7\u00f5es de sub-bosque torna-a uma excelente escolha para jardins florestais ou bordaduras sombreadas em projectos paisag\u00edsticos.<\/p>\n\n\n\n<p class=\"wp-block-paragraph\">As necessidades da planta em termos de solo n\u00e3o s\u00e3o muito rigorosas, mas o seu desempenho \u00e9 \u00f3timo em substratos soltos e f\u00e9rteis. A sua forte capacidade de perfilhamento e a tend\u00eancia para brotar bot\u00f5es laterais contribuem para o seu h\u00e1bito de crescimento arbustivo, com cada planta a produzir tipicamente 2-3 novos ramos anualmente, cada um capaz de crescer cerca de 20 cm numa \u00fanica esta\u00e7\u00e3o.<\/p>\n\n\n\n<h2 class=\"wp-block-heading\">III. Distribui\u00e7\u00e3o e cultivo<\/h2>\n\n\n\n<p class=\"wp-block-paragraph\"><\/p>\n\n\n<div class=\"wp-block-image\">\n<figure class=\"aligncenter size-full\"><img loading=\"lazy\" decoding=\"async\" width=\"1200\" height=\"800\" src=\"https:\/\/flowerslib.com\/wp-content\/uploads\/2023\/09\/2-63.jpg\" alt=\"Mahonia japonica\" class=\"wp-image-11084\" srcset=\"https:\/\/flowerslib.com\/wp-content\/uploads\/2023\/09\/2-63.jpg 1200w, https:\/\/flowerslib.com\/wp-content\/uploads\/2023\/09\/2-63-300x200.jpg 300w, https:\/\/flowerslib.com\/wp-content\/uploads\/2023\/09\/2-63-150x100.jpg 150w, https:\/\/flowerslib.com\/wp-content\/uploads\/2023\/09\/2-63-768x512.jpg 768w\" sizes=\"auto, (max-width: 1200px) 100vw, 1200px\" \/><\/figure>\n<\/div>\n\n\n<p class=\"wp-block-paragraph\"><\/p>\n\n\n\n<p class=\"wp-block-paragraph\">Embora seja nativa da \u00c1sia Oriental, a M. japonica tem sido cultivada com sucesso em v\u00e1rias regi\u00f5es do mundo. \u00c9 particularmente popular no Jap\u00e3o, onde h\u00e1 muito \u00e9 apreciada pelas suas propriedades ornamentais e medicinais. A planta tamb\u00e9m \u00e9 apreciada na Indon\u00e9sia e nos Estados Unidos, onde \u00e9 cultivada tanto para uso em jardins como para fins comerciais.<\/p>\n\n\n\n<p class=\"wp-block-paragraph\">A adaptabilidade da esp\u00e9cie a diferentes climas dentro da sua gama de temperaturas preferidas permitiu-lhe ser introduzida em muitas regi\u00f5es temperadas em todo o mundo. O seu cultivo expandiu-se para al\u00e9m da sua \u00e1rea nativa, tornando-a uma vis\u00e3o familiar em jardins bot\u00e2nicos, parques p\u00fablicos e paisagens privadas em v\u00e1rios continentes.<\/p>\n\n\n\n<h2 class=\"wp-block-heading\">IV. Crescimento e propaga\u00e7\u00e3o<\/h2>\n\n\n\n<h3 class=\"wp-block-heading\">Cultivo de mudas<\/h3>\n\n\n\n<p class=\"wp-block-paragraph\">A popula\u00e7\u00e3o selvagem desta planta est\u00e1 a diminuir, necessitando de propaga\u00e7\u00e3o em viveiro para produ\u00e7\u00e3o em massa. O sucesso da propaga\u00e7\u00e3o de sementes depende do momento exato da recolha de sementes, do tratamento adequado das sementes, da profundidade \u00f3ptima de sementeira e de cuidados meticulosos ap\u00f3s a sementeira.<\/p>\n\n\n\n<p class=\"wp-block-paragraph\">Em maio, quando os frutos amadurecem, s\u00e3o colhidas as bagas ovais. Ap\u00f3s um breve empilhamento, os bagos s\u00e3o misturados com areia fina e esfregados ou mergulhados em \u00e1gua morna para retirar a pele, a polpa e as sementes n\u00e3o vi\u00e1veis. As sementes gordas s\u00e3o extra\u00eddas, secas \u00e0 sombra e armazenadas em sacos de pano num local fresco, ventilado e seco. Para a sementeira na primavera, as sementes s\u00e3o estratificadas em areia fresca durante o inverno.<\/p>\n\n\n\n<p class=\"wp-block-paragraph\">A sementeira \u00e9 feita em mar\u00e7o, com as sementes cobertas por 1-2 cm de terra, num local semi-sombreado. A germina\u00e7\u00e3o ocorre normalmente ap\u00f3s um m\u00eas. Em alternativa, as sementes tratadas podem ser semeadas diretamente a 3-5 cm de profundidade numa cama de sementes semi-sombreada. A temperatura \u00f3ptima de germina\u00e7\u00e3o \u00e9 de 15-25\u00b0C, com germina\u00e7\u00e3o ap\u00f3s cerca de 50 dias. As pl\u00e2ntulas do primeiro ano atingem geralmente 8-10 cm de altura.<\/p>\n\n\n\n<p class=\"wp-block-paragraph\">\u00c9 necess\u00e1ria prote\u00e7\u00e3o no inverno e as pl\u00e2ntulas devem ser cultivadas durante mais um ano antes de serem transplantadas. Normalmente, s\u00e3o necess\u00e1rios 4-5 anos de cultivo para que as plantas flores\u00e7am e frutifiquem.<\/p>\n\n\n\n<h3 class=\"wp-block-heading\">Estacas<\/h3>\n\n\n\n<p class=\"wp-block-paragraph\">Para uma propaga\u00e7\u00e3o em pequena escala, as estacas s\u00e3o eficazes. As estacas de madeira dura s\u00e3o colhidas em fevereiro ou mar\u00e7o, enquanto as estacas de madeira semi-dura s\u00e3o melhores em maio ou junho. Os ramos saud\u00e1veis com 1-2 anos de idade s\u00e3o cortados em segmentos de 15 cm, com dois ter\u00e7os de cada estaca inseridos num viveiro de areia. Manter a humidade do canteiro e proporcionar sombra a partir de maio. A nebuliza\u00e7\u00e3o di\u00e1ria em dias de sol assegura uma humidade adequada. O enraizamento ocorre ap\u00f3s cerca de dois meses.<\/p>\n\n\n\n<p class=\"wp-block-paragraph\">As estacas de madeira macia podem ser colhidas durante a esta\u00e7\u00e3o das chuvas. Selecionar ramos bem desenvolvidos do ano corrente ou de um ano de idade, com 15-20 cm de comprimento. Manter a temperatura da cama do viveiro a 25-30\u00b0C. O enraizamento ocorre ap\u00f3s um m\u00eas, com uma taxa de sobreviv\u00eancia superior a 90%. O tratamento das estacas com hormona de enraizamento pode atingir uma taxa de enraizamento superior a 90%.<\/p>\n\n\n\n<h3 class=\"wp-block-heading\">Divis\u00e3o<\/h3>\n\n\n\n<p class=\"wp-block-paragraph\">A divis\u00e3o \u00e9 efectuada de meados de outubro a meados de novembro ou de finais de fevereiro a finais de mar\u00e7o, coincidindo frequentemente com o transplante de primavera. Escavar as plantas que formam tufos ou remover grandes esp\u00e9cimes em vasos. Separe os tufos nas jun\u00e7\u00f5es fracas das ra\u00edzes e dos caules. Cada divis\u00e3o deve conservar 2-3 caules e ra\u00edzes s\u00e3s. Ap\u00f3s a poda das folhas, replantar as divis\u00f5es no solo ou em vasos.<\/p>\n\n\n\n<h3 class=\"wp-block-heading\">Propaga\u00e7\u00e3o r\u00e1pida<\/h3>\n\n\n\n<p class=\"wp-block-paragraph\">A procura crescente de produ\u00e7\u00e3o de medicamentos tradicionais, associada ao decl\u00ednio das popula\u00e7\u00f5es selvagens, exige m\u00e9todos de propaga\u00e7\u00e3o eficientes. Como esta planta se propaga tipicamente de forma assexuada, a propaga\u00e7\u00e3o r\u00e1pida baseada na biotecnologia oferece uma solu\u00e7\u00e3o prometedora. A investiga\u00e7\u00e3o sobre a propaga\u00e7\u00e3o artificial fornece conhecimentos valiosos e uma base te\u00f3rica para o cultivo em grande escala.<\/p>\n\n\n\n<h2 class=\"wp-block-heading\">V. Controlo de pragas e doen\u00e7as<\/h2>\n\n\n\n<p class=\"wp-block-paragraph\">Esta planta apresenta uma elevada resist\u00eancia a pragas e doen\u00e7as, permanecendo frequentemente inalterada mesmo quando as esp\u00e9cies vizinhas sucumbem a infesta\u00e7\u00f5es como os af\u00eddeos. No entanto, as medidas preventivas s\u00e3o cruciais:<\/p>\n\n\n\n<ol class=\"wp-block-list\">\n<li>Assegurar uma drenagem adequada para reduzir a humidade no terreno.<\/li>\n\n\n\n<li>Manter uma ventila\u00e7\u00e3o e penetra\u00e7\u00e3o de luz adequadas para refor\u00e7ar a resist\u00eancia \u00e0s doen\u00e7as.<\/li>\n<\/ol>\n\n\n\n<p class=\"wp-block-paragraph\">As pragas e doen\u00e7as mais comuns incluem:<\/p>\n\n\n\n<ol class=\"wp-block-list\">\n<li>Tra\u00e7a-das-folhas e tra\u00e7a-dos-sacos: Controlo com uma solu\u00e7\u00e3o do pesticida 90%, dilu\u00edda 1000:1.<\/li>\n\n\n\n<li>Antracnose: Tratar com 70% p\u00f3 molh\u00e1vel de metotobuzina, dilu\u00eddo 1000:1.<\/li>\n\n\n\n<li>Insectos cochonilhas: Aplicar dimetoato ou pesticidas \u00e0 base de f\u00f3sforo.<\/li>\n\n\n\n<li>Controlo geral das doen\u00e7as: Remover e incinerar as folhas afectadas. Durante os surtos, pulverizar com calda bordalesa ou fungicidas apropriados.<\/li>\n<\/ol>\n\n\n\n<h2 class=\"wp-block-heading\">VI. Valor principal<\/h2>\n\n\n\n<p class=\"wp-block-paragraph\">Valor ornamental<\/p>\n\n\n\n<p class=\"wp-block-paragraph\">A forma distinta das folhas da planta proporciona uma beleza elegante, tornando-a adequada para a decora\u00e7\u00e3o de interiores como planta em vaso. A sua toler\u00e2ncia \u00e0 sombra permite o cultivo em interior a longo prazo sob luz difusa. No exterior, desenvolve-se bem perto de jardins ornamentais ou em fendas de rocha, de prefer\u00eancia \u00e0 sombra de \u00e1rvores de maior porte.<\/p>\n\n\n\n<h3 class=\"wp-block-heading\">Propriedades medicinais<\/h3>\n\n\n\n<p class=\"wp-block-paragraph\">As flores s\u00e3o de natureza fria e de sabor doce, enquanto as ra\u00edzes e os caules s\u00e3o de natureza fria e amarga. Os compostos principais incluem a berberina, a medicarpina e a magnoflorina. Os efeitos medicinais incluem:<\/p>\n\n\n\n<ol class=\"wp-block-list\">\n<li>Desbloqueador de calor e desintoxicante<\/li>\n\n\n\n<li>Al\u00edvio da tosse e redu\u00e7\u00e3o do catarro<\/li>\n\n\n\n<li>Atividade antimicrobiana contra Staphylococcus aureus, bacilos da disenteria e E. coli<\/li>\n<\/ol>\n\n\n\n<p class=\"wp-block-paragraph\">As principais utiliza\u00e7\u00f5es incluem o tratamento de disenteria bacteriana, gastroenterite, hepatite infecciosa, bronquite, inflama\u00e7\u00e3o da garganta, conjuntivite e queimaduras.<\/p>\n\n\n\n<p class=\"wp-block-paragraph\">Colher os frutos e as ra\u00edzes no final do outono e as folhas durante todo o ano. Secar ao sol ou no forno para armazenamento.<\/p>\n\n\n\n<h3 class=\"wp-block-heading\">Ornamenta\u00e7\u00e3o de jardim<\/h3>\n\n\n\n<p class=\"wp-block-paragraph\">As folhas \u00fanicas da planta e as flores amarelas brilhantes tornam-na ideal para jardins rochosos do sul ou para terrenos interiores secos. A sua resist\u00eancia ao di\u00f3xido de enxofre torna-a excelente para embelezar zonas industriais. Como planta em vaso, deve ser mantida relativamente pequena.<\/p>\n\n\n\n<p class=\"wp-block-paragraph\">A sua atra\u00e7\u00e3o durante todo o ano inclui flores amarelas, frutos maduros azul-p\u00farpura e folhas espinhosas atraentes. Harmoniza-se bem com paredes brancas quando plantada atr\u00e1s de casas e pode servir como sebe ou planta\u00e7\u00e3o de limite em v\u00e1rios cen\u00e1rios de jardim. Tamb\u00e9m \u00e9 adequada como flor de corte.<\/p>\n\n\n\n<h3 class=\"wp-block-heading\">Planta\u00e7\u00e3o companheira<\/h3>\n\n\n\n<p class=\"wp-block-paragraph\">A planta complementa a arquitetura de estilo ocidental e cria uma atmosfera serena quando plantada contra muros. \u00c9 vers\u00e1til para paisagismo, sebes, contentores \u00e0 beira da estrada e jardins de pedras.<\/p>\n\n\n\n<h3 class=\"wp-block-heading\">Valor medicinal<\/h3>\n\n\n\n<p class=\"wp-block-paragraph\">As fun\u00e7\u00f5es prim\u00e1rias incluem arrefecer o calor, repor as defici\u00eancias, parar a tosse e transformar a fleuma. \u00c9 utilizado para tratar doen\u00e7as como a tuberculose pulmonar, hemoptise, febre, tonturas, zumbidos, fraqueza nas costas e nas pernas, irritabilidade e olhos vermelhos<\/p>\n\n\n\n<h2 class=\"wp-block-heading\">VII. Cultura de plantas<\/h2>\n\n\n\n<p class=\"wp-block-paragraph\">O nome da planta tem origem nas suas vastas aplica\u00e7\u00f5es medicinais, que n\u00e3o se limitam a dez utiliza\u00e7\u00f5es. Todas as partes da planta (madeira, raiz, caule, folha) t\u00eam propriedades medicinais significativas.<\/p>","protected":false},"excerpt":{"rendered":"<p>Mahonia japonica, a species belonging to the Berberidaceae family, is a versatile plant suitable for container cultivation, garden landscaping, and medicinal applications. This evergreen shrub, also known by various common names such as Narrow-Leaf Mahonia, Japanese Oregon Grape, and Earth Yellow Cedar, offers both ornamental and practical value to gardeners and herbalists alike. Native to [&hellip;]<\/p>\n","protected":false},"author":1,"featured_media":11080,"comment_status":"open","ping_status":"open","sticky":false,"template":"","format":"standard","meta":{"_breakdance_hide_in_design_set":false,"_breakdance_tags":"","footnotes":""},"categories":[20],"tags":[],"class_list":["post-11038","post","type-post","status-publish","format-standard","has-post-thumbnail","hentry","category-species-and-types"],"_links":{"self":[{"href":"https:\/\/flowerslib.com\/pt\/wp-json\/wp\/v2\/posts\/11038","targetHints":{"allow":["GET"]}}],"collection":[{"href":"https:\/\/flowerslib.com\/pt\/wp-json\/wp\/v2\/posts"}],"about":[{"href":"https:\/\/flowerslib.com\/pt\/wp-json\/wp\/v2\/types\/post"}],"author":[{"embeddable":true,"href":"https:\/\/flowerslib.com\/pt\/wp-json\/wp\/v2\/users\/1"}],"replies":[{"embeddable":true,"href":"https:\/\/flowerslib.com\/pt\/wp-json\/wp\/v2\/comments?post=11038"}],"version-history":[{"count":0,"href":"https:\/\/flowerslib.com\/pt\/wp-json\/wp\/v2\/posts\/11038\/revisions"}],"wp:featuredmedia":[{"embeddable":true,"href":"https:\/\/flowerslib.com\/pt\/wp-json\/wp\/v2\/media\/11080"}],"wp:attachment":[{"href":"https:\/\/flowerslib.com\/pt\/wp-json\/wp\/v2\/media?parent=11038"}],"wp:term":[{"taxonomy":"category","embeddable":true,"href":"https:\/\/flowerslib.com\/pt\/wp-json\/wp\/v2\/categories?post=11038"},{"taxonomy":"post_tag","embeddable":true,"href":"https:\/\/flowerslib.com\/pt\/wp-json\/wp\/v2\/tags?post=11038"}],"curies":[{"name":"wp","href":"https:\/\/api.w.org\/{rel}","templated":true}]}}