{"id":10992,"date":"2023-09-08T14:54:53","date_gmt":"2023-09-08T06:54:53","guid":{"rendered":"https:\/\/flowerslib.com\/?p=10992"},"modified":"2023-09-08T14:54:54","modified_gmt":"2023-09-08T06:54:54","slug":"sedum-lineare","status":"publish","type":"post","link":"https:\/\/flowerslib.com\/pt\/sedum-lineare\/","title":{"rendered":"Sedum Lineare: Uma beleza delicada das montanhas japonesas"},"content":{"rendered":"<p class=\"wp-block-paragraph\">O Sedum lineare \u00e9 uma planta herb\u00e1cea perene da fam\u00edlia das Crassul\u00e1ceas. \u00c9 uma planta sem p\u00ealos, com caules que atingem 10 a 20 cent\u00edmetros de altura. Normalmente, tem tr\u00eas folhas dispostas num verticilo, embora algumas variedades tenham quatro folhas num verticilo ou folhas opostas. <\/p>\n\n\n\n<p class=\"wp-block-paragraph\">As folhas s\u00e3o lineares, pontiagudas na ponta, s\u00e9sseis na base e com pec\u00edolos curtos. A infloresc\u00eancia \u00e9 do tipo umbela, terminal, esparsa, com uma flor centralizada com um ped\u00fanculo curto. <\/p>\n\n\n\n<p class=\"wp-block-paragraph\">As s\u00e9palas s\u00e3o linear-lanceoladas, os carpelos ligeiramente divididos e o pistilo \u00e9 curto. A planta tem cinco p\u00e9talas, amarelas, lanceoladas, com 4 a 6 mil\u00edmetros de comprimento, pontiagudas na ponta e ligeiramente estreitas na base. <\/p>\n\n\n\n<p class=\"wp-block-paragraph\">As sementes s\u00e3o pequenas. O per\u00edodo de flora\u00e7\u00e3o \u00e9 de abril a maio e o per\u00edodo de frutifica\u00e7\u00e3o \u00e9 de junho a julho. Cresce nas encostas das montanhas baixas ou nos prados planos e encontra-se no Jap\u00e3o. <\/p>\n\n\n\n<p class=\"wp-block-paragraph\">Toda a planta tem propriedades medicinais e \u00e9 utilizada para limpar o calor, desintoxicar, eliminar a estase, reduzir o incha\u00e7o e parar a hemorragia. A planta da planta-agulha \u00e9 delicada, com belas flores. <\/p>\n\n\n\n<p class=\"wp-block-paragraph\">As pequenas folhas verde-esmeralda assemelham-se a jade, bem dispostas e agrad\u00e1veis \u00e0 vista. Pode ser cultivada em vaso para aprecia\u00e7\u00e3o (planta\u00e7\u00e3o em contentor).<\/p>\n\n\n\n<h2 class=\"wp-block-heading\">I. Carater\u00edsticas<\/h2>\n\n\n\n<p class=\"wp-block-paragraph\"><\/p>\n\n\n<div class=\"wp-block-image\">\n<figure class=\"aligncenter size-full\"><img loading=\"lazy\" decoding=\"async\" width=\"1200\" height=\"800\" src=\"https:\/\/flowerslib.com\/wp-content\/uploads\/2023\/09\/4-37.jpg\" alt=\"Sedum lineare\" class=\"wp-image-11351\" srcset=\"https:\/\/flowerslib.com\/wp-content\/uploads\/2023\/09\/4-37.jpg 1200w, https:\/\/flowerslib.com\/wp-content\/uploads\/2023\/09\/4-37-300x200.jpg 300w, https:\/\/flowerslib.com\/wp-content\/uploads\/2023\/09\/4-37-150x100.jpg 150w, https:\/\/flowerslib.com\/wp-content\/uploads\/2023\/09\/4-37-768x512.jpg 768w\" sizes=\"auto, (max-width: 1200px) 100vw, 1200px\" \/><\/figure>\n<\/div>\n\n\n<p class=\"wp-block-paragraph\"><\/p>\n\n\n\n<p class=\"wp-block-paragraph\">Erva perene, sem p\u00ealos. A altura do caule \u00e9 de 10 a 20 cent\u00edmetros. H\u00e1 tr\u00eas folhas dispostas num verticilo, ocasionalmente com quatro folhas num verticilo ou folhas opostas.<\/p>\n\n\n\n<p class=\"wp-block-paragraph\">As folhas s\u00e3o lineares, com 20 a 25 mil\u00edmetros de comprimento, cerca de 2 mil\u00edmetros de largura, pontiagudas na ponta, s\u00e9sseis na base e com pec\u00edolos curtos. <\/p>\n\n\n\n<p class=\"wp-block-paragraph\">A infloresc\u00eancia \u00e9 do tipo umbela, terminal, esparsa, com 4 a 8 cent\u00edmetros de largura, com uma flor centralizada com um ped\u00fanculo curto, e 2 a 3 ramos divididos, frequentemente com mais 2 ramos divididos, com flores s\u00e9sseis. <\/p>\n\n\n\n<p class=\"wp-block-paragraph\">As s\u00e9palas s\u00e3o linear-lanceoladas, com 1,5 a 7 mil\u00edmetros de comprimento, de comprimento vari\u00e1vel, por vezes sem pec\u00edolos e, por vezes, com pec\u00edolos curtos, sem corte na ponta. As p\u00e9talas s\u00e3o amarelas, lanceoladas, com 4 a 6 mil\u00edmetros de comprimento, pontiagudas na ponta e ligeiramente estreitas na base. <\/p>\n\n\n\n<p class=\"wp-block-paragraph\">H\u00e1 dez estames, mais curtos do que as p\u00e9talas. As escamas s\u00e3o 5, em forma de cunha ou quase quadradas, com 0,5 mil\u00edmetros de comprimento e 0,5 a 0,6 mil\u00edmetros de largura. Os carpelos s\u00e3o ligeiramente divididos, com 4 a 5 mil\u00edmetros de comprimento, e o pistilo \u00e9 curto. <\/p>\n\n\n\n<p class=\"wp-block-paragraph\">As sementes s\u00e3o pequenas. O per\u00edodo de flora\u00e7\u00e3o \u00e9 de abril a maio e o per\u00edodo de frutifica\u00e7\u00e3o \u00e9 de junho a julho.<\/p>\n\n\n\n<h2 class=\"wp-block-heading\">II. Gama de distribui\u00e7\u00e3o<\/h2>\n\n\n\n<p class=\"wp-block-paragraph\"><\/p>\n\n\n<div class=\"wp-block-image\">\n<figure class=\"aligncenter size-full\"><img loading=\"lazy\" decoding=\"async\" width=\"1200\" height=\"800\" src=\"https:\/\/flowerslib.com\/wp-content\/uploads\/2023\/09\/3-44.jpg\" alt=\"Sedum lineare\" class=\"wp-image-11354\" srcset=\"https:\/\/flowerslib.com\/wp-content\/uploads\/2023\/09\/3-44.jpg 1200w, https:\/\/flowerslib.com\/wp-content\/uploads\/2023\/09\/3-44-300x200.jpg 300w, https:\/\/flowerslib.com\/wp-content\/uploads\/2023\/09\/3-44-150x100.jpg 150w, https:\/\/flowerslib.com\/wp-content\/uploads\/2023\/09\/3-44-768x512.jpg 768w\" sizes=\"auto, (max-width: 1200px) 100vw, 1200px\" \/><\/figure>\n<\/div>\n\n\n<p class=\"wp-block-paragraph\"><\/p>\n\n\n\n<p class=\"wp-block-paragraph\">Cresce nas encostas de montanhas baixas ou em prados planos. Encontra-se no Jap\u00e3o.<\/p>\n\n\n\n<h2 class=\"wp-block-heading\">III. Ambiente de crescimento<\/h2>\n\n\n\n<p class=\"wp-block-paragraph\">O Stonecrop agulha \u00e9 altamente adapt\u00e1vel e n\u00e3o \u00e9 exigente quanto ao solo. Pode crescer em substratos finos. Tem uma forte toler\u00e2ncia \u00e0 seca e resist\u00eancia ao frio. <\/p>\n\n\n\n<p class=\"wp-block-paragraph\">Mesmo quando a temperatura no telhado atinge 50 a 55 graus Celsius no ver\u00e3o, e n\u00e3o chove durante 20 dias consecutivos, a planta n\u00e3o morre. No norte da China, cresce bem na primavera, ver\u00e3o e outono. <\/p>\n\n\n\n<p class=\"wp-block-paragraph\">Durante o per\u00edodo de frio intenso, os caules e as folhas acima do solo murcham, entrando num per\u00edodo de dorm\u00eancia. Assim que o solo descongelar no ano seguinte, brotar\u00e3o novos rebentos, que poder\u00e3o cobrir o solo no in\u00edcio da primavera.<\/p>\n\n\n\n<h2 class=\"wp-block-heading\">IV. Crescimento e propaga\u00e7\u00e3o<\/h2>\n\n\n\n<p class=\"wp-block-paragraph\"><\/p>\n\n\n<div class=\"wp-block-image\">\n<figure class=\"aligncenter size-full\"><img loading=\"lazy\" decoding=\"async\" width=\"1200\" height=\"800\" src=\"https:\/\/flowerslib.com\/wp-content\/uploads\/2023\/09\/1-80.jpg\" alt=\"Sedum lineare\" class=\"wp-image-11355\" srcset=\"https:\/\/flowerslib.com\/wp-content\/uploads\/2023\/09\/1-80.jpg 1200w, https:\/\/flowerslib.com\/wp-content\/uploads\/2023\/09\/1-80-300x200.jpg 300w, https:\/\/flowerslib.com\/wp-content\/uploads\/2023\/09\/1-80-150x100.jpg 150w, https:\/\/flowerslib.com\/wp-content\/uploads\/2023\/09\/1-80-768x512.jpg 768w\" sizes=\"auto, (max-width: 1200px) 100vw, 1200px\" \/><\/figure>\n<\/div>\n\n\n<p class=\"wp-block-paragraph\"><\/p>\n\n\n\n<h3 class=\"wp-block-heading\">Sementes<\/h3>\n\n\n\n<p class=\"wp-block-paragraph\">A sementeira \u00e9 melhor efectuada durante a esta\u00e7\u00e3o das chuvas ou em dias nublados. \u00c9 necess\u00e1rio um terreno plano, uma terra solta e um terreno h\u00famido que tenha sido arado. Os camalh\u00f5es n\u00e3o devem ser demasiado grandes, pois isso torna a opera\u00e7\u00e3o inconveniente. <\/p>\n\n\n\n<p class=\"wp-block-paragraph\">Cortar os caules e as folhas vigorosas em 3-4 cent\u00edmetros, e seme\u00e1-los uniformemente nos sulcos preparados. O espa\u00e7amento entre os caules e as folhas semeadas deve ser de cerca de 1 cent\u00edmetro. <\/p>\n\n\n\n<p class=\"wp-block-paragraph\">Depois de as cobrir com terra fina at\u00e9 um grau semi-exposto, proceder a uma irriga\u00e7\u00e3o por aspers\u00e3o, manter a terra h\u00famida. As plantas enraizar-se-\u00e3o em cerca de uma semana e poder\u00e3o ent\u00e3o ser tratadas diariamente.<\/p>\n\n\n\n<h3 class=\"wp-block-heading\">Estacas<\/h3>\n\n\n\n<p class=\"wp-block-paragraph\">As estacas s\u00e3o adequadas para o ver\u00e3o e o outono. Num terreno plano, solto e h\u00famido que tenha sido arado, fa\u00e7a sulcos e cave trincheiras. As trincheiras podem estar separadas por 10-15 cent\u00edmetros. <\/p>\n\n\n\n<p class=\"wp-block-paragraph\">Cortar os caules e folhas vigorosos em cerca de 10 cent\u00edmetros, plant\u00e1-los na vala e enterr\u00e1-los com terra, enterrando cerca de 3-4 cent\u00edmetros. <\/p>\n\n\n\n<p class=\"wp-block-paragraph\"><\/p>\n\n\n<div class=\"wp-block-image\">\n<figure class=\"aligncenter size-full\"><img loading=\"lazy\" decoding=\"async\" width=\"1200\" height=\"800\" src=\"https:\/\/flowerslib.com\/wp-content\/uploads\/2023\/09\/1-81.jpg\" alt=\"Sedum lineare\" class=\"wp-image-11357\" srcset=\"https:\/\/flowerslib.com\/wp-content\/uploads\/2023\/09\/1-81.jpg 1200w, https:\/\/flowerslib.com\/wp-content\/uploads\/2023\/09\/1-81-300x200.jpg 300w, https:\/\/flowerslib.com\/wp-content\/uploads\/2023\/09\/1-81-150x100.jpg 150w, https:\/\/flowerslib.com\/wp-content\/uploads\/2023\/09\/1-81-768x512.jpg 768w\" sizes=\"auto, (max-width: 1200px) 100vw, 1200px\" \/><\/figure>\n<\/div>\n\n\n<p class=\"wp-block-paragraph\"><\/p>\n\n\n\n<p class=\"wp-block-paragraph\">Depois de nivelar o terreno, inund\u00e1-lo com \u00e1gua, assegurando uma rega suficiente. Fazer isto de 3 em 3 dias, 2-3 vezes consoante a temperatura do ar e do solo.<\/p>\n\n\n\n<h3 class=\"wp-block-heading\">Divis\u00e3o<\/h3>\n\n\n\n<p class=\"wp-block-paragraph\">Na primavera e no ver\u00e3o, cortar os caules e as folhas em segmentos de 6-7 cent\u00edmetros, espalh\u00e1-los num terreno arado e nivelado. Utilizar uma enxada de tr\u00eas dentes para sachar levemente a superf\u00edcie do solo, implantando os n\u00f3s do caule em estado semi-enterrado no solo. <\/p>\n\n\n\n<p class=\"wp-block-paragraph\">Em seguida, borrife \u00e1gua duas vezes e mantenha o solo h\u00famido. A planta enra\u00edza-se em cerca de uma semana. O r\u00e1cio de propaga\u00e7\u00e3o da planta \u00e9 de 1:20, o que significa que 1 metro quadrado de planta bem cultivada pode propagar-se a 20 metros quadrados.<\/p>\n\n\n\n<h2 class=\"wp-block-heading\">V. Valor principal<\/h2>\n\n\n\n<h3 class=\"wp-block-heading\">Medicinal<\/h3>\n\n\n\n<p class=\"wp-block-paragraph\">A planta inteira \u00e9 doce, ligeiramente azeda e fresca. Elimina o calor, desintoxica, reduz o incha\u00e7o, liberta o pus, alivia a dor e a iter\u00edcia. \u00c9 utilizada para dores de garganta, hepatite, fur\u00fanculos, mordeduras de cobra, herpes zoster e queimaduras.<\/p>\n\n\n\n<h3 class=\"wp-block-heading\">Jardinagem<\/h3>\n\n\n\n<p class=\"wp-block-paragraph\">Planta de vaso: A planta \u00e9 delicada, com belas flores, e as suas pequenas folhas verdes s\u00e3o como jade. \u00c9 limpa e bonita e pode ser apreciada como uma planta em vaso (planta\u00e7\u00e3o em contentor).<\/p>\n\n\n\n<p class=\"wp-block-paragraph\">Cobertura do solo: A planta \u00e9 uma excelente planta de cobertura do solo. N\u00e3o s\u00f3 cresce rapidamente com uma forte capacidade de expans\u00e3o, como tamb\u00e9m tem um sistema radicular cruzado que se liga firmemente ao solo, impedindo que a camada superior do solo seja arrastada pela \u00e1gua da chuva. \u00c9 adequada para ser utilizada como relva de prote\u00e7\u00e3o de taludes.<\/p>\n\n\n\n<h3 class=\"wp-block-heading\">Cobertura verde<\/h3>\n\n\n\n<p class=\"wp-block-paragraph\">A planta \u00e9 uma esp\u00e9cie de gram\u00ednea suculenta resistente \u00e0 seca, utilizada para a ecologiza\u00e7\u00e3o de telhados. Utiliza o cultivo sem solo, com carga leve, e pode substituir a camada de isolamento tradicional e a camada de prote\u00e7\u00e3o \u00e0 prova de \u00e1gua. <\/p>\n\n\n\n<p class=\"wp-block-paragraph\">Tem uma forte resist\u00eancia \u00e0 seca, e mesmo no ver\u00e3o quente, n\u00e3o h\u00e1 necessidade de regar o telhado seco, e o tempo de resist\u00eancia \u00e0 seca pode ser superior a um m\u00eas. <\/p>\n\n\n\n<p class=\"wp-block-paragraph\">A planta pode crescer bem num substrato de 5 cent\u00edmetros de espessura no telhado sem rega artificial e fertiliza\u00e7\u00e3o, contando apenas com a precipita\u00e7\u00e3o natural. <\/p>\n\n\n\n<p class=\"wp-block-paragraph\">Mesmo quando a temperatura desce para -10 graus Celsius, o substrato e a planta ficam todos congelados, mas n\u00e3o morrem congelados, apenas os caules e as folhas ficam castanhos escuros. <\/p>\n\n\n\n<p class=\"wp-block-paragraph\">O substrato de planta\u00e7\u00e3o n\u00e3o precisa de ser muito espesso, 5 cent\u00edmetros podem satisfazer as suas necessidades de crescimento, uma vez que um sistema radicular pouco profundo distribui em forma de rede as esp\u00e9cies de gram\u00edneas, o sistema radicular \u00e9 fraco e fino, o enraizamento pouco profundo, o crescimento planar, a distribui\u00e7\u00e3o em forma de rede, sem a capacidade de penetrar na camada imperme\u00e1vel, n\u00e3o danifica a estrutura do telhado.<\/p>","protected":false},"excerpt":{"rendered":"<p>Sedum lineare is a perennial herbaceous plant in the Crassulaceae family. It is hairless, with stems that reach 10 to 20 centimeters in height. It typically has three leaves arranged in a whorl, although some varieties have four leaves in a whorl or opposite leaves. The leaves are linear, bluntly pointed at the tip, sessile [&hellip;]<\/p>\n","protected":false},"author":1,"featured_media":11352,"comment_status":"open","ping_status":"open","sticky":false,"template":"","format":"standard","meta":{"_breakdance_hide_in_design_set":false,"_breakdance_tags":"","footnotes":""},"categories":[20],"tags":[],"class_list":["post-10992","post","type-post","status-publish","format-standard","has-post-thumbnail","hentry","category-species-and-types"],"_links":{"self":[{"href":"https:\/\/flowerslib.com\/pt\/wp-json\/wp\/v2\/posts\/10992","targetHints":{"allow":["GET"]}}],"collection":[{"href":"https:\/\/flowerslib.com\/pt\/wp-json\/wp\/v2\/posts"}],"about":[{"href":"https:\/\/flowerslib.com\/pt\/wp-json\/wp\/v2\/types\/post"}],"author":[{"embeddable":true,"href":"https:\/\/flowerslib.com\/pt\/wp-json\/wp\/v2\/users\/1"}],"replies":[{"embeddable":true,"href":"https:\/\/flowerslib.com\/pt\/wp-json\/wp\/v2\/comments?post=10992"}],"version-history":[{"count":0,"href":"https:\/\/flowerslib.com\/pt\/wp-json\/wp\/v2\/posts\/10992\/revisions"}],"wp:featuredmedia":[{"embeddable":true,"href":"https:\/\/flowerslib.com\/pt\/wp-json\/wp\/v2\/media\/11352"}],"wp:attachment":[{"href":"https:\/\/flowerslib.com\/pt\/wp-json\/wp\/v2\/media?parent=10992"}],"wp:term":[{"taxonomy":"category","embeddable":true,"href":"https:\/\/flowerslib.com\/pt\/wp-json\/wp\/v2\/categories?post=10992"},{"taxonomy":"post_tag","embeddable":true,"href":"https:\/\/flowerslib.com\/pt\/wp-json\/wp\/v2\/tags?post=10992"}],"curies":[{"name":"wp","href":"https:\/\/api.w.org\/{rel}","templated":true}]}}