{"id":10976,"date":"2024-08-09T13:47:38","date_gmt":"2024-08-09T05:47:38","guid":{"rendered":"https:\/\/flowerslib.com\/?p=10976"},"modified":"2024-08-09T13:47:41","modified_gmt":"2024-08-09T05:47:41","slug":"consolida-ajacis","status":"publish","type":"post","link":"https:\/\/flowerslib.com\/pt\/consolida-ajacis\/","title":{"rendered":"Consolida ajacis: Desvendando a beleza das flores parecidas com andorinhas"},"content":{"rendered":"<p class=\"wp-block-paragraph\">A Consolida ajacis, vulgarmente conhecida como larkspur, \u00e9 uma planta herb\u00e1cea anual pertencente \u00e0 fam\u00edlia Ranunculaceae e ao g\u00e9nero Consolida. \u00c9 conhecida pelas suas espigas de flores impressionantes que se assemelham a um foguete colorido ou a uma larkspur, da\u00ed o seu nome comum. As flores individuais, normalmente com 2-3 cm de di\u00e2metro, s\u00e3o elegantes e apelativas.<\/p>\n\n\n\n<p class=\"wp-block-paragraph\">A planta atinge uma altura de 60-100 cm, com caules erectos e ramificados e folhas palmadas finamente divididas. A infloresc\u00eancia \u00e9 um racemo denso que cont\u00e9m 10-20 flores espigadas, semelhantes a p\u00e9talas, geralmente azuis, cor-de-rosa ou brancas, cada uma medindo 2-3 cm de comprimento.<\/p>\n\n\n\n<p class=\"wp-block-paragraph\">Sendo uma planta com um sistema de raiz axial e ra\u00edzes laterais limitadas, a Consolida ajacis \u00e9 adequada para sementeira direta ou transplante com um m\u00ednimo de perturba\u00e7\u00e3o das ra\u00edzes. \u00c9 moderadamente tolerante ao frio, adora o sol e prefere temperaturas frescas durante o crescimento. A planta desenvolve-se bem em solos argilosos f\u00e9rteis e bem drenados, com um pH ligeiramente \u00e1cido a neutro.<\/p>\n\n\n\n<p class=\"wp-block-paragraph\">Nativa do sul da Europa e da \u00c1sia ocidental, a Consolida ajacis \u00e9 atualmente muito cultivada em jardins de todo o mundo, incluindo na China. As flores s\u00e3o apreciadas pelas suas cores vibrantes e pela sua forma alta e arquitet\u00f3nica, o que as torna excelentes escolhas para bordaduras, jardins de casa de campo e como flores de corte.<\/p>\n\n\n\n<h2 class=\"wp-block-heading\">I. Carater\u00edsticas morfol\u00f3gicas<\/h2>\n\n\n\n<p class=\"wp-block-paragraph\"><\/p>\n\n\n<div class=\"wp-block-image\">\n<figure class=\"aligncenter size-full\"><img loading=\"lazy\" decoding=\"async\" width=\"1200\" height=\"800\" src=\"https:\/\/flowerslib.com\/wp-content\/uploads\/2023\/09\/1-84.jpg\" alt=\"Consolida ajacis\" class=\"wp-image-11377\" srcset=\"https:\/\/flowerslib.com\/wp-content\/uploads\/2023\/09\/1-84.jpg 1200w, https:\/\/flowerslib.com\/wp-content\/uploads\/2023\/09\/1-84-300x200.jpg 300w, https:\/\/flowerslib.com\/wp-content\/uploads\/2023\/09\/1-84-150x100.jpg 150w, https:\/\/flowerslib.com\/wp-content\/uploads\/2023\/09\/1-84-768x512.jpg 768w\" sizes=\"auto, (max-width: 1200px) 100vw, 1200px\" \/><\/figure>\n<\/div>\n\n\n<p class=\"wp-block-paragraph\"><\/p>\n\n\n\n<p class=\"wp-block-paragraph\">O caule, que atinge uma altura de 60-100 cm, \u00e9 ereto e geralmente ramificado na parte superior. Tanto o caule como a infloresc\u00eancia est\u00e3o cobertos de p\u00ealos finos e felpudos.<\/p>\n\n\n\n<p class=\"wp-block-paragraph\">As folhas est\u00e3o dispostas alternadamente, sendo as inferiores de caule longo e muitas vezes murcham na altura da flora\u00e7\u00e3o. As folhas superiores s\u00e3o de caule curto ou s\u00e9sseis. A l\u00e2mina foliar est\u00e1 finamente dividida em segmentos estreitos e lineares, cada um com 0,5-2 mm de largura, dando \u00e0 folhagem um aspeto plumoso.<\/p>\n\n\n\n<p class=\"wp-block-paragraph\"><\/p>\n\n\n<div class=\"wp-block-image\">\n<figure class=\"aligncenter size-full\"><img loading=\"lazy\" decoding=\"async\" width=\"1200\" height=\"800\" src=\"https:\/\/flowerslib.com\/wp-content\/uploads\/2023\/09\/5-28.jpg\" alt=\"Consolida ajacis\" class=\"wp-image-11378\" srcset=\"https:\/\/flowerslib.com\/wp-content\/uploads\/2023\/09\/5-28.jpg 1200w, https:\/\/flowerslib.com\/wp-content\/uploads\/2023\/09\/5-28-300x200.jpg 300w, https:\/\/flowerslib.com\/wp-content\/uploads\/2023\/09\/5-28-150x100.jpg 150w, https:\/\/flowerslib.com\/wp-content\/uploads\/2023\/09\/5-28-768x512.jpg 768w\" sizes=\"auto, (max-width: 1200px) 100vw, 1200px\" \/><\/figure>\n<\/div>\n\n\n<p class=\"wp-block-paragraph\"><\/p>\n\n\n\n<p class=\"wp-block-paragraph\">A infloresc\u00eancia \u00e9 um racemo terminal, por vezes com ramos laterais adicionais. As br\u00e1cteas inferiores s\u00e3o semelhantes a folhas, enquanto as br\u00e1cteas superiores s\u00e3o mais pequenas e n\u00e3o divididas. O ped\u00fanculo da flor tem 1-3 cm de comprimento, com pequenas bract\u00e9olas lineares perto do meio.<\/p>\n\n\n\n<p class=\"wp-block-paragraph\">As flores s\u00e3o hermafroditas, zigom\u00f3rficas e espigadas. O c\u00e1lice \u00e9 constitu\u00eddo por 5 s\u00e9palas em forma de p\u00e9tala, com a s\u00e9pala superior alargada num espor\u00e3o de 1,5-2 cm de comprimento. A cor geral da flor pode ser azul, cor-de-rosa, p\u00farpura ou branca.<\/p>\n\n\n\n<p class=\"wp-block-paragraph\">As p\u00e9talas verdadeiras est\u00e3o reduzidas a duas, fundidas para formar uma estrutura interna que cont\u00e9m o n\u00e9ctar, denominada \"abelha\". Os estames s\u00e3o numerosos, com anteras de cerca de 1 mm de comprimento.<\/p>\n\n\n\n<p class=\"wp-block-paragraph\">O fruto \u00e9 um fol\u00edculo, com 1,5-2 cm de comprimento, pubescente e contendo numerosas sementes pequenas e angulares. As sementes s\u00e3o pretas, com cerca de 2 mm de comprimento, com uma superf\u00edcie rugosa e reticulada.<\/p>\n\n\n\n<h2 class=\"wp-block-heading\">II. Ambiente de crescimento<\/h2>\n\n\n\n<p class=\"wp-block-paragraph\">A Consolida ajacis cresce naturalmente nas encostas, nos prados e nas zonas perturbadas. Em cultura, adapta-se bem \u00e0s condi\u00e7\u00f5es do jardim.<\/p>\n\n\n\n<p class=\"wp-block-paragraph\">Esta esp\u00e9cie prefere climas frescos e temperados. A temperatura \u00f3ptima para a germina\u00e7\u00e3o das sementes \u00e9 de 15-18\u00b0C. Para o seu crescimento, desenvolve-se a temperaturas diurnas de 18-24\u00b0C e nocturnas de 10-15\u00b0C.<\/p>\n\n\n\n<p class=\"wp-block-paragraph\">A Consolida ajacis requer sol pleno para uma flora\u00e7\u00e3o \u00f3ptima, embora possa tolerar sombra parcial durante a sua fase de crescimento vegetativo. A planta tem um melhor desempenho em solo f\u00e9rtil e bem drenado com humidade consistente. Prefere solos ligeiramente \u00e1cidos a neutros com um pH de 6,0-7,0.<\/p>\n\n\n\n<h2 class=\"wp-block-heading\">III. Gama de distribui\u00e7\u00e3o<\/h2>\n\n\n\n<p class=\"wp-block-paragraph\">Originalmente nativa do sul da Europa e da \u00c1sia Ocidental, a Consolida ajacis foi amplamente introduzida e naturalizada em muitas regi\u00f5es temperadas do mundo, incluindo a Am\u00e9rica do Norte, a \u00c1sia Oriental e a Austr\u00e1lia.<\/p>\n\n\n\n<h2 class=\"wp-block-heading\">IV. Crescimento e propaga\u00e7\u00e3o<\/h2>\n\n\n\n<p class=\"wp-block-paragraph\"><\/p>\n\n\n<div class=\"wp-block-image\">\n<figure class=\"aligncenter size-full\"><img loading=\"lazy\" decoding=\"async\" width=\"1200\" height=\"800\" src=\"https:\/\/flowerslib.com\/wp-content\/uploads\/2023\/09\/2-84.jpg\" alt=\"Consolida ajacis\" class=\"wp-image-11379\" srcset=\"https:\/\/flowerslib.com\/wp-content\/uploads\/2023\/09\/2-84.jpg 1200w, https:\/\/flowerslib.com\/wp-content\/uploads\/2023\/09\/2-84-300x200.jpg 300w, https:\/\/flowerslib.com\/wp-content\/uploads\/2023\/09\/2-84-150x100.jpg 150w, https:\/\/flowerslib.com\/wp-content\/uploads\/2023\/09\/2-84-768x512.jpg 768w\" sizes=\"auto, (max-width: 1200px) 100vw, 1200px\" \/><\/figure>\n<\/div>\n\n\n<p class=\"wp-block-paragraph\"><\/p>\n\n\n\n<p class=\"wp-block-paragraph\">A Consolida ajacis \u00e9 propagada principalmente por sementes, uma vez que a divis\u00e3o n\u00e3o \u00e9 pr\u00e1tica para esta esp\u00e9cie anual.<\/p>\n\n\n\n<h3 class=\"wp-block-heading\">Propaga\u00e7\u00e3o de sementes<\/h3>\n\n\n\n<p class=\"wp-block-paragraph\">As sementes germinam melhor a temperaturas de cerca de 15-18\u00b0C. Em climas temperados, a sementeira direta pode ser feita no in\u00edcio da primavera ou no final do outono para uma estratifica\u00e7\u00e3o natural. Nas regi\u00f5es mais frias, as sementes devem ser semeadas no interior 6-8 semanas antes da data da \u00faltima geada.<\/p>\n\n\n\n<p class=\"wp-block-paragraph\">Para a sementeira de primavera, plantar as sementes diretamente no exterior quando a temperatura do solo atingir 10\u00b0C. Espace as plantas a 20-30 cm de dist\u00e2ncia em filas de 30-45 cm. Em climas mais quentes, a sementeira no outono pode resultar numa flora\u00e7\u00e3o mais precoce na primavera.<\/p>\n\n\n\n<p class=\"wp-block-paragraph\">As pl\u00e2ntulas emergem em 14-21 dias. Desbastar para o espa\u00e7amento desejado quando as pl\u00e2ntulas tiverem 2-4 folhas verdadeiras. Transplante as pl\u00e2ntulas iniciadas no interior quando tiverem 4-6 folhas verdadeiras e depois de ter passado o perigo de geada.<\/p>\n\n\n\n<p class=\"wp-block-paragraph\">As sementes podem ser colhidas quando os fol\u00edculos se tornam castanhos e come\u00e7am a dividir-se. Colher as sementes rapidamente para evitar a sua perda. Limpar e secar bem as sementes antes de as guardar num local fresco e seco.<\/p>\n\n\n\n<p class=\"wp-block-paragraph\"><\/p>\n\n\n<div class=\"wp-block-image\">\n<figure class=\"aligncenter size-full\"><img loading=\"lazy\" decoding=\"async\" width=\"1200\" height=\"800\" src=\"https:\/\/flowerslib.com\/wp-content\/uploads\/2023\/09\/3-48.jpg\" alt=\"Consolida ajacis\" class=\"wp-image-11381\" srcset=\"https:\/\/flowerslib.com\/wp-content\/uploads\/2023\/09\/3-48.jpg 1200w, https:\/\/flowerslib.com\/wp-content\/uploads\/2023\/09\/3-48-300x200.jpg 300w, https:\/\/flowerslib.com\/wp-content\/uploads\/2023\/09\/3-48-150x100.jpg 150w, https:\/\/flowerslib.com\/wp-content\/uploads\/2023\/09\/3-48-768x512.jpg 768w\" sizes=\"auto, (max-width: 1200px) 100vw, 1200px\" \/><\/figure>\n<\/div>\n\n\n<p class=\"wp-block-paragraph\"><\/p>\n\n\n\n<h3 class=\"wp-block-heading\">Propaga\u00e7\u00e3o de estacas<\/h3>\n\n\n\n<p class=\"wp-block-paragraph\">Embora n\u00e3o seja comum, as estacas de caule macio podem ser colhidas na primavera a partir de rebentos jovens e n\u00e3o floridos. Tratar com hormona de enraizamento e colocar num meio bem drenado com humidade elevada at\u00e9 as ra\u00edzes se desenvolverem.<\/p>\n\n\n\n<p class=\"wp-block-paragraph\">Seguindo estas diretrizes, os jardineiros podem cultivar e apreciar com sucesso as belas flores em forma de foguete da Consolida ajacis nos seus jardins ou arranjos florais.<\/p>\n\n\n\n<h2 class=\"wp-block-heading\">V. Controlo de pragas e doen\u00e7as<\/h2>\n\n\n\n<p class=\"wp-block-paragraph\">A Cymbalaria muralis \u00e9 geralmente uma planta resistente, mas pode ser suscet\u00edvel a certas doen\u00e7as e pragas. Os problemas mais comuns incluem o o\u00eddio, a podrid\u00e3o radicular e infesta\u00e7\u00f5es por pulg\u00f5es ou \u00e1caros. Pr\u00e1ticas culturais adequadas s\u00e3o fundamentais para prevenir a maioria dos problemas.<\/p>\n\n\n\n<h3 class=\"wp-block-heading\">O\u00eddio<\/h3>\n\n\n\n<p class=\"wp-block-paragraph\">Sintomas: Esta doen\u00e7a f\u00fangica afecta as folhas, os caules e, ocasionalmente, as flores. Aparece como um revestimento branco e pulverulento nas superf\u00edcies das plantas. Em casos graves, as folhas podem amarelecer, enrolar ou cair prematuramente, e o crescimento geral da planta pode ser atrofiado.<\/p>\n\n\n\n<p class=\"wp-block-paragraph\">Agentes patog\u00e9nicos: O principal agente causador \u00e9 geralmente Erysiphe cichoracearum, embora outras esp\u00e9cies da fam\u00edlia Erysiphaceae tamb\u00e9m possam ser respons\u00e1veis.<\/p>\n\n\n\n<p class=\"wp-block-paragraph\">Ciclo da doen\u00e7a: O fungo hiberna em restos de plantas ou como cleistoteca (corpos de frutifica\u00e7\u00e3o do fungo). Na primavera, os esporos s\u00e3o libertados e espalhados pelo vento ou por salpicos de \u00e1gua. A doen\u00e7a desenvolve-se em condi\u00e7\u00f5es h\u00famidas com temperaturas moderadas, normalmente entre 15-27\u00b0C (60-80\u00b0F).<\/p>\n\n\n\n<p class=\"wp-block-paragraph\">Preven\u00e7\u00e3o e controlo:<\/p>\n\n\n\n<ol class=\"wp-block-list\">\n<li>Pr\u00e1ticas culturais:\n<ul class=\"wp-block-list\">\n<li>Assegurar uma boa circula\u00e7\u00e3o do ar atrav\u00e9s de um espa\u00e7amento e de uma poda adequados.<\/li>\n\n\n\n<li>Evitar a rega por cima da cabe\u00e7a e regar ao princ\u00edpio do dia para permitir que a folhagem seque.<\/li>\n\n\n\n<li>Remover e destruir o material vegetal infetado.<\/li>\n<\/ul>\n<\/li>\n\n\n\n<li>Gest\u00e3o ambiental:\n<ul class=\"wp-block-list\">\n<li>Plantar em locais com sol pleno a sombra parcial.<\/li>\n\n\n\n<li>Melhorar a drenagem nas zonas de planta\u00e7\u00e3o para evitar o excesso de humidade.<\/li>\n<\/ul>\n<\/li>\n\n\n\n<li>Controlo qu\u00edmico:\n<ul class=\"wp-block-list\">\n<li>Se necess\u00e1rio, aplicar fungicidas rotulados para o o\u00eddio. As op\u00e7\u00f5es incluem:<br>- Produtos \u00e0 base de enxofre<br>- \u00d3leo de neem<br>- Bicarbonato de pot\u00e1ssio<\/li>\n\n\n\n<li>Seguir sempre as instru\u00e7\u00f5es do r\u00f3tulo relativamente \u00e0s taxas e frequ\u00eancia de aplica\u00e7\u00e3o.<\/li>\n<\/ul>\n<\/li>\n<\/ol>\n\n\n\n<h3 class=\"wp-block-heading\">Podrid\u00e3o da raiz<\/h3>\n\n\n\n<p class=\"wp-block-paragraph\">A podrid\u00e3o radicular, frequentemente causada por esp\u00e9cies de Pythium ou Phytophthora, pode ser um problema grave, especialmente em condi\u00e7\u00f5es demasiado h\u00famidas. Os sintomas incluem murchid\u00e3o, folhas amareladas e crescimento atrofiado. A preven\u00e7\u00e3o centra-se na drenagem adequada e em evitar a rega excessiva.<\/p>\n\n\n\n<h3 class=\"wp-block-heading\">Gest\u00e3o de pragas<\/h3>\n\n\n\n<p class=\"wp-block-paragraph\">As pragas mais comuns incluem:<\/p>\n\n\n\n<ol class=\"wp-block-list\">\n<li>Pulg\u00f5es: Estes pequenos insectos de corpo mole podem aglomerar-se nos novos rebentos. Controlar com sab\u00f5es insecticidas ou \u00f3leo de neem.<\/li>\n\n\n\n<li>\u00c1caros-aranha: Pequenos aracn\u00eddeos que causam pontilhados nas folhas. Controlar aumentando a humidade e utilizando miticidas, se necess\u00e1rio.<\/li>\n\n\n\n<li>Lesmas e carac\u00f3is: Estes moluscos podem danificar a folhagem, especialmente em condi\u00e7\u00f5es de humidade. Utilize iscos ou crie barreiras com terra de diatom\u00e1ceas.<\/li>\n<\/ol>\n\n\n\n<p class=\"wp-block-paragraph\">As t\u00e9cnicas de Gest\u00e3o Integrada das Pragas (GIP), centradas na preven\u00e7\u00e3o e nos controlos biol\u00f3gicos, devem ser a primeira linha de defesa antes de se recorrer a pesticidas qu\u00edmicos.<\/p>\n\n\n\n<h2 class=\"wp-block-heading\">VI. Valor prim\u00e1rio<\/h2>\n\n\n\n<h3 class=\"wp-block-heading\">Valor medicinal<\/h3>\n\n\n\n<p class=\"wp-block-paragraph\">Embora a Cymbalaria muralis tenha sido utilizada na medicina tradicional, as suas propriedades medicinais n\u00e3o est\u00e3o bem estudadas e n\u00e3o deve ser utilizada sem orienta\u00e7\u00e3o profissional.<\/p>\n\n\n\n<p class=\"wp-block-paragraph\">As utiliza\u00e7\u00f5es hist\u00f3ricas incluem:<\/p>\n\n\n\n<ul class=\"wp-block-list\">\n<li>Tratamento de feridas e contus\u00f5es ligeiras (aplica\u00e7\u00e3o t\u00f3pica)<\/li>\n\n\n\n<li>Efeitos anti-inflamat\u00f3rios ligeiros<\/li>\n\n\n\n<li>Potenciais propriedades diur\u00e9ticas<\/li>\n<\/ul>\n\n\n\n<p class=\"wp-block-paragraph\">Nota: As provas cient\u00edficas actuais para estas utiliza\u00e7\u00f5es s\u00e3o limitadas e a planta pode ter propriedades t\u00f3xicas se for ingerida em grandes quantidades.<\/p>\n\n\n\n<h3 class=\"wp-block-heading\">Valor ornamental<\/h3>\n\n\n\n<p class=\"wp-block-paragraph\">A Cymbalaria muralis, vulgarmente conhecida por Kenilworth Ivy ou Ivy-leaved Toadflax, \u00e9 apreciada principalmente pelas suas qualidades ornamentais:<\/p>\n\n\n\n<ol class=\"wp-block-list\">\n<li>H\u00e1bito rasteiro: Ideal para cestos suspensos, fendas de parede e jardins de pedra.<\/li>\n\n\n\n<li>Flores delicadas: Pequenas flores tipo snapdragon em tons de lavanda, rosa ou branco.<\/li>\n\n\n\n<li>Folhagem atractiva: As folhas em forma de hera proporcionam interesse mesmo quando n\u00e3o est\u00e3o a florescer.<\/li>\n\n\n\n<li>Pouca manuten\u00e7\u00e3o: Uma vez estabelecida, requer cuidados m\u00ednimos.<\/li>\n\n\n\n<li>Longo per\u00edodo de flora\u00e7\u00e3o: Pode florescer desde o final da primavera at\u00e9 ao outono em muitos climas.<\/li>\n\n\n\n<li>Versatilidade: Adequado tanto para o cultivo no exterior como no interior.<\/li>\n<\/ol>\n\n\n\n<h2 class=\"wp-block-heading\">VII. Cultura de plantas<\/h2>\n\n\n\n<h3 class=\"wp-block-heading\">Linguagem e simbolismo das flores<\/h3>\n\n\n\n<p class=\"wp-block-paragraph\">Embora n\u00e3o seja t\u00e3o carregada de simbolismo como outras plantas, a Cymbalaria muralis tem algum significado cultural:<\/p>\n\n\n\n<ul class=\"wp-block-list\">\n<li>Resili\u00eancia e adaptabilidade: A sua capacidade de se desenvolver em v\u00e1rias condi\u00e7\u00f5es, incluindo muros de pedra e fendas no pavimento, simboliza a for\u00e7a para ultrapassar obst\u00e1culos.<\/li>\n\n\n\n<li>Delicadeza e Gra\u00e7a: As flores pequenas e delicadas representam uma beleza subtil e uma eleg\u00e2ncia discreta.<\/li>\n\n\n\n<li>Liberdade e explora\u00e7\u00e3o: A sua natureza rasteira e espalhada pode simbolizar o desejo de liberdade e a alegria da explora\u00e7\u00e3o.<\/li>\n<\/ul>\n\n\n\n<p class=\"wp-block-paragraph\">Na linguagem das flores, Cymbalaria muralis pode ser associada a:<\/p>\n\n\n\n<ul class=\"wp-block-list\">\n<li>Resist\u00eancia<\/li>\n\n\n\n<li>Charme subtil<\/li>\n\n\n\n<li>Recursos<\/li>\n<\/ul>\n\n\n\n<p class=\"wp-block-paragraph\">Nota: O simbolismo de cores espec\u00edficas (por exemplo, azul para a depress\u00e3o) n\u00e3o \u00e9 tradicionalmente associado a esta planta, uma vez que as suas flores s\u00e3o tipicamente lavanda, rosa ou brancas.<\/p>\n\n\n\n<p class=\"wp-block-paragraph\">O significado cultural da Cymbalaria muralis est\u00e1 mais ligado aos seus h\u00e1bitos de crescimento e \u00e0 sua hist\u00f3ria natural do que a significados simb\u00f3licos espec\u00edficos. O seu nome comum, \"Kenilworth Ivy\", associa-a \u00e0s ru\u00ednas do castelo de Kenilworth, em Inglaterra, onde era muito abundante, ligando assim a planta a temas de hist\u00f3ria e resist\u00eancia.<\/p>","protected":false},"excerpt":{"rendered":"<p>Consolida ajacis, commonly known as rocket larkspur, is an annual herbaceous plant belonging to the Ranunculaceae family and Consolida genus. It is renowned for its striking flower spikes that resemble a colorful rocket or larkspur, hence its common name. The individual flowers, typically 2-3 cm in diameter, are elegant and eye-catching. The plant grows to [&hellip;]<\/p>\n","protected":false},"author":1,"featured_media":11376,"comment_status":"open","ping_status":"open","sticky":false,"template":"","format":"standard","meta":{"_breakdance_hide_in_design_set":false,"_breakdance_tags":"","footnotes":""},"categories":[20],"tags":[],"class_list":["post-10976","post","type-post","status-publish","format-standard","has-post-thumbnail","hentry","category-species-and-types"],"_links":{"self":[{"href":"https:\/\/flowerslib.com\/pt\/wp-json\/wp\/v2\/posts\/10976","targetHints":{"allow":["GET"]}}],"collection":[{"href":"https:\/\/flowerslib.com\/pt\/wp-json\/wp\/v2\/posts"}],"about":[{"href":"https:\/\/flowerslib.com\/pt\/wp-json\/wp\/v2\/types\/post"}],"author":[{"embeddable":true,"href":"https:\/\/flowerslib.com\/pt\/wp-json\/wp\/v2\/users\/1"}],"replies":[{"embeddable":true,"href":"https:\/\/flowerslib.com\/pt\/wp-json\/wp\/v2\/comments?post=10976"}],"version-history":[{"count":0,"href":"https:\/\/flowerslib.com\/pt\/wp-json\/wp\/v2\/posts\/10976\/revisions"}],"wp:featuredmedia":[{"embeddable":true,"href":"https:\/\/flowerslib.com\/pt\/wp-json\/wp\/v2\/media\/11376"}],"wp:attachment":[{"href":"https:\/\/flowerslib.com\/pt\/wp-json\/wp\/v2\/media?parent=10976"}],"wp:term":[{"taxonomy":"category","embeddable":true,"href":"https:\/\/flowerslib.com\/pt\/wp-json\/wp\/v2\/categories?post=10976"},{"taxonomy":"post_tag","embeddable":true,"href":"https:\/\/flowerslib.com\/pt\/wp-json\/wp\/v2\/tags?post=10976"}],"curies":[{"name":"wp","href":"https:\/\/api.w.org\/{rel}","templated":true}]}}