{"id":10300,"date":"2024-08-30T15:31:07","date_gmt":"2024-08-30T07:31:07","guid":{"rendered":"https:\/\/flowerslib.com\/?p=10300"},"modified":"2024-08-30T15:31:09","modified_gmt":"2024-08-30T07:31:09","slug":"cerasus-subhirtella","status":"publish","type":"post","link":"https:\/\/flowerslib.com\/pt\/cerasus-subhirtella\/","title":{"rendered":"Cerasus Subhirtella: A flor de cerejeira japonesa em flor revelada"},"content":{"rendered":"<p class=\"wp-block-paragraph\">A Cerasus subhirtella, vulgarmente conhecida como cereja de inverno ou cereja de Higan, \u00e9 um espet\u00e1culo magn\u00edfico quando est\u00e1 em flor. Esta \u00e1rvore de folha caduca, pertencente \u00e0 fam\u00edlia das Ros\u00e1ceas, cria um espet\u00e1culo de tirar o f\u00f4lego com a sua profus\u00e3o de flores delicadas, formando um espet\u00e1culo de cor semelhante a uma nuvem.<\/p>\n\n\n\n<p class=\"wp-block-paragraph\">Esta cerejeira ornamental pode ser plantada em v\u00e1rios projectos paisag\u00edsticos. Quando utilizada em massa, cria um efeito deslumbrante de \"mar de flores\", enquanto os agrupamentos mais pequenos produzem elegantes \"cachos de brocados\" nos espa\u00e7os verdes. Mesmo depois de as p\u00e9talas terem ca\u00eddo, os filamentos persistentes podem permanecer durante v\u00e1rios dias, criando uma n\u00e9voa avermelhada \u00fanica quando vista \u00e0 dist\u00e2ncia.<\/p>\n\n\n\n<p class=\"wp-block-paragraph\">As folhas da Cerasus subhirtella contribuem para o seu encanto com a sua textura ligeiramente pubescente, acrescentando um car\u00e1cter suave e selvagem ao aspeto geral da \u00e1rvore.<\/p>\n\n\n\n<h2 class=\"wp-block-heading\">I. Informa\u00e7\u00f5es de base<\/h2>\n\n\n\n<p class=\"wp-block-paragraph\"><\/p>\n\n\n<div class=\"wp-block-image\">\n<figure class=\"aligncenter size-full\"><img loading=\"lazy\" decoding=\"async\" width=\"1200\" height=\"800\" src=\"https:\/\/flowerslib.com\/wp-content\/uploads\/2023\/09\/4-97.jpg\" alt=\"\" class=\"wp-image-12157\" srcset=\"https:\/\/flowerslib.com\/wp-content\/uploads\/2023\/09\/4-97.jpg 1200w, https:\/\/flowerslib.com\/wp-content\/uploads\/2023\/09\/4-97-600x400.jpg 600w, https:\/\/flowerslib.com\/wp-content\/uploads\/2023\/09\/4-97-768x512.jpg 768w, https:\/\/flowerslib.com\/wp-content\/uploads\/2023\/09\/4-97-240x160.jpg 240w\" sizes=\"auto, (max-width: 1200px) 100vw, 1200px\" \/><\/figure>\n<\/div>\n\n\n<p class=\"wp-block-paragraph\"><\/p>\n\n\n\n<p class=\"wp-block-paragraph\">Cerasus subhirtella (Miq.) S.Y. Sokolov (sin\u00f3nimo: Prunus subhirtella Miq.) \u00e9 uma \u00e1rvore de folha caduca da fam\u00edlia Rosaceae. Cresce tipicamente entre 4 e 8 metros de altura, podendo ocasionalmente atingir os 10 metros, com uma copa espalhada e casca cinzento-acastanhada que se torna fissurada com a idade. Os ramos jovens s\u00e3o esguios, verdes e densamente cobertos por uma pubesc\u00eancia fina e branca.<\/p>\n\n\n\n<p class=\"wp-block-paragraph\">As folhas s\u00e3o ovadas a oblongo-ovadas, com 3-8 cm de comprimento e 1,5-4 cm de largura. As flores aparecem em cachos em forma de umbela, geralmente com 2-5 flores por infloresc\u00eancia. A flora\u00e7\u00e3o ocorre entre o final do inverno e o in\u00edcio da primavera (fevereiro a abril, dependendo do clima), frequentemente antes ou com o aparecimento de novas folhas. As flores s\u00e3o de cor-de-rosa p\u00e1lido a branco, com cinco p\u00e9talas, e medem 2-3 cm de di\u00e2metro. Os frutos s\u00e3o pequenas drupas ovais, que amadurecem e se tornam pretas no in\u00edcio do ver\u00e3o.<\/p>\n\n\n\n<p class=\"wp-block-paragraph\">Origin\u00e1ria do Jap\u00e3o, a Cerasus subhirtella \u00e9 atualmente muito cultivada nas regi\u00f5es temperadas do hemisf\u00e9rio norte pelo seu valor ornamental.<\/p>\n\n\n\n<h2 class=\"wp-block-heading\">II. Variedades comuns<\/h2>\n\n\n\n<p class=\"wp-block-paragraph\"><\/p>\n\n\n<div class=\"wp-block-image\">\n<figure class=\"aligncenter size-full\"><img loading=\"lazy\" decoding=\"async\" width=\"1200\" height=\"800\" src=\"https:\/\/flowerslib.com\/wp-content\/uploads\/2023\/09\/2-192.jpg\" alt=\"Cerasus subhirtella\" class=\"wp-image-12152\" srcset=\"https:\/\/flowerslib.com\/wp-content\/uploads\/2023\/09\/2-192.jpg 1200w, https:\/\/flowerslib.com\/wp-content\/uploads\/2023\/09\/2-192-600x400.jpg 600w, https:\/\/flowerslib.com\/wp-content\/uploads\/2023\/09\/2-192-768x512.jpg 768w, https:\/\/flowerslib.com\/wp-content\/uploads\/2023\/09\/2-192-240x160.jpg 240w\" sizes=\"auto, (max-width: 1200px) 100vw, 1200px\" \/><\/figure>\n<\/div>\n\n\n<p class=\"wp-block-paragraph\"><\/p>\n\n\n\n<ol class=\"wp-block-list\">\n<li>Cerasus subhirtella var. subhirtella (Variedade original): Trata-se do tipo selvagem, origin\u00e1rio do Jap\u00e3o.<\/li>\n\n\n\n<li>Cerasus subhirtella 'Pendula' (Cerejeira Higan Chorona): Uma cultivar popular com ramos graciosamente arqueados que criam um h\u00e1bito chor\u00e3o. O c\u00e1lice da flor \u00e9 quase glabro. \u00c9 amplamente cultivada, incluindo em Taiwan.<\/li>\n\n\n\n<li>Cerasus subhirtella 'Autumnalis' (Cerejeira com flores de outono): Esta variedade \u00e9 conhecida pelas suas flores semi-duplas e pela sua tend\u00eancia para florescer esporadicamente no outono e no inverno, bem como na primavera.<\/li>\n\n\n\n<li>Cerasus subhirtella 'Fukubana' (Cerejeira de inverno de Flor Dupla): Apresenta flores cor-de-rosa semi-duplas a duplas.<\/li>\n<\/ol>\n\n\n\n<h2 class=\"wp-block-heading\">III. Crescimento e distribui\u00e7\u00e3o<\/h2>\n\n\n\n<p class=\"wp-block-paragraph\">A Cerasus subhirtella \u00e9 nativa do centro e do sul do Jap\u00e3o, particularmente nas regi\u00f5es montanhosas. Foi amplamente introduzida e cultivada nas zonas temperadas da Am\u00e9rica do Norte, Europa e \u00c1sia pelo seu valor ornamental. No cultivo, pode ser encontrada em parques, jardins e paisagens urbanas em todas estas regi\u00f5es.<\/p>\n\n\n\n<h2 class=\"wp-block-heading\">IV. Forma e carater\u00edsticas<\/h2>\n\n\n\n<p class=\"wp-block-paragraph\">A Cerasus subhirtella \u00e9 uma pequena \u00e1rvore de folha caduca com uma copa larga e espalhada. A casca \u00e9 lisa e cinzenta-castanha, desenvolvendo fissuras pouco profundas com a idade. Os ramos jovens s\u00e3o delgados, verdes e densamente cobertos por uma pubesc\u00eancia fina e branca.<\/p>\n\n\n\n<p class=\"wp-block-paragraph\"><\/p>\n\n\n<div class=\"wp-block-image\">\n<figure class=\"aligncenter size-full\"><img loading=\"lazy\" decoding=\"async\" width=\"1200\" height=\"800\" src=\"https:\/\/flowerslib.com\/wp-content\/uploads\/2023\/09\/3-121.jpg\" alt=\"Cerasus subhirtella\" class=\"wp-image-12153\" srcset=\"https:\/\/flowerslib.com\/wp-content\/uploads\/2023\/09\/3-121.jpg 1200w, https:\/\/flowerslib.com\/wp-content\/uploads\/2023\/09\/3-121-600x400.jpg 600w, https:\/\/flowerslib.com\/wp-content\/uploads\/2023\/09\/3-121-768x512.jpg 768w, https:\/\/flowerslib.com\/wp-content\/uploads\/2023\/09\/3-121-240x160.jpg 240w\" sizes=\"auto, (max-width: 1200px) 100vw, 1200px\" \/><\/figure>\n<\/div>\n\n\n<p class=\"wp-block-paragraph\"><\/p>\n\n\n\n<p class=\"wp-block-paragraph\">As folhas s\u00e3o alternas, ovadas a oblongo-ovadas, com 3-8 cm de comprimento e 1,5-4 cm de largura. O \u00e1pice da folha \u00e9 acuminado, enquanto a base \u00e9 amplamente cuneiforme a arredondada. As margens da folha s\u00e3o nitidamente serrilhadas. A superf\u00edcie superior \u00e9 verde escura e maioritariamente glabra, por vezes com p\u00ealos esparsos ao longo da nervura central. A superf\u00edcie inferior \u00e9 verde-clara, com p\u00ealos brancos e macios, mais densamente distribu\u00eddos ao longo das nervuras. Os pec\u00edolos t\u00eam 5-10 mm de comprimento e s\u00e3o pubescentes.<\/p>\n\n\n\n<p class=\"wp-block-paragraph\">As flores aparecem em cachos em forma de umbela de 2-5 flores. O c\u00e1lice \u00e9 tubular-campanulado, com 4-5 mm de comprimento e 2-3 mm de largura, com uma base ligeiramente alargada e um colo estreito, esparsamente coberto de p\u00ealos brancos e macios. As p\u00e9talas s\u00e3o cor-de-rosa p\u00e1lido a brancas, oblongo-ovais e ligeiramente entalhadas no \u00e1pice. Existem normalmente 20-30 estames. O pistilo tem p\u00ealos esparsos na base.<\/p>\n\n\n\n<p class=\"wp-block-paragraph\">Os frutos s\u00e3o drupas ov\u00f3ides, com 6-8 mm de comprimento, que amadurecem e se tornam pretas. O caro\u00e7o (endocarpo) \u00e9 ligeiramente rugoso. Os caules dos frutos t\u00eam 1,5-2,5 cm de comprimento, s\u00e3o esparsamente pubescentes e ligeiramente inchados no \u00e1pice.<\/p>\n\n\n\n<p class=\"wp-block-paragraph\">A flora\u00e7\u00e3o ocorre entre o final do inverno e o in\u00edcio da primavera (fevereiro a abril), e os frutos amadurecem entre junho e julho.<\/p>\n\n\n\n<p class=\"wp-block-paragraph\"><\/p>\n\n\n<div class=\"wp-block-image\">\n<figure class=\"aligncenter size-full\"><img loading=\"lazy\" decoding=\"async\" width=\"1200\" height=\"800\" src=\"https:\/\/flowerslib.com\/wp-content\/uploads\/2023\/09\/5-77.jpg\" alt=\"Cerasus subhirtella\" class=\"wp-image-12154\" srcset=\"https:\/\/flowerslib.com\/wp-content\/uploads\/2023\/09\/5-77.jpg 1200w, https:\/\/flowerslib.com\/wp-content\/uploads\/2023\/09\/5-77-600x400.jpg 600w, https:\/\/flowerslib.com\/wp-content\/uploads\/2023\/09\/5-77-768x512.jpg 768w, https:\/\/flowerslib.com\/wp-content\/uploads\/2023\/09\/5-77-240x160.jpg 240w\" sizes=\"auto, (max-width: 1200px) 100vw, 1200px\" \/><\/figure>\n<\/div>\n\n\n<p class=\"wp-block-paragraph\"><\/p>\n\n\n\n<h2 class=\"wp-block-heading\">V. Prefer\u00eancias de habitat<\/h2>\n\n\n\n<p class=\"wp-block-paragraph\">A Cerasus subhirtella prefere sol pleno a sombra parcial e desenvolve-se bem em climas quentes e h\u00famidos. Adapta-se a v\u00e1rios tipos de solo, mas tem melhor desempenho em solos argilosos bem drenados, com boa fertilidade e pH ligeiramente \u00e1cido a neutro (6,0-7,5).<\/p>\n\n\n\n<p class=\"wp-block-paragraph\">Esta esp\u00e9cie tem um sistema radicular pouco profundo e n\u00e3o tolera condi\u00e7\u00f5es de encharcamento ou solos mal drenados. Apresenta uma resist\u00eancia moderada ao frio (zonas 5-8 da USDA) e alguma toler\u00e2ncia \u00e0 seca depois de estabelecida. No entanto, \u00e9 sens\u00edvel \u00e0 polui\u00e7\u00e3o atmosf\u00e9rica e aos ventos fortes, o que a torna menos adequada para ambientes urbanos expostos.<\/p>\n\n\n\n<p class=\"wp-block-paragraph\">Na sua \u00e1rea de distribui\u00e7\u00e3o nativa, a Cerasus subhirtella encontra-se tipicamente em altitudes entre 500 e 1.500 metros acima do n\u00edvel do mar. Quando cultivada, pode ser cultivada com sucesso em v\u00e1rias altitudes dentro da sua zona clim\u00e1tica adequada, desde que sejam cumpridos os cuidados adequados e as condi\u00e7\u00f5es ambientais.<\/p>\n\n\n\n<h2 class=\"wp-block-heading\">VI. M\u00e9todos de cultivo<\/h2>\n\n\n\n<p class=\"wp-block-paragraph\">A planta\u00e7\u00e3o da cerejeira de folha larga (Prunus subhirtella var. autumnalis) pode ser efectuada no in\u00edcio da primavera ou no final do outono, ap\u00f3s a queda das folhas. A planta\u00e7\u00e3o no outono produz geralmente taxas de sobreviv\u00eancia mais elevadas e uma brota\u00e7\u00e3o mais precoce, o que pode levar a uma flora\u00e7\u00e3o mais precoce.<\/p>\n\n\n\n<p class=\"wp-block-paragraph\">A planta\u00e7\u00e3o de primavera deve ocorrer antes da abertura dos bot\u00f5es no in\u00edcio da primavera. Ap\u00f3s a planta\u00e7\u00e3o, remover os rebentos para reduzir o consumo de nutrientes e garantir a sobreviv\u00eancia. Quando plantar na primavera, inclua um torr\u00e3o com um di\u00e2metro 8 a 10 vezes superior ao di\u00e2metro do tronco.<\/p>\n\n\n\n<p class=\"wp-block-paragraph\">Para a planta\u00e7\u00e3o no outono, embora possa ser omitido um torr\u00e3o, minimize o tempo de planta\u00e7\u00e3o. Incorporar mat\u00e9ria org\u00e2nica fermentada bem decomposta como fertilizante de base, misturando-a bem com o solo de fundo para evitar a queima do fertilizante.<\/p>\n\n\n\n<p class=\"wp-block-paragraph\">A profundidade de planta\u00e7\u00e3o \u00e9 crucial: no outono, plantar 3 a 5 cm mais profundo do que o torr\u00e3o ou o colo da raiz; na primavera, plantar ao n\u00edvel do torr\u00e3o ou das marcas do solo. Uma planta\u00e7\u00e3o demasiado profunda pode inibir o desenvolvimento dos rebentos.<\/p>\n\n\n\n<p class=\"wp-block-paragraph\">A irriga\u00e7\u00e3o p\u00f3s-planta\u00e7\u00e3o \u00e9 essencial: regar imediatamente ap\u00f3s a planta\u00e7\u00e3o, novamente dois dias depois e uma terceira vez tr\u00eas dias depois.<\/p>\n\n\n\n<p class=\"wp-block-paragraph\">Para as \u00e1rvores estabelecidas, aplicar anualmente cerca de 100 gramas de sulfato de am\u00f3nio e alguns res\u00edduos de bolo de s\u00e9samo ap\u00f3s a flora\u00e7\u00e3o para repor os nutrientes. No outono, ap\u00f3s a queda das folhas, aplique estrume bem podre ou composto para promover um crescimento vigoroso, flores maiores e mais vibrantes, e per\u00edodos de flora\u00e7\u00e3o prolongados no ano seguinte.<\/p>\n\n\n\n<p class=\"wp-block-paragraph\">Para \u00e1rvores com crescimento fraco, considere a alimenta\u00e7\u00e3o foliar em conjunto com a fertiliza\u00e7\u00e3o das ra\u00edzes. Ajustar os tipos de fertilizantes de acordo com as fases de crescimento: 0,5% de solu\u00e7\u00e3o de ureia na primavera, 0,2% de fosfato dipot\u00e1ssico no ver\u00e3o e, geralmente, nenhum fertilizante no outono para evitar o crescimento vegetativo excessivo.<\/p>\n\n\n\n<p class=\"wp-block-paragraph\">O Prunus subhirtella var. autumnalis prefere uma humidade constante. No in\u00edcio de mar\u00e7o, antes da abertura dos bot\u00f5es, regar abundantemente para rejuvenescer a \u00e1rvore. Esta pr\u00e1tica pode baixar a temperatura do solo, atrasar o abrolhamento, atenuar os danos causados pelas geadas no final da primavera e fornecer a humidade necess\u00e1ria para o desenvolvimento dos bot\u00f5es.<\/p>\n\n\n\n<p class=\"wp-block-paragraph\">Em regi\u00f5es com ventos de primavera fortes e prolongados que provocam taxas de transpira\u00e7\u00e3o elevadas, como o Norte da China, \u00e9 aconselh\u00e1vel uma rega adicional em abril e maio. As \u00e1rvores plantadas em relvados podem beneficiar da rega do relvado sem rega suplementar.<\/p>\n\n\n\n<p class=\"wp-block-paragraph\">Durante os ver\u00f5es chuvosos, assegurar uma drenagem adequada para prevenir a podrid\u00e3o radicular, mas manter a irriga\u00e7\u00e3o durante os per\u00edodos de seca. Para as \u00e1rvores rec\u00e9m-plantadas em climas \u00e1ridos, a nebuliza\u00e7\u00e3o foliar pode ser ben\u00e9fica, idealmente antes das 9 horas ou depois das 17 horas.<\/p>\n\n\n\n<p class=\"wp-block-paragraph\">A rega no outono \u00e9 geralmente desnecess\u00e1ria, a menos que as condi\u00e7\u00f5es sejam excecionalmente secas, uma vez que o excesso de humidade pode promover um crescimento vegetativo indesejado e comprometer a resist\u00eancia invernal.<\/p>\n\n\n\n<p class=\"wp-block-paragraph\">Antes do inverno, combinar a rega com a fertiliza\u00e7\u00e3o para aplicar uma irriga\u00e7\u00e3o anti-congelante. Esta pr\u00e1tica \u00e9 tipicamente adequada entre o final de novembro e o in\u00edcio de dezembro, sendo que o momento exato depende das condi\u00e7\u00f5es de temperatura locais. A rega demasiado cedo ou demasiado tarde diminui a efic\u00e1cia da preven\u00e7\u00e3o das geadas.<\/p>\n\n\n\n<p class=\"wp-block-paragraph\">O principal m\u00e9todo de propaga\u00e7\u00e3o de Prunus subhirtella var. autumnalis \u00e9 a enxertia. Os porta-enxertos adequados incluem o p\u00eassego (Prunus persica), o p\u00eassego peludo (Prunus mira), o alperce (Prunus armeniaca), a cereja (Prunus avium), a cereja peluda (Prunus tomentosa) ou a magn\u00f3lia yulan (Magnolia denudata). As t\u00e9cnicas de enxertia de gomos e de enxertia de garfo s\u00e3o eficazes.<\/p>\n\n\n\n<p class=\"wp-block-paragraph\">Uma abordagem \u00fanica de enxertia envolve a utiliza\u00e7\u00e3o do p\u00eassego como porta-enxerto para a magn\u00f3lia yulan, enxertando depois a cerejeira na magn\u00f3lia. Este m\u00e9todo permite obter elevadas taxas de sucesso, um crescimento vigoroso e uma maior resist\u00eancia \u00e0s doen\u00e7as.<\/p>\n\n\n\n<p class=\"wp-block-paragraph\">A enxertia de gomos \u00e9 geralmente efectuada em julho e agosto, utilizando gomos robustos, s\u00e3os e isentos de pragas e doen\u00e7as. A enxertia de garfo, geralmente utilizando o m\u00e9todo de enxertia de casca, \u00e9 melhor realizada entre meados de mar\u00e7o e in\u00edcio de abril.<\/p>\n\n\n\n<p class=\"wp-block-paragraph\">Podar ap\u00f3s a flora\u00e7\u00e3o e antes da abertura dos bot\u00f5es, no in\u00edcio da primavera, eliminando os ramos mortos, fracos e apinhados. Evitar podas pesadas e manter uma forma arredondada da copa.<\/p>\n\n\n\n<p class=\"wp-block-paragraph\">Embora a enxertia seja o m\u00e9todo de propaga\u00e7\u00e3o preferido, a propaga\u00e7\u00e3o por sementes e o corte tamb\u00e9m s\u00e3o vi\u00e1veis. Para a propaga\u00e7\u00e3o de sementes, evitar a desseca\u00e7\u00e3o dos embri\u00f5es semeando imediatamente ap\u00f3s a colheita ou armazenando-os em areia h\u00famida at\u00e9 \u00e0 sementeira na primavera. Quando se utiliza a propaga\u00e7\u00e3o por enxertia, as pl\u00e2ntulas de cerejeira (Prunus avium) ou de cerejeira da montanha (Prunus serrulata) servem como porta-enxertos adequados.<\/p>\n\n\n\n<h2 class=\"wp-block-heading\">VII. Controlo e preven\u00e7\u00e3o de doen\u00e7as<\/h2>\n\n\n\n<p class=\"wp-block-paragraph\">As cerejeiras em flor s\u00e3o suscept\u00edveis a v\u00e1rias doen\u00e7as e pragas, principalmente a gomose, as doen\u00e7as das galhas das ra\u00edzes e as infesta\u00e7\u00f5es por pulg\u00f5es, \u00e1caros e cochonilhas.<\/p>\n\n\n\n<p class=\"wp-block-paragraph\">A gomose \u00e9 uma doen\u00e7a causada por v\u00e1rios factores, incluindo infec\u00e7\u00f5es f\u00fangicas e stress ambiental, que resulta na exsuda\u00e7\u00e3o de goma da casca. Embora os danos causados por insectos possam contribuir para a gomose, n\u00e3o s\u00e3o a causa principal. A gest\u00e3o inclui:<\/p>\n\n\n\n<ul class=\"wp-block-list\">\n<li>Melhorar a drenagem e o arejamento do solo<\/li>\n\n\n\n<li>Evitar les\u00f5es no tronco<\/li>\n\n\n\n<li>Poda correta e tratamento de feridas<\/li>\n\n\n\n<li>Aplica\u00e7\u00e3o de fungicidas adequados, quando necess\u00e1rio<\/li>\n<\/ul>\n\n\n\n<p class=\"wp-block-paragraph\">A doen\u00e7a do n\u00f3 da raiz, causada por nem\u00e1todos, prejudica a fun\u00e7\u00e3o da raiz e a sa\u00fade geral da \u00e1rvore. As medidas de controlo incluem:<\/p>\n\n\n\n<ul class=\"wp-block-list\">\n<li>Remo\u00e7\u00e3o e destrui\u00e7\u00e3o das plantas gravemente afectadas<\/li>\n\n\n\n<li>Solariza\u00e7\u00e3o do solo ou esteriliza\u00e7\u00e3o a vapor<\/li>\n\n\n\n<li>Incorpora\u00e7\u00e3o de mat\u00e9ria org\u00e2nica para promover microorganismos ben\u00e9ficos para o solo<\/li>\n\n\n\n<li>Utiliza\u00e7\u00e3o de porta-enxertos resistentes, quando dispon\u00edveis<\/li>\n\n\n\n<li>Aplica\u00e7\u00e3o de nematicidas como \u00faltimo recurso sob orienta\u00e7\u00e3o profissional<\/li>\n<\/ul>\n\n\n\n<p class=\"wp-block-paragraph\">A gest\u00e3o das pragas de af\u00eddeos, \u00e1caros e cochonilhas deve centrar-se em estrat\u00e9gias de gest\u00e3o integrada das pragas (GIP):<\/p>\n\n\n\n<ul class=\"wp-block-list\">\n<li>Monitoriza\u00e7\u00e3o regular para dete\u00e7\u00e3o precoce<\/li>\n\n\n\n<li>Incentivar os predadores naturais<\/li>\n\n\n\n<li>Utiliza\u00e7\u00e3o de \u00f3leos hort\u00edcolas ou sab\u00f5es insecticidas para infesta\u00e7\u00f5es menores<\/li>\n\n\n\n<li>Aplica\u00e7\u00e3o de pesticidas espec\u00edficos apenas quando necess\u00e1rio, normalmente 2 a 3 vezes por ano:\n<ol class=\"wp-block-list\">\n<li>Antes da abertura dos bot\u00f5es<\/li>\n\n\n\n<li>Depois da queda das p\u00e9talas<\/li>\n\n\n\n<li>A meio ou no final do ver\u00e3o, se necess\u00e1rio<\/li>\n<\/ol>\n<\/li>\n<\/ul>\n\n\n\n<p class=\"wp-block-paragraph\">As doen\u00e7as mais comuns das cerejeiras em flor incluem:<\/p>\n\n\n\n<ol class=\"wp-block-list\">\n<li>Doen\u00e7a do buraco de tiro (Coryneum blight): Esta doen\u00e7a f\u00fangica, causada por Wilsonomyces carpophilus, apresenta-se como pequenas manchas castanho-p\u00farpura nas folhas que depois caem, criando um aspeto de \"buraco de tiro\". A gest\u00e3o inclui:<\/li>\n<\/ol>\n\n\n\n<ul class=\"wp-block-list\">\n<li>Melhorar a circula\u00e7\u00e3o do ar atrav\u00e9s de uma poda adequada<\/li>\n\n\n\n<li>Remo\u00e7\u00e3o e destrui\u00e7\u00e3o de material vegetal infetado<\/li>\n\n\n\n<li>Aplica\u00e7\u00e3o de fungicidas \u00e0 base de cobre no final do outono e no in\u00edcio da primavera<\/li>\n\n\n\n<li>Utiliza\u00e7\u00e3o de fungicidas registados durante os per\u00edodos de chuva na primavera e no in\u00edcio do ver\u00e3o<\/li>\n<\/ul>\n\n\n\n<ol start=\"2\" class=\"wp-block-list\">\n<li>Mancha da folha: V\u00e1rios fungos podem causar manchas nas folhas, incluindo Blumeriella jaapii (mancha da folha da cerejeira) e esp\u00e9cies de Cercospora. Os sintomas aparecem tipicamente como manchas circulares que podem coalescer e causar desfolia\u00e7\u00e3o prematura. As medidas de controlo incluem:<\/li>\n<\/ol>\n\n\n\n<ul class=\"wp-block-list\">\n<li>Favorecer a boa circula\u00e7\u00e3o do ar e a secagem r\u00e1pida das folhas<\/li>\n\n\n\n<li>Remo\u00e7\u00e3o das folhas ca\u00eddas para reduzir o in\u00f3culo<\/li>\n\n\n\n<li>Aplica\u00e7\u00e3o de fungicidas adequados a partir da queda das p\u00e9talas e a intervalos regulares durante os per\u00edodos de chuva<\/li>\n<\/ul>\n\n\n\n<h2 class=\"wp-block-heading\">VIII. Valor e outras utiliza\u00e7\u00f5es<\/h2>\n\n\n\n<h3 class=\"wp-block-heading\">Valor prim\u00e1rio<\/h3>\n\n\n\n<p class=\"wp-block-paragraph\">Ornamental<\/p>\n\n\n\n<p class=\"wp-block-paragraph\">A cerejeira-preta de folha larga (Prunus subhirtella var. autumnalis) possui um valor ornamental excecional. As suas flores abundantes e vibrantes criam um espet\u00e1culo visual deslumbrante que faz lembrar nuvens ou nevoeiro. As aplica\u00e7\u00f5es paisag\u00edsticas incluem:<\/p>\n\n\n\n<ul class=\"wp-block-list\">\n<li>Planta\u00e7\u00f5es em massa para efeitos de \"mar de flores\" expansivo<\/li>\n\n\n\n<li>Agrupamentos em espa\u00e7os verdes para uma apar\u00eancia de \"brocado\"<\/li>\n\n\n\n<li>Planta\u00e7\u00e3o de esp\u00e9cimes como ponto focal ou de realce<\/li>\n<\/ul>\n\n\n\n<p class=\"wp-block-paragraph\">Medicinal<\/p>\n\n\n\n<p class=\"wp-block-paragraph\">A casca e a madeira da cerejeira cont\u00eam v\u00e1rios compostos bioactivos, incluindo:<\/p>\n\n\n\n<ul class=\"wp-block-list\">\n<li>Prunasina (um glicos\u00eddeo cianog\u00e9nico)<\/li>\n\n\n\n<li>Sakuranina (um flavonoide)<\/li>\n\n\n\n<li>Catequinas<\/li>\n<\/ul>\n\n\n\n<p class=\"wp-block-paragraph\">As folhas cont\u00eam:<\/p>\n\n\n\n<ul class=\"wp-block-list\">\n<li>Quercitrina<\/li>\n\n\n\n<li>Cumarina<\/li>\n\n\n\n<li>Trans-p-cumaroyl glucose<\/li>\n<\/ul>\n\n\n\n<p class=\"wp-block-paragraph\">Estes compostos contribuem para potenciais utiliza\u00e7\u00f5es medicinais, incluindo:<\/p>\n\n\n\n<ul class=\"wp-block-list\">\n<li>Propriedades sedativas e antit\u00fassicas ligeiras (supress\u00e3o da tosse)<\/li>\n\n\n\n<li>Efeitos anti-inflamat\u00f3rios<\/li>\n\n\n\n<li>Atividade antioxidante<\/li>\n<\/ul>\n\n\n\n<p class=\"wp-block-paragraph\">Nota: A utiliza\u00e7\u00e3o medicinal s\u00f3 deve ser feita sob orienta\u00e7\u00e3o profissional devido \u00e0 presen\u00e7a de compostos potencialmente t\u00f3xicos.<\/p>\n\n\n\n<p class=\"wp-block-paragraph\">Cosm\u00e9tica<\/p>\n\n\n\n<p class=\"wp-block-paragraph\">As flores de cerejeira s\u00e3o apreciadas nos cuidados da pele pelas suas propriedades:<\/p>\n\n\n\n<ul class=\"wp-block-list\">\n<li>Propriedades adstringentes, que ajudam a fechar os poros<\/li>\n\n\n\n<li>Rico em antioxidantes naturais (vitaminas A, C e E)<\/li>\n\n\n\n<li>Efeitos anti-inflamat\u00f3rios<\/li>\n<\/ul>\n\n\n\n<p class=\"wp-block-paragraph\">Os extractos de flor de cerejeira s\u00e3o utilizados em v\u00e1rias formula\u00e7\u00f5es cosm\u00e9ticas:<\/p>\n\n\n\n<ul class=\"wp-block-list\">\n<li>T\u00f3nicos e s\u00e9runs faciais para iluminar e refinar a textura da pele<\/li>\n\n\n\n<li>Hidratantes para equilibrar a produ\u00e7\u00e3o de \u00f3leo<\/li>\n\n\n\n<li>Produtos anti-envelhecimento devido ao seu conte\u00fado antioxidante<\/li>\n<\/ul>\n\n\n\n<p class=\"wp-block-paragraph\">A \"enzima de flor de cerejeira\" referida em alguns produtos \u00e9 provavelmente um termo de marketing e n\u00e3o uma enzima espec\u00edfica. Pode referir-se a uma mistura de extractos ou ingredientes biofermentados derivados de flores de cerejeira.<\/p>\n\n\n\n<h3 class=\"wp-block-heading\">Outras utiliza\u00e7\u00f5es<\/h3>\n\n\n\n<ul class=\"wp-block-list\">\n<li>Sebes: As variedades an\u00e3s s\u00e3o adequadas para sebes formais ou informais<\/li>\n\n\n\n<li>Bonsai: As esp\u00e9cies de cerejeira s\u00e3o temas populares para o cultivo de bonsai<\/li>\n\n\n\n<li>Flores de corte: Os ramos floridos podem durar at\u00e9 duas semanas em arranjos florais<\/li>\n\n\n\n<li>Culin\u00e1ria: As folhas jovens s\u00e3o por vezes utilizadas para embrulhar alimentos na cozinha japonesa (sakura mochi)<\/li>\n\n\n\n<li>Madeira: A madeira de cerejeira \u00e9 apreciada no trabalho da madeira pelo seu gr\u00e3o fino e cor quente<\/li>\n<\/ul>","protected":false},"excerpt":{"rendered":"<p>The Cerasus subhirtella, commonly known as the Winter-flowering Cherry or Higan Cherry, is a magnificent sight when in bloom. This deciduous tree, belonging to the Rosaceae family, creates a breathtaking display with its profusion of delicate flowers, forming a cloud-like spectacle of color. This ornamental cherry can be planted in various landscape designs. When used [&hellip;]<\/p>\n","protected":false},"author":1,"featured_media":12156,"comment_status":"open","ping_status":"open","sticky":false,"template":"","format":"standard","meta":{"_breakdance_hide_in_design_set":false,"_breakdance_tags":"","footnotes":""},"categories":[20],"tags":[],"class_list":["post-10300","post","type-post","status-publish","format-standard","has-post-thumbnail","hentry","category-species-and-types"],"_links":{"self":[{"href":"https:\/\/flowerslib.com\/pt\/wp-json\/wp\/v2\/posts\/10300","targetHints":{"allow":["GET"]}}],"collection":[{"href":"https:\/\/flowerslib.com\/pt\/wp-json\/wp\/v2\/posts"}],"about":[{"href":"https:\/\/flowerslib.com\/pt\/wp-json\/wp\/v2\/types\/post"}],"author":[{"embeddable":true,"href":"https:\/\/flowerslib.com\/pt\/wp-json\/wp\/v2\/users\/1"}],"replies":[{"embeddable":true,"href":"https:\/\/flowerslib.com\/pt\/wp-json\/wp\/v2\/comments?post=10300"}],"version-history":[{"count":0,"href":"https:\/\/flowerslib.com\/pt\/wp-json\/wp\/v2\/posts\/10300\/revisions"}],"wp:featuredmedia":[{"embeddable":true,"href":"https:\/\/flowerslib.com\/pt\/wp-json\/wp\/v2\/media\/12156"}],"wp:attachment":[{"href":"https:\/\/flowerslib.com\/pt\/wp-json\/wp\/v2\/media?parent=10300"}],"wp:term":[{"taxonomy":"category","embeddable":true,"href":"https:\/\/flowerslib.com\/pt\/wp-json\/wp\/v2\/categories?post=10300"},{"taxonomy":"post_tag","embeddable":true,"href":"https:\/\/flowerslib.com\/pt\/wp-json\/wp\/v2\/tags?post=10300"}],"curies":[{"name":"wp","href":"https:\/\/api.w.org\/{rel}","templated":true}]}}