{"id":10294,"date":"2023-09-17T11:25:45","date_gmt":"2023-09-17T03:25:45","guid":{"rendered":"https:\/\/flowerslib.com\/?p=10294"},"modified":"2023-09-17T11:25:47","modified_gmt":"2023-09-17T03:25:47","slug":"prunus-discoidea","status":"publish","type":"post","link":"https:\/\/flowerslib.com\/pt\/prunus-discoidea\/","title":{"rendered":"Prunus discoidea: Cerejeiras em flor do in\u00edcio da primavera que o v\u00e3o surpreender"},"content":{"rendered":"<p class=\"wp-block-paragraph\">Prunus discoidea \u00e9 uma esp\u00e9cie de planta quase amea\u00e7ada. As flores desabrocham antes das folhas ou, ocasionalmente, ao lado delas, com cada umbela tipicamente com duas flores, embora por vezes estejam presentes uma ou tr\u00eas. <\/p>\n\n\n\n<p class=\"wp-block-paragraph\">As folhas jovens variam em cor de verde a castanho-avermelhado, e as flores s\u00e3o densas, pequenas e de uma beleza intrincada. Devido ao seu m\u00e9todo de propaga\u00e7\u00e3o por sementeira, as flores podem variar de cor, desde os roxos e rosas claros at\u00e9 ao branco, tornando-a numa das mais belas cerejeiras de flora\u00e7\u00e3o precoce.<\/p>\n\n\n\n<h2 class=\"wp-block-heading\">I. Introdu\u00e7\u00e3o geral<\/h2>\n\n\n\n<p class=\"wp-block-paragraph\">A Cerejeira da primavera (nome cient\u00edfico: Cerasus discoidea Yu et Li) \u00e9 uma pequena \u00e1rvore de folha caduca, com 2-3,5 metros de altura e casca branco-acinzentada. Os seus ramos esguios s\u00e3o castanho-p\u00farpura e os rebentos jovens s\u00e3o esparsamente peludos ou carecas quando caem. <\/p>\n\n\n\n<p class=\"wp-block-paragraph\"><\/p>\n\n\n<div class=\"wp-block-image\">\n<figure class=\"aligncenter size-full\"><img loading=\"lazy\" decoding=\"async\" width=\"1200\" height=\"800\" src=\"https:\/\/flowerslib.com\/wp-content\/uploads\/2023\/09\/4-99.jpg\" alt=\"Prunus discoidea\" class=\"wp-image-12198\" srcset=\"https:\/\/flowerslib.com\/wp-content\/uploads\/2023\/09\/4-99.jpg 1200w, https:\/\/flowerslib.com\/wp-content\/uploads\/2023\/09\/4-99-600x400.jpg 600w, https:\/\/flowerslib.com\/wp-content\/uploads\/2023\/09\/4-99-768x512.jpg 768w, https:\/\/flowerslib.com\/wp-content\/uploads\/2023\/09\/4-99-240x160.jpg 240w\" sizes=\"auto, (max-width: 1200px) 100vw, 1200px\" \/><\/figure>\n<\/div>\n\n\n<p class=\"wp-block-paragraph\"><\/p>\n\n\n\n<p class=\"wp-block-paragraph\">Os gomos invernais s\u00e3o ov\u00f3ides e sem p\u00ealos. As folhas s\u00e3o ovado-lanceoladas ou el\u00edpticas, verde-escuras na parte superior e cobertas de p\u00ealos macios esparsos, verde-p\u00e1lido na parte inferior. <\/p>\n\n\n\n<p class=\"wp-block-paragraph\">As flores desabrocham antes das folhas ou por vezes com elas, cada umbela com duas flores, mas ocasionalmente uma ou tr\u00eas. As p\u00e9talas s\u00e3o cor-de-rosa, alongadas e bifurcadas na extremidade. Os estames s\u00e3o em n\u00famero de 32-40. <\/p>\n\n\n\n<p class=\"wp-block-paragraph\">O pistilo \u00e9 desprovido de p\u00ealos e o estilete \u00e9 alargado. As drupas s\u00e3o vermelhas, com cerca de 1 cm de di\u00e2metro quando maduras. A superf\u00edcie do fruto \u00e9 um pouco angulosa. Floresce em mar\u00e7o e frutifica em maio.<\/p>\n\n\n\n<p class=\"wp-block-paragraph\">Cresce em florestas de vales montanhosos ou arbustos de margens de rios, a altitudes de 200-1100 metros. Pode ser encontrada em Anhui, Zhejiang e Jiangxi, na China.<\/p>\n\n\n\n<h2 class=\"wp-block-heading\">II. Crescimento e distribui\u00e7\u00e3o<\/h2>\n\n\n\n<p class=\"wp-block-paragraph\"><\/p>\n\n\n<div class=\"wp-block-image\">\n<figure class=\"aligncenter size-full\"><img loading=\"lazy\" decoding=\"async\" width=\"1200\" height=\"800\" src=\"https:\/\/flowerslib.com\/wp-content\/uploads\/2023\/09\/6-43.jpg\" alt=\"\" class=\"wp-image-12202\" srcset=\"https:\/\/flowerslib.com\/wp-content\/uploads\/2023\/09\/6-43.jpg 1200w, https:\/\/flowerslib.com\/wp-content\/uploads\/2023\/09\/6-43-600x400.jpg 600w, https:\/\/flowerslib.com\/wp-content\/uploads\/2023\/09\/6-43-768x512.jpg 768w, https:\/\/flowerslib.com\/wp-content\/uploads\/2023\/09\/6-43-240x160.jpg 240w\" sizes=\"auto, (max-width: 1200px) 100vw, 1200px\" \/><\/figure>\n<\/div>\n\n\n<p class=\"wp-block-paragraph\"><\/p>\n\n\n\n<p class=\"wp-block-paragraph\">A Cerejeira da primavera prospera em florestas de vales montanhosos ou arbustos de margens de rios, a altitudes de 200-1100 metros. \u00c9 nativa de Anhui, Zhejiang e Jiangxi na China.<\/p>\n\n\n\n<h2 class=\"wp-block-heading\">III. Carater\u00edsticas<\/h2>\n\n\n\n<p class=\"wp-block-paragraph\">A Cerejeira da primavera \u00e9 uma pequena \u00e1rvore de folha caduca, com 2-3,5 metros de altura e casca branco-acinzentada. Os seus ramos esguios s\u00e3o castanho-p\u00farpura e os rebentos jovens s\u00e3o esparsamente peludos ou carecas quando caem. <\/p>\n\n\n\n<p class=\"wp-block-paragraph\">Os bot\u00f5es de inverno s\u00e3o ov\u00f3ides e sem p\u00ealos. As folhas s\u00e3o ovado-lanceoladas ou el\u00edpticas, com 4-8 cm de comprimento e 1,5-3,5 cm de largura. As pontas das folhas s\u00e3o abruptas ou caudadas, a base \u00e9 em forma de cunha ou raramente redonda, com bordos serrilhados incisos. <\/p>\n\n\n\n<p class=\"wp-block-paragraph\">A parte superior da folha \u00e9 verde escura e coberta de p\u00ealos macios esparsos, enquanto a parte inferior \u00e9 verde p\u00e1lida e com p\u00ealos macios, mais densos quando jovens. As folhas t\u00eam 8-10 pares de nervuras. <\/p>\n\n\n\n<p class=\"wp-block-paragraph\">O caule da folha tem 5-7 mm de comprimento, coberto de p\u00ealos macios esparsos quando jovem, que depois se desprendem para se tornarem quase sem p\u00ealos, com 1-3 gl\u00e2ndulas no topo. As est\u00edpulas s\u00e3o estreitas, em forma de faixa, com 5-8 mm de comprimento, com pequenas gl\u00e2ndulas disc\u00f3ides ao longo do bordo.<\/p>\n\n\n\n<p class=\"wp-block-paragraph\"><\/p>\n\n\n<div class=\"wp-block-image\">\n<figure class=\"aligncenter size-full\"><img loading=\"lazy\" decoding=\"async\" width=\"1200\" height=\"800\" src=\"https:\/\/flowerslib.com\/wp-content\/uploads\/2023\/09\/1-206.jpg\" alt=\"Prunus discoidea\" class=\"wp-image-12203\" srcset=\"https:\/\/flowerslib.com\/wp-content\/uploads\/2023\/09\/1-206.jpg 1200w, https:\/\/flowerslib.com\/wp-content\/uploads\/2023\/09\/1-206-600x400.jpg 600w, https:\/\/flowerslib.com\/wp-content\/uploads\/2023\/09\/1-206-768x512.jpg 768w, https:\/\/flowerslib.com\/wp-content\/uploads\/2023\/09\/1-206-240x160.jpg 240w\" sizes=\"auto, (max-width: 1200px) 100vw, 1200px\" \/><\/figure>\n<\/div>\n\n\n<p class=\"wp-block-paragraph\"><\/p>\n\n\n\n<p class=\"wp-block-paragraph\">As flores desabrocham antes das folhas ou por vezes com elas, cada umbela com duas flores, mas ocasionalmente uma ou tr\u00eas.<\/p>\n\n\n\n<p class=\"wp-block-paragraph\"> A base apresenta frequentemente escamas cori\u00e1ceas castanhas, e a br\u00e1ctea total \u00e9 castanha, ovado-el\u00edptica, com 3-4 mm de comprimento, 2-3 mm de largura, sem p\u00ealos no exterior, com p\u00ealos esparsos e macios no interior, com uma extremidade dentada e pequenas gl\u00e2ndulas capitulares ao longo do bordo. <\/p>\n\n\n\n<p class=\"wp-block-paragraph\">O caule total tem 3-10 mm de comprimento, coberto de p\u00ealos macios esparsos ou sem p\u00ealos, escondidos dentro das escamas cori\u00e1ceas ou ligeiramente salientes. A br\u00e1ctea \u00e9 cori\u00e1cea, verde, quase redonda, com 2-4 mm de di\u00e2metro, quase sem p\u00ealos, com pequenas gl\u00e2ndulas disc\u00f3ides ao longo do bordo. <\/p>\n\n\n\n<p class=\"wp-block-paragraph\">O ped\u00fanculo da flor tem 1-1,5 cm de comprimento, coberto de p\u00ealos esparsos e macios. O c\u00e1lice \u00e9 tubular, em forma de sino, com 4-5 mm de comprimento, 2-3 mm de largura, com p\u00ealos macios esparsos no exterior, e os l\u00f3bulos do c\u00e1lice s\u00e3o oblongos, com 2-3 mm de comprimento, com uma extremidade arredondada ou ligeiramente pontiaguda.<\/p>\n\n\n\n<p class=\"wp-block-paragraph\">As p\u00e9talas s\u00e3o cor-de-rosa, alongadas e bifurcadas na extremidade. Os estames s\u00e3o em n\u00famero de 32-40. O pistilo n\u00e3o tem p\u00ealos e o estilete \u00e9 alargado.<\/p>\n\n\n\n<p class=\"wp-block-paragraph\"><\/p>\n\n\n<div class=\"wp-block-image\">\n<figure class=\"aligncenter size-full\"><img loading=\"lazy\" decoding=\"async\" width=\"1200\" height=\"800\" src=\"https:\/\/flowerslib.com\/wp-content\/uploads\/2023\/09\/2-195.jpg\" alt=\"Prunus discoidea\" class=\"wp-image-12204\" srcset=\"https:\/\/flowerslib.com\/wp-content\/uploads\/2023\/09\/2-195.jpg 1200w, https:\/\/flowerslib.com\/wp-content\/uploads\/2023\/09\/2-195-600x400.jpg 600w, https:\/\/flowerslib.com\/wp-content\/uploads\/2023\/09\/2-195-768x512.jpg 768w, https:\/\/flowerslib.com\/wp-content\/uploads\/2023\/09\/2-195-240x160.jpg 240w\" sizes=\"auto, (max-width: 1200px) 100vw, 1200px\" \/><\/figure>\n<\/div>\n\n\n<p class=\"wp-block-paragraph\"><\/p>\n\n\n\n<p class=\"wp-block-paragraph\">As drupas s\u00e3o vermelhas, com cerca de 1 cm de di\u00e2metro quando maduras. A superf\u00edcie do caro\u00e7o \u00e9 um pouco angulosa. Floresce em mar\u00e7o e frutifica em maio.<\/p>\n\n\n\n<h2 class=\"wp-block-heading\">IV. M\u00e9todos de cultivo<\/h2>\n\n\n\n<h3 class=\"wp-block-heading\">Planta\u00e7\u00e3o<\/h3>\n\n\n\n<p class=\"wp-block-paragraph\">Aplanar o solo antes da planta\u00e7\u00e3o. Cave um buraco com um di\u00e2metro de 0,8 metros e uma profundidade de 0,6 metros. Primeiro, encha o buraco com 10 cm de adubo org\u00e2nico, coloque a muda no buraco e deixe as ra\u00edzes da muda se espalharem. <\/p>\n\n\n\n<p class=\"wp-block-paragraph\">Ap\u00f3s a planta\u00e7\u00e3o da cerejeira em flor, puxar a pl\u00e2ntula para cima para que as ra\u00edzes se espalhem. A profundidade de planta\u00e7\u00e3o deve ser de cerca de 5 cm a partir da camada superior das ra\u00edzes da pl\u00e2ntula. <\/p>\n\n\n\n<p class=\"wp-block-paragraph\">Ap\u00f3s a planta\u00e7\u00e3o, regar bem a planta, apoi\u00e1-la com paus para evitar que seja derrubada pelo vento. Aquando da planta\u00e7\u00e3o, aplicar 15-25 kg de composto por cova. Em julho, aplicar 1-2 kg de sulfato de am\u00f3nio por planta. <\/p>\n\n\n\n<p class=\"wp-block-paragraph\">Ap\u00f3s a flora\u00e7\u00e3o e antes do abrolhamento no in\u00edcio da primavera, podar os ramos mortos, os ramos fracos e os ramos crescidos em demasia, evitando uma poda pesada para manter uma copa bem arredondada.<\/p>\n\n\n\n<h3 class=\"wp-block-heading\">Rega<\/h3>\n\n\n\n<p class=\"wp-block-paragraph\">As plantas jovens s\u00e3o suscept\u00edveis de sofrer danos causados pela seca ap\u00f3s a planta\u00e7\u00e3o. Al\u00e9m de regar abundantemente durante a planta\u00e7\u00e3o, regue a cada 8-10 dias para manter o solo h\u00famido, mas n\u00e3o encharcado. <\/p>\n\n\n\n<p class=\"wp-block-paragraph\">Solte o solo atempadamente ap\u00f3s a rega, e \u00e9 melhor cobrir ligeiramente o solo com palha para reduzir a evapora\u00e7\u00e3o. Durante os primeiros 2-3 anos ap\u00f3s a planta\u00e7\u00e3o, envolva o tronco com palha para evitar que seque. <\/p>\n\n\n\n<p class=\"wp-block-paragraph\">Mas ap\u00f3s 2-3 anos, a pl\u00e2ntula criar\u00e1 novas ra\u00edzes e adaptar-se-\u00e1 gradualmente ao ambiente, pelo que j\u00e1 n\u00e3o \u00e9 necess\u00e1rio envolv\u00ea-la em palha. A rega deve basear-se na precipita\u00e7\u00e3o e na humidade do solo, e \u00e9 geralmente combinada com a fertiliza\u00e7\u00e3o. <\/p>\n\n\n\n<p class=\"wp-block-paragraph\">A \u00e1gua deve ser suficiente mas n\u00e3o excessiva. A rega deve ser efectuada 3-4 vezes por ano. A irriga\u00e7\u00e3o por gotejamento pode ser utilizada em instala\u00e7\u00f5es com medidas de poupan\u00e7a de \u00e1gua, o que \u00e9 ben\u00e9fico para a integra\u00e7\u00e3o de \u00e1gua e fertilizantes, e melhora a taxa de utiliza\u00e7\u00e3o de \u00e1gua e fertilizantes.<\/p>\n\n\n\n<h3 class=\"wp-block-heading\">Fertiliza\u00e7\u00e3o<\/h3>\n\n\n\n<p class=\"wp-block-paragraph\">As flores de cerejeira devem ser fertilizadas duas vezes por ano, de prefer\u00eancia com fertilizantes \u00e1cidos. A primeira vez \u00e9 durante o inverno, aplicando fertilizantes org\u00e2nicos como bolo de feij\u00e3o, estrume de galinha e composto. <\/p>\n\n\n\n<p class=\"wp-block-paragraph\">A segunda vez \u00e9 depois da queda das flores, aplicando adubos de a\u00e7\u00e3o r\u00e1pida como o sulfato de am\u00f3nio, o sulfato ferroso e o superfosfato. Em geral, para as cerejeiras em flor de grande porte, os adubos podem ser aplicados em buracos cavados \u00e0 volta da linha de proje\u00e7\u00e3o da copa da \u00e1rvore. <\/p>\n\n\n\n<p class=\"wp-block-paragraph\">Este m\u00e9todo \u00e9 simples e ben\u00e9fico para a absor\u00e7\u00e3o das ra\u00edzes. \u00c0 medida que a \u00e1rvore cresce, o di\u00e2metro e a profundidade do buraco de fertiliza\u00e7\u00e3o tamb\u00e9m devem aumentar. As ra\u00edzes da cerejeira s\u00e3o pouco profundas e requerem uma boa drenagem e ventila\u00e7\u00e3o. <\/p>\n\n\n\n<p class=\"wp-block-paragraph\">Por conseguinte, evite compactar o solo \u00e0 volta da \u00e1rvore, especialmente na zona de distribui\u00e7\u00e3o das ra\u00edzes, devido ao tr\u00e1fego humano e animal. O tr\u00e1fego pedestre pode enfraquecer a \u00e1rvore, encurtar o seu tempo de vida e at\u00e9 provocar o apodrecimento das ra\u00edzes e a sua morte.<\/p>\n\n\n\n<h3 class=\"wp-block-heading\">Poda<\/h3>\n\n\n\n<p class=\"wp-block-paragraph\">A poda consiste em cortar os ramos murchos, os ramos crescidos, os ramos sobrepostos e os ramos infestados de parasitas. <\/p>\n\n\n\n<p class=\"wp-block-paragraph\">Al\u00e9m disso, quando muitos ramos crescem no tronco de uma grande cerejeira em flor, \u00e9 preciso conservar alguns ramos fortes e cortar os restantes a partir da base para permitir a ventila\u00e7\u00e3o e a entrada de luz. <\/p>\n\n\n\n<p class=\"wp-block-paragraph\">Ap\u00f3s a poda, desinfetar imediatamente os ramos cortados para evitar a invas\u00e3o bacteriana que pode levar ao apodrecimento ap\u00f3s a chuva. A exposi\u00e7\u00e3o prolongada ao sol pode envelhecer e danificar a casca da cerejeira, provocando o seu apodrecimento. <\/p>\n\n\n\n<p class=\"wp-block-paragraph\">Retirar e desinfetar imediatamente a parte afetada. Em seguida, envolva a parte apodrecida com mofo de folhas e p\u00f3 de carv\u00e3o para a ajudar a recuperar as suas fun\u00e7\u00f5es fisiol\u00f3gicas normais.<\/p>\n\n\n\n<h3 class=\"wp-block-heading\">Cuidados com as flores<\/h3>\n\n\n\n<p class=\"wp-block-paragraph\">julho e agosto s\u00e3o o per\u00edodo cr\u00edtico para a diferencia\u00e7\u00e3o dos bot\u00f5es florais da cerejeira. Melhorar a estrutura da \u00e1rvore para aumentar a ventila\u00e7\u00e3o e a penetra\u00e7\u00e3o da luz e aumentar a fotoss\u00edntese das folhas. <\/p>\n\n\n\n<p class=\"wp-block-paragraph\">Ajustar o equil\u00edbrio entre o crescimento nutricional e o crescimento reprodutivo, espalhando os ramos, beliscando, torcendo os rebentos e moderando a seca. Isto proporciona uma nutri\u00e7\u00e3o suficiente para a diferencia\u00e7\u00e3o dos bot\u00f5es florais. <\/p>\n\n\n\n<p class=\"wp-block-paragraph\">As geadas tardias constituem um perigo importante durante a flora\u00e7\u00e3o. Utilize fumo, pulveriza\u00e7\u00e3o de \u00e1gua, pulveriza\u00e7\u00e3o de conservantes de flores e outros m\u00e9todos para reduzir os danos. Mantenha-se atento \u00e0s previs\u00f5es meteorol\u00f3gicas e \u00e0s mudan\u00e7as de temperatura no campo durante a flora\u00e7\u00e3o.<\/p>\n\n\n\n<h2 class=\"wp-block-heading\">V. Controlo de pragas<\/h2>\n\n\n\n<h3 class=\"wp-block-heading\">Pulg\u00e3o das galhas<\/h3>\n\n\n\n<p class=\"wp-block-paragraph\">Os pulg\u00f5es da galha juntam-se nas folhas e nos rebentos jovens para se alimentarem da sua seiva, fazendo com que os bordos das folhas afectadas se enrolem em tubos. T\u00eam v\u00e1rias gera\u00e7\u00f5es num ano, invernando como ovos nas fendas dos bot\u00f5es e nas cicatrizes de poda dos ramos anuais. <\/p>\n\n\n\n<p class=\"wp-block-paragraph\">Os ovos de inverno eclodem no in\u00edcio de abril. Da primavera ao outono, reproduzem-se partenogeneticamente. O pico da infesta\u00e7\u00e3o ocorre no final de junho. Os af\u00eddeos sexuais aparecem em outubro e novembro, pondo ovos ap\u00f3s o acasalamento para hibernar.<\/p>\n\n\n\n<p class=\"wp-block-paragraph\"><strong>M\u00e9todos de controlo: <\/strong>Consultar os m\u00e9todos de controlo dos pulg\u00f5es do cris\u00e2ntemo. Assegurar uma cobertura completa dos ramos e dos bot\u00f5es foliares utilizando uma pulveriza\u00e7\u00e3o por aspers\u00e3o para erradicar completamente as pragas e evitar futuros surtos.<\/p>\n\n\n\n<h3 class=\"wp-block-heading\">\u00c1caro da aranha vermelha<\/h3>\n\n\n\n<p class=\"wp-block-paragraph\">Os \u00e1caros vermelhos danificam as plantas perfurando as folhas e sugando a seiva, o que leva \u00e0 destrui\u00e7\u00e3o da clorofila. Isto resulta em manchas ou pontos amarelo-acinzentados nas folhas, fazendo com que estas fiquem amarelas e caiam.<\/p>\n\n\n\n<p class=\"wp-block-paragraph\"><strong>M\u00e9todos de controlo:<\/strong> Se apenas algumas folhas estiverem afectadas, remova as folhas infestadas. Em caso de infesta\u00e7\u00e3o extensa, aplique pesticidas precocemente. Os pesticidas mais utilizados s\u00e3o o acaricida, o triclorf\u00e3o, a lepiota, o inseticida e o inseticida de elimina\u00e7\u00e3o r\u00e1pida.<\/p>\n\n\n\n<h3 class=\"wp-block-heading\">Insectos cochonilhas<\/h3>\n\n\n\n<p class=\"wp-block-paragraph\">As cochonilhas danificam as folhas, os ramos e os frutos. Os insectos cochonilhas machos t\u00eam geralmente asas e podem voar. As f\u00eameas e os insectos jovens, depois da muda, vivem nos ramos, nas folhas ou nos frutos durante toda a sua vida, provocando o amarelecimento das folhas, o murchamento das pontas dos ramos e a diminui\u00e7\u00e3o da vitalidade geral da \u00e1rvore. Tamb\u00e9m tendem a induzir o aparecimento de bolor fuliginoso.<\/p>\n\n\n\n<p class=\"wp-block-paragraph\"><strong>M\u00e9todos de controlo: <\/strong>No inverno, aplicar uma solu\u00e7\u00e3o 40-50 vezes dilu\u00edda de emuls\u00e3o de \u00f3leo de m\u00e1quina para erradicar as f\u00eameas invernantes. <\/p>\n\n\n\n<p class=\"wp-block-paragraph\">Durante o per\u00edodo de pico de eclos\u00e3o das ninfas, utilizar uma solu\u00e7\u00e3o de 1000-1500 vezes de insecticidas misturados numa propor\u00e7\u00e3o de 1:1 de 40% inseticida oxidado, 40% inseticida speed kill, ou 40,7% inseticida Lisboa com 80% inseticida inimigo. Aplicar a solu\u00e7\u00e3o tr\u00eas vezes consecutivas para obter os melhores resultados.<\/p>\n\n\n\n<h3 class=\"wp-block-heading\">Gumose<\/h3>\n\n\n\n<p class=\"wp-block-paragraph\">A gomose \u00e9 causada principalmente por danos causados por geada, congelamento, infesta\u00e7\u00e3o de pragas, danos causados por granizo, \u00e1gua excessiva ou insuficiente, fertiliza\u00e7\u00e3o inadequada, poda excessiva, excesso de vegeta\u00e7\u00e3o, solo pesado ou solo excessivamente \u00e1cido. <\/p>\n\n\n\n<p class=\"wp-block-paragraph\">Se for causado por larvas de tra\u00e7a que se enterram no tronco para p\u00f4r ovos, os ovos podem ser removidos com uma faca afiada. Ao mesmo tempo, melhorar o solo e refor\u00e7ar a gest\u00e3o da \u00e1gua e dos fertilizantes.<\/p>\n\n\n\n<h3 class=\"wp-block-heading\">Doen\u00e7a do n\u00f3 da raiz<\/h3>\n\n\n\n<p class=\"wp-block-paragraph\">A doen\u00e7a do n\u00f3 da raiz impede o crescimento normal das ra\u00edzes, deixando a \u00e1rvore insalubre, independentemente da quantidade de fertilizante aplicada. \u00c9 crucial remover prontamente o tumor, desinfetar o solo e melhorar o solo utilizando bolor de folhas, p\u00f3 de carv\u00e3o e microorganismos.<\/p>\n\n\n\n<h3 class=\"wp-block-heading\">Doen\u00e7a da mancha castanha<\/h3>\n\n\n\n<p class=\"wp-block-paragraph\">Esta doen\u00e7a ocorre de maio a junho, quando aparecem manchas castanho-p\u00farpura nas folhas, que se expandem gradualmente em forma circular. As manchas doentes secam e contraem-se, formando pequenos buracos. <\/p>\n\n\n\n<p class=\"wp-block-paragraph\">Os fungos causadores da doen\u00e7a hibernam frequentemente nos ramos e folhas doentes. A temperatura \u00f3ptima de crescimento situa-se entre 25\u00b0C e 28\u00b0C. A doen\u00e7a propaga-se atrav\u00e9s do vento e \u00e9 facilitada pelas esta\u00e7\u00f5es das chuvas. <\/p>\n\n\n\n<p class=\"wp-block-paragraph\">Pode causar danos graves quando a vitalidade da \u00e1rvore est\u00e1 enfraquecida, a drenagem \u00e9 m\u00e1 e as condi\u00e7\u00f5es n\u00e3o s\u00e3o bem ventiladas ou adequadamente iluminadas.<\/p>\n\n\n\n<p class=\"wp-block-paragraph\"><strong>M\u00e9todos de controlo:<\/strong> (1) Refor\u00e7ar a gest\u00e3o do cultivo, efetuar uma poda razo\u00e1vel e certificar-se de que corta os ramos doentes. A limpeza atempada e a incinera\u00e7\u00e3o das folhas doentes podem criar condi\u00e7\u00f5es de crescimento limpas para as plantas. <\/p>\n\n\n\n<p class=\"wp-block-paragraph\">(2) Antes da germina\u00e7\u00e3o dos novos rebentos, pulverizar 3 a 5 graus Baume da mistura de enxofre de cal. Durante o per\u00edodo da doen\u00e7a, pulverizar 16 vezes a calda bordalesa ou 50% Benlate p\u00f3 molh\u00e1vel dilu\u00eddo 1000 a 2000 vezes, ou 15% Thiram Zinc dilu\u00eddo 600 a 800 vezes.<\/p>\n\n\n\n<h3 class=\"wp-block-heading\">Infesta\u00e7\u00e3o das folhas<\/h3>\n\n\n\n<p class=\"wp-block-paragraph\">Durante o ver\u00e3o, aparecem manchas circulares amarelo-esverdeadas nas folhas, que mais tarde se tornam castanhas e com pequenas manchas pretas. As folhas doentes murcham mas n\u00e3o caem.<\/p>\n\n\n\n<p class=\"wp-block-paragraph\"><strong>M\u00e9todos de controlo:<\/strong> Durante a esta\u00e7\u00e3o de crescimento em \u00e1reas com doen\u00e7a grave, de finais de junho a outubro, pulverizar as \u00e1rvores aproximadamente de 10 em 10 dias. V\u00e1rias pulveriza\u00e7\u00f5es consecutivas podem prevenir e controlar eficazmente a doen\u00e7a. <\/p>\n\n\n\n<p class=\"wp-block-paragraph\">Os medicamentos comuns incluem a calda bordalesa 1:1:100 vezes, 50% Tobujin dilu\u00eddo 500-800 vezes, 50% Mancozeb p\u00f3 molh\u00e1vel dilu\u00eddo 1000 vezes (ou 40% suspens\u00e3o concentrada dilu\u00edda 600-800 vezes), 50% Benlate dilu\u00eddo 1000-1500 vezes e 65% Thiram Zinc dilu\u00eddo 500 vezes. Pode escolher ou alternar a utiliza\u00e7\u00e3o.<\/p>\n\n\n\n<h2 class=\"wp-block-heading\">VI. Valor e outros<\/h2>\n\n\n\n<h3 class=\"wp-block-heading\">Valor principal<\/h3>\n\n\n\n<p class=\"wp-block-paragraph\">As flores de cerejeira s\u00e3o brilhantes e coloridas, com ramos e folhas exuberantes, o que faz delas uma importante esp\u00e9cie de \u00e1rvore florida no in\u00edcio da primavera, frequentemente utilizada para a visualiza\u00e7\u00e3o de jardins. Podem ser plantadas em grupos ou em encostas, p\u00e1tios, bermas de estradas e em frente de edif\u00edcios. <\/p>\n\n\n\n<p class=\"wp-block-paragraph\">Quando est\u00e1 em plena flora\u00e7\u00e3o, a \u00e1rvore fica deslumbrante com uma profus\u00e3o de flores, que se assemelham a nuvens e nevoeiro, criando uma vis\u00e3o espetacular. <\/p>\n\n\n\n<p class=\"wp-block-paragraph\">Podem ser plantadas em grande n\u00famero para criar um cen\u00e1rio de \"mar de flores\", ou em pequenos grupos em espa\u00e7os verdes para formar cachos, ou mesmo plantadas sozinhas, para criar um quadro de \"ponto vermelho no meio do verde\". As cerejeiras em flor tamb\u00e9m podem ser utilizadas como \u00e1rvores de passeio, sebes ou como bonsai.<\/p>\n\n\n\n<h3 class=\"wp-block-heading\">Identifica\u00e7\u00e3o das esp\u00e9cies<\/h3>\n\n\n\n<p class=\"wp-block-paragraph\">A cereja de boas-vindas e a cereja de cauda curta t\u00eam um aspeto semelhante, mas esta \u00faltima tem pequenas gl\u00e2ndulas em forma de cone na parte superior do bordo em dente de serra da folha e das est\u00edpulas, e o bordo da br\u00e1ctea \u00e9 frequentemente rasgado, com dentes glandulares na parte superior. <\/p>\n\n\n\n<p class=\"wp-block-paragraph\">No passado, esta esp\u00e9cie foi muitas vezes erradamente designada como cerejeira-da-cauda, mas distingue-se pelo facto de as gl\u00e2ndulas na parte superior do bordo em dente de serra da sua folha, est\u00edpulas e br\u00e1cteas n\u00e3o terem ped\u00fanculo e serem em forma de disco, com duas flores, raramente uma ou tr\u00eas, e com p\u00ealos macios esparsos em ambos os lados da folha, que podem ser diferenciados.<\/p>","protected":false},"excerpt":{"rendered":"<p>Prunus discoidea is a near-threatened species of plant. The flowers bloom before the leaves or, occasionally, alongside them, with each umbel typically having two flowers, though sometimes one or three are present. The young leaves vary in color from green to reddish-brown, and the blossoms are dense, small, and intricately beautiful. Due to its propagation [&hellip;]<\/p>\n","protected":false},"author":1,"featured_media":12201,"comment_status":"open","ping_status":"open","sticky":false,"template":"","format":"standard","meta":{"_breakdance_hide_in_design_set":false,"_breakdance_tags":"","footnotes":""},"categories":[20],"tags":[],"class_list":["post-10294","post","type-post","status-publish","format-standard","has-post-thumbnail","hentry","category-species-and-types"],"_links":{"self":[{"href":"https:\/\/flowerslib.com\/pt\/wp-json\/wp\/v2\/posts\/10294","targetHints":{"allow":["GET"]}}],"collection":[{"href":"https:\/\/flowerslib.com\/pt\/wp-json\/wp\/v2\/posts"}],"about":[{"href":"https:\/\/flowerslib.com\/pt\/wp-json\/wp\/v2\/types\/post"}],"author":[{"embeddable":true,"href":"https:\/\/flowerslib.com\/pt\/wp-json\/wp\/v2\/users\/1"}],"replies":[{"embeddable":true,"href":"https:\/\/flowerslib.com\/pt\/wp-json\/wp\/v2\/comments?post=10294"}],"version-history":[{"count":0,"href":"https:\/\/flowerslib.com\/pt\/wp-json\/wp\/v2\/posts\/10294\/revisions"}],"wp:featuredmedia":[{"embeddable":true,"href":"https:\/\/flowerslib.com\/pt\/wp-json\/wp\/v2\/media\/12201"}],"wp:attachment":[{"href":"https:\/\/flowerslib.com\/pt\/wp-json\/wp\/v2\/media?parent=10294"}],"wp:term":[{"taxonomy":"category","embeddable":true,"href":"https:\/\/flowerslib.com\/pt\/wp-json\/wp\/v2\/categories?post=10294"},{"taxonomy":"post_tag","embeddable":true,"href":"https:\/\/flowerslib.com\/pt\/wp-json\/wp\/v2\/tags?post=10294"}],"curies":[{"name":"wp","href":"https:\/\/api.w.org\/{rel}","templated":true}]}}