{"id":10242,"date":"2023-09-18T17:22:17","date_gmt":"2023-09-18T09:22:17","guid":{"rendered":"https:\/\/flowerslib.com\/?p=10242"},"modified":"2023-09-18T17:22:20","modified_gmt":"2023-09-18T09:22:20","slug":"rododendro-simiarum","status":"publish","type":"post","link":"https:\/\/flowerslib.com\/pt\/rhododendron-simiarum\/","title":{"rendered":"Rhododendron simiarum: um guia impressionante sobre esta flor elegante"},"content":{"rendered":"<p class=\"wp-block-paragraph\">O Rhododendron simiarum pertence \u00e0 fam\u00edlia e ao g\u00e9nero Rhododendron. A sua forma elegante, associada a flores brancas ou cor-de-rosa leitosas sobre folhas verdes, torna-o particularmente atraente, quer seja cultivado em grupos ou individualmente nos jardins. <\/p>\n\n\n\n<p class=\"wp-block-paragraph\">Tamb\u00e9m pode ser utilizado como material para arranjos florais. Normalmente, o Rododendro Cabe\u00e7a de Macaco prospera na natureza a altitudes de 500-1800 metros em vales, cumes de montanhas, florestas mistas ou locais esporadicamente dispersos. <\/p>\n\n\n\n<p class=\"wp-block-paragraph\">Forma frequentemente florestas semi-primitivas de rododendros de folha perene em zonas bem conservadas ao longo de valas, cumes de montanhas e topos de penhascos.<\/p>\n\n\n\n<h2 class=\"wp-block-heading\">I. Introdu\u00e7\u00e3o b\u00e1sica<\/h2>\n\n\n\n<p class=\"wp-block-paragraph\"><\/p>\n\n\n<div class=\"wp-block-image\">\n<figure class=\"aligncenter size-full\"><img loading=\"lazy\" decoding=\"async\" width=\"1200\" height=\"800\" src=\"https:\/\/flowerslib.com\/wp-content\/uploads\/2023\/09\/4-107.jpg\" alt=\"Rhododendron simiarum\" class=\"wp-image-12305\" srcset=\"https:\/\/flowerslib.com\/wp-content\/uploads\/2023\/09\/4-107.jpg 1200w, https:\/\/flowerslib.com\/wp-content\/uploads\/2023\/09\/4-107-600x400.jpg 600w, https:\/\/flowerslib.com\/wp-content\/uploads\/2023\/09\/4-107-768x512.jpg 768w, https:\/\/flowerslib.com\/wp-content\/uploads\/2023\/09\/4-107-240x160.jpg 240w\" sizes=\"auto, (max-width: 1200px) 100vw, 1200px\" \/><\/figure>\n<\/div>\n\n\n<p class=\"wp-block-paragraph\"><\/p>\n\n\n\n<p class=\"wp-block-paragraph\">O Rododendro Cabe\u00e7a de Macaco, cientificamente conhecido como Rhododendron simiarum Hance, \u00e9 uma planta da fam\u00edlia e do g\u00e9nero Rhododendron. \u00c9 um arbusto de folha perene, que atinge tipicamente uma altura de 2-5 metros, mas que ocasionalmente atinge 10-13 metros. <\/p>\n\n\n\n<p class=\"wp-block-paragraph\">Os ramos jovens t\u00eam uma casca lisa, castanha clara, enquanto os ramos velhos t\u00eam uma casca estratificada, cinzenta clara ou branca. As folhas s\u00e3o densamente povoadas no topo dos ramos, em n\u00famero de 5-7, grossas e cori\u00e1ceas, de forma oval a el\u00edptica, e medem 5,5-10 cent\u00edmetros de comprimento e 2-4,5 cent\u00edmetros de largura. <\/p>\n\n\n\n<p class=\"wp-block-paragraph\">As flores crescem em cachos terminais em forma de umbela de 5-9, e o ov\u00e1rio \u00e9 alongado e ovalado, coberto de p\u00ealos cor de ferrugem, que acabam por desaparecer.<\/p>\n\n\n\n<h2 class=\"wp-block-heading\">II. Variedades comuns<\/h2>\n\n\n\n<p class=\"wp-block-paragraph\"><\/p>\n\n\n<div class=\"wp-block-image\">\n<figure class=\"aligncenter size-full\"><img loading=\"lazy\" decoding=\"async\" width=\"1200\" height=\"800\" src=\"https:\/\/flowerslib.com\/wp-content\/uploads\/2023\/09\/3-132.jpg\" alt=\"Rhododendron simiarum\" class=\"wp-image-12306\" srcset=\"https:\/\/flowerslib.com\/wp-content\/uploads\/2023\/09\/3-132.jpg 1200w, https:\/\/flowerslib.com\/wp-content\/uploads\/2023\/09\/3-132-600x400.jpg 600w, https:\/\/flowerslib.com\/wp-content\/uploads\/2023\/09\/3-132-768x512.jpg 768w, https:\/\/flowerslib.com\/wp-content\/uploads\/2023\/09\/3-132-240x160.jpg 240w\" sizes=\"auto, (max-width: 1200px) 100vw, 1200px\" \/><\/figure>\n<\/div>\n\n\n<p class=\"wp-block-paragraph\"><\/p>\n\n\n\n<h3 class=\"wp-block-heading\">Variante principal<\/h3>\n\n\n\n<p class=\"wp-block-paragraph\">O Rhododendron simiarum Hance var. versicolor, difere da esp\u00e9cie original por ter folhas mais grossas e cori\u00e1ceas, de forma oval, medindo 8-13 cent\u00edmetros de comprimento com uma ponta arredondada. <\/p>\n\n\n\n<p class=\"wp-block-paragraph\">O ped\u00fanculo da flor \u00e9 curto, com apenas 1,5-2,2 cent\u00edmetros de comprimento, e a flor \u00e9 em forma de funil e estreita, medindo apenas 2-2,8 cent\u00edmetros de comprimento. \u00c9 de cor branca leitosa ou cor-de-rosa com 5 l\u00f3bulos e uma ponta redonda. <\/p>\n\n\n\n<p class=\"wp-block-paragraph\">O per\u00edodo de flora\u00e7\u00e3o \u00e9 em abril. Esta variante cresce em florestas de vales montanhosos a altitudes de 850-1720 metros. As diferen\u00e7as no tamanho da flor, na forma e nas nervuras das folhas entre esta variante e a esp\u00e9cie original s\u00e3o significativas, pelo que \u00e9 mais apropriado classific\u00e1-las como variantes diferentes.<\/p>\n\n\n\n<h2 class=\"wp-block-heading\">III. Crescimento e distribui\u00e7\u00e3o<\/h2>\n\n\n\n<p class=\"wp-block-paragraph\">O rododendro cabe\u00e7a de macaco desenvolve-se na natureza a altitudes de 500-1800 metros em vales, cumes de montanhas, florestas mistas ou locais esporadicamente dispersos. <\/p>\n\n\n\n<p class=\"wp-block-paragraph\">\u00c9 parcial \u00e0 luz, mas as folhas tenras podem facilmente chamuscar-se sob sol forte, e as ra\u00edzes pr\u00f3ximas da superf\u00edcie do solo podem ser danificadas pelo calor seco. <\/p>\n\n\n\n<p class=\"wp-block-paragraph\">Cresce bem em climas frescos e h\u00famidos, em solos \u00e1cidos ricos em mat\u00e9ria org\u00e2nica, em florestas mistas esparsas onde as \u00e1rvores t\u00eam ra\u00edzes profundas e nas bordas de zonas florestais mais altas.<\/p>\n\n\n\n<h2 class=\"wp-block-heading\">IV. Morfologia e carater\u00edsticas<\/h2>\n\n\n\n<p class=\"wp-block-paragraph\"><\/p>\n\n\n<div class=\"wp-block-image\">\n<figure class=\"aligncenter size-full\"><img loading=\"lazy\" decoding=\"async\" width=\"1200\" height=\"800\" src=\"https:\/\/flowerslib.com\/wp-content\/uploads\/2023\/09\/1-215.jpg\" alt=\"Rhododendron simiarum\" class=\"wp-image-12307\" srcset=\"https:\/\/flowerslib.com\/wp-content\/uploads\/2023\/09\/1-215.jpg 1200w, https:\/\/flowerslib.com\/wp-content\/uploads\/2023\/09\/1-215-600x400.jpg 600w, https:\/\/flowerslib.com\/wp-content\/uploads\/2023\/09\/1-215-768x512.jpg 768w, https:\/\/flowerslib.com\/wp-content\/uploads\/2023\/09\/1-215-240x160.jpg 240w\" sizes=\"auto, (max-width: 1200px) 100vw, 1200px\" \/><\/figure>\n<\/div>\n\n\n<p class=\"wp-block-paragraph\"><\/p>\n\n\n\n<p class=\"wp-block-paragraph\">Este arbusto de folha perene tem tipicamente 2-5 metros de altura, mas pode ocasionalmente atingir 10-13 metros. Os seus ramos jovens t\u00eam uma casca lisa e castanha clara, enquanto os ramos mais velhos t\u00eam uma casca descamada em tons de cinzento claro ou branco. <\/p>\n\n\n\n<p class=\"wp-block-paragraph\">As folhas est\u00e3o densamente concentradas na parte superior dos ramos, com 5-7 folhas grossas e cori\u00e1ceas. T\u00eam uma forma ovado-lanceolada a el\u00edptico-lanceolada, medindo 5,5-10 cm de comprimento e 2-4,5 cm de largura. <\/p>\n\n\n\n<p class=\"wp-block-paragraph\">As pontas das folhas s\u00e3o obtusas ou arredondadas, com uma base em forma de cunha que se estende ligeiramente at\u00e9 ao pec\u00edolo. A superf\u00edcie superior \u00e9 verde escura e sem p\u00ealos, enquanto a superf\u00edcie inferior est\u00e1 coberta por uma fina camada de p\u00ealos castanhos claros ou cinzentos. <\/p>\n\n\n\n<p class=\"wp-block-paragraph\">A nervura mediana \u00e9 recuada na superf\u00edcie superior, formando um sulco pouco profundo, mas \u00e9 proeminentemente elevada na superf\u00edcie inferior. As nervuras laterais s\u00e3o ligeiramente vis\u00edveis, com 10-12 pares. O pec\u00edolo \u00e9 cil\u00edndrico e tem 1,5-2 cm de comprimento, sendo apenas peludo quando jovem.<\/p>\n\n\n\n<p class=\"wp-block-paragraph\">A planta tem infloresc\u00eancias umbelicais cimosas terminais com 5-9 flores. O eixo total tem 1-2,5 cm de comprimento, esparsamente coberto de p\u00ealos macios de cor castanha clara. <\/p>\n\n\n\n<p class=\"wp-block-paragraph\">Os ped\u00fanculos florais s\u00e3o rectos e grossos, medindo 3,5-5 cm de comprimento e cerca de 2,5 mm de largura, cobertos de p\u00ealos moles esparsos ou quase sem p\u00ealos. O c\u00e1lice \u00e9 em forma de disco com cinco sec\u00e7\u00f5es. <\/p>\n\n\n\n<p class=\"wp-block-paragraph\">A corola \u00e9 em forma de sino, com 3,5-4 cm de comprimento e cerca de 4-4,5 cm de di\u00e2metro na parte superior, de cor creme a rosa com manchas vermelho-p\u00farpura na garganta. Tem cinco sec\u00e7\u00f5es com l\u00f3bulos semi-circulares, com 1,5 cm de comprimento e 2-2,5 cm de largura, com um entalhe na ponta. <\/p>\n\n\n\n<p class=\"wp-block-paragraph\">Existem 10-12 estames de comprimento vari\u00e1vel, com 1-3 cm de comprimento. Os filamentos s\u00e3o ligeiramente largos e achatados na base, com p\u00ealos macios espalhados. As anteras s\u00e3o el\u00edpticas e t\u00eam cerca de 3 mm de comprimento. <\/p>\n\n\n\n<p class=\"wp-block-paragraph\">O ov\u00e1rio \u00e9 cil\u00edndrico, com 5-6 mm de comprimento, coberto de ramifica\u00e7\u00f5es e gl\u00e2ndulas de cor amarela clara. O estilete \u00e9 delgado, com 3,5-4 cm de comprimento, por vezes glandular na base, mas liso. <\/p>\n\n\n\n<p class=\"wp-block-paragraph\">O fruto \u00e9 uma c\u00e1psula alongada, com 1,2-1,8 cm de comprimento e 8 mm de di\u00e2metro, coberta de p\u00ealos cor de ferrugem que mais tarde se tornam desprovidos de p\u00ealos.<\/p>\n\n\n\n<h2 class=\"wp-block-heading\">V. Habitat e h\u00e1bitos<\/h2>\n\n\n\n<p class=\"wp-block-paragraph\">O Rododendro Cabe\u00e7a de Macaco \u00e9 uma esp\u00e9cie arb\u00f3rea com ra\u00edzes pouco profundas. As sementes germinam e enra\u00edzam ap\u00f3s 30-35 dias de sementeira, com p\u00ealos radiculares desenvolvidos e sem raiz principal evidente. <\/p>\n\n\n\n<p class=\"wp-block-paragraph\">O caule das pl\u00e2ntulas de um e dois anos n\u00e3o se alonga, e as pl\u00e2ntulas de um ano t\u00eam 5-7 folhas pequenas numa roseta. As pl\u00e2ntulas de tr\u00eas anos t\u00eam um caule principal claro que se alonga gradualmente. <\/p>\n\n\n\n<p class=\"wp-block-paragraph\">No quarto ano, a planta cresce vigorosamente, formando bot\u00f5es de flores no outono. No quinto ano, quando a altura da planta atinge mais de 30 cm, come\u00e7a a brotar. Floresce de meados a finais de abril, com um per\u00edodo de flora\u00e7\u00e3o de cerca de meio m\u00eas. <\/p>\n\n\n\n<p class=\"wp-block-paragraph\">Ap\u00f3s a flora\u00e7\u00e3o, por volta do in\u00edcio de maio, a planta rebenta, geralmente uma vez por ano. Antes do calor do ver\u00e3o, os rebentos tenros param de crescer e come\u00e7am a lenhificar. De agosto a setembro, os bot\u00f5es florais come\u00e7am a diferenciar-se. Os frutos amadurecem entre setembro e outubro.<\/p>\n\n\n\n<h2 class=\"wp-block-heading\">VI. M\u00e9todo de cultivo<\/h2>\n\n\n\n<h3 class=\"wp-block-heading\">M\u00e9todo de planta\u00e7\u00e3o<\/h3>\n\n\n\n<p class=\"wp-block-paragraph\">As pl\u00e2ntulas selvagens podem ser introduzidas diretamente na cultura, selecionando pl\u00e2ntulas robustas de zonas de baixa a m\u00e9dia altitude, idealmente entre 50-90 cent\u00edmetros de altura. <\/p>\n\n\n\n<p class=\"wp-block-paragraph\">O sistema radicular deve permanecer intacto, de prefer\u00eancia com solo nativo adicional, envolto numa pequena bola de solo com palha. Aparar algumas das folhas das mudas, transportar cuidadosamente para o local de plantio e plantar prontamente. <\/p>\n\n\n\n<p class=\"wp-block-paragraph\">Em alternativa, pode ser cultivada num vaso durante um ou dois anos antes de ser plantada ao ar livre. A terra para vaso deve ser uma mistura de lama de orqu\u00eddea e argila amarela da montanha. Ap\u00f3s a planta\u00e7\u00e3o, prestar aten\u00e7\u00e3o \u00e0 gest\u00e3o do solo, regar adequadamente e aplicar um fertilizante fino. <\/p>\n\n\n\n<p class=\"wp-block-paragraph\">As melhores \u00e9pocas para a introdu\u00e7\u00e3o das pl\u00e2ntulas s\u00e3o o outono, de outubro a novembro, e o in\u00edcio da primavera, de fevereiro a mar\u00e7o.<\/p>\n\n\n\n<h3 class=\"wp-block-heading\">Gest\u00e3o do terreno<\/h3>\n\n\n\n<p class=\"wp-block-paragraph\">Um a dois anos ap\u00f3s o crescimento da pl\u00e2ntula, esta deve ser dividida. Para as pl\u00e2ntulas robustas, transferir no in\u00edcio da primavera (fevereiro) um ano ap\u00f3s a sementeira. As mais pequenas devem ser transferidas ap\u00f3s dois anos de cultivo em vaso, mas de forma atempada. <\/p>\n\n\n\n<p class=\"wp-block-paragraph\">Utilizar vasos com um di\u00e2metro de 9-10 cent\u00edmetros para a divis\u00e3o, plantando 1-3 por vaso, utilizando o mesmo solo que o substrato de sementeira. As pl\u00e2ntulas rec\u00e9m-divididas devem ser protegidas da chuva para evitar que as folhas jovens sejam danificadas por bact\u00e9rias e apodre\u00e7am at\u00e9 \u00e0 morte. <\/p>\n\n\n\n<p class=\"wp-block-paragraph\">As pl\u00e2ntulas transplantadas come\u00e7am a crescer de forma robusta ap\u00f3s um ano de cultivo protetor. No primeiro ano, as pl\u00e2ntulas crescem frequentemente como caules \u00fanicos; no segundo ano, muitos ramos finos e desarrumados brotam do colo da raiz. <\/p>\n\n\n\n<p class=\"wp-block-paragraph\">Pode ser feita uma \u00fanica vez, no outono e no inverno (novembro-dezembro), aquando da forma\u00e7\u00e3o do bot\u00e3o terminal, para favorecer a ramifica\u00e7\u00e3o e a forma\u00e7\u00e3o preliminar.<\/p>\n\n\n\n<h3 class=\"wp-block-heading\">Cruzamento de ra\u00e7as<\/h3>\n\n\n\n<p class=\"wp-block-paragraph\">Para a sele\u00e7\u00e3o dirigida de novas variedades, podem ser utilizados m\u00e9todos de cruzamento artificial. <\/p>\n\n\n\n<p class=\"wp-block-paragraph\">As flores masculinas devem ser retiradas e ensacadas cerca de uma semana antes da flora\u00e7\u00e3o, depois colher cuidadosamente as flores da planta-m\u00e3e que est\u00e3o prestes a desabrochar no dia anterior \u00e0 abertura, retirar as anteras, agitar o p\u00f3len em papel fino e limpo colocado num tubo de ensaio, tapar o tubo com algod\u00e3o esterilizado, colocar uma etiqueta com o nome da esp\u00e9cie, colocar numa caixa seca com s\u00edlica gel e guardar num frigor\u00edfico \u00e0 temperatura ambiente para utiliza\u00e7\u00e3o posterior. <\/p>\n\n\n\n<p class=\"wp-block-paragraph\">No prazo de uma semana ap\u00f3s a emascula\u00e7\u00e3o, verifique se o estilete da planta-m\u00e3e ensacada se estendeu, se o estigma inchou at\u00e9 atingir uma cor verde-amarelada e se est\u00e1 coberto de muco abundante. <\/p>\n\n\n\n<p class=\"wp-block-paragraph\">Ap\u00f3s a poliniza\u00e7\u00e3o, ensaca-se de novo e pendura-se uma etiqueta com os nomes dos pais, a data e a hora da poliniza\u00e7\u00e3o. Quando o estigma perde o seu brilho ap\u00f3s a poliniza\u00e7\u00e3o, o saco pode ser retirado. <\/p>\n\n\n\n<p class=\"wp-block-paragraph\">O fruto incha gradualmente, passando de verde a castanho em outubro-novembro do mesmo ano, e quando aparece uma ligeira fenda na parte superior do fruto, este pode ser colhido, as sementes secas e semeadas numa estufa no inverno do mesmo ano, ou armazenadas num frigor\u00edfico e semeadas no ano seguinte, como descrito.<\/p>\n\n\n\n<h2 class=\"wp-block-heading\">VII. M\u00e9todos de propaga\u00e7\u00e3o<\/h2>\n\n\n\n<h3 class=\"wp-block-heading\">Semeadura<\/h3>\n\n\n\n<p class=\"wp-block-paragraph\">O principal m\u00e9todo de propaga\u00e7\u00e3o do Rododendro Cabe\u00e7a de Macaco, com apenas algumas esp\u00e9cies capazes de propaga\u00e7\u00e3o vegetativa atrav\u00e9s de estacas, \u00e9 a propaga\u00e7\u00e3o sexual por pl\u00e2ntulas. <\/p>\n\n\n\n<p class=\"wp-block-paragraph\">A sementeira das sementes deve ser efectuada numa zona sombreada e deve ser montado um arco de bambu para a cobertura com filme pl\u00e1stico. As sementes de rododendro s\u00e3o min\u00fasculas e as pl\u00e2ntulas s\u00e3o tenras, pelo que \u00e9 aconselh\u00e1vel utilizar vasos largos e pouco profundos para a sementeira. <\/p>\n\n\n\n<p class=\"wp-block-paragraph\">O solo deve ser uma mistura de h\u00famus (conhecido como \"lama de orqu\u00eddea\" em horticultura), agulhas de pinheiro cortadas em cerca de 3 cm de comprimento (de prefer\u00eancia do lar\u00edcio ou metasequoia) e areia amarela. <\/p>\n\n\n\n<p class=\"wp-block-paragraph\">O musgo vivo fresco, que apenas adere \u00e0 superf\u00edcie do solo do vaso e n\u00e3o se enra\u00edza nele (como o musgo cinzento grande), deve ser espalhado por cima. A sementeira deve ser feita entre o final de mar\u00e7o e o in\u00edcio de abril.<\/p>\n\n\n\n<p class=\"wp-block-paragraph\">Antes da sementeira, encher o vaso com 4\/5 da terra, cobrir com 1 cm de musgo picado e regar abundantemente com um borrifador. As sementes devem ser colocadas sobre um cart\u00e3o duro e polvilhadas uniformemente sobre o musgo atrav\u00e9s de um m\u00e9todo de batida vibrat\u00f3ria. <\/p>\n\n\n\n<p class=\"wp-block-paragraph\">Ap\u00f3s a sementeira, colocar o vaso sob o arco na zona de sombra e cobrir o arco com uma pel\u00edcula de pl\u00e1stico. Durante um m\u00eas ap\u00f3s a sementeira, at\u00e9 as sementes germinarem e enraizarem, adotar um m\u00e9todo de gest\u00e3o de viveiro fechado. <\/p>\n\n\n\n<p class=\"wp-block-paragraph\">A pel\u00edcula deve ser removida quando o solo do vaso estiver seco e precisar de ser regado, ou quando o tempo estiver ensolarado e quente, e ambas as extremidades da pel\u00edcula precisarem de ventila\u00e7\u00e3o. <\/p>\n\n\n\n<p class=\"wp-block-paragraph\">A pel\u00edcula deve ser utilizada para criar um ambiente com uma humidade relativa superior a 9%, para facilitar a germina\u00e7\u00e3o das sementes e a emerg\u00eancia das pl\u00e2ntulas. Ap\u00f3s a emerg\u00eancia das pl\u00e2ntulas, a pel\u00edcula deve ser retirada imediatamente. <\/p>\n\n\n\n<p class=\"wp-block-paragraph\">Durante todo o per\u00edodo de crescimento das pl\u00e2ntulas em vaso com um ano de idade, sempre que chove de forma m\u00e9dia ou forte, estas devem ser cobertas com pel\u00edcula. As pl\u00e2ntulas n\u00e3o gostam de solo de vaso demasiado h\u00famido mas preferem ar ambiente h\u00famido.<\/p>\n\n\n\n<h3 class=\"wp-block-heading\">Corte<\/h3>\n\n\n\n<p class=\"wp-block-paragraph\">Utilizar como terra de funda\u00e7\u00e3o a terra amarela, a terra arenosa amarela ou a terra vermelha e amarela, que deve ser \u00e1cida. O solo da cama deve ser finamente preparado e isento de seixos e detritos. O solo da cama deve ter uma espessura de 20 cm e uma largura de 100 cm. <\/p>\n\n\n\n<p class=\"wp-block-paragraph\">Ap\u00f3s pulveriza\u00e7\u00e3o com uma solu\u00e7\u00e3o de sulfato ferroso 0,3% para desinfe\u00e7\u00e3o, est\u00e1 pronto a ser utilizado. O corte pode ser efectuado geralmente no ver\u00e3o, mas tamb\u00e9m na primavera. <\/p>\n\n\n\n<p class=\"wp-block-paragraph\">Para o corte estival, selecionar os ramos tenros do ano com 5-10 cm de comprimento, deixar os rebentos, fazer um corte obl\u00edquo unilateral na base, atar em pequenos feixes, mergulhar a base de 2-3 cm em \u00e1gua limpa durante 24 horas e depois mergulh\u00e1-la em 500 mg\/l de l\u00edquido ABT para o corte. <\/p>\n\n\n\n<p class=\"wp-block-paragraph\">Para o corte de primavera, selecionar ramos duros com um ano de idade, com 5-10 cm de comprimento, e seguir o mesmo procedimento de corte e tratamento que o corte de ver\u00e3o. A taxa de sobreviv\u00eancia do corte de ver\u00e3o \u00e9 relativamente elevada, com 75%, enquanto a do corte de primavera \u00e9 inferior, com apenas 56,6%.<\/p>\n\n\n\n<h2 class=\"wp-block-heading\">VIII. Preven\u00e7\u00e3o e controlo das doen\u00e7as<\/h2>\n\n\n\n<h3 class=\"wp-block-heading\">Doen\u00e7as<\/h3>\n\n\n\n<p class=\"wp-block-paragraph\">As principais doen\u00e7as das pl\u00e2ntulas do Rododendro Cabe\u00e7a de Macaco incluem a doen\u00e7a da seda branca e a doen\u00e7a da murchid\u00e3o s\u00fabita, enquanto as doen\u00e7as foliares incluem a doen\u00e7a da mancha castanha e o bolor cinzento. As principais doen\u00e7as das ra\u00edzes incluem a doen\u00e7a da seda branca e a murcha de Verticillium.<\/p>\n\n\n\n<p class=\"wp-block-paragraph\">Para prevenir a doen\u00e7a da seda branca, \u00e9 essencial garantir que o viveiro seja fresco e bem ventilado, e o solo de cultivo deve ser fumigado com formalde\u00eddo para esteriliza\u00e7\u00e3o. Controlar o teor de humidade do solo de envasamento durante a fase de pl\u00e2ntula. <\/p>\n\n\n\n<p class=\"wp-block-paragraph\">Nas fases iniciais da doen\u00e7a, pode pulverizar-se uma solu\u00e7\u00e3o de Carbendazim a 1.000 vezes para a suprimir. As pl\u00e2ntulas em vasos podem ser pulverizadas com uma solu\u00e7\u00e3o de pentacloronitrobenzeno a 500 vezes. Al\u00e9m disso, os rododendros podem ser plantados em \u00e1reas onde esta doen\u00e7a n\u00e3o tenha ocorrido anteriormente.<\/p>\n\n\n\n<p class=\"wp-block-paragraph\">Para prevenir a doen\u00e7a da mancha castanha, as folhas doentes podem ser arrancadas e incineradas para erradicar os agentes patog\u00e9nicos que passam o inverno. A partir do in\u00edcio do outono, pode pulverizar-se uma solu\u00e7\u00e3o a 100 vezes de calda bordalesa de 10 em 10 dias, com 2-3 pulveriza\u00e7\u00f5es consecutivas.<\/p>\n\n\n\n<p class=\"wp-block-paragraph\">Para prevenir a doen\u00e7a da murchid\u00e3o s\u00fabita, durante a esta\u00e7\u00e3o das chuvas da primavera e das mon\u00e7\u00f5es, pode pulverizar-se uma solu\u00e7\u00e3o de Methotobuprazim ou Carbendazim (800-1000 vezes dilu\u00eddo) de 7 em 7-10 dias. <\/p>\n\n\n\n<p class=\"wp-block-paragraph\">Al\u00e9m disso, o viveiro deve ser bem ventilado e ter uma boa drenagem. Deve tamb\u00e9m prestar-se aten\u00e7\u00e3o \u00e0 limpeza da \u00e1gua de irriga\u00e7\u00e3o.<\/p>\n\n\n\n<h3 class=\"wp-block-heading\">Pragas<\/h3>\n\n\n\n<p class=\"wp-block-paragraph\">As principais pragas das ra\u00edzes incluem escaravelhos, grilos e t\u00e9rmitas, enquanto que as pragas das folhas incluem insectos do rododendro, cigarrinhas, lagartas, pulg\u00f5es, \u00e1caros e tra\u00e7as do rolo da folha da pera. As pragas das flores incluem principalmente insectos broqueadores.<\/p>\n\n\n\n<p class=\"wp-block-paragraph\">Os escaravelhos s\u00e3o as larvas de v\u00e1rios escaravelhos. Podem ser erradicados sacudindo e lavrando o solo no inverno e pulverizando uma solu\u00e7\u00e3o de 100 vezes de Clorpirifos no solo antes da planta\u00e7\u00e3o. Durante a esta\u00e7\u00e3o de crescimento, uma solu\u00e7\u00e3o de 1000 vezes de Phoxim ou Dimetoato pode ser usada para os matar.<\/p>\n\n\n\n<p class=\"wp-block-paragraph\">Os insectos borrachudos causam danos quando as larvas perfuram os bot\u00f5es florais por volta de junho e julho. Para os controlar, limpe as ervas daninhas e a folhagem circundantes para eliminar as larvas que passam o inverno. <\/p>\n\n\n\n<p class=\"wp-block-paragraph\">A partir de maio, pulverizar uma solu\u00e7\u00e3o 100 vezes superior de clorpirifos de meio em meio m\u00eas e remover os bot\u00f5es florais danificados para evitar a propaga\u00e7\u00e3o dos danos.<\/p>\n\n\n\n<p class=\"wp-block-paragraph\">As cigarrinhas do rododendro s\u00e3o uma das principais pragas comedoras de folhas. Quando ocorrem em pequeno n\u00famero, as larvas podem ser removidas manualmente. Em caso de infesta\u00e7\u00f5es graves, pode ser pulverizada uma solu\u00e7\u00e3o 1000 vezes mais forte de Dimetoato ou Isocarbophos para matar as larvas. Limpar as ervas daninhas para eliminar as pupas que passam o inverno.<\/p>\n\n\n\n<p class=\"wp-block-paragraph\">Para controlar as pragas de lagartas, remova as cris\u00e1lidas quando estas ocorrem em pequeno n\u00famero. Em caso de infesta\u00e7\u00f5es graves (normalmente de finais de junho a meados de julho), pulverizar uma solu\u00e7\u00e3o 1000 vezes mais forte de Dimetoato para matar as larvas.<\/p>\n\n\n\n<p class=\"wp-block-paragraph\">As t\u00e9rmitas causam danos nas ra\u00edzes dos rododendros. Antes da planta\u00e7\u00e3o, pulverizar uma solu\u00e7\u00e3o de 100 vezes de Clorpirifos no solo. Para as pl\u00e2ntulas em vasos, pulverizar uma solu\u00e7\u00e3o de 100 vezes de Clorpirifos \u00e0 volta do fundo e dos lados do vaso para evitar danos. <\/p>\n\n\n\n<p class=\"wp-block-paragraph\">Para os viveiros j\u00e1 plantados, uma solu\u00e7\u00e3o de clorpirifos 300-500 vezes maior pode ser encharcada no solo \u00e0 volta da base das pl\u00e2ntulas para matar as t\u00e9rmitas em abril ou maio.<\/p>\n\n\n\n<h2 class=\"wp-block-heading\">IX. Valores e outros<\/h2>\n\n\n\n<h3 class=\"wp-block-heading\">Valores principais<\/h3>\n\n\n\n<p class=\"wp-block-paragraph\">O rododendro cabe\u00e7a de macaco \u00e9 uma planta bonita, com flores brancas ou cor-de-rosa leitosas num fundo de folhas verdes, o que a torna especialmente atraente. Pode ser plantado em grupos ou individualmente em jardins e pode tamb\u00e9m ser utilizado como material para arranjos florais.<\/p>","protected":false},"excerpt":{"rendered":"<p>The Rhododendron simiarum belongs to the Rhododendron family and genus. Its elegant shape coupled with milky white or pink flowers set against green leaves make it particularly eye-catching whether grown in clusters or individually in gardens. It can also be used as a material for floral arrangements. Typically, the Monkey Head Rhododendron thrives in the [&hellip;]<\/p>\n","protected":false},"author":1,"featured_media":12304,"comment_status":"open","ping_status":"open","sticky":false,"template":"","format":"standard","meta":{"_breakdance_hide_in_design_set":false,"_breakdance_tags":"","footnotes":""},"categories":[20],"tags":[],"class_list":["post-10242","post","type-post","status-publish","format-standard","has-post-thumbnail","hentry","category-species-and-types"],"_links":{"self":[{"href":"https:\/\/flowerslib.com\/pt\/wp-json\/wp\/v2\/posts\/10242","targetHints":{"allow":["GET"]}}],"collection":[{"href":"https:\/\/flowerslib.com\/pt\/wp-json\/wp\/v2\/posts"}],"about":[{"href":"https:\/\/flowerslib.com\/pt\/wp-json\/wp\/v2\/types\/post"}],"author":[{"embeddable":true,"href":"https:\/\/flowerslib.com\/pt\/wp-json\/wp\/v2\/users\/1"}],"replies":[{"embeddable":true,"href":"https:\/\/flowerslib.com\/pt\/wp-json\/wp\/v2\/comments?post=10242"}],"version-history":[{"count":0,"href":"https:\/\/flowerslib.com\/pt\/wp-json\/wp\/v2\/posts\/10242\/revisions"}],"wp:featuredmedia":[{"embeddable":true,"href":"https:\/\/flowerslib.com\/pt\/wp-json\/wp\/v2\/media\/12304"}],"wp:attachment":[{"href":"https:\/\/flowerslib.com\/pt\/wp-json\/wp\/v2\/media?parent=10242"}],"wp:term":[{"taxonomy":"category","embeddable":true,"href":"https:\/\/flowerslib.com\/pt\/wp-json\/wp\/v2\/categories?post=10242"},{"taxonomy":"post_tag","embeddable":true,"href":"https:\/\/flowerslib.com\/pt\/wp-json\/wp\/v2\/tags?post=10242"}],"curies":[{"name":"wp","href":"https:\/\/api.w.org\/{rel}","templated":true}]}}