{"id":10092,"date":"2023-09-18T17:33:03","date_gmt":"2023-09-18T09:33:03","guid":{"rendered":"https:\/\/flowerslib.com\/?p=10092"},"modified":"2023-09-18T17:33:05","modified_gmt":"2023-09-18T09:33:05","slug":"lavandula-munstead","status":"publish","type":"post","link":"https:\/\/flowerslib.com\/pt\/lavandula-munstead\/","title":{"rendered":"Alfazema de Munstead: O seu guia para cultivar e cuidar dela"},"content":{"rendered":"<p class=\"wp-block-paragraph\">A Lavandula Munstead \u00e9 um tipo de arbusto de folha perene. \u00c9 uma planta mais baixa e \u00e9 uma das primeiras variedades de alfazema. \u00c9 tamb\u00e9m a segunda variedade de lavanda mais vendida no Reino Unido. <\/p>\n\n\n\n<p class=\"wp-block-paragraph\">A lavanda de Munstead tem folhas verdes estreitas e alongadas e flores roxas pontiagudas que emitem um perfume forte. Pode ser cultivada em vasos ou plantada diretamente no solo e tem um valor de mercado consider\u00e1vel.<\/p>\n\n\n\n<h2 class=\"wp-block-heading\">I. Introdu\u00e7\u00e3o b\u00e1sica<\/h2>\n\n\n\n<p class=\"wp-block-paragraph\">A Lavandula Munstead, ou Alfazema de Munstead, \u00e9 um arbusto perene de estatura mais baixa. As suas folhas verdes estreitas e alongadas e as suas flores roxas e pontiagudas exalam um perfume forte.<\/p>\n\n\n\n<h2 class=\"wp-block-heading\">II. Crescimento e distribui\u00e7\u00e3o<\/h2>\n\n\n\n<p class=\"wp-block-paragraph\">Esta planta \u00e9 origin\u00e1ria da Austr\u00e1lia.<\/p>\n\n\n\n<h2 class=\"wp-block-heading\">III. Carater\u00edsticas<\/h2>\n\n\n\n<p class=\"wp-block-paragraph\">A lavanda de Munstead \u00e9 um arbusto perene de baixa estatura. Tem folhas verdes estreitas e alongadas e flores roxas pontiagudas. Toda a planta emite um perfume forte. Pode ser cultivada em vasos ou diretamente no solo.<\/p>\n\n\n\n<p class=\"wp-block-paragraph\">A planta atinge uma altura de cerca de 20 a 50 cent\u00edmetros.<\/p>\n\n\n\n<p class=\"wp-block-paragraph\">As sementes germinam num prazo de 12 a 21 dias.<\/p>\n\n\n\n<p class=\"wp-block-paragraph\">O per\u00edodo de flora\u00e7\u00e3o vai de junho a setembro.<\/p>\n\n\n\n<p class=\"wp-block-paragraph\">As flores s\u00e3o roxas.<\/p>\n\n\n\n<p class=\"wp-block-paragraph\">As folhas e as flores s\u00e3o utilizadas.<\/p>\n\n\n\n<p class=\"wp-block-paragraph\">A taxa de germina\u00e7\u00e3o \u00e9 superior a 60%.<\/p>\n\n\n\n<h2 class=\"wp-block-heading\">IV. <a href=\"#\">Viver<\/a> H\u00e1bitos<\/h2>\n\n\n\n<p class=\"wp-block-paragraph\">A lavanda de Munstead gosta de sol e \u00e9 resistente ao calor, \u00e0 seca e ao frio. Tamb\u00e9m resiste a solos pobres e salino-alcalinos, mas \u00e9 suscet\u00edvel ao encharcamento. Precisa de um local ensolarado e bem ventilado para crescer. O per\u00edodo entre a sementeira e a flora\u00e7\u00e3o (ou colheita) \u00e9 de aproximadamente 126 a 140 dias.<\/p>\n\n\n\n<h2 class=\"wp-block-heading\">V. M\u00e9todos de cultivo<\/h2>\n\n\n\n<p class=\"wp-block-paragraph\">(1) Propaga\u00e7\u00e3o do alfazema: O alfazema pode ser propagado por sementes ou por estacas.<\/p>\n\n\n\n<p class=\"wp-block-paragraph\">As sementes de alfazema s\u00e3o pequenas e adequadas para o transplante de pl\u00e2ntulas. A sementeira de sementes de alfazema deve ser efectuada na primavera, aproximadamente de abril a junho, com o per\u00edodo de germina\u00e7\u00e3o a durar normalmente 2-3 semanas. <\/p>\n\n\n\n<p class=\"wp-block-paragraph\">A temperatura durante a germina\u00e7\u00e3o deve ser mantida a 10-24 \u2103 e \u00e9 necess\u00e1ria uma exposi\u00e7\u00e3o suficiente \u00e0 luz. <\/p>\n\n\n\n<p class=\"wp-block-paragraph\">O per\u00edodo de dorm\u00eancia das sementes \u00e9 relativamente longo, pelo que o ideal \u00e9 deixar as sementes de molho durante 12 horas antes da sementeira, depois mergulh\u00e1-las numa solu\u00e7\u00e3o de giberelina a 20-50ppm durante 2 horas e depois seme\u00e1-las. <\/p>\n\n\n\n<p class=\"wp-block-paragraph\">Antes da sementeira, \u00e9 importante preparar o solo, reg\u00e1-lo, esperar que a \u00e1gua se infiltre, depois semear as sementes uniformemente e cobri-las com uma fina camada de solo. Cubra o solo com grama ou filme pl\u00e1stico, garanta uma temperatura de 15-25 \u2103 e mantenha a cama de sementes \u00famida. <\/p>\n\n\n\n<p class=\"wp-block-paragraph\">As pl\u00e2ntulas aparecer\u00e3o ap\u00f3s cerca de 10 dias. Se as sementes n\u00e3o forem embebidas em giberelina, a germina\u00e7\u00e3o demorar\u00e1 cerca de um m\u00eas. Durante a fase de pl\u00e2ntula, \u00e9 importante prestar aten\u00e7\u00e3o \u00e0 rega. Se as pl\u00e2ntulas forem demasiado densas, \u00e9 necess\u00e1rio efetuar um desbaste. Quando as pl\u00e2ntulas atingem 10 cm, podem ser transplantadas.<\/p>\n\n\n\n<p class=\"wp-block-paragraph\">A propaga\u00e7\u00e3o por estacas \u00e9 outro m\u00e9todo importante para a propaga\u00e7\u00e3o da alfazema. A alfazema adapta-se rapidamente \u00e0 propaga\u00e7\u00e3o por estacas. Isto pode ser feito na primavera e no outono, e os ramos tenros tamb\u00e9m podem ser utilizados para a propaga\u00e7\u00e3o por estacas no ver\u00e3o, embora exija mais gest\u00e3o. A propaga\u00e7\u00e3o por estacas \u00e9 geralmente efectuada na primavera.<\/p>\n\n\n\n<p class=\"wp-block-paragraph\">Antes da propaga\u00e7\u00e3o por estacas, deve preparar-se uma cama de sementes, com uma superf\u00edcie de canteiro de 1,5 m planeada e deixando um passeio de 40 cm de largura. Um substrato de corte feito de uma mistura de 1:3 de turfa e 2:3 de areia grossa deve ser espalhado uniformemente na superf\u00edcie do canteiro at\u00e9 uma espessura de cerca de 15 cm, e as bordas devem ser revestidas com tijolos.<\/p>\n\n\n\n<p class=\"wp-block-paragraph\">Na propaga\u00e7\u00e3o por estacas, a qualidade das estacas \u00e9 crucial, pois afecta a taxa de sobreviv\u00eancia. Escolha como estacas ramos grossos com entren\u00f3s curtos que n\u00e3o tenham brotado de plantas bem desenvolvidas. <\/p>\n\n\n\n<p class=\"wp-block-paragraph\">Os bot\u00f5es superiores da sequ\u00eancia floral que j\u00e1 apareceram n\u00e3o podem ser utilizados para a propaga\u00e7\u00e3o por estaca. Cortar as estacas no n\u00f3 do caule e assegurar a sua suavidade. <\/p>\n\n\n\n<p class=\"wp-block-paragraph\">Retirar os dois folhetos inferiores e inseri-los no substrato a cerca de 5 cm de profundidade, mantendo um espa\u00e7amento entre filas de 10 cm. Depois de terminar as estacas, regue-as, cubra-as com pel\u00edcula pl\u00e1stica e, em cerca de 2-3 semanas, as estacas podem criar ra\u00edzes. <\/p>\n\n\n\n<p class=\"wp-block-paragraph\">A humidade e a temperatura das pl\u00e2ntulas de corte devem ser mantidas para favorecer o crescimento do sistema radicular, podar os ramos de extens\u00e3o e remover as hastes florais.<\/p>\n\n\n\n<p class=\"wp-block-paragraph\">(2) Para plantar a alfazema, \u00e9 crucial escolher um solo adequado. Opte por um solo com uma excelente capacidade de drenagem, nomeadamente um solo neutro.<\/p>\n\n\n\n<p class=\"wp-block-paragraph\">(3) Em alternativa, um solo ligeiramente alcalino tamb\u00e9m \u00e9 vi\u00e1vel. Evitar a planta\u00e7\u00e3o de alfazema em terrenos baixos e \u00e1cidos. Depois de selecionar o solo adequado, \u00e9 necess\u00e1rio lavrar. A profundidade da lavoura deve ser de cerca de 26 cm e, de seguida, adubar. <\/p>\n\n\n\n<p class=\"wp-block-paragraph\">Uma vez fertilizado, ajuste a superf\u00edcie da crista e a largura do sulco com base no tamanho da parcela para manter a sua est\u00e9tica. Em \u00e1reas com terreno relativamente baixo, cave valas profundas para uma drenagem eficaz.<\/p>\n\n\n\n<p class=\"wp-block-paragraph\">A planta\u00e7\u00e3o deve ser efectuada no outono, nomeadamente em outubro. O espa\u00e7amento entre as linhas das plantas deve ser mantido entre 50 cm e 70 cm. Ao cavar as covas de planta\u00e7\u00e3o, o di\u00e2metro e a profundidade devem ser superiores ao di\u00e2metro e \u00e0 altura da lavanda, para evitar danos durante a planta\u00e7\u00e3o.<\/p>\n\n\n\n<p class=\"wp-block-paragraph\">(4) Gest\u00e3o do campo: \u00c9 necess\u00e1rio regar regularmente a alfazema. Ap\u00f3s a rega, esperar que o solo esteja completamente seco antes de voltar a regar, assegurando que a superf\u00edcie do solo est\u00e1 seca e o interior est\u00e1 h\u00famido. <\/p>\n\n\n\n<p class=\"wp-block-paragraph\">A rega \u00e9 geralmente efectuada de manh\u00e3 e a \u00e1gua n\u00e3o deve ser borrifada nas flores e nas folhas para evitar o apodrecimento e as pragas e doen\u00e7as subsequentes. Embora a alfazema necessite de muita luz solar para crescer, 50% da luz solar deve ser bloqueada no ver\u00e3o para reduzir a temperatura.<\/p>\n\n\n\n<p class=\"wp-block-paragraph\">(5) Controlo de pragas e doen\u00e7as: O alfazema \u00e9 naturalmente resistente a muitas pragas e doen\u00e7as. Com uma gest\u00e3o adequada, os problemas devem ser m\u00ednimos. No entanto, se n\u00e3o for gerida corretamente, podem aparecer podrid\u00f5es radiculares, pulg\u00f5es e aranhas vermelhas. <\/p>\n\n\n\n<p class=\"wp-block-paragraph\">Para os af\u00eddeos, uma solu\u00e7\u00e3o de emuls\u00e3o 40% LeGou dilu\u00edda 800-1000 vezes pode ser pulverizada no in\u00edcio ou em meados de julho. Para os aranhi\u00e7os vermelhos, uma solu\u00e7\u00e3o de avermectina dilu\u00edda 3000 vezes pode ser pulverizada uma vez, seguida de outra pulveriza\u00e7\u00e3o 10 dias mais tarde.<\/p>\n\n\n\n<h2 class=\"wp-block-heading\">VI. M\u00e9todos de reprodu\u00e7\u00e3o<\/h2>\n\n\n\n<h3 class=\"wp-block-heading\">Reprodu\u00e7\u00e3o sexual<\/h3>\n\n\n\n<p class=\"wp-block-paragraph\">As sementes s\u00e3o semeadas para propaga\u00e7\u00e3o, o que resulta num crescimento r\u00e1pido, num sistema radicular bem desenvolvido e em pl\u00e2ntulas robustas. <\/p>\n\n\n\n<p class=\"wp-block-paragraph\">No entanto, este m\u00e9todo pode resultar numa varia\u00e7\u00e3o significativa, proporcionando um excelente material para a reprodu\u00e7\u00e3o selectiva. As sementes escolhidas devem ser uniformes em tamanho, cheias e com um brilho acastanhado. <\/p>\n\n\n\n<p class=\"wp-block-paragraph\">Antes da sementeira, as sementes devem ser secas ao sol, mergulhadas em \u00e1gua quente a 30 graus Celsius durante 12-24 horas e, em seguida, mergulhadas em \u00e1cido sulf\u00farico concentrado durante 5 minutos. Depois de enxaguadas e secas ao ar, podem ser semeadas.<\/p>\n\n\n\n<h3 class=\"wp-block-heading\">Reprodu\u00e7\u00e3o assexuada<\/h3>\n\n\n\n<p class=\"wp-block-paragraph\">A alfazema propaga-se principalmente por estaca. Este m\u00e9todo preserva as qualidades superiores da planta-m\u00e3e. As estacas s\u00e3o muito adapt\u00e1veis e podem ser efectuadas na primavera e no outono. <\/p>\n\n\n\n<p class=\"wp-block-paragraph\">As estacas selecionadas devem provir de ramos robustos, sem doen\u00e7as, que ainda n\u00e3o floresceram, com entren\u00f3s curtos e robustos. Estes ramos s\u00e3o semi-lenhosos e s\u00e3os, com um comprimento de 8-10 cm. Antes do corte, as estacas devem ser mergulhadas em p\u00f3 de enraizamento durante 12 horas.<\/p>\n\n\n\n<h2 class=\"wp-block-heading\">VII. Valor e outros aspectos<\/h2>\n\n\n\n<h3 class=\"wp-block-heading\">Valor prim\u00e1rio<\/h3>\n\n\n\n<p class=\"wp-block-paragraph\"><strong>Utiliza\u00e7\u00e3o pr\u00e1tica<\/strong><\/p>\n\n\n\n<p class=\"wp-block-paragraph\">As flores e as folhas podem ser destiladas para produzir \u00f3leos essenciais e as flores podem dar sabor a compotas. Tamb\u00e9m s\u00e3o adequadas para fazer pastelaria e ch\u00e1s de ervas, oferecendo al\u00edvio do stress, atenua\u00e7\u00e3o das dores de cabe\u00e7a e efeitos refrescantes do h\u00e1lito. Tamb\u00e9m podem ser utilizadas para banhos e cuidados com a pele, gra\u00e7as \u00e0s suas propriedades adstringentes.<\/p>\n\n\n\n<p class=\"wp-block-paragraph\"><strong>Utiliza\u00e7\u00e3o na jardinagem<\/strong><\/p>\n\n\n\n<p class=\"wp-block-paragraph\">Um arranjo bem planeado de plantas arom\u00e1ticas cria uma paisagem agrad\u00e1vel, relaxando os nervos e o humor das pessoas e satisfazendo o seu prazer olfativo e sensorial, promovendo a sa\u00fade geral.<\/p>\n\n\n\n<p class=\"wp-block-paragraph\">O alfazema tem um elevado valor ecol\u00f3gico e ornamental. A sua planta \u00e9 rasteira e mant\u00e9m uma cor cinzento-p\u00farpura durante todo o ano. \u00c9 de crescimento forte, tolerante \u00e0 poda, e as suas folhas e flores s\u00e3o bonitas e elegantes. <\/p>\n\n\n\n<p class=\"wp-block-paragraph\">A vis\u00e3o e o aroma da lavanda s\u00e3o agrad\u00e1veis e refrescantes, fazendo com que as pessoas se sintam confort\u00e1veis. Pode ser utilizada para criar jardins arom\u00e1ticos especializados, conseguindo, ao mesmo tempo, a ecologiza\u00e7\u00e3o, o embelezamento, a colora\u00e7\u00e3o e a aromatiza\u00e7\u00e3o.<\/p>\n\n\n\n<p class=\"wp-block-paragraph\">N\u00e3o s\u00f3 proporciona uma festa visual, como tamb\u00e9m purifica o ar e oferece benef\u00edcios terap\u00eauticos. Pode ser utilizada em pra\u00e7as de jardim, jardins privados, canteiros de flores com padr\u00f5es e arranjos ao longo de bermas de estradas, bordaduras de flores e grupos de flores. <\/p>\n\n\n\n<p class=\"wp-block-paragraph\">Durante a \u00e9poca de flora\u00e7\u00e3o, a vis\u00e3o das flores azul-p\u00farpura e a fragr\u00e2ncia penetrante proporcionam uma experi\u00eancia verdadeiramente encantadora e inesquec\u00edvel.<\/p>","protected":false},"excerpt":{"rendered":"<p>The Lavandula Munstead is a type of evergreen shrub. It&#8217;s a shorter plant and is one of the earliest varieties of lavender. It&#8217;s also the second best-selling lavender variety in the UK. The Munstead Lavender has narrow, elongated green leaves and spiky, purple flowers that emit a strong fragrance. It can be grown in pots [&hellip;]<\/p>\n","protected":false},"author":1,"featured_media":12373,"comment_status":"open","ping_status":"open","sticky":false,"template":"","format":"standard","meta":{"_breakdance_hide_in_design_set":false,"_breakdance_tags":"","footnotes":""},"categories":[20],"tags":[],"class_list":["post-10092","post","type-post","status-publish","format-standard","has-post-thumbnail","hentry","category-species-and-types"],"_links":{"self":[{"href":"https:\/\/flowerslib.com\/pt\/wp-json\/wp\/v2\/posts\/10092","targetHints":{"allow":["GET"]}}],"collection":[{"href":"https:\/\/flowerslib.com\/pt\/wp-json\/wp\/v2\/posts"}],"about":[{"href":"https:\/\/flowerslib.com\/pt\/wp-json\/wp\/v2\/types\/post"}],"author":[{"embeddable":true,"href":"https:\/\/flowerslib.com\/pt\/wp-json\/wp\/v2\/users\/1"}],"replies":[{"embeddable":true,"href":"https:\/\/flowerslib.com\/pt\/wp-json\/wp\/v2\/comments?post=10092"}],"version-history":[{"count":0,"href":"https:\/\/flowerslib.com\/pt\/wp-json\/wp\/v2\/posts\/10092\/revisions"}],"wp:featuredmedia":[{"embeddable":true,"href":"https:\/\/flowerslib.com\/pt\/wp-json\/wp\/v2\/media\/12373"}],"wp:attachment":[{"href":"https:\/\/flowerslib.com\/pt\/wp-json\/wp\/v2\/media?parent=10092"}],"wp:term":[{"taxonomy":"category","embeddable":true,"href":"https:\/\/flowerslib.com\/pt\/wp-json\/wp\/v2\/categories?post=10092"},{"taxonomy":"post_tag","embeddable":true,"href":"https:\/\/flowerslib.com\/pt\/wp-json\/wp\/v2\/tags?post=10092"}],"curies":[{"name":"wp","href":"https:\/\/api.w.org\/{rel}","templated":true}]}}