{"id":10088,"date":"2023-09-18T17:34:31","date_gmt":"2023-09-18T09:34:31","guid":{"rendered":"https:\/\/flowerslib.com\/?p=10088"},"modified":"2023-09-18T17:34:33","modified_gmt":"2023-09-18T09:34:33","slug":"lavanda-espanhola","status":"publish","type":"post","link":"https:\/\/flowerslib.com\/pt\/spanish-lavender\/","title":{"rendered":"Guia de cuidados com a lavanda espanhola: Prosperar com esta joia da fam\u00edlia da hortel\u00e3"},"content":{"rendered":"<p class=\"wp-block-paragraph\">A alfazema espanhola, um pequeno arbusto da fam\u00edlia da hortel\u00e3, tolerante ao frio, cresce originalmente em altitudes de 1800 metros no sul de Espanha. Desenvolve-se a pleno sol e n\u00e3o \u00e9 afetada pela luz solar intensa do ver\u00e3o. <\/p>\n\n\n\n<p class=\"wp-block-paragraph\">Esta variedade de lavanda tem uma corola vermelho-p\u00farpura e um c\u00e1lice castanho-p\u00farpura. Floresce de fevereiro a maio nas zonas planas e de abril a outubro nas zonas montanhosas de m\u00e9dia altitude. <\/p>\n\n\n\n<p class=\"wp-block-paragraph\">As flores de forma \u00fanica, rodeadas por br\u00e1cteas persistentes depois de murchas, s\u00e3o frequentemente transformadas em flores secas devido ao seu belo perfume e aspeto.<\/p>\n\n\n\n<h2 class=\"wp-block-heading\">I. Introdu\u00e7\u00e3o b\u00e1sica<\/h2>\n\n\n\n<p class=\"wp-block-paragraph\">A lavanda espanhola \u00e9 um pequeno arbusto da fam\u00edlia da hortel\u00e3, tolerante ao frio. Floresce de fevereiro a maio nas zonas planas e de abril a outubro nas zonas montanhosas de altitude m\u00e9dia. <\/p>\n\n\n\n<p class=\"wp-block-paragraph\"><\/p>\n\n\n<div class=\"wp-block-image\">\n<figure class=\"aligncenter size-full\"><img loading=\"lazy\" decoding=\"async\" width=\"1200\" height=\"800\" src=\"https:\/\/flowerslib.com\/wp-content\/uploads\/2023\/09\/2-219.jpg\" alt=\"Alfazema espanhola\" class=\"wp-image-12378\" srcset=\"https:\/\/flowerslib.com\/wp-content\/uploads\/2023\/09\/2-219.jpg 1200w, https:\/\/flowerslib.com\/wp-content\/uploads\/2023\/09\/2-219-600x400.jpg 600w, https:\/\/flowerslib.com\/wp-content\/uploads\/2023\/09\/2-219-768x512.jpg 768w, https:\/\/flowerslib.com\/wp-content\/uploads\/2023\/09\/2-219-240x160.jpg 240w\" sizes=\"auto, (max-width: 1200px) 100vw, 1200px\" \/><\/figure>\n<\/div>\n\n\n<p class=\"wp-block-paragraph\"><\/p>\n\n\n\n<p class=\"wp-block-paragraph\">As flores, com a sua forma \u00fanica e br\u00e1cteas persistentes depois de murchas, s\u00e3o muitas vezes transformadas em flores secas devido \u00e0 sua bela fragr\u00e2ncia e apar\u00eancia. A planta prefere o sol pleno, mesmo com o sol intenso do ver\u00e3o. <\/p>\n\n\n\n<p class=\"wp-block-paragraph\">Manter uma ligeira humidade durante o per\u00edodo de crescimento, regar apenas quando o material de planta\u00e7\u00e3o estiver ligeiramente seco. Tem toler\u00e2ncia moderada ao frio e prefere temperaturas entre 5 \u2103 - 10 \u2103.<\/p>\n\n\n\n<h2 class=\"wp-block-heading\">II. Crescimento e distribui\u00e7\u00e3o<\/h2>\n\n\n\n<p class=\"wp-block-paragraph\">Zonas do noroeste<\/p>\n\n\n\n<h2 class=\"wp-block-heading\">III. Carater\u00edsticas e particularidades<\/h2>\n\n\n\n<p class=\"wp-block-paragraph\">Carater\u00edsticas da alfazema espanhola (Lavendula stoechas):<\/p>\n\n\n\n<p class=\"wp-block-paragraph\"><\/p>\n\n\n<div class=\"wp-block-image\">\n<figure class=\"aligncenter size-full\"><img loading=\"lazy\" decoding=\"async\" width=\"1200\" height=\"800\" src=\"https:\/\/flowerslib.com\/wp-content\/uploads\/2023\/09\/3-142.jpg\" alt=\"Alfazema espanhola\" class=\"wp-image-12380\" srcset=\"https:\/\/flowerslib.com\/wp-content\/uploads\/2023\/09\/3-142.jpg 1200w, https:\/\/flowerslib.com\/wp-content\/uploads\/2023\/09\/3-142-600x400.jpg 600w, https:\/\/flowerslib.com\/wp-content\/uploads\/2023\/09\/3-142-768x512.jpg 768w, https:\/\/flowerslib.com\/wp-content\/uploads\/2023\/09\/3-142-240x160.jpg 240w\" sizes=\"auto, (max-width: 1200px) 100vw, 1200px\" \/><\/figure>\n<\/div>\n\n\n<p class=\"wp-block-paragraph\"><\/p>\n\n\n\n<ul class=\"wp-block-list\">\n<li>Um pequeno arbusto semi-tolerante ao frio da fam\u00edlia da hortel\u00e3, floresce de fevereiro a maio nas zonas planas e de abril a outubro nas zonas montanhosas de altitude m\u00e9dia. As flores, com a sua forma \u00fanica e br\u00e1cteas persistentes depois de murchas, s\u00e3o frequentemente transformadas em flores secas devido \u00e0 sua bela fragr\u00e2ncia e apar\u00eancia.<br><\/li>\n\n\n\n<li>A parte mais cativante da lavanda espanhola, que tem pequenas orelhas de coelho, \u00e9 o seu cacho de flores. O cacho rechonchudo \u00e9 constitu\u00eddo por br\u00e1cteas largas que se sobrep\u00f5em, preenchidas no meio com penugem. As min\u00fasculas flores preto-p\u00farpura que surgem das aberturas parecem bastante t\u00edmidas.<br><\/li>\n\n\n\n<li>A sua carater\u00edstica mais significativa s\u00e3o as orelhas de coelho no final do cacho de flores, resultado especializado das br\u00e1cteas destinadas a atrair insectos. Consoante a variedade, h\u00e1 varia\u00e7\u00f5es de cor azul, p\u00farpura, vermelho-p\u00eassego, rosa, branco e gradiente. O tamanho das br\u00e1cteas pode variar consoante o clima, o estado nutricional e a variedade. As br\u00e1cteas transformam-se em pequenas orelhas em forma de coelho, que s\u00e3o muito ador\u00e1veis!<br><\/li>\n\n\n\n<li>A planta prefere sol pleno, mesmo com sol intenso no ver\u00e3o. Manter uma ligeira humidade durante o per\u00edodo de crescimento, regar apenas quando o material de planta\u00e7\u00e3o estiver ligeiramente seco. Tem toler\u00e2ncia moderada ao frio e prefere temperaturas entre 5 \u2103 - 10 \u2103.<\/li>\n<\/ul>\n\n\n\n<h2 class=\"wp-block-heading\">IV. H\u00e1bitos de vida<\/h2>\n\n\n\n<p class=\"wp-block-paragraph\">Planta que gosta de luz<\/p>\n\n\n\n<p class=\"wp-block-paragraph\">Prefere a luz, evita temperaturas e humidade elevadas<\/p>\n\n\n\n<h2 class=\"wp-block-heading\">V. Valor e outros<\/h2>\n\n\n\n<h3 class=\"wp-block-heading\">Valor principal<\/h3>\n\n\n\n<p class=\"wp-block-paragraph\">Utiliza\u00e7\u00e3o paisag\u00edstica: Fragr\u00e2ncia, canteiro de flores<\/p>\n\n\n\n<p class=\"wp-block-paragraph\">Utiliza\u00e7\u00e3o comercial: Produ\u00e7\u00e3o de \u00f3leos essenciais, fragr\u00e2ncias para banho<\/p>","protected":false},"excerpt":{"rendered":"<p>Spanish Lavender, a semi-cold-tolerant small shrub from the mint family, originally grows at elevations of 1800 meters in southern Spain. It thrives in full sun and is unaffected by the intense summer sunlight. This lavender variety has purple-red corolla and purple-brown calyx. It blooms from February to May in flat areas and from April to [&hellip;]<\/p>\n","protected":false},"author":1,"featured_media":12377,"comment_status":"open","ping_status":"open","sticky":false,"template":"","format":"standard","meta":{"_breakdance_hide_in_design_set":false,"_breakdance_tags":"","footnotes":""},"categories":[20],"tags":[],"class_list":["post-10088","post","type-post","status-publish","format-standard","has-post-thumbnail","hentry","category-species-and-types"],"_links":{"self":[{"href":"https:\/\/flowerslib.com\/pt\/wp-json\/wp\/v2\/posts\/10088","targetHints":{"allow":["GET"]}}],"collection":[{"href":"https:\/\/flowerslib.com\/pt\/wp-json\/wp\/v2\/posts"}],"about":[{"href":"https:\/\/flowerslib.com\/pt\/wp-json\/wp\/v2\/types\/post"}],"author":[{"embeddable":true,"href":"https:\/\/flowerslib.com\/pt\/wp-json\/wp\/v2\/users\/1"}],"replies":[{"embeddable":true,"href":"https:\/\/flowerslib.com\/pt\/wp-json\/wp\/v2\/comments?post=10088"}],"version-history":[{"count":0,"href":"https:\/\/flowerslib.com\/pt\/wp-json\/wp\/v2\/posts\/10088\/revisions"}],"wp:featuredmedia":[{"embeddable":true,"href":"https:\/\/flowerslib.com\/pt\/wp-json\/wp\/v2\/media\/12377"}],"wp:attachment":[{"href":"https:\/\/flowerslib.com\/pt\/wp-json\/wp\/v2\/media?parent=10088"}],"wp:term":[{"taxonomy":"category","embeddable":true,"href":"https:\/\/flowerslib.com\/pt\/wp-json\/wp\/v2\/categories?post=10088"},{"taxonomy":"post_tag","embeddable":true,"href":"https:\/\/flowerslib.com\/pt\/wp-json\/wp\/v2\/tags?post=10088"}],"curies":[{"name":"wp","href":"https:\/\/api.w.org\/{rel}","templated":true}]}}