{"id":10067,"date":"2023-09-18T17:39:02","date_gmt":"2023-09-18T09:39:02","guid":{"rendered":"https:\/\/flowerslib.com\/?p=10067"},"modified":"2023-09-18T17:39:05","modified_gmt":"2023-09-18T09:39:05","slug":"nelumbo-nucifera-princesa-branca-da-neve","status":"publish","type":"post","link":"https:\/\/flowerslib.com\/pt\/nelumbo-nucifera-snow-white-princess\/","title":{"rendered":"Nelumbo nucifera 'Snow White Princess': Um l\u00f3tus em miniatura para a sua casa"},"content":{"rendered":"<p class=\"wp-block-paragraph\">A p\u00e9rola oriental \u00e9 um tipo de flor de l\u00f3tus em miniatura que \u00e9 cultivada em vasos ou ta\u00e7as. \u00c9 uma variedade cultivada do l\u00f3tus de ta\u00e7a, que se caracteriza pela sua estatura m\u00e9dia a pequena. As folhas s\u00e3o redondas e em forma de escudo, com pec\u00edolos robustos cobertos de espinhos curtos. <\/p>\n\n\n\n<p class=\"wp-block-paragraph\">A flor apresenta p\u00e9talas duplas, a maior parte das quais em forma de p\u00eassego, e as p\u00e9talas propriamente ditas s\u00e3o vermelhas ou cor-de-rosa e de forma el\u00edptica. <\/p>\n\n\n\n<p class=\"wp-block-paragraph\">Florescendo de junho a setembro, cada flor mede 10-15 cm de di\u00e2metro e \u00e9 adequada para cultivo em vaso, tornando-se um complemento perfeito para casas ou escrit\u00f3rios.<\/p>\n\n\n\n<h2 class=\"wp-block-heading\">I. Morfologia e carater\u00edsticas<\/h2>\n\n\n\n<p class=\"wp-block-paragraph\"><\/p>\n\n\n<div class=\"wp-block-image\">\n<figure class=\"aligncenter size-full\"><img loading=\"lazy\" decoding=\"async\" width=\"1200\" height=\"800\" src=\"https:\/\/flowerslib.com\/wp-content\/uploads\/2023\/09\/1-237.jpg\" alt=\"Nelumbo nucifera &quot;Princesa Branca de Neve\" class=\"wp-image-12411\" srcset=\"https:\/\/flowerslib.com\/wp-content\/uploads\/2023\/09\/1-237.jpg 1200w, https:\/\/flowerslib.com\/wp-content\/uploads\/2023\/09\/1-237-600x400.jpg 600w, https:\/\/flowerslib.com\/wp-content\/uploads\/2023\/09\/1-237-768x512.jpg 768w, https:\/\/flowerslib.com\/wp-content\/uploads\/2023\/09\/1-237-240x160.jpg 240w\" sizes=\"auto, (max-width: 1200px) 100vw, 1200px\" \/><\/figure>\n<\/div>\n\n\n<p class=\"wp-block-paragraph\"><\/p>\n\n\n\n<p class=\"wp-block-paragraph\">Esta erva aqu\u00e1tica perene tem rizomas de crescimento horizontal que s\u00e3o espessos e inchados entre os n\u00f3s. No seu interior, encontram-se v\u00e1rios canais de ar verticais e as folhas de escamas negras crescem no topo, enquanto as ra\u00edzes advent\u00edcias fibrosas crescem por baixo. <\/p>\n\n\n\n<p class=\"wp-block-paragraph\">As folhas s\u00e3o redondas e em forma de escudo, com di\u00e2metros que variam entre 25 e 90 cm, e um bordo ligeiramente ondulado. A superf\u00edcie superior brilhante \u00e9 revestida por um p\u00f3 branco, enquanto as nervuras da superf\u00edcie inferior irradiam do centro, ramificando-se uma ou duas vezes. <\/p>\n\n\n\n<p class=\"wp-block-paragraph\">O pec\u00edolo robusto e cil\u00edndrico tem 1-2 m de comprimento e \u00e9 oco, com pequenos espinhos dispersos na superf\u00edcie. O ped\u00fanculo floral \u00e9 t\u00e3o longo ou ligeiramente mais longo do que o pec\u00edolo e tamb\u00e9m tem pequenos espinhos. <\/p>\n\n\n\n<p class=\"wp-block-paragraph\">A flor \u00e9 bonita e perfumada, com um di\u00e2metro de 10-20 cm. As p\u00e9talas s\u00e3o vermelhas, cor-de-rosa ou brancas, de forma retangular a ovada, e tornam-se gradualmente mais pequenas de fora para dentro. Por vezes, transformam-se em estames com extremidades arredondadas ou ligeiramente pontiagudas. <\/p>\n\n\n\n<p class=\"wp-block-paragraph\"><\/p>\n\n\n<div class=\"wp-block-image\">\n<figure class=\"aligncenter size-full\"><img loading=\"lazy\" decoding=\"async\" width=\"1200\" height=\"800\" src=\"https:\/\/flowerslib.com\/wp-content\/uploads\/2023\/09\/2-226.jpg\" alt=\"Nelumbo nucifera &quot;Princesa Branca de Neve\" class=\"wp-image-12412\" srcset=\"https:\/\/flowerslib.com\/wp-content\/uploads\/2023\/09\/2-226.jpg 1200w, https:\/\/flowerslib.com\/wp-content\/uploads\/2023\/09\/2-226-600x400.jpg 600w, https:\/\/flowerslib.com\/wp-content\/uploads\/2023\/09\/2-226-768x512.jpg 768w, https:\/\/flowerslib.com\/wp-content\/uploads\/2023\/09\/2-226-240x160.jpg 240w\" sizes=\"auto, (max-width: 1200px) 100vw, 1200px\" \/><\/figure>\n<\/div>\n\n\n<p class=\"wp-block-paragraph\"><\/p>\n\n\n\n<p class=\"wp-block-paragraph\">As anteras s\u00e3o em forma de faixa, os filamentos s\u00e3o delgados e crescem abaixo do toro. O estilete muito curto tem um estigma terminal. O toro (vagem de l\u00f3tus) tem um di\u00e2metro de 5-10 cm. <\/p>\n\n\n\n<p class=\"wp-block-paragraph\">A noz \u00e9 el\u00edptica ou ovada, com 1,8-2,5 cm de comprimento, com uma casca dura e cori\u00e1cea que se torna castanha escura quando madura. A semente (semente de l\u00f3tus) \u00e9 ovada ou el\u00edptica, com 1,2-1,7 cm de comprimento, com um revestimento vermelho ou branco. <\/p>\n\n\n\n<p class=\"wp-block-paragraph\">O per\u00edodo de flora\u00e7\u00e3o vai de junho a agosto e o per\u00edodo de frutifica\u00e7\u00e3o vai de agosto a outubro.<\/p>\n\n\n\n<p class=\"wp-block-paragraph\">O l\u00f3tus de ta\u00e7a \u00e9 uma esp\u00e9cie de flor de l\u00f3tus em miniatura, uma planta aqu\u00e1tica rizomatosa perene. O caule subterr\u00e2neo \u00e9 espesso com n\u00f3s, conhecido como raiz de l\u00f3tus, que cresce horizontalmente na lama. Entre os n\u00f3s, crescem as ra\u00edzes e brotam as folhas. <\/p>\n\n\n\n<p class=\"wp-block-paragraph\">As folhas s\u00e3o inteiras, em forma de escudo, verde-escuras, \u00e1speras e cobertas de espinhos curtos e rombos. Entre os espinhos encontra-se um p\u00f3 branco ceroso. Os espinhos r\u00edgidos e densos crescem inversamente no pec\u00edolo. <\/p>\n\n\n\n<p class=\"wp-block-paragraph\">As folhas podem ser divididas em \"folhas moeda\" (as primeiras folhas produzidas pelo bot\u00e3o terminal), \"folhas flutuantes\" (as primeiras folhas que crescem maiores do que as folhas moeda a partir da raiz do l\u00f3tus e flutuam na superf\u00edcie da \u00e1gua) e \"folhas de p\u00e9\" (as folhas posteriores que brotam da raiz do l\u00f3tus e ficam acima da superf\u00edcie da \u00e1gua). <\/p>\n\n\n\n<p class=\"wp-block-paragraph\">A flor \u00e9 \u00fanica, no topo do ped\u00fanculo, em forma de p\u00eassego ou cil\u00edndrica, geralmente florescendo mas n\u00e3o frutificando. A propaga\u00e7\u00e3o faz-se atrav\u00e9s do caule subterr\u00e2neo (raiz de l\u00f3tus). O per\u00edodo de flora\u00e7\u00e3o vai de junho a setembro.<\/p>\n\n\n\n<p class=\"wp-block-paragraph\">Esta variedade tem bot\u00f5es em forma de p\u00eassego em vermelho rosa. A flor \u00e9 cor-de-rosa, com um di\u00e2metro de 10-15 cm. \u00c9 do tipo p\u00e9tala dupla, com p\u00e9talas densamente compactadas. A maior parte dos estames e dos pistilos s\u00e3o transformados em p\u00e9talas, e n\u00e3o d\u00e1 frutos.<\/p>\n\n\n\n<h2 class=\"wp-block-heading\">II. H\u00e1bitos de vida<\/h2>\n\n\n\n<p class=\"wp-block-paragraph\">As flores de l\u00f3tus prosperam com luz solar abundante, n\u00e3o conseguindo formar bot\u00f5es de flores se forem expostas a menos de 4 horas de luz di\u00e1ria. Precisam de ser colocados numa varanda virada para o sol ou no parapeito de uma janela durante o seu per\u00edodo de crescimento, recebendo luz solar durante todo o dia. <\/p>\n\n\n\n<p class=\"wp-block-paragraph\">Quando as folhas flutuantes cobrem a superf\u00edcie do vaso, devem ser prensadas rapidamente na terra para evitar o ensombramento e manter a circula\u00e7\u00e3o do ar. <\/p>\n\n\n\n<p class=\"wp-block-paragraph\">O l\u00f3tus de ta\u00e7a \u00e9 delicado, necessitando de uma sombra adequada por volta do meio-dia no ver\u00e3o e no in\u00edcio do outono para evitar a incid\u00eancia direta de luz solar forte, que poderia provocar a queima das folhas e das p\u00e9talas.<\/p>\n\n\n\n<p class=\"wp-block-paragraph\">O l\u00f3tus da tigela floresce no calor do ver\u00e3o. Ele brota a 8 \u2103 -10 \u2103, com o chicote de l\u00f3tus come\u00e7ando a se alongar a 14 \u2103, a temperatura de crescimento e desenvolvimento \u00e9 de 23 \u2103 -30 \u2103, floresce acima de 28 \u2103, o crescimento diminui acima de 35 \u2103 e para de crescer, mesmo morrendo, a 40 \u2103. <\/p>\n\n\n\n<p class=\"wp-block-paragraph\">N\u00e3o gosta de exposi\u00e7\u00e3o \u00e0 luz solar forte repentina ou ventos fortes ap\u00f3s a chuva. Ele cresce novas ra\u00edzes de l\u00f3tus a 25 \u2103. O l\u00f3tus da tigela prefere luz forte, o que beneficia seu desenvolvimento. Tamb\u00e9m gosta de \u00e1gua, mas teme inunda\u00e7\u00f5es. <\/p>\n\n\n\n<p class=\"wp-block-paragraph\">Uma \u00e1gua muito profunda pode provocar o apodrecimento das folhas. A \u00e1gua deve ser pouco profunda no in\u00edcio, aprofundando-se gradualmente. Adora fertilizantes mas \u00e9 sens\u00edvel a eles, sendo que o excesso de fertilizantes pode provocar o apodrecimento dos caules. O fertilizante de base deve ser suficiente, e o fertilizante adicional deve ser m\u00ednimo. <\/p>\n\n\n\n<p class=\"wp-block-paragraph\">As suas necessidades em termos de solo n\u00e3o s\u00e3o rigorosas; prefere um solo f\u00e9rtil, ligeiramente \u00e1cido e argiloso, mas tamb\u00e9m \u00e9 adequado um solo f\u00e9rtil de lama de rio ou de horta. Demora cerca de 60 dias desde a planta\u00e7\u00e3o at\u00e9 \u00e0 flora\u00e7\u00e3o.<\/p>\n\n\n\n<h2 class=\"wp-block-heading\">III. M\u00e9todo de cultivo<\/h2>\n\n\n\n<h3 class=\"wp-block-heading\">Tratamento de sementes<\/h3>\n\n\n\n<p class=\"wp-block-paragraph\">O primeiro passo \u00e9 partir as sementes. A casca do fruto da semente de l\u00f3tus tem uma estrutura especial forte e espessa. Depois de a semente estar completamente madura e seca, n\u00e3o \u00e9 f\u00e1cil a penetra\u00e7\u00e3o da \u00e1gua e do ar, a a\u00e7\u00e3o respirat\u00f3ria \u00e9 muito lenta e encontra-se num estado de dorm\u00eancia for\u00e7ada. <\/p>\n\n\n\n<p class=\"wp-block-paragraph\">Assim, as sementes de l\u00f3tus podem ser enterradas no solo durante centenas ou mesmo milhares de anos sem germinarem ou apodrecerem. Esta \u00e9 a raz\u00e3o da longevidade das sementes de l\u00f3tus. <\/p>\n\n\n\n<p class=\"wp-block-paragraph\">Para permitir que as sementes de l\u00f3tus absorvam \u00e1gua e oxig\u00e9nio ap\u00f3s a sementeira, quebrem o estado de dorm\u00eancia for\u00e7ada e entrem no crescimento da germina\u00e7\u00e3o, \u00e9 necess\u00e1rio partir a casca antes de a semente germinar.<\/p>\n\n\n\n<p class=\"wp-block-paragraph\">O l\u00f3tus \u00e9 um \u00f3vulo invertido, e o bot\u00e3o embrion\u00e1rio nasce na parte superior da semente. Quando se parte a casca, deve partir-se a base da semente, ou seja, a extremidade onde a semente est\u00e1 ligada ao recet\u00e1culo da flor, que \u00e9 a extremidade recortada da semente de l\u00f3tus. <\/p>\n\n\n\n<p class=\"wp-block-paragraph\">Podes utilizar uma tesoura ou um alicate para o partir. Antes de semear, geralmente basta desgastar o pericarpo (ou seja, a casca dura da semente de l\u00f3tus) at\u00e9 ver a pele castanha da semente. Quando se parte a casca, basta fazer uma fenda de 2-3 mm na base, n\u00e3o apertar demasiado fundo para n\u00e3o ferir o embri\u00e3o.<\/p>\n\n\n\n<p class=\"wp-block-paragraph\"> Depois de deixar as sementes de molho durante um dia, quando os embri\u00f5es absorverem \u00e1gua e se inflarem, e o pericarpo amolecer ao absorver \u00e1gua, pode retirar-se \u00e0 m\u00e3o 1\/3 do pericarpo ao longo do local rachado, expondo o embri\u00e3o para facilitar o alongamento do bot\u00e3o embrion\u00e1rio. <\/p>\n\n\n\n<p class=\"wp-block-paragraph\">\u00c9 de notar que a casca n\u00e3o pode ser demasiado grande ou demasiado grande. Se se retirar toda a casca dura da semente de l\u00f3tus, o bot\u00e3o embrion\u00e1rio perder\u00e1 a sua prote\u00e7\u00e3o e \u00e9 muito f\u00e1cil apodrecer e morrer.<\/p>\n\n\n\n<p class=\"wp-block-paragraph\">A segunda etapa consiste em submergir as sementes para favorecer a germina\u00e7\u00e3o. Mergulhar as sementes partidas em \u00e1gua morna a cerca de 50 graus. A \u00e1gua para a imers\u00e3o deve estar limpa, sem gordura e sujidade, e n\u00e3o utilizar \u00e1gua acima dos 50 graus, caso contr\u00e1rio afectar\u00e1 a germina\u00e7\u00e3o. <\/p>\n\n\n\n<p class=\"wp-block-paragraph\">A temperatura da \u00e1gua desce naturalmente e, por fim, mant\u00e9m-se em torno dos 30 graus, n\u00e3o ultrapassando os 40 graus nem baixando os 20 graus. <\/p>\n\n\n\n<p class=\"wp-block-paragraph\">Se a temperatura da \u00e1gua for superior a 40 graus, embora as sementes germinem rapidamente no primeiro dia, o crescimento subsequente \u00e9 inibido. Quando a temperatura da \u00e1gua \u00e9 inferior a 20 graus, a germina\u00e7\u00e3o e o crescimento das sementes s\u00e3o demasiado lentos. <\/p>\n\n\n\n<p class=\"wp-block-paragraph\">Quando uma pequena quantidade de sementes \u00e9 embebida em casa, elas podem ser mantidas num termo para manter a temperatura. Sob a condi\u00e7\u00e3o de 30 graus, geralmente embebendo as sementes por tr\u00eas dias pode germinar, e o broto embrion\u00e1rio se estende do lugar rachado. <\/p>\n\n\n\n<p class=\"wp-block-paragraph\">Durante este per\u00edodo, a \u00e1gua deve ser mudada 1-3 vezes por dia e as sementes que n\u00e3o conseguem germinar devem ser retiradas a tempo. Em circunst\u00e2ncias normais, as sementes que n\u00e3o germinarem durante 7 dias n\u00e3o germinar\u00e3o. <\/p>\n\n\n\n<p class=\"wp-block-paragraph\">As sementes sem capacidade germinativa flutuam frequentemente na superf\u00edcie da \u00e1gua, o bot\u00e3o embrion\u00e1rio fica amarelo, os cotil\u00e9dones apodrecem e cheiram mal. (Tamb\u00e9m se pode utilizar diretamente a \u00e1gua da torneira para a imers\u00e3o, n\u00e3o h\u00e1 necessidade de \u00e1gua quente ou aquecimento, e as sementes podem germinar em cerca de dois dias).<\/p>\n\n\n\n<h3 class=\"wp-block-heading\">Sele\u00e7\u00e3o de contentores<\/h3>\n\n\n\n<p class=\"wp-block-paragraph\">O l\u00f3tus em ta\u00e7a \u00e9 frequentemente cultivado em ta\u00e7as ou bacias refinadas com \u00e1gua, como pequenos vasos coloridos, que t\u00eam um aspeto muito bonito. <\/p>\n\n\n\n<p class=\"wp-block-paragraph\">Mesmo que se utilize um recipiente, este deve ter cerca de 25 cm de di\u00e2metro e mais de 20 cm de profundidade, uma vez que o crescimento do l\u00f3tus em ta\u00e7a pode ser limitado se o recipiente for demasiado pequeno, dificultando a flora\u00e7\u00e3o.<\/p>\n\n\n\n<h3 class=\"wp-block-heading\">Solos e fertilizantes<\/h3>\n\n\n\n<p class=\"wp-block-paragraph\">Ap\u00f3s a germina\u00e7\u00e3o das sementes, estas devem ser cultivadas em \u00e1gua durante 5-7 dias a cerca de 25\u00b0C. Durante o cultivo em \u00e1gua, as pl\u00e2ntulas de l\u00f3tus t\u00eam uma fraca absor\u00e7\u00e3o das suas ra\u00edzes e dependem principalmente dos nutrientes fornecidos pelo embri\u00e3o da semente, pelo que geralmente n\u00e3o necessitam de fertiliza\u00e7\u00e3o. <\/p>\n\n\n\n<p class=\"wp-block-paragraph\">Durante o cultivo em \u00e1gua, a profundidade da \u00e1gua deve ser mantida em cerca de 10 cm e deve haver luz solar suficiente; a \u00e1gua n\u00e3o deve ser mudada ou agitada frequentemente para evitar o alongamento excessivo das folhas devido a mudan\u00e7as frequentes na dire\u00e7\u00e3o do seu crescimento; o talo da folha deve ser mantido na \u00e1gua com a folha a espalhar-se livremente na superf\u00edcie da \u00e1gua. <\/p>\n\n\n\n<p class=\"wp-block-paragraph\">Quando a primeira folha se tiver desdobrado e a segunda estiver prestes a desdobrar-se, e as ra\u00edzes brancas tiverem crescido, podem ser plantadas com firmeza. <\/p>\n\n\n\n<p class=\"wp-block-paragraph\">Deve-se aplicar cerca de 1% de fertilizante de base no solo do recipiente do l\u00f3tus em ta\u00e7a e, em seguida, adicionar lama do lago para encher at\u00e9 2\/3 do vaso. Como o solo do l\u00f3tus em ta\u00e7a \u00e9 escasso e os nutrientes s\u00e3o insuficientes, a fertiliza\u00e7\u00e3o deve ser frequente mas ligeira. <\/p>\n\n\n\n<p class=\"wp-block-paragraph\">Ap\u00f3s um ano de cultivo, a fertilidade diminui e os rizomas subterr\u00e2neos tornam-se densos, pelo que \u00e9 aconselh\u00e1vel mudar o vaso e o solo antes de brotar cada in\u00edcio de primavera.<\/p>\n\n\n\n<h3 class=\"wp-block-heading\">Gest\u00e3o da planta\u00e7\u00e3o<\/h3>\n\n\n\n<p class=\"wp-block-paragraph\">Quando o rebento tiver atingido cerca de 10 cm, pode ser transplantado. De acordo com as necessidades do cultivo de l\u00f3tus em ta\u00e7a, depois de escolher a terra e ench\u00ea-la no vaso de flores, adicionar \u00e1gua limpa e misturar a terra com o fertilizante uniformemente. <\/p>\n\n\n\n<p class=\"wp-block-paragraph\">Depois de a \u00e1gua lamacenta clarificar, as pl\u00e2ntulas cultivadas em \u00e1gua podem ser plantadas firmemente no centro do vaso de flores, com a semente totalmente enterrada na lama, permitindo que as folhas se espalhem livremente na superf\u00edcie da \u00e1gua. <\/p>\n\n\n\n<p class=\"wp-block-paragraph\">Durante o transplante, deve ter-se o cuidado de n\u00e3o quebrar o talo da folha, pois isso pode afetar o crescimento. Ap\u00f3s a planta\u00e7\u00e3o, manter uma camada de \u00e1gua de 3-5 cm, mas nunca submergir as folhas na \u00e1gua. O l\u00f3tus em ta\u00e7a adora luz, pelo que o vaso de flores deve ser colocado num local ensolarado. <\/p>\n\n\n\n<p class=\"wp-block-paragraph\">As pl\u00e2ntulas s\u00e3o delicadas e podem ficar queimadas ao sol, mas geralmente brotam e sobrevivem. N\u00e3o regar demasiado, o que pode aumentar a temperatura da \u00e1gua e favorecer o crescimento. Depois de crescerem 7-13 folhas flutuantes, podem aparecer folhas erectas. <\/p>\n\n\n\n<p class=\"wp-block-paragraph\">Ligar a semente de l\u00f3tus da cabe\u00e7a \u00e0 cauda e plant\u00e1-la no vaso com o bot\u00e3o virado para o centro do recipiente. <\/p>\n\n\n\n<p class=\"wp-block-paragraph\">Ap\u00f3s a planta\u00e7\u00e3o, adicionar \u00e1gua a 2-3 cm, deixar secar ao sol e, em seguida, adicionar \u00e1gua novamente, repetindo este procedimento duas ou tr\u00eas vezes, o que ajuda a l\u00f3tus de semente e o solo a ligarem-se firmemente e evita que flutuem. No ver\u00e3o, a \u00e1gua deve ser adicionada ao l\u00f3tus em ta\u00e7a todos os dias.<\/p>\n\n\n\n<h3 class=\"wp-block-heading\">Controlo de pragas e doen\u00e7as<\/h3>\n\n\n\n<p class=\"wp-block-paragraph\">O l\u00f3tus em ta\u00e7a \u00e9 geralmente suscet\u00edvel aos af\u00eddeos, que podem ser pulverizados com uma dilui\u00e7\u00e3o de 3000 vezes de cris\u00e2ntemo joy e graxa.<\/p>\n\n\n\n<h2 class=\"wp-block-heading\">IV. M\u00e9todos de propaga\u00e7\u00e3o<\/h2>\n\n\n\n<h3 class=\"wp-block-heading\">Divis\u00e3o<\/h3>\n\n\n\n<p class=\"wp-block-paragraph\">Antes e depois do dia da varredura dos t\u00famulos, selecionar rizomas robustos, cortar cada 2-3 n\u00f3s numa sec\u00e7\u00e3o, cada sec\u00e7\u00e3o deve ter um bot\u00e3o superior e um n\u00f3 posterior, e plant\u00e1-los separadamente em vasos. <\/p>\n\n\n\n<p class=\"wp-block-paragraph\">Nesta altura, deve ser dada especial aten\u00e7\u00e3o \u00e0 preven\u00e7\u00e3o de tempestades. Se as folhas forem sopradas e partidas, o l\u00f3tus n\u00e3o se desenvolver\u00e1 bem, afectando a flora\u00e7\u00e3o no segundo ano.<\/p>\n\n\n\n<h3 class=\"wp-block-heading\">Semeadura<\/h3>\n\n\n\n<p class=\"wp-block-paragraph\">Antes da sementeira, utilizar uma lima para quebrar o revestimento da semente, depois mergulh\u00e1-la em \u00e1gua limpa, mudar a \u00e1gua uma vez por dia e plant\u00e1-la ap\u00f3s o crescimento de 2-3 folhas. Manter uma profundidade de \u00e1gua de cerca de 2 cm na fase inicial da planta\u00e7\u00e3o, e mant\u00ea-la a 10 cm ap\u00f3s o crescimento das folhas erectas.<\/p>\n\n\n\n<h2 class=\"wp-block-heading\">V. Valor e outros<\/h2>\n\n\n\n<p class=\"wp-block-paragraph\">O per\u00edodo de flora\u00e7\u00e3o do l\u00f3tus-da-\u00edndia \u00e9 a meio do ver\u00e3o, que \u00e9 a \u00e9poca baixa das flores, e preenche muito bem a lacuna das flores. Colocar um vaso de l\u00f3tus na prateleira da estante confere-lhe um encanto \u00fanico e \u00e9 uma flor ornamental muito em voga.<\/p>","protected":false},"excerpt":{"rendered":"<p>The Oriental Pearl is a type of miniature lotus flower that is grown in pots or bowls. It is a cultivated variety of the bowl lotus, which is characterized by its medium to small stature. The leaves are round and shield-shaped, with sturdy petioles covered in short spines. The flower features double petals, most of [&hellip;]<\/p>\n","protected":false},"author":1,"featured_media":12410,"comment_status":"open","ping_status":"open","sticky":false,"template":"","format":"standard","meta":{"_breakdance_hide_in_design_set":false,"_breakdance_tags":"","footnotes":""},"categories":[20],"tags":[],"class_list":["post-10067","post","type-post","status-publish","format-standard","has-post-thumbnail","hentry","category-species-and-types"],"_links":{"self":[{"href":"https:\/\/flowerslib.com\/pt\/wp-json\/wp\/v2\/posts\/10067","targetHints":{"allow":["GET"]}}],"collection":[{"href":"https:\/\/flowerslib.com\/pt\/wp-json\/wp\/v2\/posts"}],"about":[{"href":"https:\/\/flowerslib.com\/pt\/wp-json\/wp\/v2\/types\/post"}],"author":[{"embeddable":true,"href":"https:\/\/flowerslib.com\/pt\/wp-json\/wp\/v2\/users\/1"}],"replies":[{"embeddable":true,"href":"https:\/\/flowerslib.com\/pt\/wp-json\/wp\/v2\/comments?post=10067"}],"version-history":[{"count":0,"href":"https:\/\/flowerslib.com\/pt\/wp-json\/wp\/v2\/posts\/10067\/revisions"}],"wp:featuredmedia":[{"embeddable":true,"href":"https:\/\/flowerslib.com\/pt\/wp-json\/wp\/v2\/media\/12410"}],"wp:attachment":[{"href":"https:\/\/flowerslib.com\/pt\/wp-json\/wp\/v2\/media?parent=10067"}],"wp:term":[{"taxonomy":"category","embeddable":true,"href":"https:\/\/flowerslib.com\/pt\/wp-json\/wp\/v2\/categories?post=10067"},{"taxonomy":"post_tag","embeddable":true,"href":"https:\/\/flowerslib.com\/pt\/wp-json\/wp\/v2\/tags?post=10067"}],"curies":[{"name":"wp","href":"https:\/\/api.w.org\/{rel}","templated":true}]}}