{"id":10001,"date":"2023-09-20T16:32:47","date_gmt":"2023-09-20T08:32:47","guid":{"rendered":"https:\/\/flowerslib.com\/?p=10001"},"modified":"2023-09-20T16:32:49","modified_gmt":"2023-09-20T08:32:49","slug":"chaenomeles-speciosa","status":"publish","type":"post","link":"https:\/\/flowerslib.com\/pt\/chaenomeles-speciosa\/","title":{"rendered":"Chaenomeles Speciosa: Revelando a beleza da flor da papaia"},"content":{"rendered":"<p class=\"wp-block-paragraph\">A papaia enrugada, tamb\u00e9m conhecida como papaia, mao, Chaenomeles speciosa, espinheiro-alvar, pera p\u00e9-de-ferro, papaia sopa e papaia Xuan, \u00e9 um arbusto de folha caduca da fam\u00edlia Rosaceae e do g\u00e9nero papaia. <\/p>\n\n\n\n<p class=\"wp-block-paragraph\">Pode crescer at\u00e9 2 metros com ramos erectos e espalhados que t\u00eam espinhos. Os ramos s\u00e3o cil\u00edndricos, ligeiramente curvados, sem p\u00ealos, e s\u00e3o castanho-p\u00farpura ou castanho-preto com lenticelas castanhas claras pouco desenvolvidas. <\/p>\n\n\n\n<p class=\"wp-block-paragraph\">As p\u00e9talas s\u00e3o obovadas ou quase redondas, estendendo-se na base numa garra curta, e t\u00eam 10-15 mm de comprimento e 8-13 mm de largura. S\u00e3o de cor escarlate, ocasionalmente vermelho p\u00e1lido ou branco. Os estames s\u00e3o em n\u00famero de 45-50 e t\u00eam cerca de metade do comprimento das p\u00e9talas. <\/p>\n\n\n\n<p class=\"wp-block-paragraph\">Os cinco estilos florais est\u00e3o unidos na base e s\u00e3o desprovidos de p\u00ealos ou ligeiramente peludos. O per\u00edodo de flora\u00e7\u00e3o decorre entre mar\u00e7o e maio e o per\u00edodo de frutifica\u00e7\u00e3o entre setembro e outubro. <\/p>\n\n\n\n<p class=\"wp-block-paragraph\"><\/p>\n\n\n<div class=\"wp-block-image\">\n<figure class=\"aligncenter size-full\"><img loading=\"lazy\" decoding=\"async\" width=\"1200\" height=\"800\" src=\"https:\/\/flowerslib.com\/wp-content\/uploads\/2023\/09\/1-248.jpg\" alt=\"Chaenomeles speciosa\" class=\"wp-image-12541\" srcset=\"https:\/\/flowerslib.com\/wp-content\/uploads\/2023\/09\/1-248.jpg 1200w, https:\/\/flowerslib.com\/wp-content\/uploads\/2023\/09\/1-248-600x400.jpg 600w, https:\/\/flowerslib.com\/wp-content\/uploads\/2023\/09\/1-248-768x512.jpg 768w, https:\/\/flowerslib.com\/wp-content\/uploads\/2023\/09\/1-248-240x160.jpg 240w\" sizes=\"auto, (max-width: 1200px) 100vw, 1200px\" \/><\/figure>\n<\/div>\n\n\n<p class=\"wp-block-paragraph\"><\/p>\n\n\n\n<p class=\"wp-block-paragraph\">A papaia enrugada pode ser utilizada como \u00e1rvore ornamental \u00fanica ou em grupos de tr\u00eas a cinco para embelezar jardins em miniatura ou espa\u00e7os verdes. Pode tamb\u00e9m ser cultivada como um arbusto \u00fanico ou com v\u00e1rios caules para a decora\u00e7\u00e3o de bosques ou p\u00e1tios. <\/p>\n\n\n\n<p class=\"wp-block-paragraph\">Na primavera, floresce; no ver\u00e3o e no outono, os seus frutos podem ser admirados. A planta \u00e9 subtil mas vistosa, colorida e agrad\u00e1vel ao olhar. <\/p>\n\n\n\n<p class=\"wp-block-paragraph\">A sua carater\u00edstica mais proeminente \u00e9 o seu conte\u00fado rico em \u00e1cido tart\u00e1rico e outros \u00e1cidos org\u00e2nicos, o que significa que os seus produtos transformados n\u00e3o necessitam de adicionar conservantes, \u00e1cido c\u00edtrico, ess\u00eancia ou corantes. \u00c9 um alimento verde natural com sabor \u00fanico.<\/p>\n\n\n\n<h2 class=\"wp-block-heading\">I. Carater\u00edsticas morfol\u00f3gicas<\/h2>\n\n\n\n<p class=\"wp-block-paragraph\"><\/p>\n\n\n<div class=\"wp-block-image\">\n<figure class=\"aligncenter size-full\"><img loading=\"lazy\" decoding=\"async\" width=\"1200\" height=\"800\" src=\"https:\/\/flowerslib.com\/wp-content\/uploads\/2023\/09\/3-157.jpg\" alt=\"Chaenomeles speciosa\" class=\"wp-image-12542\" srcset=\"https:\/\/flowerslib.com\/wp-content\/uploads\/2023\/09\/3-157.jpg 1200w, https:\/\/flowerslib.com\/wp-content\/uploads\/2023\/09\/3-157-600x400.jpg 600w, https:\/\/flowerslib.com\/wp-content\/uploads\/2023\/09\/3-157-768x512.jpg 768w, https:\/\/flowerslib.com\/wp-content\/uploads\/2023\/09\/3-157-240x160.jpg 240w\" sizes=\"auto, (max-width: 1200px) 100vw, 1200px\" \/><\/figure>\n<\/div>\n\n\n<p class=\"wp-block-paragraph\"><\/p>\n\n\n\n<p class=\"wp-block-paragraph\">Este arbusto de folha caduca pode atingir 2 metros de altura. Os seus ramos s\u00e3o erectos e estendidos, com espinhos. O galho \u00e9 cil\u00edndrico, ligeiramente curvado, sem p\u00ealos, de cor castanho-p\u00farpura ou castanho-escuro, com lenticelas castanhas claras pouco desenvolvidas. <\/p>\n\n\n\n<p class=\"wp-block-paragraph\">Os bot\u00f5es de inverno s\u00e3o triangulares-ovais com uma ponta afiada, quase sem p\u00ealos ou com p\u00ealos curtos e macios no bordo das escamas, e s\u00e3o castanho-p\u00farpura. As folhas s\u00e3o ovadas a el\u00edpticas, ocasionalmente alongadas-el\u00edpticas, com 3-9 cm de comprimento e 1,5-5 cm de largura. <\/p>\n\n\n\n<p class=\"wp-block-paragraph\">A ponta \u00e9 afiada, raramente romba, e a base \u00e9 em forma de cunha a cunha larga. As margens t\u00eam serrilhas afiadas, dentes espalhados, sem p\u00ealos ou com p\u00ealos macios ao longo das nervuras na parte inferior dos rebentos. <\/p>\n\n\n\n<p class=\"wp-block-paragraph\">O caule da folha tem cerca de 1 cm de comprimento. As est\u00edpulas s\u00e3o grandes, herb\u00e1ceas, em forma de rim ou semicircular, ocasionalmente ovadas, com 5-10 mm de comprimento, 12-20 mm de largura, com serrilhas duplas afiadas nas margens, e n\u00e3o t\u00eam p\u00ealos. <\/p>\n\n\n\n<p class=\"wp-block-paragraph\">As flores desabrocham antes das folhas, 3-5 agrupadas em ramos com dois anos. O ped\u00fanculo floral \u00e9 curto e grosso, com cerca de 3 mm de comprimento ou quase sem ped\u00fanculo. A flor tem 3-5 cm de di\u00e2metro. O tubo do c\u00e1lice \u00e9 em forma de sino, sem p\u00ealos no exterior. <\/p>\n\n\n\n<p class=\"wp-block-paragraph\">Os l\u00f3bulos do c\u00e1lice s\u00e3o erectos, semi-circulares ou ovados, com 3-4 mm de comprimento, 4-5 mm de largura, cerca de metade do comprimento do tubo do c\u00e1lice, com uma ponta redonda, inteira ou ondulada, e com pestanas castanho-amareladas. <\/p>\n\n\n\n<p class=\"wp-block-paragraph\">As p\u00e9talas s\u00e3o obovadas ou quase redondas, estendendo-se na base numa garra curta, com 10-15 mm de comprimento e 8-13 mm de largura, de cor escarlate, ocasionalmente vermelho p\u00e1lido ou branco. Os estames s\u00e3o em n\u00famero de 45-50 e t\u00eam cerca de metade do comprimento das p\u00e9talas. <\/p>\n\n\n\n<p class=\"wp-block-paragraph\">Os cinco estilos est\u00e3o unidos na base, sem p\u00ealos ou ligeiramente peludos, com um estigma em forma de cabe\u00e7a n\u00e3o claramente dividido, aproximadamente do mesmo comprimento que os estames. O fruto \u00e9 esf\u00e9rico ou ovo-esf\u00e9rico, com 4-6 cm de di\u00e2metro, amarelo ou amarelo-esverdeado, com manchas esparsas e pouco vis\u00edveis, e \u00e9 perfumado. <\/p>\n\n\n\n<p class=\"wp-block-paragraph\">Os l\u00f3bulos do c\u00e1lice caem e o ped\u00fanculo do fruto \u00e9 curto ou quase sem ped\u00fanculo. A flora\u00e7\u00e3o ocorre de mar\u00e7o a maio e a frutifica\u00e7\u00e3o de setembro a outubro.<\/p>\n\n\n\n<h2 class=\"wp-block-heading\">II. Ambiente de crescimento<\/h2>\n\n\n\n<p class=\"wp-block-paragraph\">Esta esp\u00e9cie de \u00e1rvore de clima temperado \u00e9 muito adapt\u00e1vel. Aprecia a luz do sol, mas tamb\u00e9m tolera a sombra parcial, o frio e a seca. N\u00e3o \u00e9 muito exigente no que respeita ao solo, podendo crescer normalmente em solos argilosos ou argilosos f\u00e9rteis e bem drenados. No entanto, n\u00e3o deve ser plantada em solos de baixa altitude ou salino-alcalinos.<\/p>\n\n\n\n<h2 class=\"wp-block-heading\">III. Controlo de pragas e doen\u00e7as<\/h2>\n\n\n\n<p class=\"wp-block-paragraph\">A principal doen\u00e7a da papaieira \u00e9 o m\u00edldio foliar, que afecta principalmente as folhas, provocando o aparecimento de manchas castanhas-pretas com v\u00e1rios \u00e2ngulos nas folhas afectadas. Esta doen\u00e7a pode ocorrer em qualquer altura durante o per\u00edodo de folhas verdes, mas \u00e9 particularmente grave em julho e agosto. <\/p>\n\n\n\n<p class=\"wp-block-paragraph\">As medidas preventivas incluem a remo\u00e7\u00e3o e queima de ramos e folhas mortas e a pulveriza\u00e7\u00e3o de uma mistura de Bordeaux 1:1:100 nas folhas. <\/p>\n\n\n\n<p class=\"wp-block-paragraph\">A \u00e1rvore tamb\u00e9m \u00e9 suscet\u00edvel a pragas, principalmente escaravelhos e pulg\u00f5es, que podem danificar o tronco e as folhas. Para controlar estas pragas, pode ser utilizada uma solu\u00e7\u00e3o de 1500 vezes a dilui\u00e7\u00e3o de inseticida.<\/p>\n\n\n\n<h2 class=\"wp-block-heading\">IV. Valor principal<\/h2>\n\n\n\n<h3 class=\"wp-block-heading\">Valor ornamental<\/h3>\n\n\n\n<p class=\"wp-block-paragraph\">A \u00e1rvore floresce no in\u00edcio da primavera, antes do aparecimento das folhas, e \u00e9 muito bonita. Os seus ramos densos e espinhosos podem servir de cercas verdes.<\/p>\n\n\n\n<p class=\"wp-block-paragraph\">A \u00e1rvore de papaia pode ser plantada em ambos os lados das estradas em parques, p\u00e1tios, campus e pra\u00e7as. O seu porte ereto, as suas flores e frutos abundantes, as suas cores brilhantes e o seu perfume delicioso criam um efeito excelente. <\/p>\n\n\n\n<p class=\"wp-block-paragraph\">Como \u00e1rvore ornamental \u00fanica e aut\u00f3noma ou em pequenos grupos de tr\u00eas a cinco, pode ser utilizada para real\u00e7ar a beleza de pequenos jardins ou espa\u00e7os verdes. Tamb\u00e9m pode ser cultivada como um arbusto de caule \u00fanico ou m\u00faltiplo para manchas florestais ou decora\u00e7\u00e3o de p\u00e1tios. <\/p>\n\n\n\n<p class=\"wp-block-paragraph\">As suas flores na primavera e os seus frutos no ver\u00e3o e no outono s\u00e3o elegantes e coloridos, agrad\u00e1veis \u00e0 vista e nunca aborrecidos. A papaieira pode ser transformada em v\u00e1rios estilos de bonsai e \u00e9 conhecida como um dos \"Dezoito Estudiosos\" do bonsai. <\/p>\n\n\n\n<p class=\"wp-block-paragraph\">Pode ser colocado em halls, floreiras, cantos de alpendres e \u00e1reas de lazer, e pode ser razoavelmente combinado com a arquitetura, acrescentando charme \u00e0 paisagem do jardim e tornando-a mais elegante e refinada.<\/p>\n\n\n\n<h3 class=\"wp-block-heading\">Valor comest\u00edvel<\/h3>\n\n\n\n<p class=\"wp-block-paragraph\">De acordo com a an\u00e1lise laboratorial, a papaia de boa qualidade cont\u00e9m 0,45% de prote\u00edna, 0,57% de gordura, 2,11% de fibra bruta, 8,8% de s\u00f3lidos sol\u00faveis, 9,5% de pectina e 3,22% de \u00e1cidos org\u00e2nicos. <\/p>\n\n\n\n<p class=\"wp-block-paragraph\">Cada 100g de fruta fresca cont\u00e9m 24,79mg de c\u00e1lcio, 6,04mg de f\u00f3sforo, 4,53mg de ferro, 96,8mg de vitamina C e 6,35\u03bcg de vitamina A. Al\u00e9m disso, cont\u00e9m 17 tipos de amino\u00e1cidos, com um teor total de amino\u00e1cidos de 529m\/100g. <\/p>\n\n\n\n<p class=\"wp-block-paragraph\">A carater\u00edstica mais distintiva da papaia \u00e9 o seu rico conte\u00fado em \u00e1cidos org\u00e2nicos, como o \u00e1cido c\u00edtrico. Os seus produtos transformados n\u00e3o necessitam de adicionar conservantes, \u00e1cido c\u00edtrico, aromatizantes ou corantes, tornando-a um alimento verde natural \u00fanico.<\/p>\n\n\n\n<h3 class=\"wp-block-heading\">Valor medicinal<\/h3>\n\n\n\n<p class=\"wp-block-paragraph\">O fruto cont\u00e9m \u00e1cido m\u00e1lico, \u00e1cido tart\u00e1rico, \u00e1cido c\u00edtrico e vitamina C. Quando seco, pode ser utilizado como medicamento com efeitos como afastar o vento, relaxar os m\u00fasculos, ativar colaterais, aliviar a dor, reduzir o incha\u00e7o e promover o fluxo suave de qi.<\/p>\n\n\n\n<p class=\"wp-block-paragraph\">De acordo com uma medi\u00e7\u00e3o conjunta do Instituto de Farm\u00e1cia de Xangai e de outras unidades, a papaia cont\u00e9m \u00e1cido c\u00edtrico, que melhora a fun\u00e7\u00e3o imunit\u00e1ria do organismo e tem um efeito antibacteriano de largo espetro. <\/p>\n\n\n\n<p class=\"wp-block-paragraph\">Pode inibir fortemente a febre tifoide, o bacilo da disenteria e o Staphylococcus aureus. Al\u00e9m disso, existem muitos rem\u00e9dios populares para a sa\u00fade e o tratamento de doen\u00e7as que utilizam a papaia, como ferv\u00ea-la com mel para consumo, o que pode promover o qi, ativar o sangue e fortalecer os m\u00fasculos e os ossos. <\/p>\n\n\n\n<p class=\"wp-block-paragraph\">A sopa de papaia pode ser utilizada para estimular a lacta\u00e7\u00e3o em mulheres no per\u00edodo p\u00f3s-parto. As pessoas idosas que utilizam ramos de papaia como bengalas podem relaxar os seus m\u00fasculos e beneficiar da sua longevidade. <\/p>\n\n\n\n<p class=\"wp-block-paragraph\">Al\u00e9m disso, a papaia tem excelentes efeitos em sintomas como dores e dorm\u00eancia na cintura e nas pernas, c\u00e3ibras musculares na barriga da perna, convuls\u00f5es nos membros e artrite reumatoide.<\/p>","protected":false},"excerpt":{"rendered":"<p>The wrinkled papaya, also known as papaya, mao, Chaenomeles speciosa, stick-on hawthorn, iron-foot pear, soup papaya, and Xuan papaya, is a deciduous shrub of the Rosaceae family and papaya genus. It can grow up to 2 meters with upright and spreading branches that have thorns. The twigs are cylindrical, slightly curved, hairless, and are either [&hellip;]<\/p>\n","protected":false},"author":1,"featured_media":12540,"comment_status":"open","ping_status":"open","sticky":false,"template":"","format":"standard","meta":{"_breakdance_hide_in_design_set":false,"_breakdance_tags":"","footnotes":""},"categories":[20],"tags":[],"class_list":["post-10001","post","type-post","status-publish","format-standard","has-post-thumbnail","hentry","category-species-and-types"],"_links":{"self":[{"href":"https:\/\/flowerslib.com\/pt\/wp-json\/wp\/v2\/posts\/10001","targetHints":{"allow":["GET"]}}],"collection":[{"href":"https:\/\/flowerslib.com\/pt\/wp-json\/wp\/v2\/posts"}],"about":[{"href":"https:\/\/flowerslib.com\/pt\/wp-json\/wp\/v2\/types\/post"}],"author":[{"embeddable":true,"href":"https:\/\/flowerslib.com\/pt\/wp-json\/wp\/v2\/users\/1"}],"replies":[{"embeddable":true,"href":"https:\/\/flowerslib.com\/pt\/wp-json\/wp\/v2\/comments?post=10001"}],"version-history":[{"count":0,"href":"https:\/\/flowerslib.com\/pt\/wp-json\/wp\/v2\/posts\/10001\/revisions"}],"wp:featuredmedia":[{"embeddable":true,"href":"https:\/\/flowerslib.com\/pt\/wp-json\/wp\/v2\/media\/12540"}],"wp:attachment":[{"href":"https:\/\/flowerslib.com\/pt\/wp-json\/wp\/v2\/media?parent=10001"}],"wp:term":[{"taxonomy":"category","embeddable":true,"href":"https:\/\/flowerslib.com\/pt\/wp-json\/wp\/v2\/categories?post=10001"},{"taxonomy":"post_tag","embeddable":true,"href":"https:\/\/flowerslib.com\/pt\/wp-json\/wp\/v2\/tags?post=10001"}],"curies":[{"name":"wp","href":"https:\/\/api.w.org\/{rel}","templated":true}]}}