{"id":13952,"date":"2023-12-13T13:43:47","date_gmt":"2023-12-13T05:43:47","guid":{"rendered":"https:\/\/flowerslib.com\/?p=13952"},"modified":"2023-12-13T13:43:48","modified_gmt":"2023-12-13T05:43:48","slug":"allemanda-neriifolia","status":"publish","type":"post","link":"https:\/\/flowerslib.com\/it\/allemanda-neriifolia\/","title":{"rendered":"Coltivazione dell'Allemanda neriifolia per giardini vivaci"},"content":{"rendered":"<p class=\"wp-block-paragraph\">L'Allemanda neriifolia \u00e8 un arbusto sempreverde che cresce in posizione eretta fino a circa 2 metri e mezzo, anche se in vaso si mantiene in genere intorno ai 3 metri e mezzo. <\/p>\n\n\n\n<p class=\"wp-block-paragraph\">Le foglie, disposte in verticali da tre a cinque, sono ovali o inversamente lanceolate e variano da 2 a 4,7 pollici di lunghezza e da 0,6 a 1,6 pollici di larghezza, ricoperte da peli corti e morbidi.<\/p>\n\n\n\n<p class=\"wp-block-paragraph\">Le sue infiorescenze sono a ombrello, con fiori giallo oro con strisce rosso-arancio nella gola. La corolla ha un'ampia forma a imbuto con cinque lobi che si sovrappongono a destra o a sinistra; la base della corolla \u00e8 gonfia e racchiude cinque stami. <\/p>\n\n\n\n<p class=\"wp-block-paragraph\"><\/p>\n\n\n<div class=\"wp-block-image\">\n<figure class=\"aligncenter size-full\"><img loading=\"lazy\" decoding=\"async\" width=\"1200\" height=\"800\" src=\"https:\/\/flowerslib.com\/wp-content\/uploads\/2023\/12\/3-95.jpg\" alt=\"Allemanda neriifolia\" class=\"wp-image-15750\" srcset=\"https:\/\/flowerslib.com\/wp-content\/uploads\/2023\/12\/3-95.jpg 1200w, https:\/\/flowerslib.com\/wp-content\/uploads\/2023\/12\/3-95-600x400.jpg 600w, https:\/\/flowerslib.com\/wp-content\/uploads\/2023\/12\/3-95-768x512.jpg 768w, https:\/\/flowerslib.com\/wp-content\/uploads\/2023\/12\/3-95-240x160.jpg 240w\" sizes=\"auto, (max-width: 1200px) 100vw, 1200px\" \/><\/figure>\n<\/div>\n\n\n<p class=\"wp-block-paragraph\"><\/p>\n\n\n\n<p class=\"wp-block-paragraph\">Il frutto \u00e8 una capsula spinosa. La fioritura avviene in maggio e giugno. Originaria degli Stati Uniti meridionali e del Brasile, \u00e8 coltivata nell'America tropicale e introdotta in Cina. <\/p>\n\n\n\n<p class=\"wp-block-paragraph\">\u00c8 una pianta rigogliosa e decorativa per i giardini, con il suo fitto fogliame, le foglie di un verde intenso e i fiori brillantemente luminosi che fanno bella mostra di s\u00e9.<\/p>\n\n\n\n<p class=\"wp-block-paragraph\">Si adatta bene a composizioni in vaso di grandi e medie dimensioni, valorizzando salotti, balconi, parchi, centri commerciali e grandi spazi interni con il suo splendido effetto.<\/p>\n\n\n\n<h2 class=\"wp-block-heading\">I. Caratteristiche morfologiche<\/h2>\n\n\n\n<p class=\"wp-block-paragraph\"><\/p>\n\n\n<div class=\"wp-block-image\">\n<figure class=\"aligncenter size-full\"><img loading=\"lazy\" decoding=\"async\" width=\"1200\" height=\"800\" src=\"https:\/\/flowerslib.com\/wp-content\/uploads\/2023\/12\/4-74.jpg\" alt=\"Allemanda neriifolia\" class=\"wp-image-15752\" srcset=\"https:\/\/flowerslib.com\/wp-content\/uploads\/2023\/12\/4-74.jpg 1200w, https:\/\/flowerslib.com\/wp-content\/uploads\/2023\/12\/4-74-600x400.jpg 600w, https:\/\/flowerslib.com\/wp-content\/uploads\/2023\/12\/4-74-768x512.jpg 768w, https:\/\/flowerslib.com\/wp-content\/uploads\/2023\/12\/4-74-240x160.jpg 240w\" sizes=\"auto, (max-width: 1200px) 100vw, 1200px\" \/><\/figure>\n<\/div>\n\n\n<p class=\"wp-block-paragraph\"><\/p>\n\n\n\n<p class=\"wp-block-paragraph\">L'Alamanda gialla \u00e8 un arbusto eretto che pu\u00f2 raggiungere un'altezza di 3,3-6,6 piedi, con rami portatori di lattice di colore bianco-grigio. <\/p>\n\n\n\n<p class=\"wp-block-paragraph\">Le foglie sono disposte in gruppi da tre a cinque, con margine liscio, di forma ellittica o inversamente oblunga, lunghe da 2,4 a 4,7 pollici e larghe da 0,8 a 1,6 pollici. Le punte sono affusolate o acute e la base \u00e8 cuneata. <\/p>\n\n\n\n<p class=\"wp-block-paragraph\">La superficie della foglia \u00e8 di colore verde intenso, mentre la parte inferiore \u00e8 di colore verde pi\u00f9 chiaro. A parte i corti peli morbidi sulla nervatura centrale e sulle nervature laterali della pagina inferiore, le foglie sono per il resto prive di peli. <\/p>\n\n\n\n<p class=\"wp-block-paragraph\">La venatura \u00e8 piatta in superficie e rialzata nella parte inferiore, con sette-dodici venature laterali su ciascun lato che non raggiungono il margine ma formano una rete. I piccioli sono estremamente corti, con ghiandole alla base e all'ascella.<\/p>\n\n\n\n<p class=\"wp-block-paragraph\">Le infiorescenze sono ombrelle terminali; i peduncoli e i pedicelli sono ricoperti di peli morbidi simili a peli. <\/p>\n\n\n\n<p class=\"wp-block-paragraph\">I fiori sono di colore giallo-arancio, lunghi da 1,6 a 2,4 pollici, con un'apertura corollare di circa 1,6 pollici di diametro; le brattee sono lanceolate e attaccate alla base dei pedicelli. <\/p>\n\n\n\n<p class=\"wp-block-paragraph\">Il calice \u00e8 profondamente quinquelobato, con segmenti lanceolati e alcune ghiandole alla base del lato interno. La corolla \u00e8 a forma di imbuto con strisce bruno-rossastre all'interno. <\/p>\n\n\n\n<p class=\"wp-block-paragraph\">La parte inferiore della corolla forma un tubo cilindrico non pi\u00f9 lungo di 0,8 pollici e con un diametro compreso tra 0,08 e 0,16 pollici, che si gonfia alla base. <\/p>\n\n\n\n<p class=\"wp-block-paragraph\">La gola della corolla si espande verso l'alto in un arto lungo circa 1,2 pollici e con un diametro di 0,6 pollici, con la parte superiore dell'arto a cinque lobi e i lobi della corolla sovrapposti a sinistra. <\/p>\n\n\n\n<p class=\"wp-block-paragraph\">I lobi sono ovali o circolari, smussati all'estremit\u00e0, lunghi da 0,6 a 0,8 pollici e larghi 0,7 pollici. Gli stami sono cinque e sono attaccati alla gola del tubo corollino, con filamenti corti ricoperti di peli morbidi alla base e antere ovali con apice smussato e base arrotondata. <\/p>\n\n\n\n<p class=\"wp-block-paragraph\">Il disco \u00e8 carnoso e intero e circonda la base dell'ovario; l'ovario \u00e8 intero, monocamerale, con uno stilo filiforme e uno stigma ottuso all'apice e una base anulare.<\/p>\n\n\n\n<p class=\"wp-block-paragraph\">Il frutto \u00e8 una capsula spinosa di circa 1,2 pollici di diametro; i semi sono piatti con un bordo membranoso, lunghi circa 0,8 pollici e larghi 0,6 pollici. Il periodo di fioritura va da maggio ad agosto e la fruttificazione da ottobre a dicembre.<\/p>\n\n\n\n<h2 class=\"wp-block-heading\">II. Gamma di distribuzione<\/h2>\n\n\n\n<p class=\"wp-block-paragraph\">Originaria del Brasile, questa specie \u00e8 oggi ampiamente coltivata nelle regioni tropicali.<\/p>\n\n\n\n<h2 class=\"wp-block-heading\">III. Ambiente di crescita<\/h2>\n\n\n\n<p class=\"wp-block-paragraph\">Prospera a temperature e umidit\u00e0 elevate, con molta luce solare e una leggera tolleranza all'ombra parziale. <\/p>\n\n\n\n<p class=\"wp-block-paragraph\">Preferisce terreni fertili e ben drenati. Intollerante al freddo e al gelo, subisce danni ai rami e alle foglie se esposta a temperature prolungate di 41-42,8\u00b0F. <\/p>\n\n\n\n<p class=\"wp-block-paragraph\">Predilige la sabbia fertile e umida, ma si comporta male in terreni pesanti e compatti e non tollera i ristagni d'acqua o le condizioni saline. Pur essendo relativamente tollerante alle condizioni di umidit\u00e0, non sopporta la siccit\u00e0; il terreno deve essere mantenuto costantemente umido. <\/p>\n\n\n\n<p class=\"wp-block-paragraph\">Le temperature ottimali di crescita vanno da 64,4 a 86\u00b0F, e pu\u00f2 comunque crescere normalmente oltre i 95\u00b0F. Durante il periodo di dormienza invernale, la temperatura ideale \u00e8 compresa tra 53,6 e 59\u00b0F, senza scendere al di sotto di 50\u00b0F, poich\u00e9 temperature inferiori a 41\u00b0F possono causare danni da gelo alla pianta.<\/p>\n\n\n\n<h2 class=\"wp-block-heading\">IV. Propagazione e coltivazione<\/h2>\n\n\n\n<h3 class=\"wp-block-heading\">Semina dei semi<\/h3>\n\n\n\n<p class=\"wp-block-paragraph\">Dopo la fioritura, la Tromba d'oro produce frutti con spine morbide e i suoi semi alati non devono essere conservati a lungo. \u00c8 meglio seminarli subito dopo la raccolta. Le piantine di un anno possono essere trapiantate dal vivaio.<\/p>\n\n\n\n<h3 class=\"wp-block-heading\">Stratificazione<\/h3>\n\n\n\n<p class=\"wp-block-paragraph\">La stratificazione \u00e8 preferibile farla nella stagione delle piogge. Piegate un ramo vicino al terreno, ferite leggermente la corteccia e interratelo. Le radici si svilupperanno in circa due mesi, dopodich\u00e9 la nuova pianta potr\u00e0 essere separata dal genitore.<\/p>\n\n\n\n<h3 class=\"wp-block-heading\">Talee<\/h3>\n\n\n\n<p class=\"wp-block-paragraph\">La propagazione in acqua \u00e8 particolarmente efficace. Le talee possono essere prelevate in qualsiasi momento della stagione di crescita, idealmente lunghe 30-40 centimetri. Dividere l'estremit\u00e0 inferiore della talea di 4-6 centimetri con un coltello e metterla in un bicchiere d'acqua. <\/p>\n\n\n\n<p class=\"wp-block-paragraph\">Le temperature primaverili e autunnali sono le pi\u00f9 favorevoli e le radici spuntano in genere entro 2-3 settimane. In estate, a causa delle temperature pi\u00f9 elevate e del deterioramento dell'acqua, \u00e8 consigliabile cambiare l'acqua ogni due giorni.<\/p>\n\n\n\n<p class=\"wp-block-paragraph\">A livello commerciale, la talea \u00e8 il metodo di propagazione pi\u00f9 utilizzato. Da fine marzo a met\u00e0 aprile, quando le temperature si stabilizzano, le talee di rami di sei mesi o due anni vengono piantate a stretto contatto con sabbia umida o un letto di ghiaia e mantenute umide con nebulizzazioni. <\/p>\n\n\n\n<p class=\"wp-block-paragraph\">Quando le temperature superano i 20\u00b0C, le radici si formano di solito entro 20 giorni e le piante possono essere trasferite in un letto da vivaio o in un vaso in circa 40 giorni.<\/p>\n\n\n\n<h2 class=\"wp-block-heading\">V. Controllo dei parassiti e delle malattie<\/h2>\n\n\n\n<h3 class=\"wp-block-heading\">Muffa fuligginosa<\/h3>\n\n\n\n<p class=\"wp-block-paragraph\">I sintomi includono un aspetto nero sulla chioma delle piante colpite e rami scuriti, con una superficie ricoperta di muffa nera che risulta appiccicosa al tatto. <\/p>\n\n\n\n<p class=\"wp-block-paragraph\">Con il tempo, la muffa nera pu\u00f2 staccarsi parzialmente, lasciando le foglie screziate di macchie bianche e nere. Le piante gravemente colpite soffrono di blocco della fotosintesi, scarsa crescita, caduta prematura delle foglie e riduzione del valore ornamentale.<\/p>\n\n\n\n<p class=\"wp-block-paragraph\">La malattia \u00e8 causata da funghi ascomiceti, tra cui Capnodium spp. e Neocapnodium spp. con i loro stadi asessuati che spesso diffondono muffe fuligginose.<\/p>\n\n\n\n<p class=\"wp-block-paragraph\">Modelli di presenza: Nel Guangdong \u00e8 comune lo stadio asessuato del fungo. Il fungo sverna come micelio sulle parti colpite o sui detriti e si riproduce sulla melata secreta dalle cocciniglie, diffondendosi attraverso il vento, la pioggia e l'attivit\u00e0 delle cocciniglie. <\/p>\n\n\n\n<p class=\"wp-block-paragraph\">Gli ambienti che favoriscono la riproduzione delle cocciniglie favoriscono anche l'insorgere della muffa fuligginosa.<\/p>\n\n\n\n<p class=\"wp-block-paragraph\">Le misure di controllo includono il miglioramento dell'aerazione dei giardini e l'applicazione di insetticidi per controllare parassiti e malattie. <\/p>\n\n\n\n<p class=\"wp-block-paragraph\">Soluzioni come 40% concentrato emulsionabile ad azione rapida a 1000-3000 volte la diluizione, o 40% clorpirifos concentrato emulsionabile a 1000 volte la diluizione, o 25% imidacloprid concentrato emulsionabile a 2000 volte la diluizione (per cocciniglie allo stadio di ninfa con una soluzione diluita), o 50% pirimicarb concentrato emulsionabile a 2000-3000 volte la diluizione (per afidi).<\/p>\n\n\n\n<h3 class=\"wp-block-heading\">Scala di cera rossa<\/h3>\n\n\n\n<p class=\"wp-block-paragraph\">La cocciniglia rossa della tromba d'oro (Ceroplastes rubens Maskell) \u00e8 un parassita molto diffuso, appartenente alle famiglie Hemiptera e Coccidae. <\/p>\n\n\n\n<p class=\"wp-block-paragraph\">Danneggia la Tromba d'oro succhiando la linfa dai rami e dalle foglie, causando carenze nutrizionali, indebolimento del vigore e ostruzione della fioritura e della fruttificazione, che pu\u00f2 portare alla morte dei rami.<\/p>\n\n\n\n<p class=\"wp-block-paragraph\">Caratteristiche morfologiche: I maschi e le femmine adulti della cocciniglia rossa si differenziano per l'aspetto. La femmina senza ali \u00e8 di forma ovale, di colore rosso scuro, lunga circa 4 millimetri e alta 2,5 millimetri, con una spessa copertura di cera sul dorso che le conferisce un aspetto simile a una focaccia. <\/p>\n\n\n\n<p class=\"wp-block-paragraph\">Il maschio ha un paio di ali bianche e semitrasparenti con un'apertura alare di 2,5 millimetri. Le ninfe sono di forma ovale e di colore rosso scuro, con la cera dell'ultimo stadio che si ispessisce e assomiglia al guscio della femmina adulta, ma pi\u00f9 piccola. <\/p>\n\n\n\n<p class=\"wp-block-paragraph\">Esiste una generazione all'anno, con femmine fecondate che svernano. Il periodo di massima deposizione delle uova per le femmine svernanti \u00e8 in maggio e giugno, con una deposizione che dura oltre un mese. <\/p>\n\n\n\n<p class=\"wp-block-paragraph\">Le ninfe appena nate migrano verso nuovi germogli e foglie per nutrirsi, con varie vespe come predatori naturali.<\/p>\n\n\n\n<p class=\"wp-block-paragraph\">Modelli di presenza: Esiste una generazione all'anno, con femmine fecondate che svernano sui rami. <\/p>\n\n\n\n<p class=\"wp-block-paragraph\">Le ninfe appena nate strisciano per un po' prima di posarsi sull'ospite per nutrirsi, iniziando a secernere cera dopo circa 6 ore e formando un manto di cera a forma di stella dopo 15 giorni. <\/p>\n\n\n\n<p class=\"wp-block-paragraph\">Una volta formatosi lo strato di cera, \u00e8 meno ideale trattarli perch\u00e9 l'efficacia delle misure di controllo diminuisce.<\/p>\n\n\n\n<p class=\"wp-block-paragraph\"><strong>Metodi di controllo:<\/strong><\/p>\n\n\n\n<p class=\"wp-block-paragraph\">Controllo manuale: All'inizio, rimuovere manualmente i parassiti o potare i rami e le foglie fortemente infestati e smaltirli correttamente.<\/p>\n\n\n\n<p class=\"wp-block-paragraph\">Controllo orticolo: Una potatura tempestiva e corretta per migliorare le condizioni di aria e luce pu\u00f2 contribuire a ridurre le infestazioni.<\/p>","protected":false},"excerpt":{"rendered":"<p>The Allemanda neriifolia is an evergreen shrub that grows upright to about 6.6 feet, though when potted it is typically kept at around 3.3 feet. The leaves, which come in whorls of three to five, are oval or inversely lanceolate and range from 2 to 4.7 inches in length and 0.6 to 1.6 inches in [&hellip;]<\/p>\n","protected":false},"author":1,"featured_media":15749,"comment_status":"open","ping_status":"open","sticky":false,"template":"","format":"standard","meta":{"_breakdance_hide_in_design_set":false,"_breakdance_tags":"","footnotes":""},"categories":[20],"tags":[],"class_list":["post-13952","post","type-post","status-publish","format-standard","has-post-thumbnail","hentry","category-species-and-types"],"_links":{"self":[{"href":"https:\/\/flowerslib.com\/it\/wp-json\/wp\/v2\/posts\/13952","targetHints":{"allow":["GET"]}}],"collection":[{"href":"https:\/\/flowerslib.com\/it\/wp-json\/wp\/v2\/posts"}],"about":[{"href":"https:\/\/flowerslib.com\/it\/wp-json\/wp\/v2\/types\/post"}],"author":[{"embeddable":true,"href":"https:\/\/flowerslib.com\/it\/wp-json\/wp\/v2\/users\/1"}],"replies":[{"embeddable":true,"href":"https:\/\/flowerslib.com\/it\/wp-json\/wp\/v2\/comments?post=13952"}],"version-history":[{"count":0,"href":"https:\/\/flowerslib.com\/it\/wp-json\/wp\/v2\/posts\/13952\/revisions"}],"wp:featuredmedia":[{"embeddable":true,"href":"https:\/\/flowerslib.com\/it\/wp-json\/wp\/v2\/media\/15749"}],"wp:attachment":[{"href":"https:\/\/flowerslib.com\/it\/wp-json\/wp\/v2\/media?parent=13952"}],"wp:term":[{"taxonomy":"category","embeddable":true,"href":"https:\/\/flowerslib.com\/it\/wp-json\/wp\/v2\/categories?post=13952"},{"taxonomy":"post_tag","embeddable":true,"href":"https:\/\/flowerslib.com\/it\/wp-json\/wp\/v2\/tags?post=13952"}],"curies":[{"name":"wp","href":"https:\/\/api.w.org\/{rel}","templated":true}]}}