{"id":11073,"date":"2024-07-30T15:33:51","date_gmt":"2024-07-30T07:33:51","guid":{"rendered":"https:\/\/flowerslib.com\/?p=11073"},"modified":"2024-07-30T15:33:54","modified_gmt":"2024-07-30T07:33:54","slug":"primula-malacoides","status":"publish","type":"post","link":"https:\/\/flowerslib.com\/it\/primula-malacoides\/","title":{"rendered":"Coltivare Primula malacoides: Suggerimenti per un giardino di primule fiorite"},"content":{"rendered":"<p class=\"wp-block-paragraph\">La Primula malacoides, comunemente nota come Primula delle fate, Primula dei bambini o Primula a gradoni, \u00e8 una deliziosa pianta erbacea biennale appartenente alla famiglia delle Primulaceae. Questa affascinante specie \u00e8 apprezzata per la sua fioritura precoce in primavera, la variet\u00e0 di colori e il periodo di fioritura prolungato, che la rendono una pianta ornamentale preziosa per giardini e serre.<\/p>\n\n\n\n<h2 class=\"wp-block-heading\">I. Introduzione di base<\/h2>\n\n\n\n<p class=\"wp-block-paragraph\"><\/p>\n\n\n<div class=\"wp-block-image\">\n<figure class=\"aligncenter size-full\"><img loading=\"lazy\" decoding=\"async\" width=\"1200\" height=\"800\" src=\"https:\/\/flowerslib.com\/wp-content\/uploads\/2023\/09\/4-24.jpg\" alt=\"Primula malacoides\" class=\"wp-image-11112\" srcset=\"https:\/\/flowerslib.com\/wp-content\/uploads\/2023\/09\/4-24.jpg 1200w, https:\/\/flowerslib.com\/wp-content\/uploads\/2023\/09\/4-24-300x200.jpg 300w, https:\/\/flowerslib.com\/wp-content\/uploads\/2023\/09\/4-24-150x100.jpg 150w, https:\/\/flowerslib.com\/wp-content\/uploads\/2023\/09\/4-24-768x512.jpg 768w\" sizes=\"auto, (max-width: 1200px) 100vw, 1200px\" \/><\/figure>\n<\/div>\n\n\n<p class=\"wp-block-paragraph\"><\/p>\n\n\n\n<p class=\"wp-block-paragraph\">La Primula malacoides Franch. si caratterizza per le sue foglie a grappolo e la consistenza polverosa. Le caratteristiche della pianta sono:<\/p>\n\n\n\n<ul class=\"wp-block-list\">\n<li>Lamine delle foglie: Da ovali a ellittiche o suborbitali, con bordi irregolarmente seghettati.<\/li>\n\n\n\n<li>Steli fiorali: Alti fino a 40 cm, con infiorescenze a ombrello.<\/li>\n\n\n\n<li>Fiori: Calici e corolle a forma di campana di colore rosa, azzurro-viola o quasi bianco.<\/li>\n\n\n\n<li>Frutto: Capsule sferiche<\/li>\n<\/ul>\n\n\n\n<p class=\"wp-block-paragraph\">Originaria delle province cinesi di Yunnan, Guizhou e Guangxi e del Myanmar settentrionale, la P. malacoides fiorisce tipicamente da febbraio a maggio e fruttifica da marzo a giugno. Abita naturalmente spazi aperti umidi, fossati, margini delle foreste e persino terreni incolti e campi.<\/p>\n\n\n\n<h2 class=\"wp-block-heading\">II. Crescita e distribuzione<\/h2>\n\n\n\n<p class=\"wp-block-paragraph\"><\/p>\n\n\n<div class=\"wp-block-image\">\n<figure class=\"aligncenter size-full\"><img loading=\"lazy\" decoding=\"async\" width=\"1200\" height=\"800\" src=\"https:\/\/flowerslib.com\/wp-content\/uploads\/2023\/09\/2-68.jpg\" alt=\"Primula malacoides\" class=\"wp-image-11113\" srcset=\"https:\/\/flowerslib.com\/wp-content\/uploads\/2023\/09\/2-68.jpg 1200w, https:\/\/flowerslib.com\/wp-content\/uploads\/2023\/09\/2-68-300x200.jpg 300w, https:\/\/flowerslib.com\/wp-content\/uploads\/2023\/09\/2-68-150x100.jpg 150w, https:\/\/flowerslib.com\/wp-content\/uploads\/2023\/09\/2-68-768x512.jpg 768w\" sizes=\"auto, (max-width: 1200px) 100vw, 1200px\" \/><\/figure>\n<\/div>\n\n\n<p class=\"wp-block-paragraph\"><\/p>\n\n\n\n<h3 class=\"wp-block-heading\">Abitudine alla crescita<\/h3>\n\n\n\n<p class=\"wp-block-paragraph\">La Primula malacoides prospera in ambienti freschi e umidi, preferendo:<\/p>\n\n\n\n<ul class=\"wp-block-list\">\n<li>Clima: Condizioni caldo-temperate<\/li>\n\n\n\n<li>Terreno: ben drenato, ricco di humus e con pH neutro.<\/li>\n\n\n\n<li>Luce: Da ombra parziale a luce solare filtrata<\/li>\n\n\n\n<li>Altitudine: 1800-3000 metri nel suo areale di origine<\/li>\n<\/ul>\n\n\n\n<p class=\"wp-block-paragraph\">Questa specie non resiste al gelo e non tollera le alte temperature o la luce diretta del sole. Se coltivata come pianta da vaso in serra fredda, richiede un terreno neutro. Per la coltivazione all'aperto in climi adatti, d\u00e0 il meglio di s\u00e9 in pendii ombreggiati o in ambienti semi-ombreggiati.<\/p>\n\n\n\n<h3 class=\"wp-block-heading\">Gamma di distribuzione<\/h3>\n\n\n\n<p class=\"wp-block-paragraph\">Nel suo habitat naturale, la P. malacoides si trova ad altitudini comprese tra i 1800 e i 3000 metri nella Cina meridionale e nel Myanmar settentrionale. La sua adattabilit\u00e0 ha portato a una coltivazione diffusa in tutto il mondo, con numerose variet\u00e0 orticole sviluppate.<\/p>\n\n\n\n<h2 class=\"wp-block-heading\">III. Morfologia e caratteristiche<\/h2>\n\n\n\n<p class=\"wp-block-paragraph\"><\/p>\n\n\n<div class=\"wp-block-image\">\n<figure class=\"aligncenter size-full\"><img loading=\"lazy\" decoding=\"async\" width=\"1200\" height=\"800\" src=\"https:\/\/flowerslib.com\/wp-content\/uploads\/2023\/09\/3-30.jpg\" alt=\"Primula malacoides\" class=\"wp-image-11115\" srcset=\"https:\/\/flowerslib.com\/wp-content\/uploads\/2023\/09\/3-30.jpg 1200w, https:\/\/flowerslib.com\/wp-content\/uploads\/2023\/09\/3-30-300x200.jpg 300w, https:\/\/flowerslib.com\/wp-content\/uploads\/2023\/09\/3-30-150x100.jpg 150w, https:\/\/flowerslib.com\/wp-content\/uploads\/2023\/09\/3-30-768x512.jpg 768w\" sizes=\"auto, (max-width: 1200px) 100vw, 1200px\" \/><\/figure>\n<\/div>\n\n\n<p class=\"wp-block-paragraph\"><\/p>\n\n\n\n<p class=\"wp-block-paragraph\">La Primula malacoides presenta le seguenti caratteristiche distintive:<\/p>\n\n\n\n<p class=\"wp-block-paragraph\"><strong>Foglie:<\/strong><\/p>\n\n\n\n<ul class=\"wp-block-list\">\n<li>Modello di crescita a grappolo<\/li>\n\n\n\n<li>Forma della lama: Da ovale a ellittica o orbicolare.<\/li>\n\n\n\n<li>Dimensioni: 3-10 cm di lunghezza, 2-8 cm di larghezza<\/li>\n\n\n\n<li>Struttura: Membranosa quando \u00e8 asciutta<\/li>\n\n\n\n<li>Superficie: Poco pelosa o quasi glabra, talvolta con polvere bianca.<\/li>\n\n\n\n<li>Piccioli: lunghi 2-15 cm, carnosi quando sono freschi, strettamente alati, ricoperti di peli molli multicellulari.<\/li>\n<\/ul>\n\n\n\n<p class=\"wp-block-paragraph\"><strong>Steli di fiori:<\/strong><\/p>\n\n\n\n<ul class=\"wp-block-list\">\n<li>Altezza: 10-40 cm<\/li>\n\n\n\n<li>Struttura: Ricoperta di peli morbidi o glabra.<\/li>\n\n\n\n<li>Rivestimento polveroso: Nessuna o leggera polvere bianca<\/li>\n<\/ul>\n\n\n\n<p class=\"wp-block-paragraph\"><strong>Infiorescenza:<\/strong><\/p>\n\n\n\n<p class=\"wp-block-paragraph\"><\/p>\n\n\n<div class=\"wp-block-image\">\n<figure class=\"aligncenter size-full\"><img loading=\"lazy\" decoding=\"async\" width=\"1200\" height=\"800\" src=\"https:\/\/flowerslib.com\/wp-content\/uploads\/2023\/09\/1-70.jpg\" alt=\"Primula malacoides\" class=\"wp-image-11116\" srcset=\"https:\/\/flowerslib.com\/wp-content\/uploads\/2023\/09\/1-70.jpg 1200w, https:\/\/flowerslib.com\/wp-content\/uploads\/2023\/09\/1-70-300x200.jpg 300w, https:\/\/flowerslib.com\/wp-content\/uploads\/2023\/09\/1-70-150x100.jpg 150w, https:\/\/flowerslib.com\/wp-content\/uploads\/2023\/09\/1-70-768x512.jpg 768w\" sizes=\"auto, (max-width: 1200px) 100vw, 1200px\" \/><\/figure>\n<\/div>\n\n\n<p class=\"wp-block-paragraph\"><\/p>\n\n\n\n<ul class=\"wp-block-list\">\n<li>Tipo: Umbelliforme con 2-6 verticilli<\/li>\n\n\n\n<li>Fiori per verticillo: 4-20<\/li>\n\n\n\n<li>Brattee: Lineari o lineari-lanceolate, lunghe 3-8 mm.<\/li>\n<\/ul>\n\n\n\n<p class=\"wp-block-paragraph\"><strong>Fiori:<\/strong><\/p>\n\n\n\n<ul class=\"wp-block-list\">\n<li>Calice: a forma di campana, lungo 3-7 mm, spesso ricoperto di polvere bianca lattiginosa.<\/li>\n\n\n\n<li>Corolla: Rosa, viola chiaro o quasi bianco<\/li>\n\n\n\n<li>Tubo della corolla: 4-6 mm di lunghezza<\/li>\n\n\n\n<li>Diametro degli arti: 5-15 mm (fino a 3 cm in coltivazione)<\/li>\n\n\n\n<li>Lobi: ovali larghi con punte profondamente lobate.<\/li>\n<\/ul>\n\n\n\n<p class=\"wp-block-paragraph\"><strong>Strutture riproduttive:<\/strong><\/p>\n\n\n\n<ul class=\"wp-block-list\">\n<li>Eterostili (sono presenti fiori a gambo lungo e a gambo corto)<\/li>\n\n\n\n<li>Fiori lunghi: Stami vicino alla base del tubo, stilo lungo ~3 mm<\/li>\n\n\n\n<li>Fiori corti: Stami al di sopra della met\u00e0 del tubo, stilo lungo ~1 mm<\/li>\n<\/ul>\n\n\n\n<p class=\"wp-block-paragraph\"><strong>Frutta:<\/strong><\/p>\n\n\n\n<ul class=\"wp-block-list\">\n<li>Tipo: Capsula sferica<\/li>\n\n\n\n<li>Dimensioni: Circa 3 mm di diametro<\/li>\n<\/ul>\n\n\n\n<p class=\"wp-block-paragraph\">Conoscendo queste caratteristiche morfologiche e i requisiti di crescita, i giardinieri possono fornire le condizioni ottimali per la Primula malacoides, assicurando uno spettacolo vivace e duraturo di queste affascinanti Primule delle fate nei loro giardini o nelle loro serre.<\/p>\n\n\n\n<h2 class=\"wp-block-heading\">IV. Metodi e precauzioni per la coltivazione della primula<\/h2>\n\n\n\n<h3 class=\"wp-block-heading\">Come coltivare la primula<\/h3>\n\n\n\n<p class=\"wp-block-paragraph\"><strong>Suolo<\/strong><\/p>\n\n\n\n<p class=\"wp-block-paragraph\">La scelta del terreno \u00e8 fondamentale per la coltivazione della primula. Una miscela di terriccio ideale favorisce la sopravvivenza della pianta e un robusto sviluppo delle radici. Per le primule \u00e8 ottimale un terreno leggermente acido, fertile, sciolto e ben drenante. Una miscela di terriccio consigliata \u00e8 composta da 2 parti di terriccio di foglie, 1 parte di terra da giardino e una piccola quantit\u00e0 di fertilizzante di base.<\/p>\n\n\n\n<p class=\"wp-block-paragraph\"><strong>Temperatura<\/strong><\/p>\n\n\n\n<p class=\"wp-block-paragraph\">Le primule, in quanto fioriture precoci primaverili, possiedono una certa resistenza al freddo e possono sopravvivere a temperature appena superiori allo zero. Tuttavia, prosperano in climi freschi e moderati. La temperatura di crescita ottimale \u00e8 di 10-20\u00b0C (50-68\u00b0F). Evitare di esporre le piante a temperature superiori a 30\u00b0C (86\u00b0F) per evitare stress da calore e scottature. Mantenere le piante in ombra parziale per proteggerle dall'intenso calore estivo.<\/p>\n\n\n\n<p class=\"wp-block-paragraph\"><strong>Luce<\/strong><\/p>\n\n\n\n<p class=\"wp-block-paragraph\">Le primule preferiscono una luce luminosa e indiretta. Posizionatele in zone con luce solare attenuata o ombra filtrata, assicurando una buona circolazione dell'aria. Sebbene richiedano una luce adeguata per una crescita corretta e la formazione dei boccioli, un'eccessiva luce solare diretta pu\u00f2 causare bruciature alle foglie e danni ai fiori. Una luce insufficiente pu\u00f2 provocare una crescita stentata e una fioritura ridotta.<\/p>\n\n\n\n<p class=\"wp-block-paragraph\"><strong>Irrigazione<\/strong><\/p>\n\n\n\n<p class=\"wp-block-paragraph\">Innaffiate le primule con parsimonia ma con frequenza, attenendovi al principio \"meno acqua, pi\u00f9 spesso\". Questo approccio previene il marciume radicale causato da un'eccessiva irrigazione. Lasciate asciugare leggermente la superficie del terreno tra un'annaffiatura e l'altra. Durante i mesi pi\u00f9 freddi, utilizzate acqua a temperatura ambiente per evitare di scuotere l'apparato radicale. Una corretta irrigazione \u00e8 essenziale per mantenere le primule in salute.<\/p>\n\n\n\n<p class=\"wp-block-paragraph\"><strong>Concimazione<\/strong><\/p>\n\n\n\n<p class=\"wp-block-paragraph\">Le primule hanno un fabbisogno moderato di fertilizzanti. Durante la fase di semina, applicate un fertilizzante bilanciato a base di azoto e fosforo una volta ogni due settimane. Aumentate la concimazione e l'irrigazione in autunno, periodo di crescita vigorosa per le primule. Per favorire la formazione dei boccioli e dei fiori, somministrate un fertilizzante fogliare con una soluzione di diidrogenofosfato di potassio. Evitate una concimazione eccessiva, che pu\u00f2 portare a una crescita eccessiva del fogliame a scapito della produzione di fiori.<\/p>\n\n\n\n<h3 class=\"wp-block-heading\">Precauzioni per la coltivazione<\/h3>\n\n\n\n<p class=\"wp-block-paragraph\">Durante il periodo di fioritura, potate selettivamente alcuni steli floreali per conservare le risorse della pianta e prolungare il periodo di fioritura. Rimuovere tempestivamente i fiori sbiaditi e i rami deboli o malati per mantenere la salute della pianta e incoraggiare la nuova crescita.<\/p>\n\n\n\n<p class=\"wp-block-paragraph\">A differenza di molte piante da fiore, le primule entrano in dormienza verso giugno. Durante questo periodo, riducete le annaffiature, aumentate la ventilazione e mantenete le temperature intorno ai 15\u00b0C (59\u00b0F) per favorire il ciclo naturale della pianta.<\/p>\n\n\n\n<h2 class=\"wp-block-heading\">V. Metodi di propagazione<\/h2>\n\n\n\n<h3 class=\"wp-block-heading\">Metodo di propagazione dei semi<\/h3>\n\n\n\n<p class=\"wp-block-paragraph\">La propagazione dei semi di primula richiede precisione a causa delle piccole dimensioni e della breve vitalit\u00e0 dei semi. Per ottenere i migliori risultati:<\/p>\n\n\n\n<ol class=\"wp-block-list\">\n<li>Raccogliere e seminare semi freschi, poich\u00e9 quelli conservati per pi\u00f9 di un anno hanno tassi di germinazione notevolmente ridotti.<\/li>\n\n\n\n<li>Per ottenere risultati ottimali, seminare da met\u00e0 giugno a inizio luglio.<\/li>\n\n\n\n<li>La germinazione \u00e8 prevista entro 7-10 giorni, mentre il picco di germinazione si verifica 2-3 giorni dopo.<\/li>\n\n\n\n<li>Fornisce luce diffusa (circa 55% di trasmittanza luminosa) per attivare gli enzimi dei semi e promuovere la germinazione.<\/li>\n\n\n\n<li>Mantenere la temperatura del terreno tra 15-20\u00b0C (59-68\u00b0F) per ottenere condizioni di germinazione ideali.<\/li>\n\n\n\n<li>Utilizzare una miscela di semina sterile e ben drenante per prevenire la malattia dell'umidit\u00e0.<\/li>\n\n\n\n<li>Mantenere il terreno costantemente umido, ma senza ristagni d'acqua, durante la germinazione.<\/li>\n\n\n\n<li>Considerate la possibilit\u00e0 di pretrattare i semi con acido gibberellico o con un ormone radicante per migliorare i tassi di germinazione.<\/li>\n<\/ol>\n\n\n\n<p class=\"wp-block-paragraph\">I semi pi\u00f9 pesanti hanno generalmente tassi di germinazione pi\u00f9 elevati e pi\u00f9 rapidi, producendo piantine pi\u00f9 vigorose. La semina autunnale \u00e8 possibile, ma pu\u00f2 dare luogo a tassi di germinazione pi\u00f9 bassi e a piante pi\u00f9 piccole con un valore ornamentale ridotto.<\/p>\n\n\n\n<h3 class=\"wp-block-heading\">Metodo di propagazione del taglio<\/h3>\n\n\n\n<p class=\"wp-block-paragraph\">Le primule possono essere propagate attraverso la divisione delle radici, in particolare per le variet\u00e0 perenni consolidate. Il momento ottimale per la divisione \u00e8 la met\u00e0 o la fine di agosto, per consentire alle piante di insediarsi prima della dormienza invernale. Questo metodo:<\/p>\n\n\n\n<ol class=\"wp-block-list\">\n<li>Produce piante robuste che fioriscono l'anno successivo.<\/li>\n\n\n\n<li>Ha maggior successo con piante mature e ben consolidate.<\/li>\n\n\n\n<li>Deve essere fatto con attenzione per ridurre al minimo i danni alla pianta madre.<\/li>\n\n\n\n<li>\u00c8 necessario dividere la zolla in sezioni, ciascuna con radici e fogliame sani.<\/li>\n\n\n\n<li>Funziona meglio quando le divisioni vengono immediatamente ripiantate nel terreno preparato.<\/li>\n\n\n\n<li>Necessita di cure e annaffiature supplementari fino all'insediamento delle nuove divisioni.<\/li>\n<\/ol>\n\n\n\n<p class=\"wp-block-paragraph\">La divisione delle radici pu\u00f2 essere un metodo di propagazione efficace, ma deve essere eseguita con giudizio per evitare uno stress eccessivo alla pianta originale. Questa tecnica \u00e8 particolarmente utile per ringiovanire le piante di primula pi\u00f9 vecchie e per creare nuovi esemplari per l'espansione del giardino.<\/p>\n\n\n\n<h2 class=\"wp-block-heading\">VI. Prevenzione e controllo delle malattie<\/h2>\n\n\n\n<h3 class=\"wp-block-heading\">Malattia delle foglie dei fiori<\/h3>\n\n\n\n<p class=\"wp-block-paragraph\">Sintomi: Malattia sistemica causata dal virus del mosaico del cetriolo (CMV). I sintomi includono foglie pi\u00f9 piccole e deformate con strisce verde scuro o ingiallimento. Le piante infette possono presentare una crescita stentata, una fioritura ridotta o assente e, se fioriscono, fiori con striature.<\/p>\n\n\n\n<p class=\"wp-block-paragraph\">Trasmissione: Diffusa principalmente dagli afidi del pesco (Myzus persicae) e dagli afidi del cotone (Aphis gossypii). Le principali fonti di infezione sono le erbacce malate circostanti.<\/p>\n\n\n\n<p class=\"wp-block-paragraph\">Misure di controllo:<\/p>\n\n\n\n<ol class=\"wp-block-list\">\n<li>Rimuovere tempestivamente le erbacce per ridurre le fonti di infezione.<\/li>\n\n\n\n<li>Attuare un controllo precoce degli afidi per eliminare i vettori della malattia.<\/li>\n\n\n\n<li>Utilizzare materiale di piantagione esente da virus.<\/li>\n\n\n\n<li>Considerate l'utilizzo di pacciamature riflettenti per scoraggiare gli afidi.<\/li>\n\n\n\n<li>Attuare la rotazione delle colture con piante non ospiti.<\/li>\n<\/ol>\n\n\n\n<h3 class=\"wp-block-heading\">Malattia della muffa grigia (Botrytis cinerea)<\/h3>\n\n\n\n<p class=\"wp-block-paragraph\">Sintomi: Malattia comune e diffusa che colpisce le primule. Le piante infette presentano un ingiallimento generale e infine la morte. La malattia colpisce principalmente le foglie, gli steli teneri e le parti floreali.<\/p>\n\n\n\n<p class=\"wp-block-paragraph\">Stadio iniziale: Macchie impregnate d'acqua sulle foglie, che si allargano gradualmente, diventano marroni e marciscono.<br>Stadio tardivo: Sulle aree malate si forma una muffa giallo-grigiastra.<br>Infezione del fusto: Lesioni marroni e marcescenti.<br>Infezione floreale: Imbrunimento, marciume e caduta delle parti fiorali.<\/p>\n\n\n\n<p class=\"wp-block-paragraph\">Condizioni: Favorita da temperature intorno ai 20\u00b0C e da un'elevata umidit\u00e0. Pi\u00f9 grave in condizioni di serra durante la fine dell'inverno e l'inizio della primavera.<\/p>\n\n\n\n<p class=\"wp-block-paragraph\">Ciclo di vita del patogeno: Sverna sotto forma di sclerozi nei residui vegetali malati e nel terreno.<\/p>\n\n\n\n<p class=\"wp-block-paragraph\">Misure di controllo:<\/p>\n\n\n\n<p class=\"wp-block-paragraph\">Mantenere una corretta spaziatura delle piante per migliorare la circolazione dell'aria.<\/p>\n\n\n\n<p class=\"wp-block-paragraph\">Aumentare la ventilazione per ridurre l'umidit\u00e0 dell'aria.<\/p>\n\n\n\n<p class=\"wp-block-paragraph\">Rimuovere tempestivamente il materiale vegetale malato.<\/p>\n\n\n\n<p class=\"wp-block-paragraph\">Applicare i fungicidi nelle fasi iniziali della malattia:<\/p>\n\n\n\n<ul class=\"wp-block-list\">\n<li>50% fungicida ad azione rapida o 50% Topas WP (diluizione 1:1500)<\/li>\n\n\n\n<li>Alternare con 65% Mancozeb WP (diluizione 1:500) per prevenire la resistenza.<\/li>\n<\/ul>\n\n\n\n<p class=\"wp-block-paragraph\">Attuare pratiche igieniche corrette nelle aree di coltivazione.<\/p>\n\n\n\n<h3 class=\"wp-block-heading\">Malattia delle macchie fogliari (Septoria primulae)<\/h3>\n\n\n\n<p class=\"wp-block-paragraph\">Sintomi: Colpisce principalmente le foglie, passando dalle parti inferiori a quelle superiori della pianta. Sulle foglie compaiono macchie marroni di 3-4 mm di diametro. Le infezioni pi\u00f9 gravi possono causare la morte delle foglie e la defogliazione.<\/p>\n\n\n\n<p class=\"wp-block-paragraph\">Agente patogeno: Causato dal fungo Septoria primulae.<\/p>\n\n\n\n<p class=\"wp-block-paragraph\">Ciclo della malattia: Sverna sotto forma di miceli o conidi su residui vegetali malati. Anche i semi possono trasportare il patogeno. Si diffonde principalmente attraverso i conidi trasportati dal vento e gli spruzzi di pioggia.<\/p>\n\n\n\n<p class=\"wp-block-paragraph\">Condizioni: Favorita da clima caldo e umido e da un'eccessiva concimazione azotata. \u00c8 pi\u00f9 diffusa da luglio a ottobre.<\/p>\n\n\n\n<p class=\"wp-block-paragraph\">Misure di controllo:<\/p>\n\n\n\n<p class=\"wp-block-paragraph\">Coltivare variet\u00e0 resistenti alle malattie.<\/p>\n\n\n\n<p class=\"wp-block-paragraph\">Ottimizzare la gestione dei fertilizzanti e dell'acqua:<\/p>\n\n\n\n<ul class=\"wp-block-list\">\n<li>Aumentare l'applicazione di fertilizzanti organici<\/li>\n\n\n\n<li>Bilanciare i fertilizzanti a base di fosforo e potassio<\/li>\n\n\n\n<li>Evitare un'eccessiva applicazione di azoto<\/li>\n<\/ul>\n\n\n\n<p class=\"wp-block-paragraph\">Applicare i fungicidi nelle fasi iniziali della malattia:<\/p>\n\n\n\n<ul class=\"wp-block-list\">\n<li>70% metossiacrilato (diluizione 1:1000) + 75% clorotalonil WP (diluizione 1:1000)<\/li>\n\n\n\n<li>Oppure miscela bordolese 1:1:100<\/li>\n<\/ul>\n\n\n\n<p class=\"wp-block-paragraph\">Praticare la rotazione delle colture con piante non ospiti.<\/p>\n\n\n\n<p class=\"wp-block-paragraph\">Assicuratevi che le piante siano distanziate in modo adeguato per garantire una buona circolazione dell'aria.<\/p>\n\n\n\n<h3 class=\"wp-block-heading\">Malattia batterica delle foglie<\/h3>\n\n\n\n<p class=\"wp-block-paragraph\">Sintomi: Colpisce foglie e steli fiorali. I sintomi iniziali comprendono macchie irregolari e impregnate d'acqua lungo le nervature delle foglie, che diventano gialle o marroni e si allargano. Le infezioni pi\u00f9 gravi possono causare il disseccamento dei margini fogliari e la morte.<\/p>\n\n\n\n<p class=\"wp-block-paragraph\"><strong>Misure di controllo:<\/strong><\/p>\n\n\n\n<ol class=\"wp-block-list\">\n<li>Implementare solide pratiche di gestione delle coltivazioni.<\/li>\n\n\n\n<li>Utilizzare piantine esenti da malattie e disinfettare il terreno del semenzaio.<\/li>\n\n\n\n<li>Assicurare una ventilazione tempestiva della serra per ridurre l'umidit\u00e0.<\/li>\n\n\n\n<li>Rimuovere tempestivamente i residui vegetali malati.<\/li>\n\n\n\n<li>Applicare battericidi al manifestarsi della malattia: 50% ossicloruro di rame WP (diluizione 1:500); oppure 72% streptomicina agricola WP (diluizione 1:4000).<\/li>\n\n\n\n<li>Praticare la rotazione delle colture con piante non ospiti.<\/li>\n<\/ol>\n\n\n\n<ul class=\"wp-block-list\"><\/ul>\n\n\n\n<h3 class=\"wp-block-heading\">Clorosi da carenza di ferro<\/h3>\n\n\n\n<p class=\"wp-block-paragraph\">Sintomi: Le foglie giovani superiori perdono prima il colore verde, mentre quelle pi\u00f9 vecchie rimangono normali. Le foglie clorotiche presentano un tessuto giallo con venature verdi (clorosi interveale). I casi pi\u00f9 gravi possono portare a macchie marroni sulle punte delle foglie o alla caduta delle stesse.<\/p>\n\n\n\n<p class=\"wp-block-paragraph\"><strong>Misure di controllo:<\/strong><\/p>\n\n\n\n<ol class=\"wp-block-list\">\n<li>Per il terriccio utilizzate un terriccio ricco di ferro.<\/li>\n\n\n\n<li>Incorporare solfato di ferro e solfato di zinco nei fertilizzanti organici per promuovere lo sviluppo delle radici e l'assorbimento del ferro.<\/li>\n\n\n\n<li>Applicare per via fogliare una soluzione di solfato ferroso 0,2-0,5% alla comparsa dei sintomi.<\/li>\n\n\n\n<li>Considerate l'uso di prodotti a base di ferro chelato per un assorbimento pi\u00f9 efficiente.<\/li>\n\n\n\n<li>Regolare il pH del terreno per ottimizzare la disponibilit\u00e0 di ferro (intervallo ideale: 6,0-6,5).<\/li>\n<\/ol>\n\n\n\n<h3 class=\"wp-block-heading\">Malattia della macchia bruna<\/h3>\n\n\n\n<p class=\"wp-block-paragraph\">Sintomi: Colpisce comunemente le primule Polyanthus. \u00c8 causata da un fungo Ascomycota. Sulle foglie compaiono macchie marroni. Si diffonde tramite conidi dispersi dal vento e dalla pioggia.<\/p>\n\n\n\n<p class=\"wp-block-paragraph\"><strong>Misure di controllo:<\/strong><\/p>\n\n\n\n<ul class=\"wp-block-list\">\n<li>Applicare fungicidi nelle fasi iniziali della malattia: 70% clorotalonil WP (diluizione 1:1000) o altri fungicidi adatti.<\/li>\n\n\n\n<li>Migliorare la circolazione dell'aria attraverso una corretta spaziatura e potatura.<\/li>\n\n\n\n<li>Evitare l'irrigazione dall'alto per ridurre la bagnatura delle foglie.<\/li>\n\n\n\n<li>Rimuovere e distruggere il materiale vegetale infetto.<\/li>\n\n\n\n<li>Praticare la rotazione delle colture con piante non ospiti.<\/li>\n<\/ul>\n\n\n\n<ol class=\"wp-block-list\"><\/ol>\n\n\n\n<h2 class=\"wp-block-heading\">VII. Valore e altro<\/h2>\n\n\n\n<h3 class=\"wp-block-heading\">I benefici e gli usi delle primule<\/h3>\n\n\n\n<p class=\"wp-block-paragraph\"><strong>Valore medicinale:<\/strong><\/p>\n\n\n\n<ul class=\"wp-block-list\">\n<li>Propriet\u00e0 di rimozione del calore e di asciugatura dell'umidit\u00e0<\/li>\n\n\n\n<li>Effetti depurativi sul fegato e sulla cistifellea<\/li>\n\n\n\n<li>Propriet\u00e0 emostatiche (blocca-sanguinamento)<\/li>\n\n\n\n<li>Efficace nel trattamento delle convulsioni pediatriche indotte da febbre<\/li>\n\n\n\n<li>Terapeutico per gastroenterite acuta e dissenteria<\/li>\n\n\n\n<li>Contiene composti bioattivi come flavonoidi e saponine con potenziali propriet\u00e0 antinfiammatorie e antiossidanti.<\/li>\n<\/ul>\n\n\n\n<p class=\"wp-block-paragraph\"><strong>Valore estetico:<\/strong><\/p>\n\n\n\n<ul class=\"wp-block-list\">\n<li>Fioriture precoci, che simboleggiano l'arrivo della primavera<\/li>\n\n\n\n<li>Colori e forme diverse, adatte a vari progetti paesaggistici<\/li>\n\n\n\n<li>Eccellente per illuminare le zone ombreggiate del giardino<\/li>\n\n\n\n<li>Utilizzabile in contenitori, giardini rocciosi e boschi.<\/li>\n\n\n\n<li>Attraente per gli impollinatori, aumenta la biodiversit\u00e0 del giardino<\/li>\n<\/ul>\n\n\n\n<h3 class=\"wp-block-heading\">Cultura vegetale<\/h3>\n\n\n\n<p class=\"wp-block-paragraph\">Il linguaggio dei fiori: Primo amore, speranza, nessun rimpianto<\/p>\n\n\n\n<p class=\"wp-block-paragraph\">Destinatari del regalo: Amici, amanti, persone importanti<\/p>\n\n\n\n<p class=\"wp-block-paragraph\">Il galateo del regalo floreale:<\/p>\n\n\n\n<ul class=\"wp-block-list\">\n<li>Disponete le primule in vaso di vari colori in un piatto largo e poco profondo di colore chiaro.<\/li>\n\n\n\n<li>Avvolgere con carta cellophane<\/li>\n\n\n\n<li>Adornare con un nastro di raso legato in un fiocco a croce.<\/li>\n<\/ul>\n\n\n\n<p class=\"wp-block-paragraph\">Importanza culturale:<\/p>\n\n\n\n<ul class=\"wp-block-list\">\n<li>In molte culture \u00e8 associato alla giovinezza e ai nuovi inizi.<\/li>\n\n\n\n<li>Presente nel folklore e nella letteratura di varie tradizioni europee<\/li>\n\n\n\n<li>In alcune regioni simboleggia protezione e fortuna.<\/li>\n\n\n\n<li>Utilizzato nelle pratiche di medicina tradizionale in diverse parti del mondo<\/li>\n<\/ul>\n\n\n\n<p class=\"wp-block-paragraph\">Impatto orticolo:<\/p>\n\n\n\n<ul class=\"wp-block-list\">\n<li>Importante per lo sviluppo di numerosi ibridi e cultivar da giardino<\/li>\n\n\n\n<li>Ha contribuito all'avanzamento delle tecniche di selezione delle piante.<\/li>\n\n\n\n<li>Svolge un ruolo negli sforzi di conservazione delle specie di primula selvatica<\/li>\n<\/ul>","protected":false},"excerpt":{"rendered":"<p>Primula malacoides, commonly known as the Fairy Primrose, Baby Primrose, or Tiered Primrose, is a delightful biennial herbaceous plant belonging to the Primulaceae family. This charming species is prized for its early spring blooms, diverse color palette, and extended flowering period, making it a valuable ornamental plant for gardens and greenhouses alike. I. Basic Introduction [&hellip;]<\/p>\n","protected":false},"author":1,"featured_media":11111,"comment_status":"open","ping_status":"open","sticky":false,"template":"","format":"standard","meta":{"_breakdance_hide_in_design_set":false,"_breakdance_tags":"","footnotes":""},"categories":[20],"tags":[],"class_list":["post-11073","post","type-post","status-publish","format-standard","has-post-thumbnail","hentry","category-species-and-types"],"_links":{"self":[{"href":"https:\/\/flowerslib.com\/it\/wp-json\/wp\/v2\/posts\/11073","targetHints":{"allow":["GET"]}}],"collection":[{"href":"https:\/\/flowerslib.com\/it\/wp-json\/wp\/v2\/posts"}],"about":[{"href":"https:\/\/flowerslib.com\/it\/wp-json\/wp\/v2\/types\/post"}],"author":[{"embeddable":true,"href":"https:\/\/flowerslib.com\/it\/wp-json\/wp\/v2\/users\/1"}],"replies":[{"embeddable":true,"href":"https:\/\/flowerslib.com\/it\/wp-json\/wp\/v2\/comments?post=11073"}],"version-history":[{"count":0,"href":"https:\/\/flowerslib.com\/it\/wp-json\/wp\/v2\/posts\/11073\/revisions"}],"wp:featuredmedia":[{"embeddable":true,"href":"https:\/\/flowerslib.com\/it\/wp-json\/wp\/v2\/media\/11111"}],"wp:attachment":[{"href":"https:\/\/flowerslib.com\/it\/wp-json\/wp\/v2\/media?parent=11073"}],"wp:term":[{"taxonomy":"category","embeddable":true,"href":"https:\/\/flowerslib.com\/it\/wp-json\/wp\/v2\/categories?post=11073"},{"taxonomy":"post_tag","embeddable":true,"href":"https:\/\/flowerslib.com\/it\/wp-json\/wp\/v2\/tags?post=11073"}],"curies":[{"name":"wp","href":"https:\/\/api.w.org\/{rel}","templated":true}]}}