{"id":14028,"date":"2024-08-02T17:06:24","date_gmt":"2024-08-02T09:06:24","guid":{"rendered":"https:\/\/flowerslib.com\/?p=14028"},"modified":"2024-08-02T17:06:26","modified_gmt":"2024-08-02T09:06:26","slug":"fagraea-ceilanica","status":"publish","type":"post","link":"https:\/\/flowerslib.com\/fr\/fagraea-ceilanica\/","title":{"rendered":"Fagraea Ceylanica : Un guide complet de la culture et des soins"},"content":{"rendered":"<p class=\"wp-block-paragraph\">Le Fagraea ceylanica, \u00e9galement connu sous le nom de bois de fer de Ceylan ou de tro\u00e8ne g\u00e9ant, est un arbre ou un arbuste \u00e0 feuilles persistantes appartenant \u00e0 la famille des Gentianaceae. Il se caract\u00e9rise par une \u00e9corce grise et des branches robustes et cylindriques.<\/p>\n\n\n\n<p class=\"wp-block-paragraph\">Cette plante glabre poss\u00e8de des feuilles quelque peu succulentes, acumin\u00e9es \u00e0 l'apex et cun\u00e9iformes \u00e0 largement cun\u00e9iformes \u00e0 la base. Les feuilles sont d'un vert profond avec une nervure centrale aplatie et des nervures l\u00e9g\u00e8rement sur\u00e9lev\u00e9es sur la face inf\u00e9rieure.<\/p>\n\n\n\n<p class=\"wp-block-paragraph\">Les tiges des feuilles ont des \u00e9cailles axillaires form\u00e9es par des stipules. Les fleurs sont solitaires ou group\u00e9es en cymes terminales dichasiques ; la corolle est en forme d'entonnoir et blanche, d\u00e9gageant une odeur parfum\u00e9e. Les anth\u00e8res sont de forme oblongue \u00e0 ovale.<\/p>\n\n\n\n<p class=\"wp-block-paragraph\"><\/p>\n\n\n<div class=\"wp-block-image\">\n<figure class=\"aligncenter size-full\"><img loading=\"lazy\" decoding=\"async\" width=\"1200\" height=\"800\" src=\"https:\/\/flowerslib.com\/wp-content\/uploads\/2023\/12\/6-32.jpg\" alt=\"Fagraea ceilanica\" class=\"wp-image-15431\" srcset=\"https:\/\/flowerslib.com\/wp-content\/uploads\/2023\/12\/6-32.jpg 1200w, https:\/\/flowerslib.com\/wp-content\/uploads\/2023\/12\/6-32-600x400.jpg 600w, https:\/\/flowerslib.com\/wp-content\/uploads\/2023\/12\/6-32-768x512.jpg 768w, https:\/\/flowerslib.com\/wp-content\/uploads\/2023\/12\/6-32-240x160.jpg 240w\" sizes=\"auto, (max-width: 1200px) 100vw, 1200px\" \/><\/figure>\n<\/div>\n\n\n<p class=\"wp-block-paragraph\"><\/p>\n\n\n\n<p class=\"wp-block-paragraph\">L'ovaire est elliptique ou ovale, conduisant \u00e0 un style mince et \u00e0 un stigmate obconique ou l\u00e9g\u00e8rement feutr\u00e9. Le fruit est une baie ovo\u00efde ou presque sph\u00e9rique, vert clair avec un calice persistant \u00e0 la base et un apex apicul\u00e9.<\/p>\n\n\n\n<p class=\"wp-block-paragraph\">La floraison a lieu d'avril \u00e0 ao\u00fbt et la p\u00e9riode de fructification s'\u00e9tend de juillet \u00e0 mars. Avec ses grandes fleurs aromatiques et son feuillage persistant et luxuriant, le Fagraea ceylanica est un excellent choix pour les jardins et les expositions ornementales d'int\u00e9rieur.<\/p>\n\n\n\n<p class=\"wp-block-paragraph\">Il a une forte capacit\u00e9 \u00e0 r\u00e9sister \u00e0 la pollution et est id\u00e9al pour les ceintures vertes le long des routes, les corridors urbains, les lisi\u00e8res de for\u00eat et comme \u00e9l\u00e9ment distinctif du paysage.<\/p>\n\n\n\n<h2 class=\"wp-block-heading\">I. Caract\u00e9ristiques morphologiques<\/h2>\n\n\n\n<p class=\"wp-block-paragraph\"><\/p>\n\n\n<div class=\"wp-block-image\">\n<figure class=\"aligncenter size-full\"><img loading=\"lazy\" decoding=\"async\" width=\"1200\" height=\"800\" src=\"https:\/\/flowerslib.com\/wp-content\/uploads\/2023\/12\/7-26.jpg\" alt=\"Fagraea ceilanica\" class=\"wp-image-15432\" srcset=\"https:\/\/flowerslib.com\/wp-content\/uploads\/2023\/12\/7-26.jpg 1200w, https:\/\/flowerslib.com\/wp-content\/uploads\/2023\/12\/7-26-600x400.jpg 600w, https:\/\/flowerslib.com\/wp-content\/uploads\/2023\/12\/7-26-768x512.jpg 768w, https:\/\/flowerslib.com\/wp-content\/uploads\/2023\/12\/7-26-240x160.jpg 240w\" sizes=\"auto, (max-width: 1200px) 100vw, 1200px\" \/><\/figure>\n<\/div>\n\n\n<p class=\"wp-block-paragraph\"><\/p>\n\n\n\n<p class=\"wp-block-paragraph\">L'arbre peut atteindre 15 m\u00e8tres de haut et se pr\u00e9sente parfois comme un arbuste grimpant lorsqu'il est soutenu par d'autres arbres. Son \u00e9corce est de couleur grise. Les branches sont \u00e9paisses et cylindriques, les plus anciennes pr\u00e9sentant des cicatrices foliaires et stipulaires pro\u00e9minentes. La plante enti\u00e8re est glabre.<\/p>\n\n\n\n<p class=\"wp-block-paragraph\">Les feuilles sont quelque peu succulentes, devenant coriaces ou subcoriac\u00e9es lorsqu'elles sont s\u00e8ches. Elles pr\u00e9sentent des formes vari\u00e9es : elliptiques, ovales, obovales ou oblongues, parfois oblongues-lanc\u00e9ol\u00e9es, mesurant 5-25 centim\u00e8tres de longueur et 2-10 centim\u00e8tres de largeur.<\/p>\n\n\n\n<p class=\"wp-block-paragraph\">Les feuilles sont d'un vert profond, devenant jaune verd\u00e2tre lorsqu'elles sont s\u00e8ches ; elles ont une nervure centrale aplatie et des nervures secondaires l\u00e9g\u00e8rement sur\u00e9lev\u00e9es sur la face inf\u00e9rieure, avec 4 \u00e0 8 paires de nervures lat\u00e9rales, bien que celles-ci ne soient pas tr\u00e8s pro\u00e9minentes.<\/p>\n\n\n\n<p class=\"wp-block-paragraph\"><\/p>\n\n\n<div class=\"wp-block-image\">\n<figure class=\"aligncenter size-full\"><img loading=\"lazy\" decoding=\"async\" width=\"1200\" height=\"800\" src=\"https:\/\/flowerslib.com\/wp-content\/uploads\/2023\/12\/5-42.jpg\" alt=\"Fagraea ceilanica\" class=\"wp-image-15433\" srcset=\"https:\/\/flowerslib.com\/wp-content\/uploads\/2023\/12\/5-42.jpg 1200w, https:\/\/flowerslib.com\/wp-content\/uploads\/2023\/12\/5-42-600x400.jpg 600w, https:\/\/flowerslib.com\/wp-content\/uploads\/2023\/12\/5-42-768x512.jpg 768w, https:\/\/flowerslib.com\/wp-content\/uploads\/2023\/12\/5-42-240x160.jpg 240w\" sizes=\"auto, (max-width: 1200px) 100vw, 1200px\" \/><\/figure>\n<\/div>\n\n\n<p class=\"wp-block-paragraph\"><\/p>\n\n\n\n<p class=\"wp-block-paragraph\">Les p\u00e9tioles ont une longueur de 1 \u00e0 5 centim\u00e8tres avec des \u00e9cailles axillaires \u00e0 la base form\u00e9es par les stipules, qui ont une longueur d'environ 1 millim\u00e8tre et une largeur de 4 millim\u00e8tres, souvent partiellement adn\u00e9es au p\u00e9tiole.<\/p>\n\n\n\n<p class=\"wp-block-paragraph\">Les fleurs sont solitaires ou forment des cymes dichasiennes terminales. Les p\u00e9doncules sont courts et robustes, avec des bract\u00e9es lanc\u00e9ol\u00e9es \u00e0 la base, d'environ 4 millim\u00e8tres de long ; les p\u00e9dicelles sont robustes, jusqu'\u00e0 1 centim\u00e8tre de long, avec deux larges bracteoles ovales dans la partie sup\u00e9rieure.<\/p>\n\n\n\n<p class=\"wp-block-paragraph\">Le calice est vert, charnu, devenant coriace lorsqu'il est sec, long de 1,5 \u00e0 2 centim\u00e8tres, avec des lobes ovales \u00e0 orbiculaires d'environ 1 centim\u00e8tre de long et des marges \u00e9cailleuses. La corolle est en forme d'entonnoir, d'environ 5 centim\u00e8tres de long, membraneuse mais l\u00e9g\u00e8rement charnue, blanche et parfum\u00e9e.<\/p>\n\n\n\n<p class=\"wp-block-paragraph\">Le tube de la corolle est long de 3 \u00e0 3,5 centim\u00e8tres, se dilatant \u00e0 l'apex avec des lobes obovales \u00e9tal\u00e9s, longs de 2,5 \u00e0 3 centim\u00e8tres et larges de 2 centim\u00e8tres au maximum, avec une nervation en relief \u00e0 l'int\u00e9rieur du sommet.<\/p>\n\n\n\n<p class=\"wp-block-paragraph\">Les \u00e9tamines sont incluses, avec des filaments filiformes et des anth\u00e8res oblongues \u00e0 ovales, de 5 \u00e0 7 millim\u00e8tres de long. L'ovaire est ellipso\u00efde ou ovo\u00efde, long de 5 millim\u00e8tres, glabre, biloculaire, avec de nombreux ovules dans chaque locule.<\/p>\n\n\n\n<p class=\"wp-block-paragraph\">Le style est mince, avec un stigmate obconique ou l\u00e9g\u00e8rement pelt\u00e9e.<\/p>\n\n\n\n<p class=\"wp-block-paragraph\">La baie est ovo\u00efde ou subglobuleuse, 3-5 centim\u00e8tres de long, 2-4 centim\u00e8tres de diam\u00e8tre, vert clair brillant avec un calice persistant \u00e0 la base et un apex apicul\u00e9.<\/p>\n\n\n\n<p class=\"wp-block-paragraph\">Les graines sont ellipso\u00efdes \u00e0 r\u00e9niformes, longues de 3 \u00e0 4 millim\u00e8tres, noy\u00e9es dans la pulpe du fruit. Le nombre de chromosomes de base est x=11. La p\u00e9riode de floraison s'\u00e9tend d'avril \u00e0 ao\u00fbt, et la p\u00e9riode de fructification de juillet \u00e0 mars.<\/p>\n\n\n\n<h2 class=\"wp-block-heading\">II. Environnement de croissance<\/h2>\n\n\n\n<p class=\"wp-block-paragraph\">La plante prosp\u00e8re dans les for\u00eats denses de montagne et les for\u00eats de feuillus dans les zones calcaires \u00e0 des altitudes de 500 \u00e0 1800 m\u00e8tres.<\/p>\n\n\n\n<p class=\"wp-block-paragraph\">Il pr\u00e9f\u00e8re le plein soleil mais tol\u00e8re la s\u00e9cheresse, l'ombre partielle et le froid mod\u00e9r\u00e9, restant toujours vert et vigoureux dans les climats tropicaux et subtropicaux de l'Asie du Sud et du Sud-Est. Il s'adapte \u00e0 diff\u00e9rents types de sol, fait preuve d'une grande plasticit\u00e9 environnementale et est relativement facile \u00e0 cultiver.<\/p>\n\n\n\n<h2 class=\"wp-block-heading\">III. Aire de r\u00e9partition<\/h2>\n\n\n\n<p class=\"wp-block-paragraph\">Fagraea ceilanica est originaire et largement r\u00e9pandu dans les r\u00e9gions tropicales et subtropicales d'Asie. Son aire de r\u00e9partition naturelle s'\u00e9tend sur la Chine, l'Inde, le Sri Lanka, le Myanmar, la Tha\u00eflande, le Laos, le Vietnam, le Cambodge, l'Indon\u00e9sie, les Philippines et la Malaisie. Cette vaste r\u00e9partition d\u00e9montre l'adaptabilit\u00e9 de l'esp\u00e8ce \u00e0 divers climats et \u00e9cosyst\u00e8mes tropicaux et subtropicaux.<\/p>\n\n\n\n<h2 class=\"wp-block-heading\">IV. Croissance et propagation<\/h2>\n\n\n\n<p class=\"wp-block-paragraph\">Fagraea ceilanica peut \u00eatre propag\u00e9 avec succ\u00e8s par plusieurs m\u00e9thodes, notamment par bouturage, semis, marcottage et division. Chaque technique a un calendrier et des conditions optimales sp\u00e9cifiques, ce qui permet aux cultivateurs de choisir la m\u00e9thode la plus appropri\u00e9e en fonction de leur situation et de leurs ressources. Les boutures de tiges et les semences sont particuli\u00e8rement efficaces et permettent souvent d'obtenir des taux \u00e9lev\u00e9s d'\u00e9tablissement des semis.<\/p>\n\n\n\n<h3 class=\"wp-block-heading\">Ensemencement<\/h3>\n\n\n\n<p class=\"wp-block-paragraph\">La p\u00e9riode optimale pour semer les graines de Fagraea ceilanica s'\u00e9tend d'octobre \u00e0 d\u00e9cembre. Cette p\u00e9riode correspond au cycle naturel de reproduction de la plante et offre des conditions id\u00e9ales pour la germination.<\/p>\n\n\n\n<p class=\"wp-block-paragraph\">Collecte et pr\u00e9paration des semences :<\/p>\n\n\n\n<ul class=\"wp-block-list\">\n<li>R\u00e9colter les fruits m\u00fbrs<\/li>\n\n\n\n<li>Extraire les graines avec pr\u00e9caution<\/li>\n\n\n\n<li>Choisissez entre le semis imm\u00e9diat et le stockage dans le sable<\/li>\n<\/ul>\n\n\n\n<p class=\"wp-block-paragraph\">Processus d'ensemencement :<\/p>\n\n\n\n<ul class=\"wp-block-list\">\n<li>Pr\u00e9parer un lit de semence avec un terreau sableux meuble et fertile.<\/li>\n\n\n\n<li>Semer les graines \u00e0 la vol\u00e9e ou en ligne<\/li>\n\n\n\n<li>Recouvrir les graines de 2 \u00e0 3 cm de terre.<\/li>\n\n\n\n<li>Appliquer un paillis (paille ou film plastique) pour la chaleur et la protection contre le gel.<\/li>\n<\/ul>\n\n\n\n<p class=\"wp-block-paragraph\">Germination et soins aux semis :<\/p>\n\n\n\n<ul class=\"wp-block-list\">\n<li>Les graines sem\u00e9es \u00e0 la fin de l'automne ou au d\u00e9but de l'hiver germent g\u00e9n\u00e9ralement au printemps suivant.<\/li>\n\n\n\n<li>Enlever le paillis d\u00e8s la germination<\/li>\n\n\n\n<li>Intensifier la gestion de l'eau et des engrais<\/li>\n\n\n\n<li>Construire des structures d'ombrage en \u00e9t\u00e9 pour favoriser les plantes hautes et bien form\u00e9es.<\/li>\n<\/ul>\n\n\n\n<h3 class=\"wp-block-heading\">Boutures<\/h3>\n\n\n\n<p class=\"wp-block-paragraph\">La propagation par bouturage des tiges de Fagraea ceilanica donne les meilleurs r\u00e9sultats lorsqu'elle est effectu\u00e9e entre la fin avril et le mois d'octobre, les meilleurs r\u00e9sultats \u00e9tant g\u00e9n\u00e9ralement obtenus pendant la saison des pluies (juin-juillet).<\/p>\n\n\n\n<p class=\"wp-block-paragraph\">S\u00e9lection et pr\u00e9paration des coupes :<\/p>\n\n\n\n<ul class=\"wp-block-list\">\n<li>Choisir des branches saines \u00e2g\u00e9es de 1 \u00e0 2 ans<\/li>\n\n\n\n<li>Couper des segments de 12 \u00e0 15 cm de long.<\/li>\n\n\n\n<li>Inclure 2-3 demi-feuilles sur chaque coupe<\/li>\n\n\n\n<li>Effectuer la coupe inf\u00e9rieure \u00e0 2-3 mm (0.08-0.12 pouces) en dessous d'un n\u0153ud.<\/li>\n<\/ul>\n\n\n\n<p class=\"wp-block-paragraph\">Plantation et entretien :<\/p>\n\n\n\n<ul class=\"wp-block-list\">\n<li>Utiliser de la tourbe, du loam sableux, de la vermiculite ou du sable loameux comme milieu de culture (la tourbe donne souvent les meilleurs r\u00e9sultats).<\/li>\n\n\n\n<li>Recouvrir d'un film plastique pour maintenir l'humidit\u00e9<\/li>\n\n\n\n<li>Fournir de l'ombre pendant les p\u00e9riodes ensoleill\u00e9es<\/li>\n\n\n\n<li>Le d\u00e9veloppement des racines devrait se faire en 1 \u00e0 2 mois<\/li>\n\n\n\n<li>Le taux de survie typique d\u00e9passe 80%<\/li>\n<\/ul>\n\n\n\n<h3 class=\"wp-block-heading\">Division<\/h3>\n\n\n\n<p class=\"wp-block-paragraph\">Il est pr\u00e9f\u00e9rable de proc\u00e9der \u00e0 la division en mars ou en avril, au d\u00e9but de la nouvelle croissance.<\/p>\n\n\n\n<p class=\"wp-block-paragraph\">Processus :<\/p>\n\n\n\n<ol class=\"wp-block-list\">\n<li>Retirer les plantes en touffes des pots ou du sol<\/li>\n\n\n\n<li>Enlever d\u00e9licatement l'exc\u00e8s de terre<\/li>\n\n\n\n<li>Utiliser un couteau st\u00e9rile bien aiguis\u00e9 pour s\u00e9parer les divisions au niveau des jonctions faibles des racines.<\/li>\n\n\n\n<li>Veiller \u00e0 ce que chaque division ait 2 ou 3 tiges et des racines saines.<\/li>\n\n\n\n<li>Replanter les divisions en pleine terre ou en pots<\/li>\n\n\n\n<li>Il est \u00e9galement possible de r\u00e9colter et de replanter des pousses issues de racines situ\u00e9es pr\u00e8s du sol.<\/li>\n<\/ol>\n\n\n\n<h3 class=\"wp-block-heading\">Superposition<\/h3>\n\n\n\n<p class=\"wp-block-paragraph\">Deux m\u00e9thodes principales de stratification sont employ\u00e9es pour Fagraea ceilanica : la stratification basse et la stratification haute.<\/p>\n\n\n\n<p class=\"wp-block-paragraph\">Faible \u00e9paisseur (Chine m\u00e9ridionale) :<\/p>\n\n\n\n<ul class=\"wp-block-list\">\n<li>Calendrier : Avril<\/li>\n\n\n\n<li>S\u00e9lectionner des branches saines \u00e2g\u00e9es de 2 \u00e0 3 ans pr\u00e8s de la base de la plante.<\/li>\n\n\n\n<li>\u00c9plucher ou ceinturer la branche s\u00e9lectionn\u00e9e<\/li>\n\n\n\n<li>Plier et enterrer la section trait\u00e9e dans une tranch\u00e9e creus\u00e9e \u00e0 l'avance<\/li>\n\n\n\n<li>Les racines se d\u00e9veloppent g\u00e9n\u00e9ralement en 40-50 jours<\/li>\n\n\n\n<li>S\u00e9parer et transplanter les nouvelles plantes en juillet ou en ao\u00fbt.<\/li>\n<\/ul>\n\n\n\n<p class=\"wp-block-paragraph\">Haute densit\u00e9 (Chine septentrionale) :<\/p>\n\n\n\n<ul class=\"wp-block-list\">\n<li>Calendrier : Fin avril<\/li>\n\n\n\n<li>Choisir une branche saine de 2 ans<\/li>\n\n\n\n<li>Faire une incision de 0,5 cm en dessous d'un n\u0153ud<\/li>\n\n\n\n<li>Peler un anneau autour de la branche (la largeur doit \u00eatre \u00e9gale \u00e0 3 fois le diam\u00e8tre de la branche).<\/li>\n\n\n\n<li>Envelopper la zone ceintur\u00e9e d'un film plastique contenant de la mousse de sphaigne ou de la tourbe humide.<\/li>\n\n\n\n<li>Laisser une ouverture pour l'irrigation<\/li>\n\n\n\n<li>La formation des racines est attendue dans les 2 \u00e0 3 mois<\/li>\n<\/ul>\n\n\n\n<h2 class=\"wp-block-heading\">V. Lutte contre les ravageurs et les maladies<\/h2>\n\n\n\n<h3 class=\"wp-block-heading\">Maladies<\/h3>\n\n\n\n<p class=\"wp-block-paragraph\">Anthracnose :<\/p>\n\n\n\n<ul class=\"wp-block-list\">\n<li>Sympt\u00f4mes : Taches d\u00e9prim\u00e9es circulaires \u00e0 irr\u00e9guli\u00e8res sur les jeunes branches et les feuilles ; bords bruns avec centres gris-blanc \u00e0 gris-brun ; granules noirs (acervuli) visibles.<\/li>\n\n\n\n<li>Contr\u00f4le : Pulv\u00e9risation altern\u00e9e tous les 10 jours (3-4 applications) avec :\n<ol class=\"wp-block-list\">\n<li>M\u00e9lange de 50% carbendazim WP dilu\u00e9 800x et de 25% thiophanate-m\u00e9thyl WP dilu\u00e9 800x.<\/li>\n\n\n\n<li>500x dilu\u00e9 25% chlorothalonil WP<\/li>\n<\/ol>\n<\/li>\n<\/ul>\n\n\n\n<p class=\"wp-block-paragraph\">\u00c9cailles de soleil :<\/p>\n\n\n\n<ul class=\"wp-block-list\">\n<li>Sympt\u00f4mes : Taches roussies blanc gris ou blanc p\u00e2le sur les pousses tendres et les jeunes feuilles, g\u00e9n\u00e9ralement pendant les fortes chaleurs estivales.<\/li>\n\n\n\n<li>La pr\u00e9vention :\n<ol class=\"wp-block-list\">\n<li>Utiliser des filets d'ombrage<\/li>\n\n\n\n<li>D\u00e9placer les plantes dans des endroits appropri\u00e9s<\/li>\n\n\n\n<li>Augmenter la fr\u00e9quence et le volume d'arrosage pendant les p\u00e9riodes chaudes et s\u00e8ches<\/li>\n\n\n\n<li>Envisager un arrosage direct des feuilles si n\u00e9cessaire<\/li>\n<\/ol>\n<\/li>\n\n\n\n<li>Traitement :\n<ol class=\"wp-block-list\">\n<li>D\u00e9placer imm\u00e9diatement les plantes affect\u00e9es \u00e0 l'ombre<\/li>\n\n\n\n<li>Tailler les pousses et les feuilles br\u00fbl\u00e9es<\/li>\n\n\n\n<li>Am\u00e9liorer la gestion de l'eau et des engrais pour la r\u00e9cup\u00e9ration<\/li>\n<\/ol>\n<\/li>\n<\/ul>\n\n\n\n<h3 class=\"wp-block-heading\">Nuisibles<\/h3>\n\n\n\n<p class=\"wp-block-paragraph\">Thrips :<\/p>\n\n\n\n<ul class=\"wp-block-list\">\n<li>D\u00e9g\u00e2ts : Attaque des feuilles tendres et des jeunes bourgeons, provoquant des galles, des d\u00e9formations et des feuilles recroquevill\u00e9es.<\/li>\n\n\n\n<li>Sympt\u00f4mes : Les adultes et les juv\u00e9niles se nourrissent souvent ensemble sur les faces inf\u00e9rieures des feuilles, en particulier le long des nervures principales.<\/li>\n<\/ul>\n\n\n\n<p class=\"wp-block-paragraph\">Mesures de contr\u00f4le :<\/p>\n\n\n\n<ol class=\"wp-block-list\">\n<li>Physique : Enlever et br\u00fbler les parties de la plante affect\u00e9es pour les infestations mineures.<\/li>\n\n\n\n<li>Biologique : introduction d'insectes pr\u00e9dateurs (par exemple, les coccinelles, en particulier les coccinelles \u00e0 sept points et les coccinelles convergentes).<\/li>\n\n\n\n<li>Chimique :\n<ul class=\"wp-block-list\">\n<li>Pr\u00e9vention : Pulv\u00e9riser de l'abamectine (2500x dilu\u00e9) ou de l'imidaclopride (1000x dilu\u00e9) \u00e0 l'apparition des nouvelles feuilles.<\/li>\n\n\n\n<li>Curatif : Appliquer l'insecticide choisi tous les 6-7 jours, en r\u00e9p\u00e9tant l'op\u00e9ration 3-4 fois si n\u00e9cessaire.<\/li>\n<\/ul>\n<\/li>\n<\/ol>\n\n\n\n<h2 class=\"wp-block-heading\">VI. Valeur principale<\/h2>\n\n\n\n<h3 class=\"wp-block-heading\">Importance horticole<\/h3>\n\n\n\n<p class=\"wp-block-paragraph\">Le Fagraea ceilanica est appr\u00e9ci\u00e9 pour son :<\/p>\n\n\n\n<ul class=\"wp-block-list\">\n<li>Grandes fleurs parfum\u00e9es<\/li>\n\n\n\n<li>Feuillage persistant et brillant<\/li>\n\n\n\n<li>Croissance vigoureuse<\/li>\n\n\n\n<li>Forme luxuriante et gracieuse<\/li>\n\n\n\n<li>Excellentes qualit\u00e9s de purification de l'air<\/li>\n\n\n\n<li>Potentiel d'am\u00e9lioration de la qualit\u00e9 de l'air int\u00e9rieur et des environnements de travail<\/li>\n\n\n\n<li>Propri\u00e9t\u00e9s antibact\u00e9riennes des huiles volatiles, pouvant favoriser la relaxation et le sommeil.<\/li>\n<\/ul>\n\n\n\n<h3 class=\"wp-block-heading\">Applications paysag\u00e8res et environnementales<\/h3>\n\n\n\n<p class=\"wp-block-paragraph\">Fagraea ceilanica est bien adapt\u00e9 pour :<\/p>\n\n\n\n<ul class=\"wp-block-list\">\n<li>Points d'int\u00e9r\u00eat pour le jardin<\/li>\n\n\n\n<li>Pr\u00e9sentations de feuillage \u00e0 l'int\u00e9rieur<\/li>\n\n\n\n<li>Barri\u00e8res naturelles contre le vent lorsqu'elles sont plac\u00e9es pr\u00e8s des fen\u00eatres<\/li>\n\n\n\n<li>Projets d'\u00e9cologisation urbaine en raison de la forte r\u00e9sistance \u00e0 la pollution<\/li>\n\n\n\n<li>Plantations en bord de route (terre-pleins, voies de circulation)<\/li>\n\n\n\n<li>Ceintures foresti\u00e8res<\/li>\n\n\n\n<li>N\u0153uds paysagers et zones focales<\/li>\n<\/ul>\n\n\n\n<p class=\"wp-block-paragraph\">Son adaptabilit\u00e9 et sa r\u00e9silience en font une esp\u00e8ce pr\u00e9cieuse pour les am\u00e9nagements paysagers ornementaux et fonctionnels dans les r\u00e9gions tropicales et subtropicales.<\/p>","protected":false},"excerpt":{"rendered":"<p>The Fagraea ceylanica, also known as the Ceylon Ironwood or Giant Indian Privet, is an evergreen tree or shrub belonging to the Gentianaceae family. It features a grey bark and sturdy, cylindrical branches. This glabrous plant has somewhat succulent leaves that are acuminate at the apex and cuneate to broadly cuneate at the base. The [&hellip;]<\/p>\n","protected":false},"author":1,"featured_media":15429,"comment_status":"open","ping_status":"open","sticky":false,"template":"","format":"standard","meta":{"_breakdance_hide_in_design_set":false,"_breakdance_tags":"","footnotes":""},"categories":[20],"tags":[],"class_list":["post-14028","post","type-post","status-publish","format-standard","has-post-thumbnail","hentry","category-species-and-types"],"_links":{"self":[{"href":"https:\/\/flowerslib.com\/fr\/wp-json\/wp\/v2\/posts\/14028","targetHints":{"allow":["GET"]}}],"collection":[{"href":"https:\/\/flowerslib.com\/fr\/wp-json\/wp\/v2\/posts"}],"about":[{"href":"https:\/\/flowerslib.com\/fr\/wp-json\/wp\/v2\/types\/post"}],"author":[{"embeddable":true,"href":"https:\/\/flowerslib.com\/fr\/wp-json\/wp\/v2\/users\/1"}],"replies":[{"embeddable":true,"href":"https:\/\/flowerslib.com\/fr\/wp-json\/wp\/v2\/comments?post=14028"}],"version-history":[{"count":0,"href":"https:\/\/flowerslib.com\/fr\/wp-json\/wp\/v2\/posts\/14028\/revisions"}],"wp:featuredmedia":[{"embeddable":true,"href":"https:\/\/flowerslib.com\/fr\/wp-json\/wp\/v2\/media\/15429"}],"wp:attachment":[{"href":"https:\/\/flowerslib.com\/fr\/wp-json\/wp\/v2\/media?parent=14028"}],"wp:term":[{"taxonomy":"category","embeddable":true,"href":"https:\/\/flowerslib.com\/fr\/wp-json\/wp\/v2\/categories?post=14028"},{"taxonomy":"post_tag","embeddable":true,"href":"https:\/\/flowerslib.com\/fr\/wp-json\/wp\/v2\/tags?post=14028"}],"curies":[{"name":"wp","href":"https:\/\/api.w.org\/{rel}","templated":true}]}}