{"id":10941,"date":"2023-09-08T14:03:27","date_gmt":"2023-09-08T06:03:27","guid":{"rendered":"https:\/\/flowerslib.com\/?p=10941"},"modified":"2023-09-08T14:03:33","modified_gmt":"2023-09-08T06:03:33","slug":"bletilla-striata","status":"publish","type":"post","link":"https:\/\/flowerslib.com\/fr\/bletilla-striata\/","title":{"rendered":"A la d\u00e9couverte de Bletilla striata : l'orchid\u00e9e de l'\u00e9l\u00e9gance verte et luxuriante"},"content":{"rendered":"<p class=\"wp-block-paragraph\">La Bletilla striata, \u00e9galement connue sous le nom d'orchid\u00e9e de Chine, appartient \u00e0 la famille des Orchidac\u00e9es. Les feuilles sont dispos\u00e9es en alternance sur les branches ; les feuilles des branches fleuries ou des branches courtes sont petites, ovales ou ovales. <\/p>\n\n\n\n<p class=\"wp-block-paragraph\">Les fleurs, qui sont parfum\u00e9es, sont multiples et forment une inflorescence en grappe ou en corymbe. Le calice est en forme de cloche, avec des p\u00e9tales triangulaires-lanc\u00e9ol\u00e9s. <\/p>\n\n\n\n<p class=\"wp-block-paragraph\">La corolle est bleu pourpre et les \u00e9tamines sont attach\u00e9es au milieu de la paroi interne du tube de la corolle. L'ovaire est ovale et glabre, avec un stigmate ovo\u00efde. Le fruit \u00e0 capsule ellipso\u00efde contient de nombreuses graines brun-gris, allong\u00e9es et bord\u00e9es de courtes ailes. <\/p>\n\n\n\n<p class=\"wp-block-paragraph\">La p\u00e9riode de floraison s'\u00e9tend de mai \u00e0 juillet et la p\u00e9riode de fructification de juillet \u00e0 octobre. L'orchid\u00e9e de terre chinoise est une esp\u00e8ce d'orchid\u00e9e terrestre, avec des fleurs ordonn\u00e9es de couleur rouge pourpre qui exsudent l'\u00e9l\u00e9gance sur les feuilles vertes luxuriantes. <\/p>\n\n\n\n<p class=\"wp-block-paragraph\"><\/p>\n\n\n<div class=\"wp-block-image\">\n<figure class=\"aligncenter size-full\"><img loading=\"lazy\" decoding=\"async\" width=\"1200\" height=\"800\" src=\"https:\/\/flowerslib.com\/wp-content\/uploads\/2023\/09\/6-16.jpg\" alt=\"Bletilla striata\" class=\"wp-image-11399\" srcset=\"https:\/\/flowerslib.com\/wp-content\/uploads\/2023\/09\/6-16.jpg 1200w, https:\/\/flowerslib.com\/wp-content\/uploads\/2023\/09\/6-16-300x200.jpg 300w, https:\/\/flowerslib.com\/wp-content\/uploads\/2023\/09\/6-16-150x100.jpg 150w, https:\/\/flowerslib.com\/wp-content\/uploads\/2023\/09\/6-16-768x512.jpg 768w\" sizes=\"auto, (max-width: 1200px) 100vw, 1200px\" \/><\/figure>\n<\/div>\n\n\n<p class=\"wp-block-paragraph\"><\/p>\n\n\n\n<p class=\"wp-block-paragraph\">D'autres variations incluent des fleurs blanches, bleues, jaunes et roses. Elle convient aux parterres de fleurs, \u00e0 la plantation le long des sentiers ou des rochers, ou comme couvre-sol dans les for\u00eats clairsem\u00e9es. Elle peut \u00e9galement \u00eatre cultiv\u00e9e en pot \u00e0 l'int\u00e9rieur.<\/p>\n\n\n\n<h2 class=\"wp-block-heading\">I. Caract\u00e9ristiques morphologiques<\/h2>\n\n\n\n<p class=\"wp-block-paragraph\"><strong>Plante : <\/strong>Arbuste de 1 \u00e0 4 m\u00e8tres de hauteur.<\/p>\n\n\n\n<p class=\"wp-block-paragraph\"><strong>Branches :<\/strong> Les longues branches sont soit oppos\u00e9es, soit altern\u00e9es, minces et souvent arqu\u00e9es vers le bas dans la partie sup\u00e9rieure. Les branches courtes sont group\u00e9es et typiquement couvertes de poils courts velout\u00e9s en forme d'\u00e9toile \u00e0 presque glabres. Les rameaux sont quadrangulaires ou presque cylindriques.<\/p>\n\n\n\n<p class=\"wp-block-paragraph\"><strong>Feuilles :<\/strong> Les feuilles des branches longues sont alternes, regroup\u00e9es sur les branches courtes. Les feuilles des branches longues sont lanc\u00e9ol\u00e9es ou lin\u00e9aires-lanc\u00e9ol\u00e9es, longues de 3 \u00e0 10 cm, larges de 2 \u00e0 10 mm, \u00e0 apex aigu ou \u00e9mouss\u00e9, \u00e0 base cun\u00e9iforme, g\u00e9n\u00e9ralement enti\u00e8res ou ondul\u00e9es. <\/p>\n\n\n\n<p class=\"wp-block-paragraph\">La face sup\u00e9rieure est vert fonc\u00e9, initialement couverte de poils courts velout\u00e9s \u00e9toil\u00e9s blanc gris\u00e2tre, devenant presque glabre avec l'\u00e2ge. La face inf\u00e9rieure est dens\u00e9ment couverte de courts poils velout\u00e9s \u00e9toil\u00e9s blanc gris\u00e2tre. <\/p>\n\n\n\n<p class=\"wp-block-paragraph\">Le p\u00e9tiole mesure 1 \u00e0 2 mm de long. Les feuilles des branches fleuries ou des branches courtes sont petites, ovales ou ovales, longues de 5 \u00e0 15 mm, larges de 2 \u00e0 10 mm, avec un sommet arrondi ou \u00e9mouss\u00e9 et une base cun\u00e9iforme qui s'\u00e9tend jusqu'au p\u00e9tiole. <\/p>\n\n\n\n<p class=\"wp-block-paragraph\"><\/p>\n\n\n<div class=\"wp-block-image\">\n<figure class=\"aligncenter size-full\"><img loading=\"lazy\" decoding=\"async\" width=\"1200\" height=\"800\" src=\"https:\/\/flowerslib.com\/wp-content\/uploads\/2023\/09\/1-88.jpg\" alt=\"Bletilla striata\" class=\"wp-image-11400\" srcset=\"https:\/\/flowerslib.com\/wp-content\/uploads\/2023\/09\/1-88.jpg 1200w, https:\/\/flowerslib.com\/wp-content\/uploads\/2023\/09\/1-88-300x200.jpg 300w, https:\/\/flowerslib.com\/wp-content\/uploads\/2023\/09\/1-88-150x100.jpg 150w, https:\/\/flowerslib.com\/wp-content\/uploads\/2023\/09\/1-88-768x512.jpg 768w\" sizes=\"auto, (max-width: 1200px) 100vw, 1200px\" \/><\/figure>\n<\/div>\n\n\n<p class=\"wp-block-paragraph\"><\/p>\n\n\n\n<p class=\"wp-block-paragraph\">La marge est enti\u00e8re et pr\u00e9sente des dents ondul\u00e9es. La pubescence est similaire \u00e0 celle des feuilles des longues branches.<\/p>\n\n\n\n<p class=\"wp-block-paragraph\"><strong>Fleurs : <\/strong>Les fleurs sont group\u00e9es ou en corymbe, formant des inflorescences. Les inflorescences sont courtes, denses, 1-4,5 cm de long, 1-3 cm de large, et apparaissent souvent sur les branches bisannuelles. <\/p>\n\n\n\n<p class=\"wp-block-paragraph\">Le p\u00e9doncule de l'inflorescence est tr\u00e8s court et comporte g\u00e9n\u00e9ralement quelques petites feuilles \u00e0 la base. Le p\u00e9doncule floral mesure 3 mm de long. Les fleurs sont parfum\u00e9es. <\/p>\n\n\n\n<p class=\"wp-block-paragraph\">Le calice est en forme de cloche, de 2,5 \u00e0 4 mm de long, quadrangulaire, dens\u00e9ment couvert \u00e0 l'ext\u00e9rieur de poils velout\u00e9s \u00e9toil\u00e9s blanc gris\u00e2tre et de quelques poils glandulaires. <\/p>\n\n\n\n<p class=\"wp-block-paragraph\">Les lobes du calice sont triangulaires-lanc\u00e9ol\u00e9s, 0,5-1,7 mm de long, 0,8-1 mm de large, et peu couverts \u00e0 l'int\u00e9rieur de poils glandulaires. La corolle est pourpre-bleu, initialement couverte de poils \u00e9toil\u00e9s, devenant ensuite glabre ou presque. <\/p>\n\n\n\n<p class=\"wp-block-paragraph\">Le tube de la corolle mesure 6 \u00e0 10 mm de long, 1,2 \u00e0 1,8 mm de diam\u00e8tre, il est glandulairement poilu \u00e0 la gorge, puis devient glabre. Les lobes de la corolle sont presque ronds ou largement ovales, 1,2-3 mm de long et de large. Les \u00e9tamines sont attach\u00e9es au milieu de la paroi interne du tube de la corolle. <\/p>\n\n\n\n<p class=\"wp-block-paragraph\"><\/p>\n\n\n<div class=\"wp-block-image\">\n<figure class=\"aligncenter size-full\"><img loading=\"lazy\" decoding=\"async\" width=\"1200\" height=\"800\" src=\"https:\/\/flowerslib.com\/wp-content\/uploads\/2023\/09\/5-30.jpg\" alt=\"Bletilla striata\" class=\"wp-image-11401\" srcset=\"https:\/\/flowerslib.com\/wp-content\/uploads\/2023\/09\/5-30.jpg 1200w, https:\/\/flowerslib.com\/wp-content\/uploads\/2023\/09\/5-30-300x200.jpg 300w, https:\/\/flowerslib.com\/wp-content\/uploads\/2023\/09\/5-30-150x100.jpg 150w, https:\/\/flowerslib.com\/wp-content\/uploads\/2023\/09\/5-30-768x512.jpg 768w\" sizes=\"auto, (max-width: 1200px) 100vw, 1200px\" \/><\/figure>\n<\/div>\n\n\n<p class=\"wp-block-paragraph\"><\/p>\n\n\n\n<p class=\"wp-block-paragraph\">Les filaments sont tr\u00e8s courts et les anth\u00e8res sont oblongues, d'une longueur de 1 \u00e0 1,8 mm, avec un apex aigu et une base cord\u00e9e. L'ovaire est ovale, d'environ 1,2 mm de long, d'environ 0,7 mm de diam\u00e8tre et glabre. Le style mesure environ 1 mm de long et le stigmate est ovo\u00efde.<\/p>\n\n\n\n<p class=\"wp-block-paragraph\"><strong>Fruits : <\/strong>La capsule du fruit est ellipso\u00efde, d'environ 5 mm de long, d'environ 2 mm de diam\u00e8tre et glabre. Les graines sont nombreuses, ovales allong\u00e9es, 1,5-2 mm de long, gris-brun, et bord\u00e9es de courtes ailes.<\/p>\n\n\n\n<p class=\"wp-block-paragraph\">P\u00e9riode de floraison et de fructification : La p\u00e9riode de floraison s'\u00e9tend de mai \u00e0 juillet et la p\u00e9riode de fructification de juillet \u00e0 octobre.<\/p>\n\n\n\n<h2 class=\"wp-block-heading\">II. Environnement de croissance<\/h2>\n\n\n\n<p class=\"wp-block-paragraph\">La vareuse \u00e0 feuilles oppos\u00e9es n'a pas de tige principale distincte au-dessus du sol et pousse en touffes avec une forte capacit\u00e9 de ramification. Elle poss\u00e8de un syst\u00e8me racinaire bien d\u00e9velopp\u00e9, en particulier la racine principale dont la longueur est presque \u00e9gale \u00e0 celle de la partie a\u00e9rienne. <\/p>\n\n\n\n<p class=\"wp-block-paragraph\">La plante pr\u00e9f\u00e8re les pentes orient\u00e9es au sud ou au sud-est avec une inclinaison de 250 \u00e0 350 degr\u00e9s. Elle prosp\u00e8re dans les r\u00e9gions o\u00f9 les pr\u00e9cipitations annuelles sont inf\u00e9rieures \u00e0 350 mm, o\u00f9 la temp\u00e9rature moyenne annuelle est de 5\u2103, o\u00f9 la p\u00e9riode sans gel est de 120 jours, o\u00f9 le climat est sec avec des vents fr\u00e9quents, o\u00f9 l'humidit\u00e9 de l'air est faible et o\u00f9 le sol est mince ou m\u00eame rocailleux. <\/p>\n\n\n\n<p class=\"wp-block-paragraph\">Malgr\u00e9 ces conditions difficiles, l'algue \u00e0 feuilles oppos\u00e9es pousse de mani\u00e8re robuste et prosp\u00e8re, sans \u00eatre endommag\u00e9e par le b\u00e9tail qui la d\u00e9teste, ce qui t\u00e9moigne d'une forte capacit\u00e9 de survie.<\/p>\n\n\n\n<h2 class=\"wp-block-heading\">III. Aire de r\u00e9partition<\/h2>\n\n\n\n<p class=\"wp-block-paragraph\"><\/p>\n\n\n<div class=\"wp-block-image\">\n<figure class=\"aligncenter size-full\"><img loading=\"lazy\" decoding=\"async\" width=\"1200\" height=\"800\" src=\"https:\/\/flowerslib.com\/wp-content\/uploads\/2023\/09\/3-51.jpg\" alt=\"Bletilla striata\" class=\"wp-image-11402\" srcset=\"https:\/\/flowerslib.com\/wp-content\/uploads\/2023\/09\/3-51.jpg 1200w, https:\/\/flowerslib.com\/wp-content\/uploads\/2023\/09\/3-51-300x200.jpg 300w, https:\/\/flowerslib.com\/wp-content\/uploads\/2023\/09\/3-51-150x100.jpg 150w, https:\/\/flowerslib.com\/wp-content\/uploads\/2023\/09\/3-51-768x512.jpg 768w\" sizes=\"auto, (max-width: 1200px) 100vw, 1200px\" \/><\/figure>\n<\/div>\n\n\n<p class=\"wp-block-paragraph\"><\/p>\n\n\n\n<p class=\"wp-block-paragraph\">On la trouve dans les arbustes secs de montagne ou les arbustes de bord de rivi\u00e8re \u00e0 des altitudes comprises entre 1 500 et 4 000 m\u00e8tres.<\/p>\n\n\n\n<h2 class=\"wp-block-heading\">IV. Croissance et propagation<\/h2>\n\n\n\n<h3 class=\"wp-block-heading\">Semis en conteneur<\/h3>\n\n\n\n<p class=\"wp-block-paragraph\">Le printemps est le moment de la culture des semis. La tourbe, le fumier de mouton m\u00fbr et le sable fin sont m\u00e9lang\u00e9s dans un rapport de 2:1:1, st\u00e9rilis\u00e9s et plac\u00e9s dans des plateaux \u00e0 trous ou des sacs de nutriments. <\/p>\n\n\n\n<p class=\"wp-block-paragraph\">Les graines sont sem\u00e9es uniform\u00e9ment dans le r\u00e9cipient et arros\u00e9es pour maintenir l'humidit\u00e9. Lorsque les plantules atteignent 20 cm de hauteur, elles sont repiqu\u00e9es.<\/p>\n\n\n\n<h3 class=\"wp-block-heading\">Coupes de bois dur<\/h3>\n\n\n\n<p class=\"wp-block-paragraph\">Choisissez un substrat tr\u00e8s perm\u00e9able \u00e0 l'eau, comme la perlite. Au d\u00e9but du printemps, s\u00e9lectionnez des branches saines d'un an, exemptes de parasites et de maladies, taillez-les en boutures de 15 \u00e0 20 cm de long, faites-les tremper dans l'eau pendant 24 heures, puis plantez-les. Arrosez convenablement et entretenez les jeunes plants.<\/p>\n\n\n\n<h3 class=\"wp-block-heading\">Boutures de r\u00e9sineux<\/h3>\n\n\n\n<p class=\"wp-block-paragraph\"><\/p>\n\n\n<div class=\"wp-block-image\">\n<figure class=\"aligncenter size-full\"><img loading=\"lazy\" decoding=\"async\" width=\"1200\" height=\"800\" src=\"https:\/\/flowerslib.com\/wp-content\/uploads\/2023\/09\/2-87.jpg\" alt=\"Bletilla striata\" class=\"wp-image-11404\" srcset=\"https:\/\/flowerslib.com\/wp-content\/uploads\/2023\/09\/2-87.jpg 1200w, https:\/\/flowerslib.com\/wp-content\/uploads\/2023\/09\/2-87-300x200.jpg 300w, https:\/\/flowerslib.com\/wp-content\/uploads\/2023\/09\/2-87-150x100.jpg 150w, https:\/\/flowerslib.com\/wp-content\/uploads\/2023\/09\/2-87-768x512.jpg 768w\" sizes=\"auto, (max-width: 1200px) 100vw, 1200px\" \/><\/figure>\n<\/div>\n\n\n<p class=\"wp-block-paragraph\"><\/p>\n\n\n\n<p class=\"wp-block-paragraph\">Le sable fin, la perlite et le charbon de bois sont m\u00e9lang\u00e9s dans un rapport de 1:1:2, st\u00e9rilis\u00e9s et plac\u00e9s dans des plateaux \u00e0 trous ou des conteneurs. <\/p>\n\n\n\n<p class=\"wp-block-paragraph\">En juin ou juillet, choisir des pousses saines de l'ann\u00e9e en cours, exemptes de parasites et de maladies, les tailler en boutures d'environ 10 cm de longueur avec 2 \u00e0 4 feuilles, traiter les boutures avec une hormone d'enracinement \u00e0 une concentration de 100 mg\/kg imm\u00e9diatement avant la plantation, puis planter. <\/p>\n\n\n\n<p class=\"wp-block-paragraph\">Arrosez les boutures 4 \u00e0 5 fois par jour apr\u00e8s la plantation. R\u00e9duisez l'arrosage apr\u00e8s l'enracinement et endurcissez les semis environ une semaine avant qu'ils ne germent. Les boutures de bois tendre pr\u00e9sentent l'avantage d'un cycle court et d'un taux d'enracinement \u00e9lev\u00e9.<\/p>\n\n\n\n<h2 class=\"wp-block-heading\">V. Lutte contre les parasites<\/h2>\n\n\n\n<p class=\"wp-block-paragraph\">La principale m\u00e9thode de lutte contre les ravageurs et les maladies est une bonne gestion du sol. Le syst\u00e8me racinaire de l'Alternanthera philoxeroides est bien d\u00e9velopp\u00e9, en particulier la racine primaire, qui cro\u00eet rapidement. <\/p>\n\n\n\n<p class=\"wp-block-paragraph\">Il est conseill\u00e9 de transplanter les semis de la premi\u00e8re ann\u00e9e, sinon la racine primaire risque de devenir trop longue et difficile \u00e0 planter. La quantit\u00e9 exacte de graines \u00e0 semer peut varier en fonction de l'endroit, il est donc n\u00e9cessaire de la d\u00e9terminer par des essais dans diff\u00e9rentes conditions. <\/p>\n\n\n\n<p class=\"wp-block-paragraph\">Pour lutter contre la maladie des taches noires, il convient de pulv\u00e9riser une solution de poudre mouillable de m\u00e9thylobenz\u00e8ne 70% dilu\u00e9e 1000 fois.<\/p>\n\n\n\n<p class=\"wp-block-paragraph\">VI. Valeur principale<\/p>\n\n\n\n<h3 class=\"wp-block-heading\">Valeur m\u00e9dicinale<\/h3>\n\n\n\n<p class=\"wp-block-paragraph\">Cat\u00e9gorie m\u00e9dicinale : H\u00e9mostatique, astringent.<\/p>\n\n\n\n<p class=\"wp-block-paragraph\">Caract\u00e9ristiques et m\u00e9ridiens : Am\u00e8re, douce, astringente, l\u00e9g\u00e8rement froide. Associ\u00e9e aux poumons, au foie et \u00e0 l'estomac.<\/p>\n\n\n\n<p class=\"wp-block-paragraph\">Fonctions et indications :<\/p>\n\n\n\n<ul class=\"wp-block-list\">\n<li>H\u00e9mostatique, r\u00e9duit les gonflements, favorise la r\u00e9g\u00e9n\u00e9ration des tissus.<\/li>\n\n\n\n<li>Utilis\u00e9 pour cracher du sang, saigner en cas de blessures, d'abc\u00e8s, de fissures cutan\u00e9es.<\/li>\n\n\n\n<li>Tuberculose avec h\u00e9moptysie, saignement d'ulc\u00e8re.<\/li>\n<\/ul>\n\n\n\n<p class=\"wp-block-paragraph\">Utilisation et dosage : 6~15g, en poudre et ing\u00e9r\u00e9 \u00e0 raison de 3~6g. Appliquer en externe selon les besoins. Ne pas utiliser avec l'aconit.<\/p>\n\n\n\n<p class=\"wp-block-paragraph\">Stockage : Stocker dans un endroit ventil\u00e9 et sec.<\/p>\n\n\n\n<p class=\"wp-block-paragraph\">Applications cliniques :<\/p>\n\n\n\n<ul class=\"wp-block-list\">\n<li>Poudre d'herbe simple ou m\u00e9lang\u00e9e \u00e0 du blanc et appliqu\u00e9e avec un bandage de gaze pour traiter les blessures h\u00e9morragiques.<\/li>\n\n\n\n<li>Poudre d'une seule herbe, bouillie avec de la soupe de radis, m\u00e9lang\u00e9e \u00e0 de l'huile de bougie, et appliqu\u00e9e pour traiter les mains et les pieds gel\u00e9s.<\/li>\n\n\n\n<li>Herbe unique finement moulue, m\u00e9lang\u00e9e \u00e0 un gruau de riz fin, aval\u00e9e lentement pour traiter les obstructions de la gorge.<\/li>\n<\/ul>\n\n\n\n<h3 class=\"wp-block-heading\">Valeur du jardinage<\/h3>\n\n\n\n<p class=\"wp-block-paragraph\">L'Alternanthera philoxeroides est un type d'orchid\u00e9e terrestre, dont les fleurs ordonn\u00e9es de couleur rouge pourpre offrent un contraste digne et \u00e9l\u00e9gant avec les feuilles vertes luxuriantes. Les fleurs existent \u00e9galement en blanc, bleu, jaune et rose. <\/p>\n\n\n\n<p class=\"wp-block-paragraph\">Elles peuvent \u00eatre utilis\u00e9es pour d\u00e9corer les parterres de fleurs, plant\u00e9es le long des chemins de jardin ou parmi les rochers, ou utilis\u00e9es comme couvre-sol dans les for\u00eats clairsem\u00e9es. Elles font \u00e9galement de jolies plantes d'int\u00e9rieur en pot.<\/p>\n\n\n\n<h3 class=\"wp-block-heading\">Valeur comestible<\/h3>\n\n\n\n<p class=\"wp-block-paragraph\">Le tubercule contient des mucilages et de l'amidon, qui peuvent \u00eatre utilis\u00e9s comme agent \u00e9paississant ou en m\u00e9decine.<\/p>","protected":false},"excerpt":{"rendered":"<p>The Bletilla striata, also known as the Chinese ground orchid, belongs to the Orchidaceae family. The leaves are alternately arranged on the branches; the leaves on the flowering branches or short branches are small, oval or ovate. The flowers, which are fragrant, comprise multiple blossoms that form a cluster or corymbose inflorescence. The calyx is [&hellip;]<\/p>\n","protected":false},"author":1,"featured_media":11398,"comment_status":"open","ping_status":"open","sticky":false,"template":"","format":"standard","meta":{"_breakdance_hide_in_design_set":false,"_breakdance_tags":"","footnotes":""},"categories":[20],"tags":[],"class_list":["post-10941","post","type-post","status-publish","format-standard","has-post-thumbnail","hentry","category-species-and-types"],"_links":{"self":[{"href":"https:\/\/flowerslib.com\/fr\/wp-json\/wp\/v2\/posts\/10941","targetHints":{"allow":["GET"]}}],"collection":[{"href":"https:\/\/flowerslib.com\/fr\/wp-json\/wp\/v2\/posts"}],"about":[{"href":"https:\/\/flowerslib.com\/fr\/wp-json\/wp\/v2\/types\/post"}],"author":[{"embeddable":true,"href":"https:\/\/flowerslib.com\/fr\/wp-json\/wp\/v2\/users\/1"}],"replies":[{"embeddable":true,"href":"https:\/\/flowerslib.com\/fr\/wp-json\/wp\/v2\/comments?post=10941"}],"version-history":[{"count":0,"href":"https:\/\/flowerslib.com\/fr\/wp-json\/wp\/v2\/posts\/10941\/revisions"}],"wp:featuredmedia":[{"embeddable":true,"href":"https:\/\/flowerslib.com\/fr\/wp-json\/wp\/v2\/media\/11398"}],"wp:attachment":[{"href":"https:\/\/flowerslib.com\/fr\/wp-json\/wp\/v2\/media?parent=10941"}],"wp:term":[{"taxonomy":"category","embeddable":true,"href":"https:\/\/flowerslib.com\/fr\/wp-json\/wp\/v2\/categories?post=10941"},{"taxonomy":"post_tag","embeddable":true,"href":"https:\/\/flowerslib.com\/fr\/wp-json\/wp\/v2\/tags?post=10941"}],"curies":[{"name":"wp","href":"https:\/\/api.w.org\/{rel}","templated":true}]}}