{"id":4756,"date":"2023-08-24T09:51:22","date_gmt":"2023-08-24T01:51:22","guid":{"rendered":"https:\/\/flowerslib.com\/?p=4756"},"modified":"2023-09-02T23:24:50","modified_gmt":"2023-09-02T15:24:50","slug":"lavendel","status":"publish","type":"post","link":"https:\/\/flowerslib.com\/de\/lavender\/","title":{"rendered":"Lavendel: Die K\u00f6nigin der Kr\u00e4uter - Grundlagen, Arten, Pflege &amp; mehr"},"content":{"rendered":"<p class=\"wp-block-paragraph\">Lavendel, auch bekannt als aromatische Pflanze und Kraut, wird aufgrund seiner zahlreichen Vorteile oft als \"K\u00f6nigin der Kr\u00e4uter\" bezeichnet. Er geh\u00f6rt zur Familie der Lamiaceae und zur Gattung Lavandula und ist ein Halbstrauch oder Zwergstrauch. Sie ist an der Mittelmeerk\u00fcste, in verschiedenen Teilen Europas und auf Inseln im Pazifik beheimatet und wurde im Vereinigten K\u00f6nigreich und in Jugoslawien in gro\u00dfem Umfang angebaut. <\/p>\n\n\n\n<p class=\"wp-block-paragraph\">Die Bl\u00fctezeit des Lavendels liegt normalerweise zwischen Mai und Juli im Fr\u00fchjahr und Sommer. Die Bl\u00fcten gibt es in verschiedenen Farben, meist in Lila, Wei\u00df und Gr\u00fcn. Sowohl die Blattform als auch die Bl\u00fctenfarbe sind anmutig und eignen sich f\u00fcr die Anpflanzung im Garten. Lavendel kann auch als Topfpflanze zu Zierzwecken gez\u00fcchtet werden und verstr\u00f6mt im Sommer einen herrlichen Duft. <a href=\"https:\/\/flowerslib.com\/de\/top-blumen-mit-der-langsten-blutezeit-der-welt\/\">Bl\u00fctezeit<\/a> und bietet ein hohes Ma\u00df an visuellem Vergn\u00fcgen.<\/p>\n\n\n\n<h2 class=\"wp-block-heading\"><strong>Grundlegende Einf\u00fchrung<\/strong><\/h2>\n\n\n\n<p class=\"wp-block-paragraph\"><\/p>\n\n\n<div class=\"wp-block-image\">\n<figure class=\"aligncenter size-full\"><img loading=\"lazy\" decoding=\"async\" width=\"1200\" height=\"800\" src=\"https:\/\/flowerslib.com\/wp-content\/uploads\/2023\/07\/6-3.jpg\" alt=\"Erfahren Sie mehr \u00fcber den Lavendel: Grundlagen, Arten, Wachstum und Pflege, Wert und mehr\" class=\"wp-image-4759\" srcset=\"https:\/\/flowerslib.com\/wp-content\/uploads\/2023\/07\/6-3.jpg 1200w, https:\/\/flowerslib.com\/wp-content\/uploads\/2023\/07\/6-3-300x200.jpg 300w, https:\/\/flowerslib.com\/wp-content\/uploads\/2023\/07\/6-3-150x100.jpg 150w, https:\/\/flowerslib.com\/wp-content\/uploads\/2023\/07\/6-3-768x512.jpg 768w\" sizes=\"auto, (max-width: 1200px) 100vw, 1200px\" \/><\/figure>\n<\/div>\n\n\n<p class=\"wp-block-paragraph\"><\/p>\n\n\n\n<p class=\"wp-block-paragraph\">Lavendel ist ein Halbstrauch oder Zwergstrauch, der zur Familie der Lamiaceae und zur Gattung Lavandula geh\u00f6rt. Er ist verzweigt und mit sternf\u00f6rmigen Haaren bedeckt. Die Bl\u00e4tter sind linealisch oder lanzettlich, mit gr\u00f6\u00dferen Bl\u00e4ttern an den bl\u00fchenden Zweigen, die voneinander entfernt sind, und kleineren Bl\u00e4ttern an den j\u00fcngeren Zweigen, die in Gruppen zusammenstehen. Sie haben einen kurzen Stiel, der sich an der Basis allm\u00e4hlich verj\u00fcngt, und glatte R\u00e4nder, die sich nach au\u00dfen biegen. <\/p>\n\n\n\n<p class=\"wp-block-paragraph\">Die Unterseite der Bl\u00e4tter hat erhabene Adern, w\u00e4hrend die seitlichen Adern und die netzartigen Adern nicht hervorstechen. Die Bl\u00fcten sind in Dolden angeordnet, wobei zahlreiche Bl\u00fcten an der Spitze der Zweige vereinzelte oder fast durchgehende \u00e4hrenartige Bl\u00fctenst\u00e4nde bilden. Die H\u00fcllbl\u00e4tter sind rautenf\u00f6rmig oder eif\u00f6rmig-rhomboid und verj\u00fcngen sich allm\u00e4hlich zu einer spitzen rautenf\u00f6rmigen Spitze mit unauff\u00e4lligen Brakteolen. <\/p>\n\n\n\n<p class=\"wp-block-paragraph\">Die <a href=\"https:\/\/flowerslib.com\/de\/top-der-schonsten-blauen-blumen\/\">die Bl\u00fcten haben kurze Stiele und sind blau<\/a>Die Bl\u00fcten sind mit grauen verzweigten oder unverzweigten Haaren bedeckt. Der Kelch ist eif\u00f6rmig-r\u00f6hrenf\u00f6rmig oder fast r\u00f6hrenf\u00f6rmig, und die Blumenkrone ist etwa doppelt so lang wie der Kelch. Die Lippen der Blumenkrone sind zweilippig, wobei die obere Lippe gerade und gr\u00f6\u00dfer, abgerundet und leicht \u00fcberlappend ist und die untere Lippe aufgespreizt ist. <\/p>\n\n\n\n<p class=\"wp-block-paragraph\"><\/p>\n\n\n<div class=\"wp-block-image\">\n<figure class=\"aligncenter size-full\"><img loading=\"lazy\" decoding=\"async\" width=\"1200\" height=\"800\" src=\"https:\/\/flowerslib.com\/wp-content\/uploads\/2023\/07\/4-4.jpg\" alt=\"Erfahren Sie mehr \u00fcber den Lavendel: Grundlagen, Arten, Wachstum und Pflege, Wert und mehr\" class=\"wp-image-4760\" srcset=\"https:\/\/flowerslib.com\/wp-content\/uploads\/2023\/07\/4-4.jpg 1200w, https:\/\/flowerslib.com\/wp-content\/uploads\/2023\/07\/4-4-300x200.jpg 300w, https:\/\/flowerslib.com\/wp-content\/uploads\/2023\/07\/4-4-150x100.jpg 150w, https:\/\/flowerslib.com\/wp-content\/uploads\/2023\/07\/4-4-768x512.jpg 768w\" sizes=\"auto, (max-width: 1200px) 100vw, 1200px\" \/><\/figure>\n<\/div>\n\n\n<p class=\"wp-block-paragraph\"><\/p>\n\n\n\n<p class=\"wp-block-paragraph\">Die Staubbl\u00e4tter sind abgeflacht und unbehaart, die Antheren sind behaart. Der Griffel ist behaart, abgeflacht und an der Spitze eif\u00f6rmig. Die Lappen des Griffels liegen den Lappen des Fruchtknotens gegen\u00fcber. Die kleinen N\u00fcsschen sind elliptisch, glatt und gl\u00e4nzend, und die Pflanze bl\u00fcht im Juni. Die gesamte Pflanze verstr\u00f6mt einen leicht holzigen und s\u00fc\u00dfen Duft.<\/p>\n\n\n\n<p class=\"wp-block-paragraph\">Lavendel ist an der Mittelmeerk\u00fcste, in verschiedenen Teilen Europas und auf Inseln im Pazifik beheimatet und wurde im Vereinigten K\u00f6nigreich und in Jugoslawien in gro\u00dfem Umfang angebaut. Seine elegante Blattform und <a href=\"https:\/\/flowerslib.com\/de\/top-der-schonsten-blumen-der-welt\/\">sch\u00f6ne Blume<\/a> Farbe, mit langen und anmutigen lavendelblauen Bl\u00fctenst\u00e4nden, machen sie zu einer neuen mehrj\u00e4hrigen, k\u00e4ltetoleranten Blume, die sich f\u00fcr die Bepflanzung von Gartenwegen oder Rabatten eignet. Sie kann auch als Topfpflanze zu Zierzwecken gezogen werden.<\/p>\n\n\n\n<h2 class=\"wp-block-heading\"><strong>Wachstum und Vertrieb<\/strong><\/h2>\n\n\n\n<p class=\"wp-block-paragraph\"><\/p>\n\n\n<div class=\"wp-block-image\">\n<figure class=\"aligncenter size-full\"><img loading=\"lazy\" decoding=\"async\" width=\"1200\" height=\"800\" src=\"https:\/\/flowerslib.com\/wp-content\/uploads\/2023\/07\/1-7.jpg\" alt=\"Erfahren Sie mehr \u00fcber den Lavendel: Grundlagen, Arten, Wachstum und Pflege, Wert und mehr\" class=\"wp-image-4761\" srcset=\"https:\/\/flowerslib.com\/wp-content\/uploads\/2023\/07\/1-7.jpg 1200w, https:\/\/flowerslib.com\/wp-content\/uploads\/2023\/07\/1-7-300x200.jpg 300w, https:\/\/flowerslib.com\/wp-content\/uploads\/2023\/07\/1-7-150x100.jpg 150w, https:\/\/flowerslib.com\/wp-content\/uploads\/2023\/07\/1-7-768x512.jpg 768w\" sizes=\"auto, (max-width: 1200px) 100vw, 1200px\" \/><\/figure>\n<\/div>\n\n\n<p class=\"wp-block-paragraph\"><\/p>\n\n\n\n<h3 class=\"wp-block-heading\"><strong>Wachsende Umwelt<\/strong><\/h3>\n\n\n\n<p class=\"wp-block-paragraph\"><strong>Temperatur:<\/strong> Lavendel ist sehr anpassungsf\u00e4hig. Ausgewachsene Pflanzen vertragen sowohl niedrige als auch hohe Temperaturen, mit einer Toleranz von etwa 40\u00b0C w\u00e4hrend der Erntezeit. In der Region Huanglong in Shaanxi k\u00f6nnen Lavendelpflanzen auf offenen Feldern bei etwa -21 \u00b0C sicher \u00fcberwintern. <\/p>\n\n\n\n<p class=\"wp-block-paragraph\">In Xinjiang k\u00f6nnen sie, wenn der Boden eingegraben und mit Schnee bedeckt ist, Temperaturen von bis zu -37 \u00b0C standhalten. Junge S\u00e4mlinge k\u00f6nnen Temperaturen von bis zu -10 \u00b0C vertragen. W\u00e4hrend des Wachstums- und Entwicklungsprozesses im folgenden Jahr bevorzugt der Lavendel eine Durchschnittstemperatur von etwa 8\u00b0C.<\/p>\n\n\n\n<p class=\"wp-block-paragraph\"><strong>Luftfeuchtigkeit:<\/strong> Lavendel ist eine Pflanze, die trockene Bedingungen bevorzugt und nicht viel Wasser ben\u00f6tigt. W\u00e4hrend der Verj\u00fcngungs- und Knospenphase w\u00e4chst die Pflanze schnell und ben\u00f6tigt mehr Wasser. W\u00e4hrend der Bl\u00fctezeit ben\u00f6tigt sie weniger Wasser. <\/p>\n\n\n\n<p class=\"wp-block-paragraph\"><\/p>\n\n\n\n<figure class=\"wp-block-image size-full\"><img loading=\"lazy\" decoding=\"async\" width=\"1200\" height=\"800\" src=\"https:\/\/flowerslib.com\/wp-content\/uploads\/2023\/07\/2-7.jpg\" alt=\"Erfahren Sie mehr \u00fcber den Lavendel: Grundlagen, Arten, Wachstum und Pflege, Wert und mehr\" class=\"wp-image-4764\" srcset=\"https:\/\/flowerslib.com\/wp-content\/uploads\/2023\/07\/2-7.jpg 1200w, https:\/\/flowerslib.com\/wp-content\/uploads\/2023\/07\/2-7-300x200.jpg 300w, https:\/\/flowerslib.com\/wp-content\/uploads\/2023\/07\/2-7-150x100.jpg 150w, https:\/\/flowerslib.com\/wp-content\/uploads\/2023\/07\/2-7-768x512.jpg 768w\" sizes=\"auto, (max-width: 1200px) 100vw, 1200px\" \/><\/figure>\n\n\n\n<p class=\"wp-block-paragraph\"><\/p>\n\n\n\n<p class=\"wp-block-paragraph\">F\u00fcr die Fruchtbildung ist ein angemessener Wasserstand erforderlich. W\u00e4hrend der Winterruhe ist eine Winterbew\u00e4sserung oder Schneedecke erforderlich. Die ideale Niederschlagsverteilung \u00fcber das Jahr ist daher reichlich im Fr\u00fchjahr, m\u00e4\u00dfig im Sommer und ausreichend Schnee im Winter.<\/p>\n\n\n\n<p class=\"wp-block-paragraph\"><strong>Sonnenlicht:<\/strong> Lavendel ist eine Langtagspflanze und ben\u00f6tigt w\u00e4hrend der Wachstums- und Entwicklungsphase ausreichend Sonnenlicht. Er ben\u00f6tigt mehr als 2000 Stunden Sonnenlicht im Jahr. Wenn die Pflanzen in einer feuchten und schattigen Umgebung stehen, entwickeln sie sich schlecht und altern schnell.<\/p>\n\n\n\n<p class=\"wp-block-paragraph\"><strong>B\u00f6den:<\/strong> Lavendel hat ein gut entwickeltes Wurzelsystem und bevorzugt fruchtbare, tiefgr\u00fcndige, lockere, gut durchl\u00e4ssige und gut durchl\u00fcftete B\u00f6den, die reich an kieselhaltigem Kalk sind. Der Anbau ist nicht geeignet f\u00fcr stark saure oder alkalische B\u00f6den, schwere Lehmb\u00f6den mit schlechter Drainage oder Gebiete mit hohem Grundwasserspiegel.<\/p>\n\n\n\n<h3 class=\"wp-block-heading\"><strong>Vertrieb Reichweite<\/strong><\/h3>\n\n\n\n<p class=\"wp-block-paragraph\">Der wilde Lavendel ist in den s\u00fcdlichen Ausl\u00e4ufern der Alpen entlang der K\u00fcstengebiete Frankreichs und S\u00fcditaliens sowie in Spanien, Nordafrika und anderen Regionen heimisch. Im 13. Jahrhundert war er eine wichtige Kulturpflanze in den europ\u00e4ischen Heilklosterg\u00e4rten. Im 15. Jahrhundert begann der Anbau in der Region Haute-Provence. <\/p>\n\n\n\n<p class=\"wp-block-paragraph\">Ende des 16. Jahrhunderts verbreitete sich der Lavendelanbau in den s\u00fcdlichen Regionen Frankreichs. Im 18. Jahrhundert wurde Lavendel durch seinen Anbau in den Surrey Hills, dem Lavendelh\u00fcgel in S\u00fcdlondon, den Bergregionen in der N\u00e4he der Provence in Frankreich und der Umgebung von Grasse ber\u00fchmt und zu einem weltbekannten Touristenziel.<\/p>\n\n\n\n<h2 class=\"wp-block-heading\"><strong>Wie man Lavendel kultiviert<\/strong><\/h2>\n\n\n\n<h3 class=\"wp-block-heading\"><strong>Beschneiden und Verzweigen<\/strong><\/h3>\n\n\n\n<p class=\"wp-block-paragraph\">Neu gepflanzter Lavendel w\u00e4chst anfangs langsam. Mit dem Anstieg der Fr\u00fchlingstemperaturen tritt der Lavendel Mitte April in die Verj\u00fcngungsphase ein. Um die Verzweigung und Wurzelentwicklung zu f\u00f6rdern, sollte Ende April bis Anfang Mai ein k\u00fcnstlicher R\u00fcckschnitt vorgenommen werden. Schneiden Sie die obersten Zweige, die sich 15 cm oder mehr \u00fcber dem Boden befinden, stark zur\u00fcck, und beschneiden Sie den mittleren Teil der Pflanze und die umliegenden Bereiche leicht.<\/p>\n\n\n\n<h3 class=\"wp-block-heading\"><strong>Verwaltung der Knospung und Bl\u00fctezeit<\/strong><\/h3>\n\n\n\n<p class=\"wp-block-paragraph\">Ende Mai beginnt die erste Serie von Lavendelbl\u00fcten mit dem Austrieb, und Ende Juni beginnt die Hauptbl\u00fctezeit. Um das Wachstum der Lavendelsetzlinge zu f\u00f6rdern und den N\u00e4hrstoffverbrauch zu verringern, kann im ersten Jahr nach der Pflanzung die erste Partie Bl\u00fctenknospen Anfang Juni entfernt werden. <\/p>\n\n\n\n<p class=\"wp-block-paragraph\">Die zweite Gruppe von Bl\u00fcten tritt Mitte August in das Knospenstadium ein und erreicht Mitte September ihren Bl\u00fctezeitpunkt. Bei g\u00fcnstigen Witterungsbedingungen im Herbst erreicht die dritte Bl\u00fctenpartie Mitte Oktober ihren H\u00f6hepunkt.<\/p>\n\n\n\n<h3 class=\"wp-block-heading\"><strong>Bew\u00e4sserung und Unkrautbek\u00e4mpfung<\/strong><\/h3>\n\n\n\n<p class=\"wp-block-paragraph\">Neu gepflanzter Lavendel sollte in den ersten drei Jahren ausreichend bew\u00e4ssert werden, um die Etablierung der Pflanze zu f\u00f6rdern. Mitte bis Ende April sollte w\u00e4hrend der Wiederbegr\u00fcnungsphase ausreichend bew\u00e4ssert werden. Im Laufe des Jahres sollte je nach Witterung und Bodenfeuchtigkeit 6-8 Mal bew\u00e4ssert werden. <\/p>\n\n\n\n<p class=\"wp-block-paragraph\">Achten Sie auf die Bew\u00e4sserung w\u00e4hrend der Knospen- und Bl\u00fctezeit und sorgen Sie f\u00fcr eine gleichm\u00e4\u00dfige und gr\u00fcndliche Bew\u00e4sserung. Kombinieren Sie jede Bew\u00e4sserung mit einer rechtzeitigen Bodenbearbeitung, um die Bodenfeuchtigkeit zu erhalten, die Temperatur zu erh\u00f6hen und Unkraut zu bek\u00e4mpfen. Im Allgemeinen sollte die Unkrautbek\u00e4mpfung 5-7 Mal im Jahr durchgef\u00fchrt werden. Die Winterbew\u00e4sserung sollte Anfang bis Mitte November erfolgen.<\/p>\n\n\n\n<h3 class=\"wp-block-heading\"><strong>Befruchtung<\/strong><\/h3>\n\n\n\n<p class=\"wp-block-paragraph\">Obwohl Lavendel eine hohe Toleranz gegen\u00fcber schlechten B\u00f6den und Trockenheit aufweist, ben\u00f6tigt er nach der Pflanzung relativ viel Wasser und N\u00e4hrstoffe, um sich zu etablieren und den Ertrag zu steigern. Bei neu gepflanztem Lavendel ist in den ersten drei Jahren eine fr\u00fche und h\u00e4ufige D\u00fcngung erforderlich. <\/p>\n\n\n\n<p class=\"wp-block-paragraph\">In Verbindung mit der ersten Bew\u00e4sserung werden 15 kg Harnstoff pro mu (etwa 0,07 ha) und 10 kg Ammoniumdihydrogenphosphat pro mu ausgebracht. F\u00fcr die zweite D\u00fcngerrunde bringen Sie 10 kg Harnstoff pro mu in manuell gegrabenen L\u00f6chern neben den Pflanzen aus.<\/p>\n\n\n\n<h3 class=\"wp-block-heading\"><strong>Management vor dem Winter<\/strong><\/h3>\n\n\n\n<p class=\"wp-block-paragraph\">Der Winter ist lang und die Temperaturen sind niedrig. Feldversuche haben gezeigt, dass ein k\u00fcnstliches Eingraben des Bodens notwendig ist, um eine sichere \u00dcberwinterung des Lavendels in der \u00f6rtlichen Umgebung zu gew\u00e4hrleisten. Schneiden Sie nach der Winterbew\u00e4sserung Anfang November die 15-20 cm \u00fcber dem Boden befindlichen Lavendelzweige ab und vergraben Sie sie dann etwa 15 cm dick mit Erde. <\/p>\n\n\n\n<p class=\"wp-block-paragraph\">Dadurch wird die Basis der Pflanze vor dem Erfrieren gesch\u00fctzt. Achten Sie darauf, dass die Erdschicht weder zu dick noch zu d\u00fcnn ist. Im folgenden Fr\u00fchjahr, vor der Bew\u00e4sserung zur Wiederbegr\u00fcnung, entfernen Sie die Erde, die die Pflanzen bedeckt, um zu verhindern, dass die Zweige und Bl\u00e4tter im Boden verfaulen.<\/p>\n\n\n\n<h3 class=\"wp-block-heading\"><strong>Ernten<\/strong><\/h3>\n\n\n\n<p class=\"wp-block-paragraph\">Der ideale Erntezeitpunkt liegt in der Hauptbl\u00fctezeit, wenn sich etwa 70% der kleinen Bl\u00fcten an den Bl\u00fcten\u00e4hren ge\u00f6ffnet haben. Eine zu fr\u00fche oder zu sp\u00e4te Ernte kann den Ertrag beeintr\u00e4chtigen. Die erste Ernte findet im Allgemeinen von Ende Juni bis Mitte Juli statt, die zweite Ernte von Ende September bis Anfang Oktober. Der Ertrag sollte vor der Ernte gesch\u00e4tzt werden. <\/p>\n\n\n\n<p class=\"wp-block-paragraph\">Vermeiden Sie bei der Ernte die Vermischung von Unkraut und \u00fcberm\u00e4\u00dfigen St\u00e4ngeln und Bl\u00e4ttern, da dies die Qualit\u00e4t des \u00d6ls beeintr\u00e4chtigen kann. Die Ernte sollte an sonnigen Tagen nach 10:00 Uhr morgens erfolgen. Bei starkem Tau oder an bew\u00f6lkten Tagen ist eine Ernte am Morgen nicht zu empfehlen. Je h\u00f6her die Lichtintensit\u00e4t und die Temperatur sind, desto h\u00f6her ist die \u00d6lausbeute. Vermeiden Sie \u00fcberm\u00e4\u00dfiges Stapeln w\u00e4hrend des Transports und der Trocknung, um Hitze und Selbsterhitzung zu vermeiden. Ernte und Verarbeitung sollten am selben Tag abgeschlossen werden.<\/p>\n\n\n\n<h2 class=\"wp-block-heading\"><strong>Ausbreitungsmethoden<\/strong><\/h2>\n\n\n\n<h3 class=\"wp-block-heading\"><strong>Sexuelle Vermehrung<\/strong><\/h3>\n\n\n\n<p class=\"wp-block-paragraph\">Lavendel kann durch Aussaat vermehrt werden, was schnell geht, ein gut etabliertes Wurzelsystem entwickelt und kr\u00e4ftige S\u00e4mlinge hervorbringt. Allerdings gibt es eine hohe Variationsbreite, so dass er sich f\u00fcr Selektion und Z\u00fcchtung eignet. <\/p>\n\n\n\n<p class=\"wp-block-paragraph\">Es sollten Samen von einheitlicher Gr\u00f6\u00dfe, prall und von gl\u00e4nzender brauner Farbe ausgew\u00e4hlt werden. Vor der Aussaat sollten die Samen an der Sonne getrocknet, 12-24 Stunden lang in 30\u00b0C warmem Wasser eingeweicht und 5 Minuten lang mit konzentrierter Schwefels\u00e4ure behandelt werden, bevor sie mit Wasser abgesp\u00fclt und an der Luft getrocknet werden.<\/p>\n\n\n\n<p class=\"wp-block-paragraph\">Die Aussaat kann im April erfolgen. Die Mindestkeimtemperatur f\u00fcr Lavendelsamen liegt bei 8-12\u00b0C, wobei der optimale Temperaturbereich bei 20-25\u00b0C liegt. Das Umpflanzen kann im Mai erfolgen. Die Saatgutvermehrung von Lavendel f\u00fchrt jedoch zu erheblichen Schwankungen, und die Kosten f\u00fcr das Saatgut sind relativ hoch.<\/p>\n\n\n\n<h3 class=\"wp-block-heading\"><strong>Ungeschlechtliche Vermehrung<\/strong><\/h3>\n\n\n\n<p class=\"wp-block-paragraph\">Lavendel wird haupts\u00e4chlich durch Stammstecklinge vermehrt, wodurch die hervorragenden Eigenschaften der Mutterpflanze erhalten bleiben. Stammstecklinge sind sehr anpassungsf\u00e4hig und k\u00f6nnen sowohl im Fr\u00fchjahr als auch im Herbst vorgenommen werden. Es sollten gesunde Pflanzen ohne Sch\u00e4dlinge und Krankheiten ausgew\u00e4hlt werden, und f\u00fcr die Stecklinge sollten die obersten Knospen oder zarte, nicht verholzte Zweige verwendet werden. <\/p>\n\n\n\n<p class=\"wp-block-paragraph\">Entfernen Sie die unteren beiden Bl\u00e4tter und tauchen Sie die Stecklinge in eine Bewurzelungshormonl\u00f6sung (100-fache Verd\u00fcnnung von \"Root Sun\"). Nach der Behandlung stecken Sie die Stecklinge in eine Mischung aus Flusssand und Reish\u00fclsen (im Verh\u00e4ltnis 2:1) in einer 5\u00d710 Schale zum Bewurzeln, was in der Regel etwa 2-3 Wochen dauert.<\/p>\n\n\n\n<p class=\"wp-block-paragraph\">Stellen Sie die S\u00e4mlinge nach dem Einsetzen der Stecklinge an einen gut bel\u00fcfteten und k\u00fchlen Ort. Halten Sie die Erde in den ersten drei Tagen feucht und passen Sie die Bew\u00e4sserung an die Witterungsbedingungen an, um sicherzustellen, dass die Zweige nicht welken oder austrocknen, und so die \u00dcberlebensrate zu erh\u00f6hen. Stecklinge sind relativ einfach zu pflegen und m\u00fcssen nicht w\u00e4hrend des gesamten Keimlingsstadiums ged\u00fcngt werden, wie es in der Produktion \u00fcblich ist.<\/p>\n\n\n\n<h2 class=\"wp-block-heading\"><strong>Krankheits- und Sch\u00e4dlingsbek\u00e4mpfung<\/strong><\/h2>\n\n\n\n<h3 class=\"wp-block-heading\"><strong>Krankheitsbek\u00e4mpfung<\/strong><\/h3>\n\n\n\n<p class=\"wp-block-paragraph\"><strong>Blattfleckenkrankheit:<\/strong> Bei einj\u00e4hrigen S\u00e4mlingen oder Stecklingen sind die Symptome Welken, Wasserverlust und eine matte Blattfarbe. Die oberen Teile der Bl\u00e4tter und Zweige biegen sich nach unten und h\u00e4ngen herab, was w\u00e4hrend des Knospungsstadiums besonders ausgepr\u00e4gt ist. Leichte F\u00e4lle k\u00f6nnen sich \u00fcber Nacht erholen, w\u00e4hrend schwere F\u00e4lle innerhalb von zwei bis drei Tagen zum Absterben f\u00fchren k\u00f6nnen, mit Wurzelf\u00e4ule und gl\u00e4nzender brauner Verf\u00e4rbung in den Stammgef\u00e4\u00dfen. <\/p>\n\n\n\n<p class=\"wp-block-paragraph\">Bei S\u00e4mlingen, die \u00e4lter als drei Jahre sind, treten zus\u00e4tzlich zu den bei j\u00fcngeren S\u00e4mlingen beobachteten Symptomen allm\u00e4hlich Welkesymptome in der Mitte oder an den R\u00e4ndern der Pflanzen auf, die zu verdorrten und abgestorbenen Zweigen und schlie\u00dflich zum Absterben der gesamten Pflanze f\u00fchren.<\/p>\n\n\n\n<p class=\"wp-block-paragraph\">Im Allgemeinen tritt die Krankheit von Mai bis August auf, mit einem H\u00f6hepunkt im Juli und August. Vorbeugende Ma\u00dfnahmen sind zwei- bis dreimaliges Bespr\u00fchen mit einer Bordeaux-Mischung im Verh\u00e4ltnis 1:200 oder das Bespr\u00fchen mit einer 500- bis 800-fachen Verd\u00fcnnung von Fosetyl-Al oder Zinkdimethyldithiocarbamat.<\/p>\n\n\n\n<p class=\"wp-block-paragraph\"><strong>Wurzelf\u00e4ule und Fusarium-Welke:<\/strong> 500-fache Verd\u00fcnnung von 50% Carbendazim oder 400-fache Verd\u00fcnnung von 50% Methylthiophanat auf die Wurzeln auftragen oder auf die Bl\u00e4tter spr\u00fchen.<\/p>\n\n\n\n<h3 class=\"wp-block-heading\"><strong>Sch\u00e4dlingsbek\u00e4mpfung<\/strong><\/h3>\n\n\n\n<p class=\"wp-block-paragraph\"><strong>Rote Spinnmilbe:<\/strong> Verd\u00fcnnen Sie 1,8% Abamectin auf das 600- bis 1000-fache und spr\u00fchen Sie es auf die Bl\u00e4tter, oder verwenden Sie Akarizide wie Trichlorfon zum Bespr\u00fchen der Bl\u00e4tter.<\/p>\n\n\n\n<p class=\"wp-block-paragraph\"><strong>Blatth\u00fcpfer und Flohk\u00e4fer:<\/strong> Verwenden Sie Pyrethroid-Insektizide wie 50% Fenvalerat-Emulsion, 50% Deltamethrin-Emulsion oder 12% Cypermethrin-Emulsion zur Pr\u00e4vention und Bek\u00e4mpfung.<\/p>\n\n\n\n<h2 class=\"wp-block-heading\"><strong>Wert und andere Aspekte<\/strong><\/h2>\n\n\n\n<p class=\"wp-block-paragraph\">Lavendel bietet eine Vielzahl von Vorteilen und Funktionen. Er hat einen betr\u00e4chtlichen medizinischen Wert und kann aufgrund seiner beruhigenden, sedierenden und krampfl\u00f6senden Wirkung als Bestandteil von Medikamenten verwendet werden. Dar\u00fcber hinaus kann er verwendet werden, um <a href=\"https:\/\/flowerslib.com\/de\/rosentee-aufguss\/\">Tee aufbr\u00fchen<\/a>und hilft bei der Verdauung. Au\u00dferdem wird Lavendel wegen seiner \u00f6kologischen Sch\u00f6nheit und seiner einzigartigen kulturellen Bedeutung in der Welt der Botanik gesch\u00e4tzt.<\/p>\n\n\n\n<h3 class=\"wp-block-heading\"><strong>Medizinischer Wert<\/strong><\/h3>\n\n\n\n<p class=\"wp-block-paragraph\"><strong>Pharmakologische Aktivit\u00e4t<\/strong><\/p>\n\n\n\n<p class=\"wp-block-paragraph\">Lavendel wird in \u00dcbersee seit Jahrhunderten in der klinischen Praxis und in der Kosmetikindustrie verwendet, haupts\u00e4chlich in getrockneter Form oder als \u00e4therisches \u00d6l. Die gesamte Pflanze enth\u00e4lt 1% bis 3% \u00e4therisches \u00d6l. Die Verwendung von Lavendel zu Heilzwecken geht bis in die Zeit der alten R\u00f6mer und Griechen zur\u00fcck. Das \u00e4therische \u00d6l des Lavendels wird heute noch genauso h\u00e4ufig verwendet wie in fr\u00fcheren Jahrhunderten. Es ist ein komplexes Gemisch aus vielen verschiedenen Arten von aromatischen Verbindungen, das aus mehr als 30 Bestandteilen besteht.<\/p>\n\n\n\n<p class=\"wp-block-paragraph\"><strong>Beruhigende und hypnotische Wirkungen<\/strong><\/p>\n\n\n\n<p class=\"wp-block-paragraph\">\u00c4therisches Lavendel\u00f6l wird haupts\u00e4chlich in der Aromatherapie oder bei Massagen verwendet. Im Jahr 1993 verwendete das Tullamore Hospital in Irland eine Mischung aus \u00e4therischen \u00d6len, die aus Rosmarin, Wacholder, Lavendel und s\u00fc\u00dfem Fenchel gewonnen wurden, um den Schlaf \u00e4lterer Menschen zu verbessern. <\/p>\n\n\n\n<p class=\"wp-block-paragraph\">1995 f\u00fchrte Graham \u00e4hnliche Experimente durch, um Schlafst\u00f6rungen zu verringern und den Einschlafvorgang bei Patienten zu beschleunigen. Nach zweiw\u00f6chiger Anwendung des Verneblers f\u00fcr \u00e4therische \u00d6le stieg die Zahl der Patienten, die von einem guten Nachtschlaf berichteten, deutlich an, und die Zahl der Patienten, die zum Schlafen eine besonders ruhige Umgebung ben\u00f6tigten, ging deutlich zur\u00fcck.<\/p>\n\n\n\n<p class=\"wp-block-paragraph\"><strong>Krampfl\u00f6sende Wirkungen<\/strong><\/p>\n\n\n\n<p class=\"wp-block-paragraph\">Neben seiner Wirkung auf das zentrale Nervensystem zeigen Tierversuche, dass das \u00e4therische Lavendel\u00f6l auch krampfl\u00f6sende Wirkungen auf die glatte Muskulatur des Ileums und der Geb\u00e4rmutter hat. Seine krampfl\u00f6sende Wirkung wird nicht durch adrenerge und cholinerge Rezeptoren vermittelt und wirkt auch nicht auf Kalzium-Ionenkan\u00e4le, sondern durch die Erh\u00f6hung des intrazellul\u00e4ren zyklischen Adenosinmonophosphatspiegels. Das \u00e4therische \u00d6l des Lavendels wird auch in der Geburtshilfe verwendet. Wenn man es beispielsweise dem Badewasser hinzuf\u00fcgt, kann es helfen, die Schmerzen und Beschwerden nach der Geburt zu lindern.<\/p>\n\n\n\n<p class=\"wp-block-paragraph\"><strong>Antimikrobielle Wirkungen<\/strong><\/p>\n\n\n\n<p class=\"wp-block-paragraph\">Lis-Balchin fand heraus, dass das \u00e4therische Lavendel\u00f6l eine antimikrobielle Wirkung gegen eine Vielzahl von Bakterien hat. Linalool ist der Hauptbestandteil des Lavendel\u00f6ls, der f\u00fcr seine antimikrobielle Wirkung verantwortlich ist und das Wachstum von 17 Bakterienarten und 10 Pilzarten hemmt. Sowohl das \u00e4therische Lavendel\u00f6l als auch seine D\u00e4mpfe haben bestimmte antimykotische Wirkungen gezeigt. <\/p>\n\n\n\n<p class=\"wp-block-paragraph\">Lavendelextrakte in Konzentrationen von 1% und 10% k\u00f6nnen die Keimung von Botrytis cinerea-Sporen und das Sporenwachstum hemmen, wobei die Hemmwirkung auf das Sporenwachstum st\u00e4rker ist als auf das Hyphenwachstum. Der Dampf von \u00e4therischem Lavendel\u00f6l kann ebenfalls das Wachstum von Aspergillus fumigatus hemmen, wobei die erforderliche Dosierung mit der von Teebaum\u00f6l vergleichbar ist, aber h\u00f6her liegt als bei Zitronengras\u00f6l, Zimt\u00f6l und Thymian\u00f6l.<\/p>\n\n\n\n<p class=\"wp-block-paragraph\"><strong>Lipid-senkende Effekte<\/strong><\/p>\n\n\n\n<p class=\"wp-block-paragraph\">Forscher haben herausgefunden, dass Lavendelextrakt das Potenzial hat, den Fettgehalt zu reduzieren. Menschliches Fettgewebe wurde in kleine St\u00fccke geschnitten und in einer 0,05% Kollagenasel\u00f6sung kultiviert, dann wurde der Extrakt zu den Kulturr\u00f6hrchen gegeben. Die Fettabbaurate betrug (1,12\u00b10,10) mg Fett\/R\u00f6hrchen mit Lavendelextrakt, (2,37\u00b10,18) mg Fett\/R\u00f6hrchen mit Lavendel- und Fenchelextrakt und (0,35\u00b10,09) mg Fett\/R\u00f6hrchen f\u00fcr das Kontrollr\u00f6hrchen ohne Extrakte.<\/p>\n\n\n\n<h2 class=\"wp-block-heading\"><strong>Wert und mehr<\/strong><\/h2>\n\n\n\n<p class=\"wp-block-paragraph\">Lavendel hat eine Vielzahl von Anwendungen und Vorteilen. Er besitzt nicht nur einen beachtlichen medizinischen Wert, sondern kann auch als beruhigendes und sedierendes pflanzliches Mittel verwendet werden, das bei Kr\u00e4mpfen hilft. Seine Verwendung ist nicht auf die Medizin beschr\u00e4nkt; er wird auch h\u00e4ufig zur Herstellung von beruhigenden Tees verwendet, die die Verdauung f\u00f6rdern. Dar\u00fcber hinaus wird Lavendel wegen seines \u00f6kologischen und \u00e4sthetischen Wertes sowie wegen seiner einzigartigen kulturellen Bedeutung in der Welt der Botanik gesch\u00e4tzt.<\/p>\n\n\n\n<h3 class=\"wp-block-heading\"><strong>Medizinischer Wert<\/strong><\/h3>\n\n\n\n<p class=\"wp-block-paragraph\"><strong>Pharmakologische Aktivit\u00e4t<\/strong><\/p>\n\n\n\n<p class=\"wp-block-paragraph\">Seit Jahrhunderten werden getrockneter Lavendel und sein \u00e4therisches \u00d6l weltweit sowohl in der Medizin als auch in der Kosmetikindustrie verwendet. Lavendel enth\u00e4lt 1% bis 3% \u00e4therisches \u00d6l, und seine Verwendung zur Behandlung von Krankheiten geht auf die Zeit der alten R\u00f6mer und Griechen zur\u00fcck. Das \u00e4therische \u00d6l des Lavendels, das auch heute noch wie vor Jahrhunderten verwendet wird, ist ein komplexes Gemisch aus vielen verschiedenen aromatischen Verbindungen mit \u00fcber 30 Einzelkomponenten.<\/p>\n\n\n\n<p class=\"wp-block-paragraph\"><strong>Beruhigende und hypnotische Wirkungen<\/strong><\/p>\n\n\n\n<p class=\"wp-block-paragraph\">\u00c4therisches Lavendel\u00f6l wird haupts\u00e4chlich in der Aromatherapie oder bei Massagen verwendet. 1993 verwendete das Tullamore General Hospital in Irland eine Mischung aus \u00e4therischen \u00d6len, die aus Rosmarin, Wacholder, Lavendel und s\u00fc\u00dfem Fenchel gewonnen wurden, um den Schlaf \u00e4lterer Menschen zu verbessern. In \u00e4hnlicher Weise experimentierte Graham 1995 mit demselben Ziel, Schlafst\u00f6rungen zu verringern und Patienten zu einem schnelleren Schlaf zu verhelfen. Nach zwei Wochen kombinierter Anwendung mit der Zerst\u00e4ubung von \u00e4therischen \u00d6len wurde ein signifikanter Anstieg der Patienten festgestellt, die von einem guten Schlaf berichteten, und die Zahl der Patienten, die w\u00e4hrend des Schlafs eine besonders ruhige Umgebung ben\u00f6tigten, ging deutlich zur\u00fcck.<\/p>\n\n\n\n<p class=\"wp-block-paragraph\"><strong>Krampfl\u00f6sende Wirkungen<\/strong><\/p>\n\n\n\n<p class=\"wp-block-paragraph\">Neben seiner Wirkung auf das zentrale Nervensystem haben Tierversuche gezeigt, dass das \u00e4therische Lavendel\u00f6l auch eine krampfl\u00f6sende Wirkung auf die glatte Muskulatur des Ileums und der Geb\u00e4rmutter hat. Die krampfl\u00f6sende Wirkung erfolgt weder \u00fcber adrenerge und cholinerge Rezeptoren noch \u00fcber Kalzium-Ionenkan\u00e4le, sondern \u00fcber eine Erh\u00f6hung des zyklischen Adenosinmonophosphats in den Zellen. Das \u00e4therische \u00d6l des Lavendels findet auch in der Geburtshilfe Anwendung, z. B. im Badewasser, wo es Schmerzen und Unwohlsein nach der Geburt lindern kann.<\/p>\n\n\n\n<p class=\"wp-block-paragraph\"><strong>Antibakterielle Wirkungen<\/strong><\/p>\n\n\n\n<p class=\"wp-block-paragraph\">Lis-Balchin fand heraus, dass das \u00e4therische Lavendel\u00f6l gegen eine Vielzahl von Bakterien wirkt. Linalool, ein Hauptbestandteil des \u00e4therischen Lavendel\u00f6ls, hemmt nachweislich das Wachstum von 17 Arten von Bakterien und 10 Arten von Pilzen. Sowohl das \u00e4therische Lavendel\u00f6l als auch seine D\u00e4mpfe haben eine antimykotische Wirkung gezeigt. Lavendelextrakte mit 1% und 10% waren in der Lage, die Keimung der Konidiosporen und das Wachstum der Keimschl\u00e4uche von Botrytis cinerea zu hemmen, wobei die Wirkung auf die Keimschl\u00e4uche st\u00e4rker war als auf das Myzel. Der Dampf von \u00e4therischem Lavendel\u00f6l kann auch das Wachstum von Aspergillus fumigatus hemmen, wobei die erforderliche Dosierung mit der von Teebaum\u00f6l vergleichbar ist, aber h\u00f6her als bei Zitronengras\u00f6l, Zimt\u00f6l und Thymian\u00f6l.<\/p>\n\n\n\n<p class=\"wp-block-paragraph\"><strong>Lipid-senkende Effekte<\/strong><\/p>\n\n\n\n<p class=\"wp-block-paragraph\">In einer Studie wurde menschliches Fettgewebe in kleine St\u00fccke geschnitten und in einer 0,05% Kollagenasel\u00f6sung kultiviert. Die Extrakte wurden dann in die Kulturr\u00f6hrchen gegeben. Die Fettabbaurate mit Lavendelextrakt betrug (1,12+0,10) mg Fett\/Kulturr\u00f6hrchen und mit Lavendel- und Fenchelextrakt (2,37+0,18) mg Fett\/R\u00f6hrchen, w\u00e4hrend das Kontrollr\u00f6hrchen ohne Extrakt (0,35+0,09) mg Fett\/R\u00f6hrchen aufwies.<\/p>\n\n\n\n<h3 class=\"wp-block-heading\"><strong>Essbarer Wert<\/strong><\/h3>\n\n\n\n<p class=\"wp-block-paragraph\"><strong>Lavendel-Tee<\/strong><\/p>\n\n\n\n<p class=\"wp-block-paragraph\">Lavendeltee wird aus getrockneten Knospen hergestellt. Ein Essl\u00f6ffel Knospen wird nur 5 Minuten lang mit kochendem Wasser \u00fcbergossen und ergibt ein k\u00f6stliches Getr\u00e4nk, auch ohne Zusatz von Honig oder Zucker. Dieser Tee ist nebenwirkungsfrei und bietet viele Vorteile, wie z. B. eine beruhigende Wirkung, Linderung von Verdauungskr\u00e4mpfen, ein erfrischendes Gef\u00fchl, Linderung von Bl\u00e4hungen, Unterst\u00fctzung der Verdauung, Vorbeugung von \u00dcbelkeit und Schwindel, Linderung von Angstzust\u00e4nden und Migr\u00e4ne sowie Abwehr von Erk\u00e4ltungen. Er kann auch bei Heiserkeit und Stimmverlust helfen, weshalb er auch \"der beste Begleiter von B\u00fcroangestellten\" genannt wird.<\/p>\n\n\n\n<p class=\"wp-block-paragraph\">Empfehlungen f\u00fcr die Ern\u00e4hrung: Im Allgemeinen ist der Verzehr von 2 bis 3 Gramm pro Portion f\u00fcr jedermann sicher. Menschen mit niedrigem Blutdruck sollten es jedoch in Ma\u00dfen konsumieren, um Schl\u00e4frigkeit zu vermeiden. Da Lavendelpulver die Geb\u00e4rmutter anregt, sollte es in der fr\u00fchen Schwangerschaft vermieden werden.<\/p>\n\n\n\n<h3 class=\"wp-block-heading\"><strong>Kosmetischer Wert<\/strong><\/h3>\n\n\n\n<p class=\"wp-block-paragraph\">Die F\u00e4higkeit des Lavendels, Bakterien zu hemmen, die Talgsekretion auszugleichen und die Haut zu beruhigen, macht ihn zu einer gro\u00dfartigen Erg\u00e4nzung f\u00fcr Gesichtsreinigungsprodukte. Durch die Einarbeitung von Lavendelextrakt in Seife und Gesichtsreinigungsmittel und die Anwendung von Kaltsterilisation und issofreier Technologie werden Produkte wie Lavendelseife und Gesichtsreinigungsmittel hergestellt.<\/p>\n\n\n\n<p class=\"wp-block-paragraph\"><strong>Gesichtsmaske:<\/strong> Mischen Sie 10 g Lavendelpulver mit Wasser, Eiwei\u00df oder Milch zu einer Paste. Gleichm\u00e4\u00dfig auf das Gesicht auftragen, 20 Minuten einwirken lassen und dann absp\u00fclen.<\/p>\n\n\n\n<p class=\"wp-block-paragraph\"><strong>Gesichtsbedampfung:<\/strong> Bevor Sie eine Gesichtsmaske auftragen, d\u00e4mpfen Sie Ihr Gesicht, damit sich die Poren \u00f6ffnen und die Maske besser einziehen kann. Streuen Sie zu diesem Zeitpunkt etwa 10 g Lavendelpulver in das Dampfger\u00e4t. Der Duft ist beruhigend, das Erlebnis entspannend, und der Dampf beruhigt die Nerven und pflegt die Haut.<\/p>\n\n\n\n<p class=\"wp-block-paragraph\"><strong>Bad:<\/strong> Streuen Sie etwa 5 g Lavendelpulver in eine Badewanne. Es hilft, die Haut am ganzen K\u00f6rper zu straffen, mit N\u00e4hrstoffen zu versorgen, eine duftende K\u00f6rperbehandlung durchzuf\u00fchren und Stress abzubauen.<\/p>\n\n\n\n<h3 class=\"wp-block-heading\"><strong>Wert des Gartens<\/strong><\/h3>\n\n\n\n<p class=\"wp-block-paragraph\">Lavendelpflanzen haben mit ihren vielen Arten einen hohen \u00f6kologischen und \u00e4sthetischen Wert. Die niedrig wachsenden Pflanzen sind das ganze Jahr \u00fcber grau-violett gef\u00e4rbt, winterhart und schnittvertr\u00e4glich. Ihre sch\u00f6nen Blatt- und Bl\u00fctenfarben sind elegant und anmutig. Mit Lavendel l\u00e4sst sich ein spezieller aromatischer botanischer Garten anlegen, der Begr\u00fcnung, Versch\u00f6nerung, Farbe und Duft miteinander verbindet. Er bietet visuellen Genuss und reinigt die Luft.<\/p>\n\n\n\n<h2 class=\"wp-block-heading\"><strong>Sprache der Lavendelbl\u00fcten<\/strong><\/h2>\n\n\n\n<p class=\"wp-block-paragraph\">In der europ\u00e4ischen Tradition scheint Lavendel auf nat\u00fcrliche Weise mit der Liebe verbunden zu sein, denn zahlreiche Liebeslegenden und Volksbr\u00e4uche handeln von dieser Pflanze. \"Lavendel bedeutet wahre Liebe\" ist ein repr\u00e4sentatives lyrisches Gedicht aus dem Elisabethanischen Zeitalter. Die Website <a class=\"wpil_keyword_link\" href=\"https:\/\/flowerslib.com\/de\/blumensprache\/\"   title=\"Blumensprache\" data-wpil-keyword-link=\"linked\">Blumensprache<\/a> von Lavendel ist \"Warten auf Liebe\". Lavendel bedeutet eine subtile Erkl\u00e4rung der Liebe, eine unersch\u00fctterliche Verpflichtung.<\/p>","protected":false},"excerpt":{"rendered":"<p>Lavender, also known as aromatic plant and herb, is often referred to as the &#8220;queen of herbs&#8221; due to its numerous benefits. It belongs to the family Lamiaceae and the Lavandula genus, and is a semi-shrub or dwarf shrub. It is native to the Mediterranean coast, various parts of Europe, and islands in the Pacific, [&hellip;]<\/p>\n","protected":false},"author":1,"featured_media":4758,"comment_status":"open","ping_status":"open","sticky":false,"template":"","format":"standard","meta":{"_breakdance_hide_in_design_set":false,"_breakdance_tags":"","footnotes":""},"categories":[20],"tags":[],"class_list":["post-4756","post","type-post","status-publish","format-standard","has-post-thumbnail","hentry","category-species-and-types"],"_links":{"self":[{"href":"https:\/\/flowerslib.com\/de\/wp-json\/wp\/v2\/posts\/4756","targetHints":{"allow":["GET"]}}],"collection":[{"href":"https:\/\/flowerslib.com\/de\/wp-json\/wp\/v2\/posts"}],"about":[{"href":"https:\/\/flowerslib.com\/de\/wp-json\/wp\/v2\/types\/post"}],"author":[{"embeddable":true,"href":"https:\/\/flowerslib.com\/de\/wp-json\/wp\/v2\/users\/1"}],"replies":[{"embeddable":true,"href":"https:\/\/flowerslib.com\/de\/wp-json\/wp\/v2\/comments?post=4756"}],"version-history":[{"count":0,"href":"https:\/\/flowerslib.com\/de\/wp-json\/wp\/v2\/posts\/4756\/revisions"}],"wp:featuredmedia":[{"embeddable":true,"href":"https:\/\/flowerslib.com\/de\/wp-json\/wp\/v2\/media\/4758"}],"wp:attachment":[{"href":"https:\/\/flowerslib.com\/de\/wp-json\/wp\/v2\/media?parent=4756"}],"wp:term":[{"taxonomy":"category","embeddable":true,"href":"https:\/\/flowerslib.com\/de\/wp-json\/wp\/v2\/categories?post=4756"},{"taxonomy":"post_tag","embeddable":true,"href":"https:\/\/flowerslib.com\/de\/wp-json\/wp\/v2\/tags?post=4756"}],"curies":[{"name":"wp","href":"https:\/\/api.w.org\/{rel}","templated":true}]}}