{"id":13952,"date":"2023-12-13T13:43:47","date_gmt":"2023-12-13T05:43:47","guid":{"rendered":"https:\/\/flowerslib.com\/?p=13952"},"modified":"2023-12-13T13:43:48","modified_gmt":"2023-12-13T05:43:48","slug":"allemanda-neriifolia","status":"publish","type":"post","link":"https:\/\/flowerslib.com\/de\/allemanda-neriifolia\/","title":{"rendered":"Kultivierung von Allemanda neriifolia f\u00fcr lebendige G\u00e4rten"},"content":{"rendered":"<p class=\"wp-block-paragraph\">Die Allemanda neriifolia ist ein immergr\u00fcner Strauch, der aufrecht bis zu 6,6 Meter hoch w\u00e4chst, im Topf jedoch in der Regel auf etwa 3,3 Meter gehalten wird. <\/p>\n\n\n\n<p class=\"wp-block-paragraph\">Die Bl\u00e4tter, die in Quirlen von drei bis f\u00fcnf kommen, sind oval oder umgekehrt lanzettlich und reichen von 2 bis 4,7 Zoll in der L\u00e4nge und 0,6 bis 1,6 Zoll in der Breite, bedeckt mit kurzen, weichen Haaren.<\/p>\n\n\n\n<p class=\"wp-block-paragraph\">Die Bl\u00fctenst\u00e4nde sind doldenf\u00f6rmig mit goldgelben Bl\u00fcten, die im Schlund orange-rot gestreift sind. Die Blumenkrone ist breit trichterf\u00f6rmig mit f\u00fcnf Lappen, die sich entweder links oder rechts \u00fcberlappen, und die Basis der Blumenkrone ist geschwollen und umschlie\u00dft f\u00fcnf Staubbl\u00e4tter. <\/p>\n\n\n\n<p class=\"wp-block-paragraph\"><\/p>\n\n\n<div class=\"wp-block-image\">\n<figure class=\"aligncenter size-full\"><img loading=\"lazy\" decoding=\"async\" width=\"1200\" height=\"800\" src=\"https:\/\/flowerslib.com\/wp-content\/uploads\/2023\/12\/3-95.jpg\" alt=\"Allemanda neriifolia\" class=\"wp-image-15750\" srcset=\"https:\/\/flowerslib.com\/wp-content\/uploads\/2023\/12\/3-95.jpg 1200w, https:\/\/flowerslib.com\/wp-content\/uploads\/2023\/12\/3-95-600x400.jpg 600w, https:\/\/flowerslib.com\/wp-content\/uploads\/2023\/12\/3-95-768x512.jpg 768w, https:\/\/flowerslib.com\/wp-content\/uploads\/2023\/12\/3-95-240x160.jpg 240w\" sizes=\"auto, (max-width: 1200px) 100vw, 1200px\" \/><\/figure>\n<\/div>\n\n\n<p class=\"wp-block-paragraph\"><\/p>\n\n\n\n<p class=\"wp-block-paragraph\">Die Frucht ist eine stachelige Kapsel. Die Bl\u00fctezeit ist im Mai und Juni. Sie stammt aus dem S\u00fcden der Vereinigten Staaten und Brasilien, wird im tropischen Amerika angebaut und in China eingef\u00fchrt. <\/p>\n\n\n\n<p class=\"wp-block-paragraph\">Sie ist eine \u00fcppige, dekorative Gartenpflanze, die mit ihrem dichten Blattwerk, den leuchtend gr\u00fcnen Bl\u00e4ttern und den strahlend hellen Bl\u00fcten eine auff\u00e4llige Erscheinung ist.<\/p>\n\n\n\n<p class=\"wp-block-paragraph\">Sie eignet sich gut f\u00fcr gro\u00dfe und mittelgro\u00dfe K\u00fcbelarrangements, die Wohnzimmer, Balkone, Parks, Einkaufszentren und gro\u00dfe Innenr\u00e4ume mit ihrer pr\u00e4chtigen Wirkung bereichern.<\/p>\n\n\n\n<h2 class=\"wp-block-heading\">I. Morphologische Merkmale<\/h2>\n\n\n\n<p class=\"wp-block-paragraph\"><\/p>\n\n\n<div class=\"wp-block-image\">\n<figure class=\"aligncenter size-full\"><img loading=\"lazy\" decoding=\"async\" width=\"1200\" height=\"800\" src=\"https:\/\/flowerslib.com\/wp-content\/uploads\/2023\/12\/4-74.jpg\" alt=\"Allemanda neriifolia\" class=\"wp-image-15752\" srcset=\"https:\/\/flowerslib.com\/wp-content\/uploads\/2023\/12\/4-74.jpg 1200w, https:\/\/flowerslib.com\/wp-content\/uploads\/2023\/12\/4-74-600x400.jpg 600w, https:\/\/flowerslib.com\/wp-content\/uploads\/2023\/12\/4-74-768x512.jpg 768w, https:\/\/flowerslib.com\/wp-content\/uploads\/2023\/12\/4-74-240x160.jpg 240w\" sizes=\"auto, (max-width: 1200px) 100vw, 1200px\" \/><\/figure>\n<\/div>\n\n\n<p class=\"wp-block-paragraph\"><\/p>\n\n\n\n<p class=\"wp-block-paragraph\">Der Gelbe Alamandastrauch ist ein aufrechter Strauch, der eine H\u00f6he von 3,3 bis 6,6 Fu\u00df erreichen kann, mit latexhaltigen Zweigen, die grauwei\u00df sind. <\/p>\n\n\n\n<p class=\"wp-block-paragraph\">Die Bl\u00e4tter stehen in Gruppen von drei bis f\u00fcnf in Quirlen, haben einen glatten Rand, sind elliptisch oder umgekehrt l\u00e4nglich und messen 2,4 bis 4,7 cm lang und 0,8 bis 1,6 cm breit. Die Spitzen sind verj\u00fcngt oder spitz, und die Basis ist keilf\u00f6rmig. <\/p>\n\n\n\n<p class=\"wp-block-paragraph\">Die Blattoberseite ist tiefgr\u00fcn, die Unterseite hellgr\u00fcn. Abgesehen von den kurzen weichen Haaren auf der Mittelrippe und den Seitenadern auf der Unterseite sind die Bl\u00e4tter ansonsten kahl. <\/p>\n\n\n\n<p class=\"wp-block-paragraph\">Die Nervatur ist an der Oberfl\u00e4che flach und an der Unterseite erhaben, mit sieben bis zw\u00f6lf Seitenadern auf jeder Seite, die nicht bis zum Rand reichen, sondern ein Netz bilden. Die Blattstiele sind sehr kurz und haben Dr\u00fcsen an der Basis und in den Blattachseln.<\/p>\n\n\n\n<p class=\"wp-block-paragraph\">Die Bl\u00fctenst\u00e4nde sind endst\u00e4ndige Dolden; die Bl\u00fctenstiele und -stiele sind mit schorfartigen, weichen Haaren bedeckt. <\/p>\n\n\n\n<p class=\"wp-block-paragraph\">Die Bl\u00fcten sind orange-gelb, 1,6 bis 2,4 Zoll lang, mit einer sich \u00f6ffnenden Blumenkrone von etwa 1,6 Zoll Durchmesser; die H\u00fcllbl\u00e4tter sind lanzettlich und an der Basis der Bl\u00fctenstiele befestigt. <\/p>\n\n\n\n<p class=\"wp-block-paragraph\">Der Kelch ist tief f\u00fcnflappig, mit lanzettlichen Segmenten und einigen Dr\u00fcsen an der Basis der Innenseite. Die Blumenkrone ist trichterf\u00f6rmig und innen r\u00f6tlich-braun gestreift. <\/p>\n\n\n\n<p class=\"wp-block-paragraph\">Der untere Teil der Blumenkrone bildet eine zylindrische R\u00f6hre, die nicht l\u00e4nger als 0,8 Zoll ist und einen Durchmesser von 0,08 bis 0,16 Zoll hat, die an der Basis anschwillt. <\/p>\n\n\n\n<p class=\"wp-block-paragraph\">Der Schlund der Blumenkrone erweitert sich nach oben zu einem Glied, das etwa 1,2 Zoll lang ist und einen Durchmesser von 0,6 Zoll hat, wobei die Spitze des Glieds f\u00fcnflappig ist und die Lappen der Blumenkrone links \u00fcberlappen. <\/p>\n\n\n\n<p class=\"wp-block-paragraph\">Die Lappen sind eif\u00f6rmig oder kreisf\u00f6rmig, stumpf an den Spitzen, etwa 0,6 bis 0,8 Zoll lang und 0,7 Zoll breit. An der Kehle der Kronr\u00f6hre befinden sich f\u00fcnf Staubbl\u00e4tter mit kurzen, an der Basis weich behaarten Staubf\u00e4den und eif\u00f6rmigen Staubbeuteln mit stumpfen Spitzen und abgerundeten Basen. <\/p>\n\n\n\n<p class=\"wp-block-paragraph\">Die Scheibe ist fleischig und ganz und umschlie\u00dft die Basis des Fruchtknotens; der Fruchtknoten ist ganz, einkammrig, mit einem fadenf\u00f6rmigen Griffel und einer stumpfen Narbe an der Spitze und einer ringf\u00f6rmigen Basis.<\/p>\n\n\n\n<p class=\"wp-block-paragraph\">Die Frucht ist eine stachelige Kapsel mit einem Durchmesser von etwa 1,2 Zoll; die Samen sind flach mit einem h\u00e4utigen Rand, etwa 0,8 Zoll lang und 0,6 Zoll breit. Die Bl\u00fctezeit ist von Mai bis August, die Fruchtbildung von Oktober bis Dezember.<\/p>\n\n\n\n<h2 class=\"wp-block-heading\">II. Verbreitungsgebiet<\/h2>\n\n\n\n<p class=\"wp-block-paragraph\">Diese in Brasilien beheimatete Art wird heute in tropischen Regionen in gro\u00dfem Umfang angebaut.<\/p>\n\n\n\n<h2 class=\"wp-block-heading\">III. Umfeld des Wachstums<\/h2>\n\n\n\n<p class=\"wp-block-paragraph\">Sie gedeiht bei hohen Temperaturen und hoher Luftfeuchtigkeit, mit viel Sonnenlicht und einer geringen Toleranz f\u00fcr Halbschatten. <\/p>\n\n\n\n<p class=\"wp-block-paragraph\">Sie bevorzugt einen fruchtbaren und gut durchl\u00e4ssigen Boden. Sie ist k\u00e4lte- und frostunempfindlich, erleidet aber Sch\u00e4den an Zweigen und Bl\u00e4ttern, wenn sie \u00fcber l\u00e4ngere Zeit Temperaturen von 41 bis 42,8\u00b0F ausgesetzt ist. <\/p>\n\n\n\n<p class=\"wp-block-paragraph\">Sie bevorzugt fruchtbaren, feuchten, lehmigen Sand, gedeiht aber schlecht in schweren, kompakten B\u00f6den und vertr\u00e4gt keine Staun\u00e4sse oder salzige Bedingungen. Sie ist zwar relativ tolerant gegen\u00fcber N\u00e4sse, vertr\u00e4gt aber keine Trockenheit; der Boden sollte konstant feucht gehalten werden. <\/p>\n\n\n\n<p class=\"wp-block-paragraph\">Optimale Wachstumstemperaturen liegen zwischen 64,4 und 86\u00b0F, wobei die Pflanze auch bei Temperaturen \u00fcber 95\u00b0F noch normal wachsen kann. W\u00e4hrend der Winterruhe liegt die ideale Temperatur zwischen 53,6 und 59\u00b0F und sollte nicht unter 50\u00b0F sinken, da Temperaturen unter 41\u00b0F der Pflanze Frostsch\u00e4den zuf\u00fcgen k\u00f6nnen.<\/p>\n\n\n\n<h2 class=\"wp-block-heading\">IV. Vermehrung und Kultivierung<\/h2>\n\n\n\n<h3 class=\"wp-block-heading\">Saatgut Aussaat<\/h3>\n\n\n\n<p class=\"wp-block-paragraph\">Nach der Bl\u00fcte bildet die Goldene Trompete Fr\u00fcchte mit weichen Stacheln, und ihre gefl\u00fcgelten Samen sollten nicht lange gelagert werden. Am besten s\u00e4t man sie sofort nach dem Sammeln aus. Einj\u00e4hrige S\u00e4mlinge k\u00f6nnen aus der Baumschule ausgepflanzt werden.<\/p>\n\n\n\n<h3 class=\"wp-block-heading\">Schichtung<\/h3>\n\n\n\n<p class=\"wp-block-paragraph\">Die Schichtung wird am besten in der Regenzeit vorgenommen. Biegen Sie einen Zweig in Bodenn\u00e4he, wickeln Sie die Rinde leicht an und vergraben Sie ihn in der Erde. Die Wurzeln entwickeln sich innerhalb von etwa zwei Monaten. Danach kann die neue Pflanze von der Mutterpflanze getrennt werden.<\/p>\n\n\n\n<h3 class=\"wp-block-heading\">Stecklinge<\/h3>\n\n\n\n<p class=\"wp-block-paragraph\">Die Wasservermehrung ist besonders effektiv. Stecklinge k\u00f6nnen jederzeit w\u00e4hrend der Vegetationsperiode entnommen werden, idealerweise in einer L\u00e4nge von 30-40 Zentimetern. Schneiden Sie das untere Ende des Stecklings mit einem Messer 4-6 Zentimeter ab und legen Sie es in ein Glas Wasser. <\/p>\n\n\n\n<p class=\"wp-block-paragraph\">Im Fr\u00fchjahr und Herbst sind die Temperaturen am g\u00fcnstigsten, und die Wurzeln treiben in der Regel innerhalb von 2-3 Wochen aus. Im Sommer ist es aufgrund der h\u00f6heren Temperaturen und des Wasserverderbs ratsam, das Wasser alle zwei Tage zu wechseln.<\/p>\n\n\n\n<p class=\"wp-block-paragraph\">Im Handel sind Stecklinge die am h\u00e4ufigsten verwendete Vermehrungsmethode. Von Ende M\u00e4rz bis Mitte April, wenn sich die Temperaturen stabilisieren, werden Stecklinge von sechs Monate bis zwei Jahre alten Zweigen dicht in feuchten Sand oder ein Kiesbett gepflanzt und durch Nebeln feucht gehalten. <\/p>\n\n\n\n<p class=\"wp-block-paragraph\">Sobald die Temperaturen 20 \u00b0C \u00fcberschreiten, bilden sich die Wurzeln in der Regel innerhalb von 20 Tagen, und die Pflanzen k\u00f6nnen nach etwa 40 Tagen in ein Baumschulbeet oder in T\u00f6pfe gesetzt werden.<\/p>\n\n\n\n<h2 class=\"wp-block-heading\">V. Sch\u00e4dlings- und Krankheitsbek\u00e4mpfung<\/h2>\n\n\n\n<h3 class=\"wp-block-heading\">Ru\u00dftau<\/h3>\n\n\n\n<p class=\"wp-block-paragraph\">Zu den Symptomen geh\u00f6ren ein schwarzes Erscheinungsbild an der Krone der befallenen Pflanzen und verdunkelte Zweige, deren Oberfl\u00e4che mit schwarzem Schimmel bedeckt ist, der sich klebrig anf\u00fchlt. <\/p>\n\n\n\n<p class=\"wp-block-paragraph\">Mit der Zeit kann sich der schwarze Schimmel teilweise abl\u00f6sen, so dass die Bl\u00e4tter mit schwarzen und wei\u00dfen Flecken gesprenkelt sind. Stark befallene Pflanzen leiden unter blockierter Photosynthese, schlechtem Wachstum, vorzeitigem Blattfall und vermindertem Zierwert.<\/p>\n\n\n\n<p class=\"wp-block-paragraph\">Die Krankheit wird durch Ascomyceten-Pilze, darunter Capnodium spp. und Neocapnodium spp. verursacht, deren ungeschlechtliche Stadien h\u00e4ufig Ru\u00dfschimmelpilze verbreiten.<\/p>\n\n\n\n<p class=\"wp-block-paragraph\">Muster des Vorkommens: In Guangdong ist das asexuelle Stadium des Pilzes weit verbreitet. Der Pilz \u00fcberwintert als Myzel auf befallenen Teilen oder Abf\u00e4llen und vermehrt sich auf dem von Schildl\u00e4usen abgesonderten Honigtau, wobei er sich durch Wind, Regen und die Aktivit\u00e4t der Schildl\u00e4use verbreitet. <\/p>\n\n\n\n<p class=\"wp-block-paragraph\">Umgebungen, die die Vermehrung von Schildl\u00e4usen beg\u00fcnstigen, beg\u00fcnstigen auch den Ausbruch von Ru\u00dftau.<\/p>\n\n\n\n<p class=\"wp-block-paragraph\">Zu den Bek\u00e4mpfungsma\u00dfnahmen geh\u00f6ren eine bessere Bel\u00fcftung der G\u00e4rten und der Einsatz von Insektiziden zur Bek\u00e4mpfung von Sch\u00e4dlingen und Krankheiten. <\/p>\n\n\n\n<p class=\"wp-block-paragraph\">L\u00f6sungen wie 40% schnell wirkendes emulgierbares Konzentrat in 1000-3000-facher Verd\u00fcnnung oder 40% emulgierbares Chlorpyrifos-Konzentrat in 1000-facher Verd\u00fcnnung oder 25% emulgierbares Imidacloprid-Konzentrat in 2000-facher Verd\u00fcnnung (f\u00fcr Schildl\u00e4use im Nymphenstadium mit einer verd\u00fcnnten L\u00f6sung) oder 50% emulgierbares Pirimicarb-Konzentrat in 2000-3000-facher Verd\u00fcnnung (f\u00fcr Blattl\u00e4use).<\/p>\n\n\n\n<h3 class=\"wp-block-heading\">Rotes Wachs Skala<\/h3>\n\n\n\n<p class=\"wp-block-paragraph\">Die Rote Trompetenschildlaus (Ceroplastes rubens Maskell) ist ein weit verbreiteter Sch\u00e4dling, der zu den Familien der Hemiptera und Coccidae geh\u00f6rt. <\/p>\n\n\n\n<p class=\"wp-block-paragraph\">Er sch\u00e4digt die Goldene Trompete, indem er den Saft aus den Zweigen und Bl\u00e4ttern saugt, was zu N\u00e4hrstoffmangel, geschw\u00e4chter Wuchsleistung und Behinderung von Bl\u00fcte und Fruchtbildung f\u00fchrt, was wiederum zum Absterben der Zweige f\u00fchren kann.<\/p>\n\n\n\n<p class=\"wp-block-paragraph\">Morphologische Merkmale: Die erwachsenen M\u00e4nnchen und Weibchen der Roten Wachsschildlaus unterscheiden sich im Aussehen. Das fl\u00fcgellose Weibchen ist oval, dunkelrot, etwa 4 Millimeter lang und 2,5 Millimeter hoch, mit einer dicken Wachsschicht auf dem R\u00fccken, die ihm ein br\u00f6tchenartiges Aussehen verleiht. <\/p>\n\n\n\n<p class=\"wp-block-paragraph\">Das M\u00e4nnchen hat ein Paar wei\u00dfe, halbtransparente Fl\u00fcgel mit einer Fl\u00fcgelspannweite von 2,5 Millimetern. Die Nymphen haben eine ovale Form und sind dunkelrot. Im letzten Stadium verdickt sich das Wachs und \u00e4hnelt der Schale des erwachsenen Weibchens, ist aber kleiner. <\/p>\n\n\n\n<p class=\"wp-block-paragraph\">Es gibt eine Generation pro Jahr, mit \u00fcberwinternden befruchteten Weibchen. Die Spitzenzeit f\u00fcr die Eiablage der \u00fcberwinternden Weibchen ist im Mai und Juni, wobei die Eiablage \u00fcber einen Monat dauert. <\/p>\n\n\n\n<p class=\"wp-block-paragraph\">Die frisch geschl\u00fcpften Nymphen wandern zu neuen Trieben und Bl\u00e4ttern, um sich zu ern\u00e4hren, wobei verschiedene Wespen als nat\u00fcrliche Fressfeinde fungieren.<\/p>\n\n\n\n<p class=\"wp-block-paragraph\">Muster des Vorkommens: Es gibt eine Generation pro Jahr, wobei die befruchteten Weibchen auf den Zweigen \u00fcberwintern. <\/p>\n\n\n\n<p class=\"wp-block-paragraph\">Die frisch geschl\u00fcpften Nymphen krabbeln eine Weile, bevor sie sich auf dem Wirt niederlassen, um zu fressen. Nach etwa 6 Stunden beginnen sie, Wachs abzusondern, und nach 15 Tagen bilden sie einen sternf\u00f6rmigen Wachsmantel. <\/p>\n\n\n\n<p class=\"wp-block-paragraph\">Sobald sich die Wachsschicht gebildet hat, ist es weniger ideal, sie zu behandeln, da die Wirksamkeit der Bek\u00e4mpfungsma\u00dfnahmen abnimmt.<\/p>\n\n\n\n<p class=\"wp-block-paragraph\"><strong>Kontrollmethoden:<\/strong><\/p>\n\n\n\n<p class=\"wp-block-paragraph\">Manuelle Bek\u00e4mpfung: Entfernen Sie die Sch\u00e4dlinge zu Beginn manuell oder schneiden Sie stark befallene \u00c4ste und Bl\u00e4tter ab und entsorgen Sie sie ordnungsgem\u00e4\u00df.<\/p>\n\n\n\n<p class=\"wp-block-paragraph\">Bek\u00e4mpfung im Gartenbau: Ein rechtzeitiger und ordnungsgem\u00e4\u00dfer R\u00fcckschnitt zur Verbesserung der Luft- und Lichtverh\u00e4ltnisse kann dazu beitragen, den Befall zu verringern.<\/p>","protected":false},"excerpt":{"rendered":"<p>The Allemanda neriifolia is an evergreen shrub that grows upright to about 6.6 feet, though when potted it is typically kept at around 3.3 feet. The leaves, which come in whorls of three to five, are oval or inversely lanceolate and range from 2 to 4.7 inches in length and 0.6 to 1.6 inches in [&hellip;]<\/p>\n","protected":false},"author":1,"featured_media":15749,"comment_status":"open","ping_status":"open","sticky":false,"template":"","format":"standard","meta":{"_breakdance_hide_in_design_set":false,"_breakdance_tags":"","footnotes":""},"categories":[20],"tags":[],"class_list":["post-13952","post","type-post","status-publish","format-standard","has-post-thumbnail","hentry","category-species-and-types"],"_links":{"self":[{"href":"https:\/\/flowerslib.com\/de\/wp-json\/wp\/v2\/posts\/13952","targetHints":{"allow":["GET"]}}],"collection":[{"href":"https:\/\/flowerslib.com\/de\/wp-json\/wp\/v2\/posts"}],"about":[{"href":"https:\/\/flowerslib.com\/de\/wp-json\/wp\/v2\/types\/post"}],"author":[{"embeddable":true,"href":"https:\/\/flowerslib.com\/de\/wp-json\/wp\/v2\/users\/1"}],"replies":[{"embeddable":true,"href":"https:\/\/flowerslib.com\/de\/wp-json\/wp\/v2\/comments?post=13952"}],"version-history":[{"count":0,"href":"https:\/\/flowerslib.com\/de\/wp-json\/wp\/v2\/posts\/13952\/revisions"}],"wp:featuredmedia":[{"embeddable":true,"href":"https:\/\/flowerslib.com\/de\/wp-json\/wp\/v2\/media\/15749"}],"wp:attachment":[{"href":"https:\/\/flowerslib.com\/de\/wp-json\/wp\/v2\/media?parent=13952"}],"wp:term":[{"taxonomy":"category","embeddable":true,"href":"https:\/\/flowerslib.com\/de\/wp-json\/wp\/v2\/categories?post=13952"},{"taxonomy":"post_tag","embeddable":true,"href":"https:\/\/flowerslib.com\/de\/wp-json\/wp\/v2\/tags?post=13952"}],"curies":[{"name":"wp","href":"https:\/\/api.w.org\/{rel}","templated":true}]}}