{"id":13636,"date":"2023-10-31T15:54:43","date_gmt":"2023-10-31T07:54:43","guid":{"rendered":"https:\/\/flowerslib.com\/?p=13636"},"modified":"2023-10-31T15:54:44","modified_gmt":"2023-10-31T07:54:44","slug":"erythrina-crista-galli","status":"publish","type":"post","link":"https:\/\/flowerslib.com\/de\/erythrina-crista-galli\/","title":{"rendered":"Erythrina Crista-Galli: Ein Leitfaden f\u00fcr die Kultivierung"},"content":{"rendered":"<p class=\"wp-block-paragraph\">Erythrina crista-galli, auch bekannt als Hahnenkamm-Korallenbaum, Brasilianischer Korallenbaum oder Elfenbein-Korallenbaum, verdankt seinen Namen seiner \u00c4hnlichkeit mit einem Hahnenkamm. <\/p>\n\n\n\n<p class=\"wp-block-paragraph\">Es handelt sich um einen sommergr\u00fcnen Strauch oder kleinen Baum, dessen St\u00e4mme und Blattstiele leicht mit Dornen besetzt sind. Die federartigen zusammengesetzten Bl\u00e4tter haben 3 Fiederbl\u00e4ttchen, die lang eif\u00f6rmig oder lanzettlich-l\u00e4nglich sind. <\/p>\n\n\n\n<p class=\"wp-block-paragraph\">Die Bl\u00fctezeit ist etwa von April bis Juli, die Bl\u00fcten sind rot und langanhaltend, was sie f\u00fcr die Gartendekoration und die Gestaltung von Stra\u00dfenr\u00e4ndern geeignet macht. <\/p>\n\n\n\n<p class=\"wp-block-paragraph\">Sie bevorzugt Sonnenlicht, vertr\u00e4gt aber auch leichten Schatten und gedeiht bei hohen Temperaturen, ist aber auch sehr k\u00e4lteresistent. Sie ist in den tropischen Regionen S\u00fcdamerikas, einschlie\u00dflich Brasiliens, heimisch und wird in S\u00fcdchina und Taiwan angebaut.<\/p>\n\n\n\n<h2 class=\"wp-block-heading\">I. Morphologische Merkmale<\/h2>\n\n\n\n<p class=\"wp-block-paragraph\"><\/p>\n\n\n<div class=\"wp-block-image\">\n<figure class=\"aligncenter size-full\"><img loading=\"lazy\" decoding=\"async\" width=\"1200\" height=\"800\" src=\"https:\/\/flowerslib.com\/wp-content\/uploads\/2023\/10\/4-29.jpg\" alt=\"Erythrina crista-galli\" class=\"wp-image-13783\" srcset=\"https:\/\/flowerslib.com\/wp-content\/uploads\/2023\/10\/4-29.jpg 1200w, https:\/\/flowerslib.com\/wp-content\/uploads\/2023\/10\/4-29-600x400.jpg 600w, https:\/\/flowerslib.com\/wp-content\/uploads\/2023\/10\/4-29-768x512.jpg 768w, https:\/\/flowerslib.com\/wp-content\/uploads\/2023\/10\/4-29-240x160.jpg 240w\" sizes=\"auto, (max-width: 1200px) 100vw, 1200px\" \/><\/figure>\n<\/div>\n\n\n<p class=\"wp-block-paragraph\"><\/p>\n\n\n\n<h3 class=\"wp-block-heading\">Laubabwerfend<\/h3>\n\n\n\n<p class=\"wp-block-paragraph\">Strauch oder kleiner Baum mit St\u00e4mmen und Blattstielen, die leicht mit Dornen besetzt sind. <\/p>\n\n\n\n<p class=\"wp-block-paragraph\">Die federartigen, zusammengesetzten Bl\u00e4tter haben 3 Fiederbl\u00e4ttchen, die lang eif\u00f6rmig oder lanzettlich-l\u00e4nglich sind, eine L\u00e4nge von etwa 7-10 cm und eine Breite von 3-4,5 cm haben, mit einer stumpfen Spitze und einer fast runden Basis.<\/p>\n\n\n\n<p class=\"wp-block-paragraph\">Die Bl\u00fcten und Bl\u00e4tter erscheinen gemeinsam in endst\u00e4ndigen Trauben mit 1-3 Bl\u00fcten pro Abschnitt. Die Bl\u00fcten sind tiefrot, etwa 3-5 cm lang und h\u00e4ngen leicht herab oder bilden einen rechten Winkel mit der Traubenachse. <\/p>\n\n\n\n<p class=\"wp-block-paragraph\">Der Kelch ist glockenf\u00f6rmig mit zwei flachen Lappen am Scheitelpunkt. Er hat zwei Staubgef\u00e4\u00dfe und der Fruchtknoten hat einen Stiel mit feinen Haaren. Die Schote ist etwa 15 Zentimeter lang, braun und hat zusammengezogene Zwischenr\u00e4ume zwischen den Samen. Die Samen sind gro\u00df und gl\u00e4nzend braun.<\/p>\n\n\n\n<h2 class=\"wp-block-heading\">II. Wachstumsgewohnheiten<\/h2>\n\n\n\n<p class=\"wp-block-paragraph\"><\/p>\n\n\n<div class=\"wp-block-image\">\n<figure class=\"aligncenter size-full\"><img loading=\"lazy\" decoding=\"async\" width=\"1200\" height=\"800\" src=\"https:\/\/flowerslib.com\/wp-content\/uploads\/2023\/10\/1-56.jpg\" alt=\"Erythrina crista-galli\" class=\"wp-image-13786\" srcset=\"https:\/\/flowerslib.com\/wp-content\/uploads\/2023\/10\/1-56.jpg 1200w, https:\/\/flowerslib.com\/wp-content\/uploads\/2023\/10\/1-56-600x400.jpg 600w, https:\/\/flowerslib.com\/wp-content\/uploads\/2023\/10\/1-56-768x512.jpg 768w, https:\/\/flowerslib.com\/wp-content\/uploads\/2023\/10\/1-56-240x160.jpg 240w\" sizes=\"auto, (max-width: 1200px) 100vw, 1200px\" \/><\/figure>\n<\/div>\n\n\n<p class=\"wp-block-paragraph\"><\/p>\n\n\n\n<p class=\"wp-block-paragraph\">Sie bevorzugt Sonnenlicht, vertr\u00e4gt aber auch leichten Schatten und gedeiht bei hohen Temperaturen, ist aber auch sehr k\u00e4lteresistent. Sie ist sehr anpassungsf\u00e4hig, w\u00fcchsig, trockenheitstolerant und vertr\u00e4gt schlechte Bodenverh\u00e4ltnisse und salzalkalische Umgebungen. <\/p>\n\n\n\n<p class=\"wp-block-paragraph\">Allerdings vertr\u00e4gt sie keine Staun\u00e4sse. Sie stellt keine hohen Anspr\u00fcche an den Boden, gedeiht aber am besten in gut durchl\u00e4ssigem, fruchtbarem Lehmboden oder sandigem Lehm. Beim Anbau in T\u00f6pfen in n\u00f6rdlichen Regionen sollte die Temperatur im Winter \u00fcber 4 \u00b0C gehalten werden.<\/p>\n\n\n\n<h2 class=\"wp-block-heading\">III. Vertrieb<\/h2>\n\n\n\n<p class=\"wp-block-paragraph\"><\/p>\n\n\n<div class=\"wp-block-image\">\n<figure class=\"aligncenter size-full\"><img loading=\"lazy\" decoding=\"async\" width=\"1200\" height=\"800\" src=\"https:\/\/flowerslib.com\/wp-content\/uploads\/2023\/10\/2-57.jpg\" alt=\"Erythrina crista-galli\" class=\"wp-image-13787\" srcset=\"https:\/\/flowerslib.com\/wp-content\/uploads\/2023\/10\/2-57.jpg 1200w, https:\/\/flowerslib.com\/wp-content\/uploads\/2023\/10\/2-57-600x400.jpg 600w, https:\/\/flowerslib.com\/wp-content\/uploads\/2023\/10\/2-57-768x512.jpg 768w, https:\/\/flowerslib.com\/wp-content\/uploads\/2023\/10\/2-57-240x160.jpg 240w\" sizes=\"auto, (max-width: 1200px) 100vw, 1200px\" \/><\/figure>\n<\/div>\n\n\n<p class=\"wp-block-paragraph\"><\/p>\n\n\n\n<p class=\"wp-block-paragraph\">Heimisch in Brasilien, Peru und S\u00fcdostasien, einschlie\u00dflich der Philippinen und Indonesien.<\/p>\n\n\n\n<h2 class=\"wp-block-heading\">IV. Ausbreitungsmethoden<\/h2>\n\n\n\n<h3 class=\"wp-block-heading\">Saatgutvermehrung<\/h3>\n\n\n\n<p class=\"wp-block-paragraph\">Es ist am besten, die Samen unmittelbar nach der Ernte auszus\u00e4en. Vor der Aussaat empfiehlt es sich, die Samen eine gewisse Zeit lang einzuweichen. S\u00e4en Sie die Samen direkt in ein Anzuchtbeet mit lockerem, sandigem Lehmboden. <\/p>\n\n\n\n<p class=\"wp-block-paragraph\">Die Tiefe der Erde, die die Samen bedeckt, sollte etwa doppelt so gro\u00df sein wie die H\u00f6he der Samen. Achten Sie auf die Bew\u00e4sserung, damit die Feuchtigkeit erhalten bleibt.<\/p>\n\n\n\n<p class=\"wp-block-paragraph\"> Die Samen keimen in etwa 10 Tagen, und nach einem Monat, wenn die S\u00e4mlinge eine H\u00f6he von 20 Zentimetern erreicht haben, k\u00f6nnen sie verpflanzt werden.<\/p>\n\n\n\n<h3 class=\"wp-block-heading\">Schnittvermehrung<\/h3>\n\n\n\n<p class=\"wp-block-paragraph\">Nehmen Sie halbverholzte Zweige von etwa 20-40 Zentimetern L\u00e4nge. Stecken Sie sie in ein sandiges oder gut durchl\u00e4ssiges Pflanzbeet und halten Sie es feucht. <\/p>\n\n\n\n<p class=\"wp-block-paragraph\">Wurzeln und Triebe bilden sich in etwa 15 Tagen, und die Stecklinge werden in 1-2 Monaten zu Setzlingen. In den K\u00fcstenregionen S\u00fcdchinas werden in der Regel Stecklinge mit langen \u00c4sten verwendet, die in 1-2 Monaten Wurzeln schlagen k\u00f6nnen.<\/p>\n\n\n\n<h2 class=\"wp-block-heading\">V. Krankheits- und Sch\u00e4dlingsbek\u00e4mpfung<\/h2>\n\n\n\n<h3 class=\"wp-block-heading\">Rindenf\u00e4ule<\/h3>\n\n\n\n<p class=\"wp-block-paragraph\">Rindenf\u00e4ule ist eine t\u00f6dliche Krankheit, die h\u00e4ufig den Stamm, die gro\u00dfen \u00c4ste und den Wurzelhals des Korallenbaums bef\u00e4llt, oft in Verbindung mit Borkenk\u00e4fern. Im Fr\u00fchstadium wird die befallene Rinde nass und beginnt zu faulen, was sich rasch auf das umgebende gesunde Gewebe ausbreitet. <\/p>\n\n\n\n<p class=\"wp-block-paragraph\">In sp\u00e4teren Stadien trocknet die befallene Rinde aus und l\u00f6st sich leicht vom Phloem ab, was zum Absterben des gesamten Baumes f\u00fchrt, wenn der befallene Bereich den Stamm oder die \u00c4ste umgibt.<\/p>\n\n\n\n<h3 class=\"wp-block-heading\">Blattfleckenkrankheit<\/h3>\n\n\n\n<p class=\"wp-block-paragraph\">Diese Krankheit bef\u00e4llt vor allem die Bl\u00e4tter. Nach der Infektion bilden sich an den Blattspitzen und -r\u00e4ndern graubraune Flecken mit kleinen grauschwarzen Punkten. <\/p>\n\n\n\n<p class=\"wp-block-paragraph\">Mit dem Fortschreiten der Krankheit vergr\u00f6\u00dfern sich die Flecken, so dass die Bl\u00e4tter durchscheinend und br\u00fcchig werden, was das normale Wachstum und den Zierwert des Korallenbaums stark beeintr\u00e4chtigt.<\/p>\n\n\n\n<h3 class=\"wp-block-heading\">Erythrina-Gallwespe<\/h3>\n\n\n\n<p class=\"wp-block-paragraph\">Dieser Sch\u00e4dling sch\u00e4digt Pflanzen der Gattung Erythrina schwer und verursacht Missbildungen, Schwellungen, Nekrosen und Gallen an Bl\u00e4ttern und zarten Zweigen. In schweren F\u00e4llen kann er zu Blattfall und Pflanzensterben f\u00fchren.<\/p>\n\n\n\n<p class=\"wp-block-paragraph\"><strong>Kontrollmethoden:<\/strong> Entfernen Sie zun\u00e4chst die verfaulte Rinde und spr\u00fchen oder wickeln Sie Sch\u00e4dlingsbek\u00e4mpfungsmittel auf die Krone und den Stamm des Baumes. <\/p>\n\n\n\n<p class=\"wp-block-paragraph\">Zweitens: Ausbringung von Pestiziden auf den Boden rund um den Stamm und umfassende Desinfektion. <\/p>\n\n\n\n<p class=\"wp-block-paragraph\">Schneiden Sie schlie\u00dflich die Krone und die zarten \u00c4ste des betroffenen Korallenbaums zur\u00fcck und vernichten Sie die abgeschnittenen \u00c4ste und Bl\u00e4tter.<\/p>\n\n\n\n<h2 class=\"wp-block-heading\">VI. Hauptwert<\/h2>\n\n\n\n<p class=\"wp-block-paragraph\">Der Hahnensporn-Korallenbaum ist sehr anpassungsf\u00e4hig, hat eine elegante Baumform, einen robusten Stamm und bl\u00fcht \u00fcppig und sch\u00f6n mit einer einzigartigen Form. Er hat eine lange Bl\u00fctezeit und einen hohen Zierwert. <\/p>\n\n\n\n<p class=\"wp-block-paragraph\">Bei der Bepflanzung von Rasenfl\u00e4chen wirkt er lebendig und auffallend, was ihn zu einer ausgezeichneten Baumart f\u00fcr Parks, Pl\u00e4tze, G\u00e4rten und Stra\u00dfenbegr\u00fcnung macht.<\/p>","protected":false},"excerpt":{"rendered":"<p>Erythrina crista-galli, also known as Cockspur Coral Tree, Brazilian Coral Tree, or Ivory Coral Tree, gets its name from its resemblance to a rooster&#8217;s comb. It is a deciduous shrub or small tree with stems and leaf stalks slightly covered in thorns. Its feather-like compound leaves have 3 leaflets, which are long ovate or lanceolate-oblong [&hellip;]<\/p>\n","protected":false},"author":1,"featured_media":13782,"comment_status":"open","ping_status":"open","sticky":false,"template":"","format":"standard","meta":{"_breakdance_hide_in_design_set":false,"_breakdance_tags":"","footnotes":""},"categories":[20],"tags":[],"class_list":["post-13636","post","type-post","status-publish","format-standard","has-post-thumbnail","hentry","category-species-and-types"],"_links":{"self":[{"href":"https:\/\/flowerslib.com\/de\/wp-json\/wp\/v2\/posts\/13636","targetHints":{"allow":["GET"]}}],"collection":[{"href":"https:\/\/flowerslib.com\/de\/wp-json\/wp\/v2\/posts"}],"about":[{"href":"https:\/\/flowerslib.com\/de\/wp-json\/wp\/v2\/types\/post"}],"author":[{"embeddable":true,"href":"https:\/\/flowerslib.com\/de\/wp-json\/wp\/v2\/users\/1"}],"replies":[{"embeddable":true,"href":"https:\/\/flowerslib.com\/de\/wp-json\/wp\/v2\/comments?post=13636"}],"version-history":[{"count":0,"href":"https:\/\/flowerslib.com\/de\/wp-json\/wp\/v2\/posts\/13636\/revisions"}],"wp:featuredmedia":[{"embeddable":true,"href":"https:\/\/flowerslib.com\/de\/wp-json\/wp\/v2\/media\/13782"}],"wp:attachment":[{"href":"https:\/\/flowerslib.com\/de\/wp-json\/wp\/v2\/media?parent=13636"}],"wp:term":[{"taxonomy":"category","embeddable":true,"href":"https:\/\/flowerslib.com\/de\/wp-json\/wp\/v2\/categories?post=13636"},{"taxonomy":"post_tag","embeddable":true,"href":"https:\/\/flowerslib.com\/de\/wp-json\/wp\/v2\/tags?post=13636"}],"curies":[{"name":"wp","href":"https:\/\/api.w.org\/{rel}","templated":true}]}}