{"id":11073,"date":"2024-07-30T15:33:51","date_gmt":"2024-07-30T07:33:51","guid":{"rendered":"https:\/\/flowerslib.com\/?p=11073"},"modified":"2024-07-30T15:33:54","modified_gmt":"2024-07-30T07:33:54","slug":"primula-malacoides","status":"publish","type":"post","link":"https:\/\/flowerslib.com\/de\/primula-malacoides\/","title":{"rendered":"Primula malacoides anbauen: Tipps f\u00fcr einen bl\u00fchenden Primelgarten"},"content":{"rendered":"<p class=\"wp-block-paragraph\">Primula malacoides, allgemein bekannt als Feenprimel, Babyprimel oder Etagenprimel, ist eine reizvolle zweij\u00e4hrige krautige Pflanze aus der Familie der Primelgew\u00e4chse. Diese bezaubernde Art wird wegen ihrer fr\u00fchen Fr\u00fchlingsbl\u00fcte, ihrer vielf\u00e4ltigen Farbpalette und ihrer langen Bl\u00fctezeit gesch\u00e4tzt, was sie zu einer wertvollen Zierpflanze f\u00fcr G\u00e4rten und Gew\u00e4chsh\u00e4user gleicherma\u00dfen macht.<\/p>\n\n\n\n<h2 class=\"wp-block-heading\">I. Grundlegende Einf\u00fchrung<\/h2>\n\n\n\n<p class=\"wp-block-paragraph\"><\/p>\n\n\n<div class=\"wp-block-image\">\n<figure class=\"aligncenter size-full\"><img loading=\"lazy\" decoding=\"async\" width=\"1200\" height=\"800\" src=\"https:\/\/flowerslib.com\/wp-content\/uploads\/2023\/09\/4-24.jpg\" alt=\"Primula malacoides\" class=\"wp-image-11112\" srcset=\"https:\/\/flowerslib.com\/wp-content\/uploads\/2023\/09\/4-24.jpg 1200w, https:\/\/flowerslib.com\/wp-content\/uploads\/2023\/09\/4-24-300x200.jpg 300w, https:\/\/flowerslib.com\/wp-content\/uploads\/2023\/09\/4-24-150x100.jpg 150w, https:\/\/flowerslib.com\/wp-content\/uploads\/2023\/09\/4-24-768x512.jpg 768w\" sizes=\"auto, (max-width: 1200px) 100vw, 1200px\" \/><\/figure>\n<\/div>\n\n\n<p class=\"wp-block-paragraph\"><\/p>\n\n\n\n<p class=\"wp-block-paragraph\">Primula malacoides Franch. zeichnet sich durch die b\u00fcschelweise angeordneten Bl\u00e4tter und die pudrige Textur aus. Die Pflanze zeichnet sich aus:<\/p>\n\n\n\n<ul class=\"wp-block-list\">\n<li>Blattspreiten: Eif\u00f6rmig bis elliptisch oder suborbikular, mit unregelm\u00e4\u00dfig gez\u00e4hntem Rand<\/li>\n\n\n\n<li>Bl\u00fctenst\u00e4ngel: Bis zu 40 cm hoch, mit Doldenbl\u00fctenst\u00e4nden<\/li>\n\n\n\n<li>Bl\u00fcten: Glockenf\u00f6rmige Kelche und Blumenkronen in rosa, hellblau-lila oder fast wei\u00dfen Farbt\u00f6nen<\/li>\n\n\n\n<li>Frucht: Kugelf\u00f6rmige Kapseln<\/li>\n<\/ul>\n\n\n\n<p class=\"wp-block-paragraph\">P. malacoides ist in den chinesischen Provinzen Yunnan, Guizhou und Guangxi sowie im n\u00f6rdlichen Myanmar beheimatet und bl\u00fcht in der Regel von Februar bis Mai und tr\u00e4gt von M\u00e4rz bis Juni Fr\u00fcchte. In der Natur besiedelt sie feuchte offene Fl\u00e4chen, Gr\u00e4ben, Waldr\u00e4nder und sogar Brachland und Felder.<\/p>\n\n\n\n<h2 class=\"wp-block-heading\">II. Wachstum und Verteilung<\/h2>\n\n\n\n<p class=\"wp-block-paragraph\"><\/p>\n\n\n<div class=\"wp-block-image\">\n<figure class=\"aligncenter size-full\"><img loading=\"lazy\" decoding=\"async\" width=\"1200\" height=\"800\" src=\"https:\/\/flowerslib.com\/wp-content\/uploads\/2023\/09\/2-68.jpg\" alt=\"Primula malacoides\" class=\"wp-image-11113\" srcset=\"https:\/\/flowerslib.com\/wp-content\/uploads\/2023\/09\/2-68.jpg 1200w, https:\/\/flowerslib.com\/wp-content\/uploads\/2023\/09\/2-68-300x200.jpg 300w, https:\/\/flowerslib.com\/wp-content\/uploads\/2023\/09\/2-68-150x100.jpg 150w, https:\/\/flowerslib.com\/wp-content\/uploads\/2023\/09\/2-68-768x512.jpg 768w\" sizes=\"auto, (max-width: 1200px) 100vw, 1200px\" \/><\/figure>\n<\/div>\n\n\n<p class=\"wp-block-paragraph\"><\/p>\n\n\n\n<h3 class=\"wp-block-heading\">Wachstum Gewohnheit<\/h3>\n\n\n\n<p class=\"wp-block-paragraph\">Primula malacoides gedeiht in k\u00fchlen, feuchten Umgebungen und bevorzugt:<\/p>\n\n\n\n<ul class=\"wp-block-list\">\n<li>Klima: Warm-gem\u00e4\u00dfigte Bedingungen<\/li>\n\n\n\n<li>Boden: gut durchl\u00e4ssig, humusreich und pH-neutral<\/li>\n\n\n\n<li>Licht: Halbschatten bis gefiltertes Sonnenlicht<\/li>\n\n\n\n<li>H\u00f6henlage: 1800-3000 Meter im heimischen Verbreitungsgebiet<\/li>\n<\/ul>\n\n\n\n<p class=\"wp-block-paragraph\">Diese Art ist nicht frosthart und vertr\u00e4gt weder hohe Temperaturen noch intensive direkte Sonneneinstrahlung. Als k\u00fchle Topfpflanze im Gew\u00e4chshaus ben\u00f6tigt sie einen neutralen Boden. F\u00fcr den Freilandanbau in geeigneten Klimazonen gedeiht sie am besten an schattigen H\u00e4ngen oder im Halbschatten.<\/p>\n\n\n\n<h3 class=\"wp-block-heading\">Vertrieb Reichweite<\/h3>\n\n\n\n<p class=\"wp-block-paragraph\">In seinem nat\u00fcrlichen Lebensraum findet man P. malacoides in H\u00f6henlagen zwischen 1800 und 3000 Metern in S\u00fcdchina und Nord-Myanmar. Seine Anpassungsf\u00e4higkeit hat zu einem weit verbreiteten Anbau auf der ganzen Welt gef\u00fchrt, wobei zahlreiche g\u00e4rtnerische Sorten entwickelt wurden.<\/p>\n\n\n\n<h2 class=\"wp-block-heading\">III. Morphologie und Merkmale<\/h2>\n\n\n\n<p class=\"wp-block-paragraph\"><\/p>\n\n\n<div class=\"wp-block-image\">\n<figure class=\"aligncenter size-full\"><img loading=\"lazy\" decoding=\"async\" width=\"1200\" height=\"800\" src=\"https:\/\/flowerslib.com\/wp-content\/uploads\/2023\/09\/3-30.jpg\" alt=\"Primula malacoides\" class=\"wp-image-11115\" srcset=\"https:\/\/flowerslib.com\/wp-content\/uploads\/2023\/09\/3-30.jpg 1200w, https:\/\/flowerslib.com\/wp-content\/uploads\/2023\/09\/3-30-300x200.jpg 300w, https:\/\/flowerslib.com\/wp-content\/uploads\/2023\/09\/3-30-150x100.jpg 150w, https:\/\/flowerslib.com\/wp-content\/uploads\/2023\/09\/3-30-768x512.jpg 768w\" sizes=\"auto, (max-width: 1200px) 100vw, 1200px\" \/><\/figure>\n<\/div>\n\n\n<p class=\"wp-block-paragraph\"><\/p>\n\n\n\n<p class=\"wp-block-paragraph\">Primula malacoides zeichnet sich durch folgende Merkmale aus:<\/p>\n\n\n\n<p class=\"wp-block-paragraph\"><strong>Bl\u00e4ttern:<\/strong><\/p>\n\n\n\n<ul class=\"wp-block-list\">\n<li>Geb\u00fcndeltes Wachstum<\/li>\n\n\n\n<li>Form der Blattspreite: Eif\u00f6rmig bis elliptisch oder kugelf\u00f6rmig<\/li>\n\n\n\n<li>Gr\u00f6\u00dfe: 3-10 cm lang, 2-8 cm breit<\/li>\n\n\n\n<li>Textur: In trockenem Zustand membranartig<\/li>\n\n\n\n<li>Oberfl\u00e4che: Sp\u00e4rlich behaart oder fast unbehaart, manchmal mit wei\u00dfem Pulver<\/li>\n\n\n\n<li>Blattstiele: 2-15 cm lang, im frischen Zustand fleischig, schmal gefl\u00fcgelt, mit vielzelligen weichen Haaren besetzt<\/li>\n<\/ul>\n\n\n\n<p class=\"wp-block-paragraph\"><strong>Blumenst\u00e4ngel:<\/strong><\/p>\n\n\n\n<ul class=\"wp-block-list\">\n<li>H\u00f6he: 10-40 cm<\/li>\n\n\n\n<li>Textur: Mit weichen Haaren bedeckt oder kahl werdend<\/li>\n\n\n\n<li>Pulvriger \u00dcberzug: Kein bis leichtes wei\u00dfes Pulver<\/li>\n<\/ul>\n\n\n\n<p class=\"wp-block-paragraph\"><strong>Bl\u00fctenstand:<\/strong><\/p>\n\n\n\n<p class=\"wp-block-paragraph\"><\/p>\n\n\n<div class=\"wp-block-image\">\n<figure class=\"aligncenter size-full\"><img loading=\"lazy\" decoding=\"async\" width=\"1200\" height=\"800\" src=\"https:\/\/flowerslib.com\/wp-content\/uploads\/2023\/09\/1-70.jpg\" alt=\"Primula malacoides\" class=\"wp-image-11116\" srcset=\"https:\/\/flowerslib.com\/wp-content\/uploads\/2023\/09\/1-70.jpg 1200w, https:\/\/flowerslib.com\/wp-content\/uploads\/2023\/09\/1-70-300x200.jpg 300w, https:\/\/flowerslib.com\/wp-content\/uploads\/2023\/09\/1-70-150x100.jpg 150w, https:\/\/flowerslib.com\/wp-content\/uploads\/2023\/09\/1-70-768x512.jpg 768w\" sizes=\"auto, (max-width: 1200px) 100vw, 1200px\" \/><\/figure>\n<\/div>\n\n\n<p class=\"wp-block-paragraph\"><\/p>\n\n\n\n<ul class=\"wp-block-list\">\n<li>Art: Doldenf\u00f6rmig mit 2-6 Quirlen<\/li>\n\n\n\n<li>Bl\u00fcten pro Quirl: 4-20<\/li>\n\n\n\n<li>H\u00fcllbl\u00e4tter: Linear oder linear-lanzettlich, 3-8 mm lang<\/li>\n<\/ul>\n\n\n\n<p class=\"wp-block-paragraph\"><strong>Blumen:<\/strong><\/p>\n\n\n\n<ul class=\"wp-block-list\">\n<li>Kelch: Glockenf\u00f6rmig, 3-7 mm lang, oft mit milchig-wei\u00dfem Pulver bedeckt<\/li>\n\n\n\n<li>Blumenkrone: Rosa, blassviolett oder fast wei\u00df<\/li>\n\n\n\n<li>R\u00f6hre der Blumenkrone: 4-6 mm lang<\/li>\n\n\n\n<li>Durchmesser der Gliedma\u00dfen: 5-15 mm (bis zu 3 cm im Anbau)<\/li>\n\n\n\n<li>Lappen: Breit eif\u00f6rmig mit tief 2-lappigen Spitzen<\/li>\n<\/ul>\n\n\n\n<p class=\"wp-block-paragraph\"><strong>Reproduktive Strukturen:<\/strong><\/p>\n\n\n\n<ul class=\"wp-block-list\">\n<li>Heterostyloid (langstielige und kurzstielige Bl\u00fcten vorhanden)<\/li>\n\n\n\n<li>Langgestielte Bl\u00fcten: Staubbl\u00e4tter nahe der Basis der R\u00f6hre, Griffel ~3 mm lang<\/li>\n\n\n\n<li>Kurzgestielte Bl\u00fcten: Staubbl\u00e4tter \u00fcber der Mitte der R\u00f6hre, Griffel ~1 mm lang<\/li>\n<\/ul>\n\n\n\n<p class=\"wp-block-paragraph\"><strong>Obst:<\/strong><\/p>\n\n\n\n<ul class=\"wp-block-list\">\n<li>Art: Kugelf\u00f6rmige Kapsel<\/li>\n\n\n\n<li>Gr\u00f6\u00dfe: Ungef\u00e4hr 3 mm im Durchmesser<\/li>\n<\/ul>\n\n\n\n<p class=\"wp-block-paragraph\">Wenn der G\u00e4rtner diese morphologischen Merkmale und Wachstumsanforderungen kennt, kann er f\u00fcr optimale Bedingungen f\u00fcr Primula malacoides sorgen und so eine lebendige und lang anhaltende Bl\u00fcte dieser bezaubernden Feenprimel in seinem Garten oder Gew\u00e4chshaus gew\u00e4hrleisten.<\/p>\n\n\n\n<h2 class=\"wp-block-heading\">IV. Primula-Anbaumethoden und Vorsichtsma\u00dfnahmen<\/h2>\n\n\n\n<h3 class=\"wp-block-heading\">Wie man Primeln anbaut<\/h3>\n\n\n\n<p class=\"wp-block-paragraph\"><strong>Boden<\/strong><\/p>\n\n\n\n<p class=\"wp-block-paragraph\">Die Auswahl des Bodens ist f\u00fcr den Primelanbau entscheidend. Eine ideale Bodenmischung f\u00f6rdert das \u00dcberleben der Pflanze und eine kr\u00e4ftige Wurzelentwicklung. F\u00fcr Primeln ist ein leicht saurer, fruchtbarer, lockerer und gut durchl\u00e4ssiger Boden optimal. Eine empfohlene Erdmischung besteht aus 2 Teilen Laubmoos, 1 Teil Gartenerde und einer kleinen Menge Grundd\u00fcnger.<\/p>\n\n\n\n<p class=\"wp-block-paragraph\"><strong>Temperatur<\/strong><\/p>\n\n\n\n<p class=\"wp-block-paragraph\">Primeln sind als Vorfr\u00fchlingsbl\u00fcher einigerma\u00dfen winterhart und k\u00f6nnen Temperaturen knapp \u00fcber dem Gefrierpunkt \u00fcberstehen. Sie gedeihen jedoch in k\u00fchlen, gem\u00e4\u00dfigten Klimazonen. Die optimale Wachstumstemperatur liegt zwischen 10 und 20 \u00b0C (50-68 \u00b0F). Vermeiden Sie es, die Pflanzen Temperaturen \u00fcber 30 \u00b0C auszusetzen, um Hitzestress und Sonnenbrand zu vermeiden. Halten Sie die Pflanzen im Halbschatten, um sie vor intensiver Sommerhitze zu sch\u00fctzen.<\/p>\n\n\n\n<p class=\"wp-block-paragraph\"><strong>Licht<\/strong><\/p>\n\n\n\n<p class=\"wp-block-paragraph\">Primeln bevorzugen helles, indirektes Licht. Stellen Sie sie an einen Platz mit ged\u00e4mpftem Sonnenlicht oder gefiltertem Schatten und sorgen Sie f\u00fcr eine gute Luftzirkulation. F\u00fcr ein gutes Wachstum und die Bildung von Knospen ben\u00f6tigen sie zwar ausreichend Licht, zu viel direktes Sonnenlicht kann jedoch zu Blattverbrennungen und Bl\u00fctensch\u00e4den f\u00fchren. Unzureichendes Licht kann zu schlaffem Wachstum und verminderter Bl\u00fcte f\u00fchren.<\/p>\n\n\n\n<p class=\"wp-block-paragraph\"><strong>Bew\u00e4sserung<\/strong><\/p>\n\n\n\n<p class=\"wp-block-paragraph\">Gie\u00dfen Sie Primeln sparsam, aber h\u00e4ufig, nach dem Prinzip \"weniger Wasser, \u00f6fters\". Diese Vorgehensweise verhindert Wurzelf\u00e4ule, die durch \u00dcberw\u00e4sserung verursacht wird. Lassen Sie die Bodenoberfl\u00e4che zwischen den Wassergaben leicht abtrocknen. In den k\u00e4lteren Monaten sollten Sie Wasser mit Zimmertemperatur verwenden, um das Wurzelsystem nicht zu schockieren. Richtiges Gie\u00dfen ist f\u00fcr die Erhaltung gesunder Primeln unerl\u00e4sslich.<\/p>\n\n\n\n<p class=\"wp-block-paragraph\"><strong>D\u00fcngung<\/strong><\/p>\n\n\n\n<p class=\"wp-block-paragraph\">Primeln haben einen m\u00e4\u00dfigen D\u00fcngerbedarf. W\u00e4hrend der S\u00e4mlingsphase sollten Sie alle zwei Wochen einen ausgewogenen Stickstoff- und Phosphord\u00fcnger ausbringen. Erh\u00f6hen Sie die D\u00fcngung und Bew\u00e4sserung im Herbst, der Zeit des kr\u00e4ftigen Wachstums der Primeln. Um die Knospen- und Bl\u00fctenbildung zu f\u00f6rdern, geben Sie eine Blattd\u00fcngung mit einer Kaliumdihydrogenphosphatl\u00f6sung. Vermeiden Sie eine \u00dcberd\u00fcngung, da dies zu einem \u00fcberm\u00e4\u00dfigen Blattwachstum auf Kosten der Bl\u00fctenbildung f\u00fchren kann.<\/p>\n\n\n\n<h3 class=\"wp-block-heading\">Vorsichtsma\u00dfnahmen f\u00fcr die Kultivierung<\/h3>\n\n\n\n<p class=\"wp-block-paragraph\">Schneiden Sie w\u00e4hrend der Bl\u00fctezeit selektiv einige Bl\u00fctenstiele zur\u00fcck, um die Pflanzenressourcen zu schonen und die Bl\u00fctezeit zu verl\u00e4ngern. Entfernen Sie verbl\u00fchte Bl\u00fcten und schwache oder kranke Zweige umgehend, um die Gesundheit der Pflanze zu erhalten und neues Wachstum zu f\u00f6rdern.<\/p>\n\n\n\n<p class=\"wp-block-paragraph\">Anders als viele bl\u00fchende Pflanzen gehen Primeln in der Regel um Juni in die Ruhephase. Reduzieren Sie in dieser Zeit die Bew\u00e4sserung, erh\u00f6hen Sie die Bel\u00fcftung und halten Sie die Temperatur um 15 \u00b0C, um den nat\u00fcrlichen Zyklus der Pflanze zu unterst\u00fctzen.<\/p>\n\n\n\n<h2 class=\"wp-block-heading\">V. Ausbreitungsmethoden<\/h2>\n\n\n\n<h3 class=\"wp-block-heading\">Methode der Saatgutvermehrung<\/h3>\n\n\n\n<p class=\"wp-block-paragraph\">Die Saatgutvermehrung von Primeln erfordert aufgrund der geringen Gr\u00f6\u00dfe und der kurzen Lebensdauer der Samen Pr\u00e4zision. F\u00fcr beste Ergebnisse:<\/p>\n\n\n\n<ol class=\"wp-block-list\">\n<li>Sammeln Sie frisches Saatgut und s\u00e4en Sie es aus, da die Keimf\u00e4higkeit von Saatgut, das l\u00e4nger als ein Jahr gelagert wurde, deutlich geringer ist.<\/li>\n\n\n\n<li>Die Aussaat sollte zwischen Mitte Juni und Anfang Juli erfolgen, um optimale Ergebnisse zu erzielen.<\/li>\n\n\n\n<li>Erwarten Sie die Keimung innerhalb von 7-10 Tagen, wobei der H\u00f6hepunkt der Keimung 2-3 Tage sp\u00e4ter erreicht wird.<\/li>\n\n\n\n<li>Streulicht (ca. 55% Lichtdurchl\u00e4ssigkeit) zur Aktivierung der Samenenzyme und zur F\u00f6rderung der Keimung.<\/li>\n\n\n\n<li>Halten Sie die Bodentemperatur zwischen 15-20\u00b0C (59-68\u00b0F) f\u00fcr ideale Keimbedingungen.<\/li>\n\n\n\n<li>Verwenden Sie eine gut durchl\u00e4ssige, sterile Saatgutmischung, um D\u00e4mpfungserscheinungen zu vermeiden.<\/li>\n\n\n\n<li>Halten Sie den Boden w\u00e4hrend der Keimung gleichm\u00e4\u00dfig feucht, aber nicht nass.<\/li>\n\n\n\n<li>Ziehen Sie eine Vorbehandlung der Samen mit Gibberellins\u00e4ure oder einem Bewurzelungshormon in Betracht, um die Keimrate zu erh\u00f6hen.<\/li>\n<\/ol>\n\n\n\n<p class=\"wp-block-paragraph\">Schwerere Samen haben im Allgemeinen eine h\u00f6here und schnellere Keimrate und bringen kr\u00e4ftigere S\u00e4mlinge hervor. Eine Herbstaussaat ist m\u00f6glich, kann aber zu niedrigeren Keimraten und kleineren Pflanzen mit geringerem Zierwert f\u00fchren.<\/p>\n\n\n\n<h3 class=\"wp-block-heading\">Schnittvermehrungsmethode<\/h3>\n\n\n\n<p class=\"wp-block-paragraph\">Primeln k\u00f6nnen durch Wurzelteilung vermehrt werden, insbesondere bei etablierten mehrj\u00e4hrigen Sorten. Der optimale Zeitpunkt f\u00fcr die Teilung ist Mitte bis Ende August, damit sich die Pflanzen vor der Winterruhe etablieren k\u00f6nnen. Diese Methode:<\/p>\n\n\n\n<ol class=\"wp-block-list\">\n<li>Erzeugt robuste Pflanzen, die im folgenden Jahr bl\u00fchen.<\/li>\n\n\n\n<li>Ist am erfolgreichsten bei reifen, gut etablierten Pflanzen.<\/li>\n\n\n\n<li>Dies sollte vorsichtig geschehen, um die Mutterpflanze m\u00f6glichst wenig zu besch\u00e4digen.<\/li>\n\n\n\n<li>Dazu muss der Wurzelballen in Abschnitte mit gesunden Wurzeln und Bl\u00e4ttern unterteilt werden.<\/li>\n\n\n\n<li>Am besten funktioniert es, wenn die Teilst\u00fccke sofort in vorbereiteten Boden gepflanzt werden.<\/li>\n\n\n\n<li>Erfordert zus\u00e4tzliche Pflege und Bew\u00e4sserung, bis sich neue Teilungen gebildet haben.<\/li>\n<\/ol>\n\n\n\n<p class=\"wp-block-paragraph\">Die Wurzelteilung kann zwar eine wirksame Vermehrungsmethode sein, sollte aber mit Bedacht durchgef\u00fchrt werden, um \u00fcberm\u00e4\u00dfigen Stress f\u00fcr die urspr\u00fcngliche Pflanze zu vermeiden. Diese Technik ist besonders n\u00fctzlich f\u00fcr die Verj\u00fcngung \u00e4lterer Primelpflanzen und die Schaffung neuer Exemplare f\u00fcr die Erweiterung des Gartens.<\/p>\n\n\n\n<h2 class=\"wp-block-heading\">VI. Krankheitsvorbeugung und -bek\u00e4mpfung<\/h2>\n\n\n\n<h3 class=\"wp-block-heading\">Bl\u00fctenblattkrankheit<\/h3>\n\n\n\n<p class=\"wp-block-paragraph\">Die Symptome: Eine systemische Krankheit, die durch das Gurkenmosaikvirus (CMV) verursacht wird. Zu den Symptomen geh\u00f6ren kleinere, deformierte Bl\u00e4tter mit dunkelgr\u00fcnen Streifen oder Vergilbung. Befallene Pflanzen k\u00f6nnen ein verk\u00fcmmertes Wachstum, eine verminderte oder fehlende Bl\u00fcte sowie Bl\u00fcten mit Streifenmustern aufweisen, wenn sie bl\u00fchen.<\/p>\n\n\n\n<p class=\"wp-block-paragraph\">\u00dcbertragung: Haupts\u00e4chlich verbreitet durch Pfirsichblattl\u00e4use (Myzus persicae) und Baumwollblattl\u00e4use (Aphis gossypii). Die Hauptinfektionsquellen sind kranke Unkr\u00e4uter in der Umgebung.<\/p>\n\n\n\n<p class=\"wp-block-paragraph\">Kontrollma\u00dfnahmen:<\/p>\n\n\n\n<ol class=\"wp-block-list\">\n<li>Entfernen Sie umgehend Unkraut, um Infektionsquellen zu reduzieren.<\/li>\n\n\n\n<li>Fr\u00fchzeitige Bek\u00e4mpfung von Blattl\u00e4usen, um Krankheits\u00fcbertr\u00e4ger auszuschalten.<\/li>\n\n\n\n<li>Verwenden Sie virusfreies Pflanzmaterial.<\/li>\n\n\n\n<li>Erw\u00e4gen Sie die Verwendung von reflektierendem Mulch, um Blattl\u00e4use abzuschrecken.<\/li>\n\n\n\n<li>F\u00fchren Sie eine Fruchtfolge mit Nicht-Wirtspflanzen ein.<\/li>\n<\/ol>\n\n\n\n<h3 class=\"wp-block-heading\">Grauschimmelkrankheit (Botrytis cinerea)<\/h3>\n\n\n\n<p class=\"wp-block-paragraph\">Die Symptome: Eine h\u00e4ufige und weit verbreitete Krankheit, die Primeln bef\u00e4llt. Befallene Pflanzen vergilben insgesamt und sterben schlie\u00dflich ab. Die Krankheit bef\u00e4llt vor allem Bl\u00e4tter, zarte St\u00e4ngel und Bl\u00fctenteile.<\/p>\n\n\n\n<p class=\"wp-block-paragraph\">Fr\u00fches Stadium: Wassergetr\u00e4nkte Flecken auf den Bl\u00e4ttern, die sich allm\u00e4hlich ausdehnen, braun werden und verfaulen.<br>Sp\u00e4tes Stadium: An den befallenen Stellen bildet sich graugelblicher Schimmel.<br>Infektion des St\u00e4ngels: Braune, faulende L\u00e4sionen.<br>Infektion der Bl\u00fcte: Verbr\u00e4unung, F\u00e4ulnis und Abfallen der Bl\u00fctenteile.<\/p>\n\n\n\n<p class=\"wp-block-paragraph\">Bedingungen: Beg\u00fcnstigt durch Temperaturen um 20 \u00b0C und hohe Luftfeuchtigkeit. Am st\u00e4rksten unter Gew\u00e4chshausbedingungen im Sp\u00e4twinter und fr\u00fchen Fr\u00fchjahr.<\/p>\n\n\n\n<p class=\"wp-block-paragraph\">Lebenszyklus des Krankheitserregers: \u00dcberwintert als Sklerotien in erkrankten Pflanzenresten und im Boden.<\/p>\n\n\n\n<p class=\"wp-block-paragraph\">Kontrollma\u00dfnahmen:<\/p>\n\n\n\n<p class=\"wp-block-paragraph\">Halten Sie die richtigen Pflanzabst\u00e4nde ein, um die Luftzirkulation zu verbessern.<\/p>\n\n\n\n<p class=\"wp-block-paragraph\">Erh\u00f6hen Sie die Bel\u00fcftung, um die Luftfeuchtigkeit zu reduzieren.<\/p>\n\n\n\n<p class=\"wp-block-paragraph\">Entfernen Sie krankes Pflanzenmaterial unverz\u00fcglich.<\/p>\n\n\n\n<p class=\"wp-block-paragraph\">Fungizide in fr\u00fchen Krankheitsstadien anwenden:<\/p>\n\n\n\n<ul class=\"wp-block-list\">\n<li>50% schnell wirkendes Fungizid oder 50% Topas WP (Verd\u00fcnnung 1:1500)<\/li>\n\n\n\n<li>Abwechselnd mit 65% Mancozeb WP (Verd\u00fcnnung 1:500), um Resistenz zu vermeiden<\/li>\n<\/ul>\n\n\n\n<p class=\"wp-block-paragraph\">Anwendung angemessener Hygienepraktiken in den Anbaugebieten.<\/p>\n\n\n\n<h3 class=\"wp-block-heading\">Blattfleckenkrankheit (Septoria primulae)<\/h3>\n\n\n\n<p class=\"wp-block-paragraph\">Symptome: Bef\u00e4llt in erster Linie die Bl\u00e4tter und schreitet von den unteren zu den oberen Teilen der Pflanze fort. Auf den Bl\u00e4ttern erscheinen braune Flecken mit einem Durchmesser von typischerweise 3-4 mm. Schwere Infektionen k\u00f6nnen zum Absterben der Bl\u00e4tter und zur Entlaubung f\u00fchren.<\/p>\n\n\n\n<p class=\"wp-block-paragraph\">Krankheitserreger: Verursacht durch den Pilz Septoria primulae.<\/p>\n\n\n\n<p class=\"wp-block-paragraph\">Krankheitszyklus: \u00dcberwintert als Myzelien oder Konidien auf erkrankten Pflanzenresten. Auch Samen k\u00f6nnen den Erreger \u00fcbertragen. Verbreitung vor allem durch Konidien aus dem Wind und Regenspritzer.<\/p>\n\n\n\n<p class=\"wp-block-paragraph\">Bedingungen: Beg\u00fcnstigt durch warmes, feuchtes Wetter und \u00fcberm\u00e4\u00dfige Stickstoffd\u00fcngung. Am st\u00e4rksten verbreitet von Juli bis Oktober.<\/p>\n\n\n\n<p class=\"wp-block-paragraph\">Kontrollma\u00dfnahmen:<\/p>\n\n\n\n<p class=\"wp-block-paragraph\">Z\u00fcchten Sie krankheitsresistente Sorten.<\/p>\n\n\n\n<p class=\"wp-block-paragraph\">Optimieren Sie das D\u00fcngemittel- und Wassermanagement:<\/p>\n\n\n\n<ul class=\"wp-block-list\">\n<li>Mehr organische D\u00fcngemittel ausbringen<\/li>\n\n\n\n<li>Phosphor- und Kaliumd\u00fcnger ausgleichen<\/li>\n\n\n\n<li>\u00dcberm\u00e4\u00dfige Stickstoffausbringung vermeiden<\/li>\n<\/ul>\n\n\n\n<p class=\"wp-block-paragraph\">Fungizide in fr\u00fchen Krankheitsstadien anwenden:<\/p>\n\n\n\n<ul class=\"wp-block-list\">\n<li>70% Methoxyacrylat (1:1000 Verd\u00fcnnung) + 75% Chlorthalonil WP (1:1000 Verd\u00fcnnung)<\/li>\n\n\n\n<li>Oder 1:1:100 Bordeaux-Mischung<\/li>\n<\/ul>\n\n\n\n<p class=\"wp-block-paragraph\">Praktizieren Sie eine Fruchtfolge mit Nicht-Wirtspflanzen.<\/p>\n\n\n\n<p class=\"wp-block-paragraph\">Achten Sie auf die richtigen Pflanzabst\u00e4nde f\u00fcr eine gute Luftzirkulation.<\/p>\n\n\n\n<h3 class=\"wp-block-heading\">Bakterielle Blattfleckenkrankheit<\/h3>\n\n\n\n<p class=\"wp-block-paragraph\">Symptome: Befall von Bl\u00e4ttern und Bl\u00fctenst\u00e4ngeln. Erste Symptome sind unregelm\u00e4\u00dfige, wassergetr\u00e4nkte Flecken entlang der Blattadern, die sich gelb bis braun verf\u00e4rben und vergr\u00f6\u00dfern. Schwere Infektionen k\u00f6nnen zum Austrocknen der Blattr\u00e4nder und zum Absterben f\u00fchren.<\/p>\n\n\n\n<p class=\"wp-block-paragraph\"><strong>Kontrollma\u00dfnahmen:<\/strong><\/p>\n\n\n\n<ol class=\"wp-block-list\">\n<li>Anwendung strenger Anbaumethoden.<\/li>\n\n\n\n<li>Verwenden Sie krankheitsfreie Setzlinge und desinfizieren Sie den Boden im Saatbeet.<\/li>\n\n\n\n<li>Sorgen Sie f\u00fcr eine rechtzeitige Bel\u00fcftung des Gew\u00e4chshauses, um die Feuchtigkeit zu reduzieren.<\/li>\n\n\n\n<li>Entfernen Sie kranke Pflanzenreste unverz\u00fcglich.<\/li>\n\n\n\n<li>Bei Auftreten der Krankheit Bakterizide anwenden:50% Kupferoxychlorid WP (1:500 Verd\u00fcnnung);oder 72% landwirtschaftliches Streptomycin WP (1:4000 Verd\u00fcnnung)<\/li>\n\n\n\n<li>Praktizieren Sie eine Fruchtfolge mit Nicht-Wirtspflanzen.<\/li>\n<\/ol>\n\n\n\n<ul class=\"wp-block-list\"><\/ul>\n\n\n\n<h3 class=\"wp-block-heading\">Eisenmangel Chlorose<\/h3>\n\n\n\n<p class=\"wp-block-paragraph\">Die Symptome: Die oberen jungen Bl\u00e4tter verlieren zuerst ihre gr\u00fcne Farbe, w\u00e4hrend die \u00e4lteren Bl\u00e4tter normal bleiben. Chlorotische Bl\u00e4tter zeigen gelbes Gewebe mit gr\u00fcnen Adern (interveinale Chlorose). Schwere F\u00e4lle k\u00f6nnen zu braunen Flecken auf den Blattspitzen oder zum Abfallen der Bl\u00e4tter f\u00fchren.<\/p>\n\n\n\n<p class=\"wp-block-paragraph\"><strong>Kontrollma\u00dfnahmen:<\/strong><\/p>\n\n\n\n<ol class=\"wp-block-list\">\n<li>Verwenden Sie f\u00fcr die Blumenerde eisenhaltigen Lehm.<\/li>\n\n\n\n<li>Mischen Sie Eisensulfat und Zinksulfat in organische D\u00fcngemittel, um die Wurzelentwicklung und die Eisenaufnahme zu f\u00f6rdern.<\/li>\n\n\n\n<li>Blattanwendung von 0,2-0,5% Eisensulfatl\u00f6sung bei Auftreten der Symptome.<\/li>\n\n\n\n<li>Erw\u00e4gen Sie die Verwendung von chelatierten Eisenprodukten f\u00fcr eine effizientere Aufnahme.<\/li>\n\n\n\n<li>Passen Sie den pH-Wert des Bodens an, um die Verf\u00fcgbarkeit von Eisen zu optimieren (idealer Bereich: 6,0-6,5).<\/li>\n<\/ol>\n\n\n\n<h3 class=\"wp-block-heading\">Braunfleckenkrankheit<\/h3>\n\n\n\n<p class=\"wp-block-paragraph\">Die Symptome: Bef\u00e4llt h\u00e4ufig Polyanthus-Primeln. Verursacht durch einen Ascomycota-Pilz. Auf den Bl\u00e4ttern erscheinen braune Flecken. Verbreitung durch Konidien, die durch Wind und Regen verbreitet werden.<\/p>\n\n\n\n<p class=\"wp-block-paragraph\"><strong>Kontrollma\u00dfnahmen:<\/strong><\/p>\n\n\n\n<ul class=\"wp-block-list\">\n<li>Anwendung von Fungiziden in fr\u00fchen Krankheitsstadien:70% Chlorthalonil WP (1:1000 Verd\u00fcnnung) oder andere geeignete Fungizide<\/li>\n\n\n\n<li>Verbessern Sie die Luftzirkulation durch geeignete Abst\u00e4nde und Beschneidung.<\/li>\n\n\n\n<li>Vermeiden Sie \u00dcberkopfbew\u00e4sserung, um die Blattn\u00e4sse zu reduzieren.<\/li>\n\n\n\n<li>Entfernen und vernichten Sie infiziertes Pflanzenmaterial.<\/li>\n\n\n\n<li>Praktizieren Sie eine Fruchtfolge mit Nicht-Wirtspflanzen.<\/li>\n<\/ul>\n\n\n\n<ol class=\"wp-block-list\"><\/ol>\n\n\n\n<h2 class=\"wp-block-heading\">VII. Wert und mehr<\/h2>\n\n\n\n<h3 class=\"wp-block-heading\">Der Nutzen und die Verwendung von Primeln<\/h3>\n\n\n\n<p class=\"wp-block-paragraph\"><strong>Medizinischer Wert:<\/strong><\/p>\n\n\n\n<ul class=\"wp-block-list\">\n<li>W\u00e4rmeableitende und feuchtigkeitstrocknende Eigenschaften<\/li>\n\n\n\n<li>Leber und Gallenblase entschlackende Wirkung<\/li>\n\n\n\n<li>H\u00e4mostatische (blutstillende) Eigenschaften<\/li>\n\n\n\n<li>Wirksam bei der Behandlung von fieberbedingten Kr\u00e4mpfen bei Kindern<\/li>\n\n\n\n<li>Therapeutikum bei akuter Gastroenteritis und Dysenterie<\/li>\n\n\n\n<li>Enth\u00e4lt bioaktive Verbindungen wie Flavonoide und Saponine mit potenziell entz\u00fcndungshemmenden und antioxidativen Eigenschaften<\/li>\n<\/ul>\n\n\n\n<p class=\"wp-block-paragraph\"><strong>\u00c4sthetischer Wert:<\/strong><\/p>\n\n\n\n<ul class=\"wp-block-list\">\n<li>Fr\u00fchbl\u00fcher, die die Ankunft des Fr\u00fchlings symbolisieren<\/li>\n\n\n\n<li>Vielf\u00e4ltige Farben und Formen, die sich f\u00fcr verschiedene Landschaftsgestaltungen eignen<\/li>\n\n\n\n<li>Hervorragend zur Aufhellung schattiger Gartenbereiche geeignet<\/li>\n\n\n\n<li>Vielseitiger Einsatz in K\u00fcbeln, Steing\u00e4rten und Waldgebieten<\/li>\n\n\n\n<li>Attraktiv f\u00fcr Best\u00e4uber, f\u00f6rdert die Artenvielfalt im Garten<\/li>\n<\/ul>\n\n\n\n<h3 class=\"wp-block-heading\">Pflanzenkultur<\/h3>\n\n\n\n<p class=\"wp-block-paragraph\">Blumensprache: Erste Liebe, Hoffnung, keine Reue<\/p>\n\n\n\n<p class=\"wp-block-paragraph\">Geschenkempf\u00e4nger: Freunde, Liebhaber, Lebensgef\u00e4hrten<\/p>\n\n\n\n<p class=\"wp-block-paragraph\">Etikette f\u00fcr Blumengeschenke:<\/p>\n\n\n\n<ul class=\"wp-block-list\">\n<li>Arrangieren Sie verschiedenfarbige, kleine Topfprimeln in einer hellen, gro\u00dfen, flachen Schale.<\/li>\n\n\n\n<li>Mit Zellophanpapier einwickeln<\/li>\n\n\n\n<li>Mit einem zu einer Kreuzschleife gebundenen Satinband verzieren<\/li>\n<\/ul>\n\n\n\n<p class=\"wp-block-paragraph\">Kulturelle Bedeutung:<\/p>\n\n\n\n<ul class=\"wp-block-list\">\n<li>Wird in vielen Kulturen mit Jugend und Neuanfang assoziiert<\/li>\n\n\n\n<li>In der Folklore und Literatur verschiedener europ\u00e4ischer Traditionen vorkommend<\/li>\n\n\n\n<li>Symbolisiert in einigen Regionen Schutz und Gl\u00fcck<\/li>\n\n\n\n<li>Verwendung in der traditionellen Medizin in verschiedenen Teilen der Welt<\/li>\n<\/ul>\n\n\n\n<p class=\"wp-block-paragraph\">Auswirkungen auf den Gartenbau:<\/p>\n\n\n\n<ul class=\"wp-block-list\">\n<li>Wichtig f\u00fcr die Entwicklung zahlreicher Gartenhybriden und Kultivare<\/li>\n\n\n\n<li>Beitrag zum Fortschritt der Pflanzenzuchttechniken<\/li>\n\n\n\n<li>Spielt eine Rolle bei den Bem\u00fchungen um die Erhaltung der Wildprimelarten<\/li>\n<\/ul>","protected":false},"excerpt":{"rendered":"<p>Primula malacoides, commonly known as the Fairy Primrose, Baby Primrose, or Tiered Primrose, is a delightful biennial herbaceous plant belonging to the Primulaceae family. This charming species is prized for its early spring blooms, diverse color palette, and extended flowering period, making it a valuable ornamental plant for gardens and greenhouses alike. I. Basic Introduction [&hellip;]<\/p>\n","protected":false},"author":1,"featured_media":11111,"comment_status":"open","ping_status":"open","sticky":false,"template":"","format":"standard","meta":{"_breakdance_hide_in_design_set":false,"_breakdance_tags":"","footnotes":""},"categories":[20],"tags":[],"class_list":["post-11073","post","type-post","status-publish","format-standard","has-post-thumbnail","hentry","category-species-and-types"],"_links":{"self":[{"href":"https:\/\/flowerslib.com\/de\/wp-json\/wp\/v2\/posts\/11073","targetHints":{"allow":["GET"]}}],"collection":[{"href":"https:\/\/flowerslib.com\/de\/wp-json\/wp\/v2\/posts"}],"about":[{"href":"https:\/\/flowerslib.com\/de\/wp-json\/wp\/v2\/types\/post"}],"author":[{"embeddable":true,"href":"https:\/\/flowerslib.com\/de\/wp-json\/wp\/v2\/users\/1"}],"replies":[{"embeddable":true,"href":"https:\/\/flowerslib.com\/de\/wp-json\/wp\/v2\/comments?post=11073"}],"version-history":[{"count":0,"href":"https:\/\/flowerslib.com\/de\/wp-json\/wp\/v2\/posts\/11073\/revisions"}],"wp:featuredmedia":[{"embeddable":true,"href":"https:\/\/flowerslib.com\/de\/wp-json\/wp\/v2\/media\/11111"}],"wp:attachment":[{"href":"https:\/\/flowerslib.com\/de\/wp-json\/wp\/v2\/media?parent=11073"}],"wp:term":[{"taxonomy":"category","embeddable":true,"href":"https:\/\/flowerslib.com\/de\/wp-json\/wp\/v2\/categories?post=11073"},{"taxonomy":"post_tag","embeddable":true,"href":"https:\/\/flowerslib.com\/de\/wp-json\/wp\/v2\/tags?post=11073"}],"curies":[{"name":"wp","href":"https:\/\/api.w.org\/{rel}","templated":true}]}}