{"id":10088,"date":"2023-09-18T17:34:31","date_gmt":"2023-09-18T09:34:31","guid":{"rendered":"https:\/\/flowerslib.com\/?p=10088"},"modified":"2023-09-18T17:34:33","modified_gmt":"2023-09-18T09:34:33","slug":"spanischer-lavendel","status":"publish","type":"post","link":"https:\/\/flowerslib.com\/de\/spanish-lavender\/","title":{"rendered":"Pflegeanleitung f\u00fcr spanischen Lavendel: Gedeihen mit diesem Edelstein aus der Familie der Minze"},"content":{"rendered":"<p class=\"wp-block-paragraph\">Spanischer Lavendel, ein halbk\u00e4ltetoleranter kleiner Strauch aus der Familie der Minzen, w\u00e4chst urspr\u00fcnglich in S\u00fcdspanien in H\u00f6henlagen von 1800 Metern. Er gedeiht in voller Sonne und ist unempfindlich gegen\u00fcber der intensiven Sommersonne. <\/p>\n\n\n\n<p class=\"wp-block-paragraph\">Diese lavendelfarbene Sorte hat eine purpurrote Blumenkrone und einen purpurbraunen Kelch. Sie bl\u00fcht von Februar bis Mai im Flachland und von April bis Oktober in den mittleren H\u00f6henlagen der Berge. <\/p>\n\n\n\n<p class=\"wp-block-paragraph\">Die einzigartig geformten Bl\u00fcten, die nach dem Verwelken von hartn\u00e4ckigen H\u00fcllbl\u00e4ttern umgeben sind, werden wegen ihres herrlichen Duftes und Aussehens oft zu Trockenblumen verarbeitet.<\/p>\n\n\n\n<h2 class=\"wp-block-heading\">I. Grundlegende Einf\u00fchrung<\/h2>\n\n\n\n<p class=\"wp-block-paragraph\">Der Spanische Lavendel ist ein halbk\u00e4ltetoleranter kleiner Strauch aus der Familie der Minzen. Er bl\u00fcht von Februar bis Mai in flachen Gebieten und von April bis Oktober in mittelhohen Bergregionen. <\/p>\n\n\n\n<p class=\"wp-block-paragraph\"><\/p>\n\n\n<div class=\"wp-block-image\">\n<figure class=\"aligncenter size-full\"><img loading=\"lazy\" decoding=\"async\" width=\"1200\" height=\"800\" src=\"https:\/\/flowerslib.com\/wp-content\/uploads\/2023\/09\/2-219.jpg\" alt=\"Spanischer Lavendel\" class=\"wp-image-12378\" srcset=\"https:\/\/flowerslib.com\/wp-content\/uploads\/2023\/09\/2-219.jpg 1200w, https:\/\/flowerslib.com\/wp-content\/uploads\/2023\/09\/2-219-600x400.jpg 600w, https:\/\/flowerslib.com\/wp-content\/uploads\/2023\/09\/2-219-768x512.jpg 768w, https:\/\/flowerslib.com\/wp-content\/uploads\/2023\/09\/2-219-240x160.jpg 240w\" sizes=\"auto, (max-width: 1200px) 100vw, 1200px\" \/><\/figure>\n<\/div>\n\n\n<p class=\"wp-block-paragraph\"><\/p>\n\n\n\n<p class=\"wp-block-paragraph\">Die Bl\u00fcten mit ihrer einzigartigen Form und den auch nach dem Verwelken noch vorhandenen H\u00fcllbl\u00e4ttern werden wegen ihres sch\u00f6nen Duftes und Aussehens oft zu Trockenblumen verarbeitet. Die Pflanze bevorzugt volle Sonne, auch bei intensiver Sommersonne. <\/p>\n\n\n\n<p class=\"wp-block-paragraph\">W\u00e4hrend der Wachstumsperiode leicht feucht halten, nur gie\u00dfen, wenn das Pflanzmaterial leicht trocken ist. Sie ist m\u00e4\u00dfig k\u00e4ltetolerant und bevorzugt Temperaturen zwischen 5\u2103 - 10\u2103.<\/p>\n\n\n\n<h2 class=\"wp-block-heading\">II. Wachstum und Verteilung<\/h2>\n\n\n\n<p class=\"wp-block-paragraph\">Nordwestliche Gebiete<\/p>\n\n\n\n<h2 class=\"wp-block-heading\">III. Merkmale und Eigenschaften<\/h2>\n\n\n\n<p class=\"wp-block-paragraph\">Spanischer Lavendel (Lavendula stoechas) Merkmale:<\/p>\n\n\n\n<p class=\"wp-block-paragraph\"><\/p>\n\n\n<div class=\"wp-block-image\">\n<figure class=\"aligncenter size-full\"><img loading=\"lazy\" decoding=\"async\" width=\"1200\" height=\"800\" src=\"https:\/\/flowerslib.com\/wp-content\/uploads\/2023\/09\/3-142.jpg\" alt=\"Spanischer Lavendel\" class=\"wp-image-12380\" srcset=\"https:\/\/flowerslib.com\/wp-content\/uploads\/2023\/09\/3-142.jpg 1200w, https:\/\/flowerslib.com\/wp-content\/uploads\/2023\/09\/3-142-600x400.jpg 600w, https:\/\/flowerslib.com\/wp-content\/uploads\/2023\/09\/3-142-768x512.jpg 768w, https:\/\/flowerslib.com\/wp-content\/uploads\/2023\/09\/3-142-240x160.jpg 240w\" sizes=\"auto, (max-width: 1200px) 100vw, 1200px\" \/><\/figure>\n<\/div>\n\n\n<p class=\"wp-block-paragraph\"><\/p>\n\n\n\n<ul class=\"wp-block-list\">\n<li>Ein halbk\u00e4ltetoleranter kleiner Strauch aus der Familie der Minze bl\u00fcht von Februar bis Mai in flachen Gebieten und von April bis Oktober in mittelhohen Bergregionen. Die Bl\u00fcten mit ihrer einzigartigen Form und den nach dem Verwelken noch vorhandenen H\u00fcllbl\u00e4ttern werden wegen ihres sch\u00f6nen Duftes und Aussehens oft zu Trockenblumen verarbeitet.<br><\/li>\n\n\n\n<li>Das Faszinierendste am Spanischen Lavendel, der kleine Hasenohren hat, sind seine Bl\u00fctenb\u00fcschel. Die pummelige Traube besteht aus sich \u00fcberlappenden, breiten H\u00fcllbl\u00e4ttern, die in der Mitte mit Flaum gef\u00fcllt sind. Die winzigen violett-schwarzen Bl\u00fcten, die aus den L\u00fccken hervorlugen, wirken eher sch\u00fcchtern.<br><\/li>\n\n\n\n<li>Ihr wichtigstes Merkmal sind die Hasenohren am Ende der Bl\u00fctentraube, ein spezielles Ergebnis der H\u00fcllbl\u00e4tter, die Insekten anlocken sollen. Je nach Sorte variieren die Farben in Blau, Violett, Pfirsichrot, Rosa, Wei\u00df und Farbverl\u00e4ufen. Die Gr\u00f6\u00dfe der H\u00fcllbl\u00e4tter kann je nach Klima, N\u00e4hrstoffsituation und Sorte variieren. Die H\u00fcllbl\u00e4tter verwandeln sich in niedliche Mini-H\u00e4schenohren, die sehr niedlich sind!<br><\/li>\n\n\n\n<li>Die Pflanze bevorzugt volle Sonne, auch bei intensiver Sommersonne. Halten Sie die Pflanze w\u00e4hrend der Wachstumsperiode leicht feucht, gie\u00dfen Sie nur, wenn das Pflanzmaterial leicht trocken ist. Sie hat eine m\u00e4\u00dfige K\u00e4ltetoleranz und bevorzugt Temperaturen zwischen 5\u2103 - 10\u2103.<\/li>\n<\/ul>\n\n\n\n<h2 class=\"wp-block-heading\">IV. Lebensgewohnheiten<\/h2>\n\n\n\n<p class=\"wp-block-paragraph\">Lichtliebende Pflanze<\/p>\n\n\n\n<p class=\"wp-block-paragraph\">Bevorzugt Licht, meidet hohe Temperaturen und Feuchtigkeit<\/p>\n\n\n\n<h2 class=\"wp-block-heading\">V. Wert und Sonstiges<\/h2>\n\n\n\n<h3 class=\"wp-block-heading\">Wichtigster Wert<\/h3>\n\n\n\n<p class=\"wp-block-paragraph\">Verwendung in der Landschaft: Fragrance, Blumenbeet<\/p>\n\n\n\n<p class=\"wp-block-paragraph\">Kommerzielle Verwendung: Herstellung \u00e4therischer \u00d6le, Badeduft<\/p>","protected":false},"excerpt":{"rendered":"<p>Spanish Lavender, a semi-cold-tolerant small shrub from the mint family, originally grows at elevations of 1800 meters in southern Spain. It thrives in full sun and is unaffected by the intense summer sunlight. This lavender variety has purple-red corolla and purple-brown calyx. It blooms from February to May in flat areas and from April to [&hellip;]<\/p>\n","protected":false},"author":1,"featured_media":12377,"comment_status":"open","ping_status":"open","sticky":false,"template":"","format":"standard","meta":{"_breakdance_hide_in_design_set":false,"_breakdance_tags":"","footnotes":""},"categories":[20],"tags":[],"class_list":["post-10088","post","type-post","status-publish","format-standard","has-post-thumbnail","hentry","category-species-and-types"],"_links":{"self":[{"href":"https:\/\/flowerslib.com\/de\/wp-json\/wp\/v2\/posts\/10088","targetHints":{"allow":["GET"]}}],"collection":[{"href":"https:\/\/flowerslib.com\/de\/wp-json\/wp\/v2\/posts"}],"about":[{"href":"https:\/\/flowerslib.com\/de\/wp-json\/wp\/v2\/types\/post"}],"author":[{"embeddable":true,"href":"https:\/\/flowerslib.com\/de\/wp-json\/wp\/v2\/users\/1"}],"replies":[{"embeddable":true,"href":"https:\/\/flowerslib.com\/de\/wp-json\/wp\/v2\/comments?post=10088"}],"version-history":[{"count":0,"href":"https:\/\/flowerslib.com\/de\/wp-json\/wp\/v2\/posts\/10088\/revisions"}],"wp:featuredmedia":[{"embeddable":true,"href":"https:\/\/flowerslib.com\/de\/wp-json\/wp\/v2\/media\/12377"}],"wp:attachment":[{"href":"https:\/\/flowerslib.com\/de\/wp-json\/wp\/v2\/media?parent=10088"}],"wp:term":[{"taxonomy":"category","embeddable":true,"href":"https:\/\/flowerslib.com\/de\/wp-json\/wp\/v2\/categories?post=10088"},{"taxonomy":"post_tag","embeddable":true,"href":"https:\/\/flowerslib.com\/de\/wp-json\/wp\/v2\/tags?post=10088"}],"curies":[{"name":"wp","href":"https:\/\/api.w.org\/{rel}","templated":true}]}}